{"id":983,"date":"2024-10-31T14:41:28","date_gmt":"2024-10-31T17:41:28","guid":{"rendered":"https:\/\/web.consaguirre.com.ar\/noticias\/the-weeknd-comparte-video-surrealista-de-sao-paulo-con-anitta\/"},"modified":"2024-10-31T14:41:30","modified_gmt":"2024-10-31T17:41:30","slug":"the-weeknd-comparte-video-surrealista-de-sao-paulo-con-anitta","status":"publish","type":"post","link":"https:\/\/web.consaguirre.com.ar\/noticias\/the-weeknd-comparte-video-surrealista-de-sao-paulo-con-anitta\/","title":{"rendered":"The Weeknd comparte video surrealista de &#8216;S\u00e3o Paulo&#8217; con Anitta"},"content":{"rendered":"<p>Es la \u00e9poca m\u00e1s espeluznante del a\u00f1o y <strong>el fin de semana<\/strong> est\u00e1 celebrando con un nuevo v\u00eddeo que nunca dejar\u00e1s de ver. El video surrealista acompa\u00f1a su nuevo tema, \u201cS\u00e3o Paulo\u201d con la superestrella brasile\u00f1a <strong>anitta<\/strong>.<\/p>\n<div class=\"uD-YT-container\"><img decoding=\"async\" src=\"https:\/\/web.consaguirre.com.ar\/noticias\/wp-content\/uploads\/2024\/10\/1730396488_682_The-Weeknd-comparte-video-surrealista-de-Sao-Paulo-con-Anitta.jpg\" alt=\"V\u00eddeo de YouTube\"><br \/>Haga clic para cargar v\u00eddeo<\/div>\n<p>El v\u00eddeo comienza con una Anitta embarazada, inquietantemente enmascarada, pavone\u00e1ndose por la calle. Cuando parece ponerse de parto, en lugar de un beb\u00e9, vemos la boca de The Weeknd crecer hasta su est\u00f3mago, mientras procede a cantar la canci\u00f3n. El v\u00eddeo fue dirigido por FREEKA y coreografiado por Monica Mirabile.<\/p>\n<p>Anitta se burl\u00f3 del tema del video con una ecograf\u00eda extra\u00f1a y falsa en las redes sociales. &#8220;\u00bfNo es hermoso?&#8221; \u2014le pregunt\u00f3 a la criatura con cola y muchos dientes de la foto.<\/p>\n<p>The Weeknd y Anitta interpretaron \u201cS\u00e3o Paulo\u201d por primera vez en el concierto de una sola noche del cantante en la ciudad brasile\u00f1a del mismo nombre. Ese concierto se transmiti\u00f3 a millones de personas en YouTube, y las ganancias de la mercanc\u00eda del evento beneficiaron al Fondo Brasile\u00f1o del Alma de la Fundaci\u00f3n Brasil, que apoya a las comunidades que enfrentan desaf\u00edos naturales y econ\u00f3micos en Brasil.<\/p>\n<p>\u201cS\u00e3o Paulo\u201d es el \u00faltimo sencillo de su pr\u00f3ximo \u00e1lbum <em>Date prisa ma\u00f1ana<\/em>descrita como la tercera entrega de la trilog\u00eda que incluye sus discos <em>Fuera de horas<\/em> y <em>Amanecer FM<\/em>.<\/p>\n<p>Anteriormente comparti\u00f3 dos sencillos, \u201cDancing in the Flames\u201d y \u201cTimeless\u201d con Playboi Carti, del \u00e1lbum.<\/p>\n<p>The Weeknd super\u00f3 recientemente su propio r\u00e9cord como el artista con mayor n\u00famero de oyentes mensuales en Spotify, con m\u00e1s de 120 millones de oyentes mensuales. En junio, fue noticia cuando recibi\u00f3 su s\u00e9ptimo sencillo con certificaci\u00f3n Diamante, lo que lo convirti\u00f3 en el primer artista canadiense en obtener siete certificaciones de diamantes de la RIAA y el tercer artista en general en obtener siete certificaciones de diamantes de la RIAA.<\/p>\n<p>Adem\u00e1s de las nuevas incorporaciones de &#8220;Save Your Tears&#8221; y &#8220;Die For You&#8221;, los sencillos platino de The Weeknd incluyen &#8220;Earned It&#8221;, &#8220;Blinding Lights&#8221;, &#8220;Can&#8217;t Feel My Face&#8221;, &#8220;The Hills&#8221; y &#8220;Starboy&#8221;. los dos \u00faltimos han sido certificados como 11 veces platino.<\/p><\/p>\n","protected":false},"excerpt":{"rendered":"<p>Es la \u00e9poca m\u00e1s espeluznante del a\u00f1o y el fin de semana est\u00e1 celebrando con un nuevo v\u00eddeo que nunca dejar\u00e1s de ver. El video<\/p>\n","protected":false},"author":1,"featured_media":984,"comment_status":"closed","ping_status":"","sticky":false,"template":"","format":"standard","meta":{"footnotes":""},"categories":[50],"tags":[1127,201,32,1126,1125,1124,202,664],"class_list":["post-983","post","type-post","status-publish","format-standard","has-post-thumbnail","hentry","category-el-ultimo","tag-anitta","tag-comparte","tag-con","tag-paulo","tag-sao","tag-surrealista","tag-video","tag-weeknd","generate-columns","tablet-grid-50","mobile-grid-100","grid-parent","grid-50"],"yoast_head":"<!-- This site is optimized with the Yoast SEO plugin v23.3 - https:\/\/yoast.com\/wordpress\/plugins\/seo\/ -->\n<title>The Weeknd comparte video surrealista de &#039;S\u00e3o Paulo&#039; con Anitta<\/title>\n<meta name=\"robots\" content=\"index, follow, max-snippet:-1, max-image-preview:large, max-video-preview:-1\" \/>\n<link rel=\"canonical\" href=\"https:\/\/web.consaguirre.com.ar\/noticias\/the-weeknd-comparte-video-surrealista-de-sao-paulo-con-anitta\/\" \/>\n<meta property=\"og:locale\" content=\"es_ES\" \/>\n<meta property=\"og:type\" content=\"article\" \/>\n<meta property=\"og:title\" content=\"The Weeknd comparte video surrealista de &#039;S\u00e3o Paulo&#039; con Anitta\" \/>\n<meta property=\"og:description\" content=\"Es la \u00e9poca m\u00e1s espeluznante del a\u00f1o y el fin de semana est\u00e1 celebrando con un nuevo v\u00eddeo que nunca dejar\u00e1s de ver. El video\" \/>\n<meta property=\"og:url\" content=\"https:\/\/web.consaguirre.com.ar\/noticias\/the-weeknd-comparte-video-surrealista-de-sao-paulo-con-anitta\/\" \/>\n<meta property=\"og:site_name\" content=\"Conservatorio de M\u00fasica Juli\u00e1n Aguirre\" \/>\n<meta property=\"article:published_time\" content=\"2024-10-31T17:41:28+00:00\" \/>\n<meta property=\"article:modified_time\" content=\"2024-10-31T17:41:30+00:00\" \/>\n<meta property=\"og:image\" content=\"https:\/\/web.consaguirre.com.ar\/noticias\/wp-content\/uploads\/2024\/10\/1730396489_The-Weeknd-comparte-video-surrealista-de-Sao-Paulo-con-Anitta.jpg\" \/>\n\t<meta property=\"og:image:width\" content=\"1440\" \/>\n\t<meta property=\"og:image:height\" content=\"864\" \/>\n\t<meta property=\"og:image:type\" content=\"image\/jpeg\" \/>\n<meta name=\"author\" content=\"Javier Figueroa\" \/>\n<meta name=\"twitter:card\" content=\"summary_large_image\" \/>\n<meta name=\"twitter:label1\" content=\"Escrito por\" \/>\n\t<meta name=\"twitter:data1\" content=\"Javier Figueroa\" \/>\n\t<meta name=\"twitter:label2\" content=\"Tiempo de lectura\" \/>\n\t<meta name=\"twitter:data2\" content=\"2 minutos\" \/>\n<script type=\"application\/ld+json\" class=\"yoast-schema-graph\">{\"@context\":\"https:\/\/schema.org\",\"@graph\":[{\"@type\":\"Article\",\"@id\":\"https:\/\/web.consaguirre.com.ar\/noticias\/the-weeknd-comparte-video-surrealista-de-sao-paulo-con-anitta\/#article\",\"isPartOf\":{\"@id\":\"https:\/\/web.consaguirre.com.ar\/noticias\/the-weeknd-comparte-video-surrealista-de-sao-paulo-con-anitta\/\"},\"author\":{\"name\":\"Javier Figueroa\",\"@id\":\"https:\/\/web.consaguirre.com.ar\/noticias\/#\/schema\/person\/6558b0cfedee7ddc5425602b237d5722\"},\"headline\":\"The Weeknd comparte video surrealista de &#8216;S\u00e3o Paulo&#8217; con Anitta\",\"datePublished\":\"2024-10-31T17:41:28+00:00\",\"dateModified\":\"2024-10-31T17:41:30+00:00\",\"mainEntityOfPage\":{\"@id\":\"https:\/\/web.consaguirre.com.ar\/noticias\/the-weeknd-comparte-video-surrealista-de-sao-paulo-con-anitta\/\"},\"wordCount\":392,\"publisher\":{\"@id\":\"https:\/\/web.consaguirre.com.ar\/noticias\/#organization\"},\"image\":{\"@id\":\"https:\/\/web.consaguirre.com.ar\/noticias\/the-weeknd-comparte-video-surrealista-de-sao-paulo-con-anitta\/#primaryimage\"},\"thumbnailUrl\":\"https:\/\/web.consaguirre.com.ar\/noticias\/wp-content\/uploads\/2024\/10\/1730396489_The-Weeknd-comparte-video-surrealista-de-Sao-Paulo-con-Anitta.jpg\",\"keywords\":[\"Anitta\",\"comparte\",\"con\",\"Paulo\",\"S\u00e3o\",\"surrealista\",\"v\u00eddeo\",\"Weeknd\"],\"articleSection\":[\"El \u00faltimo\"],\"inLanguage\":\"es-AR\"},{\"@type\":\"WebPage\",\"@id\":\"https:\/\/web.consaguirre.com.ar\/noticias\/the-weeknd-comparte-video-surrealista-de-sao-paulo-con-anitta\/\",\"url\":\"https:\/\/web.consaguirre.com.ar\/noticias\/the-weeknd-comparte-video-surrealista-de-sao-paulo-con-anitta\/\",\"name\":\"The Weeknd comparte video surrealista de 'S\u00e3o Paulo' con Anitta\",\"isPartOf\":{\"@id\":\"https:\/\/web.consaguirre.com.ar\/noticias\/#website\"},\"primaryImageOfPage\":{\"@id\":\"https:\/\/web.consaguirre.com.ar\/noticias\/the-weeknd-comparte-video-surrealista-de-sao-paulo-con-anitta\/#primaryimage\"},\"image\":{\"@id\":\"https:\/\/web.consaguirre.com.ar\/noticias\/the-weeknd-comparte-video-surrealista-de-sao-paulo-con-anitta\/#primaryimage\"},\"thumbnailUrl\":\"https:\/\/web.consaguirre.com.ar\/noticias\/wp-content\/uploads\/2024\/10\/1730396489_The-Weeknd-comparte-video-surrealista-de-Sao-Paulo-con-Anitta.jpg\",\"datePublished\":\"2024-10-31T17:41:28+00:00\",\"dateModified\":\"2024-10-31T17:41:30+00:00\",\"breadcrumb\":{\"@id\":\"https:\/\/web.consaguirre.com.ar\/noticias\/the-weeknd-comparte-video-surrealista-de-sao-paulo-con-anitta\/#breadcrumb\"},\"inLanguage\":\"es-AR\",\"potentialAction\":[{\"@type\":\"ReadAction\",\"target\":[\"https:\/\/web.consaguirre.com.ar\/noticias\/the-weeknd-comparte-video-surrealista-de-sao-paulo-con-anitta\/\"]}]},{\"@type\":\"ImageObject\",\"inLanguage\":\"es-AR\",\"@id\":\"https:\/\/web.consaguirre.com.ar\/noticias\/the-weeknd-comparte-video-surrealista-de-sao-paulo-con-anitta\/#primaryimage\",\"url\":\"https:\/\/web.consaguirre.com.ar\/noticias\/wp-content\/uploads\/2024\/10\/1730396489_The-Weeknd-comparte-video-surrealista-de-Sao-Paulo-con-Anitta.jpg\",\"contentUrl\":\"https:\/\/web.consaguirre.com.ar\/noticias\/wp-content\/uploads\/2024\/10\/1730396489_The-Weeknd-comparte-video-surrealista-de-Sao-Paulo-con-Anitta.jpg\",\"width\":1440,\"height\":864,\"caption\":\"The Weeknd - Courtesy of Republic Records\"},{\"@type\":\"BreadcrumbList\",\"@id\":\"https:\/\/web.consaguirre.com.ar\/noticias\/the-weeknd-comparte-video-surrealista-de-sao-paulo-con-anitta\/#breadcrumb\",\"itemListElement\":[{\"@type\":\"ListItem\",\"position\":1,\"name\":\"Inicio\",\"item\":\"https:\/\/web.consaguirre.com.ar\/noticias\/\"},{\"@type\":\"ListItem\",\"position\":2,\"name\":\"The Weeknd comparte video surrealista de &#8216;S\u00e3o Paulo&#8217; con Anitta\"}]},{\"@type\":\"WebSite\",\"@id\":\"https:\/\/web.consaguirre.com.ar\/noticias\/#website\",\"url\":\"https:\/\/web.consaguirre.com.ar\/noticias\/\",\"name\":\"Conservatorio de M\u00fasica Juli\u00e1n Aguirre\",\"description\":\"\",\"publisher\":{\"@id\":\"https:\/\/web.consaguirre.com.ar\/noticias\/#organization\"},\"potentialAction\":[{\"@type\":\"SearchAction\",\"target\":{\"@type\":\"EntryPoint\",\"urlTemplate\":\"https:\/\/web.consaguirre.com.ar\/noticias\/?s={search_term_string}\"},\"query-input\":\"required name=search_term_string\"}],\"inLanguage\":\"es-AR\"},{\"@type\":\"Organization\",\"@id\":\"https:\/\/web.consaguirre.com.ar\/noticias\/#organization\",\"name\":\"Conservatorio de M\u00fasica Juli\u00e1n Aguirre\",\"url\":\"https:\/\/web.consaguirre.com.ar\/noticias\/\",\"logo\":{\"@type\":\"ImageObject\",\"inLanguage\":\"es-AR\",\"@id\":\"https:\/\/web.consaguirre.com.ar\/noticias\/#\/schema\/logo\/image\/\",\"url\":\"https:\/\/web.consaguirre.com.ar\/noticias\/wp-content\/uploads\/2024\/08\/Banner-Aguirre-23.jpg\",\"contentUrl\":\"https:\/\/web.consaguirre.com.ar\/noticias\/wp-content\/uploads\/2024\/08\/Banner-Aguirre-23.jpg\",\"width\":1192,\"height\":600,\"caption\":\"Conservatorio de M\u00fasica Juli\u00e1n Aguirre\"},\"image\":{\"@id\":\"https:\/\/web.consaguirre.com.ar\/noticias\/#\/schema\/logo\/image\/\"}},{\"@type\":\"Person\",\"@id\":\"https:\/\/web.consaguirre.com.ar\/noticias\/#\/schema\/person\/6558b0cfedee7ddc5425602b237d5722\",\"name\":\"Javier Figueroa\",\"image\":{\"@type\":\"ImageObject\",\"inLanguage\":\"es-AR\",\"@id\":\"https:\/\/web.consaguirre.com.ar\/noticias\/#\/schema\/person\/image\/\",\"url\":\"https:\/\/web.consaguirre.com.ar\/noticias\/wp-content\/uploads\/2024\/08\/Consaguirre-scaled.jpg\",\"contentUrl\":\"https:\/\/web.consaguirre.com.ar\/noticias\/wp-content\/uploads\/2024\/08\/Consaguirre-scaled.jpg\",\"caption\":\"Javier Figueroa\"},\"description\":\"Me llamo Javier Figueroa y soy redactor para el sitio oficial del Conservatorio de M\u00fasica Juli\u00e1n Aguirre en Buenos Aires, consaguirre.com. Apasionado por la m\u00fasica y la escritura, me esfuerzo por destacar los talentos y eventos de nuestra prestigiosa instituci\u00f3n. Mi trayectoria se nutre de una profunda admiraci\u00f3n por los artistas, haciendo de cada art\u00edculo una celebraci\u00f3n de la creatividad y la cultura musical.\",\"sameAs\":[\"https:\/\/web.consaguirre.com.ar\/noticias\"]}]}<\/script>\n<!-- \/ Yoast SEO plugin. -->","yoast_head_json":{"title":"The Weeknd comparte video surrealista de 'S\u00e3o Paulo' con Anitta","robots":{"index":"index","follow":"follow","max-snippet":"max-snippet:-1","max-image-preview":"max-image-preview:large","max-video-preview":"max-video-preview:-1"},"canonical":"https:\/\/web.consaguirre.com.ar\/noticias\/the-weeknd-comparte-video-surrealista-de-sao-paulo-con-anitta\/","og_locale":"es_ES","og_type":"article","og_title":"The Weeknd comparte video surrealista de 'S\u00e3o Paulo' con Anitta","og_description":"Es la \u00e9poca m\u00e1s espeluznante del a\u00f1o y el fin de semana est\u00e1 celebrando con un nuevo v\u00eddeo que nunca dejar\u00e1s de ver. El video","og_url":"https:\/\/web.consaguirre.com.ar\/noticias\/the-weeknd-comparte-video-surrealista-de-sao-paulo-con-anitta\/","og_site_name":"Conservatorio de M\u00fasica Juli\u00e1n Aguirre","article_published_time":"2024-10-31T17:41:28+00:00","article_modified_time":"2024-10-31T17:41:30+00:00","og_image":[{"width":1440,"height":864,"url":"https:\/\/web.consaguirre.com.ar\/noticias\/wp-content\/uploads\/2024\/10\/1730396489_The-Weeknd-comparte-video-surrealista-de-Sao-Paulo-con-Anitta.jpg","type":"image\/jpeg"}],"author":"Javier Figueroa","twitter_card":"summary_large_image","twitter_misc":{"Escrito por":"Javier Figueroa","Tiempo de lectura":"2 minutos"},"schema":{"@context":"https:\/\/schema.org","@graph":[{"@type":"Article","@id":"https:\/\/web.consaguirre.com.ar\/noticias\/the-weeknd-comparte-video-surrealista-de-sao-paulo-con-anitta\/#article","isPartOf":{"@id":"https:\/\/web.consaguirre.com.ar\/noticias\/the-weeknd-comparte-video-surrealista-de-sao-paulo-con-anitta\/"},"author":{"name":"Javier Figueroa","@id":"https:\/\/web.consaguirre.com.ar\/noticias\/#\/schema\/person\/6558b0cfedee7ddc5425602b237d5722"},"headline":"The Weeknd comparte video surrealista de &#8216;S\u00e3o Paulo&#8217; con Anitta","datePublished":"2024-10-31T17:41:28+00:00","dateModified":"2024-10-31T17:41:30+00:00","mainEntityOfPage":{"@id":"https:\/\/web.consaguirre.com.ar\/noticias\/the-weeknd-comparte-video-surrealista-de-sao-paulo-con-anitta\/"},"wordCount":392,"publisher":{"@id":"https:\/\/web.consaguirre.com.ar\/noticias\/#organization"},"image":{"@id":"https:\/\/web.consaguirre.com.ar\/noticias\/the-weeknd-comparte-video-surrealista-de-sao-paulo-con-anitta\/#primaryimage"},"thumbnailUrl":"https:\/\/web.consaguirre.com.ar\/noticias\/wp-content\/uploads\/2024\/10\/1730396489_The-Weeknd-comparte-video-surrealista-de-Sao-Paulo-con-Anitta.jpg","keywords":["Anitta","comparte","con","Paulo","S\u00e3o","surrealista","v\u00eddeo","Weeknd"],"articleSection":["El \u00faltimo"],"inLanguage":"es-AR"},{"@type":"WebPage","@id":"https:\/\/web.consaguirre.com.ar\/noticias\/the-weeknd-comparte-video-surrealista-de-sao-paulo-con-anitta\/","url":"https:\/\/web.consaguirre.com.ar\/noticias\/the-weeknd-comparte-video-surrealista-de-sao-paulo-con-anitta\/","name":"The Weeknd comparte video surrealista de 'S\u00e3o Paulo' con Anitta","isPartOf":{"@id":"https:\/\/web.consaguirre.com.ar\/noticias\/#website"},"primaryImageOfPage":{"@id":"https:\/\/web.consaguirre.com.ar\/noticias\/the-weeknd-comparte-video-surrealista-de-sao-paulo-con-anitta\/#primaryimage"},"image":{"@id":"https:\/\/web.consaguirre.com.ar\/noticias\/the-weeknd-comparte-video-surrealista-de-sao-paulo-con-anitta\/#primaryimage"},"thumbnailUrl":"https:\/\/web.consaguirre.com.ar\/noticias\/wp-content\/uploads\/2024\/10\/1730396489_The-Weeknd-comparte-video-surrealista-de-Sao-Paulo-con-Anitta.jpg","datePublished":"2024-10-31T17:41:28+00:00","dateModified":"2024-10-31T17:41:30+00:00","breadcrumb":{"@id":"https:\/\/web.consaguirre.com.ar\/noticias\/the-weeknd-comparte-video-surrealista-de-sao-paulo-con-anitta\/#breadcrumb"},"inLanguage":"es-AR","potentialAction":[{"@type":"ReadAction","target":["https:\/\/web.consaguirre.com.ar\/noticias\/the-weeknd-comparte-video-surrealista-de-sao-paulo-con-anitta\/"]}]},{"@type":"ImageObject","inLanguage":"es-AR","@id":"https:\/\/web.consaguirre.com.ar\/noticias\/the-weeknd-comparte-video-surrealista-de-sao-paulo-con-anitta\/#primaryimage","url":"https:\/\/web.consaguirre.com.ar\/noticias\/wp-content\/uploads\/2024\/10\/1730396489_The-Weeknd-comparte-video-surrealista-de-Sao-Paulo-con-Anitta.jpg","contentUrl":"https:\/\/web.consaguirre.com.ar\/noticias\/wp-content\/uploads\/2024\/10\/1730396489_The-Weeknd-comparte-video-surrealista-de-Sao-Paulo-con-Anitta.jpg","width":1440,"height":864,"caption":"The Weeknd - Courtesy of Republic Records"},{"@type":"BreadcrumbList","@id":"https:\/\/web.consaguirre.com.ar\/noticias\/the-weeknd-comparte-video-surrealista-de-sao-paulo-con-anitta\/#breadcrumb","itemListElement":[{"@type":"ListItem","position":1,"name":"Inicio","item":"https:\/\/web.consaguirre.com.ar\/noticias\/"},{"@type":"ListItem","position":2,"name":"The Weeknd comparte video surrealista de &#8216;S\u00e3o Paulo&#8217; con Anitta"}]},{"@type":"WebSite","@id":"https:\/\/web.consaguirre.com.ar\/noticias\/#website","url":"https:\/\/web.consaguirre.com.ar\/noticias\/","name":"Conservatorio de M\u00fasica Juli\u00e1n Aguirre","description":"","publisher":{"@id":"https:\/\/web.consaguirre.com.ar\/noticias\/#organization"},"potentialAction":[{"@type":"SearchAction","target":{"@type":"EntryPoint","urlTemplate":"https:\/\/web.consaguirre.com.ar\/noticias\/?s={search_term_string}"},"query-input":"required name=search_term_string"}],"inLanguage":"es-AR"},{"@type":"Organization","@id":"https:\/\/web.consaguirre.com.ar\/noticias\/#organization","name":"Conservatorio de M\u00fasica Juli\u00e1n Aguirre","url":"https:\/\/web.consaguirre.com.ar\/noticias\/","logo":{"@type":"ImageObject","inLanguage":"es-AR","@id":"https:\/\/web.consaguirre.com.ar\/noticias\/#\/schema\/logo\/image\/","url":"https:\/\/web.consaguirre.com.ar\/noticias\/wp-content\/uploads\/2024\/08\/Banner-Aguirre-23.jpg","contentUrl":"https:\/\/web.consaguirre.com.ar\/noticias\/wp-content\/uploads\/2024\/08\/Banner-Aguirre-23.jpg","width":1192,"height":600,"caption":"Conservatorio de M\u00fasica Juli\u00e1n Aguirre"},"image":{"@id":"https:\/\/web.consaguirre.com.ar\/noticias\/#\/schema\/logo\/image\/"}},{"@type":"Person","@id":"https:\/\/web.consaguirre.com.ar\/noticias\/#\/schema\/person\/6558b0cfedee7ddc5425602b237d5722","name":"Javier Figueroa","image":{"@type":"ImageObject","inLanguage":"es-AR","@id":"https:\/\/web.consaguirre.com.ar\/noticias\/#\/schema\/person\/image\/","url":"https:\/\/web.consaguirre.com.ar\/noticias\/wp-content\/uploads\/2024\/08\/Consaguirre-scaled.jpg","contentUrl":"https:\/\/web.consaguirre.com.ar\/noticias\/wp-content\/uploads\/2024\/08\/Consaguirre-scaled.jpg","caption":"Javier Figueroa"},"description":"Me llamo Javier Figueroa y soy redactor para el sitio oficial del Conservatorio de M\u00fasica Juli\u00e1n Aguirre en Buenos Aires, consaguirre.com. Apasionado por la m\u00fasica y la escritura, me esfuerzo por destacar los talentos y eventos de nuestra prestigiosa instituci\u00f3n. Mi trayectoria se nutre de una profunda admiraci\u00f3n por los artistas, haciendo de cada art\u00edculo una celebraci\u00f3n de la creatividad y la cultura musical.","sameAs":["https:\/\/web.consaguirre.com.ar\/noticias"]}]}},"_links":{"self":[{"href":"https:\/\/web.consaguirre.com.ar\/noticias\/wp-json\/wp\/v2\/posts\/983"}],"collection":[{"href":"https:\/\/web.consaguirre.com.ar\/noticias\/wp-json\/wp\/v2\/posts"}],"about":[{"href":"https:\/\/web.consaguirre.com.ar\/noticias\/wp-json\/wp\/v2\/types\/post"}],"author":[{"embeddable":true,"href":"https:\/\/web.consaguirre.com.ar\/noticias\/wp-json\/wp\/v2\/users\/1"}],"replies":[{"embeddable":true,"href":"https:\/\/web.consaguirre.com.ar\/noticias\/wp-json\/wp\/v2\/comments?post=983"}],"version-history":[{"count":1,"href":"https:\/\/web.consaguirre.com.ar\/noticias\/wp-json\/wp\/v2\/posts\/983\/revisions"}],"predecessor-version":[{"id":985,"href":"https:\/\/web.consaguirre.com.ar\/noticias\/wp-json\/wp\/v2\/posts\/983\/revisions\/985"}],"wp:featuredmedia":[{"embeddable":true,"href":"https:\/\/web.consaguirre.com.ar\/noticias\/wp-json\/wp\/v2\/media\/984"}],"wp:attachment":[{"href":"https:\/\/web.consaguirre.com.ar\/noticias\/wp-json\/wp\/v2\/media?parent=983"}],"wp:term":[{"taxonomy":"category","embeddable":true,"href":"https:\/\/web.consaguirre.com.ar\/noticias\/wp-json\/wp\/v2\/categories?post=983"},{"taxonomy":"post_tag","embeddable":true,"href":"https:\/\/web.consaguirre.com.ar\/noticias\/wp-json\/wp\/v2\/tags?post=983"}],"curies":[{"name":"wp","href":"https:\/\/api.w.org\/{rel}","templated":true}]}}