{"id":980,"date":"2024-10-30T14:39:19","date_gmt":"2024-10-30T17:39:19","guid":{"rendered":"https:\/\/web.consaguirre.com.ar\/noticias\/mira-un-nuevo-corto-sobre-la-magia-del-canto-en-vivo-en-wicked\/"},"modified":"2024-10-30T14:39:20","modified_gmt":"2024-10-30T17:39:20","slug":"mira-un-nuevo-corto-sobre-la-magia-del-canto-en-vivo-en-wicked","status":"publish","type":"post","link":"https:\/\/web.consaguirre.com.ar\/noticias\/mira-un-nuevo-corto-sobre-la-magia-del-canto-en-vivo-en-wicked\/","title":{"rendered":"Mira un nuevo corto sobre la magia del canto en vivo en &#8216;Wicked&#8217;"},"content":{"rendered":"<p>con el nuevo <strong><em>Malvado<\/em><\/strong>  pel\u00edcula que llegar\u00e1 a los cines el 22 de noviembre, se lanz\u00f3 un nuevo clip que analiza todo el canto en vivo que ocurre en la pel\u00edcula por parte de las estrellas Cynthia Erivo y <strong>Ariana Grande<\/strong>.<\/p>\n<p>En el clip, el director Jon M. Chu (<em>Asi\u00e1ticos ricos locos<\/em>) y (<em>en las alturas<\/em>), dirige.<\/p>\n<p>explica: &#8220;Sabes, cuando llegamos a esta pel\u00edcula, no est\u00e1bamos seguros de cu\u00e1nto \u00edbamos a hacer en vivo o no&#8221;.<\/p>\n<p>Luego habl\u00f3 sobre las estrellas de la pel\u00edcula y dijo: &#8220;Pero son los mejores cantantes del mundo y por eso han cantado en vivo en cada escena&#8221;.<\/p>\n<p>Erivo explic\u00f3: \u201cElegimos cantar en vivo porque significaba que estar\u00edamos m\u00e1s conectados con las palabras que dec\u00edamos y entre nosotros\u201d.<\/p>\n<p>Grande agreg\u00f3: \u201cFue una obviedad inmediata para Cynthia y para m\u00ed. Ambos dijimos: &#8216;Bueno, por supuesto que cantaremos en vivo&#8217;\u201d.<\/p>\n<p>Mira el minidocumental completo a continuaci\u00f3n.<\/p>\n<div class=\"uD-YT-container\">httpv:\/\/youtu.be\/watch?v=?rel=0<\/div>\n<p><strong>La pr\u00f3xima banda sonora de la pel\u00edcula-musical estar\u00e1 disponible oficialmente el 2 de noviembre.<\/strong>2, el d\u00eda en que la pel\u00edcula se estrenar\u00e1 en los cines. La banda sonora ya est\u00e1 disponible para pedidos anticipados y estar\u00e1 disponible en CD, vinilo doble, disco de doble imagen y digital.<\/p>\n<p>Basado en la novela de 1996 y el musical de 2003, <em>Malvado<\/em> sigue las historias de dos brujas de la novela de L. Frank Baum y la famosa adaptaci\u00f3n cinematogr\u00e1fica de 1939 de, <em>El mago de Oz<\/em>. Ariana Grande interpreta a Glinda (la Bruja Buena), que era amiga adolescente de Elphaba, la mujer incomprendida que pasar\u00eda a ser conocida como la Bruja Malvada del Oeste, interpretada aqu\u00ed por Cynthia Erivo. <em>Bridgerton<\/em>de Jonathan Bailey, la ganadora del Oscar Michelle Yeoh y <em>Game of Thrones<\/em> El alumno Peter Dinklage completa el reparto. Jeff Goldblum tambi\u00e9n aparece como El Mago.<\/p>\n<p>En particular, tanto la pel\u00edcula como la banda sonora cubren el primer acto del espect\u00e1culo de Broadway y terminan con el espectacular \u201cDefying Gravity\u201d. Todas las canciones del primer acto del musical est\u00e1n aqu\u00ed, incluida la presentaci\u00f3n vocal \u201cThe Wizard And I\u201d y el divertido solo de Grande \u201cPopular\u201d. <em>Malvado: Segunda parte<\/em> se lanzar\u00e1 en 2025.<\/p>\n","protected":false},"excerpt":{"rendered":"<p>con el nuevo Malvado pel\u00edcula que llegar\u00e1 a los cines el 22 de noviembre, se lanz\u00f3 un nuevo clip que analiza todo el canto en<\/p>\n","protected":false},"author":1,"featured_media":981,"comment_status":"closed","ping_status":"","sticky":false,"template":"","format":"standard","meta":{"footnotes":""},"categories":[50],"tags":[1123,1121,10,1122,77,146,156,59,926],"class_list":["post-980","post","type-post","status-publish","format-standard","has-post-thumbnail","hentry","category-el-ultimo","tag-canto","tag-corto","tag-del","tag-magia","tag-mira","tag-nuevo","tag-sobre","tag-vivo","tag-wicked","generate-columns","tablet-grid-50","mobile-grid-100","grid-parent","grid-50"],"yoast_head":"<!-- This site is optimized with the Yoast SEO plugin v23.3 - https:\/\/yoast.com\/wordpress\/plugins\/seo\/ -->\n<title>Mira un nuevo corto sobre la magia del canto en vivo en &#039;Wicked&#039;<\/title>\n<meta name=\"robots\" content=\"index, follow, max-snippet:-1, max-image-preview:large, max-video-preview:-1\" \/>\n<link rel=\"canonical\" href=\"https:\/\/web.consaguirre.com.ar\/noticias\/mira-un-nuevo-corto-sobre-la-magia-del-canto-en-vivo-en-wicked\/\" \/>\n<meta property=\"og:locale\" content=\"es_ES\" \/>\n<meta property=\"og:type\" content=\"article\" \/>\n<meta property=\"og:title\" content=\"Mira un nuevo corto sobre la magia del canto en vivo en &#039;Wicked&#039;\" \/>\n<meta property=\"og:description\" content=\"con el nuevo Malvado pel\u00edcula que llegar\u00e1 a los cines el 22 de noviembre, se lanz\u00f3 un nuevo clip que analiza todo el canto en\" \/>\n<meta property=\"og:url\" content=\"https:\/\/web.consaguirre.com.ar\/noticias\/mira-un-nuevo-corto-sobre-la-magia-del-canto-en-vivo-en-wicked\/\" \/>\n<meta property=\"og:site_name\" content=\"Conservatorio de M\u00fasica Juli\u00e1n Aguirre\" \/>\n<meta property=\"article:published_time\" content=\"2024-10-30T17:39:19+00:00\" \/>\n<meta property=\"article:modified_time\" content=\"2024-10-30T17:39:20+00:00\" \/>\n<meta property=\"og:image\" content=\"https:\/\/web.consaguirre.com.ar\/noticias\/wp-content\/uploads\/2024\/10\/Mira-un-nuevo-corto-sobre-la-magia-del-canto-en.jpg\" \/>\n\t<meta property=\"og:image:width\" content=\"1440\" \/>\n\t<meta property=\"og:image:height\" content=\"864\" \/>\n\t<meta property=\"og:image:type\" content=\"image\/jpeg\" \/>\n<meta name=\"author\" content=\"Javier Figueroa\" \/>\n<meta name=\"twitter:card\" content=\"summary_large_image\" \/>\n<meta name=\"twitter:label1\" content=\"Escrito por\" \/>\n\t<meta name=\"twitter:data1\" content=\"Javier Figueroa\" \/>\n\t<meta name=\"twitter:label2\" content=\"Tiempo de lectura\" \/>\n\t<meta name=\"twitter:data2\" content=\"2 minutos\" \/>\n<script type=\"application\/ld+json\" class=\"yoast-schema-graph\">{\"@context\":\"https:\/\/schema.org\",\"@graph\":[{\"@type\":\"Article\",\"@id\":\"https:\/\/web.consaguirre.com.ar\/noticias\/mira-un-nuevo-corto-sobre-la-magia-del-canto-en-vivo-en-wicked\/#article\",\"isPartOf\":{\"@id\":\"https:\/\/web.consaguirre.com.ar\/noticias\/mira-un-nuevo-corto-sobre-la-magia-del-canto-en-vivo-en-wicked\/\"},\"author\":{\"name\":\"Javier Figueroa\",\"@id\":\"https:\/\/web.consaguirre.com.ar\/noticias\/#\/schema\/person\/6558b0cfedee7ddc5425602b237d5722\"},\"headline\":\"Mira un nuevo corto sobre la magia del canto en vivo en &#8216;Wicked&#8217;\",\"datePublished\":\"2024-10-30T17:39:19+00:00\",\"dateModified\":\"2024-10-30T17:39:20+00:00\",\"mainEntityOfPage\":{\"@id\":\"https:\/\/web.consaguirre.com.ar\/noticias\/mira-un-nuevo-corto-sobre-la-magia-del-canto-en-vivo-en-wicked\/\"},\"wordCount\":385,\"publisher\":{\"@id\":\"https:\/\/web.consaguirre.com.ar\/noticias\/#organization\"},\"image\":{\"@id\":\"https:\/\/web.consaguirre.com.ar\/noticias\/mira-un-nuevo-corto-sobre-la-magia-del-canto-en-vivo-en-wicked\/#primaryimage\"},\"thumbnailUrl\":\"https:\/\/web.consaguirre.com.ar\/noticias\/wp-content\/uploads\/2024\/10\/Mira-un-nuevo-corto-sobre-la-magia-del-canto-en.jpg\",\"keywords\":[\"canto\",\"corto\",\"del\",\"magia\",\"Mira\",\"nuevo\",\"sobre\",\"vivo\",\"Wicked\"],\"articleSection\":[\"El \u00faltimo\"],\"inLanguage\":\"es-AR\"},{\"@type\":\"WebPage\",\"@id\":\"https:\/\/web.consaguirre.com.ar\/noticias\/mira-un-nuevo-corto-sobre-la-magia-del-canto-en-vivo-en-wicked\/\",\"url\":\"https:\/\/web.consaguirre.com.ar\/noticias\/mira-un-nuevo-corto-sobre-la-magia-del-canto-en-vivo-en-wicked\/\",\"name\":\"Mira un nuevo corto sobre la magia del canto en vivo en 'Wicked'\",\"isPartOf\":{\"@id\":\"https:\/\/web.consaguirre.com.ar\/noticias\/#website\"},\"primaryImageOfPage\":{\"@id\":\"https:\/\/web.consaguirre.com.ar\/noticias\/mira-un-nuevo-corto-sobre-la-magia-del-canto-en-vivo-en-wicked\/#primaryimage\"},\"image\":{\"@id\":\"https:\/\/web.consaguirre.com.ar\/noticias\/mira-un-nuevo-corto-sobre-la-magia-del-canto-en-vivo-en-wicked\/#primaryimage\"},\"thumbnailUrl\":\"https:\/\/web.consaguirre.com.ar\/noticias\/wp-content\/uploads\/2024\/10\/Mira-un-nuevo-corto-sobre-la-magia-del-canto-en.jpg\",\"datePublished\":\"2024-10-30T17:39:19+00:00\",\"dateModified\":\"2024-10-30T17:39:20+00:00\",\"breadcrumb\":{\"@id\":\"https:\/\/web.consaguirre.com.ar\/noticias\/mira-un-nuevo-corto-sobre-la-magia-del-canto-en-vivo-en-wicked\/#breadcrumb\"},\"inLanguage\":\"es-AR\",\"potentialAction\":[{\"@type\":\"ReadAction\",\"target\":[\"https:\/\/web.consaguirre.com.ar\/noticias\/mira-un-nuevo-corto-sobre-la-magia-del-canto-en-vivo-en-wicked\/\"]}]},{\"@type\":\"ImageObject\",\"inLanguage\":\"es-AR\",\"@id\":\"https:\/\/web.consaguirre.com.ar\/noticias\/mira-un-nuevo-corto-sobre-la-magia-del-canto-en-vivo-en-wicked\/#primaryimage\",\"url\":\"https:\/\/web.consaguirre.com.ar\/noticias\/wp-content\/uploads\/2024\/10\/Mira-un-nuevo-corto-sobre-la-magia-del-canto-en.jpg\",\"contentUrl\":\"https:\/\/web.consaguirre.com.ar\/noticias\/wp-content\/uploads\/2024\/10\/Mira-un-nuevo-corto-sobre-la-magia-del-canto-en.jpg\",\"width\":1440,\"height\":864,\"caption\":\"Cynthia Erivo, Ariana Grande, and Jon M. Chu \u2014 Photo: Courtesy of Republic Records\"},{\"@type\":\"BreadcrumbList\",\"@id\":\"https:\/\/web.consaguirre.com.ar\/noticias\/mira-un-nuevo-corto-sobre-la-magia-del-canto-en-vivo-en-wicked\/#breadcrumb\",\"itemListElement\":[{\"@type\":\"ListItem\",\"position\":1,\"name\":\"Inicio\",\"item\":\"https:\/\/web.consaguirre.com.ar\/noticias\/\"},{\"@type\":\"ListItem\",\"position\":2,\"name\":\"Mira un nuevo corto sobre la magia del canto en vivo en &#8216;Wicked&#8217;\"}]},{\"@type\":\"WebSite\",\"@id\":\"https:\/\/web.consaguirre.com.ar\/noticias\/#website\",\"url\":\"https:\/\/web.consaguirre.com.ar\/noticias\/\",\"name\":\"Conservatorio de M\u00fasica Juli\u00e1n Aguirre\",\"description\":\"\",\"publisher\":{\"@id\":\"https:\/\/web.consaguirre.com.ar\/noticias\/#organization\"},\"potentialAction\":[{\"@type\":\"SearchAction\",\"target\":{\"@type\":\"EntryPoint\",\"urlTemplate\":\"https:\/\/web.consaguirre.com.ar\/noticias\/?s={search_term_string}\"},\"query-input\":\"required name=search_term_string\"}],\"inLanguage\":\"es-AR\"},{\"@type\":\"Organization\",\"@id\":\"https:\/\/web.consaguirre.com.ar\/noticias\/#organization\",\"name\":\"Conservatorio de M\u00fasica Juli\u00e1n Aguirre\",\"url\":\"https:\/\/web.consaguirre.com.ar\/noticias\/\",\"logo\":{\"@type\":\"ImageObject\",\"inLanguage\":\"es-AR\",\"@id\":\"https:\/\/web.consaguirre.com.ar\/noticias\/#\/schema\/logo\/image\/\",\"url\":\"https:\/\/web.consaguirre.com.ar\/noticias\/wp-content\/uploads\/2024\/08\/Banner-Aguirre-23.jpg\",\"contentUrl\":\"https:\/\/web.consaguirre.com.ar\/noticias\/wp-content\/uploads\/2024\/08\/Banner-Aguirre-23.jpg\",\"width\":1192,\"height\":600,\"caption\":\"Conservatorio de M\u00fasica Juli\u00e1n Aguirre\"},\"image\":{\"@id\":\"https:\/\/web.consaguirre.com.ar\/noticias\/#\/schema\/logo\/image\/\"}},{\"@type\":\"Person\",\"@id\":\"https:\/\/web.consaguirre.com.ar\/noticias\/#\/schema\/person\/6558b0cfedee7ddc5425602b237d5722\",\"name\":\"Javier Figueroa\",\"image\":{\"@type\":\"ImageObject\",\"inLanguage\":\"es-AR\",\"@id\":\"https:\/\/web.consaguirre.com.ar\/noticias\/#\/schema\/person\/image\/\",\"url\":\"https:\/\/web.consaguirre.com.ar\/noticias\/wp-content\/uploads\/2024\/08\/Consaguirre-scaled.jpg\",\"contentUrl\":\"https:\/\/web.consaguirre.com.ar\/noticias\/wp-content\/uploads\/2024\/08\/Consaguirre-scaled.jpg\",\"caption\":\"Javier Figueroa\"},\"description\":\"Me llamo Javier Figueroa y soy redactor para el sitio oficial del Conservatorio de M\u00fasica Juli\u00e1n Aguirre en Buenos Aires, consaguirre.com. Apasionado por la m\u00fasica y la escritura, me esfuerzo por destacar los talentos y eventos de nuestra prestigiosa instituci\u00f3n. Mi trayectoria se nutre de una profunda admiraci\u00f3n por los artistas, haciendo de cada art\u00edculo una celebraci\u00f3n de la creatividad y la cultura musical.\",\"sameAs\":[\"https:\/\/web.consaguirre.com.ar\/noticias\"]}]}<\/script>\n<!-- \/ Yoast SEO plugin. -->","yoast_head_json":{"title":"Mira un nuevo corto sobre la magia del canto en vivo en 'Wicked'","robots":{"index":"index","follow":"follow","max-snippet":"max-snippet:-1","max-image-preview":"max-image-preview:large","max-video-preview":"max-video-preview:-1"},"canonical":"https:\/\/web.consaguirre.com.ar\/noticias\/mira-un-nuevo-corto-sobre-la-magia-del-canto-en-vivo-en-wicked\/","og_locale":"es_ES","og_type":"article","og_title":"Mira un nuevo corto sobre la magia del canto en vivo en 'Wicked'","og_description":"con el nuevo Malvado pel\u00edcula que llegar\u00e1 a los cines el 22 de noviembre, se lanz\u00f3 un nuevo clip que analiza todo el canto en","og_url":"https:\/\/web.consaguirre.com.ar\/noticias\/mira-un-nuevo-corto-sobre-la-magia-del-canto-en-vivo-en-wicked\/","og_site_name":"Conservatorio de M\u00fasica Juli\u00e1n Aguirre","article_published_time":"2024-10-30T17:39:19+00:00","article_modified_time":"2024-10-30T17:39:20+00:00","og_image":[{"width":1440,"height":864,"url":"https:\/\/web.consaguirre.com.ar\/noticias\/wp-content\/uploads\/2024\/10\/Mira-un-nuevo-corto-sobre-la-magia-del-canto-en.jpg","type":"image\/jpeg"}],"author":"Javier Figueroa","twitter_card":"summary_large_image","twitter_misc":{"Escrito por":"Javier Figueroa","Tiempo de lectura":"2 minutos"},"schema":{"@context":"https:\/\/schema.org","@graph":[{"@type":"Article","@id":"https:\/\/web.consaguirre.com.ar\/noticias\/mira-un-nuevo-corto-sobre-la-magia-del-canto-en-vivo-en-wicked\/#article","isPartOf":{"@id":"https:\/\/web.consaguirre.com.ar\/noticias\/mira-un-nuevo-corto-sobre-la-magia-del-canto-en-vivo-en-wicked\/"},"author":{"name":"Javier Figueroa","@id":"https:\/\/web.consaguirre.com.ar\/noticias\/#\/schema\/person\/6558b0cfedee7ddc5425602b237d5722"},"headline":"Mira un nuevo corto sobre la magia del canto en vivo en &#8216;Wicked&#8217;","datePublished":"2024-10-30T17:39:19+00:00","dateModified":"2024-10-30T17:39:20+00:00","mainEntityOfPage":{"@id":"https:\/\/web.consaguirre.com.ar\/noticias\/mira-un-nuevo-corto-sobre-la-magia-del-canto-en-vivo-en-wicked\/"},"wordCount":385,"publisher":{"@id":"https:\/\/web.consaguirre.com.ar\/noticias\/#organization"},"image":{"@id":"https:\/\/web.consaguirre.com.ar\/noticias\/mira-un-nuevo-corto-sobre-la-magia-del-canto-en-vivo-en-wicked\/#primaryimage"},"thumbnailUrl":"https:\/\/web.consaguirre.com.ar\/noticias\/wp-content\/uploads\/2024\/10\/Mira-un-nuevo-corto-sobre-la-magia-del-canto-en.jpg","keywords":["canto","corto","del","magia","Mira","nuevo","sobre","vivo","Wicked"],"articleSection":["El \u00faltimo"],"inLanguage":"es-AR"},{"@type":"WebPage","@id":"https:\/\/web.consaguirre.com.ar\/noticias\/mira-un-nuevo-corto-sobre-la-magia-del-canto-en-vivo-en-wicked\/","url":"https:\/\/web.consaguirre.com.ar\/noticias\/mira-un-nuevo-corto-sobre-la-magia-del-canto-en-vivo-en-wicked\/","name":"Mira un nuevo corto sobre la magia del canto en vivo en 'Wicked'","isPartOf":{"@id":"https:\/\/web.consaguirre.com.ar\/noticias\/#website"},"primaryImageOfPage":{"@id":"https:\/\/web.consaguirre.com.ar\/noticias\/mira-un-nuevo-corto-sobre-la-magia-del-canto-en-vivo-en-wicked\/#primaryimage"},"image":{"@id":"https:\/\/web.consaguirre.com.ar\/noticias\/mira-un-nuevo-corto-sobre-la-magia-del-canto-en-vivo-en-wicked\/#primaryimage"},"thumbnailUrl":"https:\/\/web.consaguirre.com.ar\/noticias\/wp-content\/uploads\/2024\/10\/Mira-un-nuevo-corto-sobre-la-magia-del-canto-en.jpg","datePublished":"2024-10-30T17:39:19+00:00","dateModified":"2024-10-30T17:39:20+00:00","breadcrumb":{"@id":"https:\/\/web.consaguirre.com.ar\/noticias\/mira-un-nuevo-corto-sobre-la-magia-del-canto-en-vivo-en-wicked\/#breadcrumb"},"inLanguage":"es-AR","potentialAction":[{"@type":"ReadAction","target":["https:\/\/web.consaguirre.com.ar\/noticias\/mira-un-nuevo-corto-sobre-la-magia-del-canto-en-vivo-en-wicked\/"]}]},{"@type":"ImageObject","inLanguage":"es-AR","@id":"https:\/\/web.consaguirre.com.ar\/noticias\/mira-un-nuevo-corto-sobre-la-magia-del-canto-en-vivo-en-wicked\/#primaryimage","url":"https:\/\/web.consaguirre.com.ar\/noticias\/wp-content\/uploads\/2024\/10\/Mira-un-nuevo-corto-sobre-la-magia-del-canto-en.jpg","contentUrl":"https:\/\/web.consaguirre.com.ar\/noticias\/wp-content\/uploads\/2024\/10\/Mira-un-nuevo-corto-sobre-la-magia-del-canto-en.jpg","width":1440,"height":864,"caption":"Cynthia Erivo, Ariana Grande, and Jon M. Chu \u2014 Photo: Courtesy of Republic Records"},{"@type":"BreadcrumbList","@id":"https:\/\/web.consaguirre.com.ar\/noticias\/mira-un-nuevo-corto-sobre-la-magia-del-canto-en-vivo-en-wicked\/#breadcrumb","itemListElement":[{"@type":"ListItem","position":1,"name":"Inicio","item":"https:\/\/web.consaguirre.com.ar\/noticias\/"},{"@type":"ListItem","position":2,"name":"Mira un nuevo corto sobre la magia del canto en vivo en &#8216;Wicked&#8217;"}]},{"@type":"WebSite","@id":"https:\/\/web.consaguirre.com.ar\/noticias\/#website","url":"https:\/\/web.consaguirre.com.ar\/noticias\/","name":"Conservatorio de M\u00fasica Juli\u00e1n Aguirre","description":"","publisher":{"@id":"https:\/\/web.consaguirre.com.ar\/noticias\/#organization"},"potentialAction":[{"@type":"SearchAction","target":{"@type":"EntryPoint","urlTemplate":"https:\/\/web.consaguirre.com.ar\/noticias\/?s={search_term_string}"},"query-input":"required name=search_term_string"}],"inLanguage":"es-AR"},{"@type":"Organization","@id":"https:\/\/web.consaguirre.com.ar\/noticias\/#organization","name":"Conservatorio de M\u00fasica Juli\u00e1n Aguirre","url":"https:\/\/web.consaguirre.com.ar\/noticias\/","logo":{"@type":"ImageObject","inLanguage":"es-AR","@id":"https:\/\/web.consaguirre.com.ar\/noticias\/#\/schema\/logo\/image\/","url":"https:\/\/web.consaguirre.com.ar\/noticias\/wp-content\/uploads\/2024\/08\/Banner-Aguirre-23.jpg","contentUrl":"https:\/\/web.consaguirre.com.ar\/noticias\/wp-content\/uploads\/2024\/08\/Banner-Aguirre-23.jpg","width":1192,"height":600,"caption":"Conservatorio de M\u00fasica Juli\u00e1n Aguirre"},"image":{"@id":"https:\/\/web.consaguirre.com.ar\/noticias\/#\/schema\/logo\/image\/"}},{"@type":"Person","@id":"https:\/\/web.consaguirre.com.ar\/noticias\/#\/schema\/person\/6558b0cfedee7ddc5425602b237d5722","name":"Javier Figueroa","image":{"@type":"ImageObject","inLanguage":"es-AR","@id":"https:\/\/web.consaguirre.com.ar\/noticias\/#\/schema\/person\/image\/","url":"https:\/\/web.consaguirre.com.ar\/noticias\/wp-content\/uploads\/2024\/08\/Consaguirre-scaled.jpg","contentUrl":"https:\/\/web.consaguirre.com.ar\/noticias\/wp-content\/uploads\/2024\/08\/Consaguirre-scaled.jpg","caption":"Javier Figueroa"},"description":"Me llamo Javier Figueroa y soy redactor para el sitio oficial del Conservatorio de M\u00fasica Juli\u00e1n Aguirre en Buenos Aires, consaguirre.com. Apasionado por la m\u00fasica y la escritura, me esfuerzo por destacar los talentos y eventos de nuestra prestigiosa instituci\u00f3n. Mi trayectoria se nutre de una profunda admiraci\u00f3n por los artistas, haciendo de cada art\u00edculo una celebraci\u00f3n de la creatividad y la cultura musical.","sameAs":["https:\/\/web.consaguirre.com.ar\/noticias"]}]}},"_links":{"self":[{"href":"https:\/\/web.consaguirre.com.ar\/noticias\/wp-json\/wp\/v2\/posts\/980"}],"collection":[{"href":"https:\/\/web.consaguirre.com.ar\/noticias\/wp-json\/wp\/v2\/posts"}],"about":[{"href":"https:\/\/web.consaguirre.com.ar\/noticias\/wp-json\/wp\/v2\/types\/post"}],"author":[{"embeddable":true,"href":"https:\/\/web.consaguirre.com.ar\/noticias\/wp-json\/wp\/v2\/users\/1"}],"replies":[{"embeddable":true,"href":"https:\/\/web.consaguirre.com.ar\/noticias\/wp-json\/wp\/v2\/comments?post=980"}],"version-history":[{"count":1,"href":"https:\/\/web.consaguirre.com.ar\/noticias\/wp-json\/wp\/v2\/posts\/980\/revisions"}],"predecessor-version":[{"id":982,"href":"https:\/\/web.consaguirre.com.ar\/noticias\/wp-json\/wp\/v2\/posts\/980\/revisions\/982"}],"wp:featuredmedia":[{"embeddable":true,"href":"https:\/\/web.consaguirre.com.ar\/noticias\/wp-json\/wp\/v2\/media\/981"}],"wp:attachment":[{"href":"https:\/\/web.consaguirre.com.ar\/noticias\/wp-json\/wp\/v2\/media?parent=980"}],"wp:term":[{"taxonomy":"category","embeddable":true,"href":"https:\/\/web.consaguirre.com.ar\/noticias\/wp-json\/wp\/v2\/categories?post=980"},{"taxonomy":"post_tag","embeddable":true,"href":"https:\/\/web.consaguirre.com.ar\/noticias\/wp-json\/wp\/v2\/tags?post=980"}],"curies":[{"name":"wp","href":"https:\/\/api.w.org\/{rel}","templated":true}]}}