{"id":974,"date":"2024-10-29T20:39:23","date_gmt":"2024-10-29T23:39:23","guid":{"rendered":"https:\/\/web.consaguirre.com.ar\/noticias\/ghost-anuncia-gira-mundial-2025\/"},"modified":"2024-10-29T20:39:24","modified_gmt":"2024-10-29T23:39:24","slug":"ghost-anuncia-gira-mundial-2025","status":"publish","type":"post","link":"https:\/\/web.consaguirre.com.ar\/noticias\/ghost-anuncia-gira-mundial-2025\/","title":{"rendered":"Ghost anuncia gira mundial 2025"},"content":{"rendered":"<p>Justo a tiempo para Halloween, <strong>Fantasma<\/strong> ha anunciado una gira masiva para el pr\u00f3ximo a\u00f1o. Los favoritos del rock sueco llevar\u00e1n su espect\u00e1culo teatral en vivo por todo el mundo, presentando m\u00e1s de 55 espect\u00e1culos en los Estados Unidos, M\u00e9xico, Europa y el Reino Unido. La gira se destaca por la primera actuaci\u00f3n de Ghost como cabeza de cartel en el ic\u00f3nico Madison Square Garden de Nueva York.<\/p>\n<p>Ghost revel\u00f3 por primera vez los planes de la gira en el \u00faltimo episodio de su serie web Chapters, titulado \u201c\u00a1Qu\u00e9 fiasco!\u201d El itinerario comienza el 15 de abril en Manchester y contin\u00faa por el Reino Unido y Europa durante la primavera, concluyendo en Oslo el 24 de mayo. El tramo norteamericano comienza el 9 de julio en Baltimore y recorre los Estados Unidos hasta el 16 de agosto en Houston. Un concierto el 24 de septiembre en la Ciudad de M\u00e9xico culmina las fechas anunciadas hasta ahora. M\u00e1s adelante se anunciar\u00e1n m\u00e1s programas de 2025.<\/p>\n<div class=\"uD-YT-container\"><img decoding=\"async\" src=\"https:\/\/web.consaguirre.com.ar\/noticias\/wp-content\/uploads\/2024\/10\/1730245163_762_Ghost-anuncia-gira-mundial-2025.jpg\" alt=\"V\u00eddeo de YouTube\"><br \/>Haga clic para cargar v\u00eddeo<\/div>\n<p>Los boletos para las fechas de EE. UU. estar\u00e1n disponibles primero a trav\u00e9s de una preventa de Citi a partir del martes 29 de octubre a las 10 am hora local. La preventa de artistas comenzar\u00e1 dos horas m\u00e1s tarde, el martes 29 de octubre al mediod\u00eda, hora local. Se lanzar\u00e1n preventas adicionales antes de la venta general que comienza el viernes 1 de noviembre a las 10 am hora local en el sitio web oficial de la banda. <strong>fantasma-oficial.com<\/strong>.<\/p>\n<p>Algunos mercados europeos (ciudades de B\u00e9lgica, Finlandia, Suecia, Noruega, Italia, Francia, Pa\u00edses Bajos y Dinamarca) tendr\u00e1n acceso por primera vez a los boletos a trav\u00e9s de una preventa de Mastercard a partir del martes 29 de octubre a las 10 am hora local. La preventa de artistas para fechas de la UE y el Reino Unido comienza el martes 29 de octubre a las 12 p.m. hora local en todos los mercados. Se realizar\u00e1n preventas adicionales durante toda la semana antes de la venta general que comenzar\u00e1 el jueves 31 de octubre a las 10 a. m. en Alemania, Francia, Polonia, Espa\u00f1a, Italia, B\u00e9lgica y el viernes 1 de noviembre a las 10 a. m. hora local en el Reino Unido, Portugal. Suiza, Rep\u00fablica Checa, Pa\u00edses Bajos, Dinamarca, Finlandia, Suecia y Noruega en ghost-official.com.<\/p>\n<p>El World Tour 2025 marca la primera vez que Ghost est\u00e1 en la carretera desde el Re-Imperatour de 2023. Esa salida concluy\u00f3 con dos espect\u00e1culos con entradas agotadas en el Kia Forum de Los \u00c1ngeles, que fueron filmados para el primer largometraje de Ghost. <strong><em>Rito aqu\u00ed Rito ahora<\/em><\/strong>. Al llegar a los cines en junio, la pel\u00edcula se convirti\u00f3 en el evento de cine hard rock con mayor recaudaci\u00f3n en la historia de Am\u00e9rica del Norte. Ahora est\u00e1 disponible para transmitir en VEEPS, alquilar o comprar a trav\u00e9s de iTunes y Amazon, y reservar en DVD.<\/p>\n","protected":false},"excerpt":{"rendered":"<p>Justo a tiempo para Halloween, Fantasma ha anunciado una gira masiva para el pr\u00f3ximo a\u00f1o. Los favoritos del rock sueco llevar\u00e1n su espect\u00e1culo teatral en<\/p>\n","protected":false},"author":1,"featured_media":975,"comment_status":"closed","ping_status":"","sticky":false,"template":"","format":"standard","meta":{"footnotes":""},"categories":[50],"tags":[56,1115,492,584],"class_list":["post-974","post","type-post","status-publish","format-standard","has-post-thumbnail","hentry","category-el-ultimo","tag-anuncia","tag-ghost","tag-gira","tag-mundial","generate-columns","tablet-grid-50","mobile-grid-100","grid-parent","grid-50"],"yoast_head":"<!-- This site is optimized with the Yoast SEO plugin v23.3 - https:\/\/yoast.com\/wordpress\/plugins\/seo\/ -->\n<title>Ghost anuncia gira mundial 2025<\/title>\n<meta name=\"robots\" content=\"index, follow, max-snippet:-1, max-image-preview:large, max-video-preview:-1\" \/>\n<link rel=\"canonical\" href=\"https:\/\/web.consaguirre.com.ar\/noticias\/ghost-anuncia-gira-mundial-2025\/\" \/>\n<meta property=\"og:locale\" content=\"es_ES\" \/>\n<meta property=\"og:type\" content=\"article\" \/>\n<meta property=\"og:title\" content=\"Ghost anuncia gira mundial 2025\" \/>\n<meta property=\"og:description\" content=\"Justo a tiempo para Halloween, Fantasma ha anunciado una gira masiva para el pr\u00f3ximo a\u00f1o. Los favoritos del rock sueco llevar\u00e1n su espect\u00e1culo teatral en\" \/>\n<meta property=\"og:url\" content=\"https:\/\/web.consaguirre.com.ar\/noticias\/ghost-anuncia-gira-mundial-2025\/\" \/>\n<meta property=\"og:site_name\" content=\"Conservatorio de M\u00fasica Juli\u00e1n Aguirre\" \/>\n<meta property=\"article:published_time\" content=\"2024-10-29T23:39:23+00:00\" \/>\n<meta property=\"article:modified_time\" content=\"2024-10-29T23:39:24+00:00\" \/>\n<meta property=\"og:image\" content=\"https:\/\/web.consaguirre.com.ar\/noticias\/wp-content\/uploads\/2024\/10\/Ghost-anuncia-gira-mundial-2025.jpg\" \/>\n\t<meta property=\"og:image:width\" content=\"1440\" \/>\n\t<meta property=\"og:image:height\" content=\"864\" \/>\n\t<meta property=\"og:image:type\" content=\"image\/jpeg\" \/>\n<meta name=\"author\" content=\"Javier Figueroa\" \/>\n<meta name=\"twitter:card\" content=\"summary_large_image\" \/>\n<meta name=\"twitter:label1\" content=\"Escrito por\" \/>\n\t<meta name=\"twitter:data1\" content=\"Javier Figueroa\" \/>\n\t<meta name=\"twitter:label2\" content=\"Tiempo de lectura\" \/>\n\t<meta name=\"twitter:data2\" content=\"2 minutos\" \/>\n<script type=\"application\/ld+json\" class=\"yoast-schema-graph\">{\"@context\":\"https:\/\/schema.org\",\"@graph\":[{\"@type\":\"Article\",\"@id\":\"https:\/\/web.consaguirre.com.ar\/noticias\/ghost-anuncia-gira-mundial-2025\/#article\",\"isPartOf\":{\"@id\":\"https:\/\/web.consaguirre.com.ar\/noticias\/ghost-anuncia-gira-mundial-2025\/\"},\"author\":{\"name\":\"Javier Figueroa\",\"@id\":\"https:\/\/web.consaguirre.com.ar\/noticias\/#\/schema\/person\/6558b0cfedee7ddc5425602b237d5722\"},\"headline\":\"Ghost anuncia gira mundial 2025\",\"datePublished\":\"2024-10-29T23:39:23+00:00\",\"dateModified\":\"2024-10-29T23:39:24+00:00\",\"mainEntityOfPage\":{\"@id\":\"https:\/\/web.consaguirre.com.ar\/noticias\/ghost-anuncia-gira-mundial-2025\/\"},\"wordCount\":498,\"publisher\":{\"@id\":\"https:\/\/web.consaguirre.com.ar\/noticias\/#organization\"},\"image\":{\"@id\":\"https:\/\/web.consaguirre.com.ar\/noticias\/ghost-anuncia-gira-mundial-2025\/#primaryimage\"},\"thumbnailUrl\":\"https:\/\/web.consaguirre.com.ar\/noticias\/wp-content\/uploads\/2024\/10\/Ghost-anuncia-gira-mundial-2025.jpg\",\"keywords\":[\"anuncia\",\"Ghost\",\"gira\",\"mundial\"],\"articleSection\":[\"El \u00faltimo\"],\"inLanguage\":\"es-AR\"},{\"@type\":\"WebPage\",\"@id\":\"https:\/\/web.consaguirre.com.ar\/noticias\/ghost-anuncia-gira-mundial-2025\/\",\"url\":\"https:\/\/web.consaguirre.com.ar\/noticias\/ghost-anuncia-gira-mundial-2025\/\",\"name\":\"Ghost anuncia gira mundial 2025\",\"isPartOf\":{\"@id\":\"https:\/\/web.consaguirre.com.ar\/noticias\/#website\"},\"primaryImageOfPage\":{\"@id\":\"https:\/\/web.consaguirre.com.ar\/noticias\/ghost-anuncia-gira-mundial-2025\/#primaryimage\"},\"image\":{\"@id\":\"https:\/\/web.consaguirre.com.ar\/noticias\/ghost-anuncia-gira-mundial-2025\/#primaryimage\"},\"thumbnailUrl\":\"https:\/\/web.consaguirre.com.ar\/noticias\/wp-content\/uploads\/2024\/10\/Ghost-anuncia-gira-mundial-2025.jpg\",\"datePublished\":\"2024-10-29T23:39:23+00:00\",\"dateModified\":\"2024-10-29T23:39:24+00:00\",\"breadcrumb\":{\"@id\":\"https:\/\/web.consaguirre.com.ar\/noticias\/ghost-anuncia-gira-mundial-2025\/#breadcrumb\"},\"inLanguage\":\"es-AR\",\"potentialAction\":[{\"@type\":\"ReadAction\",\"target\":[\"https:\/\/web.consaguirre.com.ar\/noticias\/ghost-anuncia-gira-mundial-2025\/\"]}]},{\"@type\":\"ImageObject\",\"inLanguage\":\"es-AR\",\"@id\":\"https:\/\/web.consaguirre.com.ar\/noticias\/ghost-anuncia-gira-mundial-2025\/#primaryimage\",\"url\":\"https:\/\/web.consaguirre.com.ar\/noticias\/wp-content\/uploads\/2024\/10\/Ghost-anuncia-gira-mundial-2025.jpg\",\"contentUrl\":\"https:\/\/web.consaguirre.com.ar\/noticias\/wp-content\/uploads\/2024\/10\/Ghost-anuncia-gira-mundial-2025.jpg\",\"width\":1440,\"height\":864,\"caption\":\"Ghost anuncia gira mundial 2025\"},{\"@type\":\"BreadcrumbList\",\"@id\":\"https:\/\/web.consaguirre.com.ar\/noticias\/ghost-anuncia-gira-mundial-2025\/#breadcrumb\",\"itemListElement\":[{\"@type\":\"ListItem\",\"position\":1,\"name\":\"Inicio\",\"item\":\"https:\/\/web.consaguirre.com.ar\/noticias\/\"},{\"@type\":\"ListItem\",\"position\":2,\"name\":\"Ghost anuncia gira mundial 2025\"}]},{\"@type\":\"WebSite\",\"@id\":\"https:\/\/web.consaguirre.com.ar\/noticias\/#website\",\"url\":\"https:\/\/web.consaguirre.com.ar\/noticias\/\",\"name\":\"Conservatorio de M\u00fasica Juli\u00e1n Aguirre\",\"description\":\"\",\"publisher\":{\"@id\":\"https:\/\/web.consaguirre.com.ar\/noticias\/#organization\"},\"potentialAction\":[{\"@type\":\"SearchAction\",\"target\":{\"@type\":\"EntryPoint\",\"urlTemplate\":\"https:\/\/web.consaguirre.com.ar\/noticias\/?s={search_term_string}\"},\"query-input\":\"required name=search_term_string\"}],\"inLanguage\":\"es-AR\"},{\"@type\":\"Organization\",\"@id\":\"https:\/\/web.consaguirre.com.ar\/noticias\/#organization\",\"name\":\"Conservatorio de M\u00fasica Juli\u00e1n Aguirre\",\"url\":\"https:\/\/web.consaguirre.com.ar\/noticias\/\",\"logo\":{\"@type\":\"ImageObject\",\"inLanguage\":\"es-AR\",\"@id\":\"https:\/\/web.consaguirre.com.ar\/noticias\/#\/schema\/logo\/image\/\",\"url\":\"https:\/\/web.consaguirre.com.ar\/noticias\/wp-content\/uploads\/2024\/08\/Banner-Aguirre-23.jpg\",\"contentUrl\":\"https:\/\/web.consaguirre.com.ar\/noticias\/wp-content\/uploads\/2024\/08\/Banner-Aguirre-23.jpg\",\"width\":1192,\"height\":600,\"caption\":\"Conservatorio de M\u00fasica Juli\u00e1n Aguirre\"},\"image\":{\"@id\":\"https:\/\/web.consaguirre.com.ar\/noticias\/#\/schema\/logo\/image\/\"}},{\"@type\":\"Person\",\"@id\":\"https:\/\/web.consaguirre.com.ar\/noticias\/#\/schema\/person\/6558b0cfedee7ddc5425602b237d5722\",\"name\":\"Javier Figueroa\",\"image\":{\"@type\":\"ImageObject\",\"inLanguage\":\"es-AR\",\"@id\":\"https:\/\/web.consaguirre.com.ar\/noticias\/#\/schema\/person\/image\/\",\"url\":\"https:\/\/web.consaguirre.com.ar\/noticias\/wp-content\/uploads\/2024\/08\/Consaguirre-scaled.jpg\",\"contentUrl\":\"https:\/\/web.consaguirre.com.ar\/noticias\/wp-content\/uploads\/2024\/08\/Consaguirre-scaled.jpg\",\"caption\":\"Javier Figueroa\"},\"description\":\"Me llamo Javier Figueroa y soy redactor para el sitio oficial del Conservatorio de M\u00fasica Juli\u00e1n Aguirre en Buenos Aires, consaguirre.com. Apasionado por la m\u00fasica y la escritura, me esfuerzo por destacar los talentos y eventos de nuestra prestigiosa instituci\u00f3n. Mi trayectoria se nutre de una profunda admiraci\u00f3n por los artistas, haciendo de cada art\u00edculo una celebraci\u00f3n de la creatividad y la cultura musical.\",\"sameAs\":[\"https:\/\/web.consaguirre.com.ar\/noticias\"]}]}<\/script>\n<!-- \/ Yoast SEO plugin. -->","yoast_head_json":{"title":"Ghost anuncia gira mundial 2025","robots":{"index":"index","follow":"follow","max-snippet":"max-snippet:-1","max-image-preview":"max-image-preview:large","max-video-preview":"max-video-preview:-1"},"canonical":"https:\/\/web.consaguirre.com.ar\/noticias\/ghost-anuncia-gira-mundial-2025\/","og_locale":"es_ES","og_type":"article","og_title":"Ghost anuncia gira mundial 2025","og_description":"Justo a tiempo para Halloween, Fantasma ha anunciado una gira masiva para el pr\u00f3ximo a\u00f1o. Los favoritos del rock sueco llevar\u00e1n su espect\u00e1culo teatral en","og_url":"https:\/\/web.consaguirre.com.ar\/noticias\/ghost-anuncia-gira-mundial-2025\/","og_site_name":"Conservatorio de M\u00fasica Juli\u00e1n Aguirre","article_published_time":"2024-10-29T23:39:23+00:00","article_modified_time":"2024-10-29T23:39:24+00:00","og_image":[{"width":1440,"height":864,"url":"https:\/\/web.consaguirre.com.ar\/noticias\/wp-content\/uploads\/2024\/10\/Ghost-anuncia-gira-mundial-2025.jpg","type":"image\/jpeg"}],"author":"Javier Figueroa","twitter_card":"summary_large_image","twitter_misc":{"Escrito por":"Javier Figueroa","Tiempo de lectura":"2 minutos"},"schema":{"@context":"https:\/\/schema.org","@graph":[{"@type":"Article","@id":"https:\/\/web.consaguirre.com.ar\/noticias\/ghost-anuncia-gira-mundial-2025\/#article","isPartOf":{"@id":"https:\/\/web.consaguirre.com.ar\/noticias\/ghost-anuncia-gira-mundial-2025\/"},"author":{"name":"Javier Figueroa","@id":"https:\/\/web.consaguirre.com.ar\/noticias\/#\/schema\/person\/6558b0cfedee7ddc5425602b237d5722"},"headline":"Ghost anuncia gira mundial 2025","datePublished":"2024-10-29T23:39:23+00:00","dateModified":"2024-10-29T23:39:24+00:00","mainEntityOfPage":{"@id":"https:\/\/web.consaguirre.com.ar\/noticias\/ghost-anuncia-gira-mundial-2025\/"},"wordCount":498,"publisher":{"@id":"https:\/\/web.consaguirre.com.ar\/noticias\/#organization"},"image":{"@id":"https:\/\/web.consaguirre.com.ar\/noticias\/ghost-anuncia-gira-mundial-2025\/#primaryimage"},"thumbnailUrl":"https:\/\/web.consaguirre.com.ar\/noticias\/wp-content\/uploads\/2024\/10\/Ghost-anuncia-gira-mundial-2025.jpg","keywords":["anuncia","Ghost","gira","mundial"],"articleSection":["El \u00faltimo"],"inLanguage":"es-AR"},{"@type":"WebPage","@id":"https:\/\/web.consaguirre.com.ar\/noticias\/ghost-anuncia-gira-mundial-2025\/","url":"https:\/\/web.consaguirre.com.ar\/noticias\/ghost-anuncia-gira-mundial-2025\/","name":"Ghost anuncia gira mundial 2025","isPartOf":{"@id":"https:\/\/web.consaguirre.com.ar\/noticias\/#website"},"primaryImageOfPage":{"@id":"https:\/\/web.consaguirre.com.ar\/noticias\/ghost-anuncia-gira-mundial-2025\/#primaryimage"},"image":{"@id":"https:\/\/web.consaguirre.com.ar\/noticias\/ghost-anuncia-gira-mundial-2025\/#primaryimage"},"thumbnailUrl":"https:\/\/web.consaguirre.com.ar\/noticias\/wp-content\/uploads\/2024\/10\/Ghost-anuncia-gira-mundial-2025.jpg","datePublished":"2024-10-29T23:39:23+00:00","dateModified":"2024-10-29T23:39:24+00:00","breadcrumb":{"@id":"https:\/\/web.consaguirre.com.ar\/noticias\/ghost-anuncia-gira-mundial-2025\/#breadcrumb"},"inLanguage":"es-AR","potentialAction":[{"@type":"ReadAction","target":["https:\/\/web.consaguirre.com.ar\/noticias\/ghost-anuncia-gira-mundial-2025\/"]}]},{"@type":"ImageObject","inLanguage":"es-AR","@id":"https:\/\/web.consaguirre.com.ar\/noticias\/ghost-anuncia-gira-mundial-2025\/#primaryimage","url":"https:\/\/web.consaguirre.com.ar\/noticias\/wp-content\/uploads\/2024\/10\/Ghost-anuncia-gira-mundial-2025.jpg","contentUrl":"https:\/\/web.consaguirre.com.ar\/noticias\/wp-content\/uploads\/2024\/10\/Ghost-anuncia-gira-mundial-2025.jpg","width":1440,"height":864,"caption":"Ghost anuncia gira mundial 2025"},{"@type":"BreadcrumbList","@id":"https:\/\/web.consaguirre.com.ar\/noticias\/ghost-anuncia-gira-mundial-2025\/#breadcrumb","itemListElement":[{"@type":"ListItem","position":1,"name":"Inicio","item":"https:\/\/web.consaguirre.com.ar\/noticias\/"},{"@type":"ListItem","position":2,"name":"Ghost anuncia gira mundial 2025"}]},{"@type":"WebSite","@id":"https:\/\/web.consaguirre.com.ar\/noticias\/#website","url":"https:\/\/web.consaguirre.com.ar\/noticias\/","name":"Conservatorio de M\u00fasica Juli\u00e1n Aguirre","description":"","publisher":{"@id":"https:\/\/web.consaguirre.com.ar\/noticias\/#organization"},"potentialAction":[{"@type":"SearchAction","target":{"@type":"EntryPoint","urlTemplate":"https:\/\/web.consaguirre.com.ar\/noticias\/?s={search_term_string}"},"query-input":"required name=search_term_string"}],"inLanguage":"es-AR"},{"@type":"Organization","@id":"https:\/\/web.consaguirre.com.ar\/noticias\/#organization","name":"Conservatorio de M\u00fasica Juli\u00e1n Aguirre","url":"https:\/\/web.consaguirre.com.ar\/noticias\/","logo":{"@type":"ImageObject","inLanguage":"es-AR","@id":"https:\/\/web.consaguirre.com.ar\/noticias\/#\/schema\/logo\/image\/","url":"https:\/\/web.consaguirre.com.ar\/noticias\/wp-content\/uploads\/2024\/08\/Banner-Aguirre-23.jpg","contentUrl":"https:\/\/web.consaguirre.com.ar\/noticias\/wp-content\/uploads\/2024\/08\/Banner-Aguirre-23.jpg","width":1192,"height":600,"caption":"Conservatorio de M\u00fasica Juli\u00e1n Aguirre"},"image":{"@id":"https:\/\/web.consaguirre.com.ar\/noticias\/#\/schema\/logo\/image\/"}},{"@type":"Person","@id":"https:\/\/web.consaguirre.com.ar\/noticias\/#\/schema\/person\/6558b0cfedee7ddc5425602b237d5722","name":"Javier Figueroa","image":{"@type":"ImageObject","inLanguage":"es-AR","@id":"https:\/\/web.consaguirre.com.ar\/noticias\/#\/schema\/person\/image\/","url":"https:\/\/web.consaguirre.com.ar\/noticias\/wp-content\/uploads\/2024\/08\/Consaguirre-scaled.jpg","contentUrl":"https:\/\/web.consaguirre.com.ar\/noticias\/wp-content\/uploads\/2024\/08\/Consaguirre-scaled.jpg","caption":"Javier Figueroa"},"description":"Me llamo Javier Figueroa y soy redactor para el sitio oficial del Conservatorio de M\u00fasica Juli\u00e1n Aguirre en Buenos Aires, consaguirre.com. Apasionado por la m\u00fasica y la escritura, me esfuerzo por destacar los talentos y eventos de nuestra prestigiosa instituci\u00f3n. Mi trayectoria se nutre de una profunda admiraci\u00f3n por los artistas, haciendo de cada art\u00edculo una celebraci\u00f3n de la creatividad y la cultura musical.","sameAs":["https:\/\/web.consaguirre.com.ar\/noticias"]}]}},"_links":{"self":[{"href":"https:\/\/web.consaguirre.com.ar\/noticias\/wp-json\/wp\/v2\/posts\/974"}],"collection":[{"href":"https:\/\/web.consaguirre.com.ar\/noticias\/wp-json\/wp\/v2\/posts"}],"about":[{"href":"https:\/\/web.consaguirre.com.ar\/noticias\/wp-json\/wp\/v2\/types\/post"}],"author":[{"embeddable":true,"href":"https:\/\/web.consaguirre.com.ar\/noticias\/wp-json\/wp\/v2\/users\/1"}],"replies":[{"embeddable":true,"href":"https:\/\/web.consaguirre.com.ar\/noticias\/wp-json\/wp\/v2\/comments?post=974"}],"version-history":[{"count":1,"href":"https:\/\/web.consaguirre.com.ar\/noticias\/wp-json\/wp\/v2\/posts\/974\/revisions"}],"predecessor-version":[{"id":976,"href":"https:\/\/web.consaguirre.com.ar\/noticias\/wp-json\/wp\/v2\/posts\/974\/revisions\/976"}],"wp:featuredmedia":[{"embeddable":true,"href":"https:\/\/web.consaguirre.com.ar\/noticias\/wp-json\/wp\/v2\/media\/975"}],"wp:attachment":[{"href":"https:\/\/web.consaguirre.com.ar\/noticias\/wp-json\/wp\/v2\/media?parent=974"}],"wp:term":[{"taxonomy":"category","embeddable":true,"href":"https:\/\/web.consaguirre.com.ar\/noticias\/wp-json\/wp\/v2\/categories?post=974"},{"taxonomy":"post_tag","embeddable":true,"href":"https:\/\/web.consaguirre.com.ar\/noticias\/wp-json\/wp\/v2\/tags?post=974"}],"curies":[{"name":"wp","href":"https:\/\/api.w.org\/{rel}","templated":true}]}}