{"id":971,"date":"2024-10-29T17:39:09","date_gmt":"2024-10-29T20:39:09","guid":{"rendered":"https:\/\/web.consaguirre.com.ar\/noticias\/el-video-el-arco-de-cupido-de-olly-alexander-ya-esta-aqui\/"},"modified":"2024-10-29T17:39:11","modified_gmt":"2024-10-29T20:39:11","slug":"el-video-el-arco-de-cupido-de-olly-alexander-ya-esta-aqui","status":"publish","type":"post","link":"https:\/\/web.consaguirre.com.ar\/noticias\/el-video-el-arco-de-cupido-de-olly-alexander-ya-esta-aqui\/","title":{"rendered":"El v\u00eddeo &#8216;El arco de Cupido&#8217; de Olly Alexander ya est\u00e1 aqu\u00ed"},"content":{"rendered":"<p><strong>Olly Alejandro<\/strong> anunciado recientemente <em>polari<\/em>su primer disco bajo su propio nombre tras una discograf\u00eda estelar como Years &#038; Years. Antes del lanzamiento del proyecto el 7 de febrero, el v\u00eddeo musical del sencillo principal oficial \u201cCupid&#8217;s Bow\u201d ya est\u00e1 disponible.<\/p>\n<p>\u201cEl arco de Cupido\u201d se estren\u00f3 este mes con gran fanfarria. Creada en colaboraci\u00f3n con el productor Danny L Harle, la canci\u00f3n combina una producci\u00f3n electro pulsante y una composici\u00f3n pop adictiva con mordiente. Dirigida por Colin Solal Cardo, quien tambi\u00e9n dirigi\u00f3 la imagen anterior <em>polari<\/em> La canci\u00f3n &#8220;Dizzy&#8221; encuentra a Alexander mostrando sus habilidades de tiro con arco en el personaje de Cupido, quien entabla una conexi\u00f3n rom\u00e1ntica con Arc\u00e1ngel.<\/p>\n<div class=\"uD-YT-container\"><img decoding=\"async\" src=\"https:\/\/web.consaguirre.com.ar\/noticias\/wp-content\/uploads\/2024\/10\/1730234349_803_El-video-El-arco-de-Cupido-de-Olly-Alexander-ya.jpg\" alt=\"V\u00eddeo de YouTube\"><br \/>Haga clic para cargar v\u00eddeo<\/div>\n<p>\u201cCupido est\u00e1 solo hasta que llega Arc\u00e1ngel en un auto rojo, \u00bfse han conocido estos dos antes? Intercambiando m\u00e1s que simples miradas, este video de 3 minutos ve a nuestros h\u00e9roes luchar con pasi\u00f3n en medio de un estudio destrozado\u201d, escribi\u00f3 Alexander sobre el clip en las redes sociales, invitando a los espectadores a reflexionar sobre \u201cqui\u00e9n persigue a qui\u00e9n en este fat\u00eddico t\u00eate \u00e0 t\u00eate\u201d.<\/p>\n<p><em>polari<\/em> Se anuncia como un mundo audiovisual, que incluye incluso una obra de teatro corta escrita por Alexander. El \u00e1lbum lleva el nombre del lenguaje de jerga codificado utilizado por homosexuales y otras personas estigmatizadas durante el siglo XX, que surgi\u00f3 en Europa y la comunidad roman\u00ed ya en el siglo XVII. Alexander se encontr\u00f3 con el concepto por primera vez cuando sali\u00f3 del armario y desarroll\u00f3 un inter\u00e9s m\u00e1s profundo en \u00e9l cuando interpret\u00f3 a Richie en la miniserie de televisi\u00f3n. <em>es un pecado<\/em>. \u00c9l y Harle se inspiraron en la m\u00fasica de club de los 80 cuando desarrollaron el sonido del \u00e1lbum, que explora deseos humanos profundos como el amor, la pertenencia y la conexi\u00f3n.<\/p><\/p>\n","protected":false},"excerpt":{"rendered":"<p>Olly Alejandro anunciado recientemente polarisu primer disco bajo su propio nombre tras una discograf\u00eda estelar como Years &#038; Years. Antes del lanzamiento del proyecto el<\/p>\n","protected":false},"author":1,"featured_media":972,"comment_status":"closed","ping_status":"","sticky":false,"template":"","format":"standard","meta":{"footnotes":""},"categories":[50],"tags":[1114,1104,1111,1112,302,1113,202],"class_list":["post-971","post","type-post","status-publish","format-standard","has-post-thumbnail","hentry","category-el-ultimo","tag-alexander","tag-aqui","tag-arco","tag-cupido","tag-esta","tag-olly","tag-video","generate-columns","tablet-grid-50","mobile-grid-100","grid-parent","grid-50"],"yoast_head":"<!-- This site is optimized with the Yoast SEO plugin v23.3 - https:\/\/yoast.com\/wordpress\/plugins\/seo\/ -->\n<title>El v\u00eddeo &#039;El arco de Cupido&#039; de Olly Alexander ya est\u00e1 aqu\u00ed<\/title>\n<meta name=\"robots\" content=\"index, follow, max-snippet:-1, max-image-preview:large, max-video-preview:-1\" \/>\n<link rel=\"canonical\" href=\"https:\/\/web.consaguirre.com.ar\/noticias\/el-video-el-arco-de-cupido-de-olly-alexander-ya-esta-aqui\/\" \/>\n<meta property=\"og:locale\" content=\"es_ES\" \/>\n<meta property=\"og:type\" content=\"article\" \/>\n<meta property=\"og:title\" content=\"El v\u00eddeo &#039;El arco de Cupido&#039; de Olly Alexander ya est\u00e1 aqu\u00ed\" \/>\n<meta property=\"og:description\" content=\"Olly Alejandro anunciado recientemente polarisu primer disco bajo su propio nombre tras una discograf\u00eda estelar como Years &#038; Years. Antes del lanzamiento del proyecto el\" \/>\n<meta property=\"og:url\" content=\"https:\/\/web.consaguirre.com.ar\/noticias\/el-video-el-arco-de-cupido-de-olly-alexander-ya-esta-aqui\/\" \/>\n<meta property=\"og:site_name\" content=\"Conservatorio de M\u00fasica Juli\u00e1n Aguirre\" \/>\n<meta property=\"article:published_time\" content=\"2024-10-29T20:39:09+00:00\" \/>\n<meta property=\"article:modified_time\" content=\"2024-10-29T20:39:11+00:00\" \/>\n<meta property=\"og:image\" content=\"https:\/\/web.consaguirre.com.ar\/noticias\/wp-content\/uploads\/2024\/10\/El-video-El-arco-de-Cupido-de-Olly-Alexander-ya.jpg\" \/>\n\t<meta property=\"og:image:width\" content=\"1280\" \/>\n\t<meta property=\"og:image:height\" content=\"1280\" \/>\n\t<meta property=\"og:image:type\" content=\"image\/jpeg\" \/>\n<meta name=\"author\" content=\"Javier Figueroa\" \/>\n<meta name=\"twitter:card\" content=\"summary_large_image\" \/>\n<meta name=\"twitter:label1\" content=\"Escrito por\" \/>\n\t<meta name=\"twitter:data1\" content=\"Javier Figueroa\" \/>\n\t<meta name=\"twitter:label2\" content=\"Tiempo de lectura\" \/>\n\t<meta name=\"twitter:data2\" content=\"2 minutos\" \/>\n<script type=\"application\/ld+json\" class=\"yoast-schema-graph\">{\"@context\":\"https:\/\/schema.org\",\"@graph\":[{\"@type\":\"Article\",\"@id\":\"https:\/\/web.consaguirre.com.ar\/noticias\/el-video-el-arco-de-cupido-de-olly-alexander-ya-esta-aqui\/#article\",\"isPartOf\":{\"@id\":\"https:\/\/web.consaguirre.com.ar\/noticias\/el-video-el-arco-de-cupido-de-olly-alexander-ya-esta-aqui\/\"},\"author\":{\"name\":\"Javier Figueroa\",\"@id\":\"https:\/\/web.consaguirre.com.ar\/noticias\/#\/schema\/person\/6558b0cfedee7ddc5425602b237d5722\"},\"headline\":\"El v\u00eddeo &#8216;El arco de Cupido&#8217; de Olly Alexander ya est\u00e1 aqu\u00ed\",\"datePublished\":\"2024-10-29T20:39:09+00:00\",\"dateModified\":\"2024-10-29T20:39:11+00:00\",\"mainEntityOfPage\":{\"@id\":\"https:\/\/web.consaguirre.com.ar\/noticias\/el-video-el-arco-de-cupido-de-olly-alexander-ya-esta-aqui\/\"},\"wordCount\":334,\"publisher\":{\"@id\":\"https:\/\/web.consaguirre.com.ar\/noticias\/#organization\"},\"image\":{\"@id\":\"https:\/\/web.consaguirre.com.ar\/noticias\/el-video-el-arco-de-cupido-de-olly-alexander-ya-esta-aqui\/#primaryimage\"},\"thumbnailUrl\":\"https:\/\/web.consaguirre.com.ar\/noticias\/wp-content\/uploads\/2024\/10\/El-video-El-arco-de-Cupido-de-Olly-Alexander-ya.jpg\",\"keywords\":[\"Alexander\",\"aqu\u00ed\",\"arco\",\"Cupido\",\"est\u00e1\",\"Olly\",\"v\u00eddeo\"],\"articleSection\":[\"El \u00faltimo\"],\"inLanguage\":\"es-AR\"},{\"@type\":\"WebPage\",\"@id\":\"https:\/\/web.consaguirre.com.ar\/noticias\/el-video-el-arco-de-cupido-de-olly-alexander-ya-esta-aqui\/\",\"url\":\"https:\/\/web.consaguirre.com.ar\/noticias\/el-video-el-arco-de-cupido-de-olly-alexander-ya-esta-aqui\/\",\"name\":\"El v\u00eddeo 'El arco de Cupido' de Olly Alexander ya est\u00e1 aqu\u00ed\",\"isPartOf\":{\"@id\":\"https:\/\/web.consaguirre.com.ar\/noticias\/#website\"},\"primaryImageOfPage\":{\"@id\":\"https:\/\/web.consaguirre.com.ar\/noticias\/el-video-el-arco-de-cupido-de-olly-alexander-ya-esta-aqui\/#primaryimage\"},\"image\":{\"@id\":\"https:\/\/web.consaguirre.com.ar\/noticias\/el-video-el-arco-de-cupido-de-olly-alexander-ya-esta-aqui\/#primaryimage\"},\"thumbnailUrl\":\"https:\/\/web.consaguirre.com.ar\/noticias\/wp-content\/uploads\/2024\/10\/El-video-El-arco-de-Cupido-de-Olly-Alexander-ya.jpg\",\"datePublished\":\"2024-10-29T20:39:09+00:00\",\"dateModified\":\"2024-10-29T20:39:11+00:00\",\"breadcrumb\":{\"@id\":\"https:\/\/web.consaguirre.com.ar\/noticias\/el-video-el-arco-de-cupido-de-olly-alexander-ya-esta-aqui\/#breadcrumb\"},\"inLanguage\":\"es-AR\",\"potentialAction\":[{\"@type\":\"ReadAction\",\"target\":[\"https:\/\/web.consaguirre.com.ar\/noticias\/el-video-el-arco-de-cupido-de-olly-alexander-ya-esta-aqui\/\"]}]},{\"@type\":\"ImageObject\",\"inLanguage\":\"es-AR\",\"@id\":\"https:\/\/web.consaguirre.com.ar\/noticias\/el-video-el-arco-de-cupido-de-olly-alexander-ya-esta-aqui\/#primaryimage\",\"url\":\"https:\/\/web.consaguirre.com.ar\/noticias\/wp-content\/uploads\/2024\/10\/El-video-El-arco-de-Cupido-de-Olly-Alexander-ya.jpg\",\"contentUrl\":\"https:\/\/web.consaguirre.com.ar\/noticias\/wp-content\/uploads\/2024\/10\/El-video-El-arco-de-Cupido-de-Olly-Alexander-ya.jpg\",\"width\":1280,\"height\":1280,\"caption\":\"El v\u00eddeo 'El arco de Cupido' de Olly Alexander ya est\u00e1 aqu\u00ed\"},{\"@type\":\"BreadcrumbList\",\"@id\":\"https:\/\/web.consaguirre.com.ar\/noticias\/el-video-el-arco-de-cupido-de-olly-alexander-ya-esta-aqui\/#breadcrumb\",\"itemListElement\":[{\"@type\":\"ListItem\",\"position\":1,\"name\":\"Inicio\",\"item\":\"https:\/\/web.consaguirre.com.ar\/noticias\/\"},{\"@type\":\"ListItem\",\"position\":2,\"name\":\"El v\u00eddeo &#8216;El arco de Cupido&#8217; de Olly Alexander ya est\u00e1 aqu\u00ed\"}]},{\"@type\":\"WebSite\",\"@id\":\"https:\/\/web.consaguirre.com.ar\/noticias\/#website\",\"url\":\"https:\/\/web.consaguirre.com.ar\/noticias\/\",\"name\":\"Conservatorio de M\u00fasica Juli\u00e1n Aguirre\",\"description\":\"\",\"publisher\":{\"@id\":\"https:\/\/web.consaguirre.com.ar\/noticias\/#organization\"},\"potentialAction\":[{\"@type\":\"SearchAction\",\"target\":{\"@type\":\"EntryPoint\",\"urlTemplate\":\"https:\/\/web.consaguirre.com.ar\/noticias\/?s={search_term_string}\"},\"query-input\":\"required name=search_term_string\"}],\"inLanguage\":\"es-AR\"},{\"@type\":\"Organization\",\"@id\":\"https:\/\/web.consaguirre.com.ar\/noticias\/#organization\",\"name\":\"Conservatorio de M\u00fasica Juli\u00e1n Aguirre\",\"url\":\"https:\/\/web.consaguirre.com.ar\/noticias\/\",\"logo\":{\"@type\":\"ImageObject\",\"inLanguage\":\"es-AR\",\"@id\":\"https:\/\/web.consaguirre.com.ar\/noticias\/#\/schema\/logo\/image\/\",\"url\":\"https:\/\/web.consaguirre.com.ar\/noticias\/wp-content\/uploads\/2024\/08\/Banner-Aguirre-23.jpg\",\"contentUrl\":\"https:\/\/web.consaguirre.com.ar\/noticias\/wp-content\/uploads\/2024\/08\/Banner-Aguirre-23.jpg\",\"width\":1192,\"height\":600,\"caption\":\"Conservatorio de M\u00fasica Juli\u00e1n Aguirre\"},\"image\":{\"@id\":\"https:\/\/web.consaguirre.com.ar\/noticias\/#\/schema\/logo\/image\/\"}},{\"@type\":\"Person\",\"@id\":\"https:\/\/web.consaguirre.com.ar\/noticias\/#\/schema\/person\/6558b0cfedee7ddc5425602b237d5722\",\"name\":\"Javier Figueroa\",\"image\":{\"@type\":\"ImageObject\",\"inLanguage\":\"es-AR\",\"@id\":\"https:\/\/web.consaguirre.com.ar\/noticias\/#\/schema\/person\/image\/\",\"url\":\"https:\/\/web.consaguirre.com.ar\/noticias\/wp-content\/uploads\/2024\/08\/Consaguirre-scaled.jpg\",\"contentUrl\":\"https:\/\/web.consaguirre.com.ar\/noticias\/wp-content\/uploads\/2024\/08\/Consaguirre-scaled.jpg\",\"caption\":\"Javier Figueroa\"},\"description\":\"Me llamo Javier Figueroa y soy redactor para el sitio oficial del Conservatorio de M\u00fasica Juli\u00e1n Aguirre en Buenos Aires, consaguirre.com. Apasionado por la m\u00fasica y la escritura, me esfuerzo por destacar los talentos y eventos de nuestra prestigiosa instituci\u00f3n. Mi trayectoria se nutre de una profunda admiraci\u00f3n por los artistas, haciendo de cada art\u00edculo una celebraci\u00f3n de la creatividad y la cultura musical.\",\"sameAs\":[\"https:\/\/web.consaguirre.com.ar\/noticias\"]}]}<\/script>\n<!-- \/ Yoast SEO plugin. -->","yoast_head_json":{"title":"El v\u00eddeo 'El arco de Cupido' de Olly Alexander ya est\u00e1 aqu\u00ed","robots":{"index":"index","follow":"follow","max-snippet":"max-snippet:-1","max-image-preview":"max-image-preview:large","max-video-preview":"max-video-preview:-1"},"canonical":"https:\/\/web.consaguirre.com.ar\/noticias\/el-video-el-arco-de-cupido-de-olly-alexander-ya-esta-aqui\/","og_locale":"es_ES","og_type":"article","og_title":"El v\u00eddeo 'El arco de Cupido' de Olly Alexander ya est\u00e1 aqu\u00ed","og_description":"Olly Alejandro anunciado recientemente polarisu primer disco bajo su propio nombre tras una discograf\u00eda estelar como Years &#038; Years. Antes del lanzamiento del proyecto el","og_url":"https:\/\/web.consaguirre.com.ar\/noticias\/el-video-el-arco-de-cupido-de-olly-alexander-ya-esta-aqui\/","og_site_name":"Conservatorio de M\u00fasica Juli\u00e1n Aguirre","article_published_time":"2024-10-29T20:39:09+00:00","article_modified_time":"2024-10-29T20:39:11+00:00","og_image":[{"width":1280,"height":1280,"url":"https:\/\/web.consaguirre.com.ar\/noticias\/wp-content\/uploads\/2024\/10\/El-video-El-arco-de-Cupido-de-Olly-Alexander-ya.jpg","type":"image\/jpeg"}],"author":"Javier Figueroa","twitter_card":"summary_large_image","twitter_misc":{"Escrito por":"Javier Figueroa","Tiempo de lectura":"2 minutos"},"schema":{"@context":"https:\/\/schema.org","@graph":[{"@type":"Article","@id":"https:\/\/web.consaguirre.com.ar\/noticias\/el-video-el-arco-de-cupido-de-olly-alexander-ya-esta-aqui\/#article","isPartOf":{"@id":"https:\/\/web.consaguirre.com.ar\/noticias\/el-video-el-arco-de-cupido-de-olly-alexander-ya-esta-aqui\/"},"author":{"name":"Javier Figueroa","@id":"https:\/\/web.consaguirre.com.ar\/noticias\/#\/schema\/person\/6558b0cfedee7ddc5425602b237d5722"},"headline":"El v\u00eddeo &#8216;El arco de Cupido&#8217; de Olly Alexander ya est\u00e1 aqu\u00ed","datePublished":"2024-10-29T20:39:09+00:00","dateModified":"2024-10-29T20:39:11+00:00","mainEntityOfPage":{"@id":"https:\/\/web.consaguirre.com.ar\/noticias\/el-video-el-arco-de-cupido-de-olly-alexander-ya-esta-aqui\/"},"wordCount":334,"publisher":{"@id":"https:\/\/web.consaguirre.com.ar\/noticias\/#organization"},"image":{"@id":"https:\/\/web.consaguirre.com.ar\/noticias\/el-video-el-arco-de-cupido-de-olly-alexander-ya-esta-aqui\/#primaryimage"},"thumbnailUrl":"https:\/\/web.consaguirre.com.ar\/noticias\/wp-content\/uploads\/2024\/10\/El-video-El-arco-de-Cupido-de-Olly-Alexander-ya.jpg","keywords":["Alexander","aqu\u00ed","arco","Cupido","est\u00e1","Olly","v\u00eddeo"],"articleSection":["El \u00faltimo"],"inLanguage":"es-AR"},{"@type":"WebPage","@id":"https:\/\/web.consaguirre.com.ar\/noticias\/el-video-el-arco-de-cupido-de-olly-alexander-ya-esta-aqui\/","url":"https:\/\/web.consaguirre.com.ar\/noticias\/el-video-el-arco-de-cupido-de-olly-alexander-ya-esta-aqui\/","name":"El v\u00eddeo 'El arco de Cupido' de Olly Alexander ya est\u00e1 aqu\u00ed","isPartOf":{"@id":"https:\/\/web.consaguirre.com.ar\/noticias\/#website"},"primaryImageOfPage":{"@id":"https:\/\/web.consaguirre.com.ar\/noticias\/el-video-el-arco-de-cupido-de-olly-alexander-ya-esta-aqui\/#primaryimage"},"image":{"@id":"https:\/\/web.consaguirre.com.ar\/noticias\/el-video-el-arco-de-cupido-de-olly-alexander-ya-esta-aqui\/#primaryimage"},"thumbnailUrl":"https:\/\/web.consaguirre.com.ar\/noticias\/wp-content\/uploads\/2024\/10\/El-video-El-arco-de-Cupido-de-Olly-Alexander-ya.jpg","datePublished":"2024-10-29T20:39:09+00:00","dateModified":"2024-10-29T20:39:11+00:00","breadcrumb":{"@id":"https:\/\/web.consaguirre.com.ar\/noticias\/el-video-el-arco-de-cupido-de-olly-alexander-ya-esta-aqui\/#breadcrumb"},"inLanguage":"es-AR","potentialAction":[{"@type":"ReadAction","target":["https:\/\/web.consaguirre.com.ar\/noticias\/el-video-el-arco-de-cupido-de-olly-alexander-ya-esta-aqui\/"]}]},{"@type":"ImageObject","inLanguage":"es-AR","@id":"https:\/\/web.consaguirre.com.ar\/noticias\/el-video-el-arco-de-cupido-de-olly-alexander-ya-esta-aqui\/#primaryimage","url":"https:\/\/web.consaguirre.com.ar\/noticias\/wp-content\/uploads\/2024\/10\/El-video-El-arco-de-Cupido-de-Olly-Alexander-ya.jpg","contentUrl":"https:\/\/web.consaguirre.com.ar\/noticias\/wp-content\/uploads\/2024\/10\/El-video-El-arco-de-Cupido-de-Olly-Alexander-ya.jpg","width":1280,"height":1280,"caption":"El v\u00eddeo 'El arco de Cupido' de Olly Alexander ya est\u00e1 aqu\u00ed"},{"@type":"BreadcrumbList","@id":"https:\/\/web.consaguirre.com.ar\/noticias\/el-video-el-arco-de-cupido-de-olly-alexander-ya-esta-aqui\/#breadcrumb","itemListElement":[{"@type":"ListItem","position":1,"name":"Inicio","item":"https:\/\/web.consaguirre.com.ar\/noticias\/"},{"@type":"ListItem","position":2,"name":"El v\u00eddeo &#8216;El arco de Cupido&#8217; de Olly Alexander ya est\u00e1 aqu\u00ed"}]},{"@type":"WebSite","@id":"https:\/\/web.consaguirre.com.ar\/noticias\/#website","url":"https:\/\/web.consaguirre.com.ar\/noticias\/","name":"Conservatorio de M\u00fasica Juli\u00e1n Aguirre","description":"","publisher":{"@id":"https:\/\/web.consaguirre.com.ar\/noticias\/#organization"},"potentialAction":[{"@type":"SearchAction","target":{"@type":"EntryPoint","urlTemplate":"https:\/\/web.consaguirre.com.ar\/noticias\/?s={search_term_string}"},"query-input":"required name=search_term_string"}],"inLanguage":"es-AR"},{"@type":"Organization","@id":"https:\/\/web.consaguirre.com.ar\/noticias\/#organization","name":"Conservatorio de M\u00fasica Juli\u00e1n Aguirre","url":"https:\/\/web.consaguirre.com.ar\/noticias\/","logo":{"@type":"ImageObject","inLanguage":"es-AR","@id":"https:\/\/web.consaguirre.com.ar\/noticias\/#\/schema\/logo\/image\/","url":"https:\/\/web.consaguirre.com.ar\/noticias\/wp-content\/uploads\/2024\/08\/Banner-Aguirre-23.jpg","contentUrl":"https:\/\/web.consaguirre.com.ar\/noticias\/wp-content\/uploads\/2024\/08\/Banner-Aguirre-23.jpg","width":1192,"height":600,"caption":"Conservatorio de M\u00fasica Juli\u00e1n Aguirre"},"image":{"@id":"https:\/\/web.consaguirre.com.ar\/noticias\/#\/schema\/logo\/image\/"}},{"@type":"Person","@id":"https:\/\/web.consaguirre.com.ar\/noticias\/#\/schema\/person\/6558b0cfedee7ddc5425602b237d5722","name":"Javier Figueroa","image":{"@type":"ImageObject","inLanguage":"es-AR","@id":"https:\/\/web.consaguirre.com.ar\/noticias\/#\/schema\/person\/image\/","url":"https:\/\/web.consaguirre.com.ar\/noticias\/wp-content\/uploads\/2024\/08\/Consaguirre-scaled.jpg","contentUrl":"https:\/\/web.consaguirre.com.ar\/noticias\/wp-content\/uploads\/2024\/08\/Consaguirre-scaled.jpg","caption":"Javier Figueroa"},"description":"Me llamo Javier Figueroa y soy redactor para el sitio oficial del Conservatorio de M\u00fasica Juli\u00e1n Aguirre en Buenos Aires, consaguirre.com. Apasionado por la m\u00fasica y la escritura, me esfuerzo por destacar los talentos y eventos de nuestra prestigiosa instituci\u00f3n. Mi trayectoria se nutre de una profunda admiraci\u00f3n por los artistas, haciendo de cada art\u00edculo una celebraci\u00f3n de la creatividad y la cultura musical.","sameAs":["https:\/\/web.consaguirre.com.ar\/noticias"]}]}},"_links":{"self":[{"href":"https:\/\/web.consaguirre.com.ar\/noticias\/wp-json\/wp\/v2\/posts\/971"}],"collection":[{"href":"https:\/\/web.consaguirre.com.ar\/noticias\/wp-json\/wp\/v2\/posts"}],"about":[{"href":"https:\/\/web.consaguirre.com.ar\/noticias\/wp-json\/wp\/v2\/types\/post"}],"author":[{"embeddable":true,"href":"https:\/\/web.consaguirre.com.ar\/noticias\/wp-json\/wp\/v2\/users\/1"}],"replies":[{"embeddable":true,"href":"https:\/\/web.consaguirre.com.ar\/noticias\/wp-json\/wp\/v2\/comments?post=971"}],"version-history":[{"count":1,"href":"https:\/\/web.consaguirre.com.ar\/noticias\/wp-json\/wp\/v2\/posts\/971\/revisions"}],"predecessor-version":[{"id":973,"href":"https:\/\/web.consaguirre.com.ar\/noticias\/wp-json\/wp\/v2\/posts\/971\/revisions\/973"}],"wp:featuredmedia":[{"embeddable":true,"href":"https:\/\/web.consaguirre.com.ar\/noticias\/wp-json\/wp\/v2\/media\/972"}],"wp:attachment":[{"href":"https:\/\/web.consaguirre.com.ar\/noticias\/wp-json\/wp\/v2\/media?parent=971"}],"wp:term":[{"taxonomy":"category","embeddable":true,"href":"https:\/\/web.consaguirre.com.ar\/noticias\/wp-json\/wp\/v2\/categories?post=971"},{"taxonomy":"post_tag","embeddable":true,"href":"https:\/\/web.consaguirre.com.ar\/noticias\/wp-json\/wp\/v2\/tags?post=971"}],"curies":[{"name":"wp","href":"https:\/\/api.w.org\/{rel}","templated":true}]}}