{"id":962,"date":"2024-10-28T23:40:24","date_gmt":"2024-10-29T02:40:24","guid":{"rendered":"https:\/\/web.consaguirre.com.ar\/noticias\/gwen-stefani-comparte-nuevo-sencillo-swallow-my-tears\/"},"modified":"2024-10-28T23:40:26","modified_gmt":"2024-10-29T02:40:26","slug":"gwen-stefani-comparte-nuevo-sencillo-swallow-my-tears","status":"publish","type":"post","link":"https:\/\/web.consaguirre.com.ar\/noticias\/gwen-stefani-comparte-nuevo-sencillo-swallow-my-tears\/","title":{"rendered":"Gwen Stefani comparte nuevo sencillo &#8216;Swallow My Tears&#8217;"},"content":{"rendered":"<p><strong>Gwen Stefani<\/strong> ha compartido un nuevo single. \u201cSwallow My Tears\u201d aparecer\u00e1 en el quinto \u00e1lbum de la leyenda del pop, <strong><em>Ramo<\/em><\/strong>. La canci\u00f3n sigue la canci\u00f3n lanzada anteriormente &#8220;Somebody Else&#8217;s&#8221;. <em>Ramo<\/em> saldr\u00e1 el 15 de noviembre a trav\u00e9s de Interscope Records.<\/p>\n<p>Tanto \u201cSwallow My Tears\u201d como \u201cSomebody Else&#8217;s\u201d fueron grabados con una banda completa en vivo en los Smoakstack Studios de Nashville junto al galardonado productor Scott Hendricks. Los otros <em>Ramo<\/em> fue creado con el mismo equipo. El \u00e1lbum de 10 canciones incluye una colaboraci\u00f3n con la superestrella country y esposo de Stefani, Blake Shelton, &#8220;Purple Irises&#8221;. La portada del disco muestra a Stefani descansando en una cama con un sombrero de vaquero y un traje a cuadros mientras sostiene una sola peon\u00eda. Ella ha dicho que el \u00e1lbum \u201cestar\u00e1 en pleno florecimiento\u201d tras su lanzamiento.<\/p>\n<div class=\"uD-YT-container\"><img decoding=\"async\" src=\"https:\/\/web.consaguirre.com.ar\/noticias\/wp-content\/uploads\/2024\/10\/1730169624_528_Gwen-Stefani-comparte-nuevo-sencillo-Swallow-My-Tears.jpg\" alt=\"V\u00eddeo de YouTube\"><br \/>Haga clic para cargar v\u00eddeo<\/div>\n<p><em>Ramo<\/em> Ser\u00e1 el primer \u00e1lbum en solitario de Stefani en siete a\u00f1os. Sigue a su \u00e1lbum navide\u00f1o de 2017. <em>Lo haces sentir como Navidad<\/em> y 2015 <em>As\u00ed es como se siente la verdad<\/em>que debut\u00f3 en el n\u00famero 1 del Billboard 200. Este a\u00f1o, el debut solista de Stefani en 2004, <em>Amar. \u00c1ngel. M\u00fasica. Beb\u00e9.<\/em>celebr\u00f3 su 20 aniversario con una reimpresi\u00f3n en vinilo. El \u00e1lbum 5x platino incluye el \u00e9xito n\u00famero uno \u201cHollaback Girl\u201d, as\u00ed como sencillos queridos como \u201cCool\u201d, \u201cLuxurious\u201d y \u201cCrash\u201d. <em>Amar. \u00c1ngel. M\u00fasica. Beb\u00e9.<\/em> alcanz\u00f3 el puesto n\u00famero 5 en el Billboard 200 y recibi\u00f3 un pu\u00f1ado de nominaciones al Grammy, incluyendo \u00c1lbum del A\u00f1o, Mejor \u00c1lbum Vocal Pop y Grabaci\u00f3n del A\u00f1o.<\/p>\n<p>En abril de 2024, Stefani y No Doubt encabezaron Coachella, poniendo fin a una pausa de una d\u00e9cada. El a\u00f1o pasado, Stefani comparti\u00f3 un sencillo llamado &#8220;True Babe&#8221;, producido por Jack &#038; Coke y KThrash. Stefani fue incluida en la promoci\u00f3n de 2024 del Paseo de la Fama de Hollywood. Adem\u00e1s de lanzar su propia m\u00fasica, Stefani est\u00e1 entrando en su octava temporada como entrenadora en el programa de NBC. <em>La Voz<\/em>.<\/p>\n<p><strong>Ordene Gwen Stefani <em>Ramo<\/em> ahora.<\/strong><\/p><\/p>\n","protected":false},"excerpt":{"rendered":"<p>Gwen Stefani ha compartido un nuevo single. \u201cSwallow My Tears\u201d aparecer\u00e1 en el quinto \u00e1lbum de la leyenda del pop, Ramo. La canci\u00f3n sigue la<\/p>\n","protected":false},"author":1,"featured_media":963,"comment_status":"closed","ping_status":"","sticky":false,"template":"","format":"standard","meta":{"footnotes":""},"categories":[50],"tags":[201,602,146,204,603,1099,1100],"class_list":["post-962","post","type-post","status-publish","format-standard","has-post-thumbnail","hentry","category-el-ultimo","tag-comparte","tag-gwen","tag-nuevo","tag-sencillo","tag-stefani","tag-swallow","tag-tears","generate-columns","tablet-grid-50","mobile-grid-100","grid-parent","grid-50"],"yoast_head":"<!-- This site is optimized with the Yoast SEO plugin v23.3 - https:\/\/yoast.com\/wordpress\/plugins\/seo\/ -->\n<title>Gwen Stefani comparte nuevo sencillo &#039;Swallow My Tears&#039;<\/title>\n<meta name=\"robots\" content=\"index, follow, max-snippet:-1, max-image-preview:large, max-video-preview:-1\" \/>\n<link rel=\"canonical\" href=\"https:\/\/web.consaguirre.com.ar\/noticias\/gwen-stefani-comparte-nuevo-sencillo-swallow-my-tears\/\" \/>\n<meta property=\"og:locale\" content=\"es_ES\" \/>\n<meta property=\"og:type\" content=\"article\" \/>\n<meta property=\"og:title\" content=\"Gwen Stefani comparte nuevo sencillo &#039;Swallow My Tears&#039;\" \/>\n<meta property=\"og:description\" content=\"Gwen Stefani ha compartido un nuevo single. \u201cSwallow My Tears\u201d aparecer\u00e1 en el quinto \u00e1lbum de la leyenda del pop, Ramo. La canci\u00f3n sigue la\" \/>\n<meta property=\"og:url\" content=\"https:\/\/web.consaguirre.com.ar\/noticias\/gwen-stefani-comparte-nuevo-sencillo-swallow-my-tears\/\" \/>\n<meta property=\"og:site_name\" content=\"Conservatorio de M\u00fasica Juli\u00e1n Aguirre\" \/>\n<meta property=\"article:published_time\" content=\"2024-10-29T02:40:24+00:00\" \/>\n<meta property=\"article:modified_time\" content=\"2024-10-29T02:40:26+00:00\" \/>\n<meta property=\"og:image\" content=\"https:\/\/web.consaguirre.com.ar\/noticias\/wp-content\/uploads\/2024\/10\/Gwen-Stefani-comparte-nuevo-sencillo-Swallow-My-Tears.jpg\" \/>\n\t<meta property=\"og:image:width\" content=\"1440\" \/>\n\t<meta property=\"og:image:height\" content=\"864\" \/>\n\t<meta property=\"og:image:type\" content=\"image\/jpeg\" \/>\n<meta name=\"author\" content=\"Javier Figueroa\" \/>\n<meta name=\"twitter:card\" content=\"summary_large_image\" \/>\n<meta name=\"twitter:label1\" content=\"Escrito por\" \/>\n\t<meta name=\"twitter:data1\" content=\"Javier Figueroa\" \/>\n\t<meta name=\"twitter:label2\" content=\"Tiempo de lectura\" \/>\n\t<meta name=\"twitter:data2\" content=\"2 minutos\" \/>\n<script type=\"application\/ld+json\" class=\"yoast-schema-graph\">{\"@context\":\"https:\/\/schema.org\",\"@graph\":[{\"@type\":\"Article\",\"@id\":\"https:\/\/web.consaguirre.com.ar\/noticias\/gwen-stefani-comparte-nuevo-sencillo-swallow-my-tears\/#article\",\"isPartOf\":{\"@id\":\"https:\/\/web.consaguirre.com.ar\/noticias\/gwen-stefani-comparte-nuevo-sencillo-swallow-my-tears\/\"},\"author\":{\"name\":\"Javier Figueroa\",\"@id\":\"https:\/\/web.consaguirre.com.ar\/noticias\/#\/schema\/person\/6558b0cfedee7ddc5425602b237d5722\"},\"headline\":\"Gwen Stefani comparte nuevo sencillo &#8216;Swallow My Tears&#8217;\",\"datePublished\":\"2024-10-29T02:40:24+00:00\",\"dateModified\":\"2024-10-29T02:40:26+00:00\",\"mainEntityOfPage\":{\"@id\":\"https:\/\/web.consaguirre.com.ar\/noticias\/gwen-stefani-comparte-nuevo-sencillo-swallow-my-tears\/\"},\"wordCount\":355,\"publisher\":{\"@id\":\"https:\/\/web.consaguirre.com.ar\/noticias\/#organization\"},\"image\":{\"@id\":\"https:\/\/web.consaguirre.com.ar\/noticias\/gwen-stefani-comparte-nuevo-sencillo-swallow-my-tears\/#primaryimage\"},\"thumbnailUrl\":\"https:\/\/web.consaguirre.com.ar\/noticias\/wp-content\/uploads\/2024\/10\/Gwen-Stefani-comparte-nuevo-sencillo-Swallow-My-Tears.jpg\",\"keywords\":[\"comparte\",\"Gwen\",\"nuevo\",\"sencillo\",\"Stefani\",\"Swallow\",\"Tears\"],\"articleSection\":[\"El \u00faltimo\"],\"inLanguage\":\"es-AR\"},{\"@type\":\"WebPage\",\"@id\":\"https:\/\/web.consaguirre.com.ar\/noticias\/gwen-stefani-comparte-nuevo-sencillo-swallow-my-tears\/\",\"url\":\"https:\/\/web.consaguirre.com.ar\/noticias\/gwen-stefani-comparte-nuevo-sencillo-swallow-my-tears\/\",\"name\":\"Gwen Stefani comparte nuevo sencillo 'Swallow My Tears'\",\"isPartOf\":{\"@id\":\"https:\/\/web.consaguirre.com.ar\/noticias\/#website\"},\"primaryImageOfPage\":{\"@id\":\"https:\/\/web.consaguirre.com.ar\/noticias\/gwen-stefani-comparte-nuevo-sencillo-swallow-my-tears\/#primaryimage\"},\"image\":{\"@id\":\"https:\/\/web.consaguirre.com.ar\/noticias\/gwen-stefani-comparte-nuevo-sencillo-swallow-my-tears\/#primaryimage\"},\"thumbnailUrl\":\"https:\/\/web.consaguirre.com.ar\/noticias\/wp-content\/uploads\/2024\/10\/Gwen-Stefani-comparte-nuevo-sencillo-Swallow-My-Tears.jpg\",\"datePublished\":\"2024-10-29T02:40:24+00:00\",\"dateModified\":\"2024-10-29T02:40:26+00:00\",\"breadcrumb\":{\"@id\":\"https:\/\/web.consaguirre.com.ar\/noticias\/gwen-stefani-comparte-nuevo-sencillo-swallow-my-tears\/#breadcrumb\"},\"inLanguage\":\"es-AR\",\"potentialAction\":[{\"@type\":\"ReadAction\",\"target\":[\"https:\/\/web.consaguirre.com.ar\/noticias\/gwen-stefani-comparte-nuevo-sencillo-swallow-my-tears\/\"]}]},{\"@type\":\"ImageObject\",\"inLanguage\":\"es-AR\",\"@id\":\"https:\/\/web.consaguirre.com.ar\/noticias\/gwen-stefani-comparte-nuevo-sencillo-swallow-my-tears\/#primaryimage\",\"url\":\"https:\/\/web.consaguirre.com.ar\/noticias\/wp-content\/uploads\/2024\/10\/Gwen-Stefani-comparte-nuevo-sencillo-Swallow-My-Tears.jpg\",\"contentUrl\":\"https:\/\/web.consaguirre.com.ar\/noticias\/wp-content\/uploads\/2024\/10\/Gwen-Stefani-comparte-nuevo-sencillo-Swallow-My-Tears.jpg\",\"width\":1440,\"height\":864,\"caption\":\"Gwen Stefani comparte nuevo sencillo 'Swallow My Tears'\"},{\"@type\":\"BreadcrumbList\",\"@id\":\"https:\/\/web.consaguirre.com.ar\/noticias\/gwen-stefani-comparte-nuevo-sencillo-swallow-my-tears\/#breadcrumb\",\"itemListElement\":[{\"@type\":\"ListItem\",\"position\":1,\"name\":\"Inicio\",\"item\":\"https:\/\/web.consaguirre.com.ar\/noticias\/\"},{\"@type\":\"ListItem\",\"position\":2,\"name\":\"Gwen Stefani comparte nuevo sencillo &#8216;Swallow My Tears&#8217;\"}]},{\"@type\":\"WebSite\",\"@id\":\"https:\/\/web.consaguirre.com.ar\/noticias\/#website\",\"url\":\"https:\/\/web.consaguirre.com.ar\/noticias\/\",\"name\":\"Conservatorio de M\u00fasica Juli\u00e1n Aguirre\",\"description\":\"\",\"publisher\":{\"@id\":\"https:\/\/web.consaguirre.com.ar\/noticias\/#organization\"},\"potentialAction\":[{\"@type\":\"SearchAction\",\"target\":{\"@type\":\"EntryPoint\",\"urlTemplate\":\"https:\/\/web.consaguirre.com.ar\/noticias\/?s={search_term_string}\"},\"query-input\":\"required name=search_term_string\"}],\"inLanguage\":\"es-AR\"},{\"@type\":\"Organization\",\"@id\":\"https:\/\/web.consaguirre.com.ar\/noticias\/#organization\",\"name\":\"Conservatorio de M\u00fasica Juli\u00e1n Aguirre\",\"url\":\"https:\/\/web.consaguirre.com.ar\/noticias\/\",\"logo\":{\"@type\":\"ImageObject\",\"inLanguage\":\"es-AR\",\"@id\":\"https:\/\/web.consaguirre.com.ar\/noticias\/#\/schema\/logo\/image\/\",\"url\":\"https:\/\/web.consaguirre.com.ar\/noticias\/wp-content\/uploads\/2024\/08\/Banner-Aguirre-23.jpg\",\"contentUrl\":\"https:\/\/web.consaguirre.com.ar\/noticias\/wp-content\/uploads\/2024\/08\/Banner-Aguirre-23.jpg\",\"width\":1192,\"height\":600,\"caption\":\"Conservatorio de M\u00fasica Juli\u00e1n Aguirre\"},\"image\":{\"@id\":\"https:\/\/web.consaguirre.com.ar\/noticias\/#\/schema\/logo\/image\/\"}},{\"@type\":\"Person\",\"@id\":\"https:\/\/web.consaguirre.com.ar\/noticias\/#\/schema\/person\/6558b0cfedee7ddc5425602b237d5722\",\"name\":\"Javier Figueroa\",\"image\":{\"@type\":\"ImageObject\",\"inLanguage\":\"es-AR\",\"@id\":\"https:\/\/web.consaguirre.com.ar\/noticias\/#\/schema\/person\/image\/\",\"url\":\"https:\/\/web.consaguirre.com.ar\/noticias\/wp-content\/uploads\/2024\/08\/Consaguirre-scaled.jpg\",\"contentUrl\":\"https:\/\/web.consaguirre.com.ar\/noticias\/wp-content\/uploads\/2024\/08\/Consaguirre-scaled.jpg\",\"caption\":\"Javier Figueroa\"},\"description\":\"Me llamo Javier Figueroa y soy redactor para el sitio oficial del Conservatorio de M\u00fasica Juli\u00e1n Aguirre en Buenos Aires, consaguirre.com. Apasionado por la m\u00fasica y la escritura, me esfuerzo por destacar los talentos y eventos de nuestra prestigiosa instituci\u00f3n. Mi trayectoria se nutre de una profunda admiraci\u00f3n por los artistas, haciendo de cada art\u00edculo una celebraci\u00f3n de la creatividad y la cultura musical.\",\"sameAs\":[\"https:\/\/web.consaguirre.com.ar\/noticias\"]}]}<\/script>\n<!-- \/ Yoast SEO plugin. -->","yoast_head_json":{"title":"Gwen Stefani comparte nuevo sencillo 'Swallow My Tears'","robots":{"index":"index","follow":"follow","max-snippet":"max-snippet:-1","max-image-preview":"max-image-preview:large","max-video-preview":"max-video-preview:-1"},"canonical":"https:\/\/web.consaguirre.com.ar\/noticias\/gwen-stefani-comparte-nuevo-sencillo-swallow-my-tears\/","og_locale":"es_ES","og_type":"article","og_title":"Gwen Stefani comparte nuevo sencillo 'Swallow My Tears'","og_description":"Gwen Stefani ha compartido un nuevo single. \u201cSwallow My Tears\u201d aparecer\u00e1 en el quinto \u00e1lbum de la leyenda del pop, Ramo. La canci\u00f3n sigue la","og_url":"https:\/\/web.consaguirre.com.ar\/noticias\/gwen-stefani-comparte-nuevo-sencillo-swallow-my-tears\/","og_site_name":"Conservatorio de M\u00fasica Juli\u00e1n Aguirre","article_published_time":"2024-10-29T02:40:24+00:00","article_modified_time":"2024-10-29T02:40:26+00:00","og_image":[{"width":1440,"height":864,"url":"https:\/\/web.consaguirre.com.ar\/noticias\/wp-content\/uploads\/2024\/10\/Gwen-Stefani-comparte-nuevo-sencillo-Swallow-My-Tears.jpg","type":"image\/jpeg"}],"author":"Javier Figueroa","twitter_card":"summary_large_image","twitter_misc":{"Escrito por":"Javier Figueroa","Tiempo de lectura":"2 minutos"},"schema":{"@context":"https:\/\/schema.org","@graph":[{"@type":"Article","@id":"https:\/\/web.consaguirre.com.ar\/noticias\/gwen-stefani-comparte-nuevo-sencillo-swallow-my-tears\/#article","isPartOf":{"@id":"https:\/\/web.consaguirre.com.ar\/noticias\/gwen-stefani-comparte-nuevo-sencillo-swallow-my-tears\/"},"author":{"name":"Javier Figueroa","@id":"https:\/\/web.consaguirre.com.ar\/noticias\/#\/schema\/person\/6558b0cfedee7ddc5425602b237d5722"},"headline":"Gwen Stefani comparte nuevo sencillo &#8216;Swallow My Tears&#8217;","datePublished":"2024-10-29T02:40:24+00:00","dateModified":"2024-10-29T02:40:26+00:00","mainEntityOfPage":{"@id":"https:\/\/web.consaguirre.com.ar\/noticias\/gwen-stefani-comparte-nuevo-sencillo-swallow-my-tears\/"},"wordCount":355,"publisher":{"@id":"https:\/\/web.consaguirre.com.ar\/noticias\/#organization"},"image":{"@id":"https:\/\/web.consaguirre.com.ar\/noticias\/gwen-stefani-comparte-nuevo-sencillo-swallow-my-tears\/#primaryimage"},"thumbnailUrl":"https:\/\/web.consaguirre.com.ar\/noticias\/wp-content\/uploads\/2024\/10\/Gwen-Stefani-comparte-nuevo-sencillo-Swallow-My-Tears.jpg","keywords":["comparte","Gwen","nuevo","sencillo","Stefani","Swallow","Tears"],"articleSection":["El \u00faltimo"],"inLanguage":"es-AR"},{"@type":"WebPage","@id":"https:\/\/web.consaguirre.com.ar\/noticias\/gwen-stefani-comparte-nuevo-sencillo-swallow-my-tears\/","url":"https:\/\/web.consaguirre.com.ar\/noticias\/gwen-stefani-comparte-nuevo-sencillo-swallow-my-tears\/","name":"Gwen Stefani comparte nuevo sencillo 'Swallow My Tears'","isPartOf":{"@id":"https:\/\/web.consaguirre.com.ar\/noticias\/#website"},"primaryImageOfPage":{"@id":"https:\/\/web.consaguirre.com.ar\/noticias\/gwen-stefani-comparte-nuevo-sencillo-swallow-my-tears\/#primaryimage"},"image":{"@id":"https:\/\/web.consaguirre.com.ar\/noticias\/gwen-stefani-comparte-nuevo-sencillo-swallow-my-tears\/#primaryimage"},"thumbnailUrl":"https:\/\/web.consaguirre.com.ar\/noticias\/wp-content\/uploads\/2024\/10\/Gwen-Stefani-comparte-nuevo-sencillo-Swallow-My-Tears.jpg","datePublished":"2024-10-29T02:40:24+00:00","dateModified":"2024-10-29T02:40:26+00:00","breadcrumb":{"@id":"https:\/\/web.consaguirre.com.ar\/noticias\/gwen-stefani-comparte-nuevo-sencillo-swallow-my-tears\/#breadcrumb"},"inLanguage":"es-AR","potentialAction":[{"@type":"ReadAction","target":["https:\/\/web.consaguirre.com.ar\/noticias\/gwen-stefani-comparte-nuevo-sencillo-swallow-my-tears\/"]}]},{"@type":"ImageObject","inLanguage":"es-AR","@id":"https:\/\/web.consaguirre.com.ar\/noticias\/gwen-stefani-comparte-nuevo-sencillo-swallow-my-tears\/#primaryimage","url":"https:\/\/web.consaguirre.com.ar\/noticias\/wp-content\/uploads\/2024\/10\/Gwen-Stefani-comparte-nuevo-sencillo-Swallow-My-Tears.jpg","contentUrl":"https:\/\/web.consaguirre.com.ar\/noticias\/wp-content\/uploads\/2024\/10\/Gwen-Stefani-comparte-nuevo-sencillo-Swallow-My-Tears.jpg","width":1440,"height":864,"caption":"Gwen Stefani comparte nuevo sencillo 'Swallow My Tears'"},{"@type":"BreadcrumbList","@id":"https:\/\/web.consaguirre.com.ar\/noticias\/gwen-stefani-comparte-nuevo-sencillo-swallow-my-tears\/#breadcrumb","itemListElement":[{"@type":"ListItem","position":1,"name":"Inicio","item":"https:\/\/web.consaguirre.com.ar\/noticias\/"},{"@type":"ListItem","position":2,"name":"Gwen Stefani comparte nuevo sencillo &#8216;Swallow My Tears&#8217;"}]},{"@type":"WebSite","@id":"https:\/\/web.consaguirre.com.ar\/noticias\/#website","url":"https:\/\/web.consaguirre.com.ar\/noticias\/","name":"Conservatorio de M\u00fasica Juli\u00e1n Aguirre","description":"","publisher":{"@id":"https:\/\/web.consaguirre.com.ar\/noticias\/#organization"},"potentialAction":[{"@type":"SearchAction","target":{"@type":"EntryPoint","urlTemplate":"https:\/\/web.consaguirre.com.ar\/noticias\/?s={search_term_string}"},"query-input":"required name=search_term_string"}],"inLanguage":"es-AR"},{"@type":"Organization","@id":"https:\/\/web.consaguirre.com.ar\/noticias\/#organization","name":"Conservatorio de M\u00fasica Juli\u00e1n Aguirre","url":"https:\/\/web.consaguirre.com.ar\/noticias\/","logo":{"@type":"ImageObject","inLanguage":"es-AR","@id":"https:\/\/web.consaguirre.com.ar\/noticias\/#\/schema\/logo\/image\/","url":"https:\/\/web.consaguirre.com.ar\/noticias\/wp-content\/uploads\/2024\/08\/Banner-Aguirre-23.jpg","contentUrl":"https:\/\/web.consaguirre.com.ar\/noticias\/wp-content\/uploads\/2024\/08\/Banner-Aguirre-23.jpg","width":1192,"height":600,"caption":"Conservatorio de M\u00fasica Juli\u00e1n Aguirre"},"image":{"@id":"https:\/\/web.consaguirre.com.ar\/noticias\/#\/schema\/logo\/image\/"}},{"@type":"Person","@id":"https:\/\/web.consaguirre.com.ar\/noticias\/#\/schema\/person\/6558b0cfedee7ddc5425602b237d5722","name":"Javier Figueroa","image":{"@type":"ImageObject","inLanguage":"es-AR","@id":"https:\/\/web.consaguirre.com.ar\/noticias\/#\/schema\/person\/image\/","url":"https:\/\/web.consaguirre.com.ar\/noticias\/wp-content\/uploads\/2024\/08\/Consaguirre-scaled.jpg","contentUrl":"https:\/\/web.consaguirre.com.ar\/noticias\/wp-content\/uploads\/2024\/08\/Consaguirre-scaled.jpg","caption":"Javier Figueroa"},"description":"Me llamo Javier Figueroa y soy redactor para el sitio oficial del Conservatorio de M\u00fasica Juli\u00e1n Aguirre en Buenos Aires, consaguirre.com. Apasionado por la m\u00fasica y la escritura, me esfuerzo por destacar los talentos y eventos de nuestra prestigiosa instituci\u00f3n. Mi trayectoria se nutre de una profunda admiraci\u00f3n por los artistas, haciendo de cada art\u00edculo una celebraci\u00f3n de la creatividad y la cultura musical.","sameAs":["https:\/\/web.consaguirre.com.ar\/noticias"]}]}},"_links":{"self":[{"href":"https:\/\/web.consaguirre.com.ar\/noticias\/wp-json\/wp\/v2\/posts\/962"}],"collection":[{"href":"https:\/\/web.consaguirre.com.ar\/noticias\/wp-json\/wp\/v2\/posts"}],"about":[{"href":"https:\/\/web.consaguirre.com.ar\/noticias\/wp-json\/wp\/v2\/types\/post"}],"author":[{"embeddable":true,"href":"https:\/\/web.consaguirre.com.ar\/noticias\/wp-json\/wp\/v2\/users\/1"}],"replies":[{"embeddable":true,"href":"https:\/\/web.consaguirre.com.ar\/noticias\/wp-json\/wp\/v2\/comments?post=962"}],"version-history":[{"count":1,"href":"https:\/\/web.consaguirre.com.ar\/noticias\/wp-json\/wp\/v2\/posts\/962\/revisions"}],"predecessor-version":[{"id":964,"href":"https:\/\/web.consaguirre.com.ar\/noticias\/wp-json\/wp\/v2\/posts\/962\/revisions\/964"}],"wp:featuredmedia":[{"embeddable":true,"href":"https:\/\/web.consaguirre.com.ar\/noticias\/wp-json\/wp\/v2\/media\/963"}],"wp:attachment":[{"href":"https:\/\/web.consaguirre.com.ar\/noticias\/wp-json\/wp\/v2\/media?parent=962"}],"wp:term":[{"taxonomy":"category","embeddable":true,"href":"https:\/\/web.consaguirre.com.ar\/noticias\/wp-json\/wp\/v2\/categories?post=962"},{"taxonomy":"post_tag","embeddable":true,"href":"https:\/\/web.consaguirre.com.ar\/noticias\/wp-json\/wp\/v2\/tags?post=962"}],"curies":[{"name":"wp","href":"https:\/\/api.w.org\/{rel}","templated":true}]}}