{"id":902,"date":"2024-10-22T23:48:05","date_gmt":"2024-10-23T02:48:05","guid":{"rendered":"https:\/\/web.consaguirre.com.ar\/noticias\/toby-keith-ingresa-al-salon-de-la-fama-de-la-musica-country\/"},"modified":"2024-10-22T23:48:07","modified_gmt":"2024-10-23T02:48:07","slug":"toby-keith-ingresa-al-salon-de-la-fama-de-la-musica-country","status":"publish","type":"post","link":"https:\/\/web.consaguirre.com.ar\/noticias\/toby-keith-ingresa-al-salon-de-la-fama-de-la-musica-country\/","title":{"rendered":"Toby Keith ingresa al Sal\u00f3n de la Fama de la M\u00fasica Country"},"content":{"rendered":"<p><strong>Toby Keith<\/strong> fue incluido p\u00f3stumamente en el Sal\u00f3n de la Fama de la M\u00fasica Country en una ceremonia cargada de emociones el domingo. La fallecida leyenda de la m\u00fasica country fue elegida para el sal\u00f3n a principios de este a\u00f1o, agregando otro hito a su hist\u00f3rica carrera.<\/p>\n<p>En el Teatro CMA del Museo y Sal\u00f3n de la Fama de la M\u00fasica Country en el centro de Nashville, Keith fue honrado como el miembro m\u00e1s nuevo de la categor\u00eda de era moderna del Sal\u00f3n de la Fama junto con sus compa\u00f1eros John Anderson (\u00e9poca de veteranos) y James Burton (grabando y\/o haciendo giras). m\u00fasico). &#8220;Me gustar\u00eda poder estar mirando en la primera fila para ver a Toby Keith sentado junto a su familia&#8221;, dijo Sarah Trahern, directora ejecutiva de la Asociaci\u00f3n de M\u00fasica Country, desde el escenario.<\/p>\n<p>Adem\u00e1s de la inauguraci\u00f3n de la placa del Sal\u00f3n de la Fama de Keith, el programa cont\u00f3 con varias presentaciones tributo. &#8220;He dicho que no estar\u00eda aqu\u00ed si no fuera por Toby&#8221;, dijo Eric Church, quien interpret\u00f3 &#8220;Don&#8217;t Let the Old Man In&#8221;. Post Malone tambi\u00e9n estuvo presente para interpretar \u201cI&#8217;m Just Talkin&#8217; &#8216;About Tonight\u201d, mientras que Blake Shelton, compa\u00f1ero de Keith en Oklahoma, toc\u00f3 \u201cI Love This Bar\u201d en la guitarra de Keith adornada con la bandera estadounidense. Shelton tambi\u00e9n aliger\u00f3 el ambiente con un repaso de la \u201cRed Solo Cup\u201d.<\/p>\n<div class=\"uD-YT-container\"><img decoding=\"async\" src=\"https:\/\/web.consaguirre.com.ar\/noticias\/wp-content\/uploads\/2024\/10\/1729651685_739_Toby-Keith-ingresa-al-Salon-de-la-Fama-de-la.jpg\" alt=\"V\u00eddeo de YouTube\"><br \/>Haga clic para cargar v\u00eddeo<\/div>\n<p>Despu\u00e9s de que Randy Owen de Alabama incluyera a Keith en el Sal\u00f3n de la Fama, su viuda Tricia subi\u00f3 al escenario. \u201cNo se limit\u00f3 a cantar esas canciones. \u00c9l era esas canciones\u201d, dijo sobre su difunto esposo. M\u00e1s tarde a\u00f1adi\u00f3: \u201cToby amaba mucho y viv\u00eda en grande. Disfrut\u00f3 todo lo que hizo. No se arrepinti\u00f3 a lo largo de su vida. Fue un maravilloso esposo, padre, hijo, abuelo, hermano, amigo, cantante, productor y hombre de negocios. Era magistral en todo lo que hac\u00eda\u201d.<\/p>\n<p>La incorporaci\u00f3n al Sal\u00f3n de la Fama sigue a un reciente concierto tributo en honor a Keith en el Bridgestone Arena de Nashville, filmado para el especial de televisi\u00f3n Toby Keith: American Icon. El concierto cont\u00f3 con actuaciones de superestrellas del country como Luke Bryan, Jelly Roll, Darius Rucker, Carrie Underwood, Eric Church, Lainey Wilson y muchos m\u00e1s, as\u00ed como la hija de Keither, Krystal Keith. Toby Keith: American Icon fue el especial de mayor audiencia del a\u00f1o de NBC. Est\u00e1 disponible para transmitir en Peacock.<\/p>\n<p><strong>Ordene Toby Keith&#8217;s <em>100% compositor<\/em> ahora.<\/strong><\/p>\n","protected":false},"excerpt":{"rendered":"<p>Toby Keith fue incluido p\u00f3stumamente en el Sal\u00f3n de la Fama de la M\u00fasica Country en una ceremonia cargada de emociones el domingo. La fallecida<\/p>\n","protected":false},"author":1,"featured_media":903,"comment_status":"closed","ping_status":"","sticky":false,"template":"","format":"standard","meta":{"footnotes":""},"categories":[50],"tags":[436,870,1039,165,632,1019,164],"class_list":["post-902","post","type-post","status-publish","format-standard","has-post-thumbnail","hentry","category-el-ultimo","tag-country","tag-fama","tag-ingresa","tag-keith","tag-musica","tag-salon","tag-toby","generate-columns","tablet-grid-50","mobile-grid-100","grid-parent","grid-50"],"yoast_head":"<!-- This site is optimized with the Yoast SEO plugin v23.3 - https:\/\/yoast.com\/wordpress\/plugins\/seo\/ -->\n<title>Toby Keith ingresa al Sal\u00f3n de la Fama de la M\u00fasica Country<\/title>\n<meta name=\"robots\" content=\"index, follow, max-snippet:-1, max-image-preview:large, max-video-preview:-1\" \/>\n<link rel=\"canonical\" href=\"https:\/\/web.consaguirre.com.ar\/noticias\/toby-keith-ingresa-al-salon-de-la-fama-de-la-musica-country\/\" \/>\n<meta property=\"og:locale\" content=\"es_ES\" \/>\n<meta property=\"og:type\" content=\"article\" \/>\n<meta property=\"og:title\" content=\"Toby Keith ingresa al Sal\u00f3n de la Fama de la M\u00fasica Country\" \/>\n<meta property=\"og:description\" content=\"Toby Keith fue incluido p\u00f3stumamente en el Sal\u00f3n de la Fama de la M\u00fasica Country en una ceremonia cargada de emociones el domingo. La fallecida\" \/>\n<meta property=\"og:url\" content=\"https:\/\/web.consaguirre.com.ar\/noticias\/toby-keith-ingresa-al-salon-de-la-fama-de-la-musica-country\/\" \/>\n<meta property=\"og:site_name\" content=\"Conservatorio de M\u00fasica Juli\u00e1n Aguirre\" \/>\n<meta property=\"article:published_time\" content=\"2024-10-23T02:48:05+00:00\" \/>\n<meta property=\"article:modified_time\" content=\"2024-10-23T02:48:07+00:00\" \/>\n<meta property=\"og:image\" content=\"https:\/\/web.consaguirre.com.ar\/noticias\/wp-content\/uploads\/2024\/10\/Toby-Keith-ingresa-al-Salon-de-la-Fama-de-la.jpg\" \/>\n\t<meta property=\"og:image:width\" content=\"1440\" \/>\n\t<meta property=\"og:image:height\" content=\"864\" \/>\n\t<meta property=\"og:image:type\" content=\"image\/jpeg\" \/>\n<meta name=\"author\" content=\"Javier Figueroa\" \/>\n<meta name=\"twitter:card\" content=\"summary_large_image\" \/>\n<meta name=\"twitter:label1\" content=\"Escrito por\" \/>\n\t<meta name=\"twitter:data1\" content=\"Javier Figueroa\" \/>\n\t<meta name=\"twitter:label2\" content=\"Tiempo de lectura\" \/>\n\t<meta name=\"twitter:data2\" content=\"2 minutos\" \/>\n<script type=\"application\/ld+json\" class=\"yoast-schema-graph\">{\"@context\":\"https:\/\/schema.org\",\"@graph\":[{\"@type\":\"Article\",\"@id\":\"https:\/\/web.consaguirre.com.ar\/noticias\/toby-keith-ingresa-al-salon-de-la-fama-de-la-musica-country\/#article\",\"isPartOf\":{\"@id\":\"https:\/\/web.consaguirre.com.ar\/noticias\/toby-keith-ingresa-al-salon-de-la-fama-de-la-musica-country\/\"},\"author\":{\"name\":\"Javier Figueroa\",\"@id\":\"https:\/\/web.consaguirre.com.ar\/noticias\/#\/schema\/person\/6558b0cfedee7ddc5425602b237d5722\"},\"headline\":\"Toby Keith ingresa al Sal\u00f3n de la Fama de la M\u00fasica Country\",\"datePublished\":\"2024-10-23T02:48:05+00:00\",\"dateModified\":\"2024-10-23T02:48:07+00:00\",\"mainEntityOfPage\":{\"@id\":\"https:\/\/web.consaguirre.com.ar\/noticias\/toby-keith-ingresa-al-salon-de-la-fama-de-la-musica-country\/\"},\"wordCount\":462,\"publisher\":{\"@id\":\"https:\/\/web.consaguirre.com.ar\/noticias\/#organization\"},\"image\":{\"@id\":\"https:\/\/web.consaguirre.com.ar\/noticias\/toby-keith-ingresa-al-salon-de-la-fama-de-la-musica-country\/#primaryimage\"},\"thumbnailUrl\":\"https:\/\/web.consaguirre.com.ar\/noticias\/wp-content\/uploads\/2024\/10\/Toby-Keith-ingresa-al-Salon-de-la-Fama-de-la.jpg\",\"keywords\":[\"Country\",\"Fama\",\"ingresa\",\"Keith\",\"m\u00fasica\",\"Sal\u00f3n\",\"Toby\"],\"articleSection\":[\"El \u00faltimo\"],\"inLanguage\":\"es-AR\"},{\"@type\":\"WebPage\",\"@id\":\"https:\/\/web.consaguirre.com.ar\/noticias\/toby-keith-ingresa-al-salon-de-la-fama-de-la-musica-country\/\",\"url\":\"https:\/\/web.consaguirre.com.ar\/noticias\/toby-keith-ingresa-al-salon-de-la-fama-de-la-musica-country\/\",\"name\":\"Toby Keith ingresa al Sal\u00f3n de la Fama de la M\u00fasica Country\",\"isPartOf\":{\"@id\":\"https:\/\/web.consaguirre.com.ar\/noticias\/#website\"},\"primaryImageOfPage\":{\"@id\":\"https:\/\/web.consaguirre.com.ar\/noticias\/toby-keith-ingresa-al-salon-de-la-fama-de-la-musica-country\/#primaryimage\"},\"image\":{\"@id\":\"https:\/\/web.consaguirre.com.ar\/noticias\/toby-keith-ingresa-al-salon-de-la-fama-de-la-musica-country\/#primaryimage\"},\"thumbnailUrl\":\"https:\/\/web.consaguirre.com.ar\/noticias\/wp-content\/uploads\/2024\/10\/Toby-Keith-ingresa-al-Salon-de-la-Fama-de-la.jpg\",\"datePublished\":\"2024-10-23T02:48:05+00:00\",\"dateModified\":\"2024-10-23T02:48:07+00:00\",\"breadcrumb\":{\"@id\":\"https:\/\/web.consaguirre.com.ar\/noticias\/toby-keith-ingresa-al-salon-de-la-fama-de-la-musica-country\/#breadcrumb\"},\"inLanguage\":\"es-AR\",\"potentialAction\":[{\"@type\":\"ReadAction\",\"target\":[\"https:\/\/web.consaguirre.com.ar\/noticias\/toby-keith-ingresa-al-salon-de-la-fama-de-la-musica-country\/\"]}]},{\"@type\":\"ImageObject\",\"inLanguage\":\"es-AR\",\"@id\":\"https:\/\/web.consaguirre.com.ar\/noticias\/toby-keith-ingresa-al-salon-de-la-fama-de-la-musica-country\/#primaryimage\",\"url\":\"https:\/\/web.consaguirre.com.ar\/noticias\/wp-content\/uploads\/2024\/10\/Toby-Keith-ingresa-al-Salon-de-la-Fama-de-la.jpg\",\"contentUrl\":\"https:\/\/web.consaguirre.com.ar\/noticias\/wp-content\/uploads\/2024\/10\/Toby-Keith-ingresa-al-Salon-de-la-Fama-de-la.jpg\",\"width\":1440,\"height\":864,\"caption\":\"Toby Keith ingresa al Sal\u00f3n de la Fama de la M\u00fasica Country\"},{\"@type\":\"BreadcrumbList\",\"@id\":\"https:\/\/web.consaguirre.com.ar\/noticias\/toby-keith-ingresa-al-salon-de-la-fama-de-la-musica-country\/#breadcrumb\",\"itemListElement\":[{\"@type\":\"ListItem\",\"position\":1,\"name\":\"Inicio\",\"item\":\"https:\/\/web.consaguirre.com.ar\/noticias\/\"},{\"@type\":\"ListItem\",\"position\":2,\"name\":\"Toby Keith ingresa al Sal\u00f3n de la Fama de la M\u00fasica Country\"}]},{\"@type\":\"WebSite\",\"@id\":\"https:\/\/web.consaguirre.com.ar\/noticias\/#website\",\"url\":\"https:\/\/web.consaguirre.com.ar\/noticias\/\",\"name\":\"Conservatorio de M\u00fasica Juli\u00e1n Aguirre\",\"description\":\"\",\"publisher\":{\"@id\":\"https:\/\/web.consaguirre.com.ar\/noticias\/#organization\"},\"potentialAction\":[{\"@type\":\"SearchAction\",\"target\":{\"@type\":\"EntryPoint\",\"urlTemplate\":\"https:\/\/web.consaguirre.com.ar\/noticias\/?s={search_term_string}\"},\"query-input\":\"required name=search_term_string\"}],\"inLanguage\":\"es-AR\"},{\"@type\":\"Organization\",\"@id\":\"https:\/\/web.consaguirre.com.ar\/noticias\/#organization\",\"name\":\"Conservatorio de M\u00fasica Juli\u00e1n Aguirre\",\"url\":\"https:\/\/web.consaguirre.com.ar\/noticias\/\",\"logo\":{\"@type\":\"ImageObject\",\"inLanguage\":\"es-AR\",\"@id\":\"https:\/\/web.consaguirre.com.ar\/noticias\/#\/schema\/logo\/image\/\",\"url\":\"https:\/\/web.consaguirre.com.ar\/noticias\/wp-content\/uploads\/2024\/08\/Banner-Aguirre-23.jpg\",\"contentUrl\":\"https:\/\/web.consaguirre.com.ar\/noticias\/wp-content\/uploads\/2024\/08\/Banner-Aguirre-23.jpg\",\"width\":1192,\"height\":600,\"caption\":\"Conservatorio de M\u00fasica Juli\u00e1n Aguirre\"},\"image\":{\"@id\":\"https:\/\/web.consaguirre.com.ar\/noticias\/#\/schema\/logo\/image\/\"}},{\"@type\":\"Person\",\"@id\":\"https:\/\/web.consaguirre.com.ar\/noticias\/#\/schema\/person\/6558b0cfedee7ddc5425602b237d5722\",\"name\":\"Javier Figueroa\",\"image\":{\"@type\":\"ImageObject\",\"inLanguage\":\"es-AR\",\"@id\":\"https:\/\/web.consaguirre.com.ar\/noticias\/#\/schema\/person\/image\/\",\"url\":\"https:\/\/web.consaguirre.com.ar\/noticias\/wp-content\/uploads\/2024\/08\/Consaguirre-scaled.jpg\",\"contentUrl\":\"https:\/\/web.consaguirre.com.ar\/noticias\/wp-content\/uploads\/2024\/08\/Consaguirre-scaled.jpg\",\"caption\":\"Javier Figueroa\"},\"description\":\"Me llamo Javier Figueroa y soy redactor para el sitio oficial del Conservatorio de M\u00fasica Juli\u00e1n Aguirre en Buenos Aires, consaguirre.com. Apasionado por la m\u00fasica y la escritura, me esfuerzo por destacar los talentos y eventos de nuestra prestigiosa instituci\u00f3n. Mi trayectoria se nutre de una profunda admiraci\u00f3n por los artistas, haciendo de cada art\u00edculo una celebraci\u00f3n de la creatividad y la cultura musical.\",\"sameAs\":[\"https:\/\/web.consaguirre.com.ar\/noticias\"]}]}<\/script>\n<!-- \/ Yoast SEO plugin. -->","yoast_head_json":{"title":"Toby Keith ingresa al Sal\u00f3n de la Fama de la M\u00fasica Country","robots":{"index":"index","follow":"follow","max-snippet":"max-snippet:-1","max-image-preview":"max-image-preview:large","max-video-preview":"max-video-preview:-1"},"canonical":"https:\/\/web.consaguirre.com.ar\/noticias\/toby-keith-ingresa-al-salon-de-la-fama-de-la-musica-country\/","og_locale":"es_ES","og_type":"article","og_title":"Toby Keith ingresa al Sal\u00f3n de la Fama de la M\u00fasica Country","og_description":"Toby Keith fue incluido p\u00f3stumamente en el Sal\u00f3n de la Fama de la M\u00fasica Country en una ceremonia cargada de emociones el domingo. La fallecida","og_url":"https:\/\/web.consaguirre.com.ar\/noticias\/toby-keith-ingresa-al-salon-de-la-fama-de-la-musica-country\/","og_site_name":"Conservatorio de M\u00fasica Juli\u00e1n Aguirre","article_published_time":"2024-10-23T02:48:05+00:00","article_modified_time":"2024-10-23T02:48:07+00:00","og_image":[{"width":1440,"height":864,"url":"https:\/\/web.consaguirre.com.ar\/noticias\/wp-content\/uploads\/2024\/10\/Toby-Keith-ingresa-al-Salon-de-la-Fama-de-la.jpg","type":"image\/jpeg"}],"author":"Javier Figueroa","twitter_card":"summary_large_image","twitter_misc":{"Escrito por":"Javier Figueroa","Tiempo de lectura":"2 minutos"},"schema":{"@context":"https:\/\/schema.org","@graph":[{"@type":"Article","@id":"https:\/\/web.consaguirre.com.ar\/noticias\/toby-keith-ingresa-al-salon-de-la-fama-de-la-musica-country\/#article","isPartOf":{"@id":"https:\/\/web.consaguirre.com.ar\/noticias\/toby-keith-ingresa-al-salon-de-la-fama-de-la-musica-country\/"},"author":{"name":"Javier Figueroa","@id":"https:\/\/web.consaguirre.com.ar\/noticias\/#\/schema\/person\/6558b0cfedee7ddc5425602b237d5722"},"headline":"Toby Keith ingresa al Sal\u00f3n de la Fama de la M\u00fasica Country","datePublished":"2024-10-23T02:48:05+00:00","dateModified":"2024-10-23T02:48:07+00:00","mainEntityOfPage":{"@id":"https:\/\/web.consaguirre.com.ar\/noticias\/toby-keith-ingresa-al-salon-de-la-fama-de-la-musica-country\/"},"wordCount":462,"publisher":{"@id":"https:\/\/web.consaguirre.com.ar\/noticias\/#organization"},"image":{"@id":"https:\/\/web.consaguirre.com.ar\/noticias\/toby-keith-ingresa-al-salon-de-la-fama-de-la-musica-country\/#primaryimage"},"thumbnailUrl":"https:\/\/web.consaguirre.com.ar\/noticias\/wp-content\/uploads\/2024\/10\/Toby-Keith-ingresa-al-Salon-de-la-Fama-de-la.jpg","keywords":["Country","Fama","ingresa","Keith","m\u00fasica","Sal\u00f3n","Toby"],"articleSection":["El \u00faltimo"],"inLanguage":"es-AR"},{"@type":"WebPage","@id":"https:\/\/web.consaguirre.com.ar\/noticias\/toby-keith-ingresa-al-salon-de-la-fama-de-la-musica-country\/","url":"https:\/\/web.consaguirre.com.ar\/noticias\/toby-keith-ingresa-al-salon-de-la-fama-de-la-musica-country\/","name":"Toby Keith ingresa al Sal\u00f3n de la Fama de la M\u00fasica Country","isPartOf":{"@id":"https:\/\/web.consaguirre.com.ar\/noticias\/#website"},"primaryImageOfPage":{"@id":"https:\/\/web.consaguirre.com.ar\/noticias\/toby-keith-ingresa-al-salon-de-la-fama-de-la-musica-country\/#primaryimage"},"image":{"@id":"https:\/\/web.consaguirre.com.ar\/noticias\/toby-keith-ingresa-al-salon-de-la-fama-de-la-musica-country\/#primaryimage"},"thumbnailUrl":"https:\/\/web.consaguirre.com.ar\/noticias\/wp-content\/uploads\/2024\/10\/Toby-Keith-ingresa-al-Salon-de-la-Fama-de-la.jpg","datePublished":"2024-10-23T02:48:05+00:00","dateModified":"2024-10-23T02:48:07+00:00","breadcrumb":{"@id":"https:\/\/web.consaguirre.com.ar\/noticias\/toby-keith-ingresa-al-salon-de-la-fama-de-la-musica-country\/#breadcrumb"},"inLanguage":"es-AR","potentialAction":[{"@type":"ReadAction","target":["https:\/\/web.consaguirre.com.ar\/noticias\/toby-keith-ingresa-al-salon-de-la-fama-de-la-musica-country\/"]}]},{"@type":"ImageObject","inLanguage":"es-AR","@id":"https:\/\/web.consaguirre.com.ar\/noticias\/toby-keith-ingresa-al-salon-de-la-fama-de-la-musica-country\/#primaryimage","url":"https:\/\/web.consaguirre.com.ar\/noticias\/wp-content\/uploads\/2024\/10\/Toby-Keith-ingresa-al-Salon-de-la-Fama-de-la.jpg","contentUrl":"https:\/\/web.consaguirre.com.ar\/noticias\/wp-content\/uploads\/2024\/10\/Toby-Keith-ingresa-al-Salon-de-la-Fama-de-la.jpg","width":1440,"height":864,"caption":"Toby Keith ingresa al Sal\u00f3n de la Fama de la M\u00fasica Country"},{"@type":"BreadcrumbList","@id":"https:\/\/web.consaguirre.com.ar\/noticias\/toby-keith-ingresa-al-salon-de-la-fama-de-la-musica-country\/#breadcrumb","itemListElement":[{"@type":"ListItem","position":1,"name":"Inicio","item":"https:\/\/web.consaguirre.com.ar\/noticias\/"},{"@type":"ListItem","position":2,"name":"Toby Keith ingresa al Sal\u00f3n de la Fama de la M\u00fasica Country"}]},{"@type":"WebSite","@id":"https:\/\/web.consaguirre.com.ar\/noticias\/#website","url":"https:\/\/web.consaguirre.com.ar\/noticias\/","name":"Conservatorio de M\u00fasica Juli\u00e1n Aguirre","description":"","publisher":{"@id":"https:\/\/web.consaguirre.com.ar\/noticias\/#organization"},"potentialAction":[{"@type":"SearchAction","target":{"@type":"EntryPoint","urlTemplate":"https:\/\/web.consaguirre.com.ar\/noticias\/?s={search_term_string}"},"query-input":"required name=search_term_string"}],"inLanguage":"es-AR"},{"@type":"Organization","@id":"https:\/\/web.consaguirre.com.ar\/noticias\/#organization","name":"Conservatorio de M\u00fasica Juli\u00e1n Aguirre","url":"https:\/\/web.consaguirre.com.ar\/noticias\/","logo":{"@type":"ImageObject","inLanguage":"es-AR","@id":"https:\/\/web.consaguirre.com.ar\/noticias\/#\/schema\/logo\/image\/","url":"https:\/\/web.consaguirre.com.ar\/noticias\/wp-content\/uploads\/2024\/08\/Banner-Aguirre-23.jpg","contentUrl":"https:\/\/web.consaguirre.com.ar\/noticias\/wp-content\/uploads\/2024\/08\/Banner-Aguirre-23.jpg","width":1192,"height":600,"caption":"Conservatorio de M\u00fasica Juli\u00e1n Aguirre"},"image":{"@id":"https:\/\/web.consaguirre.com.ar\/noticias\/#\/schema\/logo\/image\/"}},{"@type":"Person","@id":"https:\/\/web.consaguirre.com.ar\/noticias\/#\/schema\/person\/6558b0cfedee7ddc5425602b237d5722","name":"Javier Figueroa","image":{"@type":"ImageObject","inLanguage":"es-AR","@id":"https:\/\/web.consaguirre.com.ar\/noticias\/#\/schema\/person\/image\/","url":"https:\/\/web.consaguirre.com.ar\/noticias\/wp-content\/uploads\/2024\/08\/Consaguirre-scaled.jpg","contentUrl":"https:\/\/web.consaguirre.com.ar\/noticias\/wp-content\/uploads\/2024\/08\/Consaguirre-scaled.jpg","caption":"Javier Figueroa"},"description":"Me llamo Javier Figueroa y soy redactor para el sitio oficial del Conservatorio de M\u00fasica Juli\u00e1n Aguirre en Buenos Aires, consaguirre.com. Apasionado por la m\u00fasica y la escritura, me esfuerzo por destacar los talentos y eventos de nuestra prestigiosa instituci\u00f3n. Mi trayectoria se nutre de una profunda admiraci\u00f3n por los artistas, haciendo de cada art\u00edculo una celebraci\u00f3n de la creatividad y la cultura musical.","sameAs":["https:\/\/web.consaguirre.com.ar\/noticias"]}]}},"_links":{"self":[{"href":"https:\/\/web.consaguirre.com.ar\/noticias\/wp-json\/wp\/v2\/posts\/902"}],"collection":[{"href":"https:\/\/web.consaguirre.com.ar\/noticias\/wp-json\/wp\/v2\/posts"}],"about":[{"href":"https:\/\/web.consaguirre.com.ar\/noticias\/wp-json\/wp\/v2\/types\/post"}],"author":[{"embeddable":true,"href":"https:\/\/web.consaguirre.com.ar\/noticias\/wp-json\/wp\/v2\/users\/1"}],"replies":[{"embeddable":true,"href":"https:\/\/web.consaguirre.com.ar\/noticias\/wp-json\/wp\/v2\/comments?post=902"}],"version-history":[{"count":1,"href":"https:\/\/web.consaguirre.com.ar\/noticias\/wp-json\/wp\/v2\/posts\/902\/revisions"}],"predecessor-version":[{"id":904,"href":"https:\/\/web.consaguirre.com.ar\/noticias\/wp-json\/wp\/v2\/posts\/902\/revisions\/904"}],"wp:featuredmedia":[{"embeddable":true,"href":"https:\/\/web.consaguirre.com.ar\/noticias\/wp-json\/wp\/v2\/media\/903"}],"wp:attachment":[{"href":"https:\/\/web.consaguirre.com.ar\/noticias\/wp-json\/wp\/v2\/media?parent=902"}],"wp:term":[{"taxonomy":"category","embeddable":true,"href":"https:\/\/web.consaguirre.com.ar\/noticias\/wp-json\/wp\/v2\/categories?post=902"},{"taxonomy":"post_tag","embeddable":true,"href":"https:\/\/web.consaguirre.com.ar\/noticias\/wp-json\/wp\/v2\/tags?post=902"}],"curies":[{"name":"wp","href":"https:\/\/api.w.org\/{rel}","templated":true}]}}