{"id":896,"date":"2024-10-22T17:41:08","date_gmt":"2024-10-22T20:41:08","guid":{"rendered":"https:\/\/web.consaguirre.com.ar\/noticias\/alessia-cara-lanza-nuevo-sencillo-isnt-it-obvious\/"},"modified":"2024-10-22T17:41:10","modified_gmt":"2024-10-22T20:41:10","slug":"alessia-cara-lanza-nuevo-sencillo-isnt-it-obvious","status":"publish","type":"post","link":"https:\/\/web.consaguirre.com.ar\/noticias\/alessia-cara-lanza-nuevo-sencillo-isnt-it-obvious\/","title":{"rendered":"Alessia Cara lanza nuevo sencillo &#8216;(Isn&#8217;t It) Obvious&#8217;"},"content":{"rendered":"<p><strong>Alessia Cara<\/strong> ha anunciado el t\u00edtulo y la fecha de lanzamiento de su esperado nuevo \u00e1lbum. <em>Amor e hip\u00e9rbole<\/em>el cuarto LP de larga duraci\u00f3n de Cara, saldr\u00e1 el 14 de febrero de 2025. Mientras los fans esperan la llegada del proyecto completo para el D\u00eda de San Valent\u00edn, la estrella del pop y el R&#038;B les ha ofrecido un adelanto en forma de nuevo sencillo \u201c(Isn&#8217;t It ) Obvio.&#8221; La pista presenta un solo de guitarra de John Mayer y est\u00e1 acompa\u00f1ada por un video musical dirigido por Gordy De St. Jeor.<\/p>\n<p>Cara escribi\u00f3 \u201c(Isn&#8217;t It) Obvious\u201d con Yakob, quien tambi\u00e9n produjo la canci\u00f3n. La sensaci\u00f3n informal y efervescente de R&#038;B de la m\u00fasica es una combinaci\u00f3n perfecta para letras sobre un afecto innegable. &#8220;Los miedos son s\u00f3lo constelaciones&#8221;, canta Cara, &#8220;s\u00f3lo brillan si las creamos&#8221;. \u201c(Isn&#8217;t It) Obvious\u201d sigue al lanzamiento en julio del atrevido y conmovedor \u201cDead Man\u201d, la primera muestra del p\u00fablico de <em>Amor e hip\u00e9rbole<\/em>. &#8220;Si &#8216;Dead Man&#8217; trata sobre la distancia emocional, entonces &#8216;(Isn&#8217;t It) Obvious&#8217; trata sobre estar f\u00edsicamente separado de alguien pero record\u00e1ndole cu\u00e1nto lo amas&#8221;, explica Cara.<\/p>\n<div class=\"uD-YT-container\"><img decoding=\"async\" src=\"https:\/\/web.consaguirre.com.ar\/noticias\/wp-content\/uploads\/2024\/10\/1729629668_332_Alessia-Cara-lanza-nuevo-sencillo-Isnt-It-Obvious.jpg\" alt=\"V\u00eddeo de YouTube\"><br \/>Haga clic para cargar v\u00eddeo<\/div>\n<p>cara revelada <em>Amor e hip\u00e9rbole<\/em>El t\u00edtulo y la fecha de lanzamiento son el lunes. <em>Buenos d\u00edas Am\u00e9rica<\/em>. Inmediatamente despu\u00e9s de hacer el anuncio, present\u00f3 \u201c(Isn&#8217;t It) Obvious\u201d en su presentaci\u00f3n debut. La canci\u00f3n fue vista previa a principios de este mes en el estreno de la temporada 26 de <em>Ley y orden: UVE<\/em>. En una publicaci\u00f3n de Instagram sobre el pr\u00f3ximo \u00e1lbum, Cara escribi\u00f3: \u201cEstoy muy feliz de finalmente compartir esto con ustedes y no puedo esperar a que escuchen el resto de lo que creo que es mi mejor trabajo hasta la fecha, o al menos mi favorito personal\u201d.<\/p>\n<p><em>Amor e hip\u00e9rbole<\/em> llegar\u00e1 una d\u00e9cada despu\u00e9s de \u201cHere\u201d, el sencillo debut de Cara, que alcanz\u00f3 el top cinco del Billboard Hot 100. Desde entonces, ha seguido lanzando \u00e9xitos como \u201cScars To Your Beautiful\u201d, la colaboraci\u00f3n con Zedd \u201cStay\u201d y \u201c 1-800-273-8255\u201d junto a Logic y Khalid. En 2018, se convirti\u00f3 en la primera canadiense en ganar el premio al Mejor Artista Revelaci\u00f3n en los Grammy. Su segundo \u00e1lbum <em>Los dolores del crecimiento<\/em> gan\u00f3 \u00c1lbum del A\u00f1o en los Premios Juno 2020, donde Cara tambi\u00e9n fue nombrada Compositora del A\u00f1o.<\/p><\/p>\n","protected":false},"excerpt":{"rendered":"<p>Alessia Cara ha anunciado el t\u00edtulo y la fecha de lanzamiento de su esperado nuevo \u00e1lbum. Amor e hip\u00e9rboleel cuarto LP de larga duraci\u00f3n de<\/p>\n","protected":false},"author":1,"featured_media":897,"comment_status":"closed","ping_status":"","sticky":false,"template":"","format":"standard","meta":{"footnotes":""},"categories":[50],"tags":[1033,1034,1035,218,146,1036,204],"class_list":["post-896","post","type-post","status-publish","format-standard","has-post-thumbnail","hentry","category-el-ultimo","tag-alessia","tag-cara","tag-isnt","tag-lanza","tag-nuevo","tag-obvious","tag-sencillo","generate-columns","tablet-grid-50","mobile-grid-100","grid-parent","grid-50"],"yoast_head":"<!-- This site is optimized with the Yoast SEO plugin v23.3 - https:\/\/yoast.com\/wordpress\/plugins\/seo\/ -->\n<title>Alessia Cara lanza nuevo sencillo &#039;(Isn&#039;t It) Obvious&#039;<\/title>\n<meta name=\"robots\" content=\"index, follow, max-snippet:-1, max-image-preview:large, max-video-preview:-1\" \/>\n<link rel=\"canonical\" href=\"https:\/\/web.consaguirre.com.ar\/noticias\/alessia-cara-lanza-nuevo-sencillo-isnt-it-obvious\/\" \/>\n<meta property=\"og:locale\" content=\"es_ES\" \/>\n<meta property=\"og:type\" content=\"article\" \/>\n<meta property=\"og:title\" content=\"Alessia Cara lanza nuevo sencillo &#039;(Isn&#039;t It) Obvious&#039;\" \/>\n<meta property=\"og:description\" content=\"Alessia Cara ha anunciado el t\u00edtulo y la fecha de lanzamiento de su esperado nuevo \u00e1lbum. Amor e hip\u00e9rboleel cuarto LP de larga duraci\u00f3n de\" \/>\n<meta property=\"og:url\" content=\"https:\/\/web.consaguirre.com.ar\/noticias\/alessia-cara-lanza-nuevo-sencillo-isnt-it-obvious\/\" \/>\n<meta property=\"og:site_name\" content=\"Conservatorio de M\u00fasica Juli\u00e1n Aguirre\" \/>\n<meta property=\"article:published_time\" content=\"2024-10-22T20:41:08+00:00\" \/>\n<meta property=\"article:modified_time\" content=\"2024-10-22T20:41:10+00:00\" \/>\n<meta property=\"og:image\" content=\"https:\/\/web.consaguirre.com.ar\/noticias\/wp-content\/uploads\/2024\/10\/Alessia-Cara-lanza-nuevo-sencillo-Isnt-It-Obvious.jpg\" \/>\n\t<meta property=\"og:image:width\" content=\"1200\" \/>\n\t<meta property=\"og:image:height\" content=\"1200\" \/>\n\t<meta property=\"og:image:type\" content=\"image\/jpeg\" \/>\n<meta name=\"author\" content=\"Javier Figueroa\" \/>\n<meta name=\"twitter:card\" content=\"summary_large_image\" \/>\n<meta name=\"twitter:label1\" content=\"Escrito por\" \/>\n\t<meta name=\"twitter:data1\" content=\"Javier Figueroa\" \/>\n\t<meta name=\"twitter:label2\" content=\"Tiempo de lectura\" \/>\n\t<meta name=\"twitter:data2\" content=\"2 minutos\" \/>\n<script type=\"application\/ld+json\" class=\"yoast-schema-graph\">{\"@context\":\"https:\/\/schema.org\",\"@graph\":[{\"@type\":\"Article\",\"@id\":\"https:\/\/web.consaguirre.com.ar\/noticias\/alessia-cara-lanza-nuevo-sencillo-isnt-it-obvious\/#article\",\"isPartOf\":{\"@id\":\"https:\/\/web.consaguirre.com.ar\/noticias\/alessia-cara-lanza-nuevo-sencillo-isnt-it-obvious\/\"},\"author\":{\"name\":\"Javier Figueroa\",\"@id\":\"https:\/\/web.consaguirre.com.ar\/noticias\/#\/schema\/person\/6558b0cfedee7ddc5425602b237d5722\"},\"headline\":\"Alessia Cara lanza nuevo sencillo &#8216;(Isn&#8217;t It) Obvious&#8217;\",\"datePublished\":\"2024-10-22T20:41:08+00:00\",\"dateModified\":\"2024-10-22T20:41:10+00:00\",\"mainEntityOfPage\":{\"@id\":\"https:\/\/web.consaguirre.com.ar\/noticias\/alessia-cara-lanza-nuevo-sencillo-isnt-it-obvious\/\"},\"wordCount\":426,\"publisher\":{\"@id\":\"https:\/\/web.consaguirre.com.ar\/noticias\/#organization\"},\"image\":{\"@id\":\"https:\/\/web.consaguirre.com.ar\/noticias\/alessia-cara-lanza-nuevo-sencillo-isnt-it-obvious\/#primaryimage\"},\"thumbnailUrl\":\"https:\/\/web.consaguirre.com.ar\/noticias\/wp-content\/uploads\/2024\/10\/Alessia-Cara-lanza-nuevo-sencillo-Isnt-It-Obvious.jpg\",\"keywords\":[\"Alessia\",\"Cara\",\"Isnt\",\"lanza\",\"nuevo\",\"Obvious\",\"sencillo\"],\"articleSection\":[\"El \u00faltimo\"],\"inLanguage\":\"es-AR\"},{\"@type\":\"WebPage\",\"@id\":\"https:\/\/web.consaguirre.com.ar\/noticias\/alessia-cara-lanza-nuevo-sencillo-isnt-it-obvious\/\",\"url\":\"https:\/\/web.consaguirre.com.ar\/noticias\/alessia-cara-lanza-nuevo-sencillo-isnt-it-obvious\/\",\"name\":\"Alessia Cara lanza nuevo sencillo '(Isn't It) Obvious'\",\"isPartOf\":{\"@id\":\"https:\/\/web.consaguirre.com.ar\/noticias\/#website\"},\"primaryImageOfPage\":{\"@id\":\"https:\/\/web.consaguirre.com.ar\/noticias\/alessia-cara-lanza-nuevo-sencillo-isnt-it-obvious\/#primaryimage\"},\"image\":{\"@id\":\"https:\/\/web.consaguirre.com.ar\/noticias\/alessia-cara-lanza-nuevo-sencillo-isnt-it-obvious\/#primaryimage\"},\"thumbnailUrl\":\"https:\/\/web.consaguirre.com.ar\/noticias\/wp-content\/uploads\/2024\/10\/Alessia-Cara-lanza-nuevo-sencillo-Isnt-It-Obvious.jpg\",\"datePublished\":\"2024-10-22T20:41:08+00:00\",\"dateModified\":\"2024-10-22T20:41:10+00:00\",\"breadcrumb\":{\"@id\":\"https:\/\/web.consaguirre.com.ar\/noticias\/alessia-cara-lanza-nuevo-sencillo-isnt-it-obvious\/#breadcrumb\"},\"inLanguage\":\"es-AR\",\"potentialAction\":[{\"@type\":\"ReadAction\",\"target\":[\"https:\/\/web.consaguirre.com.ar\/noticias\/alessia-cara-lanza-nuevo-sencillo-isnt-it-obvious\/\"]}]},{\"@type\":\"ImageObject\",\"inLanguage\":\"es-AR\",\"@id\":\"https:\/\/web.consaguirre.com.ar\/noticias\/alessia-cara-lanza-nuevo-sencillo-isnt-it-obvious\/#primaryimage\",\"url\":\"https:\/\/web.consaguirre.com.ar\/noticias\/wp-content\/uploads\/2024\/10\/Alessia-Cara-lanza-nuevo-sencillo-Isnt-It-Obvious.jpg\",\"contentUrl\":\"https:\/\/web.consaguirre.com.ar\/noticias\/wp-content\/uploads\/2024\/10\/Alessia-Cara-lanza-nuevo-sencillo-Isnt-It-Obvious.jpg\",\"width\":1200,\"height\":1200,\"caption\":\"Alessia Cara lanza nuevo sencillo '(Isn't It) Obvious'\"},{\"@type\":\"BreadcrumbList\",\"@id\":\"https:\/\/web.consaguirre.com.ar\/noticias\/alessia-cara-lanza-nuevo-sencillo-isnt-it-obvious\/#breadcrumb\",\"itemListElement\":[{\"@type\":\"ListItem\",\"position\":1,\"name\":\"Inicio\",\"item\":\"https:\/\/web.consaguirre.com.ar\/noticias\/\"},{\"@type\":\"ListItem\",\"position\":2,\"name\":\"Alessia Cara lanza nuevo sencillo &#8216;(Isn&#8217;t It) Obvious&#8217;\"}]},{\"@type\":\"WebSite\",\"@id\":\"https:\/\/web.consaguirre.com.ar\/noticias\/#website\",\"url\":\"https:\/\/web.consaguirre.com.ar\/noticias\/\",\"name\":\"Conservatorio de M\u00fasica Juli\u00e1n Aguirre\",\"description\":\"\",\"publisher\":{\"@id\":\"https:\/\/web.consaguirre.com.ar\/noticias\/#organization\"},\"potentialAction\":[{\"@type\":\"SearchAction\",\"target\":{\"@type\":\"EntryPoint\",\"urlTemplate\":\"https:\/\/web.consaguirre.com.ar\/noticias\/?s={search_term_string}\"},\"query-input\":\"required name=search_term_string\"}],\"inLanguage\":\"es-AR\"},{\"@type\":\"Organization\",\"@id\":\"https:\/\/web.consaguirre.com.ar\/noticias\/#organization\",\"name\":\"Conservatorio de M\u00fasica Juli\u00e1n Aguirre\",\"url\":\"https:\/\/web.consaguirre.com.ar\/noticias\/\",\"logo\":{\"@type\":\"ImageObject\",\"inLanguage\":\"es-AR\",\"@id\":\"https:\/\/web.consaguirre.com.ar\/noticias\/#\/schema\/logo\/image\/\",\"url\":\"https:\/\/web.consaguirre.com.ar\/noticias\/wp-content\/uploads\/2024\/08\/Banner-Aguirre-23.jpg\",\"contentUrl\":\"https:\/\/web.consaguirre.com.ar\/noticias\/wp-content\/uploads\/2024\/08\/Banner-Aguirre-23.jpg\",\"width\":1192,\"height\":600,\"caption\":\"Conservatorio de M\u00fasica Juli\u00e1n Aguirre\"},\"image\":{\"@id\":\"https:\/\/web.consaguirre.com.ar\/noticias\/#\/schema\/logo\/image\/\"}},{\"@type\":\"Person\",\"@id\":\"https:\/\/web.consaguirre.com.ar\/noticias\/#\/schema\/person\/6558b0cfedee7ddc5425602b237d5722\",\"name\":\"Javier Figueroa\",\"image\":{\"@type\":\"ImageObject\",\"inLanguage\":\"es-AR\",\"@id\":\"https:\/\/web.consaguirre.com.ar\/noticias\/#\/schema\/person\/image\/\",\"url\":\"https:\/\/web.consaguirre.com.ar\/noticias\/wp-content\/uploads\/2024\/08\/Consaguirre-scaled.jpg\",\"contentUrl\":\"https:\/\/web.consaguirre.com.ar\/noticias\/wp-content\/uploads\/2024\/08\/Consaguirre-scaled.jpg\",\"caption\":\"Javier Figueroa\"},\"description\":\"Me llamo Javier Figueroa y soy redactor para el sitio oficial del Conservatorio de M\u00fasica Juli\u00e1n Aguirre en Buenos Aires, consaguirre.com. Apasionado por la m\u00fasica y la escritura, me esfuerzo por destacar los talentos y eventos de nuestra prestigiosa instituci\u00f3n. Mi trayectoria se nutre de una profunda admiraci\u00f3n por los artistas, haciendo de cada art\u00edculo una celebraci\u00f3n de la creatividad y la cultura musical.\",\"sameAs\":[\"https:\/\/web.consaguirre.com.ar\/noticias\"]}]}<\/script>\n<!-- \/ Yoast SEO plugin. -->","yoast_head_json":{"title":"Alessia Cara lanza nuevo sencillo '(Isn't It) Obvious'","robots":{"index":"index","follow":"follow","max-snippet":"max-snippet:-1","max-image-preview":"max-image-preview:large","max-video-preview":"max-video-preview:-1"},"canonical":"https:\/\/web.consaguirre.com.ar\/noticias\/alessia-cara-lanza-nuevo-sencillo-isnt-it-obvious\/","og_locale":"es_ES","og_type":"article","og_title":"Alessia Cara lanza nuevo sencillo '(Isn't It) Obvious'","og_description":"Alessia Cara ha anunciado el t\u00edtulo y la fecha de lanzamiento de su esperado nuevo \u00e1lbum. Amor e hip\u00e9rboleel cuarto LP de larga duraci\u00f3n de","og_url":"https:\/\/web.consaguirre.com.ar\/noticias\/alessia-cara-lanza-nuevo-sencillo-isnt-it-obvious\/","og_site_name":"Conservatorio de M\u00fasica Juli\u00e1n Aguirre","article_published_time":"2024-10-22T20:41:08+00:00","article_modified_time":"2024-10-22T20:41:10+00:00","og_image":[{"width":1200,"height":1200,"url":"https:\/\/web.consaguirre.com.ar\/noticias\/wp-content\/uploads\/2024\/10\/Alessia-Cara-lanza-nuevo-sencillo-Isnt-It-Obvious.jpg","type":"image\/jpeg"}],"author":"Javier Figueroa","twitter_card":"summary_large_image","twitter_misc":{"Escrito por":"Javier Figueroa","Tiempo de lectura":"2 minutos"},"schema":{"@context":"https:\/\/schema.org","@graph":[{"@type":"Article","@id":"https:\/\/web.consaguirre.com.ar\/noticias\/alessia-cara-lanza-nuevo-sencillo-isnt-it-obvious\/#article","isPartOf":{"@id":"https:\/\/web.consaguirre.com.ar\/noticias\/alessia-cara-lanza-nuevo-sencillo-isnt-it-obvious\/"},"author":{"name":"Javier Figueroa","@id":"https:\/\/web.consaguirre.com.ar\/noticias\/#\/schema\/person\/6558b0cfedee7ddc5425602b237d5722"},"headline":"Alessia Cara lanza nuevo sencillo &#8216;(Isn&#8217;t It) Obvious&#8217;","datePublished":"2024-10-22T20:41:08+00:00","dateModified":"2024-10-22T20:41:10+00:00","mainEntityOfPage":{"@id":"https:\/\/web.consaguirre.com.ar\/noticias\/alessia-cara-lanza-nuevo-sencillo-isnt-it-obvious\/"},"wordCount":426,"publisher":{"@id":"https:\/\/web.consaguirre.com.ar\/noticias\/#organization"},"image":{"@id":"https:\/\/web.consaguirre.com.ar\/noticias\/alessia-cara-lanza-nuevo-sencillo-isnt-it-obvious\/#primaryimage"},"thumbnailUrl":"https:\/\/web.consaguirre.com.ar\/noticias\/wp-content\/uploads\/2024\/10\/Alessia-Cara-lanza-nuevo-sencillo-Isnt-It-Obvious.jpg","keywords":["Alessia","Cara","Isnt","lanza","nuevo","Obvious","sencillo"],"articleSection":["El \u00faltimo"],"inLanguage":"es-AR"},{"@type":"WebPage","@id":"https:\/\/web.consaguirre.com.ar\/noticias\/alessia-cara-lanza-nuevo-sencillo-isnt-it-obvious\/","url":"https:\/\/web.consaguirre.com.ar\/noticias\/alessia-cara-lanza-nuevo-sencillo-isnt-it-obvious\/","name":"Alessia Cara lanza nuevo sencillo '(Isn't It) Obvious'","isPartOf":{"@id":"https:\/\/web.consaguirre.com.ar\/noticias\/#website"},"primaryImageOfPage":{"@id":"https:\/\/web.consaguirre.com.ar\/noticias\/alessia-cara-lanza-nuevo-sencillo-isnt-it-obvious\/#primaryimage"},"image":{"@id":"https:\/\/web.consaguirre.com.ar\/noticias\/alessia-cara-lanza-nuevo-sencillo-isnt-it-obvious\/#primaryimage"},"thumbnailUrl":"https:\/\/web.consaguirre.com.ar\/noticias\/wp-content\/uploads\/2024\/10\/Alessia-Cara-lanza-nuevo-sencillo-Isnt-It-Obvious.jpg","datePublished":"2024-10-22T20:41:08+00:00","dateModified":"2024-10-22T20:41:10+00:00","breadcrumb":{"@id":"https:\/\/web.consaguirre.com.ar\/noticias\/alessia-cara-lanza-nuevo-sencillo-isnt-it-obvious\/#breadcrumb"},"inLanguage":"es-AR","potentialAction":[{"@type":"ReadAction","target":["https:\/\/web.consaguirre.com.ar\/noticias\/alessia-cara-lanza-nuevo-sencillo-isnt-it-obvious\/"]}]},{"@type":"ImageObject","inLanguage":"es-AR","@id":"https:\/\/web.consaguirre.com.ar\/noticias\/alessia-cara-lanza-nuevo-sencillo-isnt-it-obvious\/#primaryimage","url":"https:\/\/web.consaguirre.com.ar\/noticias\/wp-content\/uploads\/2024\/10\/Alessia-Cara-lanza-nuevo-sencillo-Isnt-It-Obvious.jpg","contentUrl":"https:\/\/web.consaguirre.com.ar\/noticias\/wp-content\/uploads\/2024\/10\/Alessia-Cara-lanza-nuevo-sencillo-Isnt-It-Obvious.jpg","width":1200,"height":1200,"caption":"Alessia Cara lanza nuevo sencillo '(Isn't It) Obvious'"},{"@type":"BreadcrumbList","@id":"https:\/\/web.consaguirre.com.ar\/noticias\/alessia-cara-lanza-nuevo-sencillo-isnt-it-obvious\/#breadcrumb","itemListElement":[{"@type":"ListItem","position":1,"name":"Inicio","item":"https:\/\/web.consaguirre.com.ar\/noticias\/"},{"@type":"ListItem","position":2,"name":"Alessia Cara lanza nuevo sencillo &#8216;(Isn&#8217;t It) Obvious&#8217;"}]},{"@type":"WebSite","@id":"https:\/\/web.consaguirre.com.ar\/noticias\/#website","url":"https:\/\/web.consaguirre.com.ar\/noticias\/","name":"Conservatorio de M\u00fasica Juli\u00e1n Aguirre","description":"","publisher":{"@id":"https:\/\/web.consaguirre.com.ar\/noticias\/#organization"},"potentialAction":[{"@type":"SearchAction","target":{"@type":"EntryPoint","urlTemplate":"https:\/\/web.consaguirre.com.ar\/noticias\/?s={search_term_string}"},"query-input":"required name=search_term_string"}],"inLanguage":"es-AR"},{"@type":"Organization","@id":"https:\/\/web.consaguirre.com.ar\/noticias\/#organization","name":"Conservatorio de M\u00fasica Juli\u00e1n Aguirre","url":"https:\/\/web.consaguirre.com.ar\/noticias\/","logo":{"@type":"ImageObject","inLanguage":"es-AR","@id":"https:\/\/web.consaguirre.com.ar\/noticias\/#\/schema\/logo\/image\/","url":"https:\/\/web.consaguirre.com.ar\/noticias\/wp-content\/uploads\/2024\/08\/Banner-Aguirre-23.jpg","contentUrl":"https:\/\/web.consaguirre.com.ar\/noticias\/wp-content\/uploads\/2024\/08\/Banner-Aguirre-23.jpg","width":1192,"height":600,"caption":"Conservatorio de M\u00fasica Juli\u00e1n Aguirre"},"image":{"@id":"https:\/\/web.consaguirre.com.ar\/noticias\/#\/schema\/logo\/image\/"}},{"@type":"Person","@id":"https:\/\/web.consaguirre.com.ar\/noticias\/#\/schema\/person\/6558b0cfedee7ddc5425602b237d5722","name":"Javier Figueroa","image":{"@type":"ImageObject","inLanguage":"es-AR","@id":"https:\/\/web.consaguirre.com.ar\/noticias\/#\/schema\/person\/image\/","url":"https:\/\/web.consaguirre.com.ar\/noticias\/wp-content\/uploads\/2024\/08\/Consaguirre-scaled.jpg","contentUrl":"https:\/\/web.consaguirre.com.ar\/noticias\/wp-content\/uploads\/2024\/08\/Consaguirre-scaled.jpg","caption":"Javier Figueroa"},"description":"Me llamo Javier Figueroa y soy redactor para el sitio oficial del Conservatorio de M\u00fasica Juli\u00e1n Aguirre en Buenos Aires, consaguirre.com. Apasionado por la m\u00fasica y la escritura, me esfuerzo por destacar los talentos y eventos de nuestra prestigiosa instituci\u00f3n. Mi trayectoria se nutre de una profunda admiraci\u00f3n por los artistas, haciendo de cada art\u00edculo una celebraci\u00f3n de la creatividad y la cultura musical.","sameAs":["https:\/\/web.consaguirre.com.ar\/noticias"]}]}},"_links":{"self":[{"href":"https:\/\/web.consaguirre.com.ar\/noticias\/wp-json\/wp\/v2\/posts\/896"}],"collection":[{"href":"https:\/\/web.consaguirre.com.ar\/noticias\/wp-json\/wp\/v2\/posts"}],"about":[{"href":"https:\/\/web.consaguirre.com.ar\/noticias\/wp-json\/wp\/v2\/types\/post"}],"author":[{"embeddable":true,"href":"https:\/\/web.consaguirre.com.ar\/noticias\/wp-json\/wp\/v2\/users\/1"}],"replies":[{"embeddable":true,"href":"https:\/\/web.consaguirre.com.ar\/noticias\/wp-json\/wp\/v2\/comments?post=896"}],"version-history":[{"count":1,"href":"https:\/\/web.consaguirre.com.ar\/noticias\/wp-json\/wp\/v2\/posts\/896\/revisions"}],"predecessor-version":[{"id":898,"href":"https:\/\/web.consaguirre.com.ar\/noticias\/wp-json\/wp\/v2\/posts\/896\/revisions\/898"}],"wp:featuredmedia":[{"embeddable":true,"href":"https:\/\/web.consaguirre.com.ar\/noticias\/wp-json\/wp\/v2\/media\/897"}],"wp:attachment":[{"href":"https:\/\/web.consaguirre.com.ar\/noticias\/wp-json\/wp\/v2\/media?parent=896"}],"wp:term":[{"taxonomy":"category","embeddable":true,"href":"https:\/\/web.consaguirre.com.ar\/noticias\/wp-json\/wp\/v2\/categories?post=896"},{"taxonomy":"post_tag","embeddable":true,"href":"https:\/\/web.consaguirre.com.ar\/noticias\/wp-json\/wp\/v2\/tags?post=896"}],"curies":[{"name":"wp","href":"https:\/\/api.w.org\/{rel}","templated":true}]}}