{"id":890,"date":"2024-10-21T20:39:46","date_gmt":"2024-10-21T23:39:46","guid":{"rendered":"https:\/\/web.consaguirre.com.ar\/noticias\/sophie-ellis-bextor-comparte-libertad-de-la-noche\/"},"modified":"2024-10-21T20:39:47","modified_gmt":"2024-10-21T23:39:47","slug":"sophie-ellis-bextor-comparte-libertad-de-la-noche","status":"publish","type":"post","link":"https:\/\/web.consaguirre.com.ar\/noticias\/sophie-ellis-bextor-comparte-libertad-de-la-noche\/","title":{"rendered":"Sophie Ellis-Bextor comparte &#8216;Libertad de la noche&#8217;"},"content":{"rendered":"<p><strong>Sophie Ellis-Bextor<\/strong> ha compartido un nuevo single. El himno disco-pop \u201cFreedom of the Night\u201d es la primera m\u00fasica en solitario del \u00edcono brit\u00e1nico desde 2023 y sigue el resurgimiento masivo de su \u00e9xito de 2001 \u201c<strong>Asesinato en la pista de baile<\/strong>.\u201d \u201cFreedom of the Night\u201d ya est\u00e1 disponible a trav\u00e9s de Casablanca Records.<\/p>\n<p>\u201cSiempre he sido alguien que necesita m\u00fasica para ayudarme a recalibrarme, y &#8216;Freedom of the Night&#8217; trata sobre ese sentimiento. La m\u00fasica como forma de liberaci\u00f3n y un poco de hedonismo\u201d, dijo Ellis-Bextor en un comunicado. \u201cSiempre he necesitado esa energ\u00eda en mi vida y s\u00e9 que no estoy sola. Como dice la canci\u00f3n, a veces necesitas ceder ante lo que quieres\u201d.<\/p>\n<div class=\"uD-YT-container\"><img decoding=\"async\" src=\"https:\/\/web.consaguirre.com.ar\/noticias\/wp-content\/uploads\/2024\/10\/1729553986_967_Sophie-Ellis-Bextor-comparte-Libertad-de-la-noche.jpg\" alt=\"V\u00eddeo de YouTube\"><br \/>Haga clic para cargar v\u00eddeo<\/div>\n<p>Despu\u00e9s de poner la banda sonora a una escena ic\u00f3nica de la pel\u00edcula de Emerald Fennell. <em>quemadura salada<\/em>\u201cMurder on the Dancefloor\u201d experiment\u00f3 un resurgimiento gigantesco. Obtuvo la certificaci\u00f3n Platino en los EE. UU. y 2x BRIT Platino en el Reino Unido, subi\u00f3 al puesto n\u00famero 2 en la lista oficial de sencillos del Reino Unido, al puesto 51 en el Billboard Hot 100, al puesto 10 en la lista Billboard Global 200, al Top 5 en Billboard Hot Dance\/Electronic. Songs Chart y el n\u00famero 1 en la lista Spotify Viral 100, y acumul\u00f3 m\u00e1s de 10,9 mil millones de reproducciones globales.<\/p>\n<p>En julio, Ellis-Bextor se asoci\u00f3 con Felix Jaehn para el contagioso sencillo &#8220;Ready For Your Love&#8221;. En 2023, Ellis-Bextor lanz\u00f3 su octavo \u00e1lbum de estudio, <em>HANA<\/em>. El \u00e1lbum se ubic\u00f3 en el puesto n\u00famero 8 en la lista de \u00e1lbumes del Reino Unido, convirti\u00e9ndose en su quinto disco Top 10. Fue el tercero de una trilog\u00eda de discos realizados con su viejo colaborador y amigo Ed Harcourt despu\u00e9s del de 2016. <em>familia<\/em> y 2014 <em>Pasi\u00f3n de viajar<\/em>.<\/p>\n<p>Despu\u00e9s de una serie de espect\u00e1culos con entradas agotadas en Europa y Am\u00e9rica del Norte, Ellis-Bextor regresar\u00e1 a los EE. UU. para tres espect\u00e1culos en Fort Lauderdale, Orlando y Atlanta en noviembre. Luego apoyar\u00e1 a Take That en Australia en noviembre y la gira de The Human League por el Reino Unido en diciembre.<\/p><\/p>\n","protected":false},"excerpt":{"rendered":"<p>Sophie Ellis-Bextor ha compartido un nuevo single. El himno disco-pop \u201cFreedom of the Night\u201d es la primera m\u00fasica en solitario del \u00edcono brit\u00e1nico desde 2023<\/p>\n","protected":false},"author":1,"featured_media":891,"comment_status":"closed","ping_status":"","sticky":false,"template":"","format":"standard","meta":{"footnotes":""},"categories":[50],"tags":[201,1027,1028,1029,1026],"class_list":["post-890","post","type-post","status-publish","format-standard","has-post-thumbnail","hentry","category-el-ultimo","tag-comparte","tag-ellisbextor","tag-libertad","tag-noche","tag-sophie","generate-columns","tablet-grid-50","mobile-grid-100","grid-parent","grid-50"],"yoast_head":"<!-- This site is optimized with the Yoast SEO plugin v23.3 - https:\/\/yoast.com\/wordpress\/plugins\/seo\/ -->\n<title>Sophie Ellis-Bextor comparte &#039;Libertad de la noche&#039;<\/title>\n<meta name=\"robots\" content=\"index, follow, max-snippet:-1, max-image-preview:large, max-video-preview:-1\" \/>\n<link rel=\"canonical\" href=\"https:\/\/web.consaguirre.com.ar\/noticias\/sophie-ellis-bextor-comparte-libertad-de-la-noche\/\" \/>\n<meta property=\"og:locale\" content=\"es_ES\" \/>\n<meta property=\"og:type\" content=\"article\" \/>\n<meta property=\"og:title\" content=\"Sophie Ellis-Bextor comparte &#039;Libertad de la noche&#039;\" \/>\n<meta property=\"og:description\" content=\"Sophie Ellis-Bextor ha compartido un nuevo single. El himno disco-pop \u201cFreedom of the Night\u201d es la primera m\u00fasica en solitario del \u00edcono brit\u00e1nico desde 2023\" \/>\n<meta property=\"og:url\" content=\"https:\/\/web.consaguirre.com.ar\/noticias\/sophie-ellis-bextor-comparte-libertad-de-la-noche\/\" \/>\n<meta property=\"og:site_name\" content=\"Conservatorio de M\u00fasica Juli\u00e1n Aguirre\" \/>\n<meta property=\"article:published_time\" content=\"2024-10-21T23:39:46+00:00\" \/>\n<meta property=\"article:modified_time\" content=\"2024-10-21T23:39:47+00:00\" \/>\n<meta property=\"og:image\" content=\"https:\/\/web.consaguirre.com.ar\/noticias\/wp-content\/uploads\/2024\/10\/Sophie-Ellis-Bextor-comparte-Libertad-de-la-noche.jpg\" \/>\n\t<meta property=\"og:image:width\" content=\"820\" \/>\n\t<meta property=\"og:image:height\" content=\"820\" \/>\n\t<meta property=\"og:image:type\" content=\"image\/jpeg\" \/>\n<meta name=\"author\" content=\"Javier Figueroa\" \/>\n<meta name=\"twitter:card\" content=\"summary_large_image\" \/>\n<meta name=\"twitter:label1\" content=\"Escrito por\" \/>\n\t<meta name=\"twitter:data1\" content=\"Javier Figueroa\" \/>\n\t<meta name=\"twitter:label2\" content=\"Tiempo de lectura\" \/>\n\t<meta name=\"twitter:data2\" content=\"2 minutos\" \/>\n<script type=\"application\/ld+json\" class=\"yoast-schema-graph\">{\"@context\":\"https:\/\/schema.org\",\"@graph\":[{\"@type\":\"Article\",\"@id\":\"https:\/\/web.consaguirre.com.ar\/noticias\/sophie-ellis-bextor-comparte-libertad-de-la-noche\/#article\",\"isPartOf\":{\"@id\":\"https:\/\/web.consaguirre.com.ar\/noticias\/sophie-ellis-bextor-comparte-libertad-de-la-noche\/\"},\"author\":{\"name\":\"Javier Figueroa\",\"@id\":\"https:\/\/web.consaguirre.com.ar\/noticias\/#\/schema\/person\/6558b0cfedee7ddc5425602b237d5722\"},\"headline\":\"Sophie Ellis-Bextor comparte &#8216;Libertad de la noche&#8217;\",\"datePublished\":\"2024-10-21T23:39:46+00:00\",\"dateModified\":\"2024-10-21T23:39:47+00:00\",\"mainEntityOfPage\":{\"@id\":\"https:\/\/web.consaguirre.com.ar\/noticias\/sophie-ellis-bextor-comparte-libertad-de-la-noche\/\"},\"wordCount\":370,\"publisher\":{\"@id\":\"https:\/\/web.consaguirre.com.ar\/noticias\/#organization\"},\"image\":{\"@id\":\"https:\/\/web.consaguirre.com.ar\/noticias\/sophie-ellis-bextor-comparte-libertad-de-la-noche\/#primaryimage\"},\"thumbnailUrl\":\"https:\/\/web.consaguirre.com.ar\/noticias\/wp-content\/uploads\/2024\/10\/Sophie-Ellis-Bextor-comparte-Libertad-de-la-noche.jpg\",\"keywords\":[\"comparte\",\"EllisBextor\",\"Libertad\",\"noche\",\"Sophie\"],\"articleSection\":[\"El \u00faltimo\"],\"inLanguage\":\"es-AR\"},{\"@type\":\"WebPage\",\"@id\":\"https:\/\/web.consaguirre.com.ar\/noticias\/sophie-ellis-bextor-comparte-libertad-de-la-noche\/\",\"url\":\"https:\/\/web.consaguirre.com.ar\/noticias\/sophie-ellis-bextor-comparte-libertad-de-la-noche\/\",\"name\":\"Sophie Ellis-Bextor comparte 'Libertad de la noche'\",\"isPartOf\":{\"@id\":\"https:\/\/web.consaguirre.com.ar\/noticias\/#website\"},\"primaryImageOfPage\":{\"@id\":\"https:\/\/web.consaguirre.com.ar\/noticias\/sophie-ellis-bextor-comparte-libertad-de-la-noche\/#primaryimage\"},\"image\":{\"@id\":\"https:\/\/web.consaguirre.com.ar\/noticias\/sophie-ellis-bextor-comparte-libertad-de-la-noche\/#primaryimage\"},\"thumbnailUrl\":\"https:\/\/web.consaguirre.com.ar\/noticias\/wp-content\/uploads\/2024\/10\/Sophie-Ellis-Bextor-comparte-Libertad-de-la-noche.jpg\",\"datePublished\":\"2024-10-21T23:39:46+00:00\",\"dateModified\":\"2024-10-21T23:39:47+00:00\",\"breadcrumb\":{\"@id\":\"https:\/\/web.consaguirre.com.ar\/noticias\/sophie-ellis-bextor-comparte-libertad-de-la-noche\/#breadcrumb\"},\"inLanguage\":\"es-AR\",\"potentialAction\":[{\"@type\":\"ReadAction\",\"target\":[\"https:\/\/web.consaguirre.com.ar\/noticias\/sophie-ellis-bextor-comparte-libertad-de-la-noche\/\"]}]},{\"@type\":\"ImageObject\",\"inLanguage\":\"es-AR\",\"@id\":\"https:\/\/web.consaguirre.com.ar\/noticias\/sophie-ellis-bextor-comparte-libertad-de-la-noche\/#primaryimage\",\"url\":\"https:\/\/web.consaguirre.com.ar\/noticias\/wp-content\/uploads\/2024\/10\/Sophie-Ellis-Bextor-comparte-Libertad-de-la-noche.jpg\",\"contentUrl\":\"https:\/\/web.consaguirre.com.ar\/noticias\/wp-content\/uploads\/2024\/10\/Sophie-Ellis-Bextor-comparte-Libertad-de-la-noche.jpg\",\"width\":820,\"height\":820,\"caption\":\"Sophie Ellis-Bextor comparte 'Libertad de la noche'\"},{\"@type\":\"BreadcrumbList\",\"@id\":\"https:\/\/web.consaguirre.com.ar\/noticias\/sophie-ellis-bextor-comparte-libertad-de-la-noche\/#breadcrumb\",\"itemListElement\":[{\"@type\":\"ListItem\",\"position\":1,\"name\":\"Inicio\",\"item\":\"https:\/\/web.consaguirre.com.ar\/noticias\/\"},{\"@type\":\"ListItem\",\"position\":2,\"name\":\"Sophie Ellis-Bextor comparte &#8216;Libertad de la noche&#8217;\"}]},{\"@type\":\"WebSite\",\"@id\":\"https:\/\/web.consaguirre.com.ar\/noticias\/#website\",\"url\":\"https:\/\/web.consaguirre.com.ar\/noticias\/\",\"name\":\"Conservatorio de M\u00fasica Juli\u00e1n Aguirre\",\"description\":\"\",\"publisher\":{\"@id\":\"https:\/\/web.consaguirre.com.ar\/noticias\/#organization\"},\"potentialAction\":[{\"@type\":\"SearchAction\",\"target\":{\"@type\":\"EntryPoint\",\"urlTemplate\":\"https:\/\/web.consaguirre.com.ar\/noticias\/?s={search_term_string}\"},\"query-input\":\"required name=search_term_string\"}],\"inLanguage\":\"es-AR\"},{\"@type\":\"Organization\",\"@id\":\"https:\/\/web.consaguirre.com.ar\/noticias\/#organization\",\"name\":\"Conservatorio de M\u00fasica Juli\u00e1n Aguirre\",\"url\":\"https:\/\/web.consaguirre.com.ar\/noticias\/\",\"logo\":{\"@type\":\"ImageObject\",\"inLanguage\":\"es-AR\",\"@id\":\"https:\/\/web.consaguirre.com.ar\/noticias\/#\/schema\/logo\/image\/\",\"url\":\"https:\/\/web.consaguirre.com.ar\/noticias\/wp-content\/uploads\/2024\/08\/Banner-Aguirre-23.jpg\",\"contentUrl\":\"https:\/\/web.consaguirre.com.ar\/noticias\/wp-content\/uploads\/2024\/08\/Banner-Aguirre-23.jpg\",\"width\":1192,\"height\":600,\"caption\":\"Conservatorio de M\u00fasica Juli\u00e1n Aguirre\"},\"image\":{\"@id\":\"https:\/\/web.consaguirre.com.ar\/noticias\/#\/schema\/logo\/image\/\"}},{\"@type\":\"Person\",\"@id\":\"https:\/\/web.consaguirre.com.ar\/noticias\/#\/schema\/person\/6558b0cfedee7ddc5425602b237d5722\",\"name\":\"Javier Figueroa\",\"image\":{\"@type\":\"ImageObject\",\"inLanguage\":\"es-AR\",\"@id\":\"https:\/\/web.consaguirre.com.ar\/noticias\/#\/schema\/person\/image\/\",\"url\":\"https:\/\/web.consaguirre.com.ar\/noticias\/wp-content\/uploads\/2024\/08\/Consaguirre-scaled.jpg\",\"contentUrl\":\"https:\/\/web.consaguirre.com.ar\/noticias\/wp-content\/uploads\/2024\/08\/Consaguirre-scaled.jpg\",\"caption\":\"Javier Figueroa\"},\"description\":\"Me llamo Javier Figueroa y soy redactor para el sitio oficial del Conservatorio de M\u00fasica Juli\u00e1n Aguirre en Buenos Aires, consaguirre.com. Apasionado por la m\u00fasica y la escritura, me esfuerzo por destacar los talentos y eventos de nuestra prestigiosa instituci\u00f3n. Mi trayectoria se nutre de una profunda admiraci\u00f3n por los artistas, haciendo de cada art\u00edculo una celebraci\u00f3n de la creatividad y la cultura musical.\",\"sameAs\":[\"https:\/\/web.consaguirre.com.ar\/noticias\"]}]}<\/script>\n<!-- \/ Yoast SEO plugin. -->","yoast_head_json":{"title":"Sophie Ellis-Bextor comparte 'Libertad de la noche'","robots":{"index":"index","follow":"follow","max-snippet":"max-snippet:-1","max-image-preview":"max-image-preview:large","max-video-preview":"max-video-preview:-1"},"canonical":"https:\/\/web.consaguirre.com.ar\/noticias\/sophie-ellis-bextor-comparte-libertad-de-la-noche\/","og_locale":"es_ES","og_type":"article","og_title":"Sophie Ellis-Bextor comparte 'Libertad de la noche'","og_description":"Sophie Ellis-Bextor ha compartido un nuevo single. El himno disco-pop \u201cFreedom of the Night\u201d es la primera m\u00fasica en solitario del \u00edcono brit\u00e1nico desde 2023","og_url":"https:\/\/web.consaguirre.com.ar\/noticias\/sophie-ellis-bextor-comparte-libertad-de-la-noche\/","og_site_name":"Conservatorio de M\u00fasica Juli\u00e1n Aguirre","article_published_time":"2024-10-21T23:39:46+00:00","article_modified_time":"2024-10-21T23:39:47+00:00","og_image":[{"width":820,"height":820,"url":"https:\/\/web.consaguirre.com.ar\/noticias\/wp-content\/uploads\/2024\/10\/Sophie-Ellis-Bextor-comparte-Libertad-de-la-noche.jpg","type":"image\/jpeg"}],"author":"Javier Figueroa","twitter_card":"summary_large_image","twitter_misc":{"Escrito por":"Javier Figueroa","Tiempo de lectura":"2 minutos"},"schema":{"@context":"https:\/\/schema.org","@graph":[{"@type":"Article","@id":"https:\/\/web.consaguirre.com.ar\/noticias\/sophie-ellis-bextor-comparte-libertad-de-la-noche\/#article","isPartOf":{"@id":"https:\/\/web.consaguirre.com.ar\/noticias\/sophie-ellis-bextor-comparte-libertad-de-la-noche\/"},"author":{"name":"Javier Figueroa","@id":"https:\/\/web.consaguirre.com.ar\/noticias\/#\/schema\/person\/6558b0cfedee7ddc5425602b237d5722"},"headline":"Sophie Ellis-Bextor comparte &#8216;Libertad de la noche&#8217;","datePublished":"2024-10-21T23:39:46+00:00","dateModified":"2024-10-21T23:39:47+00:00","mainEntityOfPage":{"@id":"https:\/\/web.consaguirre.com.ar\/noticias\/sophie-ellis-bextor-comparte-libertad-de-la-noche\/"},"wordCount":370,"publisher":{"@id":"https:\/\/web.consaguirre.com.ar\/noticias\/#organization"},"image":{"@id":"https:\/\/web.consaguirre.com.ar\/noticias\/sophie-ellis-bextor-comparte-libertad-de-la-noche\/#primaryimage"},"thumbnailUrl":"https:\/\/web.consaguirre.com.ar\/noticias\/wp-content\/uploads\/2024\/10\/Sophie-Ellis-Bextor-comparte-Libertad-de-la-noche.jpg","keywords":["comparte","EllisBextor","Libertad","noche","Sophie"],"articleSection":["El \u00faltimo"],"inLanguage":"es-AR"},{"@type":"WebPage","@id":"https:\/\/web.consaguirre.com.ar\/noticias\/sophie-ellis-bextor-comparte-libertad-de-la-noche\/","url":"https:\/\/web.consaguirre.com.ar\/noticias\/sophie-ellis-bextor-comparte-libertad-de-la-noche\/","name":"Sophie Ellis-Bextor comparte 'Libertad de la noche'","isPartOf":{"@id":"https:\/\/web.consaguirre.com.ar\/noticias\/#website"},"primaryImageOfPage":{"@id":"https:\/\/web.consaguirre.com.ar\/noticias\/sophie-ellis-bextor-comparte-libertad-de-la-noche\/#primaryimage"},"image":{"@id":"https:\/\/web.consaguirre.com.ar\/noticias\/sophie-ellis-bextor-comparte-libertad-de-la-noche\/#primaryimage"},"thumbnailUrl":"https:\/\/web.consaguirre.com.ar\/noticias\/wp-content\/uploads\/2024\/10\/Sophie-Ellis-Bextor-comparte-Libertad-de-la-noche.jpg","datePublished":"2024-10-21T23:39:46+00:00","dateModified":"2024-10-21T23:39:47+00:00","breadcrumb":{"@id":"https:\/\/web.consaguirre.com.ar\/noticias\/sophie-ellis-bextor-comparte-libertad-de-la-noche\/#breadcrumb"},"inLanguage":"es-AR","potentialAction":[{"@type":"ReadAction","target":["https:\/\/web.consaguirre.com.ar\/noticias\/sophie-ellis-bextor-comparte-libertad-de-la-noche\/"]}]},{"@type":"ImageObject","inLanguage":"es-AR","@id":"https:\/\/web.consaguirre.com.ar\/noticias\/sophie-ellis-bextor-comparte-libertad-de-la-noche\/#primaryimage","url":"https:\/\/web.consaguirre.com.ar\/noticias\/wp-content\/uploads\/2024\/10\/Sophie-Ellis-Bextor-comparte-Libertad-de-la-noche.jpg","contentUrl":"https:\/\/web.consaguirre.com.ar\/noticias\/wp-content\/uploads\/2024\/10\/Sophie-Ellis-Bextor-comparte-Libertad-de-la-noche.jpg","width":820,"height":820,"caption":"Sophie Ellis-Bextor comparte 'Libertad de la noche'"},{"@type":"BreadcrumbList","@id":"https:\/\/web.consaguirre.com.ar\/noticias\/sophie-ellis-bextor-comparte-libertad-de-la-noche\/#breadcrumb","itemListElement":[{"@type":"ListItem","position":1,"name":"Inicio","item":"https:\/\/web.consaguirre.com.ar\/noticias\/"},{"@type":"ListItem","position":2,"name":"Sophie Ellis-Bextor comparte &#8216;Libertad de la noche&#8217;"}]},{"@type":"WebSite","@id":"https:\/\/web.consaguirre.com.ar\/noticias\/#website","url":"https:\/\/web.consaguirre.com.ar\/noticias\/","name":"Conservatorio de M\u00fasica Juli\u00e1n Aguirre","description":"","publisher":{"@id":"https:\/\/web.consaguirre.com.ar\/noticias\/#organization"},"potentialAction":[{"@type":"SearchAction","target":{"@type":"EntryPoint","urlTemplate":"https:\/\/web.consaguirre.com.ar\/noticias\/?s={search_term_string}"},"query-input":"required name=search_term_string"}],"inLanguage":"es-AR"},{"@type":"Organization","@id":"https:\/\/web.consaguirre.com.ar\/noticias\/#organization","name":"Conservatorio de M\u00fasica Juli\u00e1n Aguirre","url":"https:\/\/web.consaguirre.com.ar\/noticias\/","logo":{"@type":"ImageObject","inLanguage":"es-AR","@id":"https:\/\/web.consaguirre.com.ar\/noticias\/#\/schema\/logo\/image\/","url":"https:\/\/web.consaguirre.com.ar\/noticias\/wp-content\/uploads\/2024\/08\/Banner-Aguirre-23.jpg","contentUrl":"https:\/\/web.consaguirre.com.ar\/noticias\/wp-content\/uploads\/2024\/08\/Banner-Aguirre-23.jpg","width":1192,"height":600,"caption":"Conservatorio de M\u00fasica Juli\u00e1n Aguirre"},"image":{"@id":"https:\/\/web.consaguirre.com.ar\/noticias\/#\/schema\/logo\/image\/"}},{"@type":"Person","@id":"https:\/\/web.consaguirre.com.ar\/noticias\/#\/schema\/person\/6558b0cfedee7ddc5425602b237d5722","name":"Javier Figueroa","image":{"@type":"ImageObject","inLanguage":"es-AR","@id":"https:\/\/web.consaguirre.com.ar\/noticias\/#\/schema\/person\/image\/","url":"https:\/\/web.consaguirre.com.ar\/noticias\/wp-content\/uploads\/2024\/08\/Consaguirre-scaled.jpg","contentUrl":"https:\/\/web.consaguirre.com.ar\/noticias\/wp-content\/uploads\/2024\/08\/Consaguirre-scaled.jpg","caption":"Javier Figueroa"},"description":"Me llamo Javier Figueroa y soy redactor para el sitio oficial del Conservatorio de M\u00fasica Juli\u00e1n Aguirre en Buenos Aires, consaguirre.com. Apasionado por la m\u00fasica y la escritura, me esfuerzo por destacar los talentos y eventos de nuestra prestigiosa instituci\u00f3n. Mi trayectoria se nutre de una profunda admiraci\u00f3n por los artistas, haciendo de cada art\u00edculo una celebraci\u00f3n de la creatividad y la cultura musical.","sameAs":["https:\/\/web.consaguirre.com.ar\/noticias"]}]}},"_links":{"self":[{"href":"https:\/\/web.consaguirre.com.ar\/noticias\/wp-json\/wp\/v2\/posts\/890"}],"collection":[{"href":"https:\/\/web.consaguirre.com.ar\/noticias\/wp-json\/wp\/v2\/posts"}],"about":[{"href":"https:\/\/web.consaguirre.com.ar\/noticias\/wp-json\/wp\/v2\/types\/post"}],"author":[{"embeddable":true,"href":"https:\/\/web.consaguirre.com.ar\/noticias\/wp-json\/wp\/v2\/users\/1"}],"replies":[{"embeddable":true,"href":"https:\/\/web.consaguirre.com.ar\/noticias\/wp-json\/wp\/v2\/comments?post=890"}],"version-history":[{"count":1,"href":"https:\/\/web.consaguirre.com.ar\/noticias\/wp-json\/wp\/v2\/posts\/890\/revisions"}],"predecessor-version":[{"id":892,"href":"https:\/\/web.consaguirre.com.ar\/noticias\/wp-json\/wp\/v2\/posts\/890\/revisions\/892"}],"wp:featuredmedia":[{"embeddable":true,"href":"https:\/\/web.consaguirre.com.ar\/noticias\/wp-json\/wp\/v2\/media\/891"}],"wp:attachment":[{"href":"https:\/\/web.consaguirre.com.ar\/noticias\/wp-json\/wp\/v2\/media?parent=890"}],"wp:term":[{"taxonomy":"category","embeddable":true,"href":"https:\/\/web.consaguirre.com.ar\/noticias\/wp-json\/wp\/v2\/categories?post=890"},{"taxonomy":"post_tag","embeddable":true,"href":"https:\/\/web.consaguirre.com.ar\/noticias\/wp-json\/wp\/v2\/tags?post=890"}],"curies":[{"name":"wp","href":"https:\/\/api.w.org\/{rel}","templated":true}]}}