{"id":884,"date":"2024-10-21T14:38:34","date_gmt":"2024-10-21T17:38:34","guid":{"rendered":"https:\/\/web.consaguirre.com.ar\/noticias\/el-salon-de-la-fama-del-rock-roll-da-la-bienvenida-a-una-nueva-generacion-que-incluye-a-mary-j-blige-peter-frampton-y-mas\/"},"modified":"2024-10-21T14:38:36","modified_gmt":"2024-10-21T17:38:36","slug":"el-salon-de-la-fama-del-rock-roll-da-la-bienvenida-a-una-nueva-generacion-que-incluye-a-mary-j-blige-peter-frampton-y-mas","status":"publish","type":"post","link":"https:\/\/web.consaguirre.com.ar\/noticias\/el-salon-de-la-fama-del-rock-roll-da-la-bienvenida-a-una-nueva-generacion-que-incluye-a-mary-j-blige-peter-frampton-y-mas\/","title":{"rendered":"El Sal\u00f3n de la Fama del Rock &#038; Roll da la bienvenida a una nueva generaci\u00f3n que incluye a Mary J. Blige, Peter Frampton y m\u00e1s"},"content":{"rendered":"<p>El Sal\u00f3n de la Fama del Rock &#038; Roll ha dado la bienvenida a una nueva generaci\u00f3n. Los incorporados de este a\u00f1o fueron <strong>Mar\u00eda J. Blige<\/strong>, <strong>Peter Frampton<\/strong>A Tribe Called Quest, Foreigner, Kool &#038; The Gang, Ozzy Osbourne, Dave Matthews Band y reconocimiento p\u00f3stumo por <strong>Jimmy Buffett<\/strong>MC5, <strong>Alexis Korner<\/strong>, <strong>Juan Mayall<\/strong>, <strong>Norman Whitfield<\/strong> y Gran Mam\u00e1 Thornton. La ceremonia de juramentaci\u00f3n del s\u00e1bado se llev\u00f3 a cabo en Rocket Mortgage Fieldhouse en Cleveland y el 1 de enero se transmitir\u00e1 por ABC un especial de televisi\u00f3n con lo m\u00e1s destacado de las actuaciones.<\/p>\n<p>Kool &#038; the Gang fueron presentados por Chuck D, quien describi\u00f3 la ocasi\u00f3n como &#8220;una celebraci\u00f3n muy esperada&#8221;. Con la ayuda de The Roots, Robert \u201cKool\u201d Bell y James \u201cJT\u201d Taylor interpretaron un popurr\u00ed de los \u00e9xitos del grupo, incluidos \u201cHollywood Swinging\u201d, \u201cGet Down On It\u201d, \u201cLadies Night\u201d, \u201cJungle Boogie\u201d y la lista de \u00e9xitos de 1980. -encabezando \u201cCelebraci\u00f3n\u201d.<\/p>\n<p>Blige fue presentada por Dr. Dre, quien trabaj\u00f3 con la leyenda del soul del hip-hop en su aclamada canci\u00f3n \u201cFamily Affair\u201d, de su \u00e1lbum triple platino de 2001, No More Drama. &#8220;Cuando escuchas a Mary, entiendes que no est\u00e1s solo en el sufrimiento&#8221;, dijo Dre sobre la nueve veces ganadora del Grammy. Blige llevaba un excelente sombrero negro brillante mientras cantaba una mezcla de \u00e9xitos que inclu\u00edan \u201cLove No Limit\u201d, \u201cBe Happy\u201d y \u201cFamily Affair\u201d. &#8220;La reina del hip-hop soul es una estrella de rock&#8221;, dijo Blige en su discurso.<\/p>\n<div class=\"uD-YT-container\"><img decoding=\"async\" src=\"https:\/\/web.consaguirre.com.ar\/noticias\/wp-content\/uploads\/2024\/10\/1729532314_962_El-Salon-de-la-Fama-del-Rock-Roll-da.jpg\" alt=\"V\u00eddeo de YouTube\"><br \/>Haga clic para cargar v\u00eddeo<\/div>\n<p>Peter Frampton fue presentado por Roger Daltrey de The Who, quien coment\u00f3: \u201c\u00a1Ya era hora! Peter ha tenido la carrera m\u00e1s asombrosa de todos los tiempos. Probablemente sea m\u00e1s f\u00e1cil nombrar a las personas con las que no ha trabajado que a las personas con las que s\u00ed ha trabajado\u201d. Aunque tambi\u00e9n actu\u00f3 en las bandas de rock Herd y Humble Pie, Framptoon fue incluido en el \u00e9xito de su carrera en solitario. Su \u00e1lbum doble en vivo de 1976, que encabez\u00f3 las listas de \u00e9xitos. <em>\u00a1Framton cobra vida!<\/em> incluy\u00f3 los exitosos sencillos \u201cShow Me the Way\u201d y \u2033Baby, I Love Your Way\u201d. Keith Urban se uni\u00f3 a Frampton para interpretar \u201cDo You Feel Like I Do\u201d.<\/p>\n<p>Norman Whitfield fue un compositor, productor y arreglista ganador de un Grammy que ayud\u00f3 a establecer Motown Sound. Entre sus \u00e9xitos se encuentran &#8220;I Heard It Through the Grapevine&#8221; y &#8220;Papa Was a Rollin&#8217; Stone&#8221;. Whitfield trabaj\u00f3 frecuentemente con The Temptations, escribiendo \u00e9xitos como &#8220;Ain&#8217;t Too Proud to Beg&#8221; (junto a Eddie Holland) y produjo muchos de sus \u00e1lbumes, incluido Cloud Nine, cuya canci\u00f3n principal le vali\u00f3 al grupo un Grammy en 1969. A mediados de la d\u00e9cada de 1970 , Whitfield dej\u00f3 Motown y form\u00f3 su propio sello, Whitfield Records, donde escribi\u00f3 la banda sonora ganadora del Grammy para la pel\u00edcula de 1976. <em>Lavado de autos<\/em>. En 2004, el Sr. Whitfield fue incluido en el Sal\u00f3n de la Fama de los Compositores.<\/p>\n","protected":false},"excerpt":{"rendered":"<p>El Sal\u00f3n de la Fama del Rock &#038; Roll ha dado la bienvenida a una nueva generaci\u00f3n. Los incorporados de este a\u00f1o fueron Mar\u00eda J.<\/p>\n","protected":false},"author":1,"featured_media":885,"comment_status":"closed","ping_status":"","sticky":false,"template":"","format":"standard","meta":{"footnotes":""},"categories":[50],"tags":[1020,1024,10,870,490,1021,1022,1023,707,116,489,516,145,1019,191],"class_list":["post-884","post","type-post","status-publish","format-standard","has-post-thumbnail","hentry","category-el-ultimo","tag-bienvenida","tag-blige","tag-del","tag-fama","tag-frampton","tag-generacion","tag-incluye","tag-mary","tag-mas","tag-nueva","tag-peter","tag-rock","tag-roll","tag-salon","tag-una","generate-columns","tablet-grid-50","mobile-grid-100","grid-parent","grid-50"],"yoast_head":"<!-- This site is optimized with the Yoast SEO plugin v23.3 - https:\/\/yoast.com\/wordpress\/plugins\/seo\/ -->\n<title>El Sal\u00f3n de la Fama del Rock &amp; Roll da la bienvenida a una nueva generaci\u00f3n que incluye a Mary J. Blige, Peter Frampton y m\u00e1s<\/title>\n<meta name=\"robots\" content=\"index, follow, max-snippet:-1, max-image-preview:large, max-video-preview:-1\" \/>\n<link rel=\"canonical\" href=\"https:\/\/web.consaguirre.com.ar\/noticias\/el-salon-de-la-fama-del-rock-roll-da-la-bienvenida-a-una-nueva-generacion-que-incluye-a-mary-j-blige-peter-frampton-y-mas\/\" \/>\n<meta property=\"og:locale\" content=\"es_ES\" \/>\n<meta property=\"og:type\" content=\"article\" \/>\n<meta property=\"og:title\" content=\"El Sal\u00f3n de la Fama del Rock &amp; Roll da la bienvenida a una nueva generaci\u00f3n que incluye a Mary J. Blige, Peter Frampton y m\u00e1s\" \/>\n<meta property=\"og:description\" content=\"El Sal\u00f3n de la Fama del Rock &#038; Roll ha dado la bienvenida a una nueva generaci\u00f3n. Los incorporados de este a\u00f1o fueron Mar\u00eda J.\" \/>\n<meta property=\"og:url\" content=\"https:\/\/web.consaguirre.com.ar\/noticias\/el-salon-de-la-fama-del-rock-roll-da-la-bienvenida-a-una-nueva-generacion-que-incluye-a-mary-j-blige-peter-frampton-y-mas\/\" \/>\n<meta property=\"og:site_name\" content=\"Conservatorio de M\u00fasica Juli\u00e1n Aguirre\" \/>\n<meta property=\"article:published_time\" content=\"2024-10-21T17:38:34+00:00\" \/>\n<meta property=\"article:modified_time\" content=\"2024-10-21T17:38:36+00:00\" \/>\n<meta property=\"og:image\" content=\"https:\/\/web.consaguirre.com.ar\/noticias\/wp-content\/uploads\/2024\/10\/El-Salon-de-la-Fama-del-Rock-Roll-da.jpg\" \/>\n\t<meta property=\"og:image:width\" content=\"1440\" \/>\n\t<meta property=\"og:image:height\" content=\"864\" \/>\n\t<meta property=\"og:image:type\" content=\"image\/jpeg\" \/>\n<meta name=\"author\" content=\"Javier Figueroa\" \/>\n<meta name=\"twitter:card\" content=\"summary_large_image\" \/>\n<meta name=\"twitter:label1\" content=\"Escrito por\" \/>\n\t<meta name=\"twitter:data1\" content=\"Javier Figueroa\" \/>\n\t<meta name=\"twitter:label2\" content=\"Tiempo de lectura\" \/>\n\t<meta name=\"twitter:data2\" content=\"2 minutos\" \/>\n<script type=\"application\/ld+json\" class=\"yoast-schema-graph\">{\"@context\":\"https:\/\/schema.org\",\"@graph\":[{\"@type\":\"Article\",\"@id\":\"https:\/\/web.consaguirre.com.ar\/noticias\/el-salon-de-la-fama-del-rock-roll-da-la-bienvenida-a-una-nueva-generacion-que-incluye-a-mary-j-blige-peter-frampton-y-mas\/#article\",\"isPartOf\":{\"@id\":\"https:\/\/web.consaguirre.com.ar\/noticias\/el-salon-de-la-fama-del-rock-roll-da-la-bienvenida-a-una-nueva-generacion-que-incluye-a-mary-j-blige-peter-frampton-y-mas\/\"},\"author\":{\"name\":\"Javier Figueroa\",\"@id\":\"https:\/\/web.consaguirre.com.ar\/noticias\/#\/schema\/person\/6558b0cfedee7ddc5425602b237d5722\"},\"headline\":\"El Sal\u00f3n de la Fama del Rock &#038; Roll da la bienvenida a una nueva generaci\u00f3n que incluye a Mary J. Blige, Peter Frampton y m\u00e1s\",\"datePublished\":\"2024-10-21T17:38:34+00:00\",\"dateModified\":\"2024-10-21T17:38:36+00:00\",\"mainEntityOfPage\":{\"@id\":\"https:\/\/web.consaguirre.com.ar\/noticias\/el-salon-de-la-fama-del-rock-roll-da-la-bienvenida-a-una-nueva-generacion-que-incluye-a-mary-j-blige-peter-frampton-y-mas\/\"},\"wordCount\":528,\"publisher\":{\"@id\":\"https:\/\/web.consaguirre.com.ar\/noticias\/#organization\"},\"image\":{\"@id\":\"https:\/\/web.consaguirre.com.ar\/noticias\/el-salon-de-la-fama-del-rock-roll-da-la-bienvenida-a-una-nueva-generacion-que-incluye-a-mary-j-blige-peter-frampton-y-mas\/#primaryimage\"},\"thumbnailUrl\":\"https:\/\/web.consaguirre.com.ar\/noticias\/wp-content\/uploads\/2024\/10\/El-Salon-de-la-Fama-del-Rock-Roll-da.jpg\",\"keywords\":[\"bienvenida\",\"Blige\",\"del\",\"Fama\",\"Frampton\",\"generaci\u00f3n\",\"incluye\",\"Mary\",\"m\u00e1s\",\"nueva\",\"Peter\",\"Rock\",\"Roll\",\"Sal\u00f3n\",\"una\"],\"articleSection\":[\"El \u00faltimo\"],\"inLanguage\":\"es-AR\"},{\"@type\":\"WebPage\",\"@id\":\"https:\/\/web.consaguirre.com.ar\/noticias\/el-salon-de-la-fama-del-rock-roll-da-la-bienvenida-a-una-nueva-generacion-que-incluye-a-mary-j-blige-peter-frampton-y-mas\/\",\"url\":\"https:\/\/web.consaguirre.com.ar\/noticias\/el-salon-de-la-fama-del-rock-roll-da-la-bienvenida-a-una-nueva-generacion-que-incluye-a-mary-j-blige-peter-frampton-y-mas\/\",\"name\":\"El Sal\u00f3n de la Fama del Rock & Roll da la bienvenida a una nueva generaci\u00f3n que incluye a Mary J. Blige, Peter Frampton y m\u00e1s\",\"isPartOf\":{\"@id\":\"https:\/\/web.consaguirre.com.ar\/noticias\/#website\"},\"primaryImageOfPage\":{\"@id\":\"https:\/\/web.consaguirre.com.ar\/noticias\/el-salon-de-la-fama-del-rock-roll-da-la-bienvenida-a-una-nueva-generacion-que-incluye-a-mary-j-blige-peter-frampton-y-mas\/#primaryimage\"},\"image\":{\"@id\":\"https:\/\/web.consaguirre.com.ar\/noticias\/el-salon-de-la-fama-del-rock-roll-da-la-bienvenida-a-una-nueva-generacion-que-incluye-a-mary-j-blige-peter-frampton-y-mas\/#primaryimage\"},\"thumbnailUrl\":\"https:\/\/web.consaguirre.com.ar\/noticias\/wp-content\/uploads\/2024\/10\/El-Salon-de-la-Fama-del-Rock-Roll-da.jpg\",\"datePublished\":\"2024-10-21T17:38:34+00:00\",\"dateModified\":\"2024-10-21T17:38:36+00:00\",\"breadcrumb\":{\"@id\":\"https:\/\/web.consaguirre.com.ar\/noticias\/el-salon-de-la-fama-del-rock-roll-da-la-bienvenida-a-una-nueva-generacion-que-incluye-a-mary-j-blige-peter-frampton-y-mas\/#breadcrumb\"},\"inLanguage\":\"es-AR\",\"potentialAction\":[{\"@type\":\"ReadAction\",\"target\":[\"https:\/\/web.consaguirre.com.ar\/noticias\/el-salon-de-la-fama-del-rock-roll-da-la-bienvenida-a-una-nueva-generacion-que-incluye-a-mary-j-blige-peter-frampton-y-mas\/\"]}]},{\"@type\":\"ImageObject\",\"inLanguage\":\"es-AR\",\"@id\":\"https:\/\/web.consaguirre.com.ar\/noticias\/el-salon-de-la-fama-del-rock-roll-da-la-bienvenida-a-una-nueva-generacion-que-incluye-a-mary-j-blige-peter-frampton-y-mas\/#primaryimage\",\"url\":\"https:\/\/web.consaguirre.com.ar\/noticias\/wp-content\/uploads\/2024\/10\/El-Salon-de-la-Fama-del-Rock-Roll-da.jpg\",\"contentUrl\":\"https:\/\/web.consaguirre.com.ar\/noticias\/wp-content\/uploads\/2024\/10\/El-Salon-de-la-Fama-del-Rock-Roll-da.jpg\",\"width\":1440,\"height\":864,\"caption\":\"El Sal\u00f3n de la Fama del Rock & Roll da la bienvenida a una nueva generaci\u00f3n que incluye a Mary J. Blige, Peter Frampton y m\u00e1s\"},{\"@type\":\"BreadcrumbList\",\"@id\":\"https:\/\/web.consaguirre.com.ar\/noticias\/el-salon-de-la-fama-del-rock-roll-da-la-bienvenida-a-una-nueva-generacion-que-incluye-a-mary-j-blige-peter-frampton-y-mas\/#breadcrumb\",\"itemListElement\":[{\"@type\":\"ListItem\",\"position\":1,\"name\":\"Inicio\",\"item\":\"https:\/\/web.consaguirre.com.ar\/noticias\/\"},{\"@type\":\"ListItem\",\"position\":2,\"name\":\"El Sal\u00f3n de la Fama del Rock &#038; Roll da la bienvenida a una nueva generaci\u00f3n que incluye a Mary J. Blige, Peter Frampton y m\u00e1s\"}]},{\"@type\":\"WebSite\",\"@id\":\"https:\/\/web.consaguirre.com.ar\/noticias\/#website\",\"url\":\"https:\/\/web.consaguirre.com.ar\/noticias\/\",\"name\":\"Conservatorio de M\u00fasica Juli\u00e1n Aguirre\",\"description\":\"\",\"publisher\":{\"@id\":\"https:\/\/web.consaguirre.com.ar\/noticias\/#organization\"},\"potentialAction\":[{\"@type\":\"SearchAction\",\"target\":{\"@type\":\"EntryPoint\",\"urlTemplate\":\"https:\/\/web.consaguirre.com.ar\/noticias\/?s={search_term_string}\"},\"query-input\":\"required name=search_term_string\"}],\"inLanguage\":\"es-AR\"},{\"@type\":\"Organization\",\"@id\":\"https:\/\/web.consaguirre.com.ar\/noticias\/#organization\",\"name\":\"Conservatorio de M\u00fasica Juli\u00e1n Aguirre\",\"url\":\"https:\/\/web.consaguirre.com.ar\/noticias\/\",\"logo\":{\"@type\":\"ImageObject\",\"inLanguage\":\"es-AR\",\"@id\":\"https:\/\/web.consaguirre.com.ar\/noticias\/#\/schema\/logo\/image\/\",\"url\":\"https:\/\/web.consaguirre.com.ar\/noticias\/wp-content\/uploads\/2024\/08\/Banner-Aguirre-23.jpg\",\"contentUrl\":\"https:\/\/web.consaguirre.com.ar\/noticias\/wp-content\/uploads\/2024\/08\/Banner-Aguirre-23.jpg\",\"width\":1192,\"height\":600,\"caption\":\"Conservatorio de M\u00fasica Juli\u00e1n Aguirre\"},\"image\":{\"@id\":\"https:\/\/web.consaguirre.com.ar\/noticias\/#\/schema\/logo\/image\/\"}},{\"@type\":\"Person\",\"@id\":\"https:\/\/web.consaguirre.com.ar\/noticias\/#\/schema\/person\/6558b0cfedee7ddc5425602b237d5722\",\"name\":\"Javier Figueroa\",\"image\":{\"@type\":\"ImageObject\",\"inLanguage\":\"es-AR\",\"@id\":\"https:\/\/web.consaguirre.com.ar\/noticias\/#\/schema\/person\/image\/\",\"url\":\"https:\/\/web.consaguirre.com.ar\/noticias\/wp-content\/uploads\/2024\/08\/Consaguirre-scaled.jpg\",\"contentUrl\":\"https:\/\/web.consaguirre.com.ar\/noticias\/wp-content\/uploads\/2024\/08\/Consaguirre-scaled.jpg\",\"caption\":\"Javier Figueroa\"},\"description\":\"Me llamo Javier Figueroa y soy redactor para el sitio oficial del Conservatorio de M\u00fasica Juli\u00e1n Aguirre en Buenos Aires, consaguirre.com. Apasionado por la m\u00fasica y la escritura, me esfuerzo por destacar los talentos y eventos de nuestra prestigiosa instituci\u00f3n. Mi trayectoria se nutre de una profunda admiraci\u00f3n por los artistas, haciendo de cada art\u00edculo una celebraci\u00f3n de la creatividad y la cultura musical.\",\"sameAs\":[\"https:\/\/web.consaguirre.com.ar\/noticias\"]}]}<\/script>\n<!-- \/ Yoast SEO plugin. -->","yoast_head_json":{"title":"El Sal\u00f3n de la Fama del Rock & Roll da la bienvenida a una nueva generaci\u00f3n que incluye a Mary J. Blige, Peter Frampton y m\u00e1s","robots":{"index":"index","follow":"follow","max-snippet":"max-snippet:-1","max-image-preview":"max-image-preview:large","max-video-preview":"max-video-preview:-1"},"canonical":"https:\/\/web.consaguirre.com.ar\/noticias\/el-salon-de-la-fama-del-rock-roll-da-la-bienvenida-a-una-nueva-generacion-que-incluye-a-mary-j-blige-peter-frampton-y-mas\/","og_locale":"es_ES","og_type":"article","og_title":"El Sal\u00f3n de la Fama del Rock & Roll da la bienvenida a una nueva generaci\u00f3n que incluye a Mary J. Blige, Peter Frampton y m\u00e1s","og_description":"El Sal\u00f3n de la Fama del Rock &#038; Roll ha dado la bienvenida a una nueva generaci\u00f3n. Los incorporados de este a\u00f1o fueron Mar\u00eda J.","og_url":"https:\/\/web.consaguirre.com.ar\/noticias\/el-salon-de-la-fama-del-rock-roll-da-la-bienvenida-a-una-nueva-generacion-que-incluye-a-mary-j-blige-peter-frampton-y-mas\/","og_site_name":"Conservatorio de M\u00fasica Juli\u00e1n Aguirre","article_published_time":"2024-10-21T17:38:34+00:00","article_modified_time":"2024-10-21T17:38:36+00:00","og_image":[{"width":1440,"height":864,"url":"https:\/\/web.consaguirre.com.ar\/noticias\/wp-content\/uploads\/2024\/10\/El-Salon-de-la-Fama-del-Rock-Roll-da.jpg","type":"image\/jpeg"}],"author":"Javier Figueroa","twitter_card":"summary_large_image","twitter_misc":{"Escrito por":"Javier Figueroa","Tiempo de lectura":"2 minutos"},"schema":{"@context":"https:\/\/schema.org","@graph":[{"@type":"Article","@id":"https:\/\/web.consaguirre.com.ar\/noticias\/el-salon-de-la-fama-del-rock-roll-da-la-bienvenida-a-una-nueva-generacion-que-incluye-a-mary-j-blige-peter-frampton-y-mas\/#article","isPartOf":{"@id":"https:\/\/web.consaguirre.com.ar\/noticias\/el-salon-de-la-fama-del-rock-roll-da-la-bienvenida-a-una-nueva-generacion-que-incluye-a-mary-j-blige-peter-frampton-y-mas\/"},"author":{"name":"Javier Figueroa","@id":"https:\/\/web.consaguirre.com.ar\/noticias\/#\/schema\/person\/6558b0cfedee7ddc5425602b237d5722"},"headline":"El Sal\u00f3n de la Fama del Rock &#038; Roll da la bienvenida a una nueva generaci\u00f3n que incluye a Mary J. Blige, Peter Frampton y m\u00e1s","datePublished":"2024-10-21T17:38:34+00:00","dateModified":"2024-10-21T17:38:36+00:00","mainEntityOfPage":{"@id":"https:\/\/web.consaguirre.com.ar\/noticias\/el-salon-de-la-fama-del-rock-roll-da-la-bienvenida-a-una-nueva-generacion-que-incluye-a-mary-j-blige-peter-frampton-y-mas\/"},"wordCount":528,"publisher":{"@id":"https:\/\/web.consaguirre.com.ar\/noticias\/#organization"},"image":{"@id":"https:\/\/web.consaguirre.com.ar\/noticias\/el-salon-de-la-fama-del-rock-roll-da-la-bienvenida-a-una-nueva-generacion-que-incluye-a-mary-j-blige-peter-frampton-y-mas\/#primaryimage"},"thumbnailUrl":"https:\/\/web.consaguirre.com.ar\/noticias\/wp-content\/uploads\/2024\/10\/El-Salon-de-la-Fama-del-Rock-Roll-da.jpg","keywords":["bienvenida","Blige","del","Fama","Frampton","generaci\u00f3n","incluye","Mary","m\u00e1s","nueva","Peter","Rock","Roll","Sal\u00f3n","una"],"articleSection":["El \u00faltimo"],"inLanguage":"es-AR"},{"@type":"WebPage","@id":"https:\/\/web.consaguirre.com.ar\/noticias\/el-salon-de-la-fama-del-rock-roll-da-la-bienvenida-a-una-nueva-generacion-que-incluye-a-mary-j-blige-peter-frampton-y-mas\/","url":"https:\/\/web.consaguirre.com.ar\/noticias\/el-salon-de-la-fama-del-rock-roll-da-la-bienvenida-a-una-nueva-generacion-que-incluye-a-mary-j-blige-peter-frampton-y-mas\/","name":"El Sal\u00f3n de la Fama del Rock & Roll da la bienvenida a una nueva generaci\u00f3n que incluye a Mary J. Blige, Peter Frampton y m\u00e1s","isPartOf":{"@id":"https:\/\/web.consaguirre.com.ar\/noticias\/#website"},"primaryImageOfPage":{"@id":"https:\/\/web.consaguirre.com.ar\/noticias\/el-salon-de-la-fama-del-rock-roll-da-la-bienvenida-a-una-nueva-generacion-que-incluye-a-mary-j-blige-peter-frampton-y-mas\/#primaryimage"},"image":{"@id":"https:\/\/web.consaguirre.com.ar\/noticias\/el-salon-de-la-fama-del-rock-roll-da-la-bienvenida-a-una-nueva-generacion-que-incluye-a-mary-j-blige-peter-frampton-y-mas\/#primaryimage"},"thumbnailUrl":"https:\/\/web.consaguirre.com.ar\/noticias\/wp-content\/uploads\/2024\/10\/El-Salon-de-la-Fama-del-Rock-Roll-da.jpg","datePublished":"2024-10-21T17:38:34+00:00","dateModified":"2024-10-21T17:38:36+00:00","breadcrumb":{"@id":"https:\/\/web.consaguirre.com.ar\/noticias\/el-salon-de-la-fama-del-rock-roll-da-la-bienvenida-a-una-nueva-generacion-que-incluye-a-mary-j-blige-peter-frampton-y-mas\/#breadcrumb"},"inLanguage":"es-AR","potentialAction":[{"@type":"ReadAction","target":["https:\/\/web.consaguirre.com.ar\/noticias\/el-salon-de-la-fama-del-rock-roll-da-la-bienvenida-a-una-nueva-generacion-que-incluye-a-mary-j-blige-peter-frampton-y-mas\/"]}]},{"@type":"ImageObject","inLanguage":"es-AR","@id":"https:\/\/web.consaguirre.com.ar\/noticias\/el-salon-de-la-fama-del-rock-roll-da-la-bienvenida-a-una-nueva-generacion-que-incluye-a-mary-j-blige-peter-frampton-y-mas\/#primaryimage","url":"https:\/\/web.consaguirre.com.ar\/noticias\/wp-content\/uploads\/2024\/10\/El-Salon-de-la-Fama-del-Rock-Roll-da.jpg","contentUrl":"https:\/\/web.consaguirre.com.ar\/noticias\/wp-content\/uploads\/2024\/10\/El-Salon-de-la-Fama-del-Rock-Roll-da.jpg","width":1440,"height":864,"caption":"El Sal\u00f3n de la Fama del Rock & Roll da la bienvenida a una nueva generaci\u00f3n que incluye a Mary J. Blige, Peter Frampton y m\u00e1s"},{"@type":"BreadcrumbList","@id":"https:\/\/web.consaguirre.com.ar\/noticias\/el-salon-de-la-fama-del-rock-roll-da-la-bienvenida-a-una-nueva-generacion-que-incluye-a-mary-j-blige-peter-frampton-y-mas\/#breadcrumb","itemListElement":[{"@type":"ListItem","position":1,"name":"Inicio","item":"https:\/\/web.consaguirre.com.ar\/noticias\/"},{"@type":"ListItem","position":2,"name":"El Sal\u00f3n de la Fama del Rock &#038; Roll da la bienvenida a una nueva generaci\u00f3n que incluye a Mary J. Blige, Peter Frampton y m\u00e1s"}]},{"@type":"WebSite","@id":"https:\/\/web.consaguirre.com.ar\/noticias\/#website","url":"https:\/\/web.consaguirre.com.ar\/noticias\/","name":"Conservatorio de M\u00fasica Juli\u00e1n Aguirre","description":"","publisher":{"@id":"https:\/\/web.consaguirre.com.ar\/noticias\/#organization"},"potentialAction":[{"@type":"SearchAction","target":{"@type":"EntryPoint","urlTemplate":"https:\/\/web.consaguirre.com.ar\/noticias\/?s={search_term_string}"},"query-input":"required name=search_term_string"}],"inLanguage":"es-AR"},{"@type":"Organization","@id":"https:\/\/web.consaguirre.com.ar\/noticias\/#organization","name":"Conservatorio de M\u00fasica Juli\u00e1n Aguirre","url":"https:\/\/web.consaguirre.com.ar\/noticias\/","logo":{"@type":"ImageObject","inLanguage":"es-AR","@id":"https:\/\/web.consaguirre.com.ar\/noticias\/#\/schema\/logo\/image\/","url":"https:\/\/web.consaguirre.com.ar\/noticias\/wp-content\/uploads\/2024\/08\/Banner-Aguirre-23.jpg","contentUrl":"https:\/\/web.consaguirre.com.ar\/noticias\/wp-content\/uploads\/2024\/08\/Banner-Aguirre-23.jpg","width":1192,"height":600,"caption":"Conservatorio de M\u00fasica Juli\u00e1n Aguirre"},"image":{"@id":"https:\/\/web.consaguirre.com.ar\/noticias\/#\/schema\/logo\/image\/"}},{"@type":"Person","@id":"https:\/\/web.consaguirre.com.ar\/noticias\/#\/schema\/person\/6558b0cfedee7ddc5425602b237d5722","name":"Javier Figueroa","image":{"@type":"ImageObject","inLanguage":"es-AR","@id":"https:\/\/web.consaguirre.com.ar\/noticias\/#\/schema\/person\/image\/","url":"https:\/\/web.consaguirre.com.ar\/noticias\/wp-content\/uploads\/2024\/08\/Consaguirre-scaled.jpg","contentUrl":"https:\/\/web.consaguirre.com.ar\/noticias\/wp-content\/uploads\/2024\/08\/Consaguirre-scaled.jpg","caption":"Javier Figueroa"},"description":"Me llamo Javier Figueroa y soy redactor para el sitio oficial del Conservatorio de M\u00fasica Juli\u00e1n Aguirre en Buenos Aires, consaguirre.com. Apasionado por la m\u00fasica y la escritura, me esfuerzo por destacar los talentos y eventos de nuestra prestigiosa instituci\u00f3n. Mi trayectoria se nutre de una profunda admiraci\u00f3n por los artistas, haciendo de cada art\u00edculo una celebraci\u00f3n de la creatividad y la cultura musical.","sameAs":["https:\/\/web.consaguirre.com.ar\/noticias"]}]}},"_links":{"self":[{"href":"https:\/\/web.consaguirre.com.ar\/noticias\/wp-json\/wp\/v2\/posts\/884"}],"collection":[{"href":"https:\/\/web.consaguirre.com.ar\/noticias\/wp-json\/wp\/v2\/posts"}],"about":[{"href":"https:\/\/web.consaguirre.com.ar\/noticias\/wp-json\/wp\/v2\/types\/post"}],"author":[{"embeddable":true,"href":"https:\/\/web.consaguirre.com.ar\/noticias\/wp-json\/wp\/v2\/users\/1"}],"replies":[{"embeddable":true,"href":"https:\/\/web.consaguirre.com.ar\/noticias\/wp-json\/wp\/v2\/comments?post=884"}],"version-history":[{"count":1,"href":"https:\/\/web.consaguirre.com.ar\/noticias\/wp-json\/wp\/v2\/posts\/884\/revisions"}],"predecessor-version":[{"id":886,"href":"https:\/\/web.consaguirre.com.ar\/noticias\/wp-json\/wp\/v2\/posts\/884\/revisions\/886"}],"wp:featuredmedia":[{"embeddable":true,"href":"https:\/\/web.consaguirre.com.ar\/noticias\/wp-json\/wp\/v2\/media\/885"}],"wp:attachment":[{"href":"https:\/\/web.consaguirre.com.ar\/noticias\/wp-json\/wp\/v2\/media?parent=884"}],"wp:term":[{"taxonomy":"category","embeddable":true,"href":"https:\/\/web.consaguirre.com.ar\/noticias\/wp-json\/wp\/v2\/categories?post=884"},{"taxonomy":"post_tag","embeddable":true,"href":"https:\/\/web.consaguirre.com.ar\/noticias\/wp-json\/wp\/v2\/tags?post=884"}],"curies":[{"name":"wp","href":"https:\/\/api.w.org\/{rel}","templated":true}]}}