{"id":860,"date":"2024-10-17T14:38:19","date_gmt":"2024-10-17T17:38:19","guid":{"rendered":"https:\/\/web.consaguirre.com.ar\/noticias\/muere-liam-payne-ex-miembro-de-one-direction-a-los-31-anos\/"},"modified":"2024-10-17T14:38:21","modified_gmt":"2024-10-17T17:38:21","slug":"muere-liam-payne-ex-miembro-de-one-direction-a-los-31-anos","status":"publish","type":"post","link":"https:\/\/web.consaguirre.com.ar\/noticias\/muere-liam-payne-ex-miembro-de-one-direction-a-los-31-anos\/","title":{"rendered":"Muere Liam Payne, ex miembro de One Direction, a los 31 a\u00f1os"},"content":{"rendered":"<p><strong>Liam Payne<\/strong>cantante y compositor que salt\u00f3 a la fama con One Direction, falleci\u00f3 a los 31 a\u00f1os. Su fallecimiento fue confirmado por funcionarios locales en Buenos Ares, Argentina, quienes afirmaron que se hab\u00eda ca\u00eddo del balc\u00f3n de su hotel.<\/p>\n<p>Nacido en Wolverhampton, Inglaterra, en 1993, la carrera como cantante de Payne comenz\u00f3 t\u00e9cnicamente con s\u00f3lo 14 a\u00f1os. Hizo una primera audici\u00f3n para <em>El factor X <\/em>ese a\u00f1o, pero se le recomend\u00f3 que regresara en unos pocos a\u00f1os. A los 16 a\u00f1os regres\u00f3 con una audici\u00f3n destacada, interpretando la interpretaci\u00f3n de Michael Bubl\u00e9 de \u201cCry Me a River\u201d. No logr\u00f3 avanzar a la alineaci\u00f3n final del programa como solista, pero Simon Cowell y sus compa\u00f1eros jueces combinaron a Payne con Harry Styles, Niall Horan, Zayn Malik y Louis Tomlinson para crear la boyband que ser\u00eda One Direction.<\/p>\n<p>Aunque no ganaron el programa, One Direction se convertir\u00eda en uno de los actos m\u00e1s exitosos de la d\u00e9cada de 2010 y una de las boybands m\u00e1s exitosas de todos los tiempos. Su vertiginosa carrera produjo cinco \u00e1lbumes en cinco a\u00f1os antes de que el grupo hiciera una pausa permanente para dedicarse a proyectos en solitario. La velocidad a la que el grupo iba y ven\u00eda ha hecho dif\u00edcil cuantificar su impacto cultural, pero el impacto que tuvieron en las vidas de su enorme base de fans es innegable, como se ve en la reciente efusi\u00f3n de dolor.<\/p>\n<p>En \u00e1lbumes posteriores de One Direction, Payne se convirti\u00f3 en un destacado compositor, a menudo asoci\u00e1ndose con Tomlinson para escribir temas como &#8220;Right Now&#8221;, &#8220;Fireproof&#8221; y &#8220;What A Feeling&#8221;.<\/p>\n<p>Su carrera en solitario tom\u00f3 una direcci\u00f3n musical diferente, favoreciendo el EDM y el dance pop. Su sencillo debut, &#8220;Strip That Down&#8221;, alcanz\u00f3 el n\u00famero 10 en los EE. UU. y el n\u00famero tres en el Reino Unido. Posteriormente lanz\u00f3 colaboraciones con Zedd (&#8220;Get Low&#8221;) y Rita Ora (&#8220;For You&#8221;) antes de lanzar su \u00fanico \u00e1lbum en solitario, <em>LP1<\/em>en 2019.<\/p>\n<p>La familia de Payne emiti\u00f3 un comunicado el jueves pidiendo privacidad. &#8220;Estamos desconsolados&#8221;, dijo la familia. &#8220;Liam vivir\u00e1 por siempre en nuestros corazones y lo recordaremos por su alma amable, divertida y valiente&#8221;.<\/p>\n<p>Le sobreviven su hijo de 7 a\u00f1os, Bear Gray Payne, sus padres, Geoff y Karen Payne, y sus dos hermanas mayores, Ruth y Nicola.<\/p>\n","protected":false},"excerpt":{"rendered":"<p>Liam Paynecantante y compositor que salt\u00f3 a la fama con One Direction, falleci\u00f3 a los 31 a\u00f1os. Su fallecimiento fue confirmado por funcionarios locales en<\/p>\n","protected":false},"author":1,"featured_media":861,"comment_status":"closed","ping_status":"","sticky":false,"template":"","format":"standard","meta":{"footnotes":""},"categories":[50],"tags":[115,990,987,180,989,564,988],"class_list":["post-860","post","type-post","status-publish","format-standard","has-post-thumbnail","hentry","category-el-ultimo","tag-anos","tag-direction","tag-liam","tag-los","tag-miembro","tag-muere","tag-payne","generate-columns","tablet-grid-50","mobile-grid-100","grid-parent","grid-50"],"yoast_head":"<!-- This site is optimized with the Yoast SEO plugin v23.3 - https:\/\/yoast.com\/wordpress\/plugins\/seo\/ -->\n<title>Muere Liam Payne, ex miembro de One Direction, a los 31 a\u00f1os<\/title>\n<meta name=\"robots\" content=\"index, follow, max-snippet:-1, max-image-preview:large, max-video-preview:-1\" \/>\n<link rel=\"canonical\" href=\"https:\/\/web.consaguirre.com.ar\/noticias\/muere-liam-payne-ex-miembro-de-one-direction-a-los-31-anos\/\" \/>\n<meta property=\"og:locale\" content=\"es_ES\" \/>\n<meta property=\"og:type\" content=\"article\" \/>\n<meta property=\"og:title\" content=\"Muere Liam Payne, ex miembro de One Direction, a los 31 a\u00f1os\" \/>\n<meta property=\"og:description\" content=\"Liam Paynecantante y compositor que salt\u00f3 a la fama con One Direction, falleci\u00f3 a los 31 a\u00f1os. Su fallecimiento fue confirmado por funcionarios locales en\" \/>\n<meta property=\"og:url\" content=\"https:\/\/web.consaguirre.com.ar\/noticias\/muere-liam-payne-ex-miembro-de-one-direction-a-los-31-anos\/\" \/>\n<meta property=\"og:site_name\" content=\"Conservatorio de M\u00fasica Juli\u00e1n Aguirre\" \/>\n<meta property=\"article:published_time\" content=\"2024-10-17T17:38:19+00:00\" \/>\n<meta property=\"article:modified_time\" content=\"2024-10-17T17:38:21+00:00\" \/>\n<meta property=\"og:image\" content=\"https:\/\/web.consaguirre.com.ar\/noticias\/wp-content\/uploads\/2024\/10\/Muere-Liam-Payne-ex-miembro-de-One-Direction-a-los.jpg\" \/>\n\t<meta property=\"og:image:width\" content=\"1440\" \/>\n\t<meta property=\"og:image:height\" content=\"864\" \/>\n\t<meta property=\"og:image:type\" content=\"image\/jpeg\" \/>\n<meta name=\"author\" content=\"Javier Figueroa\" \/>\n<meta name=\"twitter:card\" content=\"summary_large_image\" \/>\n<meta name=\"twitter:label1\" content=\"Escrito por\" \/>\n\t<meta name=\"twitter:data1\" content=\"Javier Figueroa\" \/>\n\t<meta name=\"twitter:label2\" content=\"Tiempo de lectura\" \/>\n\t<meta name=\"twitter:data2\" content=\"2 minutos\" \/>\n<script type=\"application\/ld+json\" class=\"yoast-schema-graph\">{\"@context\":\"https:\/\/schema.org\",\"@graph\":[{\"@type\":\"Article\",\"@id\":\"https:\/\/web.consaguirre.com.ar\/noticias\/muere-liam-payne-ex-miembro-de-one-direction-a-los-31-anos\/#article\",\"isPartOf\":{\"@id\":\"https:\/\/web.consaguirre.com.ar\/noticias\/muere-liam-payne-ex-miembro-de-one-direction-a-los-31-anos\/\"},\"author\":{\"name\":\"Javier Figueroa\",\"@id\":\"https:\/\/web.consaguirre.com.ar\/noticias\/#\/schema\/person\/6558b0cfedee7ddc5425602b237d5722\"},\"headline\":\"Muere Liam Payne, ex miembro de One Direction, a los 31 a\u00f1os\",\"datePublished\":\"2024-10-17T17:38:19+00:00\",\"dateModified\":\"2024-10-17T17:38:21+00:00\",\"mainEntityOfPage\":{\"@id\":\"https:\/\/web.consaguirre.com.ar\/noticias\/muere-liam-payne-ex-miembro-de-one-direction-a-los-31-anos\/\"},\"wordCount\":414,\"publisher\":{\"@id\":\"https:\/\/web.consaguirre.com.ar\/noticias\/#organization\"},\"image\":{\"@id\":\"https:\/\/web.consaguirre.com.ar\/noticias\/muere-liam-payne-ex-miembro-de-one-direction-a-los-31-anos\/#primaryimage\"},\"thumbnailUrl\":\"https:\/\/web.consaguirre.com.ar\/noticias\/wp-content\/uploads\/2024\/10\/Muere-Liam-Payne-ex-miembro-de-One-Direction-a-los.jpg\",\"keywords\":[\"a\u00f1os\",\"Direction\",\"Liam\",\"los\",\"miembro\",\"muere\",\"Payne\"],\"articleSection\":[\"El \u00faltimo\"],\"inLanguage\":\"es-AR\"},{\"@type\":\"WebPage\",\"@id\":\"https:\/\/web.consaguirre.com.ar\/noticias\/muere-liam-payne-ex-miembro-de-one-direction-a-los-31-anos\/\",\"url\":\"https:\/\/web.consaguirre.com.ar\/noticias\/muere-liam-payne-ex-miembro-de-one-direction-a-los-31-anos\/\",\"name\":\"Muere Liam Payne, ex miembro de One Direction, a los 31 a\u00f1os\",\"isPartOf\":{\"@id\":\"https:\/\/web.consaguirre.com.ar\/noticias\/#website\"},\"primaryImageOfPage\":{\"@id\":\"https:\/\/web.consaguirre.com.ar\/noticias\/muere-liam-payne-ex-miembro-de-one-direction-a-los-31-anos\/#primaryimage\"},\"image\":{\"@id\":\"https:\/\/web.consaguirre.com.ar\/noticias\/muere-liam-payne-ex-miembro-de-one-direction-a-los-31-anos\/#primaryimage\"},\"thumbnailUrl\":\"https:\/\/web.consaguirre.com.ar\/noticias\/wp-content\/uploads\/2024\/10\/Muere-Liam-Payne-ex-miembro-de-One-Direction-a-los.jpg\",\"datePublished\":\"2024-10-17T17:38:19+00:00\",\"dateModified\":\"2024-10-17T17:38:21+00:00\",\"breadcrumb\":{\"@id\":\"https:\/\/web.consaguirre.com.ar\/noticias\/muere-liam-payne-ex-miembro-de-one-direction-a-los-31-anos\/#breadcrumb\"},\"inLanguage\":\"es-AR\",\"potentialAction\":[{\"@type\":\"ReadAction\",\"target\":[\"https:\/\/web.consaguirre.com.ar\/noticias\/muere-liam-payne-ex-miembro-de-one-direction-a-los-31-anos\/\"]}]},{\"@type\":\"ImageObject\",\"inLanguage\":\"es-AR\",\"@id\":\"https:\/\/web.consaguirre.com.ar\/noticias\/muere-liam-payne-ex-miembro-de-one-direction-a-los-31-anos\/#primaryimage\",\"url\":\"https:\/\/web.consaguirre.com.ar\/noticias\/wp-content\/uploads\/2024\/10\/Muere-Liam-Payne-ex-miembro-de-One-Direction-a-los.jpg\",\"contentUrl\":\"https:\/\/web.consaguirre.com.ar\/noticias\/wp-content\/uploads\/2024\/10\/Muere-Liam-Payne-ex-miembro-de-One-Direction-a-los.jpg\",\"width\":1440,\"height\":864,\"caption\":\"Liam Payne, Photo: Nathan Congleton\/NBC\/NBCU Photo Bank via Getty Images\"},{\"@type\":\"BreadcrumbList\",\"@id\":\"https:\/\/web.consaguirre.com.ar\/noticias\/muere-liam-payne-ex-miembro-de-one-direction-a-los-31-anos\/#breadcrumb\",\"itemListElement\":[{\"@type\":\"ListItem\",\"position\":1,\"name\":\"Inicio\",\"item\":\"https:\/\/web.consaguirre.com.ar\/noticias\/\"},{\"@type\":\"ListItem\",\"position\":2,\"name\":\"Muere Liam Payne, ex miembro de One Direction, a los 31 a\u00f1os\"}]},{\"@type\":\"WebSite\",\"@id\":\"https:\/\/web.consaguirre.com.ar\/noticias\/#website\",\"url\":\"https:\/\/web.consaguirre.com.ar\/noticias\/\",\"name\":\"Conservatorio de M\u00fasica Juli\u00e1n Aguirre\",\"description\":\"\",\"publisher\":{\"@id\":\"https:\/\/web.consaguirre.com.ar\/noticias\/#organization\"},\"potentialAction\":[{\"@type\":\"SearchAction\",\"target\":{\"@type\":\"EntryPoint\",\"urlTemplate\":\"https:\/\/web.consaguirre.com.ar\/noticias\/?s={search_term_string}\"},\"query-input\":\"required name=search_term_string\"}],\"inLanguage\":\"es-AR\"},{\"@type\":\"Organization\",\"@id\":\"https:\/\/web.consaguirre.com.ar\/noticias\/#organization\",\"name\":\"Conservatorio de M\u00fasica Juli\u00e1n Aguirre\",\"url\":\"https:\/\/web.consaguirre.com.ar\/noticias\/\",\"logo\":{\"@type\":\"ImageObject\",\"inLanguage\":\"es-AR\",\"@id\":\"https:\/\/web.consaguirre.com.ar\/noticias\/#\/schema\/logo\/image\/\",\"url\":\"https:\/\/web.consaguirre.com.ar\/noticias\/wp-content\/uploads\/2024\/08\/Banner-Aguirre-23.jpg\",\"contentUrl\":\"https:\/\/web.consaguirre.com.ar\/noticias\/wp-content\/uploads\/2024\/08\/Banner-Aguirre-23.jpg\",\"width\":1192,\"height\":600,\"caption\":\"Conservatorio de M\u00fasica Juli\u00e1n Aguirre\"},\"image\":{\"@id\":\"https:\/\/web.consaguirre.com.ar\/noticias\/#\/schema\/logo\/image\/\"}},{\"@type\":\"Person\",\"@id\":\"https:\/\/web.consaguirre.com.ar\/noticias\/#\/schema\/person\/6558b0cfedee7ddc5425602b237d5722\",\"name\":\"Javier Figueroa\",\"image\":{\"@type\":\"ImageObject\",\"inLanguage\":\"es-AR\",\"@id\":\"https:\/\/web.consaguirre.com.ar\/noticias\/#\/schema\/person\/image\/\",\"url\":\"https:\/\/web.consaguirre.com.ar\/noticias\/wp-content\/uploads\/2024\/08\/Consaguirre-scaled.jpg\",\"contentUrl\":\"https:\/\/web.consaguirre.com.ar\/noticias\/wp-content\/uploads\/2024\/08\/Consaguirre-scaled.jpg\",\"caption\":\"Javier Figueroa\"},\"description\":\"Me llamo Javier Figueroa y soy redactor para el sitio oficial del Conservatorio de M\u00fasica Juli\u00e1n Aguirre en Buenos Aires, consaguirre.com. Apasionado por la m\u00fasica y la escritura, me esfuerzo por destacar los talentos y eventos de nuestra prestigiosa instituci\u00f3n. Mi trayectoria se nutre de una profunda admiraci\u00f3n por los artistas, haciendo de cada art\u00edculo una celebraci\u00f3n de la creatividad y la cultura musical.\",\"sameAs\":[\"https:\/\/web.consaguirre.com.ar\/noticias\"]}]}<\/script>\n<!-- \/ Yoast SEO plugin. -->","yoast_head_json":{"title":"Muere Liam Payne, ex miembro de One Direction, a los 31 a\u00f1os","robots":{"index":"index","follow":"follow","max-snippet":"max-snippet:-1","max-image-preview":"max-image-preview:large","max-video-preview":"max-video-preview:-1"},"canonical":"https:\/\/web.consaguirre.com.ar\/noticias\/muere-liam-payne-ex-miembro-de-one-direction-a-los-31-anos\/","og_locale":"es_ES","og_type":"article","og_title":"Muere Liam Payne, ex miembro de One Direction, a los 31 a\u00f1os","og_description":"Liam Paynecantante y compositor que salt\u00f3 a la fama con One Direction, falleci\u00f3 a los 31 a\u00f1os. Su fallecimiento fue confirmado por funcionarios locales en","og_url":"https:\/\/web.consaguirre.com.ar\/noticias\/muere-liam-payne-ex-miembro-de-one-direction-a-los-31-anos\/","og_site_name":"Conservatorio de M\u00fasica Juli\u00e1n Aguirre","article_published_time":"2024-10-17T17:38:19+00:00","article_modified_time":"2024-10-17T17:38:21+00:00","og_image":[{"width":1440,"height":864,"url":"https:\/\/web.consaguirre.com.ar\/noticias\/wp-content\/uploads\/2024\/10\/Muere-Liam-Payne-ex-miembro-de-One-Direction-a-los.jpg","type":"image\/jpeg"}],"author":"Javier Figueroa","twitter_card":"summary_large_image","twitter_misc":{"Escrito por":"Javier Figueroa","Tiempo de lectura":"2 minutos"},"schema":{"@context":"https:\/\/schema.org","@graph":[{"@type":"Article","@id":"https:\/\/web.consaguirre.com.ar\/noticias\/muere-liam-payne-ex-miembro-de-one-direction-a-los-31-anos\/#article","isPartOf":{"@id":"https:\/\/web.consaguirre.com.ar\/noticias\/muere-liam-payne-ex-miembro-de-one-direction-a-los-31-anos\/"},"author":{"name":"Javier Figueroa","@id":"https:\/\/web.consaguirre.com.ar\/noticias\/#\/schema\/person\/6558b0cfedee7ddc5425602b237d5722"},"headline":"Muere Liam Payne, ex miembro de One Direction, a los 31 a\u00f1os","datePublished":"2024-10-17T17:38:19+00:00","dateModified":"2024-10-17T17:38:21+00:00","mainEntityOfPage":{"@id":"https:\/\/web.consaguirre.com.ar\/noticias\/muere-liam-payne-ex-miembro-de-one-direction-a-los-31-anos\/"},"wordCount":414,"publisher":{"@id":"https:\/\/web.consaguirre.com.ar\/noticias\/#organization"},"image":{"@id":"https:\/\/web.consaguirre.com.ar\/noticias\/muere-liam-payne-ex-miembro-de-one-direction-a-los-31-anos\/#primaryimage"},"thumbnailUrl":"https:\/\/web.consaguirre.com.ar\/noticias\/wp-content\/uploads\/2024\/10\/Muere-Liam-Payne-ex-miembro-de-One-Direction-a-los.jpg","keywords":["a\u00f1os","Direction","Liam","los","miembro","muere","Payne"],"articleSection":["El \u00faltimo"],"inLanguage":"es-AR"},{"@type":"WebPage","@id":"https:\/\/web.consaguirre.com.ar\/noticias\/muere-liam-payne-ex-miembro-de-one-direction-a-los-31-anos\/","url":"https:\/\/web.consaguirre.com.ar\/noticias\/muere-liam-payne-ex-miembro-de-one-direction-a-los-31-anos\/","name":"Muere Liam Payne, ex miembro de One Direction, a los 31 a\u00f1os","isPartOf":{"@id":"https:\/\/web.consaguirre.com.ar\/noticias\/#website"},"primaryImageOfPage":{"@id":"https:\/\/web.consaguirre.com.ar\/noticias\/muere-liam-payne-ex-miembro-de-one-direction-a-los-31-anos\/#primaryimage"},"image":{"@id":"https:\/\/web.consaguirre.com.ar\/noticias\/muere-liam-payne-ex-miembro-de-one-direction-a-los-31-anos\/#primaryimage"},"thumbnailUrl":"https:\/\/web.consaguirre.com.ar\/noticias\/wp-content\/uploads\/2024\/10\/Muere-Liam-Payne-ex-miembro-de-One-Direction-a-los.jpg","datePublished":"2024-10-17T17:38:19+00:00","dateModified":"2024-10-17T17:38:21+00:00","breadcrumb":{"@id":"https:\/\/web.consaguirre.com.ar\/noticias\/muere-liam-payne-ex-miembro-de-one-direction-a-los-31-anos\/#breadcrumb"},"inLanguage":"es-AR","potentialAction":[{"@type":"ReadAction","target":["https:\/\/web.consaguirre.com.ar\/noticias\/muere-liam-payne-ex-miembro-de-one-direction-a-los-31-anos\/"]}]},{"@type":"ImageObject","inLanguage":"es-AR","@id":"https:\/\/web.consaguirre.com.ar\/noticias\/muere-liam-payne-ex-miembro-de-one-direction-a-los-31-anos\/#primaryimage","url":"https:\/\/web.consaguirre.com.ar\/noticias\/wp-content\/uploads\/2024\/10\/Muere-Liam-Payne-ex-miembro-de-One-Direction-a-los.jpg","contentUrl":"https:\/\/web.consaguirre.com.ar\/noticias\/wp-content\/uploads\/2024\/10\/Muere-Liam-Payne-ex-miembro-de-One-Direction-a-los.jpg","width":1440,"height":864,"caption":"Liam Payne, Photo: Nathan Congleton\/NBC\/NBCU Photo Bank via Getty Images"},{"@type":"BreadcrumbList","@id":"https:\/\/web.consaguirre.com.ar\/noticias\/muere-liam-payne-ex-miembro-de-one-direction-a-los-31-anos\/#breadcrumb","itemListElement":[{"@type":"ListItem","position":1,"name":"Inicio","item":"https:\/\/web.consaguirre.com.ar\/noticias\/"},{"@type":"ListItem","position":2,"name":"Muere Liam Payne, ex miembro de One Direction, a los 31 a\u00f1os"}]},{"@type":"WebSite","@id":"https:\/\/web.consaguirre.com.ar\/noticias\/#website","url":"https:\/\/web.consaguirre.com.ar\/noticias\/","name":"Conservatorio de M\u00fasica Juli\u00e1n Aguirre","description":"","publisher":{"@id":"https:\/\/web.consaguirre.com.ar\/noticias\/#organization"},"potentialAction":[{"@type":"SearchAction","target":{"@type":"EntryPoint","urlTemplate":"https:\/\/web.consaguirre.com.ar\/noticias\/?s={search_term_string}"},"query-input":"required name=search_term_string"}],"inLanguage":"es-AR"},{"@type":"Organization","@id":"https:\/\/web.consaguirre.com.ar\/noticias\/#organization","name":"Conservatorio de M\u00fasica Juli\u00e1n Aguirre","url":"https:\/\/web.consaguirre.com.ar\/noticias\/","logo":{"@type":"ImageObject","inLanguage":"es-AR","@id":"https:\/\/web.consaguirre.com.ar\/noticias\/#\/schema\/logo\/image\/","url":"https:\/\/web.consaguirre.com.ar\/noticias\/wp-content\/uploads\/2024\/08\/Banner-Aguirre-23.jpg","contentUrl":"https:\/\/web.consaguirre.com.ar\/noticias\/wp-content\/uploads\/2024\/08\/Banner-Aguirre-23.jpg","width":1192,"height":600,"caption":"Conservatorio de M\u00fasica Juli\u00e1n Aguirre"},"image":{"@id":"https:\/\/web.consaguirre.com.ar\/noticias\/#\/schema\/logo\/image\/"}},{"@type":"Person","@id":"https:\/\/web.consaguirre.com.ar\/noticias\/#\/schema\/person\/6558b0cfedee7ddc5425602b237d5722","name":"Javier Figueroa","image":{"@type":"ImageObject","inLanguage":"es-AR","@id":"https:\/\/web.consaguirre.com.ar\/noticias\/#\/schema\/person\/image\/","url":"https:\/\/web.consaguirre.com.ar\/noticias\/wp-content\/uploads\/2024\/08\/Consaguirre-scaled.jpg","contentUrl":"https:\/\/web.consaguirre.com.ar\/noticias\/wp-content\/uploads\/2024\/08\/Consaguirre-scaled.jpg","caption":"Javier Figueroa"},"description":"Me llamo Javier Figueroa y soy redactor para el sitio oficial del Conservatorio de M\u00fasica Juli\u00e1n Aguirre en Buenos Aires, consaguirre.com. Apasionado por la m\u00fasica y la escritura, me esfuerzo por destacar los talentos y eventos de nuestra prestigiosa instituci\u00f3n. Mi trayectoria se nutre de una profunda admiraci\u00f3n por los artistas, haciendo de cada art\u00edculo una celebraci\u00f3n de la creatividad y la cultura musical.","sameAs":["https:\/\/web.consaguirre.com.ar\/noticias"]}]}},"_links":{"self":[{"href":"https:\/\/web.consaguirre.com.ar\/noticias\/wp-json\/wp\/v2\/posts\/860"}],"collection":[{"href":"https:\/\/web.consaguirre.com.ar\/noticias\/wp-json\/wp\/v2\/posts"}],"about":[{"href":"https:\/\/web.consaguirre.com.ar\/noticias\/wp-json\/wp\/v2\/types\/post"}],"author":[{"embeddable":true,"href":"https:\/\/web.consaguirre.com.ar\/noticias\/wp-json\/wp\/v2\/users\/1"}],"replies":[{"embeddable":true,"href":"https:\/\/web.consaguirre.com.ar\/noticias\/wp-json\/wp\/v2\/comments?post=860"}],"version-history":[{"count":1,"href":"https:\/\/web.consaguirre.com.ar\/noticias\/wp-json\/wp\/v2\/posts\/860\/revisions"}],"predecessor-version":[{"id":862,"href":"https:\/\/web.consaguirre.com.ar\/noticias\/wp-json\/wp\/v2\/posts\/860\/revisions\/862"}],"wp:featuredmedia":[{"embeddable":true,"href":"https:\/\/web.consaguirre.com.ar\/noticias\/wp-json\/wp\/v2\/media\/861"}],"wp:attachment":[{"href":"https:\/\/web.consaguirre.com.ar\/noticias\/wp-json\/wp\/v2\/media?parent=860"}],"wp:term":[{"taxonomy":"category","embeddable":true,"href":"https:\/\/web.consaguirre.com.ar\/noticias\/wp-json\/wp\/v2\/categories?post=860"},{"taxonomy":"post_tag","embeddable":true,"href":"https:\/\/web.consaguirre.com.ar\/noticias\/wp-json\/wp\/v2\/tags?post=860"}],"curies":[{"name":"wp","href":"https:\/\/api.w.org\/{rel}","templated":true}]}}