{"id":857,"date":"2024-10-16T20:43:47","date_gmt":"2024-10-16T23:43:47","guid":{"rendered":"https:\/\/web.consaguirre.com.ar\/noticias\/big-sean-comparte-el-video-musical-de-it-is-what-it-is-asistido-por-gunna\/"},"modified":"2024-10-16T20:43:49","modified_gmt":"2024-10-16T23:43:49","slug":"big-sean-comparte-el-video-musical-de-it-is-what-it-is-asistido-por-gunna","status":"publish","type":"post","link":"https:\/\/web.consaguirre.com.ar\/noticias\/big-sean-comparte-el-video-musical-de-it-is-what-it-is-asistido-por-gunna\/","title":{"rendered":"Big Sean comparte el v\u00eddeo musical de &#8216;It Is What It Is&#8217;, asistido por Gunna"},"content":{"rendered":"<p><strong>gran sean<\/strong> ha compartido el v\u00eddeo musical oficial de \u201cIt Is What It Is\u201d con Gunna, de su sexto \u00e1lbum de estudio aclamado por la cr\u00edtica. <em>Mejor yo que tu<\/em> (Grabaciones Def Jam).<\/p>\n<\/p>\n<p>Dirigido por Diego Cruz, el video muestra a Sean y Gunna rapeando en varios escenarios de Los \u00c1ngeles.<\/p>\n<p>En la canci\u00f3n, los raperos se turnan para mostrar sus mejores compases. Sean escupe: &#8220;Una raza completamente diferente, \u00bfsabes? \/ Mi vida en un grado completamente diferente, \u00bfsabes?&#8221;<\/p>\n<p>Gunna a\u00f1ade: &#8220;Salta de la P, puedo jugar en Detroit como si estuviera jugando contra los Pistons&#8221;.<\/p>\n<div class=\"uD-YT-container\"><img decoding=\"async\" src=\"https:\/\/web.consaguirre.com.ar\/noticias\/wp-content\/uploads\/2024\/10\/1729122227_325_Big-Sean-comparte-el-video-musical-de-It-Is-What.jpg\" alt=\"V\u00eddeo de YouTube\"><br \/>Haga clic para cargar v\u00eddeo<\/div>\n<p>El \u00e1lbum, que se lanz\u00f3 el 30 de agosto, incluye a Cash Cobain, DJ Premier, Ellie Goulding, Gunna, Syd, Teyana Taylor, The Alchemist, Thundercat y muchos m\u00e1s. Marca su primer proyecto de estudio en solitario desde 2020. <em>Detroit 2<\/em>que desde entonces ha sido certificado platino por la RIAA.<\/p>\n<p>Para celebrar el lanzamiento, Big Sean tambi\u00e9n comparti\u00f3 un v\u00eddeo musical de la canci\u00f3n destacada \u201cWho You Are (Superstar)\u201d. El clip est\u00e1 protagonizado por Amine, Dylan Patel, Jazz Cartier, Mark Phillips y Taye Diggs.<\/p>\n<p>El viernes 30 de agosto, una conversaci\u00f3n con Big Sean en el Museo Grammy llev\u00f3 al rapero al Teatro Clive Davis para hablar sobre el nuevo lanzamiento, su proceso creativo y mucho m\u00e1s.<\/p>\n<p>Big Sean comparti\u00f3 su \u00e1lbum debut <strong><em>Finalmente famoso<\/em><\/strong> en el sello GOOD Music\/Def Jam de Kanye West en 2011. Desde entonces, ha ganado siete premios BET y ha recopilado 21 sencillos exitosos con certificaci\u00f3n multiplatino, platino y oro. Los aspectos m\u00e1s destacados de su carrera hasta el momento incluyen \u201cIDFWU\u201d, \u201cBounce Back\u201d y la haza\u00f1a \u201cMercy\u201d, nominada al Grammy. Pusha T y 2 Chainz.<\/p>\n<p>Adem\u00e1s de apoyar su \u00faltimo disco, Big Sean tambi\u00e9n se encuentra actualmente en el proceso de lanzar su primer libro, <em>ir m\u00e1s alto<\/em>que se lanzar\u00e1 a trav\u00e9s de Simon and Schuster. Su trabajo fuera de la m\u00fasica tambi\u00e9n incluye la Fundaci\u00f3n Sean Anderson, una organizaci\u00f3n sin fines de lucro 501(c)3 que ayuda en la educaci\u00f3n, la salud, la seguridad y el bienestar de los j\u00f3venes en edad escolar en comunidades marginadas de todo el pa\u00eds.<\/p><\/p>\n","protected":false},"excerpt":{"rendered":"<p>gran sean ha compartido el v\u00eddeo musical oficial de \u201cIt Is What It Is\u201d con Gunna, de su sexto \u00e1lbum de estudio aclamado por la<\/p>\n","protected":false},"author":1,"featured_media":858,"comment_status":"closed","ping_status":"","sticky":false,"template":"","format":"standard","meta":{"footnotes":""},"categories":[50],"tags":[985,199,201,986,203,96,200,202],"class_list":["post-857","post","type-post","status-publish","format-standard","has-post-thumbnail","hentry","category-el-ultimo","tag-asistido","tag-big","tag-comparte","tag-gunna","tag-musical","tag-por","tag-sean","tag-video","generate-columns","tablet-grid-50","mobile-grid-100","grid-parent","grid-50"],"yoast_head":"<!-- This site is optimized with the Yoast SEO plugin v23.3 - https:\/\/yoast.com\/wordpress\/plugins\/seo\/ -->\n<title>Big Sean comparte el v\u00eddeo musical de &#039;It Is What It Is&#039;, asistido por Gunna<\/title>\n<meta name=\"robots\" content=\"index, follow, max-snippet:-1, max-image-preview:large, max-video-preview:-1\" \/>\n<link rel=\"canonical\" href=\"https:\/\/web.consaguirre.com.ar\/noticias\/big-sean-comparte-el-video-musical-de-it-is-what-it-is-asistido-por-gunna\/\" \/>\n<meta property=\"og:locale\" content=\"es_ES\" \/>\n<meta property=\"og:type\" content=\"article\" \/>\n<meta property=\"og:title\" content=\"Big Sean comparte el v\u00eddeo musical de &#039;It Is What It Is&#039;, asistido por Gunna\" \/>\n<meta property=\"og:description\" content=\"gran sean ha compartido el v\u00eddeo musical oficial de \u201cIt Is What It Is\u201d con Gunna, de su sexto \u00e1lbum de estudio aclamado por la\" \/>\n<meta property=\"og:url\" content=\"https:\/\/web.consaguirre.com.ar\/noticias\/big-sean-comparte-el-video-musical-de-it-is-what-it-is-asistido-por-gunna\/\" \/>\n<meta property=\"og:site_name\" content=\"Conservatorio de M\u00fasica Juli\u00e1n Aguirre\" \/>\n<meta property=\"article:published_time\" content=\"2024-10-16T23:43:47+00:00\" \/>\n<meta property=\"article:modified_time\" content=\"2024-10-16T23:43:49+00:00\" \/>\n<meta property=\"og:image\" content=\"https:\/\/web.consaguirre.com.ar\/noticias\/wp-content\/uploads\/2024\/10\/Big-Sean-comparte-el-video-musical-de-It-Is-What.jpg\" \/>\n\t<meta property=\"og:image:width\" content=\"1440\" \/>\n\t<meta property=\"og:image:height\" content=\"864\" \/>\n\t<meta property=\"og:image:type\" content=\"image\/jpeg\" \/>\n<meta name=\"author\" content=\"Javier Figueroa\" \/>\n<meta name=\"twitter:card\" content=\"summary_large_image\" \/>\n<meta name=\"twitter:label1\" content=\"Escrito por\" \/>\n\t<meta name=\"twitter:data1\" content=\"Javier Figueroa\" \/>\n\t<meta name=\"twitter:label2\" content=\"Tiempo de lectura\" \/>\n\t<meta name=\"twitter:data2\" content=\"2 minutos\" \/>\n<script type=\"application\/ld+json\" class=\"yoast-schema-graph\">{\"@context\":\"https:\/\/schema.org\",\"@graph\":[{\"@type\":\"Article\",\"@id\":\"https:\/\/web.consaguirre.com.ar\/noticias\/big-sean-comparte-el-video-musical-de-it-is-what-it-is-asistido-por-gunna\/#article\",\"isPartOf\":{\"@id\":\"https:\/\/web.consaguirre.com.ar\/noticias\/big-sean-comparte-el-video-musical-de-it-is-what-it-is-asistido-por-gunna\/\"},\"author\":{\"name\":\"Javier Figueroa\",\"@id\":\"https:\/\/web.consaguirre.com.ar\/noticias\/#\/schema\/person\/6558b0cfedee7ddc5425602b237d5722\"},\"headline\":\"Big Sean comparte el v\u00eddeo musical de &#8216;It Is What It Is&#8217;, asistido por Gunna\",\"datePublished\":\"2024-10-16T23:43:47+00:00\",\"dateModified\":\"2024-10-16T23:43:49+00:00\",\"mainEntityOfPage\":{\"@id\":\"https:\/\/web.consaguirre.com.ar\/noticias\/big-sean-comparte-el-video-musical-de-it-is-what-it-is-asistido-por-gunna\/\"},\"wordCount\":390,\"publisher\":{\"@id\":\"https:\/\/web.consaguirre.com.ar\/noticias\/#organization\"},\"image\":{\"@id\":\"https:\/\/web.consaguirre.com.ar\/noticias\/big-sean-comparte-el-video-musical-de-it-is-what-it-is-asistido-por-gunna\/#primaryimage\"},\"thumbnailUrl\":\"https:\/\/web.consaguirre.com.ar\/noticias\/wp-content\/uploads\/2024\/10\/Big-Sean-comparte-el-video-musical-de-It-Is-What.jpg\",\"keywords\":[\"asistido\",\"Big\",\"comparte\",\"Gunna\",\"musical\",\"por\",\"Sean\",\"v\u00eddeo\"],\"articleSection\":[\"El \u00faltimo\"],\"inLanguage\":\"es-AR\"},{\"@type\":\"WebPage\",\"@id\":\"https:\/\/web.consaguirre.com.ar\/noticias\/big-sean-comparte-el-video-musical-de-it-is-what-it-is-asistido-por-gunna\/\",\"url\":\"https:\/\/web.consaguirre.com.ar\/noticias\/big-sean-comparte-el-video-musical-de-it-is-what-it-is-asistido-por-gunna\/\",\"name\":\"Big Sean comparte el v\u00eddeo musical de 'It Is What It Is', asistido por Gunna\",\"isPartOf\":{\"@id\":\"https:\/\/web.consaguirre.com.ar\/noticias\/#website\"},\"primaryImageOfPage\":{\"@id\":\"https:\/\/web.consaguirre.com.ar\/noticias\/big-sean-comparte-el-video-musical-de-it-is-what-it-is-asistido-por-gunna\/#primaryimage\"},\"image\":{\"@id\":\"https:\/\/web.consaguirre.com.ar\/noticias\/big-sean-comparte-el-video-musical-de-it-is-what-it-is-asistido-por-gunna\/#primaryimage\"},\"thumbnailUrl\":\"https:\/\/web.consaguirre.com.ar\/noticias\/wp-content\/uploads\/2024\/10\/Big-Sean-comparte-el-video-musical-de-It-Is-What.jpg\",\"datePublished\":\"2024-10-16T23:43:47+00:00\",\"dateModified\":\"2024-10-16T23:43:49+00:00\",\"breadcrumb\":{\"@id\":\"https:\/\/web.consaguirre.com.ar\/noticias\/big-sean-comparte-el-video-musical-de-it-is-what-it-is-asistido-por-gunna\/#breadcrumb\"},\"inLanguage\":\"es-AR\",\"potentialAction\":[{\"@type\":\"ReadAction\",\"target\":[\"https:\/\/web.consaguirre.com.ar\/noticias\/big-sean-comparte-el-video-musical-de-it-is-what-it-is-asistido-por-gunna\/\"]}]},{\"@type\":\"ImageObject\",\"inLanguage\":\"es-AR\",\"@id\":\"https:\/\/web.consaguirre.com.ar\/noticias\/big-sean-comparte-el-video-musical-de-it-is-what-it-is-asistido-por-gunna\/#primaryimage\",\"url\":\"https:\/\/web.consaguirre.com.ar\/noticias\/wp-content\/uploads\/2024\/10\/Big-Sean-comparte-el-video-musical-de-It-Is-What.jpg\",\"contentUrl\":\"https:\/\/web.consaguirre.com.ar\/noticias\/wp-content\/uploads\/2024\/10\/Big-Sean-comparte-el-video-musical-de-It-Is-What.jpg\",\"width\":1440,\"height\":864,\"caption\":\"Big Sean - Photo: Zamar Velez (Courtesy of Def Jam Recordings)\"},{\"@type\":\"BreadcrumbList\",\"@id\":\"https:\/\/web.consaguirre.com.ar\/noticias\/big-sean-comparte-el-video-musical-de-it-is-what-it-is-asistido-por-gunna\/#breadcrumb\",\"itemListElement\":[{\"@type\":\"ListItem\",\"position\":1,\"name\":\"Inicio\",\"item\":\"https:\/\/web.consaguirre.com.ar\/noticias\/\"},{\"@type\":\"ListItem\",\"position\":2,\"name\":\"Big Sean comparte el v\u00eddeo musical de &#8216;It Is What It Is&#8217;, asistido por Gunna\"}]},{\"@type\":\"WebSite\",\"@id\":\"https:\/\/web.consaguirre.com.ar\/noticias\/#website\",\"url\":\"https:\/\/web.consaguirre.com.ar\/noticias\/\",\"name\":\"Conservatorio de M\u00fasica Juli\u00e1n Aguirre\",\"description\":\"\",\"publisher\":{\"@id\":\"https:\/\/web.consaguirre.com.ar\/noticias\/#organization\"},\"potentialAction\":[{\"@type\":\"SearchAction\",\"target\":{\"@type\":\"EntryPoint\",\"urlTemplate\":\"https:\/\/web.consaguirre.com.ar\/noticias\/?s={search_term_string}\"},\"query-input\":\"required name=search_term_string\"}],\"inLanguage\":\"es-AR\"},{\"@type\":\"Organization\",\"@id\":\"https:\/\/web.consaguirre.com.ar\/noticias\/#organization\",\"name\":\"Conservatorio de M\u00fasica Juli\u00e1n Aguirre\",\"url\":\"https:\/\/web.consaguirre.com.ar\/noticias\/\",\"logo\":{\"@type\":\"ImageObject\",\"inLanguage\":\"es-AR\",\"@id\":\"https:\/\/web.consaguirre.com.ar\/noticias\/#\/schema\/logo\/image\/\",\"url\":\"https:\/\/web.consaguirre.com.ar\/noticias\/wp-content\/uploads\/2024\/08\/Banner-Aguirre-23.jpg\",\"contentUrl\":\"https:\/\/web.consaguirre.com.ar\/noticias\/wp-content\/uploads\/2024\/08\/Banner-Aguirre-23.jpg\",\"width\":1192,\"height\":600,\"caption\":\"Conservatorio de M\u00fasica Juli\u00e1n Aguirre\"},\"image\":{\"@id\":\"https:\/\/web.consaguirre.com.ar\/noticias\/#\/schema\/logo\/image\/\"}},{\"@type\":\"Person\",\"@id\":\"https:\/\/web.consaguirre.com.ar\/noticias\/#\/schema\/person\/6558b0cfedee7ddc5425602b237d5722\",\"name\":\"Javier Figueroa\",\"image\":{\"@type\":\"ImageObject\",\"inLanguage\":\"es-AR\",\"@id\":\"https:\/\/web.consaguirre.com.ar\/noticias\/#\/schema\/person\/image\/\",\"url\":\"https:\/\/web.consaguirre.com.ar\/noticias\/wp-content\/uploads\/2024\/08\/Consaguirre-scaled.jpg\",\"contentUrl\":\"https:\/\/web.consaguirre.com.ar\/noticias\/wp-content\/uploads\/2024\/08\/Consaguirre-scaled.jpg\",\"caption\":\"Javier Figueroa\"},\"description\":\"Me llamo Javier Figueroa y soy redactor para el sitio oficial del Conservatorio de M\u00fasica Juli\u00e1n Aguirre en Buenos Aires, consaguirre.com. Apasionado por la m\u00fasica y la escritura, me esfuerzo por destacar los talentos y eventos de nuestra prestigiosa instituci\u00f3n. Mi trayectoria se nutre de una profunda admiraci\u00f3n por los artistas, haciendo de cada art\u00edculo una celebraci\u00f3n de la creatividad y la cultura musical.\",\"sameAs\":[\"https:\/\/web.consaguirre.com.ar\/noticias\"]}]}<\/script>\n<!-- \/ Yoast SEO plugin. -->","yoast_head_json":{"title":"Big Sean comparte el v\u00eddeo musical de 'It Is What It Is', asistido por Gunna","robots":{"index":"index","follow":"follow","max-snippet":"max-snippet:-1","max-image-preview":"max-image-preview:large","max-video-preview":"max-video-preview:-1"},"canonical":"https:\/\/web.consaguirre.com.ar\/noticias\/big-sean-comparte-el-video-musical-de-it-is-what-it-is-asistido-por-gunna\/","og_locale":"es_ES","og_type":"article","og_title":"Big Sean comparte el v\u00eddeo musical de 'It Is What It Is', asistido por Gunna","og_description":"gran sean ha compartido el v\u00eddeo musical oficial de \u201cIt Is What It Is\u201d con Gunna, de su sexto \u00e1lbum de estudio aclamado por la","og_url":"https:\/\/web.consaguirre.com.ar\/noticias\/big-sean-comparte-el-video-musical-de-it-is-what-it-is-asistido-por-gunna\/","og_site_name":"Conservatorio de M\u00fasica Juli\u00e1n Aguirre","article_published_time":"2024-10-16T23:43:47+00:00","article_modified_time":"2024-10-16T23:43:49+00:00","og_image":[{"width":1440,"height":864,"url":"https:\/\/web.consaguirre.com.ar\/noticias\/wp-content\/uploads\/2024\/10\/Big-Sean-comparte-el-video-musical-de-It-Is-What.jpg","type":"image\/jpeg"}],"author":"Javier Figueroa","twitter_card":"summary_large_image","twitter_misc":{"Escrito por":"Javier Figueroa","Tiempo de lectura":"2 minutos"},"schema":{"@context":"https:\/\/schema.org","@graph":[{"@type":"Article","@id":"https:\/\/web.consaguirre.com.ar\/noticias\/big-sean-comparte-el-video-musical-de-it-is-what-it-is-asistido-por-gunna\/#article","isPartOf":{"@id":"https:\/\/web.consaguirre.com.ar\/noticias\/big-sean-comparte-el-video-musical-de-it-is-what-it-is-asistido-por-gunna\/"},"author":{"name":"Javier Figueroa","@id":"https:\/\/web.consaguirre.com.ar\/noticias\/#\/schema\/person\/6558b0cfedee7ddc5425602b237d5722"},"headline":"Big Sean comparte el v\u00eddeo musical de &#8216;It Is What It Is&#8217;, asistido por Gunna","datePublished":"2024-10-16T23:43:47+00:00","dateModified":"2024-10-16T23:43:49+00:00","mainEntityOfPage":{"@id":"https:\/\/web.consaguirre.com.ar\/noticias\/big-sean-comparte-el-video-musical-de-it-is-what-it-is-asistido-por-gunna\/"},"wordCount":390,"publisher":{"@id":"https:\/\/web.consaguirre.com.ar\/noticias\/#organization"},"image":{"@id":"https:\/\/web.consaguirre.com.ar\/noticias\/big-sean-comparte-el-video-musical-de-it-is-what-it-is-asistido-por-gunna\/#primaryimage"},"thumbnailUrl":"https:\/\/web.consaguirre.com.ar\/noticias\/wp-content\/uploads\/2024\/10\/Big-Sean-comparte-el-video-musical-de-It-Is-What.jpg","keywords":["asistido","Big","comparte","Gunna","musical","por","Sean","v\u00eddeo"],"articleSection":["El \u00faltimo"],"inLanguage":"es-AR"},{"@type":"WebPage","@id":"https:\/\/web.consaguirre.com.ar\/noticias\/big-sean-comparte-el-video-musical-de-it-is-what-it-is-asistido-por-gunna\/","url":"https:\/\/web.consaguirre.com.ar\/noticias\/big-sean-comparte-el-video-musical-de-it-is-what-it-is-asistido-por-gunna\/","name":"Big Sean comparte el v\u00eddeo musical de 'It Is What It Is', asistido por Gunna","isPartOf":{"@id":"https:\/\/web.consaguirre.com.ar\/noticias\/#website"},"primaryImageOfPage":{"@id":"https:\/\/web.consaguirre.com.ar\/noticias\/big-sean-comparte-el-video-musical-de-it-is-what-it-is-asistido-por-gunna\/#primaryimage"},"image":{"@id":"https:\/\/web.consaguirre.com.ar\/noticias\/big-sean-comparte-el-video-musical-de-it-is-what-it-is-asistido-por-gunna\/#primaryimage"},"thumbnailUrl":"https:\/\/web.consaguirre.com.ar\/noticias\/wp-content\/uploads\/2024\/10\/Big-Sean-comparte-el-video-musical-de-It-Is-What.jpg","datePublished":"2024-10-16T23:43:47+00:00","dateModified":"2024-10-16T23:43:49+00:00","breadcrumb":{"@id":"https:\/\/web.consaguirre.com.ar\/noticias\/big-sean-comparte-el-video-musical-de-it-is-what-it-is-asistido-por-gunna\/#breadcrumb"},"inLanguage":"es-AR","potentialAction":[{"@type":"ReadAction","target":["https:\/\/web.consaguirre.com.ar\/noticias\/big-sean-comparte-el-video-musical-de-it-is-what-it-is-asistido-por-gunna\/"]}]},{"@type":"ImageObject","inLanguage":"es-AR","@id":"https:\/\/web.consaguirre.com.ar\/noticias\/big-sean-comparte-el-video-musical-de-it-is-what-it-is-asistido-por-gunna\/#primaryimage","url":"https:\/\/web.consaguirre.com.ar\/noticias\/wp-content\/uploads\/2024\/10\/Big-Sean-comparte-el-video-musical-de-It-Is-What.jpg","contentUrl":"https:\/\/web.consaguirre.com.ar\/noticias\/wp-content\/uploads\/2024\/10\/Big-Sean-comparte-el-video-musical-de-It-Is-What.jpg","width":1440,"height":864,"caption":"Big Sean - Photo: Zamar Velez (Courtesy of Def Jam Recordings)"},{"@type":"BreadcrumbList","@id":"https:\/\/web.consaguirre.com.ar\/noticias\/big-sean-comparte-el-video-musical-de-it-is-what-it-is-asistido-por-gunna\/#breadcrumb","itemListElement":[{"@type":"ListItem","position":1,"name":"Inicio","item":"https:\/\/web.consaguirre.com.ar\/noticias\/"},{"@type":"ListItem","position":2,"name":"Big Sean comparte el v\u00eddeo musical de &#8216;It Is What It Is&#8217;, asistido por Gunna"}]},{"@type":"WebSite","@id":"https:\/\/web.consaguirre.com.ar\/noticias\/#website","url":"https:\/\/web.consaguirre.com.ar\/noticias\/","name":"Conservatorio de M\u00fasica Juli\u00e1n Aguirre","description":"","publisher":{"@id":"https:\/\/web.consaguirre.com.ar\/noticias\/#organization"},"potentialAction":[{"@type":"SearchAction","target":{"@type":"EntryPoint","urlTemplate":"https:\/\/web.consaguirre.com.ar\/noticias\/?s={search_term_string}"},"query-input":"required name=search_term_string"}],"inLanguage":"es-AR"},{"@type":"Organization","@id":"https:\/\/web.consaguirre.com.ar\/noticias\/#organization","name":"Conservatorio de M\u00fasica Juli\u00e1n Aguirre","url":"https:\/\/web.consaguirre.com.ar\/noticias\/","logo":{"@type":"ImageObject","inLanguage":"es-AR","@id":"https:\/\/web.consaguirre.com.ar\/noticias\/#\/schema\/logo\/image\/","url":"https:\/\/web.consaguirre.com.ar\/noticias\/wp-content\/uploads\/2024\/08\/Banner-Aguirre-23.jpg","contentUrl":"https:\/\/web.consaguirre.com.ar\/noticias\/wp-content\/uploads\/2024\/08\/Banner-Aguirre-23.jpg","width":1192,"height":600,"caption":"Conservatorio de M\u00fasica Juli\u00e1n Aguirre"},"image":{"@id":"https:\/\/web.consaguirre.com.ar\/noticias\/#\/schema\/logo\/image\/"}},{"@type":"Person","@id":"https:\/\/web.consaguirre.com.ar\/noticias\/#\/schema\/person\/6558b0cfedee7ddc5425602b237d5722","name":"Javier Figueroa","image":{"@type":"ImageObject","inLanguage":"es-AR","@id":"https:\/\/web.consaguirre.com.ar\/noticias\/#\/schema\/person\/image\/","url":"https:\/\/web.consaguirre.com.ar\/noticias\/wp-content\/uploads\/2024\/08\/Consaguirre-scaled.jpg","contentUrl":"https:\/\/web.consaguirre.com.ar\/noticias\/wp-content\/uploads\/2024\/08\/Consaguirre-scaled.jpg","caption":"Javier Figueroa"},"description":"Me llamo Javier Figueroa y soy redactor para el sitio oficial del Conservatorio de M\u00fasica Juli\u00e1n Aguirre en Buenos Aires, consaguirre.com. Apasionado por la m\u00fasica y la escritura, me esfuerzo por destacar los talentos y eventos de nuestra prestigiosa instituci\u00f3n. Mi trayectoria se nutre de una profunda admiraci\u00f3n por los artistas, haciendo de cada art\u00edculo una celebraci\u00f3n de la creatividad y la cultura musical.","sameAs":["https:\/\/web.consaguirre.com.ar\/noticias"]}]}},"_links":{"self":[{"href":"https:\/\/web.consaguirre.com.ar\/noticias\/wp-json\/wp\/v2\/posts\/857"}],"collection":[{"href":"https:\/\/web.consaguirre.com.ar\/noticias\/wp-json\/wp\/v2\/posts"}],"about":[{"href":"https:\/\/web.consaguirre.com.ar\/noticias\/wp-json\/wp\/v2\/types\/post"}],"author":[{"embeddable":true,"href":"https:\/\/web.consaguirre.com.ar\/noticias\/wp-json\/wp\/v2\/users\/1"}],"replies":[{"embeddable":true,"href":"https:\/\/web.consaguirre.com.ar\/noticias\/wp-json\/wp\/v2\/comments?post=857"}],"version-history":[{"count":1,"href":"https:\/\/web.consaguirre.com.ar\/noticias\/wp-json\/wp\/v2\/posts\/857\/revisions"}],"predecessor-version":[{"id":859,"href":"https:\/\/web.consaguirre.com.ar\/noticias\/wp-json\/wp\/v2\/posts\/857\/revisions\/859"}],"wp:featuredmedia":[{"embeddable":true,"href":"https:\/\/web.consaguirre.com.ar\/noticias\/wp-json\/wp\/v2\/media\/858"}],"wp:attachment":[{"href":"https:\/\/web.consaguirre.com.ar\/noticias\/wp-json\/wp\/v2\/media?parent=857"}],"wp:term":[{"taxonomy":"category","embeddable":true,"href":"https:\/\/web.consaguirre.com.ar\/noticias\/wp-json\/wp\/v2\/categories?post=857"},{"taxonomy":"post_tag","embeddable":true,"href":"https:\/\/web.consaguirre.com.ar\/noticias\/wp-json\/wp\/v2\/tags?post=857"}],"curies":[{"name":"wp","href":"https:\/\/api.w.org\/{rel}","templated":true}]}}