{"id":824,"date":"2024-10-11T20:42:21","date_gmt":"2024-10-11T23:42:21","guid":{"rendered":"https:\/\/web.consaguirre.com.ar\/noticias\/stratejacket-revela-su-album-debut-bad-start\/"},"modified":"2024-10-11T20:42:24","modified_gmt":"2024-10-11T23:42:24","slug":"stratejacket-revela-su-album-debut-bad-start","status":"publish","type":"post","link":"https:\/\/web.consaguirre.com.ar\/noticias\/stratejacket-revela-su-album-debut-bad-start\/","title":{"rendered":"StrateJacket revela su \u00e1lbum debut, &#8216;Bad Start&#8217;"},"content":{"rendered":"<p>Tr\u00edo de rock alternativo del norte de California <strong>chaqueta estrat\u00e9gica<\/strong> han revelado su \u00e1lbum debut, <em>Mal comienzo<\/em>. La banda tambi\u00e9n comparti\u00f3 un video oficial de la canci\u00f3n \u201cDreamcatcher\u201d.<\/p>\n<p>&#8220;Cada canci\u00f3n tiene su propia alma y personalidad, pero seguimos siendo nosotros&#8221;, comparti\u00f3 el tr\u00edo en un comunicado. \u201cEn realidad no hay un sonido definido (en el \u00e1lbum). Se trata de sentimientos diferentes, vibraciones diferentes y ritmos diferentes que se unen y todav\u00eda funcionan de manera coherente\u201d.<\/p>\n<div class=\"uD-YT-container\"><img decoding=\"async\" src=\"https:\/\/web.consaguirre.com.ar\/noticias\/wp-content\/uploads\/2024\/10\/1728690141_56_StrateJacket-revela-su-album-debut-Bad-Start.jpg\" alt=\"V\u00eddeo de YouTube\"><br \/>Haga clic para cargar v\u00eddeo<\/div>\n<p>El tr\u00edo formado por Jackson Roemers (voz principal\/guitarra), Fabian Angel (voz\/bajo) y Nate Mangold grab\u00f3 su \u00e1lbum en los Armory Studios de Vancouver en noviembre de 2022. Trabajaron con el productor y compositor ganador de Juno, Brian Howes, en las 11 pistas del disco. ; El ingeniero ganador del Grammy Chris Lord-Alge, que ha trabajado con Muse, Green Day y Prince, entre otros, mezcl\u00f3 el \u00e1lbum.<\/p>\n<p>Para apoyar el disco, StrateJacket tambi\u00e9n realizar\u00e1 una serie de giras con la banda 10 Years. Los grupos llegar\u00e1n a Seattle, WA; Portland, Oreg\u00f3n; Los \u00c1ngeles; Phoenix, AZ; y finalmente, Roswell, Nuevo M\u00e9xico, el 19 de octubre. A principios de a\u00f1o, StrateJacket tambi\u00e9n actu\u00f3 en un notable circuito de festivales, tocando en SXSW, Welcome to Rockville y Omaha, la estaci\u00f3n de radio de Nebraska KIWR&#8217;s Summer Bash.<\/p>\n<p>&#8220;Cada vez que escucho una canci\u00f3n que me gusta, trato de hacer mi propia versi\u00f3n, ya sea l\u00edrica o instrumentalmente&#8221;, dijo el cantante Nate Mangold. <em>Nueva revista de ruido<\/em> en junio de 2024 por delante de Rockville. &#8220;Creo que cada g\u00e9nero tiene algo bueno que ofrecer y estar abierto a todos ellos es importante personalmente&#8221;.<\/p><\/p>\n","protected":false},"excerpt":{"rendered":"<p>Tr\u00edo de rock alternativo del norte de California chaqueta estrat\u00e9gica han revelado su \u00e1lbum debut, Mal comienzo. La banda tambi\u00e9n comparti\u00f3 un video oficial de<\/p>\n","protected":false},"author":1,"featured_media":825,"comment_status":"closed","ping_status":"","sticky":false,"template":"","format":"standard","meta":{"footnotes":""},"categories":[50],"tags":[147,939,257,285,940,938],"class_list":["post-824","post","type-post","status-publish","format-standard","has-post-thumbnail","hentry","category-el-ultimo","tag-album","tag-bad","tag-debut","tag-revela","tag-start","tag-stratejacket","generate-columns","tablet-grid-50","mobile-grid-100","grid-parent","grid-50"],"yoast_head":"<!-- This site is optimized with the Yoast SEO plugin v23.3 - https:\/\/yoast.com\/wordpress\/plugins\/seo\/ -->\n<title>StrateJacket revela su \u00e1lbum debut, &#039;Bad Start&#039;<\/title>\n<meta name=\"robots\" content=\"index, follow, max-snippet:-1, max-image-preview:large, max-video-preview:-1\" \/>\n<link rel=\"canonical\" href=\"https:\/\/web.consaguirre.com.ar\/noticias\/stratejacket-revela-su-album-debut-bad-start\/\" \/>\n<meta property=\"og:locale\" content=\"es_ES\" \/>\n<meta property=\"og:type\" content=\"article\" \/>\n<meta property=\"og:title\" content=\"StrateJacket revela su \u00e1lbum debut, &#039;Bad Start&#039;\" \/>\n<meta property=\"og:description\" content=\"Tr\u00edo de rock alternativo del norte de California chaqueta estrat\u00e9gica han revelado su \u00e1lbum debut, Mal comienzo. La banda tambi\u00e9n comparti\u00f3 un video oficial de\" \/>\n<meta property=\"og:url\" content=\"https:\/\/web.consaguirre.com.ar\/noticias\/stratejacket-revela-su-album-debut-bad-start\/\" \/>\n<meta property=\"og:site_name\" content=\"Conservatorio de M\u00fasica Juli\u00e1n Aguirre\" \/>\n<meta property=\"article:published_time\" content=\"2024-10-11T23:42:21+00:00\" \/>\n<meta property=\"article:modified_time\" content=\"2024-10-11T23:42:24+00:00\" \/>\n<meta property=\"og:image\" content=\"https:\/\/web.consaguirre.com.ar\/noticias\/wp-content\/uploads\/2024\/10\/StrateJacket-revela-su-album-debut-Bad-Start.jpg\" \/>\n\t<meta property=\"og:image:width\" content=\"1280\" \/>\n\t<meta property=\"og:image:height\" content=\"1280\" \/>\n\t<meta property=\"og:image:type\" content=\"image\/jpeg\" \/>\n<meta name=\"author\" content=\"Javier Figueroa\" \/>\n<meta name=\"twitter:card\" content=\"summary_large_image\" \/>\n<meta name=\"twitter:label1\" content=\"Escrito por\" \/>\n\t<meta name=\"twitter:data1\" content=\"Javier Figueroa\" \/>\n\t<meta name=\"twitter:label2\" content=\"Tiempo de lectura\" \/>\n\t<meta name=\"twitter:data2\" content=\"1 minuto\" \/>\n<script type=\"application\/ld+json\" class=\"yoast-schema-graph\">{\"@context\":\"https:\/\/schema.org\",\"@graph\":[{\"@type\":\"Article\",\"@id\":\"https:\/\/web.consaguirre.com.ar\/noticias\/stratejacket-revela-su-album-debut-bad-start\/#article\",\"isPartOf\":{\"@id\":\"https:\/\/web.consaguirre.com.ar\/noticias\/stratejacket-revela-su-album-debut-bad-start\/\"},\"author\":{\"name\":\"Javier Figueroa\",\"@id\":\"https:\/\/web.consaguirre.com.ar\/noticias\/#\/schema\/person\/6558b0cfedee7ddc5425602b237d5722\"},\"headline\":\"StrateJacket revela su \u00e1lbum debut, &#8216;Bad Start&#8217;\",\"datePublished\":\"2024-10-11T23:42:21+00:00\",\"dateModified\":\"2024-10-11T23:42:24+00:00\",\"mainEntityOfPage\":{\"@id\":\"https:\/\/web.consaguirre.com.ar\/noticias\/stratejacket-revela-su-album-debut-bad-start\/\"},\"wordCount\":292,\"publisher\":{\"@id\":\"https:\/\/web.consaguirre.com.ar\/noticias\/#organization\"},\"image\":{\"@id\":\"https:\/\/web.consaguirre.com.ar\/noticias\/stratejacket-revela-su-album-debut-bad-start\/#primaryimage\"},\"thumbnailUrl\":\"https:\/\/web.consaguirre.com.ar\/noticias\/wp-content\/uploads\/2024\/10\/StrateJacket-revela-su-album-debut-Bad-Start.jpg\",\"keywords\":[\"\u00e1lbum\",\"Bad\",\"debut\",\"revela\",\"Start\",\"StrateJacket\"],\"articleSection\":[\"El \u00faltimo\"],\"inLanguage\":\"es-AR\"},{\"@type\":\"WebPage\",\"@id\":\"https:\/\/web.consaguirre.com.ar\/noticias\/stratejacket-revela-su-album-debut-bad-start\/\",\"url\":\"https:\/\/web.consaguirre.com.ar\/noticias\/stratejacket-revela-su-album-debut-bad-start\/\",\"name\":\"StrateJacket revela su \u00e1lbum debut, 'Bad Start'\",\"isPartOf\":{\"@id\":\"https:\/\/web.consaguirre.com.ar\/noticias\/#website\"},\"primaryImageOfPage\":{\"@id\":\"https:\/\/web.consaguirre.com.ar\/noticias\/stratejacket-revela-su-album-debut-bad-start\/#primaryimage\"},\"image\":{\"@id\":\"https:\/\/web.consaguirre.com.ar\/noticias\/stratejacket-revela-su-album-debut-bad-start\/#primaryimage\"},\"thumbnailUrl\":\"https:\/\/web.consaguirre.com.ar\/noticias\/wp-content\/uploads\/2024\/10\/StrateJacket-revela-su-album-debut-Bad-Start.jpg\",\"datePublished\":\"2024-10-11T23:42:21+00:00\",\"dateModified\":\"2024-10-11T23:42:24+00:00\",\"breadcrumb\":{\"@id\":\"https:\/\/web.consaguirre.com.ar\/noticias\/stratejacket-revela-su-album-debut-bad-start\/#breadcrumb\"},\"inLanguage\":\"es-AR\",\"potentialAction\":[{\"@type\":\"ReadAction\",\"target\":[\"https:\/\/web.consaguirre.com.ar\/noticias\/stratejacket-revela-su-album-debut-bad-start\/\"]}]},{\"@type\":\"ImageObject\",\"inLanguage\":\"es-AR\",\"@id\":\"https:\/\/web.consaguirre.com.ar\/noticias\/stratejacket-revela-su-album-debut-bad-start\/#primaryimage\",\"url\":\"https:\/\/web.consaguirre.com.ar\/noticias\/wp-content\/uploads\/2024\/10\/StrateJacket-revela-su-album-debut-Bad-Start.jpg\",\"contentUrl\":\"https:\/\/web.consaguirre.com.ar\/noticias\/wp-content\/uploads\/2024\/10\/StrateJacket-revela-su-album-debut-Bad-Start.jpg\",\"width\":1280,\"height\":1280,\"caption\":\"StrateJacket revela su \u00e1lbum debut, 'Bad Start'\"},{\"@type\":\"BreadcrumbList\",\"@id\":\"https:\/\/web.consaguirre.com.ar\/noticias\/stratejacket-revela-su-album-debut-bad-start\/#breadcrumb\",\"itemListElement\":[{\"@type\":\"ListItem\",\"position\":1,\"name\":\"Inicio\",\"item\":\"https:\/\/web.consaguirre.com.ar\/noticias\/\"},{\"@type\":\"ListItem\",\"position\":2,\"name\":\"StrateJacket revela su \u00e1lbum debut, &#8216;Bad Start&#8217;\"}]},{\"@type\":\"WebSite\",\"@id\":\"https:\/\/web.consaguirre.com.ar\/noticias\/#website\",\"url\":\"https:\/\/web.consaguirre.com.ar\/noticias\/\",\"name\":\"Conservatorio de M\u00fasica Juli\u00e1n Aguirre\",\"description\":\"\",\"publisher\":{\"@id\":\"https:\/\/web.consaguirre.com.ar\/noticias\/#organization\"},\"potentialAction\":[{\"@type\":\"SearchAction\",\"target\":{\"@type\":\"EntryPoint\",\"urlTemplate\":\"https:\/\/web.consaguirre.com.ar\/noticias\/?s={search_term_string}\"},\"query-input\":\"required name=search_term_string\"}],\"inLanguage\":\"es-AR\"},{\"@type\":\"Organization\",\"@id\":\"https:\/\/web.consaguirre.com.ar\/noticias\/#organization\",\"name\":\"Conservatorio de M\u00fasica Juli\u00e1n Aguirre\",\"url\":\"https:\/\/web.consaguirre.com.ar\/noticias\/\",\"logo\":{\"@type\":\"ImageObject\",\"inLanguage\":\"es-AR\",\"@id\":\"https:\/\/web.consaguirre.com.ar\/noticias\/#\/schema\/logo\/image\/\",\"url\":\"https:\/\/web.consaguirre.com.ar\/noticias\/wp-content\/uploads\/2024\/08\/Banner-Aguirre-23.jpg\",\"contentUrl\":\"https:\/\/web.consaguirre.com.ar\/noticias\/wp-content\/uploads\/2024\/08\/Banner-Aguirre-23.jpg\",\"width\":1192,\"height\":600,\"caption\":\"Conservatorio de M\u00fasica Juli\u00e1n Aguirre\"},\"image\":{\"@id\":\"https:\/\/web.consaguirre.com.ar\/noticias\/#\/schema\/logo\/image\/\"}},{\"@type\":\"Person\",\"@id\":\"https:\/\/web.consaguirre.com.ar\/noticias\/#\/schema\/person\/6558b0cfedee7ddc5425602b237d5722\",\"name\":\"Javier Figueroa\",\"image\":{\"@type\":\"ImageObject\",\"inLanguage\":\"es-AR\",\"@id\":\"https:\/\/web.consaguirre.com.ar\/noticias\/#\/schema\/person\/image\/\",\"url\":\"https:\/\/web.consaguirre.com.ar\/noticias\/wp-content\/uploads\/2024\/08\/Consaguirre-scaled.jpg\",\"contentUrl\":\"https:\/\/web.consaguirre.com.ar\/noticias\/wp-content\/uploads\/2024\/08\/Consaguirre-scaled.jpg\",\"caption\":\"Javier Figueroa\"},\"description\":\"Me llamo Javier Figueroa y soy redactor para el sitio oficial del Conservatorio de M\u00fasica Juli\u00e1n Aguirre en Buenos Aires, consaguirre.com. Apasionado por la m\u00fasica y la escritura, me esfuerzo por destacar los talentos y eventos de nuestra prestigiosa instituci\u00f3n. Mi trayectoria se nutre de una profunda admiraci\u00f3n por los artistas, haciendo de cada art\u00edculo una celebraci\u00f3n de la creatividad y la cultura musical.\",\"sameAs\":[\"https:\/\/web.consaguirre.com.ar\/noticias\"]}]}<\/script>\n<!-- \/ Yoast SEO plugin. -->","yoast_head_json":{"title":"StrateJacket revela su \u00e1lbum debut, 'Bad Start'","robots":{"index":"index","follow":"follow","max-snippet":"max-snippet:-1","max-image-preview":"max-image-preview:large","max-video-preview":"max-video-preview:-1"},"canonical":"https:\/\/web.consaguirre.com.ar\/noticias\/stratejacket-revela-su-album-debut-bad-start\/","og_locale":"es_ES","og_type":"article","og_title":"StrateJacket revela su \u00e1lbum debut, 'Bad Start'","og_description":"Tr\u00edo de rock alternativo del norte de California chaqueta estrat\u00e9gica han revelado su \u00e1lbum debut, Mal comienzo. La banda tambi\u00e9n comparti\u00f3 un video oficial de","og_url":"https:\/\/web.consaguirre.com.ar\/noticias\/stratejacket-revela-su-album-debut-bad-start\/","og_site_name":"Conservatorio de M\u00fasica Juli\u00e1n Aguirre","article_published_time":"2024-10-11T23:42:21+00:00","article_modified_time":"2024-10-11T23:42:24+00:00","og_image":[{"width":1280,"height":1280,"url":"https:\/\/web.consaguirre.com.ar\/noticias\/wp-content\/uploads\/2024\/10\/StrateJacket-revela-su-album-debut-Bad-Start.jpg","type":"image\/jpeg"}],"author":"Javier Figueroa","twitter_card":"summary_large_image","twitter_misc":{"Escrito por":"Javier Figueroa","Tiempo de lectura":"1 minuto"},"schema":{"@context":"https:\/\/schema.org","@graph":[{"@type":"Article","@id":"https:\/\/web.consaguirre.com.ar\/noticias\/stratejacket-revela-su-album-debut-bad-start\/#article","isPartOf":{"@id":"https:\/\/web.consaguirre.com.ar\/noticias\/stratejacket-revela-su-album-debut-bad-start\/"},"author":{"name":"Javier Figueroa","@id":"https:\/\/web.consaguirre.com.ar\/noticias\/#\/schema\/person\/6558b0cfedee7ddc5425602b237d5722"},"headline":"StrateJacket revela su \u00e1lbum debut, &#8216;Bad Start&#8217;","datePublished":"2024-10-11T23:42:21+00:00","dateModified":"2024-10-11T23:42:24+00:00","mainEntityOfPage":{"@id":"https:\/\/web.consaguirre.com.ar\/noticias\/stratejacket-revela-su-album-debut-bad-start\/"},"wordCount":292,"publisher":{"@id":"https:\/\/web.consaguirre.com.ar\/noticias\/#organization"},"image":{"@id":"https:\/\/web.consaguirre.com.ar\/noticias\/stratejacket-revela-su-album-debut-bad-start\/#primaryimage"},"thumbnailUrl":"https:\/\/web.consaguirre.com.ar\/noticias\/wp-content\/uploads\/2024\/10\/StrateJacket-revela-su-album-debut-Bad-Start.jpg","keywords":["\u00e1lbum","Bad","debut","revela","Start","StrateJacket"],"articleSection":["El \u00faltimo"],"inLanguage":"es-AR"},{"@type":"WebPage","@id":"https:\/\/web.consaguirre.com.ar\/noticias\/stratejacket-revela-su-album-debut-bad-start\/","url":"https:\/\/web.consaguirre.com.ar\/noticias\/stratejacket-revela-su-album-debut-bad-start\/","name":"StrateJacket revela su \u00e1lbum debut, 'Bad Start'","isPartOf":{"@id":"https:\/\/web.consaguirre.com.ar\/noticias\/#website"},"primaryImageOfPage":{"@id":"https:\/\/web.consaguirre.com.ar\/noticias\/stratejacket-revela-su-album-debut-bad-start\/#primaryimage"},"image":{"@id":"https:\/\/web.consaguirre.com.ar\/noticias\/stratejacket-revela-su-album-debut-bad-start\/#primaryimage"},"thumbnailUrl":"https:\/\/web.consaguirre.com.ar\/noticias\/wp-content\/uploads\/2024\/10\/StrateJacket-revela-su-album-debut-Bad-Start.jpg","datePublished":"2024-10-11T23:42:21+00:00","dateModified":"2024-10-11T23:42:24+00:00","breadcrumb":{"@id":"https:\/\/web.consaguirre.com.ar\/noticias\/stratejacket-revela-su-album-debut-bad-start\/#breadcrumb"},"inLanguage":"es-AR","potentialAction":[{"@type":"ReadAction","target":["https:\/\/web.consaguirre.com.ar\/noticias\/stratejacket-revela-su-album-debut-bad-start\/"]}]},{"@type":"ImageObject","inLanguage":"es-AR","@id":"https:\/\/web.consaguirre.com.ar\/noticias\/stratejacket-revela-su-album-debut-bad-start\/#primaryimage","url":"https:\/\/web.consaguirre.com.ar\/noticias\/wp-content\/uploads\/2024\/10\/StrateJacket-revela-su-album-debut-Bad-Start.jpg","contentUrl":"https:\/\/web.consaguirre.com.ar\/noticias\/wp-content\/uploads\/2024\/10\/StrateJacket-revela-su-album-debut-Bad-Start.jpg","width":1280,"height":1280,"caption":"StrateJacket revela su \u00e1lbum debut, 'Bad Start'"},{"@type":"BreadcrumbList","@id":"https:\/\/web.consaguirre.com.ar\/noticias\/stratejacket-revela-su-album-debut-bad-start\/#breadcrumb","itemListElement":[{"@type":"ListItem","position":1,"name":"Inicio","item":"https:\/\/web.consaguirre.com.ar\/noticias\/"},{"@type":"ListItem","position":2,"name":"StrateJacket revela su \u00e1lbum debut, &#8216;Bad Start&#8217;"}]},{"@type":"WebSite","@id":"https:\/\/web.consaguirre.com.ar\/noticias\/#website","url":"https:\/\/web.consaguirre.com.ar\/noticias\/","name":"Conservatorio de M\u00fasica Juli\u00e1n Aguirre","description":"","publisher":{"@id":"https:\/\/web.consaguirre.com.ar\/noticias\/#organization"},"potentialAction":[{"@type":"SearchAction","target":{"@type":"EntryPoint","urlTemplate":"https:\/\/web.consaguirre.com.ar\/noticias\/?s={search_term_string}"},"query-input":"required name=search_term_string"}],"inLanguage":"es-AR"},{"@type":"Organization","@id":"https:\/\/web.consaguirre.com.ar\/noticias\/#organization","name":"Conservatorio de M\u00fasica Juli\u00e1n Aguirre","url":"https:\/\/web.consaguirre.com.ar\/noticias\/","logo":{"@type":"ImageObject","inLanguage":"es-AR","@id":"https:\/\/web.consaguirre.com.ar\/noticias\/#\/schema\/logo\/image\/","url":"https:\/\/web.consaguirre.com.ar\/noticias\/wp-content\/uploads\/2024\/08\/Banner-Aguirre-23.jpg","contentUrl":"https:\/\/web.consaguirre.com.ar\/noticias\/wp-content\/uploads\/2024\/08\/Banner-Aguirre-23.jpg","width":1192,"height":600,"caption":"Conservatorio de M\u00fasica Juli\u00e1n Aguirre"},"image":{"@id":"https:\/\/web.consaguirre.com.ar\/noticias\/#\/schema\/logo\/image\/"}},{"@type":"Person","@id":"https:\/\/web.consaguirre.com.ar\/noticias\/#\/schema\/person\/6558b0cfedee7ddc5425602b237d5722","name":"Javier Figueroa","image":{"@type":"ImageObject","inLanguage":"es-AR","@id":"https:\/\/web.consaguirre.com.ar\/noticias\/#\/schema\/person\/image\/","url":"https:\/\/web.consaguirre.com.ar\/noticias\/wp-content\/uploads\/2024\/08\/Consaguirre-scaled.jpg","contentUrl":"https:\/\/web.consaguirre.com.ar\/noticias\/wp-content\/uploads\/2024\/08\/Consaguirre-scaled.jpg","caption":"Javier Figueroa"},"description":"Me llamo Javier Figueroa y soy redactor para el sitio oficial del Conservatorio de M\u00fasica Juli\u00e1n Aguirre en Buenos Aires, consaguirre.com. Apasionado por la m\u00fasica y la escritura, me esfuerzo por destacar los talentos y eventos de nuestra prestigiosa instituci\u00f3n. Mi trayectoria se nutre de una profunda admiraci\u00f3n por los artistas, haciendo de cada art\u00edculo una celebraci\u00f3n de la creatividad y la cultura musical.","sameAs":["https:\/\/web.consaguirre.com.ar\/noticias"]}]}},"_links":{"self":[{"href":"https:\/\/web.consaguirre.com.ar\/noticias\/wp-json\/wp\/v2\/posts\/824"}],"collection":[{"href":"https:\/\/web.consaguirre.com.ar\/noticias\/wp-json\/wp\/v2\/posts"}],"about":[{"href":"https:\/\/web.consaguirre.com.ar\/noticias\/wp-json\/wp\/v2\/types\/post"}],"author":[{"embeddable":true,"href":"https:\/\/web.consaguirre.com.ar\/noticias\/wp-json\/wp\/v2\/users\/1"}],"replies":[{"embeddable":true,"href":"https:\/\/web.consaguirre.com.ar\/noticias\/wp-json\/wp\/v2\/comments?post=824"}],"version-history":[{"count":1,"href":"https:\/\/web.consaguirre.com.ar\/noticias\/wp-json\/wp\/v2\/posts\/824\/revisions"}],"predecessor-version":[{"id":826,"href":"https:\/\/web.consaguirre.com.ar\/noticias\/wp-json\/wp\/v2\/posts\/824\/revisions\/826"}],"wp:featuredmedia":[{"embeddable":true,"href":"https:\/\/web.consaguirre.com.ar\/noticias\/wp-json\/wp\/v2\/media\/825"}],"wp:attachment":[{"href":"https:\/\/web.consaguirre.com.ar\/noticias\/wp-json\/wp\/v2\/media?parent=824"}],"wp:term":[{"taxonomy":"category","embeddable":true,"href":"https:\/\/web.consaguirre.com.ar\/noticias\/wp-json\/wp\/v2\/categories?post=824"},{"taxonomy":"post_tag","embeddable":true,"href":"https:\/\/web.consaguirre.com.ar\/noticias\/wp-json\/wp\/v2\/tags?post=824"}],"curies":[{"name":"wp","href":"https:\/\/api.w.org\/{rel}","templated":true}]}}