{"id":821,"date":"2024-10-11T17:40:55","date_gmt":"2024-10-11T20:40:55","guid":{"rendered":"https:\/\/web.consaguirre.com.ar\/noticias\/alejandro-sanz-sera-honrado-con-el-premio-a-la-trayectoria\/"},"modified":"2024-10-11T17:40:56","modified_gmt":"2024-10-11T20:40:56","slug":"alejandro-sanz-sera-honrado-con-el-premio-a-la-trayectoria","status":"publish","type":"post","link":"https:\/\/web.consaguirre.com.ar\/noticias\/alejandro-sanz-sera-honrado-con-el-premio-a-la-trayectoria\/","title":{"rendered":"Alejandro Sanz ser\u00e1 honrado con el premio a la trayectoria"},"content":{"rendered":"<p>estrella espa\u00f1ola <strong>alejandro sanz<\/strong> recibir\u00e1 un premio a la trayectoria en los Premios Billboard de la M\u00fasica Latina 2024. Se le entregar\u00e1 el honor durante la ceremonia del 20 de octubre, que ser\u00e1 transmitida en vivo por Telemundo.<\/p>\n<p>A lo largo de su carrera, Sanz ha ganado 22 premios Grammy Latinos. Nacido en Madrid, lanz\u00f3 su \u00e1lbum debut en 1989 a los 19 a\u00f1os y obtuvo \u00e9xito comercial con su segundo disco. <em>Viviendo Deprisa<\/em>. En 2002 se convirti\u00f3 en el primer artista espa\u00f1ol en grabar un <em>MTV desconectado<\/em> \u00e1lbum, despu\u00e9s de su disco de 2000 <em>El Alma al Aire<\/em> vendi\u00f3 m\u00e1s de un mill\u00f3n de copias en su primera semana de lanzamiento: firm\u00f3 con Universal Music en 2011 y lanz\u00f3 su disco m\u00e1s reciente en diciembre de 2021.<\/p>\n<div class=\"uD-YT-container\"><img decoding=\"async\" src=\"https:\/\/web.consaguirre.com.ar\/noticias\/wp-content\/uploads\/2024\/10\/1728679255_308_Alejandro-Sanz-sera-honrado-con-el-premio-a-la-trayectoria.jpg\" alt=\"V\u00eddeo de YouTube\"><br \/>Haga clic para cargar v\u00eddeo<\/div>\n<p>\u201cEstoy muy feliz de regresar a los Premios Billboard de la M\u00fasica Latina, sin duda es especial\u201d, comparti\u00f3 Sanz en declaraciones a Billboard. \u201cEstoy profundamente agradecido por este reconocimiento de Billboard y me encanta que se lleve a cabo en Miami. Es fant\u00e1stico estar en casa\u201d. Antes de la ceremonia, Sanz se sentar\u00e1 para una sesi\u00f3n exclusiva de preguntas y respuestas para compartir m\u00e1s sobre su vida el mi\u00e9rcoles 18 de octubre.<\/p>\n<p>Los ganadores anteriores del Premio Billboard Lifetime Achievement Award incluyen a Los Temerarios, Armando Manzanero, Intocable, Jos\u00e9 Jos\u00e9, Miguel Bos\u00e9 y Ricardo Arjona, y muchos otros. En 2023, el premio fue otorgado a Los \u00c1ngeles Azules, un grupo de cumbia sonidera mexicana formado en 1979. Sanz sumar\u00e1 el logro a una serie de honores recientes, que incluyen recibir el t\u00edtulo de Doctor Honoris Causa por la Universidad de C\u00e1diz y obtener el preciado t\u00edtulo de \u201cHijo Predilecto\u201d de Andaluc\u00eda y Provincia de C\u00e1diz.<\/p>\n","protected":false},"excerpt":{"rendered":"<p>estrella espa\u00f1ola alejandro sanz recibir\u00e1 un premio a la trayectoria en los Premios Billboard de la M\u00fasica Latina 2024. Se le entregar\u00e1 el honor durante<\/p>\n","protected":false},"author":1,"featured_media":822,"comment_status":"closed","ping_status":"","sticky":false,"template":"","format":"standard","meta":{"footnotes":""},"categories":[50],"tags":[935,32,832,178,936,683,937],"class_list":["post-821","post","type-post","status-publish","format-standard","has-post-thumbnail","hentry","category-el-ultimo","tag-alejandro","tag-con","tag-honrado","tag-premio","tag-sanz","tag-sera","tag-trayectoria","generate-columns","tablet-grid-50","mobile-grid-100","grid-parent","grid-50"],"yoast_head":"<!-- This site is optimized with the Yoast SEO plugin v23.3 - https:\/\/yoast.com\/wordpress\/plugins\/seo\/ -->\n<title>Alejandro Sanz ser\u00e1 honrado con el premio a la trayectoria<\/title>\n<meta name=\"robots\" content=\"index, follow, max-snippet:-1, max-image-preview:large, max-video-preview:-1\" \/>\n<link rel=\"canonical\" href=\"https:\/\/web.consaguirre.com.ar\/noticias\/alejandro-sanz-sera-honrado-con-el-premio-a-la-trayectoria\/\" \/>\n<meta property=\"og:locale\" content=\"es_ES\" \/>\n<meta property=\"og:type\" content=\"article\" \/>\n<meta property=\"og:title\" content=\"Alejandro Sanz ser\u00e1 honrado con el premio a la trayectoria\" \/>\n<meta property=\"og:description\" content=\"estrella espa\u00f1ola alejandro sanz recibir\u00e1 un premio a la trayectoria en los Premios Billboard de la M\u00fasica Latina 2024. Se le entregar\u00e1 el honor durante\" \/>\n<meta property=\"og:url\" content=\"https:\/\/web.consaguirre.com.ar\/noticias\/alejandro-sanz-sera-honrado-con-el-premio-a-la-trayectoria\/\" \/>\n<meta property=\"og:site_name\" content=\"Conservatorio de M\u00fasica Juli\u00e1n Aguirre\" \/>\n<meta property=\"article:published_time\" content=\"2024-10-11T20:40:55+00:00\" \/>\n<meta property=\"article:modified_time\" content=\"2024-10-11T20:40:56+00:00\" \/>\n<meta property=\"og:image\" content=\"https:\/\/web.consaguirre.com.ar\/noticias\/wp-content\/uploads\/2024\/10\/Alejandro-Sanz-sera-honrado-con-el-premio-a-la-trayectoria.jpg\" \/>\n\t<meta property=\"og:image:width\" content=\"1440\" \/>\n\t<meta property=\"og:image:height\" content=\"864\" \/>\n\t<meta property=\"og:image:type\" content=\"image\/jpeg\" \/>\n<meta name=\"author\" content=\"Javier Figueroa\" \/>\n<meta name=\"twitter:card\" content=\"summary_large_image\" \/>\n<meta name=\"twitter:label1\" content=\"Escrito por\" \/>\n\t<meta name=\"twitter:data1\" content=\"Javier Figueroa\" \/>\n\t<meta name=\"twitter:label2\" content=\"Tiempo de lectura\" \/>\n\t<meta name=\"twitter:data2\" content=\"1 minuto\" \/>\n<script type=\"application\/ld+json\" class=\"yoast-schema-graph\">{\"@context\":\"https:\/\/schema.org\",\"@graph\":[{\"@type\":\"Article\",\"@id\":\"https:\/\/web.consaguirre.com.ar\/noticias\/alejandro-sanz-sera-honrado-con-el-premio-a-la-trayectoria\/#article\",\"isPartOf\":{\"@id\":\"https:\/\/web.consaguirre.com.ar\/noticias\/alejandro-sanz-sera-honrado-con-el-premio-a-la-trayectoria\/\"},\"author\":{\"name\":\"Javier Figueroa\",\"@id\":\"https:\/\/web.consaguirre.com.ar\/noticias\/#\/schema\/person\/6558b0cfedee7ddc5425602b237d5722\"},\"headline\":\"Alejandro Sanz ser\u00e1 honrado con el premio a la trayectoria\",\"datePublished\":\"2024-10-11T20:40:55+00:00\",\"dateModified\":\"2024-10-11T20:40:56+00:00\",\"mainEntityOfPage\":{\"@id\":\"https:\/\/web.consaguirre.com.ar\/noticias\/alejandro-sanz-sera-honrado-con-el-premio-a-la-trayectoria\/\"},\"wordCount\":305,\"publisher\":{\"@id\":\"https:\/\/web.consaguirre.com.ar\/noticias\/#organization\"},\"image\":{\"@id\":\"https:\/\/web.consaguirre.com.ar\/noticias\/alejandro-sanz-sera-honrado-con-el-premio-a-la-trayectoria\/#primaryimage\"},\"thumbnailUrl\":\"https:\/\/web.consaguirre.com.ar\/noticias\/wp-content\/uploads\/2024\/10\/Alejandro-Sanz-sera-honrado-con-el-premio-a-la-trayectoria.jpg\",\"keywords\":[\"Alejandro\",\"con\",\"honrado\",\"premio\",\"Sanz\",\"Sera\",\"trayectoria\"],\"articleSection\":[\"El \u00faltimo\"],\"inLanguage\":\"es-AR\"},{\"@type\":\"WebPage\",\"@id\":\"https:\/\/web.consaguirre.com.ar\/noticias\/alejandro-sanz-sera-honrado-con-el-premio-a-la-trayectoria\/\",\"url\":\"https:\/\/web.consaguirre.com.ar\/noticias\/alejandro-sanz-sera-honrado-con-el-premio-a-la-trayectoria\/\",\"name\":\"Alejandro Sanz ser\u00e1 honrado con el premio a la trayectoria\",\"isPartOf\":{\"@id\":\"https:\/\/web.consaguirre.com.ar\/noticias\/#website\"},\"primaryImageOfPage\":{\"@id\":\"https:\/\/web.consaguirre.com.ar\/noticias\/alejandro-sanz-sera-honrado-con-el-premio-a-la-trayectoria\/#primaryimage\"},\"image\":{\"@id\":\"https:\/\/web.consaguirre.com.ar\/noticias\/alejandro-sanz-sera-honrado-con-el-premio-a-la-trayectoria\/#primaryimage\"},\"thumbnailUrl\":\"https:\/\/web.consaguirre.com.ar\/noticias\/wp-content\/uploads\/2024\/10\/Alejandro-Sanz-sera-honrado-con-el-premio-a-la-trayectoria.jpg\",\"datePublished\":\"2024-10-11T20:40:55+00:00\",\"dateModified\":\"2024-10-11T20:40:56+00:00\",\"breadcrumb\":{\"@id\":\"https:\/\/web.consaguirre.com.ar\/noticias\/alejandro-sanz-sera-honrado-con-el-premio-a-la-trayectoria\/#breadcrumb\"},\"inLanguage\":\"es-AR\",\"potentialAction\":[{\"@type\":\"ReadAction\",\"target\":[\"https:\/\/web.consaguirre.com.ar\/noticias\/alejandro-sanz-sera-honrado-con-el-premio-a-la-trayectoria\/\"]}]},{\"@type\":\"ImageObject\",\"inLanguage\":\"es-AR\",\"@id\":\"https:\/\/web.consaguirre.com.ar\/noticias\/alejandro-sanz-sera-honrado-con-el-premio-a-la-trayectoria\/#primaryimage\",\"url\":\"https:\/\/web.consaguirre.com.ar\/noticias\/wp-content\/uploads\/2024\/10\/Alejandro-Sanz-sera-honrado-con-el-premio-a-la-trayectoria.jpg\",\"contentUrl\":\"https:\/\/web.consaguirre.com.ar\/noticias\/wp-content\/uploads\/2024\/10\/Alejandro-Sanz-sera-honrado-con-el-premio-a-la-trayectoria.jpg\",\"width\":1440,\"height\":864,\"caption\":\"Alejandro Sanz ser\u00e1 honrado con el premio a la trayectoria\"},{\"@type\":\"BreadcrumbList\",\"@id\":\"https:\/\/web.consaguirre.com.ar\/noticias\/alejandro-sanz-sera-honrado-con-el-premio-a-la-trayectoria\/#breadcrumb\",\"itemListElement\":[{\"@type\":\"ListItem\",\"position\":1,\"name\":\"Inicio\",\"item\":\"https:\/\/web.consaguirre.com.ar\/noticias\/\"},{\"@type\":\"ListItem\",\"position\":2,\"name\":\"Alejandro Sanz ser\u00e1 honrado con el premio a la trayectoria\"}]},{\"@type\":\"WebSite\",\"@id\":\"https:\/\/web.consaguirre.com.ar\/noticias\/#website\",\"url\":\"https:\/\/web.consaguirre.com.ar\/noticias\/\",\"name\":\"Conservatorio de M\u00fasica Juli\u00e1n Aguirre\",\"description\":\"\",\"publisher\":{\"@id\":\"https:\/\/web.consaguirre.com.ar\/noticias\/#organization\"},\"potentialAction\":[{\"@type\":\"SearchAction\",\"target\":{\"@type\":\"EntryPoint\",\"urlTemplate\":\"https:\/\/web.consaguirre.com.ar\/noticias\/?s={search_term_string}\"},\"query-input\":\"required name=search_term_string\"}],\"inLanguage\":\"es-AR\"},{\"@type\":\"Organization\",\"@id\":\"https:\/\/web.consaguirre.com.ar\/noticias\/#organization\",\"name\":\"Conservatorio de M\u00fasica Juli\u00e1n Aguirre\",\"url\":\"https:\/\/web.consaguirre.com.ar\/noticias\/\",\"logo\":{\"@type\":\"ImageObject\",\"inLanguage\":\"es-AR\",\"@id\":\"https:\/\/web.consaguirre.com.ar\/noticias\/#\/schema\/logo\/image\/\",\"url\":\"https:\/\/web.consaguirre.com.ar\/noticias\/wp-content\/uploads\/2024\/08\/Banner-Aguirre-23.jpg\",\"contentUrl\":\"https:\/\/web.consaguirre.com.ar\/noticias\/wp-content\/uploads\/2024\/08\/Banner-Aguirre-23.jpg\",\"width\":1192,\"height\":600,\"caption\":\"Conservatorio de M\u00fasica Juli\u00e1n Aguirre\"},\"image\":{\"@id\":\"https:\/\/web.consaguirre.com.ar\/noticias\/#\/schema\/logo\/image\/\"}},{\"@type\":\"Person\",\"@id\":\"https:\/\/web.consaguirre.com.ar\/noticias\/#\/schema\/person\/6558b0cfedee7ddc5425602b237d5722\",\"name\":\"Javier Figueroa\",\"image\":{\"@type\":\"ImageObject\",\"inLanguage\":\"es-AR\",\"@id\":\"https:\/\/web.consaguirre.com.ar\/noticias\/#\/schema\/person\/image\/\",\"url\":\"https:\/\/web.consaguirre.com.ar\/noticias\/wp-content\/uploads\/2024\/08\/Consaguirre-scaled.jpg\",\"contentUrl\":\"https:\/\/web.consaguirre.com.ar\/noticias\/wp-content\/uploads\/2024\/08\/Consaguirre-scaled.jpg\",\"caption\":\"Javier Figueroa\"},\"description\":\"Me llamo Javier Figueroa y soy redactor para el sitio oficial del Conservatorio de M\u00fasica Juli\u00e1n Aguirre en Buenos Aires, consaguirre.com. Apasionado por la m\u00fasica y la escritura, me esfuerzo por destacar los talentos y eventos de nuestra prestigiosa instituci\u00f3n. Mi trayectoria se nutre de una profunda admiraci\u00f3n por los artistas, haciendo de cada art\u00edculo una celebraci\u00f3n de la creatividad y la cultura musical.\",\"sameAs\":[\"https:\/\/web.consaguirre.com.ar\/noticias\"]}]}<\/script>\n<!-- \/ Yoast SEO plugin. -->","yoast_head_json":{"title":"Alejandro Sanz ser\u00e1 honrado con el premio a la trayectoria","robots":{"index":"index","follow":"follow","max-snippet":"max-snippet:-1","max-image-preview":"max-image-preview:large","max-video-preview":"max-video-preview:-1"},"canonical":"https:\/\/web.consaguirre.com.ar\/noticias\/alejandro-sanz-sera-honrado-con-el-premio-a-la-trayectoria\/","og_locale":"es_ES","og_type":"article","og_title":"Alejandro Sanz ser\u00e1 honrado con el premio a la trayectoria","og_description":"estrella espa\u00f1ola alejandro sanz recibir\u00e1 un premio a la trayectoria en los Premios Billboard de la M\u00fasica Latina 2024. Se le entregar\u00e1 el honor durante","og_url":"https:\/\/web.consaguirre.com.ar\/noticias\/alejandro-sanz-sera-honrado-con-el-premio-a-la-trayectoria\/","og_site_name":"Conservatorio de M\u00fasica Juli\u00e1n Aguirre","article_published_time":"2024-10-11T20:40:55+00:00","article_modified_time":"2024-10-11T20:40:56+00:00","og_image":[{"width":1440,"height":864,"url":"https:\/\/web.consaguirre.com.ar\/noticias\/wp-content\/uploads\/2024\/10\/Alejandro-Sanz-sera-honrado-con-el-premio-a-la-trayectoria.jpg","type":"image\/jpeg"}],"author":"Javier Figueroa","twitter_card":"summary_large_image","twitter_misc":{"Escrito por":"Javier Figueroa","Tiempo de lectura":"1 minuto"},"schema":{"@context":"https:\/\/schema.org","@graph":[{"@type":"Article","@id":"https:\/\/web.consaguirre.com.ar\/noticias\/alejandro-sanz-sera-honrado-con-el-premio-a-la-trayectoria\/#article","isPartOf":{"@id":"https:\/\/web.consaguirre.com.ar\/noticias\/alejandro-sanz-sera-honrado-con-el-premio-a-la-trayectoria\/"},"author":{"name":"Javier Figueroa","@id":"https:\/\/web.consaguirre.com.ar\/noticias\/#\/schema\/person\/6558b0cfedee7ddc5425602b237d5722"},"headline":"Alejandro Sanz ser\u00e1 honrado con el premio a la trayectoria","datePublished":"2024-10-11T20:40:55+00:00","dateModified":"2024-10-11T20:40:56+00:00","mainEntityOfPage":{"@id":"https:\/\/web.consaguirre.com.ar\/noticias\/alejandro-sanz-sera-honrado-con-el-premio-a-la-trayectoria\/"},"wordCount":305,"publisher":{"@id":"https:\/\/web.consaguirre.com.ar\/noticias\/#organization"},"image":{"@id":"https:\/\/web.consaguirre.com.ar\/noticias\/alejandro-sanz-sera-honrado-con-el-premio-a-la-trayectoria\/#primaryimage"},"thumbnailUrl":"https:\/\/web.consaguirre.com.ar\/noticias\/wp-content\/uploads\/2024\/10\/Alejandro-Sanz-sera-honrado-con-el-premio-a-la-trayectoria.jpg","keywords":["Alejandro","con","honrado","premio","Sanz","Sera","trayectoria"],"articleSection":["El \u00faltimo"],"inLanguage":"es-AR"},{"@type":"WebPage","@id":"https:\/\/web.consaguirre.com.ar\/noticias\/alejandro-sanz-sera-honrado-con-el-premio-a-la-trayectoria\/","url":"https:\/\/web.consaguirre.com.ar\/noticias\/alejandro-sanz-sera-honrado-con-el-premio-a-la-trayectoria\/","name":"Alejandro Sanz ser\u00e1 honrado con el premio a la trayectoria","isPartOf":{"@id":"https:\/\/web.consaguirre.com.ar\/noticias\/#website"},"primaryImageOfPage":{"@id":"https:\/\/web.consaguirre.com.ar\/noticias\/alejandro-sanz-sera-honrado-con-el-premio-a-la-trayectoria\/#primaryimage"},"image":{"@id":"https:\/\/web.consaguirre.com.ar\/noticias\/alejandro-sanz-sera-honrado-con-el-premio-a-la-trayectoria\/#primaryimage"},"thumbnailUrl":"https:\/\/web.consaguirre.com.ar\/noticias\/wp-content\/uploads\/2024\/10\/Alejandro-Sanz-sera-honrado-con-el-premio-a-la-trayectoria.jpg","datePublished":"2024-10-11T20:40:55+00:00","dateModified":"2024-10-11T20:40:56+00:00","breadcrumb":{"@id":"https:\/\/web.consaguirre.com.ar\/noticias\/alejandro-sanz-sera-honrado-con-el-premio-a-la-trayectoria\/#breadcrumb"},"inLanguage":"es-AR","potentialAction":[{"@type":"ReadAction","target":["https:\/\/web.consaguirre.com.ar\/noticias\/alejandro-sanz-sera-honrado-con-el-premio-a-la-trayectoria\/"]}]},{"@type":"ImageObject","inLanguage":"es-AR","@id":"https:\/\/web.consaguirre.com.ar\/noticias\/alejandro-sanz-sera-honrado-con-el-premio-a-la-trayectoria\/#primaryimage","url":"https:\/\/web.consaguirre.com.ar\/noticias\/wp-content\/uploads\/2024\/10\/Alejandro-Sanz-sera-honrado-con-el-premio-a-la-trayectoria.jpg","contentUrl":"https:\/\/web.consaguirre.com.ar\/noticias\/wp-content\/uploads\/2024\/10\/Alejandro-Sanz-sera-honrado-con-el-premio-a-la-trayectoria.jpg","width":1440,"height":864,"caption":"Alejandro Sanz ser\u00e1 honrado con el premio a la trayectoria"},{"@type":"BreadcrumbList","@id":"https:\/\/web.consaguirre.com.ar\/noticias\/alejandro-sanz-sera-honrado-con-el-premio-a-la-trayectoria\/#breadcrumb","itemListElement":[{"@type":"ListItem","position":1,"name":"Inicio","item":"https:\/\/web.consaguirre.com.ar\/noticias\/"},{"@type":"ListItem","position":2,"name":"Alejandro Sanz ser\u00e1 honrado con el premio a la trayectoria"}]},{"@type":"WebSite","@id":"https:\/\/web.consaguirre.com.ar\/noticias\/#website","url":"https:\/\/web.consaguirre.com.ar\/noticias\/","name":"Conservatorio de M\u00fasica Juli\u00e1n Aguirre","description":"","publisher":{"@id":"https:\/\/web.consaguirre.com.ar\/noticias\/#organization"},"potentialAction":[{"@type":"SearchAction","target":{"@type":"EntryPoint","urlTemplate":"https:\/\/web.consaguirre.com.ar\/noticias\/?s={search_term_string}"},"query-input":"required name=search_term_string"}],"inLanguage":"es-AR"},{"@type":"Organization","@id":"https:\/\/web.consaguirre.com.ar\/noticias\/#organization","name":"Conservatorio de M\u00fasica Juli\u00e1n Aguirre","url":"https:\/\/web.consaguirre.com.ar\/noticias\/","logo":{"@type":"ImageObject","inLanguage":"es-AR","@id":"https:\/\/web.consaguirre.com.ar\/noticias\/#\/schema\/logo\/image\/","url":"https:\/\/web.consaguirre.com.ar\/noticias\/wp-content\/uploads\/2024\/08\/Banner-Aguirre-23.jpg","contentUrl":"https:\/\/web.consaguirre.com.ar\/noticias\/wp-content\/uploads\/2024\/08\/Banner-Aguirre-23.jpg","width":1192,"height":600,"caption":"Conservatorio de M\u00fasica Juli\u00e1n Aguirre"},"image":{"@id":"https:\/\/web.consaguirre.com.ar\/noticias\/#\/schema\/logo\/image\/"}},{"@type":"Person","@id":"https:\/\/web.consaguirre.com.ar\/noticias\/#\/schema\/person\/6558b0cfedee7ddc5425602b237d5722","name":"Javier Figueroa","image":{"@type":"ImageObject","inLanguage":"es-AR","@id":"https:\/\/web.consaguirre.com.ar\/noticias\/#\/schema\/person\/image\/","url":"https:\/\/web.consaguirre.com.ar\/noticias\/wp-content\/uploads\/2024\/08\/Consaguirre-scaled.jpg","contentUrl":"https:\/\/web.consaguirre.com.ar\/noticias\/wp-content\/uploads\/2024\/08\/Consaguirre-scaled.jpg","caption":"Javier Figueroa"},"description":"Me llamo Javier Figueroa y soy redactor para el sitio oficial del Conservatorio de M\u00fasica Juli\u00e1n Aguirre en Buenos Aires, consaguirre.com. Apasionado por la m\u00fasica y la escritura, me esfuerzo por destacar los talentos y eventos de nuestra prestigiosa instituci\u00f3n. Mi trayectoria se nutre de una profunda admiraci\u00f3n por los artistas, haciendo de cada art\u00edculo una celebraci\u00f3n de la creatividad y la cultura musical.","sameAs":["https:\/\/web.consaguirre.com.ar\/noticias"]}]}},"_links":{"self":[{"href":"https:\/\/web.consaguirre.com.ar\/noticias\/wp-json\/wp\/v2\/posts\/821"}],"collection":[{"href":"https:\/\/web.consaguirre.com.ar\/noticias\/wp-json\/wp\/v2\/posts"}],"about":[{"href":"https:\/\/web.consaguirre.com.ar\/noticias\/wp-json\/wp\/v2\/types\/post"}],"author":[{"embeddable":true,"href":"https:\/\/web.consaguirre.com.ar\/noticias\/wp-json\/wp\/v2\/users\/1"}],"replies":[{"embeddable":true,"href":"https:\/\/web.consaguirre.com.ar\/noticias\/wp-json\/wp\/v2\/comments?post=821"}],"version-history":[{"count":1,"href":"https:\/\/web.consaguirre.com.ar\/noticias\/wp-json\/wp\/v2\/posts\/821\/revisions"}],"predecessor-version":[{"id":823,"href":"https:\/\/web.consaguirre.com.ar\/noticias\/wp-json\/wp\/v2\/posts\/821\/revisions\/823"}],"wp:featuredmedia":[{"embeddable":true,"href":"https:\/\/web.consaguirre.com.ar\/noticias\/wp-json\/wp\/v2\/media\/822"}],"wp:attachment":[{"href":"https:\/\/web.consaguirre.com.ar\/noticias\/wp-json\/wp\/v2\/media?parent=821"}],"wp:term":[{"taxonomy":"category","embeddable":true,"href":"https:\/\/web.consaguirre.com.ar\/noticias\/wp-json\/wp\/v2\/categories?post=821"},{"taxonomy":"post_tag","embeddable":true,"href":"https:\/\/web.consaguirre.com.ar\/noticias\/wp-json\/wp\/v2\/tags?post=821"}],"curies":[{"name":"wp","href":"https:\/\/api.w.org\/{rel}","templated":true}]}}