{"id":812,"date":"2024-10-10T17:38:25","date_gmt":"2024-10-10T20:38:25","guid":{"rendered":"https:\/\/web.consaguirre.com.ar\/noticias\/wicked-the-soundtrack-revela-fecha-de-lanzamiento-y-lista-de-canciones\/"},"modified":"2024-10-10T17:38:27","modified_gmt":"2024-10-10T20:38:27","slug":"wicked-the-soundtrack-revela-fecha-de-lanzamiento-y-lista-de-canciones","status":"publish","type":"post","link":"https:\/\/web.consaguirre.com.ar\/noticias\/wicked-the-soundtrack-revela-fecha-de-lanzamiento-y-lista-de-canciones\/","title":{"rendered":"&#8216;Wicked: The Soundtrack&#8217; revela fecha de lanzamiento y lista de canciones"},"content":{"rendered":"<p><em>Malvado<\/em> Est\u00e1 un paso m\u00e1s cerca de la pantalla grande. La pr\u00f3xima banda sonora de la pel\u00edcula-musical estar\u00e1 disponible oficialmente el 22 de noviembre, d\u00eda en que la pel\u00edcula se estrenar\u00e1 en los cines. La banda sonora ya est\u00e1 disponible para pedidos anticipados y estar\u00e1 disponible en CD, vinilo doble, disco de doble imagen y digital.<\/p>\n<p>Basado en la novela de 1996 y el musical de 2003, <em>Malvado<\/em> sigue las historias de dos brujas de la novela de L. Frank Baum y la famosa adaptaci\u00f3n cinematogr\u00e1fica de 1939 de, <em>El mago de Oz<\/em>. <strong>Ariana Grande<\/strong> interpreta a Glinda (la Bruja Buena), que era amiga adolescente de Elphaba, la mujer incomprendida que pasar\u00eda a ser conocida como la Bruja Malvada del Oeste, interpretada aqu\u00ed por Cynthia Erivo. <em>Bridgerton<\/em>de Jonathan Bailey, la ganadora del Oscar Michelle Yeoh y <em>Game of Thrones<\/em> El alumno Peter Dinklage completa el reparto. Jeff Goldblum tambi\u00e9n aparece como El Mago. Jon M. Chu, conocido por su trabajo en <em>Asi\u00e1ticos ricos locos<\/em> y <em>en las alturas<\/em>dirige.<\/p>\n<div class=\"uD-YT-container\"><img decoding=\"async\" src=\"https:\/\/web.consaguirre.com.ar\/noticias\/wp-content\/uploads\/2024\/10\/1728592705_819_Wicked-The-Soundtrack-revela-fecha-de-lanzamiento-y-lista-de.jpg\" alt=\"V\u00eddeo de YouTube\"><br \/>Haga clic para cargar v\u00eddeo<\/div>\n<p>En particular, tanto la pel\u00edcula como la banda sonora cubren el primer acto del espect\u00e1culo de Broadway y terminan con el espectacular \u201cDefying Gravity\u201d. Todas las canciones del primer acto del musical est\u00e1n aqu\u00ed, incluida la presentaci\u00f3n vocal \u201cThe Wizard And I\u201d y el divertido solo de Grande \u201cPopular\u201d. <em>Malvado: Segunda parte<\/em> se lanzar\u00e1 en 2025.<\/p>\n<p>La adaptaci\u00f3n de Broadway ha sido un gran \u00e9xito desde su estreno hace m\u00e1s de 20 a\u00f1os y actualmente es el cuarto espect\u00e1culo de mayor duraci\u00f3n en la historia de Broadway. El espect\u00e1culo gan\u00f3 tres premios Tony en la ceremonia de 2004, por vestuario y dise\u00f1o esc\u00e9nico, y por la interpretaci\u00f3n de Idina Menzel como Elphaba, mientras que su m\u00fasica recibi\u00f3 nominaciones a los premios Tony y Drama Desk y gan\u00f3 un Grammy al Mejor \u00c1lbum de Espect\u00e1culo Musical. La continua popularidad del programa lo ha consolidado como una piedra de toque entre los fan\u00e1ticos del teatro musical, y la producci\u00f3n ya ha sido objeto de m\u00faltiples homenajes. En 2018, para el 15.\u00ba aniversario del programa en el escenario, Grande interpret\u00f3 \u201cThe Wizard And I\u201d, presagiando su futuro en la pel\u00edcula, aunque en un papel diferente. Ahora, no pasar\u00e1 mucho tiempo antes de que los fan\u00e1ticos la escuchen y el resto del elenco le d\u00e9 su versi\u00f3n a una partitura querida.<\/p>\n<p><strong>Orden <em>Malvado: la banda sonora<\/em> ahora.<\/strong><\/p>\n","protected":false},"excerpt":{"rendered":"<p>Malvado Est\u00e1 un paso m\u00e1s cerca de la pantalla grande. La pr\u00f3xima banda sonora de la pel\u00edcula-musical estar\u00e1 disponible oficialmente el 22 de noviembre, d\u00eda<\/p>\n","protected":false},"author":1,"featured_media":813,"comment_status":"closed","ping_status":"","sticky":false,"template":"","format":"standard","meta":{"footnotes":""},"categories":[50],"tags":[287,288,237,286,285,927,926],"class_list":["post-812","post","type-post","status-publish","format-standard","has-post-thumbnail","hentry","category-el-ultimo","tag-canciones","tag-fecha","tag-lanzamiento","tag-lista","tag-revela","tag-soundtrack","tag-wicked","generate-columns","tablet-grid-50","mobile-grid-100","grid-parent","grid-50"],"yoast_head":"<!-- This site is optimized with the Yoast SEO plugin v23.3 - https:\/\/yoast.com\/wordpress\/plugins\/seo\/ -->\n<title>&#039;Wicked: The Soundtrack&#039; revela fecha de lanzamiento y lista de canciones<\/title>\n<meta name=\"robots\" content=\"index, follow, max-snippet:-1, max-image-preview:large, max-video-preview:-1\" \/>\n<link rel=\"canonical\" href=\"https:\/\/web.consaguirre.com.ar\/noticias\/wicked-the-soundtrack-revela-fecha-de-lanzamiento-y-lista-de-canciones\/\" \/>\n<meta property=\"og:locale\" content=\"es_ES\" \/>\n<meta property=\"og:type\" content=\"article\" \/>\n<meta property=\"og:title\" content=\"&#039;Wicked: The Soundtrack&#039; revela fecha de lanzamiento y lista de canciones\" \/>\n<meta property=\"og:description\" content=\"Malvado Est\u00e1 un paso m\u00e1s cerca de la pantalla grande. La pr\u00f3xima banda sonora de la pel\u00edcula-musical estar\u00e1 disponible oficialmente el 22 de noviembre, d\u00eda\" \/>\n<meta property=\"og:url\" content=\"https:\/\/web.consaguirre.com.ar\/noticias\/wicked-the-soundtrack-revela-fecha-de-lanzamiento-y-lista-de-canciones\/\" \/>\n<meta property=\"og:site_name\" content=\"Conservatorio de M\u00fasica Juli\u00e1n Aguirre\" \/>\n<meta property=\"article:published_time\" content=\"2024-10-10T20:38:25+00:00\" \/>\n<meta property=\"article:modified_time\" content=\"2024-10-10T20:38:27+00:00\" \/>\n<meta property=\"og:image\" content=\"https:\/\/web.consaguirre.com.ar\/noticias\/wp-content\/uploads\/2024\/10\/Wicked-The-Soundtrack-revela-fecha-de-lanzamiento-y-lista-de.jpg\" \/>\n\t<meta property=\"og:image:width\" content=\"1440\" \/>\n\t<meta property=\"og:image:height\" content=\"864\" \/>\n\t<meta property=\"og:image:type\" content=\"image\/jpeg\" \/>\n<meta name=\"author\" content=\"Javier Figueroa\" \/>\n<meta name=\"twitter:card\" content=\"summary_large_image\" \/>\n<meta name=\"twitter:label1\" content=\"Escrito por\" \/>\n\t<meta name=\"twitter:data1\" content=\"Javier Figueroa\" \/>\n\t<meta name=\"twitter:label2\" content=\"Tiempo de lectura\" \/>\n\t<meta name=\"twitter:data2\" content=\"2 minutos\" \/>\n<script type=\"application\/ld+json\" class=\"yoast-schema-graph\">{\"@context\":\"https:\/\/schema.org\",\"@graph\":[{\"@type\":\"Article\",\"@id\":\"https:\/\/web.consaguirre.com.ar\/noticias\/wicked-the-soundtrack-revela-fecha-de-lanzamiento-y-lista-de-canciones\/#article\",\"isPartOf\":{\"@id\":\"https:\/\/web.consaguirre.com.ar\/noticias\/wicked-the-soundtrack-revela-fecha-de-lanzamiento-y-lista-de-canciones\/\"},\"author\":{\"name\":\"Javier Figueroa\",\"@id\":\"https:\/\/web.consaguirre.com.ar\/noticias\/#\/schema\/person\/6558b0cfedee7ddc5425602b237d5722\"},\"headline\":\"&#8216;Wicked: The Soundtrack&#8217; revela fecha de lanzamiento y lista de canciones\",\"datePublished\":\"2024-10-10T20:38:25+00:00\",\"dateModified\":\"2024-10-10T20:38:27+00:00\",\"mainEntityOfPage\":{\"@id\":\"https:\/\/web.consaguirre.com.ar\/noticias\/wicked-the-soundtrack-revela-fecha-de-lanzamiento-y-lista-de-canciones\/\"},\"wordCount\":430,\"publisher\":{\"@id\":\"https:\/\/web.consaguirre.com.ar\/noticias\/#organization\"},\"image\":{\"@id\":\"https:\/\/web.consaguirre.com.ar\/noticias\/wicked-the-soundtrack-revela-fecha-de-lanzamiento-y-lista-de-canciones\/#primaryimage\"},\"thumbnailUrl\":\"https:\/\/web.consaguirre.com.ar\/noticias\/wp-content\/uploads\/2024\/10\/Wicked-The-Soundtrack-revela-fecha-de-lanzamiento-y-lista-de.jpg\",\"keywords\":[\"canciones\",\"fecha\",\"lanzamiento\",\"lista\",\"revela\",\"Soundtrack\",\"Wicked\"],\"articleSection\":[\"El \u00faltimo\"],\"inLanguage\":\"es-AR\"},{\"@type\":\"WebPage\",\"@id\":\"https:\/\/web.consaguirre.com.ar\/noticias\/wicked-the-soundtrack-revela-fecha-de-lanzamiento-y-lista-de-canciones\/\",\"url\":\"https:\/\/web.consaguirre.com.ar\/noticias\/wicked-the-soundtrack-revela-fecha-de-lanzamiento-y-lista-de-canciones\/\",\"name\":\"'Wicked: The Soundtrack' revela fecha de lanzamiento y lista de canciones\",\"isPartOf\":{\"@id\":\"https:\/\/web.consaguirre.com.ar\/noticias\/#website\"},\"primaryImageOfPage\":{\"@id\":\"https:\/\/web.consaguirre.com.ar\/noticias\/wicked-the-soundtrack-revela-fecha-de-lanzamiento-y-lista-de-canciones\/#primaryimage\"},\"image\":{\"@id\":\"https:\/\/web.consaguirre.com.ar\/noticias\/wicked-the-soundtrack-revela-fecha-de-lanzamiento-y-lista-de-canciones\/#primaryimage\"},\"thumbnailUrl\":\"https:\/\/web.consaguirre.com.ar\/noticias\/wp-content\/uploads\/2024\/10\/Wicked-The-Soundtrack-revela-fecha-de-lanzamiento-y-lista-de.jpg\",\"datePublished\":\"2024-10-10T20:38:25+00:00\",\"dateModified\":\"2024-10-10T20:38:27+00:00\",\"breadcrumb\":{\"@id\":\"https:\/\/web.consaguirre.com.ar\/noticias\/wicked-the-soundtrack-revela-fecha-de-lanzamiento-y-lista-de-canciones\/#breadcrumb\"},\"inLanguage\":\"es-AR\",\"potentialAction\":[{\"@type\":\"ReadAction\",\"target\":[\"https:\/\/web.consaguirre.com.ar\/noticias\/wicked-the-soundtrack-revela-fecha-de-lanzamiento-y-lista-de-canciones\/\"]}]},{\"@type\":\"ImageObject\",\"inLanguage\":\"es-AR\",\"@id\":\"https:\/\/web.consaguirre.com.ar\/noticias\/wicked-the-soundtrack-revela-fecha-de-lanzamiento-y-lista-de-canciones\/#primaryimage\",\"url\":\"https:\/\/web.consaguirre.com.ar\/noticias\/wp-content\/uploads\/2024\/10\/Wicked-The-Soundtrack-revela-fecha-de-lanzamiento-y-lista-de.jpg\",\"contentUrl\":\"https:\/\/web.consaguirre.com.ar\/noticias\/wp-content\/uploads\/2024\/10\/Wicked-The-Soundtrack-revela-fecha-de-lanzamiento-y-lista-de.jpg\",\"width\":1440,\"height\":864,\"caption\":\"'Wicked: The Soundtrack' revela fecha de lanzamiento y lista de canciones\"},{\"@type\":\"BreadcrumbList\",\"@id\":\"https:\/\/web.consaguirre.com.ar\/noticias\/wicked-the-soundtrack-revela-fecha-de-lanzamiento-y-lista-de-canciones\/#breadcrumb\",\"itemListElement\":[{\"@type\":\"ListItem\",\"position\":1,\"name\":\"Inicio\",\"item\":\"https:\/\/web.consaguirre.com.ar\/noticias\/\"},{\"@type\":\"ListItem\",\"position\":2,\"name\":\"&#8216;Wicked: The Soundtrack&#8217; revela fecha de lanzamiento y lista de canciones\"}]},{\"@type\":\"WebSite\",\"@id\":\"https:\/\/web.consaguirre.com.ar\/noticias\/#website\",\"url\":\"https:\/\/web.consaguirre.com.ar\/noticias\/\",\"name\":\"Conservatorio de M\u00fasica Juli\u00e1n Aguirre\",\"description\":\"\",\"publisher\":{\"@id\":\"https:\/\/web.consaguirre.com.ar\/noticias\/#organization\"},\"potentialAction\":[{\"@type\":\"SearchAction\",\"target\":{\"@type\":\"EntryPoint\",\"urlTemplate\":\"https:\/\/web.consaguirre.com.ar\/noticias\/?s={search_term_string}\"},\"query-input\":\"required name=search_term_string\"}],\"inLanguage\":\"es-AR\"},{\"@type\":\"Organization\",\"@id\":\"https:\/\/web.consaguirre.com.ar\/noticias\/#organization\",\"name\":\"Conservatorio de M\u00fasica Juli\u00e1n Aguirre\",\"url\":\"https:\/\/web.consaguirre.com.ar\/noticias\/\",\"logo\":{\"@type\":\"ImageObject\",\"inLanguage\":\"es-AR\",\"@id\":\"https:\/\/web.consaguirre.com.ar\/noticias\/#\/schema\/logo\/image\/\",\"url\":\"https:\/\/web.consaguirre.com.ar\/noticias\/wp-content\/uploads\/2024\/08\/Banner-Aguirre-23.jpg\",\"contentUrl\":\"https:\/\/web.consaguirre.com.ar\/noticias\/wp-content\/uploads\/2024\/08\/Banner-Aguirre-23.jpg\",\"width\":1192,\"height\":600,\"caption\":\"Conservatorio de M\u00fasica Juli\u00e1n Aguirre\"},\"image\":{\"@id\":\"https:\/\/web.consaguirre.com.ar\/noticias\/#\/schema\/logo\/image\/\"}},{\"@type\":\"Person\",\"@id\":\"https:\/\/web.consaguirre.com.ar\/noticias\/#\/schema\/person\/6558b0cfedee7ddc5425602b237d5722\",\"name\":\"Javier Figueroa\",\"image\":{\"@type\":\"ImageObject\",\"inLanguage\":\"es-AR\",\"@id\":\"https:\/\/web.consaguirre.com.ar\/noticias\/#\/schema\/person\/image\/\",\"url\":\"https:\/\/web.consaguirre.com.ar\/noticias\/wp-content\/uploads\/2024\/08\/Consaguirre-scaled.jpg\",\"contentUrl\":\"https:\/\/web.consaguirre.com.ar\/noticias\/wp-content\/uploads\/2024\/08\/Consaguirre-scaled.jpg\",\"caption\":\"Javier Figueroa\"},\"description\":\"Me llamo Javier Figueroa y soy redactor para el sitio oficial del Conservatorio de M\u00fasica Juli\u00e1n Aguirre en Buenos Aires, consaguirre.com. Apasionado por la m\u00fasica y la escritura, me esfuerzo por destacar los talentos y eventos de nuestra prestigiosa instituci\u00f3n. Mi trayectoria se nutre de una profunda admiraci\u00f3n por los artistas, haciendo de cada art\u00edculo una celebraci\u00f3n de la creatividad y la cultura musical.\",\"sameAs\":[\"https:\/\/web.consaguirre.com.ar\/noticias\"]}]}<\/script>\n<!-- \/ Yoast SEO plugin. -->","yoast_head_json":{"title":"'Wicked: The Soundtrack' revela fecha de lanzamiento y lista de canciones","robots":{"index":"index","follow":"follow","max-snippet":"max-snippet:-1","max-image-preview":"max-image-preview:large","max-video-preview":"max-video-preview:-1"},"canonical":"https:\/\/web.consaguirre.com.ar\/noticias\/wicked-the-soundtrack-revela-fecha-de-lanzamiento-y-lista-de-canciones\/","og_locale":"es_ES","og_type":"article","og_title":"'Wicked: The Soundtrack' revela fecha de lanzamiento y lista de canciones","og_description":"Malvado Est\u00e1 un paso m\u00e1s cerca de la pantalla grande. La pr\u00f3xima banda sonora de la pel\u00edcula-musical estar\u00e1 disponible oficialmente el 22 de noviembre, d\u00eda","og_url":"https:\/\/web.consaguirre.com.ar\/noticias\/wicked-the-soundtrack-revela-fecha-de-lanzamiento-y-lista-de-canciones\/","og_site_name":"Conservatorio de M\u00fasica Juli\u00e1n Aguirre","article_published_time":"2024-10-10T20:38:25+00:00","article_modified_time":"2024-10-10T20:38:27+00:00","og_image":[{"width":1440,"height":864,"url":"https:\/\/web.consaguirre.com.ar\/noticias\/wp-content\/uploads\/2024\/10\/Wicked-The-Soundtrack-revela-fecha-de-lanzamiento-y-lista-de.jpg","type":"image\/jpeg"}],"author":"Javier Figueroa","twitter_card":"summary_large_image","twitter_misc":{"Escrito por":"Javier Figueroa","Tiempo de lectura":"2 minutos"},"schema":{"@context":"https:\/\/schema.org","@graph":[{"@type":"Article","@id":"https:\/\/web.consaguirre.com.ar\/noticias\/wicked-the-soundtrack-revela-fecha-de-lanzamiento-y-lista-de-canciones\/#article","isPartOf":{"@id":"https:\/\/web.consaguirre.com.ar\/noticias\/wicked-the-soundtrack-revela-fecha-de-lanzamiento-y-lista-de-canciones\/"},"author":{"name":"Javier Figueroa","@id":"https:\/\/web.consaguirre.com.ar\/noticias\/#\/schema\/person\/6558b0cfedee7ddc5425602b237d5722"},"headline":"&#8216;Wicked: The Soundtrack&#8217; revela fecha de lanzamiento y lista de canciones","datePublished":"2024-10-10T20:38:25+00:00","dateModified":"2024-10-10T20:38:27+00:00","mainEntityOfPage":{"@id":"https:\/\/web.consaguirre.com.ar\/noticias\/wicked-the-soundtrack-revela-fecha-de-lanzamiento-y-lista-de-canciones\/"},"wordCount":430,"publisher":{"@id":"https:\/\/web.consaguirre.com.ar\/noticias\/#organization"},"image":{"@id":"https:\/\/web.consaguirre.com.ar\/noticias\/wicked-the-soundtrack-revela-fecha-de-lanzamiento-y-lista-de-canciones\/#primaryimage"},"thumbnailUrl":"https:\/\/web.consaguirre.com.ar\/noticias\/wp-content\/uploads\/2024\/10\/Wicked-The-Soundtrack-revela-fecha-de-lanzamiento-y-lista-de.jpg","keywords":["canciones","fecha","lanzamiento","lista","revela","Soundtrack","Wicked"],"articleSection":["El \u00faltimo"],"inLanguage":"es-AR"},{"@type":"WebPage","@id":"https:\/\/web.consaguirre.com.ar\/noticias\/wicked-the-soundtrack-revela-fecha-de-lanzamiento-y-lista-de-canciones\/","url":"https:\/\/web.consaguirre.com.ar\/noticias\/wicked-the-soundtrack-revela-fecha-de-lanzamiento-y-lista-de-canciones\/","name":"'Wicked: The Soundtrack' revela fecha de lanzamiento y lista de canciones","isPartOf":{"@id":"https:\/\/web.consaguirre.com.ar\/noticias\/#website"},"primaryImageOfPage":{"@id":"https:\/\/web.consaguirre.com.ar\/noticias\/wicked-the-soundtrack-revela-fecha-de-lanzamiento-y-lista-de-canciones\/#primaryimage"},"image":{"@id":"https:\/\/web.consaguirre.com.ar\/noticias\/wicked-the-soundtrack-revela-fecha-de-lanzamiento-y-lista-de-canciones\/#primaryimage"},"thumbnailUrl":"https:\/\/web.consaguirre.com.ar\/noticias\/wp-content\/uploads\/2024\/10\/Wicked-The-Soundtrack-revela-fecha-de-lanzamiento-y-lista-de.jpg","datePublished":"2024-10-10T20:38:25+00:00","dateModified":"2024-10-10T20:38:27+00:00","breadcrumb":{"@id":"https:\/\/web.consaguirre.com.ar\/noticias\/wicked-the-soundtrack-revela-fecha-de-lanzamiento-y-lista-de-canciones\/#breadcrumb"},"inLanguage":"es-AR","potentialAction":[{"@type":"ReadAction","target":["https:\/\/web.consaguirre.com.ar\/noticias\/wicked-the-soundtrack-revela-fecha-de-lanzamiento-y-lista-de-canciones\/"]}]},{"@type":"ImageObject","inLanguage":"es-AR","@id":"https:\/\/web.consaguirre.com.ar\/noticias\/wicked-the-soundtrack-revela-fecha-de-lanzamiento-y-lista-de-canciones\/#primaryimage","url":"https:\/\/web.consaguirre.com.ar\/noticias\/wp-content\/uploads\/2024\/10\/Wicked-The-Soundtrack-revela-fecha-de-lanzamiento-y-lista-de.jpg","contentUrl":"https:\/\/web.consaguirre.com.ar\/noticias\/wp-content\/uploads\/2024\/10\/Wicked-The-Soundtrack-revela-fecha-de-lanzamiento-y-lista-de.jpg","width":1440,"height":864,"caption":"'Wicked: The Soundtrack' revela fecha de lanzamiento y lista de canciones"},{"@type":"BreadcrumbList","@id":"https:\/\/web.consaguirre.com.ar\/noticias\/wicked-the-soundtrack-revela-fecha-de-lanzamiento-y-lista-de-canciones\/#breadcrumb","itemListElement":[{"@type":"ListItem","position":1,"name":"Inicio","item":"https:\/\/web.consaguirre.com.ar\/noticias\/"},{"@type":"ListItem","position":2,"name":"&#8216;Wicked: The Soundtrack&#8217; revela fecha de lanzamiento y lista de canciones"}]},{"@type":"WebSite","@id":"https:\/\/web.consaguirre.com.ar\/noticias\/#website","url":"https:\/\/web.consaguirre.com.ar\/noticias\/","name":"Conservatorio de M\u00fasica Juli\u00e1n Aguirre","description":"","publisher":{"@id":"https:\/\/web.consaguirre.com.ar\/noticias\/#organization"},"potentialAction":[{"@type":"SearchAction","target":{"@type":"EntryPoint","urlTemplate":"https:\/\/web.consaguirre.com.ar\/noticias\/?s={search_term_string}"},"query-input":"required name=search_term_string"}],"inLanguage":"es-AR"},{"@type":"Organization","@id":"https:\/\/web.consaguirre.com.ar\/noticias\/#organization","name":"Conservatorio de M\u00fasica Juli\u00e1n Aguirre","url":"https:\/\/web.consaguirre.com.ar\/noticias\/","logo":{"@type":"ImageObject","inLanguage":"es-AR","@id":"https:\/\/web.consaguirre.com.ar\/noticias\/#\/schema\/logo\/image\/","url":"https:\/\/web.consaguirre.com.ar\/noticias\/wp-content\/uploads\/2024\/08\/Banner-Aguirre-23.jpg","contentUrl":"https:\/\/web.consaguirre.com.ar\/noticias\/wp-content\/uploads\/2024\/08\/Banner-Aguirre-23.jpg","width":1192,"height":600,"caption":"Conservatorio de M\u00fasica Juli\u00e1n Aguirre"},"image":{"@id":"https:\/\/web.consaguirre.com.ar\/noticias\/#\/schema\/logo\/image\/"}},{"@type":"Person","@id":"https:\/\/web.consaguirre.com.ar\/noticias\/#\/schema\/person\/6558b0cfedee7ddc5425602b237d5722","name":"Javier Figueroa","image":{"@type":"ImageObject","inLanguage":"es-AR","@id":"https:\/\/web.consaguirre.com.ar\/noticias\/#\/schema\/person\/image\/","url":"https:\/\/web.consaguirre.com.ar\/noticias\/wp-content\/uploads\/2024\/08\/Consaguirre-scaled.jpg","contentUrl":"https:\/\/web.consaguirre.com.ar\/noticias\/wp-content\/uploads\/2024\/08\/Consaguirre-scaled.jpg","caption":"Javier Figueroa"},"description":"Me llamo Javier Figueroa y soy redactor para el sitio oficial del Conservatorio de M\u00fasica Juli\u00e1n Aguirre en Buenos Aires, consaguirre.com. Apasionado por la m\u00fasica y la escritura, me esfuerzo por destacar los talentos y eventos de nuestra prestigiosa instituci\u00f3n. Mi trayectoria se nutre de una profunda admiraci\u00f3n por los artistas, haciendo de cada art\u00edculo una celebraci\u00f3n de la creatividad y la cultura musical.","sameAs":["https:\/\/web.consaguirre.com.ar\/noticias"]}]}},"_links":{"self":[{"href":"https:\/\/web.consaguirre.com.ar\/noticias\/wp-json\/wp\/v2\/posts\/812"}],"collection":[{"href":"https:\/\/web.consaguirre.com.ar\/noticias\/wp-json\/wp\/v2\/posts"}],"about":[{"href":"https:\/\/web.consaguirre.com.ar\/noticias\/wp-json\/wp\/v2\/types\/post"}],"author":[{"embeddable":true,"href":"https:\/\/web.consaguirre.com.ar\/noticias\/wp-json\/wp\/v2\/users\/1"}],"replies":[{"embeddable":true,"href":"https:\/\/web.consaguirre.com.ar\/noticias\/wp-json\/wp\/v2\/comments?post=812"}],"version-history":[{"count":1,"href":"https:\/\/web.consaguirre.com.ar\/noticias\/wp-json\/wp\/v2\/posts\/812\/revisions"}],"predecessor-version":[{"id":814,"href":"https:\/\/web.consaguirre.com.ar\/noticias\/wp-json\/wp\/v2\/posts\/812\/revisions\/814"}],"wp:featuredmedia":[{"embeddable":true,"href":"https:\/\/web.consaguirre.com.ar\/noticias\/wp-json\/wp\/v2\/media\/813"}],"wp:attachment":[{"href":"https:\/\/web.consaguirre.com.ar\/noticias\/wp-json\/wp\/v2\/media?parent=812"}],"wp:term":[{"taxonomy":"category","embeddable":true,"href":"https:\/\/web.consaguirre.com.ar\/noticias\/wp-json\/wp\/v2\/categories?post=812"},{"taxonomy":"post_tag","embeddable":true,"href":"https:\/\/web.consaguirre.com.ar\/noticias\/wp-json\/wp\/v2\/tags?post=812"}],"curies":[{"name":"wp","href":"https:\/\/api.w.org\/{rel}","templated":true}]}}