{"id":809,"date":"2024-10-10T14:43:55","date_gmt":"2024-10-10T17:43:55","guid":{"rendered":"https:\/\/web.consaguirre.com.ar\/noticias\/the-cure-lanza-nueva-cancion-a-fragile-thing\/"},"modified":"2024-10-10T14:43:56","modified_gmt":"2024-10-10T17:43:56","slug":"the-cure-lanza-nueva-cancion-a-fragile-thing","status":"publish","type":"post","link":"https:\/\/web.consaguirre.com.ar\/noticias\/the-cure-lanza-nueva-cancion-a-fragile-thing\/","title":{"rendered":"The Cure lanza nueva canci\u00f3n &#8216;A Fragile Thing&#8217;"},"content":{"rendered":"<p><strong>La cura<\/strong>El pr\u00f3ximo \u00e1lbum de est\u00e1 cada vez m\u00e1s cerca con el lanzamiento de \u201cA Fragile Thing\u201d. La canci\u00f3n es el segundo sencillo de su pr\u00f3ximo \u00e1lbum. <em>Canciones de un mundo perdido<\/em>el primer proyecto de larga duraci\u00f3n de la banda en 16 a\u00f1os. El \u00e1lbum se lanzar\u00e1 oficialmente el 1 de noviembre en vinilo, casete, CD, CD de lujo y Blu-Ray y digital.<\/p>\n<p>\u201c&#8217;A Fragile Thing&#8217; est\u00e1 impulsada por las dificultades que enfrentamos al elegir entre necesidades mutuamente excluyentes y c\u00f3mo lidiamos con el arrepentimiento in\u00fatil que puede seguir a estas elecciones, por muy seguros que estemos de que se han tomado las decisiones correctas\u2026\u201d cantante, guitarrista, y el compositor Robert Smith expresaron en un comunicado. &#8220;A menudo puede resultar muy dif\u00edcil ser la persona que realmente necesitas ser&#8221;.<\/p>\n<div class=\"uD-YT-container\"><img decoding=\"async\" src=\"https:\/\/web.consaguirre.com.ar\/noticias\/wp-content\/uploads\/2024\/10\/1728582235_941_The-Cure-lanza-nueva-cancion-A-Fragile-Thing.jpg\" alt=\"V\u00eddeo de YouTube\"><br \/>Haga clic para cargar v\u00eddeo<\/div>\n<p>Mientras <em>Canciones de un mundo perdido<\/em> es el primer \u00e1lbum de la banda desde 2008 <em>4:13 Sue\u00f1o<\/em>han estado trabajando duro en los a\u00f1os posteriores. El a\u00f1o pasado, la banda se embarc\u00f3 en su gira Shows Of A Lost World, donde mostraron un avance de muchas de las pistas que estar\u00e1n disponibles en el \u00e1lbum. Smith confirm\u00f3 el \u00e1lbum en 2022, y de hecho explic\u00f3 que la banda tiene dos \u00e1lbumes en camino. \u201cBueno, el primer \u00e1lbum de Cure es pesimista y pesimista. Es lo m\u00e1s funesto que hemos hecho jam\u00e1s. El segundo es optimista\u2026\u201d, dijo. <em>NME<\/em>. \u201cPreferir\u00eda que simplemente saliera a la luz. No soporto la anticipaci\u00f3n\u201d.<\/p>\n<p>En 2019, The Cure fue incluido en el Sal\u00f3n de la Fama del Rock and Roll, m\u00e1s de 40 a\u00f1os despu\u00e9s de que se formaran por primera vez en Crawley, Inglaterra. A lo largo de su carrera, han lanzado 13 \u00e1lbumes, muchos de los cuales han llegado a ser conocidos como cl\u00e1sicos de los g\u00e9neros new wave y rock g\u00f3tico. Si bien \u201cLovesong\u201d de 1989 es su sencillo con mayor ranking en los Estados Unidos, alcanzando el puesto n\u00famero 2 en el Billboard Hot 100, tienen innumerables temas amados no solo por los fan\u00e1ticos sino tambi\u00e9n por los apreciadores de la m\u00fasica en todo el mundo.<\/p>\n<p><strong>Reserva The Cure&#8217;s <em>Canciones de un mundo perdido<\/em> ahora.<\/strong><\/p>\n","protected":false},"excerpt":{"rendered":"<p>La curaEl pr\u00f3ximo \u00e1lbum de est\u00e1 cada vez m\u00e1s cerca con el lanzamiento de \u201cA Fragile Thing\u201d. La canci\u00f3n es el segundo sencillo de su<\/p>\n","protected":false},"author":1,"featured_media":810,"comment_status":"closed","ping_status":"","sticky":false,"template":"","format":"standard","meta":{"footnotes":""},"categories":[50],"tags":[460,788,925,218,116],"class_list":["post-809","post","type-post","status-publish","format-standard","has-post-thumbnail","hentry","category-el-ultimo","tag-cancion","tag-cure","tag-fragile","tag-lanza","tag-nueva","generate-columns","tablet-grid-50","mobile-grid-100","grid-parent","grid-50"],"yoast_head":"<!-- This site is optimized with the Yoast SEO plugin v23.3 - https:\/\/yoast.com\/wordpress\/plugins\/seo\/ -->\n<title>The Cure lanza nueva canci\u00f3n &#039;A Fragile Thing&#039;<\/title>\n<meta name=\"robots\" content=\"index, follow, max-snippet:-1, max-image-preview:large, max-video-preview:-1\" \/>\n<link rel=\"canonical\" href=\"https:\/\/web.consaguirre.com.ar\/noticias\/the-cure-lanza-nueva-cancion-a-fragile-thing\/\" \/>\n<meta property=\"og:locale\" content=\"es_ES\" \/>\n<meta property=\"og:type\" content=\"article\" \/>\n<meta property=\"og:title\" content=\"The Cure lanza nueva canci\u00f3n &#039;A Fragile Thing&#039;\" \/>\n<meta property=\"og:description\" content=\"La curaEl pr\u00f3ximo \u00e1lbum de est\u00e1 cada vez m\u00e1s cerca con el lanzamiento de \u201cA Fragile Thing\u201d. La canci\u00f3n es el segundo sencillo de su\" \/>\n<meta property=\"og:url\" content=\"https:\/\/web.consaguirre.com.ar\/noticias\/the-cure-lanza-nueva-cancion-a-fragile-thing\/\" \/>\n<meta property=\"og:site_name\" content=\"Conservatorio de M\u00fasica Juli\u00e1n Aguirre\" \/>\n<meta property=\"article:published_time\" content=\"2024-10-10T17:43:55+00:00\" \/>\n<meta property=\"article:modified_time\" content=\"2024-10-10T17:43:56+00:00\" \/>\n<meta property=\"og:image\" content=\"https:\/\/web.consaguirre.com.ar\/noticias\/wp-content\/uploads\/2024\/10\/The-Cure-lanza-nueva-cancion-A-Fragile-Thing.jpg\" \/>\n\t<meta property=\"og:image:width\" content=\"1280\" \/>\n\t<meta property=\"og:image:height\" content=\"1280\" \/>\n\t<meta property=\"og:image:type\" content=\"image\/jpeg\" \/>\n<meta name=\"author\" content=\"Javier Figueroa\" \/>\n<meta name=\"twitter:card\" content=\"summary_large_image\" \/>\n<meta name=\"twitter:label1\" content=\"Escrito por\" \/>\n\t<meta name=\"twitter:data1\" content=\"Javier Figueroa\" \/>\n\t<meta name=\"twitter:label2\" content=\"Tiempo de lectura\" \/>\n\t<meta name=\"twitter:data2\" content=\"2 minutos\" \/>\n<script type=\"application\/ld+json\" class=\"yoast-schema-graph\">{\"@context\":\"https:\/\/schema.org\",\"@graph\":[{\"@type\":\"Article\",\"@id\":\"https:\/\/web.consaguirre.com.ar\/noticias\/the-cure-lanza-nueva-cancion-a-fragile-thing\/#article\",\"isPartOf\":{\"@id\":\"https:\/\/web.consaguirre.com.ar\/noticias\/the-cure-lanza-nueva-cancion-a-fragile-thing\/\"},\"author\":{\"name\":\"Javier Figueroa\",\"@id\":\"https:\/\/web.consaguirre.com.ar\/noticias\/#\/schema\/person\/6558b0cfedee7ddc5425602b237d5722\"},\"headline\":\"The Cure lanza nueva canci\u00f3n &#8216;A Fragile Thing&#8217;\",\"datePublished\":\"2024-10-10T17:43:55+00:00\",\"dateModified\":\"2024-10-10T17:43:56+00:00\",\"mainEntityOfPage\":{\"@id\":\"https:\/\/web.consaguirre.com.ar\/noticias\/the-cure-lanza-nueva-cancion-a-fragile-thing\/\"},\"wordCount\":384,\"publisher\":{\"@id\":\"https:\/\/web.consaguirre.com.ar\/noticias\/#organization\"},\"image\":{\"@id\":\"https:\/\/web.consaguirre.com.ar\/noticias\/the-cure-lanza-nueva-cancion-a-fragile-thing\/#primaryimage\"},\"thumbnailUrl\":\"https:\/\/web.consaguirre.com.ar\/noticias\/wp-content\/uploads\/2024\/10\/The-Cure-lanza-nueva-cancion-A-Fragile-Thing.jpg\",\"keywords\":[\"canci\u00f3n\",\"Cure\",\"Fragile\",\"lanza\",\"nueva\"],\"articleSection\":[\"El \u00faltimo\"],\"inLanguage\":\"es-AR\"},{\"@type\":\"WebPage\",\"@id\":\"https:\/\/web.consaguirre.com.ar\/noticias\/the-cure-lanza-nueva-cancion-a-fragile-thing\/\",\"url\":\"https:\/\/web.consaguirre.com.ar\/noticias\/the-cure-lanza-nueva-cancion-a-fragile-thing\/\",\"name\":\"The Cure lanza nueva canci\u00f3n 'A Fragile Thing'\",\"isPartOf\":{\"@id\":\"https:\/\/web.consaguirre.com.ar\/noticias\/#website\"},\"primaryImageOfPage\":{\"@id\":\"https:\/\/web.consaguirre.com.ar\/noticias\/the-cure-lanza-nueva-cancion-a-fragile-thing\/#primaryimage\"},\"image\":{\"@id\":\"https:\/\/web.consaguirre.com.ar\/noticias\/the-cure-lanza-nueva-cancion-a-fragile-thing\/#primaryimage\"},\"thumbnailUrl\":\"https:\/\/web.consaguirre.com.ar\/noticias\/wp-content\/uploads\/2024\/10\/The-Cure-lanza-nueva-cancion-A-Fragile-Thing.jpg\",\"datePublished\":\"2024-10-10T17:43:55+00:00\",\"dateModified\":\"2024-10-10T17:43:56+00:00\",\"breadcrumb\":{\"@id\":\"https:\/\/web.consaguirre.com.ar\/noticias\/the-cure-lanza-nueva-cancion-a-fragile-thing\/#breadcrumb\"},\"inLanguage\":\"es-AR\",\"potentialAction\":[{\"@type\":\"ReadAction\",\"target\":[\"https:\/\/web.consaguirre.com.ar\/noticias\/the-cure-lanza-nueva-cancion-a-fragile-thing\/\"]}]},{\"@type\":\"ImageObject\",\"inLanguage\":\"es-AR\",\"@id\":\"https:\/\/web.consaguirre.com.ar\/noticias\/the-cure-lanza-nueva-cancion-a-fragile-thing\/#primaryimage\",\"url\":\"https:\/\/web.consaguirre.com.ar\/noticias\/wp-content\/uploads\/2024\/10\/The-Cure-lanza-nueva-cancion-A-Fragile-Thing.jpg\",\"contentUrl\":\"https:\/\/web.consaguirre.com.ar\/noticias\/wp-content\/uploads\/2024\/10\/The-Cure-lanza-nueva-cancion-A-Fragile-Thing.jpg\",\"width\":1280,\"height\":1280,\"caption\":\"The Cure lanza nueva canci\u00f3n 'A Fragile Thing'\"},{\"@type\":\"BreadcrumbList\",\"@id\":\"https:\/\/web.consaguirre.com.ar\/noticias\/the-cure-lanza-nueva-cancion-a-fragile-thing\/#breadcrumb\",\"itemListElement\":[{\"@type\":\"ListItem\",\"position\":1,\"name\":\"Inicio\",\"item\":\"https:\/\/web.consaguirre.com.ar\/noticias\/\"},{\"@type\":\"ListItem\",\"position\":2,\"name\":\"The Cure lanza nueva canci\u00f3n &#8216;A Fragile Thing&#8217;\"}]},{\"@type\":\"WebSite\",\"@id\":\"https:\/\/web.consaguirre.com.ar\/noticias\/#website\",\"url\":\"https:\/\/web.consaguirre.com.ar\/noticias\/\",\"name\":\"Conservatorio de M\u00fasica Juli\u00e1n Aguirre\",\"description\":\"\",\"publisher\":{\"@id\":\"https:\/\/web.consaguirre.com.ar\/noticias\/#organization\"},\"potentialAction\":[{\"@type\":\"SearchAction\",\"target\":{\"@type\":\"EntryPoint\",\"urlTemplate\":\"https:\/\/web.consaguirre.com.ar\/noticias\/?s={search_term_string}\"},\"query-input\":\"required name=search_term_string\"}],\"inLanguage\":\"es-AR\"},{\"@type\":\"Organization\",\"@id\":\"https:\/\/web.consaguirre.com.ar\/noticias\/#organization\",\"name\":\"Conservatorio de M\u00fasica Juli\u00e1n Aguirre\",\"url\":\"https:\/\/web.consaguirre.com.ar\/noticias\/\",\"logo\":{\"@type\":\"ImageObject\",\"inLanguage\":\"es-AR\",\"@id\":\"https:\/\/web.consaguirre.com.ar\/noticias\/#\/schema\/logo\/image\/\",\"url\":\"https:\/\/web.consaguirre.com.ar\/noticias\/wp-content\/uploads\/2024\/08\/Banner-Aguirre-23.jpg\",\"contentUrl\":\"https:\/\/web.consaguirre.com.ar\/noticias\/wp-content\/uploads\/2024\/08\/Banner-Aguirre-23.jpg\",\"width\":1192,\"height\":600,\"caption\":\"Conservatorio de M\u00fasica Juli\u00e1n Aguirre\"},\"image\":{\"@id\":\"https:\/\/web.consaguirre.com.ar\/noticias\/#\/schema\/logo\/image\/\"}},{\"@type\":\"Person\",\"@id\":\"https:\/\/web.consaguirre.com.ar\/noticias\/#\/schema\/person\/6558b0cfedee7ddc5425602b237d5722\",\"name\":\"Javier Figueroa\",\"image\":{\"@type\":\"ImageObject\",\"inLanguage\":\"es-AR\",\"@id\":\"https:\/\/web.consaguirre.com.ar\/noticias\/#\/schema\/person\/image\/\",\"url\":\"https:\/\/web.consaguirre.com.ar\/noticias\/wp-content\/uploads\/2024\/08\/Consaguirre-scaled.jpg\",\"contentUrl\":\"https:\/\/web.consaguirre.com.ar\/noticias\/wp-content\/uploads\/2024\/08\/Consaguirre-scaled.jpg\",\"caption\":\"Javier Figueroa\"},\"description\":\"Me llamo Javier Figueroa y soy redactor para el sitio oficial del Conservatorio de M\u00fasica Juli\u00e1n Aguirre en Buenos Aires, consaguirre.com. Apasionado por la m\u00fasica y la escritura, me esfuerzo por destacar los talentos y eventos de nuestra prestigiosa instituci\u00f3n. Mi trayectoria se nutre de una profunda admiraci\u00f3n por los artistas, haciendo de cada art\u00edculo una celebraci\u00f3n de la creatividad y la cultura musical.\",\"sameAs\":[\"https:\/\/web.consaguirre.com.ar\/noticias\"]}]}<\/script>\n<!-- \/ Yoast SEO plugin. -->","yoast_head_json":{"title":"The Cure lanza nueva canci\u00f3n 'A Fragile Thing'","robots":{"index":"index","follow":"follow","max-snippet":"max-snippet:-1","max-image-preview":"max-image-preview:large","max-video-preview":"max-video-preview:-1"},"canonical":"https:\/\/web.consaguirre.com.ar\/noticias\/the-cure-lanza-nueva-cancion-a-fragile-thing\/","og_locale":"es_ES","og_type":"article","og_title":"The Cure lanza nueva canci\u00f3n 'A Fragile Thing'","og_description":"La curaEl pr\u00f3ximo \u00e1lbum de est\u00e1 cada vez m\u00e1s cerca con el lanzamiento de \u201cA Fragile Thing\u201d. La canci\u00f3n es el segundo sencillo de su","og_url":"https:\/\/web.consaguirre.com.ar\/noticias\/the-cure-lanza-nueva-cancion-a-fragile-thing\/","og_site_name":"Conservatorio de M\u00fasica Juli\u00e1n Aguirre","article_published_time":"2024-10-10T17:43:55+00:00","article_modified_time":"2024-10-10T17:43:56+00:00","og_image":[{"width":1280,"height":1280,"url":"https:\/\/web.consaguirre.com.ar\/noticias\/wp-content\/uploads\/2024\/10\/The-Cure-lanza-nueva-cancion-A-Fragile-Thing.jpg","type":"image\/jpeg"}],"author":"Javier Figueroa","twitter_card":"summary_large_image","twitter_misc":{"Escrito por":"Javier Figueroa","Tiempo de lectura":"2 minutos"},"schema":{"@context":"https:\/\/schema.org","@graph":[{"@type":"Article","@id":"https:\/\/web.consaguirre.com.ar\/noticias\/the-cure-lanza-nueva-cancion-a-fragile-thing\/#article","isPartOf":{"@id":"https:\/\/web.consaguirre.com.ar\/noticias\/the-cure-lanza-nueva-cancion-a-fragile-thing\/"},"author":{"name":"Javier Figueroa","@id":"https:\/\/web.consaguirre.com.ar\/noticias\/#\/schema\/person\/6558b0cfedee7ddc5425602b237d5722"},"headline":"The Cure lanza nueva canci\u00f3n &#8216;A Fragile Thing&#8217;","datePublished":"2024-10-10T17:43:55+00:00","dateModified":"2024-10-10T17:43:56+00:00","mainEntityOfPage":{"@id":"https:\/\/web.consaguirre.com.ar\/noticias\/the-cure-lanza-nueva-cancion-a-fragile-thing\/"},"wordCount":384,"publisher":{"@id":"https:\/\/web.consaguirre.com.ar\/noticias\/#organization"},"image":{"@id":"https:\/\/web.consaguirre.com.ar\/noticias\/the-cure-lanza-nueva-cancion-a-fragile-thing\/#primaryimage"},"thumbnailUrl":"https:\/\/web.consaguirre.com.ar\/noticias\/wp-content\/uploads\/2024\/10\/The-Cure-lanza-nueva-cancion-A-Fragile-Thing.jpg","keywords":["canci\u00f3n","Cure","Fragile","lanza","nueva"],"articleSection":["El \u00faltimo"],"inLanguage":"es-AR"},{"@type":"WebPage","@id":"https:\/\/web.consaguirre.com.ar\/noticias\/the-cure-lanza-nueva-cancion-a-fragile-thing\/","url":"https:\/\/web.consaguirre.com.ar\/noticias\/the-cure-lanza-nueva-cancion-a-fragile-thing\/","name":"The Cure lanza nueva canci\u00f3n 'A Fragile Thing'","isPartOf":{"@id":"https:\/\/web.consaguirre.com.ar\/noticias\/#website"},"primaryImageOfPage":{"@id":"https:\/\/web.consaguirre.com.ar\/noticias\/the-cure-lanza-nueva-cancion-a-fragile-thing\/#primaryimage"},"image":{"@id":"https:\/\/web.consaguirre.com.ar\/noticias\/the-cure-lanza-nueva-cancion-a-fragile-thing\/#primaryimage"},"thumbnailUrl":"https:\/\/web.consaguirre.com.ar\/noticias\/wp-content\/uploads\/2024\/10\/The-Cure-lanza-nueva-cancion-A-Fragile-Thing.jpg","datePublished":"2024-10-10T17:43:55+00:00","dateModified":"2024-10-10T17:43:56+00:00","breadcrumb":{"@id":"https:\/\/web.consaguirre.com.ar\/noticias\/the-cure-lanza-nueva-cancion-a-fragile-thing\/#breadcrumb"},"inLanguage":"es-AR","potentialAction":[{"@type":"ReadAction","target":["https:\/\/web.consaguirre.com.ar\/noticias\/the-cure-lanza-nueva-cancion-a-fragile-thing\/"]}]},{"@type":"ImageObject","inLanguage":"es-AR","@id":"https:\/\/web.consaguirre.com.ar\/noticias\/the-cure-lanza-nueva-cancion-a-fragile-thing\/#primaryimage","url":"https:\/\/web.consaguirre.com.ar\/noticias\/wp-content\/uploads\/2024\/10\/The-Cure-lanza-nueva-cancion-A-Fragile-Thing.jpg","contentUrl":"https:\/\/web.consaguirre.com.ar\/noticias\/wp-content\/uploads\/2024\/10\/The-Cure-lanza-nueva-cancion-A-Fragile-Thing.jpg","width":1280,"height":1280,"caption":"The Cure lanza nueva canci\u00f3n 'A Fragile Thing'"},{"@type":"BreadcrumbList","@id":"https:\/\/web.consaguirre.com.ar\/noticias\/the-cure-lanza-nueva-cancion-a-fragile-thing\/#breadcrumb","itemListElement":[{"@type":"ListItem","position":1,"name":"Inicio","item":"https:\/\/web.consaguirre.com.ar\/noticias\/"},{"@type":"ListItem","position":2,"name":"The Cure lanza nueva canci\u00f3n &#8216;A Fragile Thing&#8217;"}]},{"@type":"WebSite","@id":"https:\/\/web.consaguirre.com.ar\/noticias\/#website","url":"https:\/\/web.consaguirre.com.ar\/noticias\/","name":"Conservatorio de M\u00fasica Juli\u00e1n Aguirre","description":"","publisher":{"@id":"https:\/\/web.consaguirre.com.ar\/noticias\/#organization"},"potentialAction":[{"@type":"SearchAction","target":{"@type":"EntryPoint","urlTemplate":"https:\/\/web.consaguirre.com.ar\/noticias\/?s={search_term_string}"},"query-input":"required name=search_term_string"}],"inLanguage":"es-AR"},{"@type":"Organization","@id":"https:\/\/web.consaguirre.com.ar\/noticias\/#organization","name":"Conservatorio de M\u00fasica Juli\u00e1n Aguirre","url":"https:\/\/web.consaguirre.com.ar\/noticias\/","logo":{"@type":"ImageObject","inLanguage":"es-AR","@id":"https:\/\/web.consaguirre.com.ar\/noticias\/#\/schema\/logo\/image\/","url":"https:\/\/web.consaguirre.com.ar\/noticias\/wp-content\/uploads\/2024\/08\/Banner-Aguirre-23.jpg","contentUrl":"https:\/\/web.consaguirre.com.ar\/noticias\/wp-content\/uploads\/2024\/08\/Banner-Aguirre-23.jpg","width":1192,"height":600,"caption":"Conservatorio de M\u00fasica Juli\u00e1n Aguirre"},"image":{"@id":"https:\/\/web.consaguirre.com.ar\/noticias\/#\/schema\/logo\/image\/"}},{"@type":"Person","@id":"https:\/\/web.consaguirre.com.ar\/noticias\/#\/schema\/person\/6558b0cfedee7ddc5425602b237d5722","name":"Javier Figueroa","image":{"@type":"ImageObject","inLanguage":"es-AR","@id":"https:\/\/web.consaguirre.com.ar\/noticias\/#\/schema\/person\/image\/","url":"https:\/\/web.consaguirre.com.ar\/noticias\/wp-content\/uploads\/2024\/08\/Consaguirre-scaled.jpg","contentUrl":"https:\/\/web.consaguirre.com.ar\/noticias\/wp-content\/uploads\/2024\/08\/Consaguirre-scaled.jpg","caption":"Javier Figueroa"},"description":"Me llamo Javier Figueroa y soy redactor para el sitio oficial del Conservatorio de M\u00fasica Juli\u00e1n Aguirre en Buenos Aires, consaguirre.com. Apasionado por la m\u00fasica y la escritura, me esfuerzo por destacar los talentos y eventos de nuestra prestigiosa instituci\u00f3n. Mi trayectoria se nutre de una profunda admiraci\u00f3n por los artistas, haciendo de cada art\u00edculo una celebraci\u00f3n de la creatividad y la cultura musical.","sameAs":["https:\/\/web.consaguirre.com.ar\/noticias"]}]}},"_links":{"self":[{"href":"https:\/\/web.consaguirre.com.ar\/noticias\/wp-json\/wp\/v2\/posts\/809"}],"collection":[{"href":"https:\/\/web.consaguirre.com.ar\/noticias\/wp-json\/wp\/v2\/posts"}],"about":[{"href":"https:\/\/web.consaguirre.com.ar\/noticias\/wp-json\/wp\/v2\/types\/post"}],"author":[{"embeddable":true,"href":"https:\/\/web.consaguirre.com.ar\/noticias\/wp-json\/wp\/v2\/users\/1"}],"replies":[{"embeddable":true,"href":"https:\/\/web.consaguirre.com.ar\/noticias\/wp-json\/wp\/v2\/comments?post=809"}],"version-history":[{"count":1,"href":"https:\/\/web.consaguirre.com.ar\/noticias\/wp-json\/wp\/v2\/posts\/809\/revisions"}],"predecessor-version":[{"id":811,"href":"https:\/\/web.consaguirre.com.ar\/noticias\/wp-json\/wp\/v2\/posts\/809\/revisions\/811"}],"wp:featuredmedia":[{"embeddable":true,"href":"https:\/\/web.consaguirre.com.ar\/noticias\/wp-json\/wp\/v2\/media\/810"}],"wp:attachment":[{"href":"https:\/\/web.consaguirre.com.ar\/noticias\/wp-json\/wp\/v2\/media?parent=809"}],"wp:term":[{"taxonomy":"category","embeddable":true,"href":"https:\/\/web.consaguirre.com.ar\/noticias\/wp-json\/wp\/v2\/categories?post=809"},{"taxonomy":"post_tag","embeddable":true,"href":"https:\/\/web.consaguirre.com.ar\/noticias\/wp-json\/wp\/v2\/tags?post=809"}],"curies":[{"name":"wp","href":"https:\/\/api.w.org\/{rel}","templated":true}]}}