{"id":7816,"date":"2026-09-06T11:38:07","date_gmt":"2026-09-06T14:38:07","guid":{"rendered":"https:\/\/web.consaguirre.com.ar\/noticias\/karrahbooo-lanza-su-ep-debut-en-solitario-not-da-2\/"},"modified":"2026-09-06T11:38:08","modified_gmt":"2026-09-06T14:38:08","slug":"karrahbooo-lanza-su-ep-debut-en-solitario-not-da-2","status":"publish","type":"post","link":"https:\/\/web.consaguirre.com.ar\/noticias\/karrahbooo-lanza-su-ep-debut-en-solitario-not-da-2\/","title":{"rendered":"Karrahbooo lanza su EP debut en solitario &#8216;Not Da 2!&#8217;"},"content":{"rendered":"<p>La rapera de Atlanta Karrahbooo ha lanzado su EP debut en solitario, <i>\u00a1No Da 2!<\/i>hoy. El proyecto de 11 pistas incluye \u201cWYO\u201d con Monaleo, junto con colaboraciones con Lil Yachty, K3 y Zukenee. El EP sigue a una serie de sencillos que Karrahbooo lanz\u00f3 a lo largo de 2026 mientras preparaba su primer proyecto en solitario.<\/p>\n<div class=\"uD-YT-container\"><img decoding=\"async\" src=\"https:\/\/web.consaguirre.com.ar\/noticias\/wp-content\/uploads\/2026\/09\/1788705487_532_Karrahbooo-lanza-su-EP-debut-en-solitario-Not-Da-2.jpg\" alt=\"V\u00eddeo de YouTube\"><br \/>Haga clic para cargar v\u00eddeo<\/div>\n<p>&#8220;Esto es todo en lo que he estado trabajando durante los \u00faltimos dos a\u00f1os&#8221;, explic\u00f3 Karrahbooo en un comunicado de prensa. &#8220;Estoy feliz de que todos finalmente puedan escucharme de verdad y escuchar lo que he estado creando. Estoy orgulloso de ello, pero esto es s\u00f3lo el comienzo para m\u00ed&#8221;. Monaleo aparece en \u201cWYO\u201d, mientras que Lil Yachty se une a Karrahbooo en \u201cPatched It Up\u201d. K3 aparece en \u201cMake Her Dance\u201d y Zukenee aparece en \u201cKeep Up W Me\u201d. La lista de canciones tambi\u00e9n incluye \u201cInside the Booth\u201d, \u201cPull a Luh Band Out\u201d, \u201cNo Hook\u201d, \u201cWYD\u201d, \u201cSwerve\u201d, \u201cUnderstand Me\u201d y el tema de cierre \u201cDo U 1 Better\u201d.<\/p>\n<p>Antes de comenzar su carrera discogr\u00e1fica, Karrahbooo trabaj\u00f3 como DJ en clubes y fiestas. Grab\u00f3 \u201cMONEY COUNTER\u201d en 2022 y luego llam\u00f3 la atenci\u00f3n con lanzamientos que incluyen \u201cBox the 40\u201d y \u201cRunning Late\u201d, as\u00ed como una serie de estilos libres \u201cOn The Radar\u201d. El EP sigue a varios lanzamientos y apariciones de Karrahbooo durante el a\u00f1o pasado. En julio de 2026, lanz\u00f3 \u201cKEEP UP W ME\u201d con Zukenee, luego del sencillo de primavera \u201cWYD\u201d. En mayo, Lil Yachty llev\u00f3 a Karrahbooo al escenario durante la \u00faltima noche de su gira Concrete Boys en el Center Stage de Atlanta. Tambi\u00e9n lanz\u00f3 \u201cFREE BOOO\u201d en 2025, que The FADER incluy\u00f3 entre sus mejores canciones de rap de octubre de 2025. El historial de giras de Karrahbooo incluye giras con Latto, Mariah The Scientist y Key Glock, junto con apariciones en Coachella, Rolling Loud Miami y Lyrical Lemonade Summer Smash.<\/p><\/p>\n","protected":false},"excerpt":{"rendered":"<p>La rapera de Atlanta Karrahbooo ha lanzado su EP debut en solitario, \u00a1No Da 2!hoy. El proyecto de 11 pistas incluye \u201cWYO\u201d con Monaleo, junto<\/p>\n","protected":false},"author":1,"featured_media":7817,"comment_status":"closed","ping_status":"","sticky":false,"template":"","format":"standard","meta":{"footnotes":""},"categories":[50],"tags":[257,4158,218,1844],"class_list":["post-7816","post","type-post","status-publish","format-standard","has-post-thumbnail","hentry","category-el-ultimo","tag-debut","tag-karrahbooo","tag-lanza","tag-solitario","generate-columns","tablet-grid-50","mobile-grid-100","grid-parent","grid-50"],"yoast_head":"<!-- This site is optimized with the Yoast SEO plugin v23.3 - https:\/\/yoast.com\/wordpress\/plugins\/seo\/ -->\n<title>Karrahbooo lanza su EP debut en solitario &#039;Not Da 2!&#039;<\/title>\n<meta name=\"robots\" content=\"index, follow, max-snippet:-1, max-image-preview:large, max-video-preview:-1\" \/>\n<link rel=\"canonical\" href=\"https:\/\/web.consaguirre.com.ar\/noticias\/karrahbooo-lanza-su-ep-debut-en-solitario-not-da-2\/\" \/>\n<meta property=\"og:locale\" content=\"es_ES\" \/>\n<meta property=\"og:type\" content=\"article\" \/>\n<meta property=\"og:title\" content=\"Karrahbooo lanza su EP debut en solitario &#039;Not Da 2!&#039;\" \/>\n<meta property=\"og:description\" content=\"La rapera de Atlanta Karrahbooo ha lanzado su EP debut en solitario, \u00a1No Da 2!hoy. El proyecto de 11 pistas incluye \u201cWYO\u201d con Monaleo, junto\" \/>\n<meta property=\"og:url\" content=\"https:\/\/web.consaguirre.com.ar\/noticias\/karrahbooo-lanza-su-ep-debut-en-solitario-not-da-2\/\" \/>\n<meta property=\"og:site_name\" content=\"Conservatorio de M\u00fasica Juli\u00e1n Aguirre\" \/>\n<meta property=\"article:published_time\" content=\"2026-09-06T14:38:07+00:00\" \/>\n<meta property=\"article:modified_time\" content=\"2026-09-06T14:38:08+00:00\" \/>\n<meta property=\"og:image\" content=\"https:\/\/web.consaguirre.com.ar\/noticias\/wp-content\/uploads\/2026\/09\/Karrahbooo-lanza-su-EP-debut-en-solitario-Not-Da-2.jpg\" \/>\n\t<meta property=\"og:image:width\" content=\"820\" \/>\n\t<meta property=\"og:image:height\" content=\"820\" \/>\n\t<meta property=\"og:image:type\" content=\"image\/jpeg\" \/>\n<meta name=\"author\" content=\"Javier Figueroa\" \/>\n<meta name=\"twitter:card\" content=\"summary_large_image\" \/>\n<meta name=\"twitter:label1\" content=\"Escrito por\" \/>\n\t<meta name=\"twitter:data1\" content=\"Javier Figueroa\" \/>\n\t<meta name=\"twitter:label2\" content=\"Tiempo de lectura\" \/>\n\t<meta name=\"twitter:data2\" content=\"2 minutos\" \/>\n<script type=\"application\/ld+json\" class=\"yoast-schema-graph\">{\"@context\":\"https:\/\/schema.org\",\"@graph\":[{\"@type\":\"Article\",\"@id\":\"https:\/\/web.consaguirre.com.ar\/noticias\/karrahbooo-lanza-su-ep-debut-en-solitario-not-da-2\/#article\",\"isPartOf\":{\"@id\":\"https:\/\/web.consaguirre.com.ar\/noticias\/karrahbooo-lanza-su-ep-debut-en-solitario-not-da-2\/\"},\"author\":{\"name\":\"Javier Figueroa\",\"@id\":\"https:\/\/web.consaguirre.com.ar\/noticias\/#\/schema\/person\/6558b0cfedee7ddc5425602b237d5722\"},\"headline\":\"Karrahbooo lanza su EP debut en solitario &#8216;Not Da 2!&#8217;\",\"datePublished\":\"2026-09-06T14:38:07+00:00\",\"dateModified\":\"2026-09-06T14:38:08+00:00\",\"mainEntityOfPage\":{\"@id\":\"https:\/\/web.consaguirre.com.ar\/noticias\/karrahbooo-lanza-su-ep-debut-en-solitario-not-da-2\/\"},\"wordCount\":327,\"publisher\":{\"@id\":\"https:\/\/web.consaguirre.com.ar\/noticias\/#organization\"},\"image\":{\"@id\":\"https:\/\/web.consaguirre.com.ar\/noticias\/karrahbooo-lanza-su-ep-debut-en-solitario-not-da-2\/#primaryimage\"},\"thumbnailUrl\":\"https:\/\/web.consaguirre.com.ar\/noticias\/wp-content\/uploads\/2026\/09\/Karrahbooo-lanza-su-EP-debut-en-solitario-Not-Da-2.jpg\",\"keywords\":[\"debut\",\"Karrahbooo\",\"lanza\",\"solitario\"],\"articleSection\":[\"El \u00faltimo\"],\"inLanguage\":\"es-AR\"},{\"@type\":\"WebPage\",\"@id\":\"https:\/\/web.consaguirre.com.ar\/noticias\/karrahbooo-lanza-su-ep-debut-en-solitario-not-da-2\/\",\"url\":\"https:\/\/web.consaguirre.com.ar\/noticias\/karrahbooo-lanza-su-ep-debut-en-solitario-not-da-2\/\",\"name\":\"Karrahbooo lanza su EP debut en solitario 'Not Da 2!'\",\"isPartOf\":{\"@id\":\"https:\/\/web.consaguirre.com.ar\/noticias\/#website\"},\"primaryImageOfPage\":{\"@id\":\"https:\/\/web.consaguirre.com.ar\/noticias\/karrahbooo-lanza-su-ep-debut-en-solitario-not-da-2\/#primaryimage\"},\"image\":{\"@id\":\"https:\/\/web.consaguirre.com.ar\/noticias\/karrahbooo-lanza-su-ep-debut-en-solitario-not-da-2\/#primaryimage\"},\"thumbnailUrl\":\"https:\/\/web.consaguirre.com.ar\/noticias\/wp-content\/uploads\/2026\/09\/Karrahbooo-lanza-su-EP-debut-en-solitario-Not-Da-2.jpg\",\"datePublished\":\"2026-09-06T14:38:07+00:00\",\"dateModified\":\"2026-09-06T14:38:08+00:00\",\"breadcrumb\":{\"@id\":\"https:\/\/web.consaguirre.com.ar\/noticias\/karrahbooo-lanza-su-ep-debut-en-solitario-not-da-2\/#breadcrumb\"},\"inLanguage\":\"es-AR\",\"potentialAction\":[{\"@type\":\"ReadAction\",\"target\":[\"https:\/\/web.consaguirre.com.ar\/noticias\/karrahbooo-lanza-su-ep-debut-en-solitario-not-da-2\/\"]}]},{\"@type\":\"ImageObject\",\"inLanguage\":\"es-AR\",\"@id\":\"https:\/\/web.consaguirre.com.ar\/noticias\/karrahbooo-lanza-su-ep-debut-en-solitario-not-da-2\/#primaryimage\",\"url\":\"https:\/\/web.consaguirre.com.ar\/noticias\/wp-content\/uploads\/2026\/09\/Karrahbooo-lanza-su-EP-debut-en-solitario-Not-Da-2.jpg\",\"contentUrl\":\"https:\/\/web.consaguirre.com.ar\/noticias\/wp-content\/uploads\/2026\/09\/Karrahbooo-lanza-su-EP-debut-en-solitario-Not-Da-2.jpg\",\"width\":820,\"height\":820,\"caption\":\"Karrahbooo lanza su EP debut en solitario 'Not Da 2!'\"},{\"@type\":\"BreadcrumbList\",\"@id\":\"https:\/\/web.consaguirre.com.ar\/noticias\/karrahbooo-lanza-su-ep-debut-en-solitario-not-da-2\/#breadcrumb\",\"itemListElement\":[{\"@type\":\"ListItem\",\"position\":1,\"name\":\"Inicio\",\"item\":\"https:\/\/web.consaguirre.com.ar\/noticias\/\"},{\"@type\":\"ListItem\",\"position\":2,\"name\":\"Karrahbooo lanza su EP debut en solitario &#8216;Not Da 2!&#8217;\"}]},{\"@type\":\"WebSite\",\"@id\":\"https:\/\/web.consaguirre.com.ar\/noticias\/#website\",\"url\":\"https:\/\/web.consaguirre.com.ar\/noticias\/\",\"name\":\"Conservatorio de M\u00fasica Juli\u00e1n Aguirre\",\"description\":\"\",\"publisher\":{\"@id\":\"https:\/\/web.consaguirre.com.ar\/noticias\/#organization\"},\"potentialAction\":[{\"@type\":\"SearchAction\",\"target\":{\"@type\":\"EntryPoint\",\"urlTemplate\":\"https:\/\/web.consaguirre.com.ar\/noticias\/?s={search_term_string}\"},\"query-input\":\"required name=search_term_string\"}],\"inLanguage\":\"es-AR\"},{\"@type\":\"Organization\",\"@id\":\"https:\/\/web.consaguirre.com.ar\/noticias\/#organization\",\"name\":\"Conservatorio de M\u00fasica Juli\u00e1n Aguirre\",\"url\":\"https:\/\/web.consaguirre.com.ar\/noticias\/\",\"logo\":{\"@type\":\"ImageObject\",\"inLanguage\":\"es-AR\",\"@id\":\"https:\/\/web.consaguirre.com.ar\/noticias\/#\/schema\/logo\/image\/\",\"url\":\"https:\/\/web.consaguirre.com.ar\/noticias\/wp-content\/uploads\/2024\/08\/Banner-Aguirre-23.jpg\",\"contentUrl\":\"https:\/\/web.consaguirre.com.ar\/noticias\/wp-content\/uploads\/2024\/08\/Banner-Aguirre-23.jpg\",\"width\":1192,\"height\":600,\"caption\":\"Conservatorio de M\u00fasica Juli\u00e1n Aguirre\"},\"image\":{\"@id\":\"https:\/\/web.consaguirre.com.ar\/noticias\/#\/schema\/logo\/image\/\"}},{\"@type\":\"Person\",\"@id\":\"https:\/\/web.consaguirre.com.ar\/noticias\/#\/schema\/person\/6558b0cfedee7ddc5425602b237d5722\",\"name\":\"Javier Figueroa\",\"image\":{\"@type\":\"ImageObject\",\"inLanguage\":\"es-AR\",\"@id\":\"https:\/\/web.consaguirre.com.ar\/noticias\/#\/schema\/person\/image\/\",\"url\":\"https:\/\/web.consaguirre.com.ar\/noticias\/wp-content\/uploads\/2024\/08\/Consaguirre-scaled.jpg\",\"contentUrl\":\"https:\/\/web.consaguirre.com.ar\/noticias\/wp-content\/uploads\/2024\/08\/Consaguirre-scaled.jpg\",\"caption\":\"Javier Figueroa\"},\"description\":\"Me llamo Javier Figueroa y soy redactor para el sitio oficial del Conservatorio de M\u00fasica Juli\u00e1n Aguirre en Buenos Aires, consaguirre.com. Apasionado por la m\u00fasica y la escritura, me esfuerzo por destacar los talentos y eventos de nuestra prestigiosa instituci\u00f3n. Mi trayectoria se nutre de una profunda admiraci\u00f3n por los artistas, haciendo de cada art\u00edculo una celebraci\u00f3n de la creatividad y la cultura musical.\",\"sameAs\":[\"https:\/\/web.consaguirre.com.ar\/noticias\"]}]}<\/script>\n<!-- \/ Yoast SEO plugin. -->","yoast_head_json":{"title":"Karrahbooo lanza su EP debut en solitario 'Not Da 2!'","robots":{"index":"index","follow":"follow","max-snippet":"max-snippet:-1","max-image-preview":"max-image-preview:large","max-video-preview":"max-video-preview:-1"},"canonical":"https:\/\/web.consaguirre.com.ar\/noticias\/karrahbooo-lanza-su-ep-debut-en-solitario-not-da-2\/","og_locale":"es_ES","og_type":"article","og_title":"Karrahbooo lanza su EP debut en solitario 'Not Da 2!'","og_description":"La rapera de Atlanta Karrahbooo ha lanzado su EP debut en solitario, \u00a1No Da 2!hoy. El proyecto de 11 pistas incluye \u201cWYO\u201d con Monaleo, junto","og_url":"https:\/\/web.consaguirre.com.ar\/noticias\/karrahbooo-lanza-su-ep-debut-en-solitario-not-da-2\/","og_site_name":"Conservatorio de M\u00fasica Juli\u00e1n Aguirre","article_published_time":"2026-09-06T14:38:07+00:00","article_modified_time":"2026-09-06T14:38:08+00:00","og_image":[{"width":820,"height":820,"url":"https:\/\/web.consaguirre.com.ar\/noticias\/wp-content\/uploads\/2026\/09\/Karrahbooo-lanza-su-EP-debut-en-solitario-Not-Da-2.jpg","type":"image\/jpeg"}],"author":"Javier Figueroa","twitter_card":"summary_large_image","twitter_misc":{"Escrito por":"Javier Figueroa","Tiempo de lectura":"2 minutos"},"schema":{"@context":"https:\/\/schema.org","@graph":[{"@type":"Article","@id":"https:\/\/web.consaguirre.com.ar\/noticias\/karrahbooo-lanza-su-ep-debut-en-solitario-not-da-2\/#article","isPartOf":{"@id":"https:\/\/web.consaguirre.com.ar\/noticias\/karrahbooo-lanza-su-ep-debut-en-solitario-not-da-2\/"},"author":{"name":"Javier Figueroa","@id":"https:\/\/web.consaguirre.com.ar\/noticias\/#\/schema\/person\/6558b0cfedee7ddc5425602b237d5722"},"headline":"Karrahbooo lanza su EP debut en solitario &#8216;Not Da 2!&#8217;","datePublished":"2026-09-06T14:38:07+00:00","dateModified":"2026-09-06T14:38:08+00:00","mainEntityOfPage":{"@id":"https:\/\/web.consaguirre.com.ar\/noticias\/karrahbooo-lanza-su-ep-debut-en-solitario-not-da-2\/"},"wordCount":327,"publisher":{"@id":"https:\/\/web.consaguirre.com.ar\/noticias\/#organization"},"image":{"@id":"https:\/\/web.consaguirre.com.ar\/noticias\/karrahbooo-lanza-su-ep-debut-en-solitario-not-da-2\/#primaryimage"},"thumbnailUrl":"https:\/\/web.consaguirre.com.ar\/noticias\/wp-content\/uploads\/2026\/09\/Karrahbooo-lanza-su-EP-debut-en-solitario-Not-Da-2.jpg","keywords":["debut","Karrahbooo","lanza","solitario"],"articleSection":["El \u00faltimo"],"inLanguage":"es-AR"},{"@type":"WebPage","@id":"https:\/\/web.consaguirre.com.ar\/noticias\/karrahbooo-lanza-su-ep-debut-en-solitario-not-da-2\/","url":"https:\/\/web.consaguirre.com.ar\/noticias\/karrahbooo-lanza-su-ep-debut-en-solitario-not-da-2\/","name":"Karrahbooo lanza su EP debut en solitario 'Not Da 2!'","isPartOf":{"@id":"https:\/\/web.consaguirre.com.ar\/noticias\/#website"},"primaryImageOfPage":{"@id":"https:\/\/web.consaguirre.com.ar\/noticias\/karrahbooo-lanza-su-ep-debut-en-solitario-not-da-2\/#primaryimage"},"image":{"@id":"https:\/\/web.consaguirre.com.ar\/noticias\/karrahbooo-lanza-su-ep-debut-en-solitario-not-da-2\/#primaryimage"},"thumbnailUrl":"https:\/\/web.consaguirre.com.ar\/noticias\/wp-content\/uploads\/2026\/09\/Karrahbooo-lanza-su-EP-debut-en-solitario-Not-Da-2.jpg","datePublished":"2026-09-06T14:38:07+00:00","dateModified":"2026-09-06T14:38:08+00:00","breadcrumb":{"@id":"https:\/\/web.consaguirre.com.ar\/noticias\/karrahbooo-lanza-su-ep-debut-en-solitario-not-da-2\/#breadcrumb"},"inLanguage":"es-AR","potentialAction":[{"@type":"ReadAction","target":["https:\/\/web.consaguirre.com.ar\/noticias\/karrahbooo-lanza-su-ep-debut-en-solitario-not-da-2\/"]}]},{"@type":"ImageObject","inLanguage":"es-AR","@id":"https:\/\/web.consaguirre.com.ar\/noticias\/karrahbooo-lanza-su-ep-debut-en-solitario-not-da-2\/#primaryimage","url":"https:\/\/web.consaguirre.com.ar\/noticias\/wp-content\/uploads\/2026\/09\/Karrahbooo-lanza-su-EP-debut-en-solitario-Not-Da-2.jpg","contentUrl":"https:\/\/web.consaguirre.com.ar\/noticias\/wp-content\/uploads\/2026\/09\/Karrahbooo-lanza-su-EP-debut-en-solitario-Not-Da-2.jpg","width":820,"height":820,"caption":"Karrahbooo lanza su EP debut en solitario 'Not Da 2!'"},{"@type":"BreadcrumbList","@id":"https:\/\/web.consaguirre.com.ar\/noticias\/karrahbooo-lanza-su-ep-debut-en-solitario-not-da-2\/#breadcrumb","itemListElement":[{"@type":"ListItem","position":1,"name":"Inicio","item":"https:\/\/web.consaguirre.com.ar\/noticias\/"},{"@type":"ListItem","position":2,"name":"Karrahbooo lanza su EP debut en solitario &#8216;Not Da 2!&#8217;"}]},{"@type":"WebSite","@id":"https:\/\/web.consaguirre.com.ar\/noticias\/#website","url":"https:\/\/web.consaguirre.com.ar\/noticias\/","name":"Conservatorio de M\u00fasica Juli\u00e1n Aguirre","description":"","publisher":{"@id":"https:\/\/web.consaguirre.com.ar\/noticias\/#organization"},"potentialAction":[{"@type":"SearchAction","target":{"@type":"EntryPoint","urlTemplate":"https:\/\/web.consaguirre.com.ar\/noticias\/?s={search_term_string}"},"query-input":"required name=search_term_string"}],"inLanguage":"es-AR"},{"@type":"Organization","@id":"https:\/\/web.consaguirre.com.ar\/noticias\/#organization","name":"Conservatorio de M\u00fasica Juli\u00e1n Aguirre","url":"https:\/\/web.consaguirre.com.ar\/noticias\/","logo":{"@type":"ImageObject","inLanguage":"es-AR","@id":"https:\/\/web.consaguirre.com.ar\/noticias\/#\/schema\/logo\/image\/","url":"https:\/\/web.consaguirre.com.ar\/noticias\/wp-content\/uploads\/2024\/08\/Banner-Aguirre-23.jpg","contentUrl":"https:\/\/web.consaguirre.com.ar\/noticias\/wp-content\/uploads\/2024\/08\/Banner-Aguirre-23.jpg","width":1192,"height":600,"caption":"Conservatorio de M\u00fasica Juli\u00e1n Aguirre"},"image":{"@id":"https:\/\/web.consaguirre.com.ar\/noticias\/#\/schema\/logo\/image\/"}},{"@type":"Person","@id":"https:\/\/web.consaguirre.com.ar\/noticias\/#\/schema\/person\/6558b0cfedee7ddc5425602b237d5722","name":"Javier Figueroa","image":{"@type":"ImageObject","inLanguage":"es-AR","@id":"https:\/\/web.consaguirre.com.ar\/noticias\/#\/schema\/person\/image\/","url":"https:\/\/web.consaguirre.com.ar\/noticias\/wp-content\/uploads\/2024\/08\/Consaguirre-scaled.jpg","contentUrl":"https:\/\/web.consaguirre.com.ar\/noticias\/wp-content\/uploads\/2024\/08\/Consaguirre-scaled.jpg","caption":"Javier Figueroa"},"description":"Me llamo Javier Figueroa y soy redactor para el sitio oficial del Conservatorio de M\u00fasica Juli\u00e1n Aguirre en Buenos Aires, consaguirre.com. Apasionado por la m\u00fasica y la escritura, me esfuerzo por destacar los talentos y eventos de nuestra prestigiosa instituci\u00f3n. Mi trayectoria se nutre de una profunda admiraci\u00f3n por los artistas, haciendo de cada art\u00edculo una celebraci\u00f3n de la creatividad y la cultura musical.","sameAs":["https:\/\/web.consaguirre.com.ar\/noticias"]}]}},"_links":{"self":[{"href":"https:\/\/web.consaguirre.com.ar\/noticias\/wp-json\/wp\/v2\/posts\/7816"}],"collection":[{"href":"https:\/\/web.consaguirre.com.ar\/noticias\/wp-json\/wp\/v2\/posts"}],"about":[{"href":"https:\/\/web.consaguirre.com.ar\/noticias\/wp-json\/wp\/v2\/types\/post"}],"author":[{"embeddable":true,"href":"https:\/\/web.consaguirre.com.ar\/noticias\/wp-json\/wp\/v2\/users\/1"}],"replies":[{"embeddable":true,"href":"https:\/\/web.consaguirre.com.ar\/noticias\/wp-json\/wp\/v2\/comments?post=7816"}],"version-history":[{"count":1,"href":"https:\/\/web.consaguirre.com.ar\/noticias\/wp-json\/wp\/v2\/posts\/7816\/revisions"}],"predecessor-version":[{"id":7818,"href":"https:\/\/web.consaguirre.com.ar\/noticias\/wp-json\/wp\/v2\/posts\/7816\/revisions\/7818"}],"wp:featuredmedia":[{"embeddable":true,"href":"https:\/\/web.consaguirre.com.ar\/noticias\/wp-json\/wp\/v2\/media\/7817"}],"wp:attachment":[{"href":"https:\/\/web.consaguirre.com.ar\/noticias\/wp-json\/wp\/v2\/media?parent=7816"}],"wp:term":[{"taxonomy":"category","embeddable":true,"href":"https:\/\/web.consaguirre.com.ar\/noticias\/wp-json\/wp\/v2\/categories?post=7816"},{"taxonomy":"post_tag","embeddable":true,"href":"https:\/\/web.consaguirre.com.ar\/noticias\/wp-json\/wp\/v2\/tags?post=7816"}],"curies":[{"name":"wp","href":"https:\/\/api.w.org\/{rel}","templated":true}]}}