{"id":7810,"date":"2026-09-06T03:38:20","date_gmt":"2026-09-06T06:38:20","guid":{"rendered":"https:\/\/web.consaguirre.com.ar\/noticias\/hildur-gudnadottir-amplia-floods-con-orquesta-completa\/"},"modified":"2026-09-06T03:38:22","modified_gmt":"2026-09-06T06:38:22","slug":"hildur-gudnadottir-amplia-floods-con-orquesta-completa","status":"publish","type":"post","link":"https:\/\/web.consaguirre.com.ar\/noticias\/hildur-gudnadottir-amplia-floods-con-orquesta-completa\/","title":{"rendered":"Hildur Gu\u00f0nad\u00f3ttir ampl\u00eda &#8216;Floods&#8217; con orquesta completa"},"content":{"rendered":"<p>Hildur Gu\u00f0nad\u00f3ttir ha lanzado \u201cFloods (Versi\u00f3n para orquesta)\u201d, la segunda reelaboraci\u00f3n orquestal compartida antes de su pr\u00f3ximo \u00e1lbum. <i>Estos seremos nosotros<\/i>. La nueva canci\u00f3n sigue a \u201cElevation (Version for Orchestra)\u201d de agosto, mientras que <i>Estos seremos nosotros<\/i> Su lanzamiento est\u00e1 previsto para el 23 de octubre de 2026. Ambas grabaciones se presentan como complementos independientes del \u00e1lbum mientras Gu\u00f0nad\u00f3ttir revisita la m\u00fasica de dos d\u00e9cadas de su carrera.<\/p>\n<div class=\"uD-YT-container\"><img decoding=\"async\" src=\"https:\/\/web.consaguirre.com.ar\/noticias\/wp-content\/uploads\/2026\/09\/1788676700_824_Hildur-Gudnadottir-amplia-Floods-con-orquesta-completa.jpg\" alt=\"V\u00eddeo de YouTube\"><br \/>Haga clic para cargar v\u00eddeo<\/div>\n<p>\u201cFloods (Versi\u00f3n para orquesta)\u201d fue grabada con el director Robert Ames y la Deutsches Symphonie-Orchester Berlin. Gu\u00f0nad\u00f3ttir toca el violonchelo solo en la canci\u00f3n y tambi\u00e9n se desempe\u00f1\u00f3 como productor, mientras que su colaborador Francesco Donadello grab\u00f3, mezcl\u00f3 y masteriz\u00f3 la nueva versi\u00f3n. El proyecto orquestal hace realidad una idea que, seg\u00fan Gu\u00f0nad\u00f3ttir, se remonta a sus discos anteriores. \u201cCuando estaba grabando mis \u00e1lbumes anteriores, tratando de ser una orquesta unipersonal, siempre so\u00f1\u00e9 con tener m\u00e1s gente tocando conmigo\u201d, dijo. \u201cAhora, veinte a\u00f1os despu\u00e9s, decid\u00ed hacer realidad este sue\u00f1o\u201d.<\/p>\n<p>El lanzamiento ser\u00e1 seguido por una serie de <i>Estos seremos nosotros<\/i> Las presentaciones comenzar\u00e1n en la \u00d3pera Den Norske de Oslo el 18 de octubre. Gu\u00f0nad\u00f3ttir luego actuar\u00e1 en la Filarm\u00f3nica de Berl\u00edn el 25 de octubre antes de la fecha del 5 de febrero de 2027 en De Singel en Amberes. Tambi\u00e9n est\u00e1 previsto el estreno de un programa STAGE+ centrado en el compositor island\u00e9s el 24 de octubre. El proyecto sigue el trabajo de Gu\u00f0nad\u00f3ttir en <i>Desde d\u00f3nde<\/i>que present\u00f3 en el Volksb\u00fchne de Berl\u00edn en noviembre de 2025.<\/p>\n<p>Gu\u00f0nad\u00f3ttir tambi\u00e9n ha compuesto la m\u00fasica de Benedict Andrews. <i>Electra\/Persona<\/i>protagonizada por Cate Blanchett, Nina Hoss y Ella Lily Hyland en el National Theatre de Londres hasta el 10 de octubre. El 10 de octubre, aparecer\u00e1 como Invitada de Honor en la 26\u00aa edici\u00f3n de los World Soundtrack Awards durante el Film Fest Gent, donde tambi\u00e9n est\u00e1 nominada a Compositor de Cine del A\u00f1o por su trabajo en <i>\u00a1La novia!<\/i>, <i>Hedda<\/i>y <i>28 a\u00f1os despu\u00e9s: el templo de hueso<\/i>. La World Soundtrack Academy nombr\u00f3 anteriormente a Gu\u00f0nad\u00f3ttir Compositor de Televisi\u00f3n del A\u00f1o en 2019 y Compositor de Cine del A\u00f1o en 2020.<\/p><\/p>\n","protected":false},"excerpt":{"rendered":"<p>Hildur Gu\u00f0nad\u00f3ttir ha lanzado \u201cFloods (Versi\u00f3n para orquesta)\u201d, la segunda reelaboraci\u00f3n orquestal compartida antes de su pr\u00f3ximo \u00e1lbum. Estos seremos nosotros. La nueva canci\u00f3n sigue<\/p>\n","protected":false},"author":1,"featured_media":7811,"comment_status":"closed","ping_status":"","sticky":false,"template":"","format":"standard","meta":{"footnotes":""},"categories":[50],"tags":[957,1735,32,5245,4508,4507,2457],"class_list":["post-7810","post","type-post","status-publish","format-standard","has-post-thumbnail","hentry","category-el-ultimo","tag-amplia","tag-completa","tag-con","tag-floods","tag-gudnadottir","tag-hildur","tag-orquesta","generate-columns","tablet-grid-50","mobile-grid-100","grid-parent","grid-50"],"yoast_head":"<!-- This site is optimized with the Yoast SEO plugin v23.3 - https:\/\/yoast.com\/wordpress\/plugins\/seo\/ -->\n<title>Hildur Gu\u00f0nad\u00f3ttir ampl\u00eda &#039;Floods&#039; con orquesta completa<\/title>\n<meta name=\"robots\" content=\"index, follow, max-snippet:-1, max-image-preview:large, max-video-preview:-1\" \/>\n<link rel=\"canonical\" href=\"https:\/\/web.consaguirre.com.ar\/noticias\/hildur-gudnadottir-amplia-floods-con-orquesta-completa\/\" \/>\n<meta property=\"og:locale\" content=\"es_ES\" \/>\n<meta property=\"og:type\" content=\"article\" \/>\n<meta property=\"og:title\" content=\"Hildur Gu\u00f0nad\u00f3ttir ampl\u00eda &#039;Floods&#039; con orquesta completa\" \/>\n<meta property=\"og:description\" content=\"Hildur Gu\u00f0nad\u00f3ttir ha lanzado \u201cFloods (Versi\u00f3n para orquesta)\u201d, la segunda reelaboraci\u00f3n orquestal compartida antes de su pr\u00f3ximo \u00e1lbum. Estos seremos nosotros. La nueva canci\u00f3n sigue\" \/>\n<meta property=\"og:url\" content=\"https:\/\/web.consaguirre.com.ar\/noticias\/hildur-gudnadottir-amplia-floods-con-orquesta-completa\/\" \/>\n<meta property=\"og:site_name\" content=\"Conservatorio de M\u00fasica Juli\u00e1n Aguirre\" \/>\n<meta property=\"article:published_time\" content=\"2026-09-06T06:38:20+00:00\" \/>\n<meta property=\"article:modified_time\" content=\"2026-09-06T06:38:22+00:00\" \/>\n<meta property=\"og:image\" content=\"https:\/\/web.consaguirre.com.ar\/noticias\/wp-content\/uploads\/2026\/09\/Hildur-Gudnadottir-amplia-Floods-con-orquesta-completa.jpg\" \/>\n\t<meta property=\"og:image:width\" content=\"820\" \/>\n\t<meta property=\"og:image:height\" content=\"820\" \/>\n\t<meta property=\"og:image:type\" content=\"image\/jpeg\" \/>\n<meta name=\"author\" content=\"Javier Figueroa\" \/>\n<meta name=\"twitter:card\" content=\"summary_large_image\" \/>\n<meta name=\"twitter:label1\" content=\"Escrito por\" \/>\n\t<meta name=\"twitter:data1\" content=\"Javier Figueroa\" \/>\n\t<meta name=\"twitter:label2\" content=\"Tiempo de lectura\" \/>\n\t<meta name=\"twitter:data2\" content=\"2 minutos\" \/>\n<script type=\"application\/ld+json\" class=\"yoast-schema-graph\">{\"@context\":\"https:\/\/schema.org\",\"@graph\":[{\"@type\":\"Article\",\"@id\":\"https:\/\/web.consaguirre.com.ar\/noticias\/hildur-gudnadottir-amplia-floods-con-orquesta-completa\/#article\",\"isPartOf\":{\"@id\":\"https:\/\/web.consaguirre.com.ar\/noticias\/hildur-gudnadottir-amplia-floods-con-orquesta-completa\/\"},\"author\":{\"name\":\"Javier Figueroa\",\"@id\":\"https:\/\/web.consaguirre.com.ar\/noticias\/#\/schema\/person\/6558b0cfedee7ddc5425602b237d5722\"},\"headline\":\"Hildur Gu\u00f0nad\u00f3ttir ampl\u00eda &#8216;Floods&#8217; con orquesta completa\",\"datePublished\":\"2026-09-06T06:38:20+00:00\",\"dateModified\":\"2026-09-06T06:38:22+00:00\",\"mainEntityOfPage\":{\"@id\":\"https:\/\/web.consaguirre.com.ar\/noticias\/hildur-gudnadottir-amplia-floods-con-orquesta-completa\/\"},\"wordCount\":399,\"publisher\":{\"@id\":\"https:\/\/web.consaguirre.com.ar\/noticias\/#organization\"},\"image\":{\"@id\":\"https:\/\/web.consaguirre.com.ar\/noticias\/hildur-gudnadottir-amplia-floods-con-orquesta-completa\/#primaryimage\"},\"thumbnailUrl\":\"https:\/\/web.consaguirre.com.ar\/noticias\/wp-content\/uploads\/2026\/09\/Hildur-Gudnadottir-amplia-Floods-con-orquesta-completa.jpg\",\"keywords\":[\"ampl\u00eda\",\"Completa\",\"con\",\"Floods\",\"Gu\u00f0nad\u00f3ttir\",\"Hildur\",\"Orquesta\"],\"articleSection\":[\"El \u00faltimo\"],\"inLanguage\":\"es-AR\"},{\"@type\":\"WebPage\",\"@id\":\"https:\/\/web.consaguirre.com.ar\/noticias\/hildur-gudnadottir-amplia-floods-con-orquesta-completa\/\",\"url\":\"https:\/\/web.consaguirre.com.ar\/noticias\/hildur-gudnadottir-amplia-floods-con-orquesta-completa\/\",\"name\":\"Hildur Gu\u00f0nad\u00f3ttir ampl\u00eda 'Floods' con orquesta completa\",\"isPartOf\":{\"@id\":\"https:\/\/web.consaguirre.com.ar\/noticias\/#website\"},\"primaryImageOfPage\":{\"@id\":\"https:\/\/web.consaguirre.com.ar\/noticias\/hildur-gudnadottir-amplia-floods-con-orquesta-completa\/#primaryimage\"},\"image\":{\"@id\":\"https:\/\/web.consaguirre.com.ar\/noticias\/hildur-gudnadottir-amplia-floods-con-orquesta-completa\/#primaryimage\"},\"thumbnailUrl\":\"https:\/\/web.consaguirre.com.ar\/noticias\/wp-content\/uploads\/2026\/09\/Hildur-Gudnadottir-amplia-Floods-con-orquesta-completa.jpg\",\"datePublished\":\"2026-09-06T06:38:20+00:00\",\"dateModified\":\"2026-09-06T06:38:22+00:00\",\"breadcrumb\":{\"@id\":\"https:\/\/web.consaguirre.com.ar\/noticias\/hildur-gudnadottir-amplia-floods-con-orquesta-completa\/#breadcrumb\"},\"inLanguage\":\"es-AR\",\"potentialAction\":[{\"@type\":\"ReadAction\",\"target\":[\"https:\/\/web.consaguirre.com.ar\/noticias\/hildur-gudnadottir-amplia-floods-con-orquesta-completa\/\"]}]},{\"@type\":\"ImageObject\",\"inLanguage\":\"es-AR\",\"@id\":\"https:\/\/web.consaguirre.com.ar\/noticias\/hildur-gudnadottir-amplia-floods-con-orquesta-completa\/#primaryimage\",\"url\":\"https:\/\/web.consaguirre.com.ar\/noticias\/wp-content\/uploads\/2026\/09\/Hildur-Gudnadottir-amplia-Floods-con-orquesta-completa.jpg\",\"contentUrl\":\"https:\/\/web.consaguirre.com.ar\/noticias\/wp-content\/uploads\/2026\/09\/Hildur-Gudnadottir-amplia-Floods-con-orquesta-completa.jpg\",\"width\":820,\"height\":820,\"caption\":\"Hildur Gu\u00f0nad\u00f3ttir ampl\u00eda 'Floods' con orquesta completa\"},{\"@type\":\"BreadcrumbList\",\"@id\":\"https:\/\/web.consaguirre.com.ar\/noticias\/hildur-gudnadottir-amplia-floods-con-orquesta-completa\/#breadcrumb\",\"itemListElement\":[{\"@type\":\"ListItem\",\"position\":1,\"name\":\"Inicio\",\"item\":\"https:\/\/web.consaguirre.com.ar\/noticias\/\"},{\"@type\":\"ListItem\",\"position\":2,\"name\":\"Hildur Gu\u00f0nad\u00f3ttir ampl\u00eda &#8216;Floods&#8217; con orquesta completa\"}]},{\"@type\":\"WebSite\",\"@id\":\"https:\/\/web.consaguirre.com.ar\/noticias\/#website\",\"url\":\"https:\/\/web.consaguirre.com.ar\/noticias\/\",\"name\":\"Conservatorio de M\u00fasica Juli\u00e1n Aguirre\",\"description\":\"\",\"publisher\":{\"@id\":\"https:\/\/web.consaguirre.com.ar\/noticias\/#organization\"},\"potentialAction\":[{\"@type\":\"SearchAction\",\"target\":{\"@type\":\"EntryPoint\",\"urlTemplate\":\"https:\/\/web.consaguirre.com.ar\/noticias\/?s={search_term_string}\"},\"query-input\":\"required name=search_term_string\"}],\"inLanguage\":\"es-AR\"},{\"@type\":\"Organization\",\"@id\":\"https:\/\/web.consaguirre.com.ar\/noticias\/#organization\",\"name\":\"Conservatorio de M\u00fasica Juli\u00e1n Aguirre\",\"url\":\"https:\/\/web.consaguirre.com.ar\/noticias\/\",\"logo\":{\"@type\":\"ImageObject\",\"inLanguage\":\"es-AR\",\"@id\":\"https:\/\/web.consaguirre.com.ar\/noticias\/#\/schema\/logo\/image\/\",\"url\":\"https:\/\/web.consaguirre.com.ar\/noticias\/wp-content\/uploads\/2024\/08\/Banner-Aguirre-23.jpg\",\"contentUrl\":\"https:\/\/web.consaguirre.com.ar\/noticias\/wp-content\/uploads\/2024\/08\/Banner-Aguirre-23.jpg\",\"width\":1192,\"height\":600,\"caption\":\"Conservatorio de M\u00fasica Juli\u00e1n Aguirre\"},\"image\":{\"@id\":\"https:\/\/web.consaguirre.com.ar\/noticias\/#\/schema\/logo\/image\/\"}},{\"@type\":\"Person\",\"@id\":\"https:\/\/web.consaguirre.com.ar\/noticias\/#\/schema\/person\/6558b0cfedee7ddc5425602b237d5722\",\"name\":\"Javier Figueroa\",\"image\":{\"@type\":\"ImageObject\",\"inLanguage\":\"es-AR\",\"@id\":\"https:\/\/web.consaguirre.com.ar\/noticias\/#\/schema\/person\/image\/\",\"url\":\"https:\/\/web.consaguirre.com.ar\/noticias\/wp-content\/uploads\/2024\/08\/Consaguirre-scaled.jpg\",\"contentUrl\":\"https:\/\/web.consaguirre.com.ar\/noticias\/wp-content\/uploads\/2024\/08\/Consaguirre-scaled.jpg\",\"caption\":\"Javier Figueroa\"},\"description\":\"Me llamo Javier Figueroa y soy redactor para el sitio oficial del Conservatorio de M\u00fasica Juli\u00e1n Aguirre en Buenos Aires, consaguirre.com. Apasionado por la m\u00fasica y la escritura, me esfuerzo por destacar los talentos y eventos de nuestra prestigiosa instituci\u00f3n. Mi trayectoria se nutre de una profunda admiraci\u00f3n por los artistas, haciendo de cada art\u00edculo una celebraci\u00f3n de la creatividad y la cultura musical.\",\"sameAs\":[\"https:\/\/web.consaguirre.com.ar\/noticias\"]}]}<\/script>\n<!-- \/ Yoast SEO plugin. -->","yoast_head_json":{"title":"Hildur Gu\u00f0nad\u00f3ttir ampl\u00eda 'Floods' con orquesta completa","robots":{"index":"index","follow":"follow","max-snippet":"max-snippet:-1","max-image-preview":"max-image-preview:large","max-video-preview":"max-video-preview:-1"},"canonical":"https:\/\/web.consaguirre.com.ar\/noticias\/hildur-gudnadottir-amplia-floods-con-orquesta-completa\/","og_locale":"es_ES","og_type":"article","og_title":"Hildur Gu\u00f0nad\u00f3ttir ampl\u00eda 'Floods' con orquesta completa","og_description":"Hildur Gu\u00f0nad\u00f3ttir ha lanzado \u201cFloods (Versi\u00f3n para orquesta)\u201d, la segunda reelaboraci\u00f3n orquestal compartida antes de su pr\u00f3ximo \u00e1lbum. Estos seremos nosotros. La nueva canci\u00f3n sigue","og_url":"https:\/\/web.consaguirre.com.ar\/noticias\/hildur-gudnadottir-amplia-floods-con-orquesta-completa\/","og_site_name":"Conservatorio de M\u00fasica Juli\u00e1n Aguirre","article_published_time":"2026-09-06T06:38:20+00:00","article_modified_time":"2026-09-06T06:38:22+00:00","og_image":[{"width":820,"height":820,"url":"https:\/\/web.consaguirre.com.ar\/noticias\/wp-content\/uploads\/2026\/09\/Hildur-Gudnadottir-amplia-Floods-con-orquesta-completa.jpg","type":"image\/jpeg"}],"author":"Javier Figueroa","twitter_card":"summary_large_image","twitter_misc":{"Escrito por":"Javier Figueroa","Tiempo de lectura":"2 minutos"},"schema":{"@context":"https:\/\/schema.org","@graph":[{"@type":"Article","@id":"https:\/\/web.consaguirre.com.ar\/noticias\/hildur-gudnadottir-amplia-floods-con-orquesta-completa\/#article","isPartOf":{"@id":"https:\/\/web.consaguirre.com.ar\/noticias\/hildur-gudnadottir-amplia-floods-con-orquesta-completa\/"},"author":{"name":"Javier Figueroa","@id":"https:\/\/web.consaguirre.com.ar\/noticias\/#\/schema\/person\/6558b0cfedee7ddc5425602b237d5722"},"headline":"Hildur Gu\u00f0nad\u00f3ttir ampl\u00eda &#8216;Floods&#8217; con orquesta completa","datePublished":"2026-09-06T06:38:20+00:00","dateModified":"2026-09-06T06:38:22+00:00","mainEntityOfPage":{"@id":"https:\/\/web.consaguirre.com.ar\/noticias\/hildur-gudnadottir-amplia-floods-con-orquesta-completa\/"},"wordCount":399,"publisher":{"@id":"https:\/\/web.consaguirre.com.ar\/noticias\/#organization"},"image":{"@id":"https:\/\/web.consaguirre.com.ar\/noticias\/hildur-gudnadottir-amplia-floods-con-orquesta-completa\/#primaryimage"},"thumbnailUrl":"https:\/\/web.consaguirre.com.ar\/noticias\/wp-content\/uploads\/2026\/09\/Hildur-Gudnadottir-amplia-Floods-con-orquesta-completa.jpg","keywords":["ampl\u00eda","Completa","con","Floods","Gu\u00f0nad\u00f3ttir","Hildur","Orquesta"],"articleSection":["El \u00faltimo"],"inLanguage":"es-AR"},{"@type":"WebPage","@id":"https:\/\/web.consaguirre.com.ar\/noticias\/hildur-gudnadottir-amplia-floods-con-orquesta-completa\/","url":"https:\/\/web.consaguirre.com.ar\/noticias\/hildur-gudnadottir-amplia-floods-con-orquesta-completa\/","name":"Hildur Gu\u00f0nad\u00f3ttir ampl\u00eda 'Floods' con orquesta completa","isPartOf":{"@id":"https:\/\/web.consaguirre.com.ar\/noticias\/#website"},"primaryImageOfPage":{"@id":"https:\/\/web.consaguirre.com.ar\/noticias\/hildur-gudnadottir-amplia-floods-con-orquesta-completa\/#primaryimage"},"image":{"@id":"https:\/\/web.consaguirre.com.ar\/noticias\/hildur-gudnadottir-amplia-floods-con-orquesta-completa\/#primaryimage"},"thumbnailUrl":"https:\/\/web.consaguirre.com.ar\/noticias\/wp-content\/uploads\/2026\/09\/Hildur-Gudnadottir-amplia-Floods-con-orquesta-completa.jpg","datePublished":"2026-09-06T06:38:20+00:00","dateModified":"2026-09-06T06:38:22+00:00","breadcrumb":{"@id":"https:\/\/web.consaguirre.com.ar\/noticias\/hildur-gudnadottir-amplia-floods-con-orquesta-completa\/#breadcrumb"},"inLanguage":"es-AR","potentialAction":[{"@type":"ReadAction","target":["https:\/\/web.consaguirre.com.ar\/noticias\/hildur-gudnadottir-amplia-floods-con-orquesta-completa\/"]}]},{"@type":"ImageObject","inLanguage":"es-AR","@id":"https:\/\/web.consaguirre.com.ar\/noticias\/hildur-gudnadottir-amplia-floods-con-orquesta-completa\/#primaryimage","url":"https:\/\/web.consaguirre.com.ar\/noticias\/wp-content\/uploads\/2026\/09\/Hildur-Gudnadottir-amplia-Floods-con-orquesta-completa.jpg","contentUrl":"https:\/\/web.consaguirre.com.ar\/noticias\/wp-content\/uploads\/2026\/09\/Hildur-Gudnadottir-amplia-Floods-con-orquesta-completa.jpg","width":820,"height":820,"caption":"Hildur Gu\u00f0nad\u00f3ttir ampl\u00eda 'Floods' con orquesta completa"},{"@type":"BreadcrumbList","@id":"https:\/\/web.consaguirre.com.ar\/noticias\/hildur-gudnadottir-amplia-floods-con-orquesta-completa\/#breadcrumb","itemListElement":[{"@type":"ListItem","position":1,"name":"Inicio","item":"https:\/\/web.consaguirre.com.ar\/noticias\/"},{"@type":"ListItem","position":2,"name":"Hildur Gu\u00f0nad\u00f3ttir ampl\u00eda &#8216;Floods&#8217; con orquesta completa"}]},{"@type":"WebSite","@id":"https:\/\/web.consaguirre.com.ar\/noticias\/#website","url":"https:\/\/web.consaguirre.com.ar\/noticias\/","name":"Conservatorio de M\u00fasica Juli\u00e1n Aguirre","description":"","publisher":{"@id":"https:\/\/web.consaguirre.com.ar\/noticias\/#organization"},"potentialAction":[{"@type":"SearchAction","target":{"@type":"EntryPoint","urlTemplate":"https:\/\/web.consaguirre.com.ar\/noticias\/?s={search_term_string}"},"query-input":"required name=search_term_string"}],"inLanguage":"es-AR"},{"@type":"Organization","@id":"https:\/\/web.consaguirre.com.ar\/noticias\/#organization","name":"Conservatorio de M\u00fasica Juli\u00e1n Aguirre","url":"https:\/\/web.consaguirre.com.ar\/noticias\/","logo":{"@type":"ImageObject","inLanguage":"es-AR","@id":"https:\/\/web.consaguirre.com.ar\/noticias\/#\/schema\/logo\/image\/","url":"https:\/\/web.consaguirre.com.ar\/noticias\/wp-content\/uploads\/2024\/08\/Banner-Aguirre-23.jpg","contentUrl":"https:\/\/web.consaguirre.com.ar\/noticias\/wp-content\/uploads\/2024\/08\/Banner-Aguirre-23.jpg","width":1192,"height":600,"caption":"Conservatorio de M\u00fasica Juli\u00e1n Aguirre"},"image":{"@id":"https:\/\/web.consaguirre.com.ar\/noticias\/#\/schema\/logo\/image\/"}},{"@type":"Person","@id":"https:\/\/web.consaguirre.com.ar\/noticias\/#\/schema\/person\/6558b0cfedee7ddc5425602b237d5722","name":"Javier Figueroa","image":{"@type":"ImageObject","inLanguage":"es-AR","@id":"https:\/\/web.consaguirre.com.ar\/noticias\/#\/schema\/person\/image\/","url":"https:\/\/web.consaguirre.com.ar\/noticias\/wp-content\/uploads\/2024\/08\/Consaguirre-scaled.jpg","contentUrl":"https:\/\/web.consaguirre.com.ar\/noticias\/wp-content\/uploads\/2024\/08\/Consaguirre-scaled.jpg","caption":"Javier Figueroa"},"description":"Me llamo Javier Figueroa y soy redactor para el sitio oficial del Conservatorio de M\u00fasica Juli\u00e1n Aguirre en Buenos Aires, consaguirre.com. Apasionado por la m\u00fasica y la escritura, me esfuerzo por destacar los talentos y eventos de nuestra prestigiosa instituci\u00f3n. Mi trayectoria se nutre de una profunda admiraci\u00f3n por los artistas, haciendo de cada art\u00edculo una celebraci\u00f3n de la creatividad y la cultura musical.","sameAs":["https:\/\/web.consaguirre.com.ar\/noticias"]}]}},"_links":{"self":[{"href":"https:\/\/web.consaguirre.com.ar\/noticias\/wp-json\/wp\/v2\/posts\/7810"}],"collection":[{"href":"https:\/\/web.consaguirre.com.ar\/noticias\/wp-json\/wp\/v2\/posts"}],"about":[{"href":"https:\/\/web.consaguirre.com.ar\/noticias\/wp-json\/wp\/v2\/types\/post"}],"author":[{"embeddable":true,"href":"https:\/\/web.consaguirre.com.ar\/noticias\/wp-json\/wp\/v2\/users\/1"}],"replies":[{"embeddable":true,"href":"https:\/\/web.consaguirre.com.ar\/noticias\/wp-json\/wp\/v2\/comments?post=7810"}],"version-history":[{"count":1,"href":"https:\/\/web.consaguirre.com.ar\/noticias\/wp-json\/wp\/v2\/posts\/7810\/revisions"}],"predecessor-version":[{"id":7812,"href":"https:\/\/web.consaguirre.com.ar\/noticias\/wp-json\/wp\/v2\/posts\/7810\/revisions\/7812"}],"wp:featuredmedia":[{"embeddable":true,"href":"https:\/\/web.consaguirre.com.ar\/noticias\/wp-json\/wp\/v2\/media\/7811"}],"wp:attachment":[{"href":"https:\/\/web.consaguirre.com.ar\/noticias\/wp-json\/wp\/v2\/media?parent=7810"}],"wp:term":[{"taxonomy":"category","embeddable":true,"href":"https:\/\/web.consaguirre.com.ar\/noticias\/wp-json\/wp\/v2\/categories?post=7810"},{"taxonomy":"post_tag","embeddable":true,"href":"https:\/\/web.consaguirre.com.ar\/noticias\/wp-json\/wp\/v2\/tags?post=7810"}],"curies":[{"name":"wp","href":"https:\/\/api.w.org\/{rel}","templated":true}]}}