{"id":7802,"date":"2026-09-05T15:39:05","date_gmt":"2026-09-05T18:39:05","guid":{"rendered":"https:\/\/web.consaguirre.com.ar\/noticias\/udiscover-store-lanza-la-oferta-del-dia-del-trabajo-en-todo-el-sitio\/"},"modified":"2026-09-05T15:39:06","modified_gmt":"2026-09-05T18:39:06","slug":"udiscover-store-lanza-la-oferta-del-dia-del-trabajo-en-todo-el-sitio","status":"publish","type":"post","link":"https:\/\/web.consaguirre.com.ar\/noticias\/udiscover-store-lanza-la-oferta-del-dia-del-trabajo-en-todo-el-sitio\/","title":{"rendered":"uDiscover Store lanza la oferta del D\u00eda del Trabajo en todo el sitio"},"content":{"rendered":"<p>Justo a tiempo para aliviar la tristeza del final del verano, la tienda uDiscover lanz\u00f3 una oferta con un 30% de descuento en todo el sitio. El descuento se aplica a CD, vinilos, casetes, sencillos de 7&#8243;, SHM-CD y cajas que abarcan una amplia gama de g\u00e9neros. Incluso hay una secci\u00f3n de menos de $10 con productos musicales, accesorios y CD de Bob Marley, The Who, Bon Jovi y m\u00e1s.<\/p>\n<p>Consulte ahora la oferta de fin de verano de uDiscover.<\/p>\n<p>La oferta ofrece grandes ofertas en una gran variedad de m\u00fasica para compradores que trabajan con cualquier presupuesto. Los coleccionistas de cl\u00e1sicos sin duda estar\u00e1n interesados \u200b\u200ben t\u00edtulos como el del difunto D&#8217;Angelo. <em>Az\u00facar moreno<\/em>, <em>El metro de terciopelo y Nico<\/em>John Coltrane <em>Un amor supremo<\/em>y los Beach Boys <em>Sonidos de mascotas<\/em>.<\/p>\n<p>Cualquiera que est\u00e9 interesado en conseguir una caja de edici\u00f3n limitada de precio m\u00e1s alto tambi\u00e9n encontrar\u00e1 muchas opciones en la oferta. El descuento se aplica actualmente a la edici\u00f3n del 50 aniversario de 61 canciones de los Allman Brothers. <em>No m\u00e1s problemas<\/em>; una edici\u00f3n ampliada de 6 LP de Bob Marley <em>Canciones de libertad<\/em>; y un set en vivo de 4 LP que documenta el \u00faltimo show de Frank Zappa en Estados Unidos en 1988.<\/p>\n<p>El fin de semana de descuentos tambi\u00e9n se extiende a algunas tiendas web dedicadas a artistas. Actualmente se est\u00e1 realizando una oferta del D\u00eda del Trabajo con un 30% de descuento en la tienda oficial de John Lennon, aplicable a una variedad de ropa, carteles y LP, incluidos <em>Poder para el pueblo<\/em>, <em>Imaginar<\/em>, <em>Doble fantas\u00eda<\/em>, <em>Muros y puentes<\/em>y m\u00e1s. La tienda web de Bob Marley tambi\u00e9n tiene algunas ofertas, ofreciendo un 20% de descuento en una combinaci\u00f3n de productos, incluida una caja completa de Island Recordings.<\/p>\n<p>Finalmente, la tienda Guns N&#8217; Roses tambi\u00e9n ofrece descuentos por tiempo limitado. Esa venta implica un 30% de descuento en toda la m\u00fasica de GnR, desde casetes hasta LP y colecciones de aniversario. La \u00faltima categor\u00eda incluye un conjunto de 4 LP de grabaciones en vivo del prol\u00edfico per\u00edodo de la banda entre 1987 y 1993, tambi\u00e9n disponible como edici\u00f3n premium.<\/p>\n<p>Consulte ahora la oferta de fin de verano de uDiscover.<\/p>\n","protected":false},"excerpt":{"rendered":"<p>Justo a tiempo para aliviar la tristeza del final del verano, la tienda uDiscover lanz\u00f3 una oferta con un 30% de descuento en todo el<\/p>\n","protected":false},"author":1,"featured_media":7803,"comment_status":"closed","ping_status":"","sticky":false,"template":"","format":"standard","meta":{"footnotes":""},"categories":[50],"tags":[10,921,218,5239,238,1729,485,4781,368],"class_list":["post-7802","post","type-post","status-publish","format-standard","has-post-thumbnail","hentry","category-el-ultimo","tag-del","tag-dia","tag-lanza","tag-oferta","tag-sitio","tag-store","tag-todo","tag-trabajo","tag-udiscover","generate-columns","tablet-grid-50","mobile-grid-100","grid-parent","grid-50"],"yoast_head":"<!-- This site is optimized with the Yoast SEO plugin v23.3 - https:\/\/yoast.com\/wordpress\/plugins\/seo\/ -->\n<title>uDiscover Store lanza la oferta del D\u00eda del Trabajo en todo el sitio<\/title>\n<meta name=\"robots\" content=\"index, follow, max-snippet:-1, max-image-preview:large, max-video-preview:-1\" \/>\n<link rel=\"canonical\" href=\"https:\/\/web.consaguirre.com.ar\/noticias\/udiscover-store-lanza-la-oferta-del-dia-del-trabajo-en-todo-el-sitio\/\" \/>\n<meta property=\"og:locale\" content=\"es_ES\" \/>\n<meta property=\"og:type\" content=\"article\" \/>\n<meta property=\"og:title\" content=\"uDiscover Store lanza la oferta del D\u00eda del Trabajo en todo el sitio\" \/>\n<meta property=\"og:description\" content=\"Justo a tiempo para aliviar la tristeza del final del verano, la tienda uDiscover lanz\u00f3 una oferta con un 30% de descuento en todo el\" \/>\n<meta property=\"og:url\" content=\"https:\/\/web.consaguirre.com.ar\/noticias\/udiscover-store-lanza-la-oferta-del-dia-del-trabajo-en-todo-el-sitio\/\" \/>\n<meta property=\"og:site_name\" content=\"Conservatorio de M\u00fasica Juli\u00e1n Aguirre\" \/>\n<meta property=\"article:published_time\" content=\"2026-09-05T18:39:05+00:00\" \/>\n<meta property=\"article:modified_time\" content=\"2026-09-05T18:39:06+00:00\" \/>\n<meta property=\"og:image\" content=\"https:\/\/web.consaguirre.com.ar\/noticias\/wp-content\/uploads\/2026\/09\/uDiscover-Store-lanza-la-oferta-del-Dia-del-Trabajo-en.jpg\" \/>\n\t<meta property=\"og:image:width\" content=\"820\" \/>\n\t<meta property=\"og:image:height\" content=\"820\" \/>\n\t<meta property=\"og:image:type\" content=\"image\/jpeg\" \/>\n<meta name=\"author\" content=\"Javier Figueroa\" \/>\n<meta name=\"twitter:card\" content=\"summary_large_image\" \/>\n<meta name=\"twitter:label1\" content=\"Escrito por\" \/>\n\t<meta name=\"twitter:data1\" content=\"Javier Figueroa\" \/>\n\t<meta name=\"twitter:label2\" content=\"Tiempo de lectura\" \/>\n\t<meta name=\"twitter:data2\" content=\"2 minutos\" \/>\n<script type=\"application\/ld+json\" class=\"yoast-schema-graph\">{\"@context\":\"https:\/\/schema.org\",\"@graph\":[{\"@type\":\"Article\",\"@id\":\"https:\/\/web.consaguirre.com.ar\/noticias\/udiscover-store-lanza-la-oferta-del-dia-del-trabajo-en-todo-el-sitio\/#article\",\"isPartOf\":{\"@id\":\"https:\/\/web.consaguirre.com.ar\/noticias\/udiscover-store-lanza-la-oferta-del-dia-del-trabajo-en-todo-el-sitio\/\"},\"author\":{\"name\":\"Javier Figueroa\",\"@id\":\"https:\/\/web.consaguirre.com.ar\/noticias\/#\/schema\/person\/6558b0cfedee7ddc5425602b237d5722\"},\"headline\":\"uDiscover Store lanza la oferta del D\u00eda del Trabajo en todo el sitio\",\"datePublished\":\"2026-09-05T18:39:05+00:00\",\"dateModified\":\"2026-09-05T18:39:06+00:00\",\"mainEntityOfPage\":{\"@id\":\"https:\/\/web.consaguirre.com.ar\/noticias\/udiscover-store-lanza-la-oferta-del-dia-del-trabajo-en-todo-el-sitio\/\"},\"wordCount\":392,\"publisher\":{\"@id\":\"https:\/\/web.consaguirre.com.ar\/noticias\/#organization\"},\"image\":{\"@id\":\"https:\/\/web.consaguirre.com.ar\/noticias\/udiscover-store-lanza-la-oferta-del-dia-del-trabajo-en-todo-el-sitio\/#primaryimage\"},\"thumbnailUrl\":\"https:\/\/web.consaguirre.com.ar\/noticias\/wp-content\/uploads\/2026\/09\/uDiscover-Store-lanza-la-oferta-del-Dia-del-Trabajo-en.jpg\",\"keywords\":[\"del\",\"d\u00eda\",\"lanza\",\"oferta\",\"sitio\",\"Store\",\"todo\",\"trabajo\",\"uDiscover\"],\"articleSection\":[\"El \u00faltimo\"],\"inLanguage\":\"es-AR\"},{\"@type\":\"WebPage\",\"@id\":\"https:\/\/web.consaguirre.com.ar\/noticias\/udiscover-store-lanza-la-oferta-del-dia-del-trabajo-en-todo-el-sitio\/\",\"url\":\"https:\/\/web.consaguirre.com.ar\/noticias\/udiscover-store-lanza-la-oferta-del-dia-del-trabajo-en-todo-el-sitio\/\",\"name\":\"uDiscover Store lanza la oferta del D\u00eda del Trabajo en todo el sitio\",\"isPartOf\":{\"@id\":\"https:\/\/web.consaguirre.com.ar\/noticias\/#website\"},\"primaryImageOfPage\":{\"@id\":\"https:\/\/web.consaguirre.com.ar\/noticias\/udiscover-store-lanza-la-oferta-del-dia-del-trabajo-en-todo-el-sitio\/#primaryimage\"},\"image\":{\"@id\":\"https:\/\/web.consaguirre.com.ar\/noticias\/udiscover-store-lanza-la-oferta-del-dia-del-trabajo-en-todo-el-sitio\/#primaryimage\"},\"thumbnailUrl\":\"https:\/\/web.consaguirre.com.ar\/noticias\/wp-content\/uploads\/2026\/09\/uDiscover-Store-lanza-la-oferta-del-Dia-del-Trabajo-en.jpg\",\"datePublished\":\"2026-09-05T18:39:05+00:00\",\"dateModified\":\"2026-09-05T18:39:06+00:00\",\"breadcrumb\":{\"@id\":\"https:\/\/web.consaguirre.com.ar\/noticias\/udiscover-store-lanza-la-oferta-del-dia-del-trabajo-en-todo-el-sitio\/#breadcrumb\"},\"inLanguage\":\"es-AR\",\"potentialAction\":[{\"@type\":\"ReadAction\",\"target\":[\"https:\/\/web.consaguirre.com.ar\/noticias\/udiscover-store-lanza-la-oferta-del-dia-del-trabajo-en-todo-el-sitio\/\"]}]},{\"@type\":\"ImageObject\",\"inLanguage\":\"es-AR\",\"@id\":\"https:\/\/web.consaguirre.com.ar\/noticias\/udiscover-store-lanza-la-oferta-del-dia-del-trabajo-en-todo-el-sitio\/#primaryimage\",\"url\":\"https:\/\/web.consaguirre.com.ar\/noticias\/wp-content\/uploads\/2026\/09\/uDiscover-Store-lanza-la-oferta-del-Dia-del-Trabajo-en.jpg\",\"contentUrl\":\"https:\/\/web.consaguirre.com.ar\/noticias\/wp-content\/uploads\/2026\/09\/uDiscover-Store-lanza-la-oferta-del-Dia-del-Trabajo-en.jpg\",\"width\":820,\"height\":820,\"caption\":\"uDiscover Store lanza la oferta del D\u00eda del Trabajo en todo el sitio\"},{\"@type\":\"BreadcrumbList\",\"@id\":\"https:\/\/web.consaguirre.com.ar\/noticias\/udiscover-store-lanza-la-oferta-del-dia-del-trabajo-en-todo-el-sitio\/#breadcrumb\",\"itemListElement\":[{\"@type\":\"ListItem\",\"position\":1,\"name\":\"Inicio\",\"item\":\"https:\/\/web.consaguirre.com.ar\/noticias\/\"},{\"@type\":\"ListItem\",\"position\":2,\"name\":\"uDiscover Store lanza la oferta del D\u00eda del Trabajo en todo el sitio\"}]},{\"@type\":\"WebSite\",\"@id\":\"https:\/\/web.consaguirre.com.ar\/noticias\/#website\",\"url\":\"https:\/\/web.consaguirre.com.ar\/noticias\/\",\"name\":\"Conservatorio de M\u00fasica Juli\u00e1n Aguirre\",\"description\":\"\",\"publisher\":{\"@id\":\"https:\/\/web.consaguirre.com.ar\/noticias\/#organization\"},\"potentialAction\":[{\"@type\":\"SearchAction\",\"target\":{\"@type\":\"EntryPoint\",\"urlTemplate\":\"https:\/\/web.consaguirre.com.ar\/noticias\/?s={search_term_string}\"},\"query-input\":\"required name=search_term_string\"}],\"inLanguage\":\"es-AR\"},{\"@type\":\"Organization\",\"@id\":\"https:\/\/web.consaguirre.com.ar\/noticias\/#organization\",\"name\":\"Conservatorio de M\u00fasica Juli\u00e1n Aguirre\",\"url\":\"https:\/\/web.consaguirre.com.ar\/noticias\/\",\"logo\":{\"@type\":\"ImageObject\",\"inLanguage\":\"es-AR\",\"@id\":\"https:\/\/web.consaguirre.com.ar\/noticias\/#\/schema\/logo\/image\/\",\"url\":\"https:\/\/web.consaguirre.com.ar\/noticias\/wp-content\/uploads\/2024\/08\/Banner-Aguirre-23.jpg\",\"contentUrl\":\"https:\/\/web.consaguirre.com.ar\/noticias\/wp-content\/uploads\/2024\/08\/Banner-Aguirre-23.jpg\",\"width\":1192,\"height\":600,\"caption\":\"Conservatorio de M\u00fasica Juli\u00e1n Aguirre\"},\"image\":{\"@id\":\"https:\/\/web.consaguirre.com.ar\/noticias\/#\/schema\/logo\/image\/\"}},{\"@type\":\"Person\",\"@id\":\"https:\/\/web.consaguirre.com.ar\/noticias\/#\/schema\/person\/6558b0cfedee7ddc5425602b237d5722\",\"name\":\"Javier Figueroa\",\"image\":{\"@type\":\"ImageObject\",\"inLanguage\":\"es-AR\",\"@id\":\"https:\/\/web.consaguirre.com.ar\/noticias\/#\/schema\/person\/image\/\",\"url\":\"https:\/\/web.consaguirre.com.ar\/noticias\/wp-content\/uploads\/2024\/08\/Consaguirre-scaled.jpg\",\"contentUrl\":\"https:\/\/web.consaguirre.com.ar\/noticias\/wp-content\/uploads\/2024\/08\/Consaguirre-scaled.jpg\",\"caption\":\"Javier Figueroa\"},\"description\":\"Me llamo Javier Figueroa y soy redactor para el sitio oficial del Conservatorio de M\u00fasica Juli\u00e1n Aguirre en Buenos Aires, consaguirre.com. Apasionado por la m\u00fasica y la escritura, me esfuerzo por destacar los talentos y eventos de nuestra prestigiosa instituci\u00f3n. Mi trayectoria se nutre de una profunda admiraci\u00f3n por los artistas, haciendo de cada art\u00edculo una celebraci\u00f3n de la creatividad y la cultura musical.\",\"sameAs\":[\"https:\/\/web.consaguirre.com.ar\/noticias\"]}]}<\/script>\n<!-- \/ Yoast SEO plugin. -->","yoast_head_json":{"title":"uDiscover Store lanza la oferta del D\u00eda del Trabajo en todo el sitio","robots":{"index":"index","follow":"follow","max-snippet":"max-snippet:-1","max-image-preview":"max-image-preview:large","max-video-preview":"max-video-preview:-1"},"canonical":"https:\/\/web.consaguirre.com.ar\/noticias\/udiscover-store-lanza-la-oferta-del-dia-del-trabajo-en-todo-el-sitio\/","og_locale":"es_ES","og_type":"article","og_title":"uDiscover Store lanza la oferta del D\u00eda del Trabajo en todo el sitio","og_description":"Justo a tiempo para aliviar la tristeza del final del verano, la tienda uDiscover lanz\u00f3 una oferta con un 30% de descuento en todo el","og_url":"https:\/\/web.consaguirre.com.ar\/noticias\/udiscover-store-lanza-la-oferta-del-dia-del-trabajo-en-todo-el-sitio\/","og_site_name":"Conservatorio de M\u00fasica Juli\u00e1n Aguirre","article_published_time":"2026-09-05T18:39:05+00:00","article_modified_time":"2026-09-05T18:39:06+00:00","og_image":[{"width":820,"height":820,"url":"https:\/\/web.consaguirre.com.ar\/noticias\/wp-content\/uploads\/2026\/09\/uDiscover-Store-lanza-la-oferta-del-Dia-del-Trabajo-en.jpg","type":"image\/jpeg"}],"author":"Javier Figueroa","twitter_card":"summary_large_image","twitter_misc":{"Escrito por":"Javier Figueroa","Tiempo de lectura":"2 minutos"},"schema":{"@context":"https:\/\/schema.org","@graph":[{"@type":"Article","@id":"https:\/\/web.consaguirre.com.ar\/noticias\/udiscover-store-lanza-la-oferta-del-dia-del-trabajo-en-todo-el-sitio\/#article","isPartOf":{"@id":"https:\/\/web.consaguirre.com.ar\/noticias\/udiscover-store-lanza-la-oferta-del-dia-del-trabajo-en-todo-el-sitio\/"},"author":{"name":"Javier Figueroa","@id":"https:\/\/web.consaguirre.com.ar\/noticias\/#\/schema\/person\/6558b0cfedee7ddc5425602b237d5722"},"headline":"uDiscover Store lanza la oferta del D\u00eda del Trabajo en todo el sitio","datePublished":"2026-09-05T18:39:05+00:00","dateModified":"2026-09-05T18:39:06+00:00","mainEntityOfPage":{"@id":"https:\/\/web.consaguirre.com.ar\/noticias\/udiscover-store-lanza-la-oferta-del-dia-del-trabajo-en-todo-el-sitio\/"},"wordCount":392,"publisher":{"@id":"https:\/\/web.consaguirre.com.ar\/noticias\/#organization"},"image":{"@id":"https:\/\/web.consaguirre.com.ar\/noticias\/udiscover-store-lanza-la-oferta-del-dia-del-trabajo-en-todo-el-sitio\/#primaryimage"},"thumbnailUrl":"https:\/\/web.consaguirre.com.ar\/noticias\/wp-content\/uploads\/2026\/09\/uDiscover-Store-lanza-la-oferta-del-Dia-del-Trabajo-en.jpg","keywords":["del","d\u00eda","lanza","oferta","sitio","Store","todo","trabajo","uDiscover"],"articleSection":["El \u00faltimo"],"inLanguage":"es-AR"},{"@type":"WebPage","@id":"https:\/\/web.consaguirre.com.ar\/noticias\/udiscover-store-lanza-la-oferta-del-dia-del-trabajo-en-todo-el-sitio\/","url":"https:\/\/web.consaguirre.com.ar\/noticias\/udiscover-store-lanza-la-oferta-del-dia-del-trabajo-en-todo-el-sitio\/","name":"uDiscover Store lanza la oferta del D\u00eda del Trabajo en todo el sitio","isPartOf":{"@id":"https:\/\/web.consaguirre.com.ar\/noticias\/#website"},"primaryImageOfPage":{"@id":"https:\/\/web.consaguirre.com.ar\/noticias\/udiscover-store-lanza-la-oferta-del-dia-del-trabajo-en-todo-el-sitio\/#primaryimage"},"image":{"@id":"https:\/\/web.consaguirre.com.ar\/noticias\/udiscover-store-lanza-la-oferta-del-dia-del-trabajo-en-todo-el-sitio\/#primaryimage"},"thumbnailUrl":"https:\/\/web.consaguirre.com.ar\/noticias\/wp-content\/uploads\/2026\/09\/uDiscover-Store-lanza-la-oferta-del-Dia-del-Trabajo-en.jpg","datePublished":"2026-09-05T18:39:05+00:00","dateModified":"2026-09-05T18:39:06+00:00","breadcrumb":{"@id":"https:\/\/web.consaguirre.com.ar\/noticias\/udiscover-store-lanza-la-oferta-del-dia-del-trabajo-en-todo-el-sitio\/#breadcrumb"},"inLanguage":"es-AR","potentialAction":[{"@type":"ReadAction","target":["https:\/\/web.consaguirre.com.ar\/noticias\/udiscover-store-lanza-la-oferta-del-dia-del-trabajo-en-todo-el-sitio\/"]}]},{"@type":"ImageObject","inLanguage":"es-AR","@id":"https:\/\/web.consaguirre.com.ar\/noticias\/udiscover-store-lanza-la-oferta-del-dia-del-trabajo-en-todo-el-sitio\/#primaryimage","url":"https:\/\/web.consaguirre.com.ar\/noticias\/wp-content\/uploads\/2026\/09\/uDiscover-Store-lanza-la-oferta-del-Dia-del-Trabajo-en.jpg","contentUrl":"https:\/\/web.consaguirre.com.ar\/noticias\/wp-content\/uploads\/2026\/09\/uDiscover-Store-lanza-la-oferta-del-Dia-del-Trabajo-en.jpg","width":820,"height":820,"caption":"uDiscover Store lanza la oferta del D\u00eda del Trabajo en todo el sitio"},{"@type":"BreadcrumbList","@id":"https:\/\/web.consaguirre.com.ar\/noticias\/udiscover-store-lanza-la-oferta-del-dia-del-trabajo-en-todo-el-sitio\/#breadcrumb","itemListElement":[{"@type":"ListItem","position":1,"name":"Inicio","item":"https:\/\/web.consaguirre.com.ar\/noticias\/"},{"@type":"ListItem","position":2,"name":"uDiscover Store lanza la oferta del D\u00eda del Trabajo en todo el sitio"}]},{"@type":"WebSite","@id":"https:\/\/web.consaguirre.com.ar\/noticias\/#website","url":"https:\/\/web.consaguirre.com.ar\/noticias\/","name":"Conservatorio de M\u00fasica Juli\u00e1n Aguirre","description":"","publisher":{"@id":"https:\/\/web.consaguirre.com.ar\/noticias\/#organization"},"potentialAction":[{"@type":"SearchAction","target":{"@type":"EntryPoint","urlTemplate":"https:\/\/web.consaguirre.com.ar\/noticias\/?s={search_term_string}"},"query-input":"required name=search_term_string"}],"inLanguage":"es-AR"},{"@type":"Organization","@id":"https:\/\/web.consaguirre.com.ar\/noticias\/#organization","name":"Conservatorio de M\u00fasica Juli\u00e1n Aguirre","url":"https:\/\/web.consaguirre.com.ar\/noticias\/","logo":{"@type":"ImageObject","inLanguage":"es-AR","@id":"https:\/\/web.consaguirre.com.ar\/noticias\/#\/schema\/logo\/image\/","url":"https:\/\/web.consaguirre.com.ar\/noticias\/wp-content\/uploads\/2024\/08\/Banner-Aguirre-23.jpg","contentUrl":"https:\/\/web.consaguirre.com.ar\/noticias\/wp-content\/uploads\/2024\/08\/Banner-Aguirre-23.jpg","width":1192,"height":600,"caption":"Conservatorio de M\u00fasica Juli\u00e1n Aguirre"},"image":{"@id":"https:\/\/web.consaguirre.com.ar\/noticias\/#\/schema\/logo\/image\/"}},{"@type":"Person","@id":"https:\/\/web.consaguirre.com.ar\/noticias\/#\/schema\/person\/6558b0cfedee7ddc5425602b237d5722","name":"Javier Figueroa","image":{"@type":"ImageObject","inLanguage":"es-AR","@id":"https:\/\/web.consaguirre.com.ar\/noticias\/#\/schema\/person\/image\/","url":"https:\/\/web.consaguirre.com.ar\/noticias\/wp-content\/uploads\/2024\/08\/Consaguirre-scaled.jpg","contentUrl":"https:\/\/web.consaguirre.com.ar\/noticias\/wp-content\/uploads\/2024\/08\/Consaguirre-scaled.jpg","caption":"Javier Figueroa"},"description":"Me llamo Javier Figueroa y soy redactor para el sitio oficial del Conservatorio de M\u00fasica Juli\u00e1n Aguirre en Buenos Aires, consaguirre.com. Apasionado por la m\u00fasica y la escritura, me esfuerzo por destacar los talentos y eventos de nuestra prestigiosa instituci\u00f3n. Mi trayectoria se nutre de una profunda admiraci\u00f3n por los artistas, haciendo de cada art\u00edculo una celebraci\u00f3n de la creatividad y la cultura musical.","sameAs":["https:\/\/web.consaguirre.com.ar\/noticias"]}]}},"_links":{"self":[{"href":"https:\/\/web.consaguirre.com.ar\/noticias\/wp-json\/wp\/v2\/posts\/7802"}],"collection":[{"href":"https:\/\/web.consaguirre.com.ar\/noticias\/wp-json\/wp\/v2\/posts"}],"about":[{"href":"https:\/\/web.consaguirre.com.ar\/noticias\/wp-json\/wp\/v2\/types\/post"}],"author":[{"embeddable":true,"href":"https:\/\/web.consaguirre.com.ar\/noticias\/wp-json\/wp\/v2\/users\/1"}],"replies":[{"embeddable":true,"href":"https:\/\/web.consaguirre.com.ar\/noticias\/wp-json\/wp\/v2\/comments?post=7802"}],"version-history":[{"count":1,"href":"https:\/\/web.consaguirre.com.ar\/noticias\/wp-json\/wp\/v2\/posts\/7802\/revisions"}],"predecessor-version":[{"id":7804,"href":"https:\/\/web.consaguirre.com.ar\/noticias\/wp-json\/wp\/v2\/posts\/7802\/revisions\/7804"}],"wp:featuredmedia":[{"embeddable":true,"href":"https:\/\/web.consaguirre.com.ar\/noticias\/wp-json\/wp\/v2\/media\/7803"}],"wp:attachment":[{"href":"https:\/\/web.consaguirre.com.ar\/noticias\/wp-json\/wp\/v2\/media?parent=7802"}],"wp:term":[{"taxonomy":"category","embeddable":true,"href":"https:\/\/web.consaguirre.com.ar\/noticias\/wp-json\/wp\/v2\/categories?post=7802"},{"taxonomy":"post_tag","embeddable":true,"href":"https:\/\/web.consaguirre.com.ar\/noticias\/wp-json\/wp\/v2\/tags?post=7802"}],"curies":[{"name":"wp","href":"https:\/\/api.w.org\/{rel}","templated":true}]}}