{"id":7799,"date":"2026-09-05T11:38:34","date_gmt":"2026-09-05T14:38:34","guid":{"rendered":"https:\/\/web.consaguirre.com.ar\/noticias\/steve-reich-y-karl-richter-recordings-se-unen-a-la-serie-the-original-source-de-deutsche-grammophon\/"},"modified":"2026-09-05T11:38:35","modified_gmt":"2026-09-05T14:38:35","slug":"steve-reich-y-karl-richter-recordings-se-unen-a-la-serie-the-original-source-de-deutsche-grammophon","status":"publish","type":"post","link":"https:\/\/web.consaguirre.com.ar\/noticias\/steve-reich-y-karl-richter-recordings-se-unen-a-la-serie-the-original-source-de-deutsche-grammophon\/","title":{"rendered":"Steve Reich y Karl Richter Recordings se unen a la serie The Original Source de Deutsche Grammophon"},"content":{"rendered":"<p>Composici\u00f3n de Steve Reich de 1974 <em>tamborilear<\/em> y la grabaci\u00f3n de Karl Richter de 1961 de la Misa en si menor de Bach son los dos pr\u00f3ximos participantes en la serie de reediciones para audi\u00f3filos del sello alem\u00e1n Deutsche Grammophon, The Original Source. del Reich <em>Tocar el tambor; M\u00fasica para Instrumentos de Mazo, Voces y \u00d3rgano; Seis pianos<\/em> llega el 2 de octubre, y Richter&#8217;s <em>Bach: Messe in h-moll, BWV 232<\/em> sigue el 9 de octubre.<\/p>\n<div align=\"center\">\n<div class=\"udiscover-store-container\">\n<div id='udiscover-store-two-product'><\/div>\n<\/div>\n<p>\/*<!(CDATA(*\/(function (){var scriptURL='https:\/\/sdks.shopifycdn.com\/buy-button\/latest\/buy-button-storefront.min.js';if(window.ShopifyBuy){if(window.ShopifyBuy.UI){ShopifyBuyInit();}else{loadScript();}}else{loadScript();}funci\u00f3n loadScript(){var script=document.createElement('script');script.async=true;script.src=scriptURL;(document.getElementsByTagName('head')(0)|| document.getElementsByTagName('body')(0)).appendChild(script);script.onload=ShopifyBuyInit;} function ShopifyBuyInit(){var cliente=ShopifyBuy.buildClient({dominio:'udiscover.myshopify.com',storefrontAccessToken: 'bdc89f347d2ce61c1feeb9f8c60b2b98',}); ShopifyBuy.UI.onReady(cliente).luego(funci\u00f3n(ui){ ui.createComponent('productSet',{ id:(7958535766093,7958535733325), nodo:document.getElementById('udiscover-store-two-product'), moneyFormat:'%24%7B%7Bamount%7D%7D', opciones:{&quot;producto&quot;:{&quot;marco flotante&quot;:FALSO,&quot;eventos&quot;:{antes deInit:funci\u00f3n(producto){Objeto.defineProperty(producto,&quot;es bot\u00f3n&quot;,{get:function(){return true;}});Object.defineProperty(producto,&quot;opciones&quot;{get:function(){return this.config(this.typeKey);}});var actualOnButtonClick=product.onButtonClick;product.onButtonClick=function(event,target) {event.stopImmediatePropagation();this.options.buttonDestination=&quot;modal&quot;;actualOnButtonClick.call(este,evento,destino);};}},\n&quot;bot\u00f3nDestino&quot;:&quot;modal&quot;,&quot;contenido&quot;:{&quot;opciones&quot;:verdadero},&quot;texto&quot;:{&quot;bot\u00f3n&quot;:&quot;Ordene ahora&quot;,&quot;Agotado&quot;:&quot;Lo sentimos, esto est\u00e1 agotado.&quot;}},&quot;conjunto de productos&quot;:{&quot;marco flotante&quot;:FALSO},&quot;modalProducto&quot;:{&quot;marco flotante&quot;:FALSO,&quot;contenido&quot;:{&quot;imagen&quot;:FALSO,&quot;imgConCarrusel&quot;:verdadero,&quot;bot\u00f3n&quot;:FALSO,&quot;bot\u00f3nConCantidad&quot;:verdadero}},&quot;modal&quot;:{&quot;marco flotante&quot;:FALSO},&quot;opci\u00f3n&quot;:{&quot;marco flotante&quot;:FALSO},&quot;carro&quot;:{&quot;marco flotante&quot;:FALSO},&quot;palanca&quot;:{&quot;marco flotante&quot;:FALSO,&quot;contenido&quot;:{&quot;icono&quot;:FALSO}},&quot;art\u00edculo de l\u00ednea&quot;:{&quot;marco flotante&quot;:FALSO}},}); }); } })(); \/*))>*\/ <\/div>\n<\/p>\n<p>La reedici\u00f3n de Reich se lanza justo un d\u00eda antes del 90 cumplea\u00f1os del compositor estadounidense el 3 de octubre. La tr\u00edada de piezas, grabadas juntas en los estudios Polydor de Hamburgo en enero de 1974, fue un hito importante en su carrera: un respaldo clave para un compositor estadounidense minimalista de uno de los sellos m\u00e1s prestigiosos de la m\u00fasica cl\u00e1sica. Cuando fue lanzado en 1971, <em>tamborilear<\/em> marc\u00f3 su trabajo m\u00e1s largo hasta la fecha, con una duraci\u00f3n de m\u00e1s de una hora y media. Ambos <em>Seis pianos<\/em> y <em>M\u00fasica para instrumentos de mazo, voces y \u00f3rgano.<\/em> sali\u00f3 en 1973.<\/p>\n<p>Richter grab\u00f3 su versi\u00f3n de la Misa en si menor de Bach con el Coro y Orquesta Bach de M\u00fanich, que el propio artista alem\u00e1n fund\u00f3 en 1954. Hoy en d\u00eda, la grabaci\u00f3n sigue siendo ampliamente considerada como una de las presentaciones m\u00e1s magistrales de la pieza. La \u00fanica misa latina completa de Bach, la Misa en si menor, fue compuesta en los \u00faltimos a\u00f1os de su vida.<\/p>\n<p>Lanzada en 2023, la serie The Original Source se centra espec\u00edficamente en renovar las grabaciones de Lodestar de la d\u00e9cada de 1970 con una calidad de sonido nueva y mejorada. Estos LP de edici\u00f3n limitada est\u00e1n impresos en vinilo de 180 g y se presentan con portadas y letras originales, aunque van acompa\u00f1ados de fotograf\u00edas y recreaciones adicionales de registros de grabaci\u00f3n y cajas de cintas vinculadas al lanzamiento. Otras parejas de compositor y director ya representadas en la colecci\u00f3n incluyen la interpretaci\u00f3n de Herbert von Karajan de la Sinfon\u00eda n.\u00b0 6 de Mahler, Claudio Abbado dirigiendo la Orquesta Sinf\u00f3nica de Londres en la Sinfon\u00eda n.\u00b0 6 de Stravinsky, <em>El Sagrado de Printemps<\/em>y la versi\u00f3n de Karl B\u00f6hm de la obra de Mozart <em>R\u00e9quiem<\/em>.<\/p>\n<p>Explore la serie Fuente original aqu\u00ed.<\/p>\n","protected":false},"excerpt":{"rendered":"<p>Composici\u00f3n de Steve Reich de 1974 tamborilear y la grabaci\u00f3n de Karl Richter de 1961 de la Misa en si menor de Bach son los<\/p>\n","protected":false},"author":1,"featured_media":7800,"comment_status":"closed","ping_status":"","sticky":false,"template":"","format":"standard","meta":{"footnotes":""},"categories":[50],"tags":[3958,3959,5237,1646,341,5236,582,220,5238,2406,277],"class_list":["post-7799","post","type-post","status-publish","format-standard","has-post-thumbnail","hentry","category-el-ultimo","tag-deutsche","tag-grammophon","tag-karl","tag-original","tag-recordings","tag-reich","tag-richter","tag-serie","tag-source","tag-steve","tag-unen","generate-columns","tablet-grid-50","mobile-grid-100","grid-parent","grid-50"],"yoast_head":"<!-- This site is optimized with the Yoast SEO plugin v23.3 - https:\/\/yoast.com\/wordpress\/plugins\/seo\/ -->\n<title>Steve Reich y Karl Richter Recordings se unen a la serie The Original Source de Deutsche Grammophon<\/title>\n<meta name=\"robots\" content=\"index, follow, max-snippet:-1, max-image-preview:large, max-video-preview:-1\" \/>\n<link rel=\"canonical\" href=\"https:\/\/web.consaguirre.com.ar\/noticias\/steve-reich-y-karl-richter-recordings-se-unen-a-la-serie-the-original-source-de-deutsche-grammophon\/\" \/>\n<meta property=\"og:locale\" content=\"es_ES\" \/>\n<meta property=\"og:type\" content=\"article\" \/>\n<meta property=\"og:title\" content=\"Steve Reich y Karl Richter Recordings se unen a la serie The Original Source de Deutsche Grammophon\" \/>\n<meta property=\"og:description\" content=\"Composici\u00f3n de Steve Reich de 1974 tamborilear y la grabaci\u00f3n de Karl Richter de 1961 de la Misa en si menor de Bach son los\" \/>\n<meta property=\"og:url\" content=\"https:\/\/web.consaguirre.com.ar\/noticias\/steve-reich-y-karl-richter-recordings-se-unen-a-la-serie-the-original-source-de-deutsche-grammophon\/\" \/>\n<meta property=\"og:site_name\" content=\"Conservatorio de M\u00fasica Juli\u00e1n Aguirre\" \/>\n<meta property=\"article:published_time\" content=\"2026-09-05T14:38:34+00:00\" \/>\n<meta property=\"article:modified_time\" content=\"2026-09-05T14:38:35+00:00\" \/>\n<meta property=\"og:image\" content=\"https:\/\/web.consaguirre.com.ar\/noticias\/wp-content\/uploads\/2026\/09\/Steve-Reich-y-Karl-Richter-Recordings-se-unen-a-la.jpg\" \/>\n\t<meta property=\"og:image:width\" content=\"820\" \/>\n\t<meta property=\"og:image:height\" content=\"820\" \/>\n\t<meta property=\"og:image:type\" content=\"image\/jpeg\" \/>\n<meta name=\"author\" content=\"Javier Figueroa\" \/>\n<meta name=\"twitter:card\" content=\"summary_large_image\" \/>\n<meta name=\"twitter:label1\" content=\"Escrito por\" \/>\n\t<meta name=\"twitter:data1\" content=\"Javier Figueroa\" \/>\n\t<meta name=\"twitter:label2\" content=\"Tiempo de lectura\" \/>\n\t<meta name=\"twitter:data2\" content=\"2 minutos\" \/>\n<script type=\"application\/ld+json\" class=\"yoast-schema-graph\">{\"@context\":\"https:\/\/schema.org\",\"@graph\":[{\"@type\":\"Article\",\"@id\":\"https:\/\/web.consaguirre.com.ar\/noticias\/steve-reich-y-karl-richter-recordings-se-unen-a-la-serie-the-original-source-de-deutsche-grammophon\/#article\",\"isPartOf\":{\"@id\":\"https:\/\/web.consaguirre.com.ar\/noticias\/steve-reich-y-karl-richter-recordings-se-unen-a-la-serie-the-original-source-de-deutsche-grammophon\/\"},\"author\":{\"name\":\"Javier Figueroa\",\"@id\":\"https:\/\/web.consaguirre.com.ar\/noticias\/#\/schema\/person\/6558b0cfedee7ddc5425602b237d5722\"},\"headline\":\"Steve Reich y Karl Richter Recordings se unen a la serie The Original Source de Deutsche Grammophon\",\"datePublished\":\"2026-09-05T14:38:34+00:00\",\"dateModified\":\"2026-09-05T14:38:35+00:00\",\"mainEntityOfPage\":{\"@id\":\"https:\/\/web.consaguirre.com.ar\/noticias\/steve-reich-y-karl-richter-recordings-se-unen-a-la-serie-the-original-source-de-deutsche-grammophon\/\"},\"wordCount\":416,\"publisher\":{\"@id\":\"https:\/\/web.consaguirre.com.ar\/noticias\/#organization\"},\"image\":{\"@id\":\"https:\/\/web.consaguirre.com.ar\/noticias\/steve-reich-y-karl-richter-recordings-se-unen-a-la-serie-the-original-source-de-deutsche-grammophon\/#primaryimage\"},\"thumbnailUrl\":\"https:\/\/web.consaguirre.com.ar\/noticias\/wp-content\/uploads\/2026\/09\/Steve-Reich-y-Karl-Richter-Recordings-se-unen-a-la.jpg\",\"keywords\":[\"Deutsche\",\"Grammophon\",\"Karl\",\"Original\",\"Recordings\",\"Reich\",\"Richter\",\"serie\",\"Source\",\"Steve\",\"unen\"],\"articleSection\":[\"El \u00faltimo\"],\"inLanguage\":\"es-AR\"},{\"@type\":\"WebPage\",\"@id\":\"https:\/\/web.consaguirre.com.ar\/noticias\/steve-reich-y-karl-richter-recordings-se-unen-a-la-serie-the-original-source-de-deutsche-grammophon\/\",\"url\":\"https:\/\/web.consaguirre.com.ar\/noticias\/steve-reich-y-karl-richter-recordings-se-unen-a-la-serie-the-original-source-de-deutsche-grammophon\/\",\"name\":\"Steve Reich y Karl Richter Recordings se unen a la serie The Original Source de Deutsche Grammophon\",\"isPartOf\":{\"@id\":\"https:\/\/web.consaguirre.com.ar\/noticias\/#website\"},\"primaryImageOfPage\":{\"@id\":\"https:\/\/web.consaguirre.com.ar\/noticias\/steve-reich-y-karl-richter-recordings-se-unen-a-la-serie-the-original-source-de-deutsche-grammophon\/#primaryimage\"},\"image\":{\"@id\":\"https:\/\/web.consaguirre.com.ar\/noticias\/steve-reich-y-karl-richter-recordings-se-unen-a-la-serie-the-original-source-de-deutsche-grammophon\/#primaryimage\"},\"thumbnailUrl\":\"https:\/\/web.consaguirre.com.ar\/noticias\/wp-content\/uploads\/2026\/09\/Steve-Reich-y-Karl-Richter-Recordings-se-unen-a-la.jpg\",\"datePublished\":\"2026-09-05T14:38:34+00:00\",\"dateModified\":\"2026-09-05T14:38:35+00:00\",\"breadcrumb\":{\"@id\":\"https:\/\/web.consaguirre.com.ar\/noticias\/steve-reich-y-karl-richter-recordings-se-unen-a-la-serie-the-original-source-de-deutsche-grammophon\/#breadcrumb\"},\"inLanguage\":\"es-AR\",\"potentialAction\":[{\"@type\":\"ReadAction\",\"target\":[\"https:\/\/web.consaguirre.com.ar\/noticias\/steve-reich-y-karl-richter-recordings-se-unen-a-la-serie-the-original-source-de-deutsche-grammophon\/\"]}]},{\"@type\":\"ImageObject\",\"inLanguage\":\"es-AR\",\"@id\":\"https:\/\/web.consaguirre.com.ar\/noticias\/steve-reich-y-karl-richter-recordings-se-unen-a-la-serie-the-original-source-de-deutsche-grammophon\/#primaryimage\",\"url\":\"https:\/\/web.consaguirre.com.ar\/noticias\/wp-content\/uploads\/2026\/09\/Steve-Reich-y-Karl-Richter-Recordings-se-unen-a-la.jpg\",\"contentUrl\":\"https:\/\/web.consaguirre.com.ar\/noticias\/wp-content\/uploads\/2026\/09\/Steve-Reich-y-Karl-Richter-Recordings-se-unen-a-la.jpg\",\"width\":820,\"height\":820,\"caption\":\"Steve Reich y Karl Richter Recordings se unen a la serie The Original Source de Deutsche Grammophon\"},{\"@type\":\"BreadcrumbList\",\"@id\":\"https:\/\/web.consaguirre.com.ar\/noticias\/steve-reich-y-karl-richter-recordings-se-unen-a-la-serie-the-original-source-de-deutsche-grammophon\/#breadcrumb\",\"itemListElement\":[{\"@type\":\"ListItem\",\"position\":1,\"name\":\"Inicio\",\"item\":\"https:\/\/web.consaguirre.com.ar\/noticias\/\"},{\"@type\":\"ListItem\",\"position\":2,\"name\":\"Steve Reich y Karl Richter Recordings se unen a la serie The Original Source de Deutsche Grammophon\"}]},{\"@type\":\"WebSite\",\"@id\":\"https:\/\/web.consaguirre.com.ar\/noticias\/#website\",\"url\":\"https:\/\/web.consaguirre.com.ar\/noticias\/\",\"name\":\"Conservatorio de M\u00fasica Juli\u00e1n Aguirre\",\"description\":\"\",\"publisher\":{\"@id\":\"https:\/\/web.consaguirre.com.ar\/noticias\/#organization\"},\"potentialAction\":[{\"@type\":\"SearchAction\",\"target\":{\"@type\":\"EntryPoint\",\"urlTemplate\":\"https:\/\/web.consaguirre.com.ar\/noticias\/?s={search_term_string}\"},\"query-input\":\"required name=search_term_string\"}],\"inLanguage\":\"es-AR\"},{\"@type\":\"Organization\",\"@id\":\"https:\/\/web.consaguirre.com.ar\/noticias\/#organization\",\"name\":\"Conservatorio de M\u00fasica Juli\u00e1n Aguirre\",\"url\":\"https:\/\/web.consaguirre.com.ar\/noticias\/\",\"logo\":{\"@type\":\"ImageObject\",\"inLanguage\":\"es-AR\",\"@id\":\"https:\/\/web.consaguirre.com.ar\/noticias\/#\/schema\/logo\/image\/\",\"url\":\"https:\/\/web.consaguirre.com.ar\/noticias\/wp-content\/uploads\/2024\/08\/Banner-Aguirre-23.jpg\",\"contentUrl\":\"https:\/\/web.consaguirre.com.ar\/noticias\/wp-content\/uploads\/2024\/08\/Banner-Aguirre-23.jpg\",\"width\":1192,\"height\":600,\"caption\":\"Conservatorio de M\u00fasica Juli\u00e1n Aguirre\"},\"image\":{\"@id\":\"https:\/\/web.consaguirre.com.ar\/noticias\/#\/schema\/logo\/image\/\"}},{\"@type\":\"Person\",\"@id\":\"https:\/\/web.consaguirre.com.ar\/noticias\/#\/schema\/person\/6558b0cfedee7ddc5425602b237d5722\",\"name\":\"Javier Figueroa\",\"image\":{\"@type\":\"ImageObject\",\"inLanguage\":\"es-AR\",\"@id\":\"https:\/\/web.consaguirre.com.ar\/noticias\/#\/schema\/person\/image\/\",\"url\":\"https:\/\/web.consaguirre.com.ar\/noticias\/wp-content\/uploads\/2024\/08\/Consaguirre-scaled.jpg\",\"contentUrl\":\"https:\/\/web.consaguirre.com.ar\/noticias\/wp-content\/uploads\/2024\/08\/Consaguirre-scaled.jpg\",\"caption\":\"Javier Figueroa\"},\"description\":\"Me llamo Javier Figueroa y soy redactor para el sitio oficial del Conservatorio de M\u00fasica Juli\u00e1n Aguirre en Buenos Aires, consaguirre.com. Apasionado por la m\u00fasica y la escritura, me esfuerzo por destacar los talentos y eventos de nuestra prestigiosa instituci\u00f3n. Mi trayectoria se nutre de una profunda admiraci\u00f3n por los artistas, haciendo de cada art\u00edculo una celebraci\u00f3n de la creatividad y la cultura musical.\",\"sameAs\":[\"https:\/\/web.consaguirre.com.ar\/noticias\"]}]}<\/script>\n<!-- \/ Yoast SEO plugin. -->","yoast_head_json":{"title":"Steve Reich y Karl Richter Recordings se unen a la serie The Original Source de Deutsche Grammophon","robots":{"index":"index","follow":"follow","max-snippet":"max-snippet:-1","max-image-preview":"max-image-preview:large","max-video-preview":"max-video-preview:-1"},"canonical":"https:\/\/web.consaguirre.com.ar\/noticias\/steve-reich-y-karl-richter-recordings-se-unen-a-la-serie-the-original-source-de-deutsche-grammophon\/","og_locale":"es_ES","og_type":"article","og_title":"Steve Reich y Karl Richter Recordings se unen a la serie The Original Source de Deutsche Grammophon","og_description":"Composici\u00f3n de Steve Reich de 1974 tamborilear y la grabaci\u00f3n de Karl Richter de 1961 de la Misa en si menor de Bach son los","og_url":"https:\/\/web.consaguirre.com.ar\/noticias\/steve-reich-y-karl-richter-recordings-se-unen-a-la-serie-the-original-source-de-deutsche-grammophon\/","og_site_name":"Conservatorio de M\u00fasica Juli\u00e1n Aguirre","article_published_time":"2026-09-05T14:38:34+00:00","article_modified_time":"2026-09-05T14:38:35+00:00","og_image":[{"width":820,"height":820,"url":"https:\/\/web.consaguirre.com.ar\/noticias\/wp-content\/uploads\/2026\/09\/Steve-Reich-y-Karl-Richter-Recordings-se-unen-a-la.jpg","type":"image\/jpeg"}],"author":"Javier Figueroa","twitter_card":"summary_large_image","twitter_misc":{"Escrito por":"Javier Figueroa","Tiempo de lectura":"2 minutos"},"schema":{"@context":"https:\/\/schema.org","@graph":[{"@type":"Article","@id":"https:\/\/web.consaguirre.com.ar\/noticias\/steve-reich-y-karl-richter-recordings-se-unen-a-la-serie-the-original-source-de-deutsche-grammophon\/#article","isPartOf":{"@id":"https:\/\/web.consaguirre.com.ar\/noticias\/steve-reich-y-karl-richter-recordings-se-unen-a-la-serie-the-original-source-de-deutsche-grammophon\/"},"author":{"name":"Javier Figueroa","@id":"https:\/\/web.consaguirre.com.ar\/noticias\/#\/schema\/person\/6558b0cfedee7ddc5425602b237d5722"},"headline":"Steve Reich y Karl Richter Recordings se unen a la serie The Original Source de Deutsche Grammophon","datePublished":"2026-09-05T14:38:34+00:00","dateModified":"2026-09-05T14:38:35+00:00","mainEntityOfPage":{"@id":"https:\/\/web.consaguirre.com.ar\/noticias\/steve-reich-y-karl-richter-recordings-se-unen-a-la-serie-the-original-source-de-deutsche-grammophon\/"},"wordCount":416,"publisher":{"@id":"https:\/\/web.consaguirre.com.ar\/noticias\/#organization"},"image":{"@id":"https:\/\/web.consaguirre.com.ar\/noticias\/steve-reich-y-karl-richter-recordings-se-unen-a-la-serie-the-original-source-de-deutsche-grammophon\/#primaryimage"},"thumbnailUrl":"https:\/\/web.consaguirre.com.ar\/noticias\/wp-content\/uploads\/2026\/09\/Steve-Reich-y-Karl-Richter-Recordings-se-unen-a-la.jpg","keywords":["Deutsche","Grammophon","Karl","Original","Recordings","Reich","Richter","serie","Source","Steve","unen"],"articleSection":["El \u00faltimo"],"inLanguage":"es-AR"},{"@type":"WebPage","@id":"https:\/\/web.consaguirre.com.ar\/noticias\/steve-reich-y-karl-richter-recordings-se-unen-a-la-serie-the-original-source-de-deutsche-grammophon\/","url":"https:\/\/web.consaguirre.com.ar\/noticias\/steve-reich-y-karl-richter-recordings-se-unen-a-la-serie-the-original-source-de-deutsche-grammophon\/","name":"Steve Reich y Karl Richter Recordings se unen a la serie The Original Source de Deutsche Grammophon","isPartOf":{"@id":"https:\/\/web.consaguirre.com.ar\/noticias\/#website"},"primaryImageOfPage":{"@id":"https:\/\/web.consaguirre.com.ar\/noticias\/steve-reich-y-karl-richter-recordings-se-unen-a-la-serie-the-original-source-de-deutsche-grammophon\/#primaryimage"},"image":{"@id":"https:\/\/web.consaguirre.com.ar\/noticias\/steve-reich-y-karl-richter-recordings-se-unen-a-la-serie-the-original-source-de-deutsche-grammophon\/#primaryimage"},"thumbnailUrl":"https:\/\/web.consaguirre.com.ar\/noticias\/wp-content\/uploads\/2026\/09\/Steve-Reich-y-Karl-Richter-Recordings-se-unen-a-la.jpg","datePublished":"2026-09-05T14:38:34+00:00","dateModified":"2026-09-05T14:38:35+00:00","breadcrumb":{"@id":"https:\/\/web.consaguirre.com.ar\/noticias\/steve-reich-y-karl-richter-recordings-se-unen-a-la-serie-the-original-source-de-deutsche-grammophon\/#breadcrumb"},"inLanguage":"es-AR","potentialAction":[{"@type":"ReadAction","target":["https:\/\/web.consaguirre.com.ar\/noticias\/steve-reich-y-karl-richter-recordings-se-unen-a-la-serie-the-original-source-de-deutsche-grammophon\/"]}]},{"@type":"ImageObject","inLanguage":"es-AR","@id":"https:\/\/web.consaguirre.com.ar\/noticias\/steve-reich-y-karl-richter-recordings-se-unen-a-la-serie-the-original-source-de-deutsche-grammophon\/#primaryimage","url":"https:\/\/web.consaguirre.com.ar\/noticias\/wp-content\/uploads\/2026\/09\/Steve-Reich-y-Karl-Richter-Recordings-se-unen-a-la.jpg","contentUrl":"https:\/\/web.consaguirre.com.ar\/noticias\/wp-content\/uploads\/2026\/09\/Steve-Reich-y-Karl-Richter-Recordings-se-unen-a-la.jpg","width":820,"height":820,"caption":"Steve Reich y Karl Richter Recordings se unen a la serie The Original Source de Deutsche Grammophon"},{"@type":"BreadcrumbList","@id":"https:\/\/web.consaguirre.com.ar\/noticias\/steve-reich-y-karl-richter-recordings-se-unen-a-la-serie-the-original-source-de-deutsche-grammophon\/#breadcrumb","itemListElement":[{"@type":"ListItem","position":1,"name":"Inicio","item":"https:\/\/web.consaguirre.com.ar\/noticias\/"},{"@type":"ListItem","position":2,"name":"Steve Reich y Karl Richter Recordings se unen a la serie The Original Source de Deutsche Grammophon"}]},{"@type":"WebSite","@id":"https:\/\/web.consaguirre.com.ar\/noticias\/#website","url":"https:\/\/web.consaguirre.com.ar\/noticias\/","name":"Conservatorio de M\u00fasica Juli\u00e1n Aguirre","description":"","publisher":{"@id":"https:\/\/web.consaguirre.com.ar\/noticias\/#organization"},"potentialAction":[{"@type":"SearchAction","target":{"@type":"EntryPoint","urlTemplate":"https:\/\/web.consaguirre.com.ar\/noticias\/?s={search_term_string}"},"query-input":"required name=search_term_string"}],"inLanguage":"es-AR"},{"@type":"Organization","@id":"https:\/\/web.consaguirre.com.ar\/noticias\/#organization","name":"Conservatorio de M\u00fasica Juli\u00e1n Aguirre","url":"https:\/\/web.consaguirre.com.ar\/noticias\/","logo":{"@type":"ImageObject","inLanguage":"es-AR","@id":"https:\/\/web.consaguirre.com.ar\/noticias\/#\/schema\/logo\/image\/","url":"https:\/\/web.consaguirre.com.ar\/noticias\/wp-content\/uploads\/2024\/08\/Banner-Aguirre-23.jpg","contentUrl":"https:\/\/web.consaguirre.com.ar\/noticias\/wp-content\/uploads\/2024\/08\/Banner-Aguirre-23.jpg","width":1192,"height":600,"caption":"Conservatorio de M\u00fasica Juli\u00e1n Aguirre"},"image":{"@id":"https:\/\/web.consaguirre.com.ar\/noticias\/#\/schema\/logo\/image\/"}},{"@type":"Person","@id":"https:\/\/web.consaguirre.com.ar\/noticias\/#\/schema\/person\/6558b0cfedee7ddc5425602b237d5722","name":"Javier Figueroa","image":{"@type":"ImageObject","inLanguage":"es-AR","@id":"https:\/\/web.consaguirre.com.ar\/noticias\/#\/schema\/person\/image\/","url":"https:\/\/web.consaguirre.com.ar\/noticias\/wp-content\/uploads\/2024\/08\/Consaguirre-scaled.jpg","contentUrl":"https:\/\/web.consaguirre.com.ar\/noticias\/wp-content\/uploads\/2024\/08\/Consaguirre-scaled.jpg","caption":"Javier Figueroa"},"description":"Me llamo Javier Figueroa y soy redactor para el sitio oficial del Conservatorio de M\u00fasica Juli\u00e1n Aguirre en Buenos Aires, consaguirre.com. Apasionado por la m\u00fasica y la escritura, me esfuerzo por destacar los talentos y eventos de nuestra prestigiosa instituci\u00f3n. Mi trayectoria se nutre de una profunda admiraci\u00f3n por los artistas, haciendo de cada art\u00edculo una celebraci\u00f3n de la creatividad y la cultura musical.","sameAs":["https:\/\/web.consaguirre.com.ar\/noticias"]}]}},"_links":{"self":[{"href":"https:\/\/web.consaguirre.com.ar\/noticias\/wp-json\/wp\/v2\/posts\/7799"}],"collection":[{"href":"https:\/\/web.consaguirre.com.ar\/noticias\/wp-json\/wp\/v2\/posts"}],"about":[{"href":"https:\/\/web.consaguirre.com.ar\/noticias\/wp-json\/wp\/v2\/types\/post"}],"author":[{"embeddable":true,"href":"https:\/\/web.consaguirre.com.ar\/noticias\/wp-json\/wp\/v2\/users\/1"}],"replies":[{"embeddable":true,"href":"https:\/\/web.consaguirre.com.ar\/noticias\/wp-json\/wp\/v2\/comments?post=7799"}],"version-history":[{"count":1,"href":"https:\/\/web.consaguirre.com.ar\/noticias\/wp-json\/wp\/v2\/posts\/7799\/revisions"}],"predecessor-version":[{"id":7801,"href":"https:\/\/web.consaguirre.com.ar\/noticias\/wp-json\/wp\/v2\/posts\/7799\/revisions\/7801"}],"wp:featuredmedia":[{"embeddable":true,"href":"https:\/\/web.consaguirre.com.ar\/noticias\/wp-json\/wp\/v2\/media\/7800"}],"wp:attachment":[{"href":"https:\/\/web.consaguirre.com.ar\/noticias\/wp-json\/wp\/v2\/media?parent=7799"}],"wp:term":[{"taxonomy":"category","embeddable":true,"href":"https:\/\/web.consaguirre.com.ar\/noticias\/wp-json\/wp\/v2\/categories?post=7799"},{"taxonomy":"post_tag","embeddable":true,"href":"https:\/\/web.consaguirre.com.ar\/noticias\/wp-json\/wp\/v2\/tags?post=7799"}],"curies":[{"name":"wp","href":"https:\/\/api.w.org\/{rel}","templated":true}]}}