{"id":7797,"date":"2026-09-05T07:39:27","date_gmt":"2026-09-05T10:39:27","guid":{"rendered":"https:\/\/web.consaguirre.com.ar\/noticias\/elvis-costello-comparte-tema-inedito-de-vault-i-turn-around\/"},"modified":"2026-09-05T07:39:28","modified_gmt":"2026-09-05T10:39:28","slug":"elvis-costello-comparte-tema-inedito-de-vault-i-turn-around","status":"publish","type":"post","link":"https:\/\/web.consaguirre.com.ar\/noticias\/elvis-costello-comparte-tema-inedito-de-vault-i-turn-around\/","title":{"rendered":"Elvis Costello comparte tema in\u00e9dito de Vault &#8216;I Turn Around&#8217;"},"content":{"rendered":"<p>Mientras se prepara para lanzar una edici\u00f3n del 49.\u00ba aniversario de su querido debut de 1977. <em>Mi objetivo es verdadero<\/em>Elvis Costello ha regresado con otra rareza de la b\u00f3veda: \u201cI Turn Around\u201d. La canci\u00f3n es la primera pista del segundo disco de la pr\u00f3xima caja, que saldr\u00e1 el 2 de octubre.<\/p>\n<div align=\"center\">\n<div class=\"udiscover-store-container\">\n<div id='udiscover-store-three-product'><\/div>\n<\/div>\n<p>\/*<!(CDATA(*\/(function (){var scriptURL='https:\/\/sdks.shopifycdn.com\/buy-button\/latest\/buy-button-storefront.min.js';if(window.ShopifyBuy){if(window.ShopifyBuy.UI){ShopifyBuyInit();}else{loadScript();}}else{loadScript();}funci\u00f3n loadScript(){var script=document.createElement('script');script.async=true;script.src=scriptURL;(document.getElementsByTagName('head')(0)|| document.getElementsByTagName('body')(0)).appendChild(script);script.onload=ShopifyBuyInit;} function ShopifyBuyInit(){var cliente=ShopifyBuy.buildClient({dominio:'udiscover.myshopify.com',storefrontAccessToken: 'bdc89f347d2ce61c1feeb9f8c60b2b98',}); ShopifyBuy.UI.onReady(cliente).luego(funci\u00f3n(ui){ ui.createComponent('productSet',{ id:(7910211223629,7910201557069,7910198575181), nodo:document.getElementById('udiscover-store-tres-productos'), moneyFormat:'%24%7B%7Bamount%7D%7D', opciones:{&quot;producto&quot;:{&quot;marco flotante&quot;:FALSO,&quot;eventos&quot;:{antes deInit:funci\u00f3n(producto){Objeto.defineProperty(producto,&quot;es bot\u00f3n&quot;,{get:function(){return true;}});Object.defineProperty(producto,&quot;opciones&quot;{get:function(){return this.config(this.typeKey);}});var actualOnButtonClick=product.onButtonClick;product.onButtonClick=function(event,target) {event.stopImmediatePropagation();this.options.buttonDestination=&quot;modal&quot;;actualOnButtonClick.call(este,evento,destino);};}},\n&quot;bot\u00f3nDestino&quot;:&quot;modal&quot;,&quot;contenido&quot;:{&quot;opciones&quot;:verdadero},&quot;texto&quot;:{&quot;bot\u00f3n&quot;:&quot;Ordene ahora&quot;,&quot;Agotado&quot;:&quot;Lo sentimos, esto est\u00e1 agotado.&quot;}},&quot;conjunto de productos&quot;:{&quot;marco flotante&quot;:FALSO},&quot;modalProducto&quot;:{&quot;marco flotante&quot;:FALSO,&quot;contenido&quot;:{&quot;imagen&quot;:FALSO,&quot;imgConCarrusel&quot;:verdadero,&quot;bot\u00f3n&quot;:FALSO,&quot;bot\u00f3nConCantidad&quot;:verdadero}},&quot;modal&quot;:{&quot;marco flotante&quot;:FALSO},&quot;opci\u00f3n&quot;:{&quot;marco flotante&quot;:FALSO},&quot;carro&quot;:{&quot;marco flotante&quot;:FALSO},&quot;palanca&quot;:{&quot;marco flotante&quot;:FALSO,&quot;contenido&quot;:{&quot;icono&quot;:FALSO}},&quot;art\u00edculo de l\u00ednea&quot;:{&quot;marco flotante&quot;:FALSO}},}); }); } })(); \/*))>*\/ <\/div>\n<\/p>\n<p>Grabado en solitario a principios de 1976 en Hope &#038; Anchor Studio con el futuro cofundador de Stiff Records, Dave Robinson, \u201cI Turn Around\u201d nunca vio la luz en su forma original. Pero el coro probablemente resultar\u00e1 familiar para algunos oyentes, ya que resurgi\u00f3 a\u00f1os m\u00e1s tarde en una cara B del \u00e1lbum de Costello de 1982. <em>Dormitorio imperial<\/em>. La canci\u00f3n es el \u00faltimo adelanto del nuevo material disponible en la versi\u00f3n ampliada. <em>Mi objetivo es verdadero<\/em>que consta de cinco discos y 104 canciones. El segundo disco, titulado &#8220;The Blue Print&#8221;, rastrea c\u00f3mo las primeras cintas de dormitorio, demos y sesiones de Hope &#038; Anchor de Costello de 1975 y 1976 plantaron las semillas de canciones que completar\u00eda y compartir\u00eda mucho m\u00e1s adelante en su carrera.<\/p>\n<div class=\"uD-YT-container\"><img decoding=\"async\" src=\"https:\/\/web.consaguirre.com.ar\/noticias\/wp-content\/uploads\/2026\/09\/Elvis-Costello-comparte-tema-inedito-de-Vault-I-Turn-Around.jpg\" alt=\"V\u00eddeo de YouTube\"><br \/>Haga clic para cargar v\u00eddeo<\/div>\n<p>M\u00e1s de la mitad de la m\u00fasica contenida en la caja era in\u00e9dita y la versi\u00f3n renovada <em>Mi objetivo es verdadero<\/em> presenta una nueva remasterizaci\u00f3n de 2026 del \u00e1lbum original procedente de las cintas maestras de Pathway Studios. La edici\u00f3n de aniversario tambi\u00e9n incluye un ensayo de Costello junto con contribuciones de colaboradores y admiradores, incluidos Nick Lowe, Rosanne Cash y Jim James, que rastrean su ascenso de un oscuro aspirante a compositor a una aut\u00e9ntica estrella. El set tambi\u00e9n revisa la irrupci\u00f3n temprana de Costello en la industria de la m\u00fasica, su breve paso con la banda de pub-rock Flip City y su r\u00e1pido ascenso una vez que Stiff Records se dio cuenta de sus canciones.<\/p>\n<p>&#8220;Hacer mi primer disco parec\u00eda el comienzo de algo que hab\u00eda imaginado durante mucho tiempo, antes de que tuviera la sensaci\u00f3n de una audiencia potencial, y mucho menos las expectativas y las suposiciones de otros sobre las canciones escritas e interpretadas en apenas unos minutos&#8221;, escribe Costello en las notas. \u201cSin embargo, levanto una copa casta para <em>Mi objetivo es verdadero<\/em> y todos los que en ella navegan\u201d.<\/p><\/p>\n","protected":false},"excerpt":{"rendered":"<p>Mientras se prepara para lanzar una edici\u00f3n del 49.\u00ba aniversario de su querido debut de 1977. Mi objetivo es verdaderoElvis Costello ha regresado con otra<\/p>\n","protected":false},"author":1,"featured_media":7172,"comment_status":"closed","ping_status":"","sticky":false,"template":"","format":"standard","meta":{"footnotes":""},"categories":[50],"tags":[201,652,651,1058,1057,5235,718],"class_list":["post-7797","post","type-post","status-publish","format-standard","has-post-thumbnail","hentry","category-el-ultimo","tag-comparte","tag-costello","tag-elvis","tag-inedito","tag-tema","tag-turn","tag-vault","generate-columns","tablet-grid-50","mobile-grid-100","grid-parent","grid-50"],"yoast_head":"<!-- This site is optimized with the Yoast SEO plugin v23.3 - https:\/\/yoast.com\/wordpress\/plugins\/seo\/ -->\n<title>Elvis Costello comparte tema in\u00e9dito de Vault &#039;I Turn Around&#039;<\/title>\n<meta name=\"robots\" content=\"index, follow, max-snippet:-1, max-image-preview:large, max-video-preview:-1\" \/>\n<link rel=\"canonical\" href=\"https:\/\/web.consaguirre.com.ar\/noticias\/elvis-costello-comparte-tema-inedito-de-vault-i-turn-around\/\" \/>\n<meta property=\"og:locale\" content=\"es_ES\" \/>\n<meta property=\"og:type\" content=\"article\" \/>\n<meta property=\"og:title\" content=\"Elvis Costello comparte tema in\u00e9dito de Vault &#039;I Turn Around&#039;\" \/>\n<meta property=\"og:description\" content=\"Mientras se prepara para lanzar una edici\u00f3n del 49.\u00ba aniversario de su querido debut de 1977. Mi objetivo es verdaderoElvis Costello ha regresado con otra\" \/>\n<meta property=\"og:url\" content=\"https:\/\/web.consaguirre.com.ar\/noticias\/elvis-costello-comparte-tema-inedito-de-vault-i-turn-around\/\" \/>\n<meta property=\"og:site_name\" content=\"Conservatorio de M\u00fasica Juli\u00e1n Aguirre\" \/>\n<meta property=\"article:published_time\" content=\"2026-09-05T10:39:27+00:00\" \/>\n<meta property=\"article:modified_time\" content=\"2026-09-05T10:39:28+00:00\" \/>\n<meta property=\"og:image\" content=\"https:\/\/web.consaguirre.com.ar\/noticias\/wp-content\/uploads\/2026\/08\/Elvis-Costello-anuncia-la-caja-My-Aim-Is-True.jpg\" \/>\n\t<meta property=\"og:image:width\" content=\"820\" \/>\n\t<meta property=\"og:image:height\" content=\"820\" \/>\n\t<meta property=\"og:image:type\" content=\"image\/jpeg\" \/>\n<meta name=\"author\" content=\"Javier Figueroa\" \/>\n<meta name=\"twitter:card\" content=\"summary_large_image\" \/>\n<meta name=\"twitter:label1\" content=\"Escrito por\" \/>\n\t<meta name=\"twitter:data1\" content=\"Javier Figueroa\" \/>\n\t<meta name=\"twitter:label2\" content=\"Tiempo de lectura\" \/>\n\t<meta name=\"twitter:data2\" content=\"2 minutos\" \/>\n<script type=\"application\/ld+json\" class=\"yoast-schema-graph\">{\"@context\":\"https:\/\/schema.org\",\"@graph\":[{\"@type\":\"Article\",\"@id\":\"https:\/\/web.consaguirre.com.ar\/noticias\/elvis-costello-comparte-tema-inedito-de-vault-i-turn-around\/#article\",\"isPartOf\":{\"@id\":\"https:\/\/web.consaguirre.com.ar\/noticias\/elvis-costello-comparte-tema-inedito-de-vault-i-turn-around\/\"},\"author\":{\"name\":\"Javier Figueroa\",\"@id\":\"https:\/\/web.consaguirre.com.ar\/noticias\/#\/schema\/person\/6558b0cfedee7ddc5425602b237d5722\"},\"headline\":\"Elvis Costello comparte tema in\u00e9dito de Vault &#8216;I Turn Around&#8217;\",\"datePublished\":\"2026-09-05T10:39:27+00:00\",\"dateModified\":\"2026-09-05T10:39:28+00:00\",\"mainEntityOfPage\":{\"@id\":\"https:\/\/web.consaguirre.com.ar\/noticias\/elvis-costello-comparte-tema-inedito-de-vault-i-turn-around\/\"},\"wordCount\":395,\"publisher\":{\"@id\":\"https:\/\/web.consaguirre.com.ar\/noticias\/#organization\"},\"image\":{\"@id\":\"https:\/\/web.consaguirre.com.ar\/noticias\/elvis-costello-comparte-tema-inedito-de-vault-i-turn-around\/#primaryimage\"},\"thumbnailUrl\":\"https:\/\/web.consaguirre.com.ar\/noticias\/wp-content\/uploads\/2026\/08\/Elvis-Costello-anuncia-la-caja-My-Aim-Is-True.jpg\",\"keywords\":[\"comparte\",\"Costello\",\"Elvis\",\"in\u00e9dito\",\"tema\",\"Turn\",\"Vault\"],\"articleSection\":[\"El \u00faltimo\"],\"inLanguage\":\"es-AR\"},{\"@type\":\"WebPage\",\"@id\":\"https:\/\/web.consaguirre.com.ar\/noticias\/elvis-costello-comparte-tema-inedito-de-vault-i-turn-around\/\",\"url\":\"https:\/\/web.consaguirre.com.ar\/noticias\/elvis-costello-comparte-tema-inedito-de-vault-i-turn-around\/\",\"name\":\"Elvis Costello comparte tema in\u00e9dito de Vault 'I Turn Around'\",\"isPartOf\":{\"@id\":\"https:\/\/web.consaguirre.com.ar\/noticias\/#website\"},\"primaryImageOfPage\":{\"@id\":\"https:\/\/web.consaguirre.com.ar\/noticias\/elvis-costello-comparte-tema-inedito-de-vault-i-turn-around\/#primaryimage\"},\"image\":{\"@id\":\"https:\/\/web.consaguirre.com.ar\/noticias\/elvis-costello-comparte-tema-inedito-de-vault-i-turn-around\/#primaryimage\"},\"thumbnailUrl\":\"https:\/\/web.consaguirre.com.ar\/noticias\/wp-content\/uploads\/2026\/08\/Elvis-Costello-anuncia-la-caja-My-Aim-Is-True.jpg\",\"datePublished\":\"2026-09-05T10:39:27+00:00\",\"dateModified\":\"2026-09-05T10:39:28+00:00\",\"breadcrumb\":{\"@id\":\"https:\/\/web.consaguirre.com.ar\/noticias\/elvis-costello-comparte-tema-inedito-de-vault-i-turn-around\/#breadcrumb\"},\"inLanguage\":\"es-AR\",\"potentialAction\":[{\"@type\":\"ReadAction\",\"target\":[\"https:\/\/web.consaguirre.com.ar\/noticias\/elvis-costello-comparte-tema-inedito-de-vault-i-turn-around\/\"]}]},{\"@type\":\"ImageObject\",\"inLanguage\":\"es-AR\",\"@id\":\"https:\/\/web.consaguirre.com.ar\/noticias\/elvis-costello-comparte-tema-inedito-de-vault-i-turn-around\/#primaryimage\",\"url\":\"https:\/\/web.consaguirre.com.ar\/noticias\/wp-content\/uploads\/2026\/08\/Elvis-Costello-anuncia-la-caja-My-Aim-Is-True.jpg\",\"contentUrl\":\"https:\/\/web.consaguirre.com.ar\/noticias\/wp-content\/uploads\/2026\/08\/Elvis-Costello-anuncia-la-caja-My-Aim-Is-True.jpg\",\"width\":820,\"height\":820,\"caption\":\"Elvis Costello My Aim Is True box set\"},{\"@type\":\"BreadcrumbList\",\"@id\":\"https:\/\/web.consaguirre.com.ar\/noticias\/elvis-costello-comparte-tema-inedito-de-vault-i-turn-around\/#breadcrumb\",\"itemListElement\":[{\"@type\":\"ListItem\",\"position\":1,\"name\":\"Inicio\",\"item\":\"https:\/\/web.consaguirre.com.ar\/noticias\/\"},{\"@type\":\"ListItem\",\"position\":2,\"name\":\"Elvis Costello comparte tema in\u00e9dito de Vault &#8216;I Turn Around&#8217;\"}]},{\"@type\":\"WebSite\",\"@id\":\"https:\/\/web.consaguirre.com.ar\/noticias\/#website\",\"url\":\"https:\/\/web.consaguirre.com.ar\/noticias\/\",\"name\":\"Conservatorio de M\u00fasica Juli\u00e1n Aguirre\",\"description\":\"\",\"publisher\":{\"@id\":\"https:\/\/web.consaguirre.com.ar\/noticias\/#organization\"},\"potentialAction\":[{\"@type\":\"SearchAction\",\"target\":{\"@type\":\"EntryPoint\",\"urlTemplate\":\"https:\/\/web.consaguirre.com.ar\/noticias\/?s={search_term_string}\"},\"query-input\":\"required name=search_term_string\"}],\"inLanguage\":\"es-AR\"},{\"@type\":\"Organization\",\"@id\":\"https:\/\/web.consaguirre.com.ar\/noticias\/#organization\",\"name\":\"Conservatorio de M\u00fasica Juli\u00e1n Aguirre\",\"url\":\"https:\/\/web.consaguirre.com.ar\/noticias\/\",\"logo\":{\"@type\":\"ImageObject\",\"inLanguage\":\"es-AR\",\"@id\":\"https:\/\/web.consaguirre.com.ar\/noticias\/#\/schema\/logo\/image\/\",\"url\":\"https:\/\/web.consaguirre.com.ar\/noticias\/wp-content\/uploads\/2024\/08\/Banner-Aguirre-23.jpg\",\"contentUrl\":\"https:\/\/web.consaguirre.com.ar\/noticias\/wp-content\/uploads\/2024\/08\/Banner-Aguirre-23.jpg\",\"width\":1192,\"height\":600,\"caption\":\"Conservatorio de M\u00fasica Juli\u00e1n Aguirre\"},\"image\":{\"@id\":\"https:\/\/web.consaguirre.com.ar\/noticias\/#\/schema\/logo\/image\/\"}},{\"@type\":\"Person\",\"@id\":\"https:\/\/web.consaguirre.com.ar\/noticias\/#\/schema\/person\/6558b0cfedee7ddc5425602b237d5722\",\"name\":\"Javier Figueroa\",\"image\":{\"@type\":\"ImageObject\",\"inLanguage\":\"es-AR\",\"@id\":\"https:\/\/web.consaguirre.com.ar\/noticias\/#\/schema\/person\/image\/\",\"url\":\"https:\/\/web.consaguirre.com.ar\/noticias\/wp-content\/uploads\/2024\/08\/Consaguirre-scaled.jpg\",\"contentUrl\":\"https:\/\/web.consaguirre.com.ar\/noticias\/wp-content\/uploads\/2024\/08\/Consaguirre-scaled.jpg\",\"caption\":\"Javier Figueroa\"},\"description\":\"Me llamo Javier Figueroa y soy redactor para el sitio oficial del Conservatorio de M\u00fasica Juli\u00e1n Aguirre en Buenos Aires, consaguirre.com. Apasionado por la m\u00fasica y la escritura, me esfuerzo por destacar los talentos y eventos de nuestra prestigiosa instituci\u00f3n. Mi trayectoria se nutre de una profunda admiraci\u00f3n por los artistas, haciendo de cada art\u00edculo una celebraci\u00f3n de la creatividad y la cultura musical.\",\"sameAs\":[\"https:\/\/web.consaguirre.com.ar\/noticias\"]}]}<\/script>\n<!-- \/ Yoast SEO plugin. -->","yoast_head_json":{"title":"Elvis Costello comparte tema in\u00e9dito de Vault 'I Turn Around'","robots":{"index":"index","follow":"follow","max-snippet":"max-snippet:-1","max-image-preview":"max-image-preview:large","max-video-preview":"max-video-preview:-1"},"canonical":"https:\/\/web.consaguirre.com.ar\/noticias\/elvis-costello-comparte-tema-inedito-de-vault-i-turn-around\/","og_locale":"es_ES","og_type":"article","og_title":"Elvis Costello comparte tema in\u00e9dito de Vault 'I Turn Around'","og_description":"Mientras se prepara para lanzar una edici\u00f3n del 49.\u00ba aniversario de su querido debut de 1977. Mi objetivo es verdaderoElvis Costello ha regresado con otra","og_url":"https:\/\/web.consaguirre.com.ar\/noticias\/elvis-costello-comparte-tema-inedito-de-vault-i-turn-around\/","og_site_name":"Conservatorio de M\u00fasica Juli\u00e1n Aguirre","article_published_time":"2026-09-05T10:39:27+00:00","article_modified_time":"2026-09-05T10:39:28+00:00","og_image":[{"width":820,"height":820,"url":"https:\/\/web.consaguirre.com.ar\/noticias\/wp-content\/uploads\/2026\/08\/Elvis-Costello-anuncia-la-caja-My-Aim-Is-True.jpg","type":"image\/jpeg"}],"author":"Javier Figueroa","twitter_card":"summary_large_image","twitter_misc":{"Escrito por":"Javier Figueroa","Tiempo de lectura":"2 minutos"},"schema":{"@context":"https:\/\/schema.org","@graph":[{"@type":"Article","@id":"https:\/\/web.consaguirre.com.ar\/noticias\/elvis-costello-comparte-tema-inedito-de-vault-i-turn-around\/#article","isPartOf":{"@id":"https:\/\/web.consaguirre.com.ar\/noticias\/elvis-costello-comparte-tema-inedito-de-vault-i-turn-around\/"},"author":{"name":"Javier Figueroa","@id":"https:\/\/web.consaguirre.com.ar\/noticias\/#\/schema\/person\/6558b0cfedee7ddc5425602b237d5722"},"headline":"Elvis Costello comparte tema in\u00e9dito de Vault &#8216;I Turn Around&#8217;","datePublished":"2026-09-05T10:39:27+00:00","dateModified":"2026-09-05T10:39:28+00:00","mainEntityOfPage":{"@id":"https:\/\/web.consaguirre.com.ar\/noticias\/elvis-costello-comparte-tema-inedito-de-vault-i-turn-around\/"},"wordCount":395,"publisher":{"@id":"https:\/\/web.consaguirre.com.ar\/noticias\/#organization"},"image":{"@id":"https:\/\/web.consaguirre.com.ar\/noticias\/elvis-costello-comparte-tema-inedito-de-vault-i-turn-around\/#primaryimage"},"thumbnailUrl":"https:\/\/web.consaguirre.com.ar\/noticias\/wp-content\/uploads\/2026\/08\/Elvis-Costello-anuncia-la-caja-My-Aim-Is-True.jpg","keywords":["comparte","Costello","Elvis","in\u00e9dito","tema","Turn","Vault"],"articleSection":["El \u00faltimo"],"inLanguage":"es-AR"},{"@type":"WebPage","@id":"https:\/\/web.consaguirre.com.ar\/noticias\/elvis-costello-comparte-tema-inedito-de-vault-i-turn-around\/","url":"https:\/\/web.consaguirre.com.ar\/noticias\/elvis-costello-comparte-tema-inedito-de-vault-i-turn-around\/","name":"Elvis Costello comparte tema in\u00e9dito de Vault 'I Turn Around'","isPartOf":{"@id":"https:\/\/web.consaguirre.com.ar\/noticias\/#website"},"primaryImageOfPage":{"@id":"https:\/\/web.consaguirre.com.ar\/noticias\/elvis-costello-comparte-tema-inedito-de-vault-i-turn-around\/#primaryimage"},"image":{"@id":"https:\/\/web.consaguirre.com.ar\/noticias\/elvis-costello-comparte-tema-inedito-de-vault-i-turn-around\/#primaryimage"},"thumbnailUrl":"https:\/\/web.consaguirre.com.ar\/noticias\/wp-content\/uploads\/2026\/08\/Elvis-Costello-anuncia-la-caja-My-Aim-Is-True.jpg","datePublished":"2026-09-05T10:39:27+00:00","dateModified":"2026-09-05T10:39:28+00:00","breadcrumb":{"@id":"https:\/\/web.consaguirre.com.ar\/noticias\/elvis-costello-comparte-tema-inedito-de-vault-i-turn-around\/#breadcrumb"},"inLanguage":"es-AR","potentialAction":[{"@type":"ReadAction","target":["https:\/\/web.consaguirre.com.ar\/noticias\/elvis-costello-comparte-tema-inedito-de-vault-i-turn-around\/"]}]},{"@type":"ImageObject","inLanguage":"es-AR","@id":"https:\/\/web.consaguirre.com.ar\/noticias\/elvis-costello-comparte-tema-inedito-de-vault-i-turn-around\/#primaryimage","url":"https:\/\/web.consaguirre.com.ar\/noticias\/wp-content\/uploads\/2026\/08\/Elvis-Costello-anuncia-la-caja-My-Aim-Is-True.jpg","contentUrl":"https:\/\/web.consaguirre.com.ar\/noticias\/wp-content\/uploads\/2026\/08\/Elvis-Costello-anuncia-la-caja-My-Aim-Is-True.jpg","width":820,"height":820,"caption":"Elvis Costello My Aim Is True box set"},{"@type":"BreadcrumbList","@id":"https:\/\/web.consaguirre.com.ar\/noticias\/elvis-costello-comparte-tema-inedito-de-vault-i-turn-around\/#breadcrumb","itemListElement":[{"@type":"ListItem","position":1,"name":"Inicio","item":"https:\/\/web.consaguirre.com.ar\/noticias\/"},{"@type":"ListItem","position":2,"name":"Elvis Costello comparte tema in\u00e9dito de Vault &#8216;I Turn Around&#8217;"}]},{"@type":"WebSite","@id":"https:\/\/web.consaguirre.com.ar\/noticias\/#website","url":"https:\/\/web.consaguirre.com.ar\/noticias\/","name":"Conservatorio de M\u00fasica Juli\u00e1n Aguirre","description":"","publisher":{"@id":"https:\/\/web.consaguirre.com.ar\/noticias\/#organization"},"potentialAction":[{"@type":"SearchAction","target":{"@type":"EntryPoint","urlTemplate":"https:\/\/web.consaguirre.com.ar\/noticias\/?s={search_term_string}"},"query-input":"required name=search_term_string"}],"inLanguage":"es-AR"},{"@type":"Organization","@id":"https:\/\/web.consaguirre.com.ar\/noticias\/#organization","name":"Conservatorio de M\u00fasica Juli\u00e1n Aguirre","url":"https:\/\/web.consaguirre.com.ar\/noticias\/","logo":{"@type":"ImageObject","inLanguage":"es-AR","@id":"https:\/\/web.consaguirre.com.ar\/noticias\/#\/schema\/logo\/image\/","url":"https:\/\/web.consaguirre.com.ar\/noticias\/wp-content\/uploads\/2024\/08\/Banner-Aguirre-23.jpg","contentUrl":"https:\/\/web.consaguirre.com.ar\/noticias\/wp-content\/uploads\/2024\/08\/Banner-Aguirre-23.jpg","width":1192,"height":600,"caption":"Conservatorio de M\u00fasica Juli\u00e1n Aguirre"},"image":{"@id":"https:\/\/web.consaguirre.com.ar\/noticias\/#\/schema\/logo\/image\/"}},{"@type":"Person","@id":"https:\/\/web.consaguirre.com.ar\/noticias\/#\/schema\/person\/6558b0cfedee7ddc5425602b237d5722","name":"Javier Figueroa","image":{"@type":"ImageObject","inLanguage":"es-AR","@id":"https:\/\/web.consaguirre.com.ar\/noticias\/#\/schema\/person\/image\/","url":"https:\/\/web.consaguirre.com.ar\/noticias\/wp-content\/uploads\/2024\/08\/Consaguirre-scaled.jpg","contentUrl":"https:\/\/web.consaguirre.com.ar\/noticias\/wp-content\/uploads\/2024\/08\/Consaguirre-scaled.jpg","caption":"Javier Figueroa"},"description":"Me llamo Javier Figueroa y soy redactor para el sitio oficial del Conservatorio de M\u00fasica Juli\u00e1n Aguirre en Buenos Aires, consaguirre.com. Apasionado por la m\u00fasica y la escritura, me esfuerzo por destacar los talentos y eventos de nuestra prestigiosa instituci\u00f3n. Mi trayectoria se nutre de una profunda admiraci\u00f3n por los artistas, haciendo de cada art\u00edculo una celebraci\u00f3n de la creatividad y la cultura musical.","sameAs":["https:\/\/web.consaguirre.com.ar\/noticias"]}]}},"_links":{"self":[{"href":"https:\/\/web.consaguirre.com.ar\/noticias\/wp-json\/wp\/v2\/posts\/7797"}],"collection":[{"href":"https:\/\/web.consaguirre.com.ar\/noticias\/wp-json\/wp\/v2\/posts"}],"about":[{"href":"https:\/\/web.consaguirre.com.ar\/noticias\/wp-json\/wp\/v2\/types\/post"}],"author":[{"embeddable":true,"href":"https:\/\/web.consaguirre.com.ar\/noticias\/wp-json\/wp\/v2\/users\/1"}],"replies":[{"embeddable":true,"href":"https:\/\/web.consaguirre.com.ar\/noticias\/wp-json\/wp\/v2\/comments?post=7797"}],"version-history":[{"count":1,"href":"https:\/\/web.consaguirre.com.ar\/noticias\/wp-json\/wp\/v2\/posts\/7797\/revisions"}],"predecessor-version":[{"id":7798,"href":"https:\/\/web.consaguirre.com.ar\/noticias\/wp-json\/wp\/v2\/posts\/7797\/revisions\/7798"}],"wp:featuredmedia":[{"embeddable":true,"href":"https:\/\/web.consaguirre.com.ar\/noticias\/wp-json\/wp\/v2\/media\/7172"}],"wp:attachment":[{"href":"https:\/\/web.consaguirre.com.ar\/noticias\/wp-json\/wp\/v2\/media?parent=7797"}],"wp:term":[{"taxonomy":"category","embeddable":true,"href":"https:\/\/web.consaguirre.com.ar\/noticias\/wp-json\/wp\/v2\/categories?post=7797"},{"taxonomy":"post_tag","embeddable":true,"href":"https:\/\/web.consaguirre.com.ar\/noticias\/wp-json\/wp\/v2\/tags?post=7797"}],"curies":[{"name":"wp","href":"https:\/\/api.w.org\/{rel}","templated":true}]}}