{"id":7795,"date":"2026-09-05T03:38:16","date_gmt":"2026-09-05T06:38:16","guid":{"rendered":"https:\/\/web.consaguirre.com.ar\/noticias\/ziggy-marley-y-the-melody-makers-anuncian-fechas-de-gira-por-norteamerica\/"},"modified":"2026-09-05T03:38:17","modified_gmt":"2026-09-05T06:38:17","slug":"ziggy-marley-y-the-melody-makers-anuncian-fechas-de-gira-por-norteamerica","status":"publish","type":"post","link":"https:\/\/web.consaguirre.com.ar\/noticias\/ziggy-marley-y-the-melody-makers-anuncian-fechas-de-gira-por-norteamerica\/","title":{"rendered":"Ziggy Marley y The Melody Makers anuncian fechas de gira por Norteam\u00e9rica"},"content":{"rendered":"<p>Ziggy Marley &#038; The Melody Makers saldr\u00e1n de gira este oto\u00f1o. El grupo ha anunciado una gira por Am\u00e9rica del Norte, que comenzar\u00e1 el 17 de septiembre y pasar\u00e1 por ciudades como Nueva York, Austin, Asheville y m\u00e1s.<\/p>\n<p>La gira comprende una serie de espect\u00e1culos como cabeza de cartel en solitario, espect\u00e1culos co-encabezados con los rockeros sure\u00f1os Gov&#8217;t Mule y algunas fechas de festivales al aire libre. Entre los festivales en agenda se encuentran Sea.Hear.Now en Asbury Park, Ravinia Festival en Chicago y MEMPHO Fest en Memphis. La carrera concluir\u00e1 con un espect\u00e1culo final en El Patio de Puerto Rico el 20 de octubre.<\/p>\n<p>Marley y compa\u00f1\u00eda. est\u00e1n tocando en apoyo de su m\u00e1s reciente \u00e1lbum en solitario <em>Lado positivo<\/em>que sali\u00f3 el 18 de abril. El primer \u00e1lbum nuevo de Marley en ocho a\u00f1os presenta a Trombone Shorty, Sheila E., Nikka Costa y Jake Shimabukuro. Antes del lanzamiento, pas\u00f3 por <em>Jimmy Kimmel<\/em> para estrenar el tema \u201cRacism Is A Killa\u201d.<\/p>\n<p>Marley eligi\u00f3 grabar el \u00e1lbum en 432 hz, unos pasos por debajo de la afinaci\u00f3n musical est\u00e1ndar de 440 hz. &#8220;Independientemente de lo que digan que hace (vibra cerca de la frecuencia que lo hacen los seres humanos y tambi\u00e9n se usa para la meditaci\u00f3n), si no sintiera lo que siento, entonces no lo usar\u00eda&#8221;, dijo. <em>Cartelera<\/em> a principios de este a\u00f1o. &#8220;Esta es la \u00fanica frecuencia que usar\u00e9 a partir de ahora&#8221;.<\/p>\n<div align=\"center\">\n<div class=\"udiscover-store-container\">\n<div id='udiscover-store-three-product'><\/div>\n<\/div>\n<p>\/*<!(CDATA(*\/(function (){var scriptURL='https:\/\/sdks.shopifycdn.com\/buy-button\/latest\/buy-button-storefront.min.js';if(window.ShopifyBuy){if(window.ShopifyBuy.UI){ShopifyBuyInit();}else{loadScript();}}else{loadScript();}funci\u00f3n loadScript(){var script=document.createElement('script');script.async=true;script.src=scriptURL;(document.getElementsByTagName('head')(0)|| document.getElementsByTagName('body')(0)).appendChild(script);script.onload=ShopifyBuyInit;} function ShopifyBuyInit(){var cliente=ShopifyBuy.buildClient({dominio:'udiscover.myshopify.com',storefrontAccessToken: 'bdc89f347d2ce61c1feeb9f8c60b2b98',}); ShopifyBuy.UI.onReady(cliente).luego(funci\u00f3n(ui){ ui.createComponent('productSet',{ id:(7916791529549,7916791562317,7916791496781), nodo:document.getElementById('udiscover-store-tres-productos'), moneyFormat:'%24%7B%7Bamount%7D%7D', opciones:{&quot;producto&quot;:{&quot;marco flotante&quot;:FALSO,&quot;eventos&quot;:{antes deInit:funci\u00f3n(producto){Objeto.defineProperty(producto,&quot;es bot\u00f3n&quot;,{get:function(){return true;}});Object.defineProperty(producto,&quot;opciones&quot;{get:function(){return this.config(this.typeKey);}});var actualOnButtonClick=product.onButtonClick;product.onButtonClick=function(event,target) {event.stopImmediatePropagation();this.options.buttonDestination=&quot;modal&quot;;actualOnButtonClick.call(este,evento,destino);};}},\n&quot;bot\u00f3nDestino&quot;:&quot;modal&quot;,&quot;contenido&quot;:{&quot;opciones&quot;:verdadero},&quot;texto&quot;:{&quot;bot\u00f3n&quot;:&quot;Ordene ahora&quot;,&quot;Agotado&quot;:&quot;Lo sentimos, esto est\u00e1 agotado.&quot;}},&quot;conjunto de productos&quot;:{&quot;marco flotante&quot;:FALSO},&quot;modalProducto&quot;:{&quot;marco flotante&quot;:FALSO,&quot;contenido&quot;:{&quot;imagen&quot;:FALSO,&quot;imgConCarrusel&quot;:verdadero,&quot;bot\u00f3n&quot;:FALSO,&quot;bot\u00f3nConCantidad&quot;:verdadero}},&quot;modal&quot;:{&quot;marco flotante&quot;:FALSO},&quot;opci\u00f3n&quot;:{&quot;marco flotante&quot;:FALSO},&quot;carro&quot;:{&quot;marco flotante&quot;:FALSO},&quot;palanca&quot;:{&quot;marco flotante&quot;:FALSO,&quot;contenido&quot;:{&quot;icono&quot;:FALSO}},&quot;art\u00edculo de l\u00ednea&quot;:{&quot;marco flotante&quot;:FALSO}},}); }); } })(); \/*))>*\/ <\/div>\n<\/p>\n<p>El grupo se embarcar\u00e1 en su gira apenas una semana antes de lanzar la primera edici\u00f3n en vinilo de su \u00e1lbum de 1988. <em>Partido Consciente<\/em>. El disco fue producido por Chris Frantz y Tina Weymouth, miembros de Tom Tom Club y la secci\u00f3n r\u00edtmica de Talking Heads. Gan\u00f3 un premio Grammy al Mejor \u00c1lbum de Reggae en 1989 y cont\u00f3 con \u00e9xitos como &#8220;Tomorrow People&#8221; y &#8220;Tumblin&#8217; Down&#8221;.<\/p>\n<p>La nueva versi\u00f3n inclu\u00eda una pista que anteriormente s\u00f3lo hab\u00eda estado disponible en CD, \u201cWe A Guh Some Sum Weh\u201d. Un lujo digital tambi\u00e9n se completa con un remix de \u201cTomorrow People\u201d, una edici\u00f3n de Bomb Squad de \u201cTumblin&#8217; Down\u201d y una versi\u00f3n en vivo de \u201cLee And Molly\u201d grabada en el Spectrum de Filadelfia en 1988.<\/p>\n<p><b>Comprar Ziggy Marley&#8217;s <em>Partido Consciente<\/em> en vinilo aqu\u00ed.<\/b><\/p>\n<p>&nbsp;<\/p>\n","protected":false},"excerpt":{"rendered":"<p>Ziggy Marley &#038; The Melody Makers saldr\u00e1n de gira este oto\u00f1o. El grupo ha anunciado una gira por Am\u00e9rica del Norte, que comenzar\u00e1 el 17<\/p>\n","protected":false},"author":1,"featured_media":7611,"comment_status":"closed","ping_status":"","sticky":false,"template":"","format":"standard","meta":{"footnotes":""},"categories":[50],"tags":[725,1299,492,4987,781,4986,1377,96,4985],"class_list":["post-7795","post","type-post","status-publish","format-standard","has-post-thumbnail","hentry","category-el-ultimo","tag-anuncian","tag-fechas","tag-gira","tag-makers","tag-marley","tag-melody","tag-norteamerica","tag-por","tag-ziggy","generate-columns","tablet-grid-50","mobile-grid-100","grid-parent","grid-50"],"yoast_head":"<!-- This site is optimized with the Yoast SEO plugin v23.3 - https:\/\/yoast.com\/wordpress\/plugins\/seo\/ -->\n<title>Ziggy Marley y The Melody Makers anuncian fechas de gira por Norteam\u00e9rica<\/title>\n<meta name=\"robots\" content=\"index, follow, max-snippet:-1, max-image-preview:large, max-video-preview:-1\" \/>\n<link rel=\"canonical\" href=\"https:\/\/web.consaguirre.com.ar\/noticias\/ziggy-marley-y-the-melody-makers-anuncian-fechas-de-gira-por-norteamerica\/\" \/>\n<meta property=\"og:locale\" content=\"es_ES\" \/>\n<meta property=\"og:type\" content=\"article\" \/>\n<meta property=\"og:title\" content=\"Ziggy Marley y The Melody Makers anuncian fechas de gira por Norteam\u00e9rica\" \/>\n<meta property=\"og:description\" content=\"Ziggy Marley &#038; The Melody Makers saldr\u00e1n de gira este oto\u00f1o. El grupo ha anunciado una gira por Am\u00e9rica del Norte, que comenzar\u00e1 el 17\" \/>\n<meta property=\"og:url\" content=\"https:\/\/web.consaguirre.com.ar\/noticias\/ziggy-marley-y-the-melody-makers-anuncian-fechas-de-gira-por-norteamerica\/\" \/>\n<meta property=\"og:site_name\" content=\"Conservatorio de M\u00fasica Juli\u00e1n Aguirre\" \/>\n<meta property=\"article:published_time\" content=\"2026-09-05T06:38:16+00:00\" \/>\n<meta property=\"article:modified_time\" content=\"2026-09-05T06:38:17+00:00\" \/>\n<meta property=\"og:image\" content=\"https:\/\/web.consaguirre.com.ar\/noticias\/wp-content\/uploads\/2026\/08\/Ziggy-Marley-interpreta-Racism-Is-A-Killa-en-Kimmel.jpg\" \/>\n\t<meta property=\"og:image:width\" content=\"820\" \/>\n\t<meta property=\"og:image:height\" content=\"820\" \/>\n\t<meta property=\"og:image:type\" content=\"image\/jpeg\" \/>\n<meta name=\"author\" content=\"Javier Figueroa\" \/>\n<meta name=\"twitter:card\" content=\"summary_large_image\" \/>\n<meta name=\"twitter:label1\" content=\"Escrito por\" \/>\n\t<meta name=\"twitter:data1\" content=\"Javier Figueroa\" \/>\n\t<meta name=\"twitter:label2\" content=\"Tiempo de lectura\" \/>\n\t<meta name=\"twitter:data2\" content=\"2 minutos\" \/>\n<script type=\"application\/ld+json\" class=\"yoast-schema-graph\">{\"@context\":\"https:\/\/schema.org\",\"@graph\":[{\"@type\":\"Article\",\"@id\":\"https:\/\/web.consaguirre.com.ar\/noticias\/ziggy-marley-y-the-melody-makers-anuncian-fechas-de-gira-por-norteamerica\/#article\",\"isPartOf\":{\"@id\":\"https:\/\/web.consaguirre.com.ar\/noticias\/ziggy-marley-y-the-melody-makers-anuncian-fechas-de-gira-por-norteamerica\/\"},\"author\":{\"name\":\"Javier Figueroa\",\"@id\":\"https:\/\/web.consaguirre.com.ar\/noticias\/#\/schema\/person\/6558b0cfedee7ddc5425602b237d5722\"},\"headline\":\"Ziggy Marley y The Melody Makers anuncian fechas de gira por Norteam\u00e9rica\",\"datePublished\":\"2026-09-05T06:38:16+00:00\",\"dateModified\":\"2026-09-05T06:38:17+00:00\",\"mainEntityOfPage\":{\"@id\":\"https:\/\/web.consaguirre.com.ar\/noticias\/ziggy-marley-y-the-melody-makers-anuncian-fechas-de-gira-por-norteamerica\/\"},\"wordCount\":403,\"publisher\":{\"@id\":\"https:\/\/web.consaguirre.com.ar\/noticias\/#organization\"},\"image\":{\"@id\":\"https:\/\/web.consaguirre.com.ar\/noticias\/ziggy-marley-y-the-melody-makers-anuncian-fechas-de-gira-por-norteamerica\/#primaryimage\"},\"thumbnailUrl\":\"https:\/\/web.consaguirre.com.ar\/noticias\/wp-content\/uploads\/2026\/08\/Ziggy-Marley-interpreta-Racism-Is-A-Killa-en-Kimmel.jpg\",\"keywords\":[\"anuncian\",\"fechas\",\"gira\",\"Makers\",\"Marley\",\"Melody\",\"Norteam\u00e9rica\",\"por\",\"Ziggy\"],\"articleSection\":[\"El \u00faltimo\"],\"inLanguage\":\"es-AR\"},{\"@type\":\"WebPage\",\"@id\":\"https:\/\/web.consaguirre.com.ar\/noticias\/ziggy-marley-y-the-melody-makers-anuncian-fechas-de-gira-por-norteamerica\/\",\"url\":\"https:\/\/web.consaguirre.com.ar\/noticias\/ziggy-marley-y-the-melody-makers-anuncian-fechas-de-gira-por-norteamerica\/\",\"name\":\"Ziggy Marley y The Melody Makers anuncian fechas de gira por Norteam\u00e9rica\",\"isPartOf\":{\"@id\":\"https:\/\/web.consaguirre.com.ar\/noticias\/#website\"},\"primaryImageOfPage\":{\"@id\":\"https:\/\/web.consaguirre.com.ar\/noticias\/ziggy-marley-y-the-melody-makers-anuncian-fechas-de-gira-por-norteamerica\/#primaryimage\"},\"image\":{\"@id\":\"https:\/\/web.consaguirre.com.ar\/noticias\/ziggy-marley-y-the-melody-makers-anuncian-fechas-de-gira-por-norteamerica\/#primaryimage\"},\"thumbnailUrl\":\"https:\/\/web.consaguirre.com.ar\/noticias\/wp-content\/uploads\/2026\/08\/Ziggy-Marley-interpreta-Racism-Is-A-Killa-en-Kimmel.jpg\",\"datePublished\":\"2026-09-05T06:38:16+00:00\",\"dateModified\":\"2026-09-05T06:38:17+00:00\",\"breadcrumb\":{\"@id\":\"https:\/\/web.consaguirre.com.ar\/noticias\/ziggy-marley-y-the-melody-makers-anuncian-fechas-de-gira-por-norteamerica\/#breadcrumb\"},\"inLanguage\":\"es-AR\",\"potentialAction\":[{\"@type\":\"ReadAction\",\"target\":[\"https:\/\/web.consaguirre.com.ar\/noticias\/ziggy-marley-y-the-melody-makers-anuncian-fechas-de-gira-por-norteamerica\/\"]}]},{\"@type\":\"ImageObject\",\"inLanguage\":\"es-AR\",\"@id\":\"https:\/\/web.consaguirre.com.ar\/noticias\/ziggy-marley-y-the-melody-makers-anuncian-fechas-de-gira-por-norteamerica\/#primaryimage\",\"url\":\"https:\/\/web.consaguirre.com.ar\/noticias\/wp-content\/uploads\/2026\/08\/Ziggy-Marley-interpreta-Racism-Is-A-Killa-en-Kimmel.jpg\",\"contentUrl\":\"https:\/\/web.consaguirre.com.ar\/noticias\/wp-content\/uploads\/2026\/08\/Ziggy-Marley-interpreta-Racism-Is-A-Killa-en-Kimmel.jpg\",\"width\":820,\"height\":820,\"caption\":\"Ziggy Marley Conscious Party\"},{\"@type\":\"BreadcrumbList\",\"@id\":\"https:\/\/web.consaguirre.com.ar\/noticias\/ziggy-marley-y-the-melody-makers-anuncian-fechas-de-gira-por-norteamerica\/#breadcrumb\",\"itemListElement\":[{\"@type\":\"ListItem\",\"position\":1,\"name\":\"Inicio\",\"item\":\"https:\/\/web.consaguirre.com.ar\/noticias\/\"},{\"@type\":\"ListItem\",\"position\":2,\"name\":\"Ziggy Marley y The Melody Makers anuncian fechas de gira por Norteam\u00e9rica\"}]},{\"@type\":\"WebSite\",\"@id\":\"https:\/\/web.consaguirre.com.ar\/noticias\/#website\",\"url\":\"https:\/\/web.consaguirre.com.ar\/noticias\/\",\"name\":\"Conservatorio de M\u00fasica Juli\u00e1n Aguirre\",\"description\":\"\",\"publisher\":{\"@id\":\"https:\/\/web.consaguirre.com.ar\/noticias\/#organization\"},\"potentialAction\":[{\"@type\":\"SearchAction\",\"target\":{\"@type\":\"EntryPoint\",\"urlTemplate\":\"https:\/\/web.consaguirre.com.ar\/noticias\/?s={search_term_string}\"},\"query-input\":\"required name=search_term_string\"}],\"inLanguage\":\"es-AR\"},{\"@type\":\"Organization\",\"@id\":\"https:\/\/web.consaguirre.com.ar\/noticias\/#organization\",\"name\":\"Conservatorio de M\u00fasica Juli\u00e1n Aguirre\",\"url\":\"https:\/\/web.consaguirre.com.ar\/noticias\/\",\"logo\":{\"@type\":\"ImageObject\",\"inLanguage\":\"es-AR\",\"@id\":\"https:\/\/web.consaguirre.com.ar\/noticias\/#\/schema\/logo\/image\/\",\"url\":\"https:\/\/web.consaguirre.com.ar\/noticias\/wp-content\/uploads\/2024\/08\/Banner-Aguirre-23.jpg\",\"contentUrl\":\"https:\/\/web.consaguirre.com.ar\/noticias\/wp-content\/uploads\/2024\/08\/Banner-Aguirre-23.jpg\",\"width\":1192,\"height\":600,\"caption\":\"Conservatorio de M\u00fasica Juli\u00e1n Aguirre\"},\"image\":{\"@id\":\"https:\/\/web.consaguirre.com.ar\/noticias\/#\/schema\/logo\/image\/\"}},{\"@type\":\"Person\",\"@id\":\"https:\/\/web.consaguirre.com.ar\/noticias\/#\/schema\/person\/6558b0cfedee7ddc5425602b237d5722\",\"name\":\"Javier Figueroa\",\"image\":{\"@type\":\"ImageObject\",\"inLanguage\":\"es-AR\",\"@id\":\"https:\/\/web.consaguirre.com.ar\/noticias\/#\/schema\/person\/image\/\",\"url\":\"https:\/\/web.consaguirre.com.ar\/noticias\/wp-content\/uploads\/2024\/08\/Consaguirre-scaled.jpg\",\"contentUrl\":\"https:\/\/web.consaguirre.com.ar\/noticias\/wp-content\/uploads\/2024\/08\/Consaguirre-scaled.jpg\",\"caption\":\"Javier Figueroa\"},\"description\":\"Me llamo Javier Figueroa y soy redactor para el sitio oficial del Conservatorio de M\u00fasica Juli\u00e1n Aguirre en Buenos Aires, consaguirre.com. Apasionado por la m\u00fasica y la escritura, me esfuerzo por destacar los talentos y eventos de nuestra prestigiosa instituci\u00f3n. Mi trayectoria se nutre de una profunda admiraci\u00f3n por los artistas, haciendo de cada art\u00edculo una celebraci\u00f3n de la creatividad y la cultura musical.\",\"sameAs\":[\"https:\/\/web.consaguirre.com.ar\/noticias\"]}]}<\/script>\n<!-- \/ Yoast SEO plugin. -->","yoast_head_json":{"title":"Ziggy Marley y The Melody Makers anuncian fechas de gira por Norteam\u00e9rica","robots":{"index":"index","follow":"follow","max-snippet":"max-snippet:-1","max-image-preview":"max-image-preview:large","max-video-preview":"max-video-preview:-1"},"canonical":"https:\/\/web.consaguirre.com.ar\/noticias\/ziggy-marley-y-the-melody-makers-anuncian-fechas-de-gira-por-norteamerica\/","og_locale":"es_ES","og_type":"article","og_title":"Ziggy Marley y The Melody Makers anuncian fechas de gira por Norteam\u00e9rica","og_description":"Ziggy Marley &#038; The Melody Makers saldr\u00e1n de gira este oto\u00f1o. El grupo ha anunciado una gira por Am\u00e9rica del Norte, que comenzar\u00e1 el 17","og_url":"https:\/\/web.consaguirre.com.ar\/noticias\/ziggy-marley-y-the-melody-makers-anuncian-fechas-de-gira-por-norteamerica\/","og_site_name":"Conservatorio de M\u00fasica Juli\u00e1n Aguirre","article_published_time":"2026-09-05T06:38:16+00:00","article_modified_time":"2026-09-05T06:38:17+00:00","og_image":[{"width":820,"height":820,"url":"https:\/\/web.consaguirre.com.ar\/noticias\/wp-content\/uploads\/2026\/08\/Ziggy-Marley-interpreta-Racism-Is-A-Killa-en-Kimmel.jpg","type":"image\/jpeg"}],"author":"Javier Figueroa","twitter_card":"summary_large_image","twitter_misc":{"Escrito por":"Javier Figueroa","Tiempo de lectura":"2 minutos"},"schema":{"@context":"https:\/\/schema.org","@graph":[{"@type":"Article","@id":"https:\/\/web.consaguirre.com.ar\/noticias\/ziggy-marley-y-the-melody-makers-anuncian-fechas-de-gira-por-norteamerica\/#article","isPartOf":{"@id":"https:\/\/web.consaguirre.com.ar\/noticias\/ziggy-marley-y-the-melody-makers-anuncian-fechas-de-gira-por-norteamerica\/"},"author":{"name":"Javier Figueroa","@id":"https:\/\/web.consaguirre.com.ar\/noticias\/#\/schema\/person\/6558b0cfedee7ddc5425602b237d5722"},"headline":"Ziggy Marley y The Melody Makers anuncian fechas de gira por Norteam\u00e9rica","datePublished":"2026-09-05T06:38:16+00:00","dateModified":"2026-09-05T06:38:17+00:00","mainEntityOfPage":{"@id":"https:\/\/web.consaguirre.com.ar\/noticias\/ziggy-marley-y-the-melody-makers-anuncian-fechas-de-gira-por-norteamerica\/"},"wordCount":403,"publisher":{"@id":"https:\/\/web.consaguirre.com.ar\/noticias\/#organization"},"image":{"@id":"https:\/\/web.consaguirre.com.ar\/noticias\/ziggy-marley-y-the-melody-makers-anuncian-fechas-de-gira-por-norteamerica\/#primaryimage"},"thumbnailUrl":"https:\/\/web.consaguirre.com.ar\/noticias\/wp-content\/uploads\/2026\/08\/Ziggy-Marley-interpreta-Racism-Is-A-Killa-en-Kimmel.jpg","keywords":["anuncian","fechas","gira","Makers","Marley","Melody","Norteam\u00e9rica","por","Ziggy"],"articleSection":["El \u00faltimo"],"inLanguage":"es-AR"},{"@type":"WebPage","@id":"https:\/\/web.consaguirre.com.ar\/noticias\/ziggy-marley-y-the-melody-makers-anuncian-fechas-de-gira-por-norteamerica\/","url":"https:\/\/web.consaguirre.com.ar\/noticias\/ziggy-marley-y-the-melody-makers-anuncian-fechas-de-gira-por-norteamerica\/","name":"Ziggy Marley y The Melody Makers anuncian fechas de gira por Norteam\u00e9rica","isPartOf":{"@id":"https:\/\/web.consaguirre.com.ar\/noticias\/#website"},"primaryImageOfPage":{"@id":"https:\/\/web.consaguirre.com.ar\/noticias\/ziggy-marley-y-the-melody-makers-anuncian-fechas-de-gira-por-norteamerica\/#primaryimage"},"image":{"@id":"https:\/\/web.consaguirre.com.ar\/noticias\/ziggy-marley-y-the-melody-makers-anuncian-fechas-de-gira-por-norteamerica\/#primaryimage"},"thumbnailUrl":"https:\/\/web.consaguirre.com.ar\/noticias\/wp-content\/uploads\/2026\/08\/Ziggy-Marley-interpreta-Racism-Is-A-Killa-en-Kimmel.jpg","datePublished":"2026-09-05T06:38:16+00:00","dateModified":"2026-09-05T06:38:17+00:00","breadcrumb":{"@id":"https:\/\/web.consaguirre.com.ar\/noticias\/ziggy-marley-y-the-melody-makers-anuncian-fechas-de-gira-por-norteamerica\/#breadcrumb"},"inLanguage":"es-AR","potentialAction":[{"@type":"ReadAction","target":["https:\/\/web.consaguirre.com.ar\/noticias\/ziggy-marley-y-the-melody-makers-anuncian-fechas-de-gira-por-norteamerica\/"]}]},{"@type":"ImageObject","inLanguage":"es-AR","@id":"https:\/\/web.consaguirre.com.ar\/noticias\/ziggy-marley-y-the-melody-makers-anuncian-fechas-de-gira-por-norteamerica\/#primaryimage","url":"https:\/\/web.consaguirre.com.ar\/noticias\/wp-content\/uploads\/2026\/08\/Ziggy-Marley-interpreta-Racism-Is-A-Killa-en-Kimmel.jpg","contentUrl":"https:\/\/web.consaguirre.com.ar\/noticias\/wp-content\/uploads\/2026\/08\/Ziggy-Marley-interpreta-Racism-Is-A-Killa-en-Kimmel.jpg","width":820,"height":820,"caption":"Ziggy Marley Conscious Party"},{"@type":"BreadcrumbList","@id":"https:\/\/web.consaguirre.com.ar\/noticias\/ziggy-marley-y-the-melody-makers-anuncian-fechas-de-gira-por-norteamerica\/#breadcrumb","itemListElement":[{"@type":"ListItem","position":1,"name":"Inicio","item":"https:\/\/web.consaguirre.com.ar\/noticias\/"},{"@type":"ListItem","position":2,"name":"Ziggy Marley y The Melody Makers anuncian fechas de gira por Norteam\u00e9rica"}]},{"@type":"WebSite","@id":"https:\/\/web.consaguirre.com.ar\/noticias\/#website","url":"https:\/\/web.consaguirre.com.ar\/noticias\/","name":"Conservatorio de M\u00fasica Juli\u00e1n Aguirre","description":"","publisher":{"@id":"https:\/\/web.consaguirre.com.ar\/noticias\/#organization"},"potentialAction":[{"@type":"SearchAction","target":{"@type":"EntryPoint","urlTemplate":"https:\/\/web.consaguirre.com.ar\/noticias\/?s={search_term_string}"},"query-input":"required name=search_term_string"}],"inLanguage":"es-AR"},{"@type":"Organization","@id":"https:\/\/web.consaguirre.com.ar\/noticias\/#organization","name":"Conservatorio de M\u00fasica Juli\u00e1n Aguirre","url":"https:\/\/web.consaguirre.com.ar\/noticias\/","logo":{"@type":"ImageObject","inLanguage":"es-AR","@id":"https:\/\/web.consaguirre.com.ar\/noticias\/#\/schema\/logo\/image\/","url":"https:\/\/web.consaguirre.com.ar\/noticias\/wp-content\/uploads\/2024\/08\/Banner-Aguirre-23.jpg","contentUrl":"https:\/\/web.consaguirre.com.ar\/noticias\/wp-content\/uploads\/2024\/08\/Banner-Aguirre-23.jpg","width":1192,"height":600,"caption":"Conservatorio de M\u00fasica Juli\u00e1n Aguirre"},"image":{"@id":"https:\/\/web.consaguirre.com.ar\/noticias\/#\/schema\/logo\/image\/"}},{"@type":"Person","@id":"https:\/\/web.consaguirre.com.ar\/noticias\/#\/schema\/person\/6558b0cfedee7ddc5425602b237d5722","name":"Javier Figueroa","image":{"@type":"ImageObject","inLanguage":"es-AR","@id":"https:\/\/web.consaguirre.com.ar\/noticias\/#\/schema\/person\/image\/","url":"https:\/\/web.consaguirre.com.ar\/noticias\/wp-content\/uploads\/2024\/08\/Consaguirre-scaled.jpg","contentUrl":"https:\/\/web.consaguirre.com.ar\/noticias\/wp-content\/uploads\/2024\/08\/Consaguirre-scaled.jpg","caption":"Javier Figueroa"},"description":"Me llamo Javier Figueroa y soy redactor para el sitio oficial del Conservatorio de M\u00fasica Juli\u00e1n Aguirre en Buenos Aires, consaguirre.com. Apasionado por la m\u00fasica y la escritura, me esfuerzo por destacar los talentos y eventos de nuestra prestigiosa instituci\u00f3n. Mi trayectoria se nutre de una profunda admiraci\u00f3n por los artistas, haciendo de cada art\u00edculo una celebraci\u00f3n de la creatividad y la cultura musical.","sameAs":["https:\/\/web.consaguirre.com.ar\/noticias"]}]}},"_links":{"self":[{"href":"https:\/\/web.consaguirre.com.ar\/noticias\/wp-json\/wp\/v2\/posts\/7795"}],"collection":[{"href":"https:\/\/web.consaguirre.com.ar\/noticias\/wp-json\/wp\/v2\/posts"}],"about":[{"href":"https:\/\/web.consaguirre.com.ar\/noticias\/wp-json\/wp\/v2\/types\/post"}],"author":[{"embeddable":true,"href":"https:\/\/web.consaguirre.com.ar\/noticias\/wp-json\/wp\/v2\/users\/1"}],"replies":[{"embeddable":true,"href":"https:\/\/web.consaguirre.com.ar\/noticias\/wp-json\/wp\/v2\/comments?post=7795"}],"version-history":[{"count":1,"href":"https:\/\/web.consaguirre.com.ar\/noticias\/wp-json\/wp\/v2\/posts\/7795\/revisions"}],"predecessor-version":[{"id":7796,"href":"https:\/\/web.consaguirre.com.ar\/noticias\/wp-json\/wp\/v2\/posts\/7795\/revisions\/7796"}],"wp:featuredmedia":[{"embeddable":true,"href":"https:\/\/web.consaguirre.com.ar\/noticias\/wp-json\/wp\/v2\/media\/7611"}],"wp:attachment":[{"href":"https:\/\/web.consaguirre.com.ar\/noticias\/wp-json\/wp\/v2\/media?parent=7795"}],"wp:term":[{"taxonomy":"category","embeddable":true,"href":"https:\/\/web.consaguirre.com.ar\/noticias\/wp-json\/wp\/v2\/categories?post=7795"},{"taxonomy":"post_tag","embeddable":true,"href":"https:\/\/web.consaguirre.com.ar\/noticias\/wp-json\/wp\/v2\/tags?post=7795"}],"curies":[{"name":"wp","href":"https:\/\/api.w.org\/{rel}","templated":true}]}}