{"id":7792,"date":"2026-09-04T23:38:10","date_gmt":"2026-09-05T02:38:10","guid":{"rendered":"https:\/\/web.consaguirre.com.ar\/noticias\/am-to-pm-de-christina-milian-llega-a-youtube-despues-de-25-anos\/"},"modified":"2026-09-04T23:38:11","modified_gmt":"2026-09-05T02:38:11","slug":"am-to-pm-de-christina-milian-llega-a-youtube-despues-de-25-anos","status":"publish","type":"post","link":"https:\/\/web.consaguirre.com.ar\/noticias\/am-to-pm-de-christina-milian-llega-a-youtube-despues-de-25-anos\/","title":{"rendered":"&#8216;AM to PM&#8217; de Christina Milian llega a YouTube despu\u00e9s de 25 a\u00f1os"},"content":{"rendered":"<p>La espera ha terminado para los fans de Christina Milian. 25 a\u00f1os despu\u00e9s de su lanzamiento, la exitosa canci\u00f3n del cantante, \u201cAM to PM\u201d, finalmente llega oficialmente a YouTube. El clip dirigido por Dave Meyers ya est\u00e1 disponible para verlo en la plataforma, listo para recordarle a toda una nueva generaci\u00f3n por qu\u00e9 el p\u00fablico se enamor\u00f3 de Milian en 2001.<\/p>\n<p>El v\u00eddeo musical de \u201cAM to PM\u201d es un cl\u00e1sico del <em>TRL<\/em> era. El clip se centra en Milian despert\u00e1ndose y prepar\u00e1ndose para salir antes de escaparse de la casa y esconderse de su madre. Se sube a un coche con sus amigas y conduce hasta el club, donde las chicas pueden saltarse la cola. Despu\u00e9s de bailar toda la noche con sus hijas, Milian sale del club y regresa sigilosamente a su casa, pasando a escondidas por su padre a\u00fan despierto y meti\u00e9ndose en la cama, haciendo que la expresi\u00f3n &#8220;AM to PM&#8221; sea muy literal.<\/p>\n<div class=\"uD-YT-container\"><img decoding=\"async\" src=\"https:\/\/web.consaguirre.com.ar\/noticias\/wp-content\/uploads\/2026\/09\/1788575890_692_AM-to-PM-de-Christina-Milian-llega-a-YouTube-despues.jpg\" alt=\"V\u00eddeo de YouTube\"><br \/>Haga clic para cargar v\u00eddeo<\/div>\n<p>\u201cAM to PM\u201d fue el sencillo debut en solitario de Milian, lanzado cuando todav\u00eda ten\u00eda 19 a\u00f1os. La canci\u00f3n lleg\u00f3 inmediatamente despu\u00e9s de su primer sencillo, en el que apareci\u00f3 como artista destacada en la canci\u00f3n de Ja Rule, \u201cBetween Me and You\u201d. El sencillo fue un gran \u00e9xito y present\u00f3 a Milian a una audiencia m\u00e1s adulta despu\u00e9s de a\u00f1os trabajando en programas de televisi\u00f3n para adolescentes y para Disney. \u201cAM to PM\u201d tambi\u00e9n fue un gran \u00e9xito, alcanzando el puesto 27 en el Billboard Hot 100 en los Estados Unidos y llegando hasta el n\u00famero 3 en la lista de sencillos del Reino Unido. \u201cAM to PM\u201d tambi\u00e9n inici\u00f3 una exitosa racha de sencillos en la d\u00e9cada de 2000, incluidas colaboraciones memorables con raperos como Fabolous, Young Jeezy, Lil Wayne y Jay Z.<\/p>\n<p>Incluso 25 a\u00f1os despu\u00e9s, \u201cAM to PM\u201d sigue siendo uno de los favoritos de los fans de Milian en todo el mundo. La cantante nacida en Nueva Jersey se sorprendi\u00f3 a\u00f1os m\u00e1s tarde al ver cu\u00e1n entusiastas estaban los fan\u00e1ticos en lugares tan lejanos como Nueva Zelanda cuando interpret\u00f3 la canci\u00f3n en 2017. &#8220;Definitivamente me deja boquiabierto&#8221;, dijo. <em>Luz ambiental<\/em>. &#8220;Creo que cuando pude ver incluso esta noche, \u00a1esas reacciones a las canciones!&#8221;<\/p>\n","protected":false},"excerpt":{"rendered":"<p>La espera ha terminado para los fans de Christina Milian. 25 a\u00f1os despu\u00e9s de su lanzamiento, la exitosa canci\u00f3n del cantante, \u201cAM to PM\u201d, finalmente<\/p>\n","protected":false},"author":1,"featured_media":7793,"comment_status":"closed","ping_status":"","sticky":false,"template":"","format":"standard","meta":{"footnotes":""},"categories":[50],"tags":[115,5233,539,542,5234,217],"class_list":["post-7792","post","type-post","status-publish","format-standard","has-post-thumbnail","hentry","category-el-ultimo","tag-anos","tag-christina","tag-despues","tag-llega","tag-milian","tag-youtube","generate-columns","tablet-grid-50","mobile-grid-100","grid-parent","grid-50"],"yoast_head":"<!-- This site is optimized with the Yoast SEO plugin v23.3 - https:\/\/yoast.com\/wordpress\/plugins\/seo\/ -->\n<title>&#039;AM to PM&#039; de Christina Milian llega a YouTube despu\u00e9s de 25 a\u00f1os<\/title>\n<meta name=\"robots\" content=\"index, follow, max-snippet:-1, max-image-preview:large, max-video-preview:-1\" \/>\n<link rel=\"canonical\" href=\"https:\/\/web.consaguirre.com.ar\/noticias\/am-to-pm-de-christina-milian-llega-a-youtube-despues-de-25-anos\/\" \/>\n<meta property=\"og:locale\" content=\"es_ES\" \/>\n<meta property=\"og:type\" content=\"article\" \/>\n<meta property=\"og:title\" content=\"&#039;AM to PM&#039; de Christina Milian llega a YouTube despu\u00e9s de 25 a\u00f1os\" \/>\n<meta property=\"og:description\" content=\"La espera ha terminado para los fans de Christina Milian. 25 a\u00f1os despu\u00e9s de su lanzamiento, la exitosa canci\u00f3n del cantante, \u201cAM to PM\u201d, finalmente\" \/>\n<meta property=\"og:url\" content=\"https:\/\/web.consaguirre.com.ar\/noticias\/am-to-pm-de-christina-milian-llega-a-youtube-despues-de-25-anos\/\" \/>\n<meta property=\"og:site_name\" content=\"Conservatorio de M\u00fasica Juli\u00e1n Aguirre\" \/>\n<meta property=\"article:published_time\" content=\"2026-09-05T02:38:10+00:00\" \/>\n<meta property=\"article:modified_time\" content=\"2026-09-05T02:38:11+00:00\" \/>\n<meta property=\"og:image\" content=\"https:\/\/web.consaguirre.com.ar\/noticias\/wp-content\/uploads\/2026\/09\/AM-to-PM-de-Christina-Milian-llega-a-YouTube-despues.jpg\" \/>\n\t<meta property=\"og:image:width\" content=\"886\" \/>\n\t<meta property=\"og:image:height\" content=\"886\" \/>\n\t<meta property=\"og:image:type\" content=\"image\/jpeg\" \/>\n<meta name=\"author\" content=\"Javier Figueroa\" \/>\n<meta name=\"twitter:card\" content=\"summary_large_image\" \/>\n<meta name=\"twitter:label1\" content=\"Escrito por\" \/>\n\t<meta name=\"twitter:data1\" content=\"Javier Figueroa\" \/>\n\t<meta name=\"twitter:label2\" content=\"Tiempo de lectura\" \/>\n\t<meta name=\"twitter:data2\" content=\"2 minutos\" \/>\n<script type=\"application\/ld+json\" class=\"yoast-schema-graph\">{\"@context\":\"https:\/\/schema.org\",\"@graph\":[{\"@type\":\"Article\",\"@id\":\"https:\/\/web.consaguirre.com.ar\/noticias\/am-to-pm-de-christina-milian-llega-a-youtube-despues-de-25-anos\/#article\",\"isPartOf\":{\"@id\":\"https:\/\/web.consaguirre.com.ar\/noticias\/am-to-pm-de-christina-milian-llega-a-youtube-despues-de-25-anos\/\"},\"author\":{\"name\":\"Javier Figueroa\",\"@id\":\"https:\/\/web.consaguirre.com.ar\/noticias\/#\/schema\/person\/6558b0cfedee7ddc5425602b237d5722\"},\"headline\":\"&#8216;AM to PM&#8217; de Christina Milian llega a YouTube despu\u00e9s de 25 a\u00f1os\",\"datePublished\":\"2026-09-05T02:38:10+00:00\",\"dateModified\":\"2026-09-05T02:38:11+00:00\",\"mainEntityOfPage\":{\"@id\":\"https:\/\/web.consaguirre.com.ar\/noticias\/am-to-pm-de-christina-milian-llega-a-youtube-despues-de-25-anos\/\"},\"wordCount\":411,\"publisher\":{\"@id\":\"https:\/\/web.consaguirre.com.ar\/noticias\/#organization\"},\"image\":{\"@id\":\"https:\/\/web.consaguirre.com.ar\/noticias\/am-to-pm-de-christina-milian-llega-a-youtube-despues-de-25-anos\/#primaryimage\"},\"thumbnailUrl\":\"https:\/\/web.consaguirre.com.ar\/noticias\/wp-content\/uploads\/2026\/09\/AM-to-PM-de-Christina-Milian-llega-a-YouTube-despues.jpg\",\"keywords\":[\"a\u00f1os\",\"Christina\",\"despu\u00e9s\",\"llega\",\"Milian\",\"YouTube\"],\"articleSection\":[\"El \u00faltimo\"],\"inLanguage\":\"es-AR\"},{\"@type\":\"WebPage\",\"@id\":\"https:\/\/web.consaguirre.com.ar\/noticias\/am-to-pm-de-christina-milian-llega-a-youtube-despues-de-25-anos\/\",\"url\":\"https:\/\/web.consaguirre.com.ar\/noticias\/am-to-pm-de-christina-milian-llega-a-youtube-despues-de-25-anos\/\",\"name\":\"'AM to PM' de Christina Milian llega a YouTube despu\u00e9s de 25 a\u00f1os\",\"isPartOf\":{\"@id\":\"https:\/\/web.consaguirre.com.ar\/noticias\/#website\"},\"primaryImageOfPage\":{\"@id\":\"https:\/\/web.consaguirre.com.ar\/noticias\/am-to-pm-de-christina-milian-llega-a-youtube-despues-de-25-anos\/#primaryimage\"},\"image\":{\"@id\":\"https:\/\/web.consaguirre.com.ar\/noticias\/am-to-pm-de-christina-milian-llega-a-youtube-despues-de-25-anos\/#primaryimage\"},\"thumbnailUrl\":\"https:\/\/web.consaguirre.com.ar\/noticias\/wp-content\/uploads\/2026\/09\/AM-to-PM-de-Christina-Milian-llega-a-YouTube-despues.jpg\",\"datePublished\":\"2026-09-05T02:38:10+00:00\",\"dateModified\":\"2026-09-05T02:38:11+00:00\",\"breadcrumb\":{\"@id\":\"https:\/\/web.consaguirre.com.ar\/noticias\/am-to-pm-de-christina-milian-llega-a-youtube-despues-de-25-anos\/#breadcrumb\"},\"inLanguage\":\"es-AR\",\"potentialAction\":[{\"@type\":\"ReadAction\",\"target\":[\"https:\/\/web.consaguirre.com.ar\/noticias\/am-to-pm-de-christina-milian-llega-a-youtube-despues-de-25-anos\/\"]}]},{\"@type\":\"ImageObject\",\"inLanguage\":\"es-AR\",\"@id\":\"https:\/\/web.consaguirre.com.ar\/noticias\/am-to-pm-de-christina-milian-llega-a-youtube-despues-de-25-anos\/#primaryimage\",\"url\":\"https:\/\/web.consaguirre.com.ar\/noticias\/wp-content\/uploads\/2026\/09\/AM-to-PM-de-Christina-Milian-llega-a-YouTube-despues.jpg\",\"contentUrl\":\"https:\/\/web.consaguirre.com.ar\/noticias\/wp-content\/uploads\/2026\/09\/AM-to-PM-de-Christina-Milian-llega-a-YouTube-despues.jpg\",\"width\":886,\"height\":886,\"caption\":\"Christina Milian album cover\"},{\"@type\":\"BreadcrumbList\",\"@id\":\"https:\/\/web.consaguirre.com.ar\/noticias\/am-to-pm-de-christina-milian-llega-a-youtube-despues-de-25-anos\/#breadcrumb\",\"itemListElement\":[{\"@type\":\"ListItem\",\"position\":1,\"name\":\"Inicio\",\"item\":\"https:\/\/web.consaguirre.com.ar\/noticias\/\"},{\"@type\":\"ListItem\",\"position\":2,\"name\":\"&#8216;AM to PM&#8217; de Christina Milian llega a YouTube despu\u00e9s de 25 a\u00f1os\"}]},{\"@type\":\"WebSite\",\"@id\":\"https:\/\/web.consaguirre.com.ar\/noticias\/#website\",\"url\":\"https:\/\/web.consaguirre.com.ar\/noticias\/\",\"name\":\"Conservatorio de M\u00fasica Juli\u00e1n Aguirre\",\"description\":\"\",\"publisher\":{\"@id\":\"https:\/\/web.consaguirre.com.ar\/noticias\/#organization\"},\"potentialAction\":[{\"@type\":\"SearchAction\",\"target\":{\"@type\":\"EntryPoint\",\"urlTemplate\":\"https:\/\/web.consaguirre.com.ar\/noticias\/?s={search_term_string}\"},\"query-input\":\"required name=search_term_string\"}],\"inLanguage\":\"es-AR\"},{\"@type\":\"Organization\",\"@id\":\"https:\/\/web.consaguirre.com.ar\/noticias\/#organization\",\"name\":\"Conservatorio de M\u00fasica Juli\u00e1n Aguirre\",\"url\":\"https:\/\/web.consaguirre.com.ar\/noticias\/\",\"logo\":{\"@type\":\"ImageObject\",\"inLanguage\":\"es-AR\",\"@id\":\"https:\/\/web.consaguirre.com.ar\/noticias\/#\/schema\/logo\/image\/\",\"url\":\"https:\/\/web.consaguirre.com.ar\/noticias\/wp-content\/uploads\/2024\/08\/Banner-Aguirre-23.jpg\",\"contentUrl\":\"https:\/\/web.consaguirre.com.ar\/noticias\/wp-content\/uploads\/2024\/08\/Banner-Aguirre-23.jpg\",\"width\":1192,\"height\":600,\"caption\":\"Conservatorio de M\u00fasica Juli\u00e1n Aguirre\"},\"image\":{\"@id\":\"https:\/\/web.consaguirre.com.ar\/noticias\/#\/schema\/logo\/image\/\"}},{\"@type\":\"Person\",\"@id\":\"https:\/\/web.consaguirre.com.ar\/noticias\/#\/schema\/person\/6558b0cfedee7ddc5425602b237d5722\",\"name\":\"Javier Figueroa\",\"image\":{\"@type\":\"ImageObject\",\"inLanguage\":\"es-AR\",\"@id\":\"https:\/\/web.consaguirre.com.ar\/noticias\/#\/schema\/person\/image\/\",\"url\":\"https:\/\/web.consaguirre.com.ar\/noticias\/wp-content\/uploads\/2024\/08\/Consaguirre-scaled.jpg\",\"contentUrl\":\"https:\/\/web.consaguirre.com.ar\/noticias\/wp-content\/uploads\/2024\/08\/Consaguirre-scaled.jpg\",\"caption\":\"Javier Figueroa\"},\"description\":\"Me llamo Javier Figueroa y soy redactor para el sitio oficial del Conservatorio de M\u00fasica Juli\u00e1n Aguirre en Buenos Aires, consaguirre.com. Apasionado por la m\u00fasica y la escritura, me esfuerzo por destacar los talentos y eventos de nuestra prestigiosa instituci\u00f3n. Mi trayectoria se nutre de una profunda admiraci\u00f3n por los artistas, haciendo de cada art\u00edculo una celebraci\u00f3n de la creatividad y la cultura musical.\",\"sameAs\":[\"https:\/\/web.consaguirre.com.ar\/noticias\"]}]}<\/script>\n<!-- \/ Yoast SEO plugin. -->","yoast_head_json":{"title":"'AM to PM' de Christina Milian llega a YouTube despu\u00e9s de 25 a\u00f1os","robots":{"index":"index","follow":"follow","max-snippet":"max-snippet:-1","max-image-preview":"max-image-preview:large","max-video-preview":"max-video-preview:-1"},"canonical":"https:\/\/web.consaguirre.com.ar\/noticias\/am-to-pm-de-christina-milian-llega-a-youtube-despues-de-25-anos\/","og_locale":"es_ES","og_type":"article","og_title":"'AM to PM' de Christina Milian llega a YouTube despu\u00e9s de 25 a\u00f1os","og_description":"La espera ha terminado para los fans de Christina Milian. 25 a\u00f1os despu\u00e9s de su lanzamiento, la exitosa canci\u00f3n del cantante, \u201cAM to PM\u201d, finalmente","og_url":"https:\/\/web.consaguirre.com.ar\/noticias\/am-to-pm-de-christina-milian-llega-a-youtube-despues-de-25-anos\/","og_site_name":"Conservatorio de M\u00fasica Juli\u00e1n Aguirre","article_published_time":"2026-09-05T02:38:10+00:00","article_modified_time":"2026-09-05T02:38:11+00:00","og_image":[{"width":886,"height":886,"url":"https:\/\/web.consaguirre.com.ar\/noticias\/wp-content\/uploads\/2026\/09\/AM-to-PM-de-Christina-Milian-llega-a-YouTube-despues.jpg","type":"image\/jpeg"}],"author":"Javier Figueroa","twitter_card":"summary_large_image","twitter_misc":{"Escrito por":"Javier Figueroa","Tiempo de lectura":"2 minutos"},"schema":{"@context":"https:\/\/schema.org","@graph":[{"@type":"Article","@id":"https:\/\/web.consaguirre.com.ar\/noticias\/am-to-pm-de-christina-milian-llega-a-youtube-despues-de-25-anos\/#article","isPartOf":{"@id":"https:\/\/web.consaguirre.com.ar\/noticias\/am-to-pm-de-christina-milian-llega-a-youtube-despues-de-25-anos\/"},"author":{"name":"Javier Figueroa","@id":"https:\/\/web.consaguirre.com.ar\/noticias\/#\/schema\/person\/6558b0cfedee7ddc5425602b237d5722"},"headline":"&#8216;AM to PM&#8217; de Christina Milian llega a YouTube despu\u00e9s de 25 a\u00f1os","datePublished":"2026-09-05T02:38:10+00:00","dateModified":"2026-09-05T02:38:11+00:00","mainEntityOfPage":{"@id":"https:\/\/web.consaguirre.com.ar\/noticias\/am-to-pm-de-christina-milian-llega-a-youtube-despues-de-25-anos\/"},"wordCount":411,"publisher":{"@id":"https:\/\/web.consaguirre.com.ar\/noticias\/#organization"},"image":{"@id":"https:\/\/web.consaguirre.com.ar\/noticias\/am-to-pm-de-christina-milian-llega-a-youtube-despues-de-25-anos\/#primaryimage"},"thumbnailUrl":"https:\/\/web.consaguirre.com.ar\/noticias\/wp-content\/uploads\/2026\/09\/AM-to-PM-de-Christina-Milian-llega-a-YouTube-despues.jpg","keywords":["a\u00f1os","Christina","despu\u00e9s","llega","Milian","YouTube"],"articleSection":["El \u00faltimo"],"inLanguage":"es-AR"},{"@type":"WebPage","@id":"https:\/\/web.consaguirre.com.ar\/noticias\/am-to-pm-de-christina-milian-llega-a-youtube-despues-de-25-anos\/","url":"https:\/\/web.consaguirre.com.ar\/noticias\/am-to-pm-de-christina-milian-llega-a-youtube-despues-de-25-anos\/","name":"'AM to PM' de Christina Milian llega a YouTube despu\u00e9s de 25 a\u00f1os","isPartOf":{"@id":"https:\/\/web.consaguirre.com.ar\/noticias\/#website"},"primaryImageOfPage":{"@id":"https:\/\/web.consaguirre.com.ar\/noticias\/am-to-pm-de-christina-milian-llega-a-youtube-despues-de-25-anos\/#primaryimage"},"image":{"@id":"https:\/\/web.consaguirre.com.ar\/noticias\/am-to-pm-de-christina-milian-llega-a-youtube-despues-de-25-anos\/#primaryimage"},"thumbnailUrl":"https:\/\/web.consaguirre.com.ar\/noticias\/wp-content\/uploads\/2026\/09\/AM-to-PM-de-Christina-Milian-llega-a-YouTube-despues.jpg","datePublished":"2026-09-05T02:38:10+00:00","dateModified":"2026-09-05T02:38:11+00:00","breadcrumb":{"@id":"https:\/\/web.consaguirre.com.ar\/noticias\/am-to-pm-de-christina-milian-llega-a-youtube-despues-de-25-anos\/#breadcrumb"},"inLanguage":"es-AR","potentialAction":[{"@type":"ReadAction","target":["https:\/\/web.consaguirre.com.ar\/noticias\/am-to-pm-de-christina-milian-llega-a-youtube-despues-de-25-anos\/"]}]},{"@type":"ImageObject","inLanguage":"es-AR","@id":"https:\/\/web.consaguirre.com.ar\/noticias\/am-to-pm-de-christina-milian-llega-a-youtube-despues-de-25-anos\/#primaryimage","url":"https:\/\/web.consaguirre.com.ar\/noticias\/wp-content\/uploads\/2026\/09\/AM-to-PM-de-Christina-Milian-llega-a-YouTube-despues.jpg","contentUrl":"https:\/\/web.consaguirre.com.ar\/noticias\/wp-content\/uploads\/2026\/09\/AM-to-PM-de-Christina-Milian-llega-a-YouTube-despues.jpg","width":886,"height":886,"caption":"Christina Milian album cover"},{"@type":"BreadcrumbList","@id":"https:\/\/web.consaguirre.com.ar\/noticias\/am-to-pm-de-christina-milian-llega-a-youtube-despues-de-25-anos\/#breadcrumb","itemListElement":[{"@type":"ListItem","position":1,"name":"Inicio","item":"https:\/\/web.consaguirre.com.ar\/noticias\/"},{"@type":"ListItem","position":2,"name":"&#8216;AM to PM&#8217; de Christina Milian llega a YouTube despu\u00e9s de 25 a\u00f1os"}]},{"@type":"WebSite","@id":"https:\/\/web.consaguirre.com.ar\/noticias\/#website","url":"https:\/\/web.consaguirre.com.ar\/noticias\/","name":"Conservatorio de M\u00fasica Juli\u00e1n Aguirre","description":"","publisher":{"@id":"https:\/\/web.consaguirre.com.ar\/noticias\/#organization"},"potentialAction":[{"@type":"SearchAction","target":{"@type":"EntryPoint","urlTemplate":"https:\/\/web.consaguirre.com.ar\/noticias\/?s={search_term_string}"},"query-input":"required name=search_term_string"}],"inLanguage":"es-AR"},{"@type":"Organization","@id":"https:\/\/web.consaguirre.com.ar\/noticias\/#organization","name":"Conservatorio de M\u00fasica Juli\u00e1n Aguirre","url":"https:\/\/web.consaguirre.com.ar\/noticias\/","logo":{"@type":"ImageObject","inLanguage":"es-AR","@id":"https:\/\/web.consaguirre.com.ar\/noticias\/#\/schema\/logo\/image\/","url":"https:\/\/web.consaguirre.com.ar\/noticias\/wp-content\/uploads\/2024\/08\/Banner-Aguirre-23.jpg","contentUrl":"https:\/\/web.consaguirre.com.ar\/noticias\/wp-content\/uploads\/2024\/08\/Banner-Aguirre-23.jpg","width":1192,"height":600,"caption":"Conservatorio de M\u00fasica Juli\u00e1n Aguirre"},"image":{"@id":"https:\/\/web.consaguirre.com.ar\/noticias\/#\/schema\/logo\/image\/"}},{"@type":"Person","@id":"https:\/\/web.consaguirre.com.ar\/noticias\/#\/schema\/person\/6558b0cfedee7ddc5425602b237d5722","name":"Javier Figueroa","image":{"@type":"ImageObject","inLanguage":"es-AR","@id":"https:\/\/web.consaguirre.com.ar\/noticias\/#\/schema\/person\/image\/","url":"https:\/\/web.consaguirre.com.ar\/noticias\/wp-content\/uploads\/2024\/08\/Consaguirre-scaled.jpg","contentUrl":"https:\/\/web.consaguirre.com.ar\/noticias\/wp-content\/uploads\/2024\/08\/Consaguirre-scaled.jpg","caption":"Javier Figueroa"},"description":"Me llamo Javier Figueroa y soy redactor para el sitio oficial del Conservatorio de M\u00fasica Juli\u00e1n Aguirre en Buenos Aires, consaguirre.com. Apasionado por la m\u00fasica y la escritura, me esfuerzo por destacar los talentos y eventos de nuestra prestigiosa instituci\u00f3n. Mi trayectoria se nutre de una profunda admiraci\u00f3n por los artistas, haciendo de cada art\u00edculo una celebraci\u00f3n de la creatividad y la cultura musical.","sameAs":["https:\/\/web.consaguirre.com.ar\/noticias"]}]}},"_links":{"self":[{"href":"https:\/\/web.consaguirre.com.ar\/noticias\/wp-json\/wp\/v2\/posts\/7792"}],"collection":[{"href":"https:\/\/web.consaguirre.com.ar\/noticias\/wp-json\/wp\/v2\/posts"}],"about":[{"href":"https:\/\/web.consaguirre.com.ar\/noticias\/wp-json\/wp\/v2\/types\/post"}],"author":[{"embeddable":true,"href":"https:\/\/web.consaguirre.com.ar\/noticias\/wp-json\/wp\/v2\/users\/1"}],"replies":[{"embeddable":true,"href":"https:\/\/web.consaguirre.com.ar\/noticias\/wp-json\/wp\/v2\/comments?post=7792"}],"version-history":[{"count":1,"href":"https:\/\/web.consaguirre.com.ar\/noticias\/wp-json\/wp\/v2\/posts\/7792\/revisions"}],"predecessor-version":[{"id":7794,"href":"https:\/\/web.consaguirre.com.ar\/noticias\/wp-json\/wp\/v2\/posts\/7792\/revisions\/7794"}],"wp:featuredmedia":[{"embeddable":true,"href":"https:\/\/web.consaguirre.com.ar\/noticias\/wp-json\/wp\/v2\/media\/7793"}],"wp:attachment":[{"href":"https:\/\/web.consaguirre.com.ar\/noticias\/wp-json\/wp\/v2\/media?parent=7792"}],"wp:term":[{"taxonomy":"category","embeddable":true,"href":"https:\/\/web.consaguirre.com.ar\/noticias\/wp-json\/wp\/v2\/categories?post=7792"},{"taxonomy":"post_tag","embeddable":true,"href":"https:\/\/web.consaguirre.com.ar\/noticias\/wp-json\/wp\/v2\/tags?post=7792"}],"curies":[{"name":"wp","href":"https:\/\/api.w.org\/{rel}","templated":true}]}}