{"id":7787,"date":"2026-09-04T15:38:11","date_gmt":"2026-09-04T18:38:11","guid":{"rendered":"https:\/\/web.consaguirre.com.ar\/noticias\/ethan-french-lanza-reckless-and-arranged-ampliado\/"},"modified":"2026-09-04T15:38:12","modified_gmt":"2026-09-04T18:38:12","slug":"ethan-french-lanza-reckless-and-arranged-ampliado","status":"publish","type":"post","link":"https:\/\/web.consaguirre.com.ar\/noticias\/ethan-french-lanza-reckless-and-arranged-ampliado\/","title":{"rendered":"Ethan French lanza &#8216;Reckless And Arranged&#8217; ampliado"},"content":{"rendered":"<p>El artista australiano Ethan French ha lanzado una versi\u00f3n ampliada de \u201creckless and arreglado \u2013 d\u00eda 56\u201d, antes de su pr\u00f3ximo proyecto. <i>ideas del d\u00eda vol. 1<\/i>. La colecci\u00f3n de ocho canciones saldr\u00e1 el 2 de octubre y surgi\u00f3 de la serie francesa \u201cIdea A Day\u201d, en la que el nativo de Perth escribe y comparte una nueva pieza musical en las redes sociales todos los d\u00edas.<\/p>\n<div class=\"uD-YT-container\"><img decoding=\"async\" src=\"https:\/\/web.consaguirre.com.ar\/noticias\/wp-content\/uploads\/2026\/09\/1788547091_495_Ethan-French-lanza-Reckless-And-Arranged-ampliado.jpg\" alt=\"V\u00eddeo de YouTube\"><br \/>Haga clic para cargar v\u00eddeo<\/div>\n<p>\u201cImprudente y arreglado \u2013 D\u00eda 56\u201d comenz\u00f3 en mayo como un boceto de un minuto creado para la serie diaria. La respuesta llev\u00f3 a French a desarrollar la idea en una canci\u00f3n completa, mientras que Kerri Chandler y T-Pain crearon remezclas. French dijo que la reacci\u00f3n fue m\u00e1s all\u00e1 de lo que esperaba. &#8220;Esta idea cambi\u00f3 un poco mi vida&#8221;, dijo, se\u00f1alando los remixes, las versiones instrumentales y las respuestas en l\u00ednea que siguieron a la publicaci\u00f3n original. &#8220;Ya ni siquiera lo siento como si fuera m\u00edo, \u00a1Internet es el due\u00f1o!&#8221;<\/p>\n<p>La serie diaria surgi\u00f3 de un plan anterior de hacer videos de \u201cacordes del d\u00eda\u201d para m\u00fasicos. French cambi\u00f3 de rumbo despu\u00e9s de decidir que el formato no serv\u00eda para su proceso creativo y, en su lugar, comenz\u00f3 a publicar ideas musicales breves e inacabadas. En \u00faltima instancia, ese enfoque proporcion\u00f3 el material para <i>ideas del d\u00eda vol. 1<\/i>cuyas ocho canciones fueron escritas, grabadas y mezcladas durante la pr\u00e1ctica diaria. French, que creci\u00f3 en la costa oeste de Australia y luego estudi\u00f3 composici\u00f3n en la Academia de Artes Esc\u00e9nicas de Australia Occidental, ha dicho que el proceso le ense\u00f1\u00f3 a poner menos presi\u00f3n sobre las ideas individuales y evitar trabajarlas demasiado.<\/p>\n<p>La canci\u00f3n ampliada sigue a \u201cIt Takes A Life \u2013 Day 58\u201d, que el franc\u00e9s lanz\u00f3 en agosto como un adelanto anterior de <i>ideas del d\u00eda vol. 1<\/i>. En junio, T-Pain abri\u00f3 su set en Red Rocks con su remix de \u201creckless and arreglado \u2013 d\u00eda 56\u201d. La serie francesa \u201cIdea A Day\u201d tambi\u00e9n ha llamado la atenci\u00f3n de John Mayer, Justin Timberlake, Jon Batiste, Anderson .Paak, Tom Misch y SZA, mientras que sus seguidores en Instagram han superado los 850.000.<\/p><\/p>\n","protected":false},"excerpt":{"rendered":"<p>El artista australiano Ethan French ha lanzado una versi\u00f3n ampliada de \u201creckless and arreglado \u2013 d\u00eda 56\u201d, antes de su pr\u00f3ximo proyecto. ideas del d\u00eda<\/p>\n","protected":false},"author":1,"featured_media":7788,"comment_status":"closed","ping_status":"","sticky":false,"template":"","format":"standard","meta":{"footnotes":""},"categories":[50],"tags":[3903,5232,5229,5230,218,5231],"class_list":["post-7787","post","type-post","status-publish","format-standard","has-post-thumbnail","hentry","category-el-ultimo","tag-ampliado","tag-arranged","tag-ethan","tag-french","tag-lanza","tag-reckless","generate-columns","tablet-grid-50","mobile-grid-100","grid-parent","grid-50"],"yoast_head":"<!-- This site is optimized with the Yoast SEO plugin v23.3 - https:\/\/yoast.com\/wordpress\/plugins\/seo\/ -->\n<title>Ethan French lanza &#039;Reckless And Arranged&#039; ampliado<\/title>\n<meta name=\"robots\" content=\"index, follow, max-snippet:-1, max-image-preview:large, max-video-preview:-1\" \/>\n<link rel=\"canonical\" href=\"https:\/\/web.consaguirre.com.ar\/noticias\/ethan-french-lanza-reckless-and-arranged-ampliado\/\" \/>\n<meta property=\"og:locale\" content=\"es_ES\" \/>\n<meta property=\"og:type\" content=\"article\" \/>\n<meta property=\"og:title\" content=\"Ethan French lanza &#039;Reckless And Arranged&#039; ampliado\" \/>\n<meta property=\"og:description\" content=\"El artista australiano Ethan French ha lanzado una versi\u00f3n ampliada de \u201creckless and arreglado \u2013 d\u00eda 56\u201d, antes de su pr\u00f3ximo proyecto. ideas del d\u00eda\" \/>\n<meta property=\"og:url\" content=\"https:\/\/web.consaguirre.com.ar\/noticias\/ethan-french-lanza-reckless-and-arranged-ampliado\/\" \/>\n<meta property=\"og:site_name\" content=\"Conservatorio de M\u00fasica Juli\u00e1n Aguirre\" \/>\n<meta property=\"article:published_time\" content=\"2026-09-04T18:38:11+00:00\" \/>\n<meta property=\"article:modified_time\" content=\"2026-09-04T18:38:12+00:00\" \/>\n<meta property=\"og:image\" content=\"https:\/\/web.consaguirre.com.ar\/noticias\/wp-content\/uploads\/2026\/09\/Ethan-French-lanza-Reckless-And-Arranged-ampliado.jpg\" \/>\n\t<meta property=\"og:image:width\" content=\"820\" \/>\n\t<meta property=\"og:image:height\" content=\"820\" \/>\n\t<meta property=\"og:image:type\" content=\"image\/jpeg\" \/>\n<meta name=\"author\" content=\"Javier Figueroa\" \/>\n<meta name=\"twitter:card\" content=\"summary_large_image\" \/>\n<meta name=\"twitter:label1\" content=\"Escrito por\" \/>\n\t<meta name=\"twitter:data1\" content=\"Javier Figueroa\" \/>\n\t<meta name=\"twitter:label2\" content=\"Tiempo de lectura\" \/>\n\t<meta name=\"twitter:data2\" content=\"2 minutos\" \/>\n<script type=\"application\/ld+json\" class=\"yoast-schema-graph\">{\"@context\":\"https:\/\/schema.org\",\"@graph\":[{\"@type\":\"Article\",\"@id\":\"https:\/\/web.consaguirre.com.ar\/noticias\/ethan-french-lanza-reckless-and-arranged-ampliado\/#article\",\"isPartOf\":{\"@id\":\"https:\/\/web.consaguirre.com.ar\/noticias\/ethan-french-lanza-reckless-and-arranged-ampliado\/\"},\"author\":{\"name\":\"Javier Figueroa\",\"@id\":\"https:\/\/web.consaguirre.com.ar\/noticias\/#\/schema\/person\/6558b0cfedee7ddc5425602b237d5722\"},\"headline\":\"Ethan French lanza &#8216;Reckless And Arranged&#8217; ampliado\",\"datePublished\":\"2026-09-04T18:38:11+00:00\",\"dateModified\":\"2026-09-04T18:38:12+00:00\",\"mainEntityOfPage\":{\"@id\":\"https:\/\/web.consaguirre.com.ar\/noticias\/ethan-french-lanza-reckless-and-arranged-ampliado\/\"},\"wordCount\":381,\"publisher\":{\"@id\":\"https:\/\/web.consaguirre.com.ar\/noticias\/#organization\"},\"image\":{\"@id\":\"https:\/\/web.consaguirre.com.ar\/noticias\/ethan-french-lanza-reckless-and-arranged-ampliado\/#primaryimage\"},\"thumbnailUrl\":\"https:\/\/web.consaguirre.com.ar\/noticias\/wp-content\/uploads\/2026\/09\/Ethan-French-lanza-Reckless-And-Arranged-ampliado.jpg\",\"keywords\":[\"ampliado\",\"Arranged\",\"Ethan\",\"French\",\"lanza\",\"Reckless\"],\"articleSection\":[\"El \u00faltimo\"],\"inLanguage\":\"es-AR\"},{\"@type\":\"WebPage\",\"@id\":\"https:\/\/web.consaguirre.com.ar\/noticias\/ethan-french-lanza-reckless-and-arranged-ampliado\/\",\"url\":\"https:\/\/web.consaguirre.com.ar\/noticias\/ethan-french-lanza-reckless-and-arranged-ampliado\/\",\"name\":\"Ethan French lanza 'Reckless And Arranged' ampliado\",\"isPartOf\":{\"@id\":\"https:\/\/web.consaguirre.com.ar\/noticias\/#website\"},\"primaryImageOfPage\":{\"@id\":\"https:\/\/web.consaguirre.com.ar\/noticias\/ethan-french-lanza-reckless-and-arranged-ampliado\/#primaryimage\"},\"image\":{\"@id\":\"https:\/\/web.consaguirre.com.ar\/noticias\/ethan-french-lanza-reckless-and-arranged-ampliado\/#primaryimage\"},\"thumbnailUrl\":\"https:\/\/web.consaguirre.com.ar\/noticias\/wp-content\/uploads\/2026\/09\/Ethan-French-lanza-Reckless-And-Arranged-ampliado.jpg\",\"datePublished\":\"2026-09-04T18:38:11+00:00\",\"dateModified\":\"2026-09-04T18:38:12+00:00\",\"breadcrumb\":{\"@id\":\"https:\/\/web.consaguirre.com.ar\/noticias\/ethan-french-lanza-reckless-and-arranged-ampliado\/#breadcrumb\"},\"inLanguage\":\"es-AR\",\"potentialAction\":[{\"@type\":\"ReadAction\",\"target\":[\"https:\/\/web.consaguirre.com.ar\/noticias\/ethan-french-lanza-reckless-and-arranged-ampliado\/\"]}]},{\"@type\":\"ImageObject\",\"inLanguage\":\"es-AR\",\"@id\":\"https:\/\/web.consaguirre.com.ar\/noticias\/ethan-french-lanza-reckless-and-arranged-ampliado\/#primaryimage\",\"url\":\"https:\/\/web.consaguirre.com.ar\/noticias\/wp-content\/uploads\/2026\/09\/Ethan-French-lanza-Reckless-And-Arranged-ampliado.jpg\",\"contentUrl\":\"https:\/\/web.consaguirre.com.ar\/noticias\/wp-content\/uploads\/2026\/09\/Ethan-French-lanza-Reckless-And-Arranged-ampliado.jpg\",\"width\":820,\"height\":820,\"caption\":\"Ethan French lanza 'Reckless And Arranged' ampliado\"},{\"@type\":\"BreadcrumbList\",\"@id\":\"https:\/\/web.consaguirre.com.ar\/noticias\/ethan-french-lanza-reckless-and-arranged-ampliado\/#breadcrumb\",\"itemListElement\":[{\"@type\":\"ListItem\",\"position\":1,\"name\":\"Inicio\",\"item\":\"https:\/\/web.consaguirre.com.ar\/noticias\/\"},{\"@type\":\"ListItem\",\"position\":2,\"name\":\"Ethan French lanza &#8216;Reckless And Arranged&#8217; ampliado\"}]},{\"@type\":\"WebSite\",\"@id\":\"https:\/\/web.consaguirre.com.ar\/noticias\/#website\",\"url\":\"https:\/\/web.consaguirre.com.ar\/noticias\/\",\"name\":\"Conservatorio de M\u00fasica Juli\u00e1n Aguirre\",\"description\":\"\",\"publisher\":{\"@id\":\"https:\/\/web.consaguirre.com.ar\/noticias\/#organization\"},\"potentialAction\":[{\"@type\":\"SearchAction\",\"target\":{\"@type\":\"EntryPoint\",\"urlTemplate\":\"https:\/\/web.consaguirre.com.ar\/noticias\/?s={search_term_string}\"},\"query-input\":\"required name=search_term_string\"}],\"inLanguage\":\"es-AR\"},{\"@type\":\"Organization\",\"@id\":\"https:\/\/web.consaguirre.com.ar\/noticias\/#organization\",\"name\":\"Conservatorio de M\u00fasica Juli\u00e1n Aguirre\",\"url\":\"https:\/\/web.consaguirre.com.ar\/noticias\/\",\"logo\":{\"@type\":\"ImageObject\",\"inLanguage\":\"es-AR\",\"@id\":\"https:\/\/web.consaguirre.com.ar\/noticias\/#\/schema\/logo\/image\/\",\"url\":\"https:\/\/web.consaguirre.com.ar\/noticias\/wp-content\/uploads\/2024\/08\/Banner-Aguirre-23.jpg\",\"contentUrl\":\"https:\/\/web.consaguirre.com.ar\/noticias\/wp-content\/uploads\/2024\/08\/Banner-Aguirre-23.jpg\",\"width\":1192,\"height\":600,\"caption\":\"Conservatorio de M\u00fasica Juli\u00e1n Aguirre\"},\"image\":{\"@id\":\"https:\/\/web.consaguirre.com.ar\/noticias\/#\/schema\/logo\/image\/\"}},{\"@type\":\"Person\",\"@id\":\"https:\/\/web.consaguirre.com.ar\/noticias\/#\/schema\/person\/6558b0cfedee7ddc5425602b237d5722\",\"name\":\"Javier Figueroa\",\"image\":{\"@type\":\"ImageObject\",\"inLanguage\":\"es-AR\",\"@id\":\"https:\/\/web.consaguirre.com.ar\/noticias\/#\/schema\/person\/image\/\",\"url\":\"https:\/\/web.consaguirre.com.ar\/noticias\/wp-content\/uploads\/2024\/08\/Consaguirre-scaled.jpg\",\"contentUrl\":\"https:\/\/web.consaguirre.com.ar\/noticias\/wp-content\/uploads\/2024\/08\/Consaguirre-scaled.jpg\",\"caption\":\"Javier Figueroa\"},\"description\":\"Me llamo Javier Figueroa y soy redactor para el sitio oficial del Conservatorio de M\u00fasica Juli\u00e1n Aguirre en Buenos Aires, consaguirre.com. Apasionado por la m\u00fasica y la escritura, me esfuerzo por destacar los talentos y eventos de nuestra prestigiosa instituci\u00f3n. Mi trayectoria se nutre de una profunda admiraci\u00f3n por los artistas, haciendo de cada art\u00edculo una celebraci\u00f3n de la creatividad y la cultura musical.\",\"sameAs\":[\"https:\/\/web.consaguirre.com.ar\/noticias\"]}]}<\/script>\n<!-- \/ Yoast SEO plugin. -->","yoast_head_json":{"title":"Ethan French lanza 'Reckless And Arranged' ampliado","robots":{"index":"index","follow":"follow","max-snippet":"max-snippet:-1","max-image-preview":"max-image-preview:large","max-video-preview":"max-video-preview:-1"},"canonical":"https:\/\/web.consaguirre.com.ar\/noticias\/ethan-french-lanza-reckless-and-arranged-ampliado\/","og_locale":"es_ES","og_type":"article","og_title":"Ethan French lanza 'Reckless And Arranged' ampliado","og_description":"El artista australiano Ethan French ha lanzado una versi\u00f3n ampliada de \u201creckless and arreglado \u2013 d\u00eda 56\u201d, antes de su pr\u00f3ximo proyecto. ideas del d\u00eda","og_url":"https:\/\/web.consaguirre.com.ar\/noticias\/ethan-french-lanza-reckless-and-arranged-ampliado\/","og_site_name":"Conservatorio de M\u00fasica Juli\u00e1n Aguirre","article_published_time":"2026-09-04T18:38:11+00:00","article_modified_time":"2026-09-04T18:38:12+00:00","og_image":[{"width":820,"height":820,"url":"https:\/\/web.consaguirre.com.ar\/noticias\/wp-content\/uploads\/2026\/09\/Ethan-French-lanza-Reckless-And-Arranged-ampliado.jpg","type":"image\/jpeg"}],"author":"Javier Figueroa","twitter_card":"summary_large_image","twitter_misc":{"Escrito por":"Javier Figueroa","Tiempo de lectura":"2 minutos"},"schema":{"@context":"https:\/\/schema.org","@graph":[{"@type":"Article","@id":"https:\/\/web.consaguirre.com.ar\/noticias\/ethan-french-lanza-reckless-and-arranged-ampliado\/#article","isPartOf":{"@id":"https:\/\/web.consaguirre.com.ar\/noticias\/ethan-french-lanza-reckless-and-arranged-ampliado\/"},"author":{"name":"Javier Figueroa","@id":"https:\/\/web.consaguirre.com.ar\/noticias\/#\/schema\/person\/6558b0cfedee7ddc5425602b237d5722"},"headline":"Ethan French lanza &#8216;Reckless And Arranged&#8217; ampliado","datePublished":"2026-09-04T18:38:11+00:00","dateModified":"2026-09-04T18:38:12+00:00","mainEntityOfPage":{"@id":"https:\/\/web.consaguirre.com.ar\/noticias\/ethan-french-lanza-reckless-and-arranged-ampliado\/"},"wordCount":381,"publisher":{"@id":"https:\/\/web.consaguirre.com.ar\/noticias\/#organization"},"image":{"@id":"https:\/\/web.consaguirre.com.ar\/noticias\/ethan-french-lanza-reckless-and-arranged-ampliado\/#primaryimage"},"thumbnailUrl":"https:\/\/web.consaguirre.com.ar\/noticias\/wp-content\/uploads\/2026\/09\/Ethan-French-lanza-Reckless-And-Arranged-ampliado.jpg","keywords":["ampliado","Arranged","Ethan","French","lanza","Reckless"],"articleSection":["El \u00faltimo"],"inLanguage":"es-AR"},{"@type":"WebPage","@id":"https:\/\/web.consaguirre.com.ar\/noticias\/ethan-french-lanza-reckless-and-arranged-ampliado\/","url":"https:\/\/web.consaguirre.com.ar\/noticias\/ethan-french-lanza-reckless-and-arranged-ampliado\/","name":"Ethan French lanza 'Reckless And Arranged' ampliado","isPartOf":{"@id":"https:\/\/web.consaguirre.com.ar\/noticias\/#website"},"primaryImageOfPage":{"@id":"https:\/\/web.consaguirre.com.ar\/noticias\/ethan-french-lanza-reckless-and-arranged-ampliado\/#primaryimage"},"image":{"@id":"https:\/\/web.consaguirre.com.ar\/noticias\/ethan-french-lanza-reckless-and-arranged-ampliado\/#primaryimage"},"thumbnailUrl":"https:\/\/web.consaguirre.com.ar\/noticias\/wp-content\/uploads\/2026\/09\/Ethan-French-lanza-Reckless-And-Arranged-ampliado.jpg","datePublished":"2026-09-04T18:38:11+00:00","dateModified":"2026-09-04T18:38:12+00:00","breadcrumb":{"@id":"https:\/\/web.consaguirre.com.ar\/noticias\/ethan-french-lanza-reckless-and-arranged-ampliado\/#breadcrumb"},"inLanguage":"es-AR","potentialAction":[{"@type":"ReadAction","target":["https:\/\/web.consaguirre.com.ar\/noticias\/ethan-french-lanza-reckless-and-arranged-ampliado\/"]}]},{"@type":"ImageObject","inLanguage":"es-AR","@id":"https:\/\/web.consaguirre.com.ar\/noticias\/ethan-french-lanza-reckless-and-arranged-ampliado\/#primaryimage","url":"https:\/\/web.consaguirre.com.ar\/noticias\/wp-content\/uploads\/2026\/09\/Ethan-French-lanza-Reckless-And-Arranged-ampliado.jpg","contentUrl":"https:\/\/web.consaguirre.com.ar\/noticias\/wp-content\/uploads\/2026\/09\/Ethan-French-lanza-Reckless-And-Arranged-ampliado.jpg","width":820,"height":820,"caption":"Ethan French lanza 'Reckless And Arranged' ampliado"},{"@type":"BreadcrumbList","@id":"https:\/\/web.consaguirre.com.ar\/noticias\/ethan-french-lanza-reckless-and-arranged-ampliado\/#breadcrumb","itemListElement":[{"@type":"ListItem","position":1,"name":"Inicio","item":"https:\/\/web.consaguirre.com.ar\/noticias\/"},{"@type":"ListItem","position":2,"name":"Ethan French lanza &#8216;Reckless And Arranged&#8217; ampliado"}]},{"@type":"WebSite","@id":"https:\/\/web.consaguirre.com.ar\/noticias\/#website","url":"https:\/\/web.consaguirre.com.ar\/noticias\/","name":"Conservatorio de M\u00fasica Juli\u00e1n Aguirre","description":"","publisher":{"@id":"https:\/\/web.consaguirre.com.ar\/noticias\/#organization"},"potentialAction":[{"@type":"SearchAction","target":{"@type":"EntryPoint","urlTemplate":"https:\/\/web.consaguirre.com.ar\/noticias\/?s={search_term_string}"},"query-input":"required name=search_term_string"}],"inLanguage":"es-AR"},{"@type":"Organization","@id":"https:\/\/web.consaguirre.com.ar\/noticias\/#organization","name":"Conservatorio de M\u00fasica Juli\u00e1n Aguirre","url":"https:\/\/web.consaguirre.com.ar\/noticias\/","logo":{"@type":"ImageObject","inLanguage":"es-AR","@id":"https:\/\/web.consaguirre.com.ar\/noticias\/#\/schema\/logo\/image\/","url":"https:\/\/web.consaguirre.com.ar\/noticias\/wp-content\/uploads\/2024\/08\/Banner-Aguirre-23.jpg","contentUrl":"https:\/\/web.consaguirre.com.ar\/noticias\/wp-content\/uploads\/2024\/08\/Banner-Aguirre-23.jpg","width":1192,"height":600,"caption":"Conservatorio de M\u00fasica Juli\u00e1n Aguirre"},"image":{"@id":"https:\/\/web.consaguirre.com.ar\/noticias\/#\/schema\/logo\/image\/"}},{"@type":"Person","@id":"https:\/\/web.consaguirre.com.ar\/noticias\/#\/schema\/person\/6558b0cfedee7ddc5425602b237d5722","name":"Javier Figueroa","image":{"@type":"ImageObject","inLanguage":"es-AR","@id":"https:\/\/web.consaguirre.com.ar\/noticias\/#\/schema\/person\/image\/","url":"https:\/\/web.consaguirre.com.ar\/noticias\/wp-content\/uploads\/2024\/08\/Consaguirre-scaled.jpg","contentUrl":"https:\/\/web.consaguirre.com.ar\/noticias\/wp-content\/uploads\/2024\/08\/Consaguirre-scaled.jpg","caption":"Javier Figueroa"},"description":"Me llamo Javier Figueroa y soy redactor para el sitio oficial del Conservatorio de M\u00fasica Juli\u00e1n Aguirre en Buenos Aires, consaguirre.com. Apasionado por la m\u00fasica y la escritura, me esfuerzo por destacar los talentos y eventos de nuestra prestigiosa instituci\u00f3n. Mi trayectoria se nutre de una profunda admiraci\u00f3n por los artistas, haciendo de cada art\u00edculo una celebraci\u00f3n de la creatividad y la cultura musical.","sameAs":["https:\/\/web.consaguirre.com.ar\/noticias"]}]}},"_links":{"self":[{"href":"https:\/\/web.consaguirre.com.ar\/noticias\/wp-json\/wp\/v2\/posts\/7787"}],"collection":[{"href":"https:\/\/web.consaguirre.com.ar\/noticias\/wp-json\/wp\/v2\/posts"}],"about":[{"href":"https:\/\/web.consaguirre.com.ar\/noticias\/wp-json\/wp\/v2\/types\/post"}],"author":[{"embeddable":true,"href":"https:\/\/web.consaguirre.com.ar\/noticias\/wp-json\/wp\/v2\/users\/1"}],"replies":[{"embeddable":true,"href":"https:\/\/web.consaguirre.com.ar\/noticias\/wp-json\/wp\/v2\/comments?post=7787"}],"version-history":[{"count":1,"href":"https:\/\/web.consaguirre.com.ar\/noticias\/wp-json\/wp\/v2\/posts\/7787\/revisions"}],"predecessor-version":[{"id":7789,"href":"https:\/\/web.consaguirre.com.ar\/noticias\/wp-json\/wp\/v2\/posts\/7787\/revisions\/7789"}],"wp:featuredmedia":[{"embeddable":true,"href":"https:\/\/web.consaguirre.com.ar\/noticias\/wp-json\/wp\/v2\/media\/7788"}],"wp:attachment":[{"href":"https:\/\/web.consaguirre.com.ar\/noticias\/wp-json\/wp\/v2\/media?parent=7787"}],"wp:term":[{"taxonomy":"category","embeddable":true,"href":"https:\/\/web.consaguirre.com.ar\/noticias\/wp-json\/wp\/v2\/categories?post=7787"},{"taxonomy":"post_tag","embeddable":true,"href":"https:\/\/web.consaguirre.com.ar\/noticias\/wp-json\/wp\/v2\/tags?post=7787"}],"curies":[{"name":"wp","href":"https:\/\/api.w.org\/{rel}","templated":true}]}}