{"id":7784,"date":"2026-09-04T11:38:18","date_gmt":"2026-09-04T14:38:18","guid":{"rendered":"https:\/\/web.consaguirre.com.ar\/noticias\/cold-war-kids-anuncia-la-edicion-del-vigesimo-aniversario-de-robbers-cowards\/"},"modified":"2026-09-04T11:38:19","modified_gmt":"2026-09-04T14:38:19","slug":"cold-war-kids-anuncia-la-edicion-del-vigesimo-aniversario-de-robbers-cowards","status":"publish","type":"post","link":"https:\/\/web.consaguirre.com.ar\/noticias\/cold-war-kids-anuncia-la-edicion-del-vigesimo-aniversario-de-robbers-cowards\/","title":{"rendered":"Cold War Kids anuncia la edici\u00f3n del vig\u00e9simo aniversario de &#8216;Robbers &#038; Cowards&#8217;"},"content":{"rendered":"<p>Cold War Kids celebra los 20 a\u00f1os de su revolucionario LP debut <em>Ladrones y cobardes<\/em>con nuevas ediciones que incluyen el \u00e1lbum lanzado en 2LP deluxe, 2LP Color Deluxe, 1CD, Digital Deluxe y ATMOS.<\/p>\n<div align=\"center\">\n<div class=\"udiscover-store-container\">\n<div id='udiscover-store-three-product'><\/div>\n<\/div>\n<p>\/*<!(CDATA(*\/(function (){var scriptURL='https:\/\/sdks.shopifycdn.com\/buy-button\/latest\/buy-button-storefront.min.js';if(window.ShopifyBuy){if(window.ShopifyBuy.UI){ShopifyBuyInit();}else{loadScript();}}else{loadScript();}funci\u00f3n loadScript(){var script=document.createElement('script');script.async=true;script.src=scriptURL;(document.getElementsByTagName('head')(0)|| document.getElementsByTagName('body')(0)).appendChild(script);script.onload=ShopifyBuyInit;} function ShopifyBuyInit(){var cliente=ShopifyBuy.buildClient({dominio:'udiscover.myshopify.com',storefrontAccessToken: 'bdc89f347d2ce61c1feeb9f8c60b2b98',}); ShopifyBuy.UI.onReady(cliente).luego(funci\u00f3n(ui){ ui.createComponent('productSet',{ id:(7958520627277,7958520594509,7958520660045), nodo:document.getElementById('udiscover-store-tres-producto'), moneyFormat:'%24%7B%7Bamount%7D%7D', opciones:{&quot;producto&quot;:{&quot;marco flotante&quot;:FALSO,&quot;eventos&quot;:{antes deInit:funci\u00f3n(producto){Objeto.defineProperty(producto,&quot;es bot\u00f3n&quot;,{get:function(){return true;}});Object.defineProperty(producto,&quot;opciones&quot;{get:function(){return this.config(this.typeKey);}});var actualOnButtonClick=product.onButtonClick;product.onButtonClick=function(event,target) {event.stopImmediatePropagation();this.options.buttonDestination=&quot;modal&quot;;actualOnButtonClick.call(este,evento,destino);};}},\n&quot;bot\u00f3nDestino&quot;:&quot;modal&quot;,&quot;contenido&quot;:{&quot;opciones&quot;:verdadero},&quot;texto&quot;:{&quot;bot\u00f3n&quot;:&quot;Ordene ahora&quot;,&quot;Agotado&quot;:&quot;Lo sentimos, esto est\u00e1 agotado.&quot;}},&quot;conjunto de productos&quot;:{&quot;marco flotante&quot;:FALSO},&quot;modalProducto&quot;:{&quot;marco flotante&quot;:FALSO,&quot;contenido&quot;:{&quot;imagen&quot;:FALSO,&quot;imgConCarrusel&quot;:verdadero,&quot;bot\u00f3n&quot;:FALSO,&quot;bot\u00f3nConCantidad&quot;:verdadero}},&quot;modal&quot;:{&quot;marco flotante&quot;:FALSO},&quot;opci\u00f3n&quot;:{&quot;marco flotante&quot;:FALSO},&quot;carro&quot;:{&quot;marco flotante&quot;:FALSO},&quot;palanca&quot;:{&quot;marco flotante&quot;:FALSO,&quot;contenido&quot;:{&quot;icono&quot;:FALSO}},&quot;art\u00edculo de l\u00ednea&quot;:{&quot;marco flotante&quot;:FALSO}},}); }); } })(); \/*))>*\/ <\/div>\n<\/p>\n<p>La nueva edici\u00f3n de <em>Ladrones y cobardes<\/em> presenta ilustraciones nuevas y alternativas, cuatro canciones previamente perdidas y seis interpretaciones en vivo de cortes de la \u00e9poca.<\/p>\n<p>La banda de Long Beach liderada por el l\u00edder Nathan Willett comenz\u00f3 a provocar este relanzamiento en julio, cuando presentaron una nueva canci\u00f3n llamada \u201cLoyalty\u201d. La canci\u00f3n fue grabada durante el <em>Ladrones y cobardes<\/em> sesiones, pero nunca fue terminado. La pista se une a otra. <em>Ladrones y cobardes<\/em> era corte perdido, &#8220;Ah\u00ed va la noche&#8221;. Dos d\u00e9cadas despu\u00e9s, la banda se inspir\u00f3 para regresar al estudio y acabar con ellos. Ambos se incluir\u00e1n en estas nuevas ediciones del 20 aniversario.<\/p>\n<p>El l\u00edder Nathan Willett dijo que &#8220;Loyalty&#8221; es de la primera gira nacional de Cold War Kids en 2005, cuando la banda la toc\u00f3 en vivo antes de grabarla en el estudio. &#8220;La canci\u00f3n tiene esta energ\u00eda instant\u00e1nea, esta simplicidad. Es de alguna manera blues y punky como The Clash&#8221;, dijo. &#8220;Cuando lo grabamos este a\u00f1o pens\u00e9: &#8216;\u00bfEn qu\u00e9 est\u00e1bamos pensando que no pusimos esto en el primer \u00e1lbum? \u00a1Es tan bueno!'&#8221;<\/p>\n<p>El grupo, que tambi\u00e9n incluye a Matt Maust, David Quon, Matthew Schwartz y Joe Plummer, realiz\u00f3 algunos espect\u00e1culos masivos este verano. En julio, tocaron en un show local en el Kia Forum en Los \u00c1ngeles, apoyando a Young the Giant. La gira, que concluy\u00f3 el 9 de agosto, incluy\u00f3 espect\u00e1culos en Santa B\u00e1rbara, San Francisco, Seattle, Chicago e Indian\u00e1polis.<\/p>\n<p><em>Ladrones y cobardes<\/em> mostr\u00f3 al mundo el inimitable sonido indie rock inspirado en el blues de la banda, produciendo sencillos favoritos de los fan\u00e1ticos como \u201cHang Me Up to Dry\u201d, \u201cWe Used to Vacation\u201d y \u201cHospital Beds\u201d. Alcanz\u00f3 el puesto 173 en el Billboard 200. Alcanz\u00f3 el puesto 4 en la lista de \u00e1lbumes Heatseekers de Billboard en EE. UU., mientras que \u201cHang Me Up to Dry\u201d obtuvo la certificaci\u00f3n Oro.<\/p>\n<p><b>Compre la edici\u00f3n del 20.\u00ba aniversario de Cold War Kids&#8217; <em>Ladrones y cobardes<\/em> aqu\u00ed.<\/b><\/p>\n","protected":false},"excerpt":{"rendered":"<p>Cold War Kids celebra los 20 a\u00f1os de su revolucionario LP debut Ladrones y cobardescon nuevas ediciones que incluyen el \u00e1lbum lanzado en 2LP deluxe,<\/p>\n","protected":false},"author":1,"featured_media":7785,"comment_status":"closed","ping_status":"","sticky":false,"template":"","format":"standard","meta":{"footnotes":""},"categories":[50],"tags":[98,56,1343,5228,10,160,1278,5227,1130,1441],"class_list":["post-7784","post","type-post","status-publish","format-standard","has-post-thumbnail","hentry","category-el-ultimo","tag-aniversario","tag-anuncia","tag-cold","tag-cowards","tag-del","tag-edicion","tag-kids","tag-robbers","tag-vigesimo","tag-war","generate-columns","tablet-grid-50","mobile-grid-100","grid-parent","grid-50"],"yoast_head":"<!-- This site is optimized with the Yoast SEO plugin v23.3 - https:\/\/yoast.com\/wordpress\/plugins\/seo\/ -->\n<title>Cold War Kids anuncia la edici\u00f3n del vig\u00e9simo aniversario de &#039;Robbers &amp; Cowards&#039;<\/title>\n<meta name=\"robots\" content=\"index, follow, max-snippet:-1, max-image-preview:large, max-video-preview:-1\" \/>\n<link rel=\"canonical\" href=\"https:\/\/web.consaguirre.com.ar\/noticias\/cold-war-kids-anuncia-la-edicion-del-vigesimo-aniversario-de-robbers-cowards\/\" \/>\n<meta property=\"og:locale\" content=\"es_ES\" \/>\n<meta property=\"og:type\" content=\"article\" \/>\n<meta property=\"og:title\" content=\"Cold War Kids anuncia la edici\u00f3n del vig\u00e9simo aniversario de &#039;Robbers &amp; Cowards&#039;\" \/>\n<meta property=\"og:description\" content=\"Cold War Kids celebra los 20 a\u00f1os de su revolucionario LP debut Ladrones y cobardescon nuevas ediciones que incluyen el \u00e1lbum lanzado en 2LP deluxe,\" \/>\n<meta property=\"og:url\" content=\"https:\/\/web.consaguirre.com.ar\/noticias\/cold-war-kids-anuncia-la-edicion-del-vigesimo-aniversario-de-robbers-cowards\/\" \/>\n<meta property=\"og:site_name\" content=\"Conservatorio de M\u00fasica Juli\u00e1n Aguirre\" \/>\n<meta property=\"article:published_time\" content=\"2026-09-04T14:38:18+00:00\" \/>\n<meta property=\"article:modified_time\" content=\"2026-09-04T14:38:19+00:00\" \/>\n<meta property=\"og:image\" content=\"https:\/\/web.consaguirre.com.ar\/noticias\/wp-content\/uploads\/2026\/09\/Cold-War-Kids-anuncia-la-edicion-del-vigesimo-aniversario-de.jpg\" \/>\n\t<meta property=\"og:image:width\" content=\"820\" \/>\n\t<meta property=\"og:image:height\" content=\"820\" \/>\n\t<meta property=\"og:image:type\" content=\"image\/jpeg\" \/>\n<meta name=\"author\" content=\"Javier Figueroa\" \/>\n<meta name=\"twitter:card\" content=\"summary_large_image\" \/>\n<meta name=\"twitter:label1\" content=\"Escrito por\" \/>\n\t<meta name=\"twitter:data1\" content=\"Javier Figueroa\" \/>\n\t<meta name=\"twitter:label2\" content=\"Tiempo de lectura\" \/>\n\t<meta name=\"twitter:data2\" content=\"2 minutos\" \/>\n<script type=\"application\/ld+json\" class=\"yoast-schema-graph\">{\"@context\":\"https:\/\/schema.org\",\"@graph\":[{\"@type\":\"Article\",\"@id\":\"https:\/\/web.consaguirre.com.ar\/noticias\/cold-war-kids-anuncia-la-edicion-del-vigesimo-aniversario-de-robbers-cowards\/#article\",\"isPartOf\":{\"@id\":\"https:\/\/web.consaguirre.com.ar\/noticias\/cold-war-kids-anuncia-la-edicion-del-vigesimo-aniversario-de-robbers-cowards\/\"},\"author\":{\"name\":\"Javier Figueroa\",\"@id\":\"https:\/\/web.consaguirre.com.ar\/noticias\/#\/schema\/person\/6558b0cfedee7ddc5425602b237d5722\"},\"headline\":\"Cold War Kids anuncia la edici\u00f3n del vig\u00e9simo aniversario de &#8216;Robbers &#038; Cowards&#8217;\",\"datePublished\":\"2026-09-04T14:38:18+00:00\",\"dateModified\":\"2026-09-04T14:38:19+00:00\",\"mainEntityOfPage\":{\"@id\":\"https:\/\/web.consaguirre.com.ar\/noticias\/cold-war-kids-anuncia-la-edicion-del-vigesimo-aniversario-de-robbers-cowards\/\"},\"wordCount\":383,\"publisher\":{\"@id\":\"https:\/\/web.consaguirre.com.ar\/noticias\/#organization\"},\"image\":{\"@id\":\"https:\/\/web.consaguirre.com.ar\/noticias\/cold-war-kids-anuncia-la-edicion-del-vigesimo-aniversario-de-robbers-cowards\/#primaryimage\"},\"thumbnailUrl\":\"https:\/\/web.consaguirre.com.ar\/noticias\/wp-content\/uploads\/2026\/09\/Cold-War-Kids-anuncia-la-edicion-del-vigesimo-aniversario-de.jpg\",\"keywords\":[\"aniversario\",\"anuncia\",\"Cold\",\"Cowards\",\"del\",\"edici\u00f3n\",\"Kids\",\"Robbers\",\"vig\u00e9simo\",\"War\"],\"articleSection\":[\"El \u00faltimo\"],\"inLanguage\":\"es-AR\"},{\"@type\":\"WebPage\",\"@id\":\"https:\/\/web.consaguirre.com.ar\/noticias\/cold-war-kids-anuncia-la-edicion-del-vigesimo-aniversario-de-robbers-cowards\/\",\"url\":\"https:\/\/web.consaguirre.com.ar\/noticias\/cold-war-kids-anuncia-la-edicion-del-vigesimo-aniversario-de-robbers-cowards\/\",\"name\":\"Cold War Kids anuncia la edici\u00f3n del vig\u00e9simo aniversario de 'Robbers & Cowards'\",\"isPartOf\":{\"@id\":\"https:\/\/web.consaguirre.com.ar\/noticias\/#website\"},\"primaryImageOfPage\":{\"@id\":\"https:\/\/web.consaguirre.com.ar\/noticias\/cold-war-kids-anuncia-la-edicion-del-vigesimo-aniversario-de-robbers-cowards\/#primaryimage\"},\"image\":{\"@id\":\"https:\/\/web.consaguirre.com.ar\/noticias\/cold-war-kids-anuncia-la-edicion-del-vigesimo-aniversario-de-robbers-cowards\/#primaryimage\"},\"thumbnailUrl\":\"https:\/\/web.consaguirre.com.ar\/noticias\/wp-content\/uploads\/2026\/09\/Cold-War-Kids-anuncia-la-edicion-del-vigesimo-aniversario-de.jpg\",\"datePublished\":\"2026-09-04T14:38:18+00:00\",\"dateModified\":\"2026-09-04T14:38:19+00:00\",\"breadcrumb\":{\"@id\":\"https:\/\/web.consaguirre.com.ar\/noticias\/cold-war-kids-anuncia-la-edicion-del-vigesimo-aniversario-de-robbers-cowards\/#breadcrumb\"},\"inLanguage\":\"es-AR\",\"potentialAction\":[{\"@type\":\"ReadAction\",\"target\":[\"https:\/\/web.consaguirre.com.ar\/noticias\/cold-war-kids-anuncia-la-edicion-del-vigesimo-aniversario-de-robbers-cowards\/\"]}]},{\"@type\":\"ImageObject\",\"inLanguage\":\"es-AR\",\"@id\":\"https:\/\/web.consaguirre.com.ar\/noticias\/cold-war-kids-anuncia-la-edicion-del-vigesimo-aniversario-de-robbers-cowards\/#primaryimage\",\"url\":\"https:\/\/web.consaguirre.com.ar\/noticias\/wp-content\/uploads\/2026\/09\/Cold-War-Kids-anuncia-la-edicion-del-vigesimo-aniversario-de.jpg\",\"contentUrl\":\"https:\/\/web.consaguirre.com.ar\/noticias\/wp-content\/uploads\/2026\/09\/Cold-War-Kids-anuncia-la-edicion-del-vigesimo-aniversario-de.jpg\",\"width\":820,\"height\":820,\"caption\":\"Cold War Kids anuncia la edici\u00f3n del vig\u00e9simo aniversario de 'Robbers & Cowards'\"},{\"@type\":\"BreadcrumbList\",\"@id\":\"https:\/\/web.consaguirre.com.ar\/noticias\/cold-war-kids-anuncia-la-edicion-del-vigesimo-aniversario-de-robbers-cowards\/#breadcrumb\",\"itemListElement\":[{\"@type\":\"ListItem\",\"position\":1,\"name\":\"Inicio\",\"item\":\"https:\/\/web.consaguirre.com.ar\/noticias\/\"},{\"@type\":\"ListItem\",\"position\":2,\"name\":\"Cold War Kids anuncia la edici\u00f3n del vig\u00e9simo aniversario de &#8216;Robbers &#038; Cowards&#8217;\"}]},{\"@type\":\"WebSite\",\"@id\":\"https:\/\/web.consaguirre.com.ar\/noticias\/#website\",\"url\":\"https:\/\/web.consaguirre.com.ar\/noticias\/\",\"name\":\"Conservatorio de M\u00fasica Juli\u00e1n Aguirre\",\"description\":\"\",\"publisher\":{\"@id\":\"https:\/\/web.consaguirre.com.ar\/noticias\/#organization\"},\"potentialAction\":[{\"@type\":\"SearchAction\",\"target\":{\"@type\":\"EntryPoint\",\"urlTemplate\":\"https:\/\/web.consaguirre.com.ar\/noticias\/?s={search_term_string}\"},\"query-input\":\"required name=search_term_string\"}],\"inLanguage\":\"es-AR\"},{\"@type\":\"Organization\",\"@id\":\"https:\/\/web.consaguirre.com.ar\/noticias\/#organization\",\"name\":\"Conservatorio de M\u00fasica Juli\u00e1n Aguirre\",\"url\":\"https:\/\/web.consaguirre.com.ar\/noticias\/\",\"logo\":{\"@type\":\"ImageObject\",\"inLanguage\":\"es-AR\",\"@id\":\"https:\/\/web.consaguirre.com.ar\/noticias\/#\/schema\/logo\/image\/\",\"url\":\"https:\/\/web.consaguirre.com.ar\/noticias\/wp-content\/uploads\/2024\/08\/Banner-Aguirre-23.jpg\",\"contentUrl\":\"https:\/\/web.consaguirre.com.ar\/noticias\/wp-content\/uploads\/2024\/08\/Banner-Aguirre-23.jpg\",\"width\":1192,\"height\":600,\"caption\":\"Conservatorio de M\u00fasica Juli\u00e1n Aguirre\"},\"image\":{\"@id\":\"https:\/\/web.consaguirre.com.ar\/noticias\/#\/schema\/logo\/image\/\"}},{\"@type\":\"Person\",\"@id\":\"https:\/\/web.consaguirre.com.ar\/noticias\/#\/schema\/person\/6558b0cfedee7ddc5425602b237d5722\",\"name\":\"Javier Figueroa\",\"image\":{\"@type\":\"ImageObject\",\"inLanguage\":\"es-AR\",\"@id\":\"https:\/\/web.consaguirre.com.ar\/noticias\/#\/schema\/person\/image\/\",\"url\":\"https:\/\/web.consaguirre.com.ar\/noticias\/wp-content\/uploads\/2024\/08\/Consaguirre-scaled.jpg\",\"contentUrl\":\"https:\/\/web.consaguirre.com.ar\/noticias\/wp-content\/uploads\/2024\/08\/Consaguirre-scaled.jpg\",\"caption\":\"Javier Figueroa\"},\"description\":\"Me llamo Javier Figueroa y soy redactor para el sitio oficial del Conservatorio de M\u00fasica Juli\u00e1n Aguirre en Buenos Aires, consaguirre.com. Apasionado por la m\u00fasica y la escritura, me esfuerzo por destacar los talentos y eventos de nuestra prestigiosa instituci\u00f3n. Mi trayectoria se nutre de una profunda admiraci\u00f3n por los artistas, haciendo de cada art\u00edculo una celebraci\u00f3n de la creatividad y la cultura musical.\",\"sameAs\":[\"https:\/\/web.consaguirre.com.ar\/noticias\"]}]}<\/script>\n<!-- \/ Yoast SEO plugin. -->","yoast_head_json":{"title":"Cold War Kids anuncia la edici\u00f3n del vig\u00e9simo aniversario de 'Robbers & Cowards'","robots":{"index":"index","follow":"follow","max-snippet":"max-snippet:-1","max-image-preview":"max-image-preview:large","max-video-preview":"max-video-preview:-1"},"canonical":"https:\/\/web.consaguirre.com.ar\/noticias\/cold-war-kids-anuncia-la-edicion-del-vigesimo-aniversario-de-robbers-cowards\/","og_locale":"es_ES","og_type":"article","og_title":"Cold War Kids anuncia la edici\u00f3n del vig\u00e9simo aniversario de 'Robbers & Cowards'","og_description":"Cold War Kids celebra los 20 a\u00f1os de su revolucionario LP debut Ladrones y cobardescon nuevas ediciones que incluyen el \u00e1lbum lanzado en 2LP deluxe,","og_url":"https:\/\/web.consaguirre.com.ar\/noticias\/cold-war-kids-anuncia-la-edicion-del-vigesimo-aniversario-de-robbers-cowards\/","og_site_name":"Conservatorio de M\u00fasica Juli\u00e1n Aguirre","article_published_time":"2026-09-04T14:38:18+00:00","article_modified_time":"2026-09-04T14:38:19+00:00","og_image":[{"width":820,"height":820,"url":"https:\/\/web.consaguirre.com.ar\/noticias\/wp-content\/uploads\/2026\/09\/Cold-War-Kids-anuncia-la-edicion-del-vigesimo-aniversario-de.jpg","type":"image\/jpeg"}],"author":"Javier Figueroa","twitter_card":"summary_large_image","twitter_misc":{"Escrito por":"Javier Figueroa","Tiempo de lectura":"2 minutos"},"schema":{"@context":"https:\/\/schema.org","@graph":[{"@type":"Article","@id":"https:\/\/web.consaguirre.com.ar\/noticias\/cold-war-kids-anuncia-la-edicion-del-vigesimo-aniversario-de-robbers-cowards\/#article","isPartOf":{"@id":"https:\/\/web.consaguirre.com.ar\/noticias\/cold-war-kids-anuncia-la-edicion-del-vigesimo-aniversario-de-robbers-cowards\/"},"author":{"name":"Javier Figueroa","@id":"https:\/\/web.consaguirre.com.ar\/noticias\/#\/schema\/person\/6558b0cfedee7ddc5425602b237d5722"},"headline":"Cold War Kids anuncia la edici\u00f3n del vig\u00e9simo aniversario de &#8216;Robbers &#038; Cowards&#8217;","datePublished":"2026-09-04T14:38:18+00:00","dateModified":"2026-09-04T14:38:19+00:00","mainEntityOfPage":{"@id":"https:\/\/web.consaguirre.com.ar\/noticias\/cold-war-kids-anuncia-la-edicion-del-vigesimo-aniversario-de-robbers-cowards\/"},"wordCount":383,"publisher":{"@id":"https:\/\/web.consaguirre.com.ar\/noticias\/#organization"},"image":{"@id":"https:\/\/web.consaguirre.com.ar\/noticias\/cold-war-kids-anuncia-la-edicion-del-vigesimo-aniversario-de-robbers-cowards\/#primaryimage"},"thumbnailUrl":"https:\/\/web.consaguirre.com.ar\/noticias\/wp-content\/uploads\/2026\/09\/Cold-War-Kids-anuncia-la-edicion-del-vigesimo-aniversario-de.jpg","keywords":["aniversario","anuncia","Cold","Cowards","del","edici\u00f3n","Kids","Robbers","vig\u00e9simo","War"],"articleSection":["El \u00faltimo"],"inLanguage":"es-AR"},{"@type":"WebPage","@id":"https:\/\/web.consaguirre.com.ar\/noticias\/cold-war-kids-anuncia-la-edicion-del-vigesimo-aniversario-de-robbers-cowards\/","url":"https:\/\/web.consaguirre.com.ar\/noticias\/cold-war-kids-anuncia-la-edicion-del-vigesimo-aniversario-de-robbers-cowards\/","name":"Cold War Kids anuncia la edici\u00f3n del vig\u00e9simo aniversario de 'Robbers & Cowards'","isPartOf":{"@id":"https:\/\/web.consaguirre.com.ar\/noticias\/#website"},"primaryImageOfPage":{"@id":"https:\/\/web.consaguirre.com.ar\/noticias\/cold-war-kids-anuncia-la-edicion-del-vigesimo-aniversario-de-robbers-cowards\/#primaryimage"},"image":{"@id":"https:\/\/web.consaguirre.com.ar\/noticias\/cold-war-kids-anuncia-la-edicion-del-vigesimo-aniversario-de-robbers-cowards\/#primaryimage"},"thumbnailUrl":"https:\/\/web.consaguirre.com.ar\/noticias\/wp-content\/uploads\/2026\/09\/Cold-War-Kids-anuncia-la-edicion-del-vigesimo-aniversario-de.jpg","datePublished":"2026-09-04T14:38:18+00:00","dateModified":"2026-09-04T14:38:19+00:00","breadcrumb":{"@id":"https:\/\/web.consaguirre.com.ar\/noticias\/cold-war-kids-anuncia-la-edicion-del-vigesimo-aniversario-de-robbers-cowards\/#breadcrumb"},"inLanguage":"es-AR","potentialAction":[{"@type":"ReadAction","target":["https:\/\/web.consaguirre.com.ar\/noticias\/cold-war-kids-anuncia-la-edicion-del-vigesimo-aniversario-de-robbers-cowards\/"]}]},{"@type":"ImageObject","inLanguage":"es-AR","@id":"https:\/\/web.consaguirre.com.ar\/noticias\/cold-war-kids-anuncia-la-edicion-del-vigesimo-aniversario-de-robbers-cowards\/#primaryimage","url":"https:\/\/web.consaguirre.com.ar\/noticias\/wp-content\/uploads\/2026\/09\/Cold-War-Kids-anuncia-la-edicion-del-vigesimo-aniversario-de.jpg","contentUrl":"https:\/\/web.consaguirre.com.ar\/noticias\/wp-content\/uploads\/2026\/09\/Cold-War-Kids-anuncia-la-edicion-del-vigesimo-aniversario-de.jpg","width":820,"height":820,"caption":"Cold War Kids anuncia la edici\u00f3n del vig\u00e9simo aniversario de 'Robbers & Cowards'"},{"@type":"BreadcrumbList","@id":"https:\/\/web.consaguirre.com.ar\/noticias\/cold-war-kids-anuncia-la-edicion-del-vigesimo-aniversario-de-robbers-cowards\/#breadcrumb","itemListElement":[{"@type":"ListItem","position":1,"name":"Inicio","item":"https:\/\/web.consaguirre.com.ar\/noticias\/"},{"@type":"ListItem","position":2,"name":"Cold War Kids anuncia la edici\u00f3n del vig\u00e9simo aniversario de &#8216;Robbers &#038; Cowards&#8217;"}]},{"@type":"WebSite","@id":"https:\/\/web.consaguirre.com.ar\/noticias\/#website","url":"https:\/\/web.consaguirre.com.ar\/noticias\/","name":"Conservatorio de M\u00fasica Juli\u00e1n Aguirre","description":"","publisher":{"@id":"https:\/\/web.consaguirre.com.ar\/noticias\/#organization"},"potentialAction":[{"@type":"SearchAction","target":{"@type":"EntryPoint","urlTemplate":"https:\/\/web.consaguirre.com.ar\/noticias\/?s={search_term_string}"},"query-input":"required name=search_term_string"}],"inLanguage":"es-AR"},{"@type":"Organization","@id":"https:\/\/web.consaguirre.com.ar\/noticias\/#organization","name":"Conservatorio de M\u00fasica Juli\u00e1n Aguirre","url":"https:\/\/web.consaguirre.com.ar\/noticias\/","logo":{"@type":"ImageObject","inLanguage":"es-AR","@id":"https:\/\/web.consaguirre.com.ar\/noticias\/#\/schema\/logo\/image\/","url":"https:\/\/web.consaguirre.com.ar\/noticias\/wp-content\/uploads\/2024\/08\/Banner-Aguirre-23.jpg","contentUrl":"https:\/\/web.consaguirre.com.ar\/noticias\/wp-content\/uploads\/2024\/08\/Banner-Aguirre-23.jpg","width":1192,"height":600,"caption":"Conservatorio de M\u00fasica Juli\u00e1n Aguirre"},"image":{"@id":"https:\/\/web.consaguirre.com.ar\/noticias\/#\/schema\/logo\/image\/"}},{"@type":"Person","@id":"https:\/\/web.consaguirre.com.ar\/noticias\/#\/schema\/person\/6558b0cfedee7ddc5425602b237d5722","name":"Javier Figueroa","image":{"@type":"ImageObject","inLanguage":"es-AR","@id":"https:\/\/web.consaguirre.com.ar\/noticias\/#\/schema\/person\/image\/","url":"https:\/\/web.consaguirre.com.ar\/noticias\/wp-content\/uploads\/2024\/08\/Consaguirre-scaled.jpg","contentUrl":"https:\/\/web.consaguirre.com.ar\/noticias\/wp-content\/uploads\/2024\/08\/Consaguirre-scaled.jpg","caption":"Javier Figueroa"},"description":"Me llamo Javier Figueroa y soy redactor para el sitio oficial del Conservatorio de M\u00fasica Juli\u00e1n Aguirre en Buenos Aires, consaguirre.com. Apasionado por la m\u00fasica y la escritura, me esfuerzo por destacar los talentos y eventos de nuestra prestigiosa instituci\u00f3n. Mi trayectoria se nutre de una profunda admiraci\u00f3n por los artistas, haciendo de cada art\u00edculo una celebraci\u00f3n de la creatividad y la cultura musical.","sameAs":["https:\/\/web.consaguirre.com.ar\/noticias"]}]}},"_links":{"self":[{"href":"https:\/\/web.consaguirre.com.ar\/noticias\/wp-json\/wp\/v2\/posts\/7784"}],"collection":[{"href":"https:\/\/web.consaguirre.com.ar\/noticias\/wp-json\/wp\/v2\/posts"}],"about":[{"href":"https:\/\/web.consaguirre.com.ar\/noticias\/wp-json\/wp\/v2\/types\/post"}],"author":[{"embeddable":true,"href":"https:\/\/web.consaguirre.com.ar\/noticias\/wp-json\/wp\/v2\/users\/1"}],"replies":[{"embeddable":true,"href":"https:\/\/web.consaguirre.com.ar\/noticias\/wp-json\/wp\/v2\/comments?post=7784"}],"version-history":[{"count":1,"href":"https:\/\/web.consaguirre.com.ar\/noticias\/wp-json\/wp\/v2\/posts\/7784\/revisions"}],"predecessor-version":[{"id":7786,"href":"https:\/\/web.consaguirre.com.ar\/noticias\/wp-json\/wp\/v2\/posts\/7784\/revisions\/7786"}],"wp:featuredmedia":[{"embeddable":true,"href":"https:\/\/web.consaguirre.com.ar\/noticias\/wp-json\/wp\/v2\/media\/7785"}],"wp:attachment":[{"href":"https:\/\/web.consaguirre.com.ar\/noticias\/wp-json\/wp\/v2\/media?parent=7784"}],"wp:term":[{"taxonomy":"category","embeddable":true,"href":"https:\/\/web.consaguirre.com.ar\/noticias\/wp-json\/wp\/v2\/categories?post=7784"},{"taxonomy":"post_tag","embeddable":true,"href":"https:\/\/web.consaguirre.com.ar\/noticias\/wp-json\/wp\/v2\/tags?post=7784"}],"curies":[{"name":"wp","href":"https:\/\/api.w.org\/{rel}","templated":true}]}}