{"id":7762,"date":"2026-09-01T23:38:20","date_gmt":"2026-09-02T02:38:20","guid":{"rendered":"https:\/\/web.consaguirre.com.ar\/noticias\/paris-jackson-sorprende-lanza-dos-nuevas-canciones-para-el-cumpleanos-de-su-padre\/"},"modified":"2026-09-01T23:38:21","modified_gmt":"2026-09-02T02:38:21","slug":"paris-jackson-sorprende-lanza-dos-nuevas-canciones-para-el-cumpleanos-de-su-padre","status":"publish","type":"post","link":"https:\/\/web.consaguirre.com.ar\/noticias\/paris-jackson-sorprende-lanza-dos-nuevas-canciones-para-el-cumpleanos-de-su-padre\/","title":{"rendered":"Paris Jackson sorprende: lanza dos nuevas canciones para el cumplea\u00f1os de su padre"},"content":{"rendered":"<p>Apenas ocho d\u00edas despu\u00e9s de lanzar su primer \u00e1lbum en seis a\u00f1os, Paris Jackson regres\u00f3 con dos temas sorpresa m\u00e1s. Las nuevas canciones \u201cThe Breeze\u201d y \u201cJust You and Me\u201d se materializaron el s\u00e1bado 29 de agosto coincidiendo con el cumplea\u00f1os de su difunto padre, Michael Jackson.<\/p>\n<p>&#8220;No es un tributo. No es una conmemoraci\u00f3n. No es una demostraci\u00f3n de ning\u00fan tipo&#8221;, escribi\u00f3 Jackson en un comunicado que acompa\u00f1a a las nuevas canciones. &#8220;Es una carta. Es un poema de tipo sonoro. Es mi experiencia honesta: con el amor, la p\u00e9rdida y las relaciones parasociales frente a una personal&#8221;. Produjo ambas canciones, coescribi\u00f3 \u201cThe Breeze\u201d con Andy Hull de la Manchester Orchestra y \u201cJust You and Me\u201d con Hayden Karchmer, tambi\u00e9n conocido como Hill Country Devil. Para agregar m\u00e1s contexto a las nuevas canciones, asisti\u00f3 a una entrevista con Zane Lowe de Apple Music, que se estren\u00f3 en su totalidad el lunes.<\/p>\n<div class=\"uD-YT-container\"><img decoding=\"async\" src=\"https:\/\/web.consaguirre.com.ar\/noticias\/wp-content\/uploads\/2026\/09\/1788316700_441_Paris-Jackson-sorprende-lanza-dos-nuevas-canciones-para-el-cumpleanos.jpg\" alt=\"V\u00eddeo de YouTube\"><br \/>Haga clic para cargar v\u00eddeo<\/div>\n<p>&#8220;Estoy muy orgulloso de este doble sencillo&#8221;, dijo Jackson a Lowe. &#8220;Estoy muy orgulloso de haberme convertido en productor y de haberme convertido en compositor. Y tambi\u00e9n de decir: &#8216;A la mierda las reglas. No vamos a tener un estribillo. No vamos a tener un puente. El primero ser\u00e1 una letra, como una especie de palabra hablada, y el segundo ser\u00e1n algunos versos y un estribillo con un elemento instrumental extra\u00f1o al final. As\u00ed que eso fue realmente genial. Pero de ninguna manera se siente como un mensaje completo. como, &#8216;Esto es todo lo que tengo que decir al respecto&#8217;. Probablemente me guardar\u00e9 el resto para m\u00ed por ahora. Pero no estoy diciendo que sea esto\u201d.<\/p>\n<p>El doble sencillo sigue al lanzamiento del 21 de agosto de <em>EL D\u00cdA MAS FELIZ DE MI VIDA<\/em>la continuaci\u00f3n de Jackson de su \u00e1lbum debut de 2020 <em>marchito<\/em>. Trabaj\u00f3 en el \u00e1lbum con la veterana productora Linda Perry y lo describi\u00f3 como \u201cuna colisi\u00f3n de sonido, experiencia y emoci\u00f3n\u201d. Jackson se encuentra actualmente en medio de una gira que alterna entre espect\u00e1culos principales y apoyo a Pretty Reckless.<\/p>\n<p><b>Escuche \u201cThe Breeze\u201d de Paris Jackson aqu\u00ed.<\/b><\/p>\n","protected":false},"excerpt":{"rendered":"<p>Apenas ocho d\u00edas despu\u00e9s de lanzar su primer \u00e1lbum en seis a\u00f1os, Paris Jackson regres\u00f3 con dos temas sorpresa m\u00e1s. Las nuevas canciones \u201cThe Breeze\u201d<\/p>\n","protected":false},"author":1,"featured_media":7763,"comment_status":"closed","ping_status":"","sticky":false,"template":"","format":"standard","meta":{"footnotes":""},"categories":[50],"tags":[287,914,103,176,218,999,5216,154,1425,5215],"class_list":["post-7762","post","type-post","status-publish","format-standard","has-post-thumbnail","hentry","category-el-ultimo","tag-canciones","tag-cumpleanos","tag-dos","tag-jackson","tag-lanza","tag-nuevas","tag-padre","tag-para","tag-paris","tag-sorprende","generate-columns","tablet-grid-50","mobile-grid-100","grid-parent","grid-50"],"yoast_head":"<!-- This site is optimized with the Yoast SEO plugin v23.3 - https:\/\/yoast.com\/wordpress\/plugins\/seo\/ -->\n<title>Paris Jackson sorprende: lanza dos nuevas canciones para el cumplea\u00f1os de su padre<\/title>\n<meta name=\"robots\" content=\"index, follow, max-snippet:-1, max-image-preview:large, max-video-preview:-1\" \/>\n<link rel=\"canonical\" href=\"https:\/\/web.consaguirre.com.ar\/noticias\/paris-jackson-sorprende-lanza-dos-nuevas-canciones-para-el-cumpleanos-de-su-padre\/\" \/>\n<meta property=\"og:locale\" content=\"es_ES\" \/>\n<meta property=\"og:type\" content=\"article\" \/>\n<meta property=\"og:title\" content=\"Paris Jackson sorprende: lanza dos nuevas canciones para el cumplea\u00f1os de su padre\" \/>\n<meta property=\"og:description\" content=\"Apenas ocho d\u00edas despu\u00e9s de lanzar su primer \u00e1lbum en seis a\u00f1os, Paris Jackson regres\u00f3 con dos temas sorpresa m\u00e1s. Las nuevas canciones \u201cThe Breeze\u201d\" \/>\n<meta property=\"og:url\" content=\"https:\/\/web.consaguirre.com.ar\/noticias\/paris-jackson-sorprende-lanza-dos-nuevas-canciones-para-el-cumpleanos-de-su-padre\/\" \/>\n<meta property=\"og:site_name\" content=\"Conservatorio de M\u00fasica Juli\u00e1n Aguirre\" \/>\n<meta property=\"article:published_time\" content=\"2026-09-02T02:38:20+00:00\" \/>\n<meta property=\"article:modified_time\" content=\"2026-09-02T02:38:21+00:00\" \/>\n<meta property=\"og:image\" content=\"https:\/\/web.consaguirre.com.ar\/noticias\/wp-content\/uploads\/2026\/09\/Paris-Jackson-sorprende-lanza-dos-nuevas-canciones-para-el-cumpleanos.jpg\" \/>\n\t<meta property=\"og:image:width\" content=\"820\" \/>\n\t<meta property=\"og:image:height\" content=\"820\" \/>\n\t<meta property=\"og:image:type\" content=\"image\/jpeg\" \/>\n<meta name=\"author\" content=\"Javier Figueroa\" \/>\n<meta name=\"twitter:card\" content=\"summary_large_image\" \/>\n<meta name=\"twitter:label1\" content=\"Escrito por\" \/>\n\t<meta name=\"twitter:data1\" content=\"Javier Figueroa\" \/>\n\t<meta name=\"twitter:label2\" content=\"Tiempo de lectura\" \/>\n\t<meta name=\"twitter:data2\" content=\"2 minutos\" \/>\n<script type=\"application\/ld+json\" class=\"yoast-schema-graph\">{\"@context\":\"https:\/\/schema.org\",\"@graph\":[{\"@type\":\"Article\",\"@id\":\"https:\/\/web.consaguirre.com.ar\/noticias\/paris-jackson-sorprende-lanza-dos-nuevas-canciones-para-el-cumpleanos-de-su-padre\/#article\",\"isPartOf\":{\"@id\":\"https:\/\/web.consaguirre.com.ar\/noticias\/paris-jackson-sorprende-lanza-dos-nuevas-canciones-para-el-cumpleanos-de-su-padre\/\"},\"author\":{\"name\":\"Javier Figueroa\",\"@id\":\"https:\/\/web.consaguirre.com.ar\/noticias\/#\/schema\/person\/6558b0cfedee7ddc5425602b237d5722\"},\"headline\":\"Paris Jackson sorprende: lanza dos nuevas canciones para el cumplea\u00f1os de su padre\",\"datePublished\":\"2026-09-02T02:38:20+00:00\",\"dateModified\":\"2026-09-02T02:38:21+00:00\",\"mainEntityOfPage\":{\"@id\":\"https:\/\/web.consaguirre.com.ar\/noticias\/paris-jackson-sorprende-lanza-dos-nuevas-canciones-para-el-cumpleanos-de-su-padre\/\"},\"wordCount\":381,\"publisher\":{\"@id\":\"https:\/\/web.consaguirre.com.ar\/noticias\/#organization\"},\"image\":{\"@id\":\"https:\/\/web.consaguirre.com.ar\/noticias\/paris-jackson-sorprende-lanza-dos-nuevas-canciones-para-el-cumpleanos-de-su-padre\/#primaryimage\"},\"thumbnailUrl\":\"https:\/\/web.consaguirre.com.ar\/noticias\/wp-content\/uploads\/2026\/09\/Paris-Jackson-sorprende-lanza-dos-nuevas-canciones-para-el-cumpleanos.jpg\",\"keywords\":[\"canciones\",\"cumplea\u00f1os\",\"dos\",\"Jackson\",\"lanza\",\"nuevas\",\"padre\",\"para\",\"Par\u00eds\",\"sorprende\"],\"articleSection\":[\"El \u00faltimo\"],\"inLanguage\":\"es-AR\"},{\"@type\":\"WebPage\",\"@id\":\"https:\/\/web.consaguirre.com.ar\/noticias\/paris-jackson-sorprende-lanza-dos-nuevas-canciones-para-el-cumpleanos-de-su-padre\/\",\"url\":\"https:\/\/web.consaguirre.com.ar\/noticias\/paris-jackson-sorprende-lanza-dos-nuevas-canciones-para-el-cumpleanos-de-su-padre\/\",\"name\":\"Paris Jackson sorprende: lanza dos nuevas canciones para el cumplea\u00f1os de su padre\",\"isPartOf\":{\"@id\":\"https:\/\/web.consaguirre.com.ar\/noticias\/#website\"},\"primaryImageOfPage\":{\"@id\":\"https:\/\/web.consaguirre.com.ar\/noticias\/paris-jackson-sorprende-lanza-dos-nuevas-canciones-para-el-cumpleanos-de-su-padre\/#primaryimage\"},\"image\":{\"@id\":\"https:\/\/web.consaguirre.com.ar\/noticias\/paris-jackson-sorprende-lanza-dos-nuevas-canciones-para-el-cumpleanos-de-su-padre\/#primaryimage\"},\"thumbnailUrl\":\"https:\/\/web.consaguirre.com.ar\/noticias\/wp-content\/uploads\/2026\/09\/Paris-Jackson-sorprende-lanza-dos-nuevas-canciones-para-el-cumpleanos.jpg\",\"datePublished\":\"2026-09-02T02:38:20+00:00\",\"dateModified\":\"2026-09-02T02:38:21+00:00\",\"breadcrumb\":{\"@id\":\"https:\/\/web.consaguirre.com.ar\/noticias\/paris-jackson-sorprende-lanza-dos-nuevas-canciones-para-el-cumpleanos-de-su-padre\/#breadcrumb\"},\"inLanguage\":\"es-AR\",\"potentialAction\":[{\"@type\":\"ReadAction\",\"target\":[\"https:\/\/web.consaguirre.com.ar\/noticias\/paris-jackson-sorprende-lanza-dos-nuevas-canciones-para-el-cumpleanos-de-su-padre\/\"]}]},{\"@type\":\"ImageObject\",\"inLanguage\":\"es-AR\",\"@id\":\"https:\/\/web.consaguirre.com.ar\/noticias\/paris-jackson-sorprende-lanza-dos-nuevas-canciones-para-el-cumpleanos-de-su-padre\/#primaryimage\",\"url\":\"https:\/\/web.consaguirre.com.ar\/noticias\/wp-content\/uploads\/2026\/09\/Paris-Jackson-sorprende-lanza-dos-nuevas-canciones-para-el-cumpleanos.jpg\",\"contentUrl\":\"https:\/\/web.consaguirre.com.ar\/noticias\/wp-content\/uploads\/2026\/09\/Paris-Jackson-sorprende-lanza-dos-nuevas-canciones-para-el-cumpleanos.jpg\",\"width\":820,\"height\":820,\"caption\":\"paris jackson The Breeze\"},{\"@type\":\"BreadcrumbList\",\"@id\":\"https:\/\/web.consaguirre.com.ar\/noticias\/paris-jackson-sorprende-lanza-dos-nuevas-canciones-para-el-cumpleanos-de-su-padre\/#breadcrumb\",\"itemListElement\":[{\"@type\":\"ListItem\",\"position\":1,\"name\":\"Inicio\",\"item\":\"https:\/\/web.consaguirre.com.ar\/noticias\/\"},{\"@type\":\"ListItem\",\"position\":2,\"name\":\"Paris Jackson sorprende: lanza dos nuevas canciones para el cumplea\u00f1os de su padre\"}]},{\"@type\":\"WebSite\",\"@id\":\"https:\/\/web.consaguirre.com.ar\/noticias\/#website\",\"url\":\"https:\/\/web.consaguirre.com.ar\/noticias\/\",\"name\":\"Conservatorio de M\u00fasica Juli\u00e1n Aguirre\",\"description\":\"\",\"publisher\":{\"@id\":\"https:\/\/web.consaguirre.com.ar\/noticias\/#organization\"},\"potentialAction\":[{\"@type\":\"SearchAction\",\"target\":{\"@type\":\"EntryPoint\",\"urlTemplate\":\"https:\/\/web.consaguirre.com.ar\/noticias\/?s={search_term_string}\"},\"query-input\":\"required name=search_term_string\"}],\"inLanguage\":\"es-AR\"},{\"@type\":\"Organization\",\"@id\":\"https:\/\/web.consaguirre.com.ar\/noticias\/#organization\",\"name\":\"Conservatorio de M\u00fasica Juli\u00e1n Aguirre\",\"url\":\"https:\/\/web.consaguirre.com.ar\/noticias\/\",\"logo\":{\"@type\":\"ImageObject\",\"inLanguage\":\"es-AR\",\"@id\":\"https:\/\/web.consaguirre.com.ar\/noticias\/#\/schema\/logo\/image\/\",\"url\":\"https:\/\/web.consaguirre.com.ar\/noticias\/wp-content\/uploads\/2024\/08\/Banner-Aguirre-23.jpg\",\"contentUrl\":\"https:\/\/web.consaguirre.com.ar\/noticias\/wp-content\/uploads\/2024\/08\/Banner-Aguirre-23.jpg\",\"width\":1192,\"height\":600,\"caption\":\"Conservatorio de M\u00fasica Juli\u00e1n Aguirre\"},\"image\":{\"@id\":\"https:\/\/web.consaguirre.com.ar\/noticias\/#\/schema\/logo\/image\/\"}},{\"@type\":\"Person\",\"@id\":\"https:\/\/web.consaguirre.com.ar\/noticias\/#\/schema\/person\/6558b0cfedee7ddc5425602b237d5722\",\"name\":\"Javier Figueroa\",\"image\":{\"@type\":\"ImageObject\",\"inLanguage\":\"es-AR\",\"@id\":\"https:\/\/web.consaguirre.com.ar\/noticias\/#\/schema\/person\/image\/\",\"url\":\"https:\/\/web.consaguirre.com.ar\/noticias\/wp-content\/uploads\/2024\/08\/Consaguirre-scaled.jpg\",\"contentUrl\":\"https:\/\/web.consaguirre.com.ar\/noticias\/wp-content\/uploads\/2024\/08\/Consaguirre-scaled.jpg\",\"caption\":\"Javier Figueroa\"},\"description\":\"Me llamo Javier Figueroa y soy redactor para el sitio oficial del Conservatorio de M\u00fasica Juli\u00e1n Aguirre en Buenos Aires, consaguirre.com. Apasionado por la m\u00fasica y la escritura, me esfuerzo por destacar los talentos y eventos de nuestra prestigiosa instituci\u00f3n. Mi trayectoria se nutre de una profunda admiraci\u00f3n por los artistas, haciendo de cada art\u00edculo una celebraci\u00f3n de la creatividad y la cultura musical.\",\"sameAs\":[\"https:\/\/web.consaguirre.com.ar\/noticias\"]}]}<\/script>\n<!-- \/ Yoast SEO plugin. -->","yoast_head_json":{"title":"Paris Jackson sorprende: lanza dos nuevas canciones para el cumplea\u00f1os de su padre","robots":{"index":"index","follow":"follow","max-snippet":"max-snippet:-1","max-image-preview":"max-image-preview:large","max-video-preview":"max-video-preview:-1"},"canonical":"https:\/\/web.consaguirre.com.ar\/noticias\/paris-jackson-sorprende-lanza-dos-nuevas-canciones-para-el-cumpleanos-de-su-padre\/","og_locale":"es_ES","og_type":"article","og_title":"Paris Jackson sorprende: lanza dos nuevas canciones para el cumplea\u00f1os de su padre","og_description":"Apenas ocho d\u00edas despu\u00e9s de lanzar su primer \u00e1lbum en seis a\u00f1os, Paris Jackson regres\u00f3 con dos temas sorpresa m\u00e1s. Las nuevas canciones \u201cThe Breeze\u201d","og_url":"https:\/\/web.consaguirre.com.ar\/noticias\/paris-jackson-sorprende-lanza-dos-nuevas-canciones-para-el-cumpleanos-de-su-padre\/","og_site_name":"Conservatorio de M\u00fasica Juli\u00e1n Aguirre","article_published_time":"2026-09-02T02:38:20+00:00","article_modified_time":"2026-09-02T02:38:21+00:00","og_image":[{"width":820,"height":820,"url":"https:\/\/web.consaguirre.com.ar\/noticias\/wp-content\/uploads\/2026\/09\/Paris-Jackson-sorprende-lanza-dos-nuevas-canciones-para-el-cumpleanos.jpg","type":"image\/jpeg"}],"author":"Javier Figueroa","twitter_card":"summary_large_image","twitter_misc":{"Escrito por":"Javier Figueroa","Tiempo de lectura":"2 minutos"},"schema":{"@context":"https:\/\/schema.org","@graph":[{"@type":"Article","@id":"https:\/\/web.consaguirre.com.ar\/noticias\/paris-jackson-sorprende-lanza-dos-nuevas-canciones-para-el-cumpleanos-de-su-padre\/#article","isPartOf":{"@id":"https:\/\/web.consaguirre.com.ar\/noticias\/paris-jackson-sorprende-lanza-dos-nuevas-canciones-para-el-cumpleanos-de-su-padre\/"},"author":{"name":"Javier Figueroa","@id":"https:\/\/web.consaguirre.com.ar\/noticias\/#\/schema\/person\/6558b0cfedee7ddc5425602b237d5722"},"headline":"Paris Jackson sorprende: lanza dos nuevas canciones para el cumplea\u00f1os de su padre","datePublished":"2026-09-02T02:38:20+00:00","dateModified":"2026-09-02T02:38:21+00:00","mainEntityOfPage":{"@id":"https:\/\/web.consaguirre.com.ar\/noticias\/paris-jackson-sorprende-lanza-dos-nuevas-canciones-para-el-cumpleanos-de-su-padre\/"},"wordCount":381,"publisher":{"@id":"https:\/\/web.consaguirre.com.ar\/noticias\/#organization"},"image":{"@id":"https:\/\/web.consaguirre.com.ar\/noticias\/paris-jackson-sorprende-lanza-dos-nuevas-canciones-para-el-cumpleanos-de-su-padre\/#primaryimage"},"thumbnailUrl":"https:\/\/web.consaguirre.com.ar\/noticias\/wp-content\/uploads\/2026\/09\/Paris-Jackson-sorprende-lanza-dos-nuevas-canciones-para-el-cumpleanos.jpg","keywords":["canciones","cumplea\u00f1os","dos","Jackson","lanza","nuevas","padre","para","Par\u00eds","sorprende"],"articleSection":["El \u00faltimo"],"inLanguage":"es-AR"},{"@type":"WebPage","@id":"https:\/\/web.consaguirre.com.ar\/noticias\/paris-jackson-sorprende-lanza-dos-nuevas-canciones-para-el-cumpleanos-de-su-padre\/","url":"https:\/\/web.consaguirre.com.ar\/noticias\/paris-jackson-sorprende-lanza-dos-nuevas-canciones-para-el-cumpleanos-de-su-padre\/","name":"Paris Jackson sorprende: lanza dos nuevas canciones para el cumplea\u00f1os de su padre","isPartOf":{"@id":"https:\/\/web.consaguirre.com.ar\/noticias\/#website"},"primaryImageOfPage":{"@id":"https:\/\/web.consaguirre.com.ar\/noticias\/paris-jackson-sorprende-lanza-dos-nuevas-canciones-para-el-cumpleanos-de-su-padre\/#primaryimage"},"image":{"@id":"https:\/\/web.consaguirre.com.ar\/noticias\/paris-jackson-sorprende-lanza-dos-nuevas-canciones-para-el-cumpleanos-de-su-padre\/#primaryimage"},"thumbnailUrl":"https:\/\/web.consaguirre.com.ar\/noticias\/wp-content\/uploads\/2026\/09\/Paris-Jackson-sorprende-lanza-dos-nuevas-canciones-para-el-cumpleanos.jpg","datePublished":"2026-09-02T02:38:20+00:00","dateModified":"2026-09-02T02:38:21+00:00","breadcrumb":{"@id":"https:\/\/web.consaguirre.com.ar\/noticias\/paris-jackson-sorprende-lanza-dos-nuevas-canciones-para-el-cumpleanos-de-su-padre\/#breadcrumb"},"inLanguage":"es-AR","potentialAction":[{"@type":"ReadAction","target":["https:\/\/web.consaguirre.com.ar\/noticias\/paris-jackson-sorprende-lanza-dos-nuevas-canciones-para-el-cumpleanos-de-su-padre\/"]}]},{"@type":"ImageObject","inLanguage":"es-AR","@id":"https:\/\/web.consaguirre.com.ar\/noticias\/paris-jackson-sorprende-lanza-dos-nuevas-canciones-para-el-cumpleanos-de-su-padre\/#primaryimage","url":"https:\/\/web.consaguirre.com.ar\/noticias\/wp-content\/uploads\/2026\/09\/Paris-Jackson-sorprende-lanza-dos-nuevas-canciones-para-el-cumpleanos.jpg","contentUrl":"https:\/\/web.consaguirre.com.ar\/noticias\/wp-content\/uploads\/2026\/09\/Paris-Jackson-sorprende-lanza-dos-nuevas-canciones-para-el-cumpleanos.jpg","width":820,"height":820,"caption":"paris jackson The Breeze"},{"@type":"BreadcrumbList","@id":"https:\/\/web.consaguirre.com.ar\/noticias\/paris-jackson-sorprende-lanza-dos-nuevas-canciones-para-el-cumpleanos-de-su-padre\/#breadcrumb","itemListElement":[{"@type":"ListItem","position":1,"name":"Inicio","item":"https:\/\/web.consaguirre.com.ar\/noticias\/"},{"@type":"ListItem","position":2,"name":"Paris Jackson sorprende: lanza dos nuevas canciones para el cumplea\u00f1os de su padre"}]},{"@type":"WebSite","@id":"https:\/\/web.consaguirre.com.ar\/noticias\/#website","url":"https:\/\/web.consaguirre.com.ar\/noticias\/","name":"Conservatorio de M\u00fasica Juli\u00e1n Aguirre","description":"","publisher":{"@id":"https:\/\/web.consaguirre.com.ar\/noticias\/#organization"},"potentialAction":[{"@type":"SearchAction","target":{"@type":"EntryPoint","urlTemplate":"https:\/\/web.consaguirre.com.ar\/noticias\/?s={search_term_string}"},"query-input":"required name=search_term_string"}],"inLanguage":"es-AR"},{"@type":"Organization","@id":"https:\/\/web.consaguirre.com.ar\/noticias\/#organization","name":"Conservatorio de M\u00fasica Juli\u00e1n Aguirre","url":"https:\/\/web.consaguirre.com.ar\/noticias\/","logo":{"@type":"ImageObject","inLanguage":"es-AR","@id":"https:\/\/web.consaguirre.com.ar\/noticias\/#\/schema\/logo\/image\/","url":"https:\/\/web.consaguirre.com.ar\/noticias\/wp-content\/uploads\/2024\/08\/Banner-Aguirre-23.jpg","contentUrl":"https:\/\/web.consaguirre.com.ar\/noticias\/wp-content\/uploads\/2024\/08\/Banner-Aguirre-23.jpg","width":1192,"height":600,"caption":"Conservatorio de M\u00fasica Juli\u00e1n Aguirre"},"image":{"@id":"https:\/\/web.consaguirre.com.ar\/noticias\/#\/schema\/logo\/image\/"}},{"@type":"Person","@id":"https:\/\/web.consaguirre.com.ar\/noticias\/#\/schema\/person\/6558b0cfedee7ddc5425602b237d5722","name":"Javier Figueroa","image":{"@type":"ImageObject","inLanguage":"es-AR","@id":"https:\/\/web.consaguirre.com.ar\/noticias\/#\/schema\/person\/image\/","url":"https:\/\/web.consaguirre.com.ar\/noticias\/wp-content\/uploads\/2024\/08\/Consaguirre-scaled.jpg","contentUrl":"https:\/\/web.consaguirre.com.ar\/noticias\/wp-content\/uploads\/2024\/08\/Consaguirre-scaled.jpg","caption":"Javier Figueroa"},"description":"Me llamo Javier Figueroa y soy redactor para el sitio oficial del Conservatorio de M\u00fasica Juli\u00e1n Aguirre en Buenos Aires, consaguirre.com. Apasionado por la m\u00fasica y la escritura, me esfuerzo por destacar los talentos y eventos de nuestra prestigiosa instituci\u00f3n. Mi trayectoria se nutre de una profunda admiraci\u00f3n por los artistas, haciendo de cada art\u00edculo una celebraci\u00f3n de la creatividad y la cultura musical.","sameAs":["https:\/\/web.consaguirre.com.ar\/noticias"]}]}},"_links":{"self":[{"href":"https:\/\/web.consaguirre.com.ar\/noticias\/wp-json\/wp\/v2\/posts\/7762"}],"collection":[{"href":"https:\/\/web.consaguirre.com.ar\/noticias\/wp-json\/wp\/v2\/posts"}],"about":[{"href":"https:\/\/web.consaguirre.com.ar\/noticias\/wp-json\/wp\/v2\/types\/post"}],"author":[{"embeddable":true,"href":"https:\/\/web.consaguirre.com.ar\/noticias\/wp-json\/wp\/v2\/users\/1"}],"replies":[{"embeddable":true,"href":"https:\/\/web.consaguirre.com.ar\/noticias\/wp-json\/wp\/v2\/comments?post=7762"}],"version-history":[{"count":1,"href":"https:\/\/web.consaguirre.com.ar\/noticias\/wp-json\/wp\/v2\/posts\/7762\/revisions"}],"predecessor-version":[{"id":7764,"href":"https:\/\/web.consaguirre.com.ar\/noticias\/wp-json\/wp\/v2\/posts\/7762\/revisions\/7764"}],"wp:featuredmedia":[{"embeddable":true,"href":"https:\/\/web.consaguirre.com.ar\/noticias\/wp-json\/wp\/v2\/media\/7763"}],"wp:attachment":[{"href":"https:\/\/web.consaguirre.com.ar\/noticias\/wp-json\/wp\/v2\/media?parent=7762"}],"wp:term":[{"taxonomy":"category","embeddable":true,"href":"https:\/\/web.consaguirre.com.ar\/noticias\/wp-json\/wp\/v2\/categories?post=7762"},{"taxonomy":"post_tag","embeddable":true,"href":"https:\/\/web.consaguirre.com.ar\/noticias\/wp-json\/wp\/v2\/tags?post=7762"}],"curies":[{"name":"wp","href":"https:\/\/api.w.org\/{rel}","templated":true}]}}