{"id":7731,"date":"2026-09-01T11:38:25","date_gmt":"2026-09-01T14:38:25","guid":{"rendered":"https:\/\/web.consaguirre.com.ar\/noticias\/children-of-the-world-de-los-bee-gees-obtiene-una-reedicion-vinilica\/"},"modified":"2026-09-01T11:38:26","modified_gmt":"2026-09-01T14:38:26","slug":"children-of-the-world-de-los-bee-gees-obtiene-una-reedicion-vinilica","status":"publish","type":"post","link":"https:\/\/web.consaguirre.com.ar\/noticias\/children-of-the-world-de-los-bee-gees-obtiene-una-reedicion-vinilica\/","title":{"rendered":"&#8216;Children Of The World&#8217; de los Bee Gees obtiene una reedici\u00f3n vin\u00edlica"},"content":{"rendered":"<p>Los Bee Gees lanzan una edici\u00f3n Vinylphyle de su \u00e1lbum <em>ni\u00f1os del mundo<\/em>. Lanzado originalmente en 1976, el decimocuarto \u00e1lbum de estudio del grupo se considera su primera incursi\u00f3n en la m\u00fasica dance antes del a\u00f1o siguiente. <em>Fiebre del s\u00e1bado por la noche<\/em> banda sonora.<\/p>\n<div align='center'>\n<div class=\"udiscover-store-container\">\n<div id='udiscover-store-one-product'><\/div>\n<\/div>\n<p>\/*<!(CDATA(*\/(function (){var scriptURL='https:\/\/sdks.shopifycdn.com\/buy-button\/latest\/buy-button-storefront.min.js';if(window.ShopifyBuy){if(window.ShopifyBuy.UI){ShopifyBuyInit();}else{loadScript();}}else{loadScript();}funci\u00f3n loadScript(){var script=document.createElement('script');script.async=true;script.src=scriptURL;(document.getElementsByTagName('head')(0)|| document.getElementsByTagName('body')(0)).appendChild(script);script.onload=ShopifyBuyInit;} function ShopifyBuyInit(){var cliente=ShopifyBuy.buildClient({dominio:'udiscover.myshopify.com',storefrontAccessToken: 'bdc89f347d2ce61c1feeb9f8c60b2b98',}); ShopifyBuy.UI.onReady(cliente).luego(funci\u00f3n(ui){ ui.createComponent('producto',{ id:(7950249033805), nodo:document.getElementById('udiscover-store-one-product'), moneyFormat:'%24%7B%7Bamount%7D%7D', opciones:{&quot;producto&quot;:{&quot;marco flotante&quot;:FALSO,&quot;eventos&quot;:{antes deInit:funci\u00f3n(producto){Objeto.defineProperty(producto,&quot;es bot\u00f3n&quot;,{get:function(){return true;}});Object.defineProperty(producto,&quot;opciones&quot;{get:function(){return this.config(this.typeKey);}});var actualOnButtonClick=product.onButtonClick;product.onButtonClick=function(event,target) {event.stopImmediatePropagation();this.options.buttonDestination=&quot;modal&quot;;actualOnButtonClick.call(este,evento,objetivo);};}},\n&quot;bot\u00f3nDestino&quot;:&quot;modal&quot;,&quot;contenido&quot;:{&quot;opciones&quot;:verdadero},&quot;texto&quot;:{&quot;bot\u00f3n&quot;:&quot;Ordene ahora&quot;,&quot;Agotado&quot;:&quot;Lo sentimos, esto est\u00e1 agotado.&quot;}},&quot;conjunto de productos&quot;:{&quot;marco flotante&quot;:FALSO},&quot;modalProducto&quot;:{&quot;marco flotante&quot;:FALSO,&quot;contenido&quot;:{&quot;imagen&quot;:FALSO,&quot;imgConCarrusel&quot;:verdadero,&quot;bot\u00f3n&quot;:FALSO,&quot;bot\u00f3nConCantidad&quot;:verdadero}},&quot;modal&quot;:{&quot;marco flotante&quot;:FALSO},&quot;opci\u00f3n&quot;:{&quot;marco flotante&quot;:FALSO},&quot;carro&quot;:{&quot;marco flotante&quot;:FALSO},&quot;palanca&quot;:{&quot;marco flotante&quot;:FALSO,&quot;contenido&quot;:{&quot;icono&quot;:FALSO}},&quot;art\u00edculo de l\u00ednea&quot;:{&quot;marco flotante&quot;:FALSO}},}); }); } })(); \/*))>*\/ <\/div>\n<\/p>\n<p><em>ni\u00f1os del mundo<\/em> fue su primer trabajo de producci\u00f3n propia, creado en conjunto con los ingenieros Karl Richardson y Albhy Galuten. El disco fue un \u00e9xito entre los 10 primeros e incluye el \u00e9xito n\u00famero uno, \u201cYou Should Be Dancing\u201d, la balada \u201cLove So Right\u201d, \u201cBoogie Child\u201d y \u201cYou Stepped Into My Life\u201d.<\/p>\n<p>Las obligaciones contractuales impidieron a los Bee Gees trabajar con el productor de Atlantic Arif Mardin, quien hab\u00eda producido sus dos \u00e1lbumes anteriores. <em>se\u00f1or natural<\/em> (1974) y <em>Plato principal<\/em> (1975). Con sede nuevamente en Criteria Studios en Miami, los Bee Gees trabajaron inicialmente con Richard Perry. El grupo decidi\u00f3 entonces producir <em>ni\u00f1os del mundo<\/em> ellos mismos, con Barry Gibb trabajando junto al ingeniero Richardson y el asesor musical Galuten. El \u00e1lbum marca la primera vez que Robin Gibb canta en falsete. Las sesiones posteriores del \u00e1lbum se llevaron a cabo en Le Studio en Quebec.<\/p>\n<p>El \u00e1lbum incluye el sencillo \u201cYou Should Be Dancing\u201d, que alcanz\u00f3 el puesto n\u00famero 1 en los EE. UU. y se incluy\u00f3 en el <em>Fiebre del s\u00e1bado por la noche<\/em> banda sonora de la pel\u00edcula. En 2001, Barry Gibbs dijo <em>Cartelera<\/em> que el \u00e9xito n\u00famero 3, \u201cLove So Right\u201d, fue \u201cUs tratando de ser los Delfonics\u201d. El equipo de producci\u00f3n de Gibb-Galuten-Richardson dirigi\u00f3 al grupo a trav\u00e9s de una serie de grabaciones de gran \u00e9xito de ventas durante los siguientes cuatro a\u00f1os.<\/p>\n<p>Vinylphyle es una serie de reediciones en vinilo para audi\u00f3filos de UMe, dedicada a presentar \u00e1lbumes esenciales de m\u00faltiples g\u00e9neros con una calidad de sonido y una presentaci\u00f3n sin concesiones. Cada lanzamiento de Vinylphyle presenta toda la masterizaci\u00f3n anal\u00f3gica de fuentes originales realizada por un grupo de \u00e9lite de ingenieros de corte de vinilo. Los LP se imprimen en la planta de prensado de discos de vinilo para audi\u00f3filos RTI, de clase mundial, con sede en el sur de California.<\/p>\n<p><b>Compra la edici\u00f3n exclusiva Vinylphyle de los Bee Gees <em>ni\u00f1os del mundo<\/em> aqu\u00ed.<\/b><\/p>\n","protected":false},"excerpt":{"rendered":"<p>Los Bee Gees lanzan una edici\u00f3n Vinylphyle de su \u00e1lbum ni\u00f1os del mundo. Lanzado originalmente en 1976, el decimocuarto \u00e1lbum de estudio del grupo se<\/p>\n","protected":false},"author":1,"featured_media":7732,"comment_status":"closed","ping_status":"","sticky":false,"template":"","format":"standard","meta":{"footnotes":""},"categories":[50],"tags":[1060,5212,1061,180,800,117,191,3742,84],"class_list":["post-7731","post","type-post","status-publish","format-standard","has-post-thumbnail","hentry","category-el-ultimo","tag-bee","tag-children","tag-gees","tag-los","tag-obtiene","tag-reedicion","tag-una","tag-vinilica","tag-world","generate-columns","tablet-grid-50","mobile-grid-100","grid-parent","grid-50"],"yoast_head":"<!-- This site is optimized with the Yoast SEO plugin v23.3 - https:\/\/yoast.com\/wordpress\/plugins\/seo\/ -->\n<title>&#039;Children Of The World&#039; de los Bee Gees obtiene una reedici\u00f3n vin\u00edlica<\/title>\n<meta name=\"robots\" content=\"index, follow, max-snippet:-1, max-image-preview:large, max-video-preview:-1\" \/>\n<link rel=\"canonical\" href=\"https:\/\/web.consaguirre.com.ar\/noticias\/children-of-the-world-de-los-bee-gees-obtiene-una-reedicion-vinilica\/\" \/>\n<meta property=\"og:locale\" content=\"es_ES\" \/>\n<meta property=\"og:type\" content=\"article\" \/>\n<meta property=\"og:title\" content=\"&#039;Children Of The World&#039; de los Bee Gees obtiene una reedici\u00f3n vin\u00edlica\" \/>\n<meta property=\"og:description\" content=\"Los Bee Gees lanzan una edici\u00f3n Vinylphyle de su \u00e1lbum ni\u00f1os del mundo. Lanzado originalmente en 1976, el decimocuarto \u00e1lbum de estudio del grupo se\" \/>\n<meta property=\"og:url\" content=\"https:\/\/web.consaguirre.com.ar\/noticias\/children-of-the-world-de-los-bee-gees-obtiene-una-reedicion-vinilica\/\" \/>\n<meta property=\"og:site_name\" content=\"Conservatorio de M\u00fasica Juli\u00e1n Aguirre\" \/>\n<meta property=\"article:published_time\" content=\"2026-09-01T14:38:25+00:00\" \/>\n<meta property=\"article:modified_time\" content=\"2026-09-01T14:38:26+00:00\" \/>\n<meta property=\"og:image\" content=\"https:\/\/web.consaguirre.com.ar\/noticias\/wp-content\/uploads\/2026\/09\/Children-Of-The-World-de-los-Bee-Gees-obtiene-una.jpg\" \/>\n\t<meta property=\"og:image:width\" content=\"820\" \/>\n\t<meta property=\"og:image:height\" content=\"820\" \/>\n\t<meta property=\"og:image:type\" content=\"image\/jpeg\" \/>\n<meta name=\"author\" content=\"Javier Figueroa\" \/>\n<meta name=\"twitter:card\" content=\"summary_large_image\" \/>\n<meta name=\"twitter:label1\" content=\"Escrito por\" \/>\n\t<meta name=\"twitter:data1\" content=\"Javier Figueroa\" \/>\n\t<meta name=\"twitter:label2\" content=\"Tiempo de lectura\" \/>\n\t<meta name=\"twitter:data2\" content=\"2 minutos\" \/>\n<script type=\"application\/ld+json\" class=\"yoast-schema-graph\">{\"@context\":\"https:\/\/schema.org\",\"@graph\":[{\"@type\":\"Article\",\"@id\":\"https:\/\/web.consaguirre.com.ar\/noticias\/children-of-the-world-de-los-bee-gees-obtiene-una-reedicion-vinilica\/#article\",\"isPartOf\":{\"@id\":\"https:\/\/web.consaguirre.com.ar\/noticias\/children-of-the-world-de-los-bee-gees-obtiene-una-reedicion-vinilica\/\"},\"author\":{\"name\":\"Javier Figueroa\",\"@id\":\"https:\/\/web.consaguirre.com.ar\/noticias\/#\/schema\/person\/6558b0cfedee7ddc5425602b237d5722\"},\"headline\":\"&#8216;Children Of The World&#8217; de los Bee Gees obtiene una reedici\u00f3n vin\u00edlica\",\"datePublished\":\"2026-09-01T14:38:25+00:00\",\"dateModified\":\"2026-09-01T14:38:26+00:00\",\"mainEntityOfPage\":{\"@id\":\"https:\/\/web.consaguirre.com.ar\/noticias\/children-of-the-world-de-los-bee-gees-obtiene-una-reedicion-vinilica\/\"},\"wordCount\":403,\"publisher\":{\"@id\":\"https:\/\/web.consaguirre.com.ar\/noticias\/#organization\"},\"image\":{\"@id\":\"https:\/\/web.consaguirre.com.ar\/noticias\/children-of-the-world-de-los-bee-gees-obtiene-una-reedicion-vinilica\/#primaryimage\"},\"thumbnailUrl\":\"https:\/\/web.consaguirre.com.ar\/noticias\/wp-content\/uploads\/2026\/09\/Children-Of-The-World-de-los-Bee-Gees-obtiene-una.jpg\",\"keywords\":[\"Bee\",\"Children\",\"Gees\",\"los\",\"obtiene\",\"reedici\u00f3n\",\"una\",\"vin\u00edlica\",\"World\"],\"articleSection\":[\"El \u00faltimo\"],\"inLanguage\":\"es-AR\"},{\"@type\":\"WebPage\",\"@id\":\"https:\/\/web.consaguirre.com.ar\/noticias\/children-of-the-world-de-los-bee-gees-obtiene-una-reedicion-vinilica\/\",\"url\":\"https:\/\/web.consaguirre.com.ar\/noticias\/children-of-the-world-de-los-bee-gees-obtiene-una-reedicion-vinilica\/\",\"name\":\"'Children Of The World' de los Bee Gees obtiene una reedici\u00f3n vin\u00edlica\",\"isPartOf\":{\"@id\":\"https:\/\/web.consaguirre.com.ar\/noticias\/#website\"},\"primaryImageOfPage\":{\"@id\":\"https:\/\/web.consaguirre.com.ar\/noticias\/children-of-the-world-de-los-bee-gees-obtiene-una-reedicion-vinilica\/#primaryimage\"},\"image\":{\"@id\":\"https:\/\/web.consaguirre.com.ar\/noticias\/children-of-the-world-de-los-bee-gees-obtiene-una-reedicion-vinilica\/#primaryimage\"},\"thumbnailUrl\":\"https:\/\/web.consaguirre.com.ar\/noticias\/wp-content\/uploads\/2026\/09\/Children-Of-The-World-de-los-Bee-Gees-obtiene-una.jpg\",\"datePublished\":\"2026-09-01T14:38:25+00:00\",\"dateModified\":\"2026-09-01T14:38:26+00:00\",\"breadcrumb\":{\"@id\":\"https:\/\/web.consaguirre.com.ar\/noticias\/children-of-the-world-de-los-bee-gees-obtiene-una-reedicion-vinilica\/#breadcrumb\"},\"inLanguage\":\"es-AR\",\"potentialAction\":[{\"@type\":\"ReadAction\",\"target\":[\"https:\/\/web.consaguirre.com.ar\/noticias\/children-of-the-world-de-los-bee-gees-obtiene-una-reedicion-vinilica\/\"]}]},{\"@type\":\"ImageObject\",\"inLanguage\":\"es-AR\",\"@id\":\"https:\/\/web.consaguirre.com.ar\/noticias\/children-of-the-world-de-los-bee-gees-obtiene-una-reedicion-vinilica\/#primaryimage\",\"url\":\"https:\/\/web.consaguirre.com.ar\/noticias\/wp-content\/uploads\/2026\/09\/Children-Of-The-World-de-los-Bee-Gees-obtiene-una.jpg\",\"contentUrl\":\"https:\/\/web.consaguirre.com.ar\/noticias\/wp-content\/uploads\/2026\/09\/Children-Of-The-World-de-los-Bee-Gees-obtiene-una.jpg\",\"width\":820,\"height\":820,\"caption\":\"Bee Gees Children of the World Vinylphyle\"},{\"@type\":\"BreadcrumbList\",\"@id\":\"https:\/\/web.consaguirre.com.ar\/noticias\/children-of-the-world-de-los-bee-gees-obtiene-una-reedicion-vinilica\/#breadcrumb\",\"itemListElement\":[{\"@type\":\"ListItem\",\"position\":1,\"name\":\"Inicio\",\"item\":\"https:\/\/web.consaguirre.com.ar\/noticias\/\"},{\"@type\":\"ListItem\",\"position\":2,\"name\":\"&#8216;Children Of The World&#8217; de los Bee Gees obtiene una reedici\u00f3n vin\u00edlica\"}]},{\"@type\":\"WebSite\",\"@id\":\"https:\/\/web.consaguirre.com.ar\/noticias\/#website\",\"url\":\"https:\/\/web.consaguirre.com.ar\/noticias\/\",\"name\":\"Conservatorio de M\u00fasica Juli\u00e1n Aguirre\",\"description\":\"\",\"publisher\":{\"@id\":\"https:\/\/web.consaguirre.com.ar\/noticias\/#organization\"},\"potentialAction\":[{\"@type\":\"SearchAction\",\"target\":{\"@type\":\"EntryPoint\",\"urlTemplate\":\"https:\/\/web.consaguirre.com.ar\/noticias\/?s={search_term_string}\"},\"query-input\":\"required name=search_term_string\"}],\"inLanguage\":\"es-AR\"},{\"@type\":\"Organization\",\"@id\":\"https:\/\/web.consaguirre.com.ar\/noticias\/#organization\",\"name\":\"Conservatorio de M\u00fasica Juli\u00e1n Aguirre\",\"url\":\"https:\/\/web.consaguirre.com.ar\/noticias\/\",\"logo\":{\"@type\":\"ImageObject\",\"inLanguage\":\"es-AR\",\"@id\":\"https:\/\/web.consaguirre.com.ar\/noticias\/#\/schema\/logo\/image\/\",\"url\":\"https:\/\/web.consaguirre.com.ar\/noticias\/wp-content\/uploads\/2024\/08\/Banner-Aguirre-23.jpg\",\"contentUrl\":\"https:\/\/web.consaguirre.com.ar\/noticias\/wp-content\/uploads\/2024\/08\/Banner-Aguirre-23.jpg\",\"width\":1192,\"height\":600,\"caption\":\"Conservatorio de M\u00fasica Juli\u00e1n Aguirre\"},\"image\":{\"@id\":\"https:\/\/web.consaguirre.com.ar\/noticias\/#\/schema\/logo\/image\/\"}},{\"@type\":\"Person\",\"@id\":\"https:\/\/web.consaguirre.com.ar\/noticias\/#\/schema\/person\/6558b0cfedee7ddc5425602b237d5722\",\"name\":\"Javier Figueroa\",\"image\":{\"@type\":\"ImageObject\",\"inLanguage\":\"es-AR\",\"@id\":\"https:\/\/web.consaguirre.com.ar\/noticias\/#\/schema\/person\/image\/\",\"url\":\"https:\/\/web.consaguirre.com.ar\/noticias\/wp-content\/uploads\/2024\/08\/Consaguirre-scaled.jpg\",\"contentUrl\":\"https:\/\/web.consaguirre.com.ar\/noticias\/wp-content\/uploads\/2024\/08\/Consaguirre-scaled.jpg\",\"caption\":\"Javier Figueroa\"},\"description\":\"Me llamo Javier Figueroa y soy redactor para el sitio oficial del Conservatorio de M\u00fasica Juli\u00e1n Aguirre en Buenos Aires, consaguirre.com. Apasionado por la m\u00fasica y la escritura, me esfuerzo por destacar los talentos y eventos de nuestra prestigiosa instituci\u00f3n. Mi trayectoria se nutre de una profunda admiraci\u00f3n por los artistas, haciendo de cada art\u00edculo una celebraci\u00f3n de la creatividad y la cultura musical.\",\"sameAs\":[\"https:\/\/web.consaguirre.com.ar\/noticias\"]}]}<\/script>\n<!-- \/ Yoast SEO plugin. -->","yoast_head_json":{"title":"'Children Of The World' de los Bee Gees obtiene una reedici\u00f3n vin\u00edlica","robots":{"index":"index","follow":"follow","max-snippet":"max-snippet:-1","max-image-preview":"max-image-preview:large","max-video-preview":"max-video-preview:-1"},"canonical":"https:\/\/web.consaguirre.com.ar\/noticias\/children-of-the-world-de-los-bee-gees-obtiene-una-reedicion-vinilica\/","og_locale":"es_ES","og_type":"article","og_title":"'Children Of The World' de los Bee Gees obtiene una reedici\u00f3n vin\u00edlica","og_description":"Los Bee Gees lanzan una edici\u00f3n Vinylphyle de su \u00e1lbum ni\u00f1os del mundo. Lanzado originalmente en 1976, el decimocuarto \u00e1lbum de estudio del grupo se","og_url":"https:\/\/web.consaguirre.com.ar\/noticias\/children-of-the-world-de-los-bee-gees-obtiene-una-reedicion-vinilica\/","og_site_name":"Conservatorio de M\u00fasica Juli\u00e1n Aguirre","article_published_time":"2026-09-01T14:38:25+00:00","article_modified_time":"2026-09-01T14:38:26+00:00","og_image":[{"width":820,"height":820,"url":"https:\/\/web.consaguirre.com.ar\/noticias\/wp-content\/uploads\/2026\/09\/Children-Of-The-World-de-los-Bee-Gees-obtiene-una.jpg","type":"image\/jpeg"}],"author":"Javier Figueroa","twitter_card":"summary_large_image","twitter_misc":{"Escrito por":"Javier Figueroa","Tiempo de lectura":"2 minutos"},"schema":{"@context":"https:\/\/schema.org","@graph":[{"@type":"Article","@id":"https:\/\/web.consaguirre.com.ar\/noticias\/children-of-the-world-de-los-bee-gees-obtiene-una-reedicion-vinilica\/#article","isPartOf":{"@id":"https:\/\/web.consaguirre.com.ar\/noticias\/children-of-the-world-de-los-bee-gees-obtiene-una-reedicion-vinilica\/"},"author":{"name":"Javier Figueroa","@id":"https:\/\/web.consaguirre.com.ar\/noticias\/#\/schema\/person\/6558b0cfedee7ddc5425602b237d5722"},"headline":"&#8216;Children Of The World&#8217; de los Bee Gees obtiene una reedici\u00f3n vin\u00edlica","datePublished":"2026-09-01T14:38:25+00:00","dateModified":"2026-09-01T14:38:26+00:00","mainEntityOfPage":{"@id":"https:\/\/web.consaguirre.com.ar\/noticias\/children-of-the-world-de-los-bee-gees-obtiene-una-reedicion-vinilica\/"},"wordCount":403,"publisher":{"@id":"https:\/\/web.consaguirre.com.ar\/noticias\/#organization"},"image":{"@id":"https:\/\/web.consaguirre.com.ar\/noticias\/children-of-the-world-de-los-bee-gees-obtiene-una-reedicion-vinilica\/#primaryimage"},"thumbnailUrl":"https:\/\/web.consaguirre.com.ar\/noticias\/wp-content\/uploads\/2026\/09\/Children-Of-The-World-de-los-Bee-Gees-obtiene-una.jpg","keywords":["Bee","Children","Gees","los","obtiene","reedici\u00f3n","una","vin\u00edlica","World"],"articleSection":["El \u00faltimo"],"inLanguage":"es-AR"},{"@type":"WebPage","@id":"https:\/\/web.consaguirre.com.ar\/noticias\/children-of-the-world-de-los-bee-gees-obtiene-una-reedicion-vinilica\/","url":"https:\/\/web.consaguirre.com.ar\/noticias\/children-of-the-world-de-los-bee-gees-obtiene-una-reedicion-vinilica\/","name":"'Children Of The World' de los Bee Gees obtiene una reedici\u00f3n vin\u00edlica","isPartOf":{"@id":"https:\/\/web.consaguirre.com.ar\/noticias\/#website"},"primaryImageOfPage":{"@id":"https:\/\/web.consaguirre.com.ar\/noticias\/children-of-the-world-de-los-bee-gees-obtiene-una-reedicion-vinilica\/#primaryimage"},"image":{"@id":"https:\/\/web.consaguirre.com.ar\/noticias\/children-of-the-world-de-los-bee-gees-obtiene-una-reedicion-vinilica\/#primaryimage"},"thumbnailUrl":"https:\/\/web.consaguirre.com.ar\/noticias\/wp-content\/uploads\/2026\/09\/Children-Of-The-World-de-los-Bee-Gees-obtiene-una.jpg","datePublished":"2026-09-01T14:38:25+00:00","dateModified":"2026-09-01T14:38:26+00:00","breadcrumb":{"@id":"https:\/\/web.consaguirre.com.ar\/noticias\/children-of-the-world-de-los-bee-gees-obtiene-una-reedicion-vinilica\/#breadcrumb"},"inLanguage":"es-AR","potentialAction":[{"@type":"ReadAction","target":["https:\/\/web.consaguirre.com.ar\/noticias\/children-of-the-world-de-los-bee-gees-obtiene-una-reedicion-vinilica\/"]}]},{"@type":"ImageObject","inLanguage":"es-AR","@id":"https:\/\/web.consaguirre.com.ar\/noticias\/children-of-the-world-de-los-bee-gees-obtiene-una-reedicion-vinilica\/#primaryimage","url":"https:\/\/web.consaguirre.com.ar\/noticias\/wp-content\/uploads\/2026\/09\/Children-Of-The-World-de-los-Bee-Gees-obtiene-una.jpg","contentUrl":"https:\/\/web.consaguirre.com.ar\/noticias\/wp-content\/uploads\/2026\/09\/Children-Of-The-World-de-los-Bee-Gees-obtiene-una.jpg","width":820,"height":820,"caption":"Bee Gees Children of the World Vinylphyle"},{"@type":"BreadcrumbList","@id":"https:\/\/web.consaguirre.com.ar\/noticias\/children-of-the-world-de-los-bee-gees-obtiene-una-reedicion-vinilica\/#breadcrumb","itemListElement":[{"@type":"ListItem","position":1,"name":"Inicio","item":"https:\/\/web.consaguirre.com.ar\/noticias\/"},{"@type":"ListItem","position":2,"name":"&#8216;Children Of The World&#8217; de los Bee Gees obtiene una reedici\u00f3n vin\u00edlica"}]},{"@type":"WebSite","@id":"https:\/\/web.consaguirre.com.ar\/noticias\/#website","url":"https:\/\/web.consaguirre.com.ar\/noticias\/","name":"Conservatorio de M\u00fasica Juli\u00e1n Aguirre","description":"","publisher":{"@id":"https:\/\/web.consaguirre.com.ar\/noticias\/#organization"},"potentialAction":[{"@type":"SearchAction","target":{"@type":"EntryPoint","urlTemplate":"https:\/\/web.consaguirre.com.ar\/noticias\/?s={search_term_string}"},"query-input":"required name=search_term_string"}],"inLanguage":"es-AR"},{"@type":"Organization","@id":"https:\/\/web.consaguirre.com.ar\/noticias\/#organization","name":"Conservatorio de M\u00fasica Juli\u00e1n Aguirre","url":"https:\/\/web.consaguirre.com.ar\/noticias\/","logo":{"@type":"ImageObject","inLanguage":"es-AR","@id":"https:\/\/web.consaguirre.com.ar\/noticias\/#\/schema\/logo\/image\/","url":"https:\/\/web.consaguirre.com.ar\/noticias\/wp-content\/uploads\/2024\/08\/Banner-Aguirre-23.jpg","contentUrl":"https:\/\/web.consaguirre.com.ar\/noticias\/wp-content\/uploads\/2024\/08\/Banner-Aguirre-23.jpg","width":1192,"height":600,"caption":"Conservatorio de M\u00fasica Juli\u00e1n Aguirre"},"image":{"@id":"https:\/\/web.consaguirre.com.ar\/noticias\/#\/schema\/logo\/image\/"}},{"@type":"Person","@id":"https:\/\/web.consaguirre.com.ar\/noticias\/#\/schema\/person\/6558b0cfedee7ddc5425602b237d5722","name":"Javier Figueroa","image":{"@type":"ImageObject","inLanguage":"es-AR","@id":"https:\/\/web.consaguirre.com.ar\/noticias\/#\/schema\/person\/image\/","url":"https:\/\/web.consaguirre.com.ar\/noticias\/wp-content\/uploads\/2024\/08\/Consaguirre-scaled.jpg","contentUrl":"https:\/\/web.consaguirre.com.ar\/noticias\/wp-content\/uploads\/2024\/08\/Consaguirre-scaled.jpg","caption":"Javier Figueroa"},"description":"Me llamo Javier Figueroa y soy redactor para el sitio oficial del Conservatorio de M\u00fasica Juli\u00e1n Aguirre en Buenos Aires, consaguirre.com. Apasionado por la m\u00fasica y la escritura, me esfuerzo por destacar los talentos y eventos de nuestra prestigiosa instituci\u00f3n. Mi trayectoria se nutre de una profunda admiraci\u00f3n por los artistas, haciendo de cada art\u00edculo una celebraci\u00f3n de la creatividad y la cultura musical.","sameAs":["https:\/\/web.consaguirre.com.ar\/noticias"]}]}},"_links":{"self":[{"href":"https:\/\/web.consaguirre.com.ar\/noticias\/wp-json\/wp\/v2\/posts\/7731"}],"collection":[{"href":"https:\/\/web.consaguirre.com.ar\/noticias\/wp-json\/wp\/v2\/posts"}],"about":[{"href":"https:\/\/web.consaguirre.com.ar\/noticias\/wp-json\/wp\/v2\/types\/post"}],"author":[{"embeddable":true,"href":"https:\/\/web.consaguirre.com.ar\/noticias\/wp-json\/wp\/v2\/users\/1"}],"replies":[{"embeddable":true,"href":"https:\/\/web.consaguirre.com.ar\/noticias\/wp-json\/wp\/v2\/comments?post=7731"}],"version-history":[{"count":1,"href":"https:\/\/web.consaguirre.com.ar\/noticias\/wp-json\/wp\/v2\/posts\/7731\/revisions"}],"predecessor-version":[{"id":7733,"href":"https:\/\/web.consaguirre.com.ar\/noticias\/wp-json\/wp\/v2\/posts\/7731\/revisions\/7733"}],"wp:featuredmedia":[{"embeddable":true,"href":"https:\/\/web.consaguirre.com.ar\/noticias\/wp-json\/wp\/v2\/media\/7732"}],"wp:attachment":[{"href":"https:\/\/web.consaguirre.com.ar\/noticias\/wp-json\/wp\/v2\/media?parent=7731"}],"wp:term":[{"taxonomy":"category","embeddable":true,"href":"https:\/\/web.consaguirre.com.ar\/noticias\/wp-json\/wp\/v2\/categories?post=7731"},{"taxonomy":"post_tag","embeddable":true,"href":"https:\/\/web.consaguirre.com.ar\/noticias\/wp-json\/wp\/v2\/tags?post=7731"}],"curies":[{"name":"wp","href":"https:\/\/api.w.org\/{rel}","templated":true}]}}