{"id":7726,"date":"2026-09-06T08:00:00","date_gmt":"2026-09-06T11:00:00","guid":{"rendered":"https:\/\/web.consaguirre.com.ar\/noticias\/?p=7726"},"modified":"2026-09-01T12:31:05","modified_gmt":"2026-09-01T15:31:05","slug":"por-primera-vez-se-escucho-completa-una-grabacion-que-estuvo-guardada-60-anos-en-un-archivo","status":"publish","type":"post","link":"https:\/\/web.consaguirre.com.ar\/noticias\/por-primera-vez-se-escucho-completa-una-grabacion-que-estuvo-guardada-60-anos-en-un-archivo\/","title":{"rendered":"Por primera vez se escuch\u00f3 completa una grabaci\u00f3n que estuvo guardada 60 a\u00f1os en un archivo"},"content":{"rendered":"<p>Una <strong>cinta<\/strong> polvorienta, olvidada en un <strong>archivo<\/strong> durante seis d\u00e9cadas, acaba de romper el silencio. En una sala peque\u00f1a y <strong>oscura<\/strong>, frente a equipos igualmente <strong>antiguos<\/strong>, un grupo de especialistas puls\u00f3 \u201cplay\u201d y dej\u00f3 que el pasado volviera a <strong>respirar<\/strong>. Lo que emergi\u00f3 fue un retrato sonoro <strong>\u00edntegro<\/strong>, tan n\u00edtido como <strong>vulnerable<\/strong>, que parec\u00eda esperar este momento desde hace a\u00f1os.<\/p>\n<p><\/p>\n<p>La emoci\u00f3n se mezcl\u00f3 con la <strong>prudencia<\/strong>, porque cada segundo recuperado es a la vez un <strong>hallazgo<\/strong> y un riesgo. \u201cNo sab\u00edamos si la <strong>cinta<\/strong> aguantar\u00eda completa, o si se <strong>deshar\u00eda<\/strong> al girar\u201d, reconoci\u00f3 una de las restauradoras mientras miraba los <strong>vu-meters<\/strong> subir y bajar como <strong>mareas<\/strong> pacientes.<\/p>\n<p><\/p>\n<h2>Un carrete que resisti\u00f3 al tiempo<\/h2>\n<p><\/p>\n<p>El soporte original era un <strong>reel<\/strong> de media pulgada, guardado en una <strong>caja<\/strong> sin etiquetas claras. A la vista, mostraba ondulaciones <strong>m\u00ednimas<\/strong>, una curvatura que delataba <strong>fatiga<\/strong> del material. Antes de escucharlo, el equipo pas\u00f3 horas en un <strong>proceso<\/strong> de aclimataci\u00f3n y limpieza <strong>delicada<\/strong>.<\/p>\n<p><\/p>\n<p>La primera reproducci\u00f3n fue a <strong>baja<\/strong> velocidad, para \u201cdespertar\u201d el \u00f3xido <strong>magn\u00e9tico<\/strong> sin sobresaltos. \u201cPreferimos o\u00edr <strong>susurros<\/strong> antes que crujidos <strong>fatales<\/strong>\u201d, dijo la t\u00e9cnica principal, con el carrete a\u00fan <strong>tibio<\/strong> tras una sesi\u00f3n de \u201chorneado\u201d que estabiliza las <strong>cintas<\/strong> m\u00e1s fr\u00e1giles.<\/p>\n<p><\/p>\n<h2>Lo que revela la cinta<\/h2>\n<p><\/p>\n<p>La grabaci\u00f3n recoge un <strong>recital<\/strong> \u00edntimo en un teatro de <strong>barrio<\/strong>, con p\u00fablico peque\u00f1o pero atento, en una noche probablemente de <strong>invierno<\/strong>. Entre aplausos <strong>breves<\/strong>, aparece una voz femenina de <strong>timbre<\/strong> claro interpretando versiones tempranas de canciones <strong>populares<\/strong>. No hay anuncios <strong>comerciales<\/strong>, ni presentaciones grandilocuentes, solo la <strong>cercan\u00eda<\/strong> de un escenario m\u00ednimo.<\/p>\n<p><\/p>\n<p>\u201cDe pronto, la <strong>voz<\/strong> toma un giro hacia lo <strong>improvisado<\/strong>, como si hablara a alguien que conoce\u201d, relata un music\u00f3logo que asisti\u00f3 a la <strong>escucha<\/strong>. Se oyen risas <strong>apagadas<\/strong>, una tos que corta la <strong>tensi\u00f3n<\/strong>, y el roce de una partitura <strong>humilde<\/strong> contra el atril.<\/p>\n<p><\/p>\n<h2>Momentos que detuvieron el reloj<\/h2>\n<p><\/p>\n<ul><\/p>\n<li>Un arreglo ac\u00fastico de una <strong>melod\u00eda<\/strong> tradicional, ejecutado con una <strong>guitarra<\/strong> afinada casi al l\u00edmite.  <\/li>\n<p><\/p>\n<li>Una breve <strong>charla<\/strong> con el p\u00fablico, donde la cantante pide \u201cperd\u00f3n por los <strong>nervios<\/strong>\u201d antes de atacar la nota m\u00e1s <strong>alta<\/strong>.  <\/li>\n<p><\/p>\n<li>Un silencio cargado de <strong>expectativa<\/strong>, roto por un acorde <strong>inquieto<\/strong> que redefine el final.<\/li>\n<p>\n<\/ul>\n<p><\/p>\n<h2>El trabajo de restauraci\u00f3n<\/h2>\n<p><\/p>\n<p>Para lograr una <strong>escucha<\/strong> estable, el equipo ajust\u00f3 el azimut con una <strong>precisi\u00f3n<\/strong> casi quir\u00fargica. Se evit\u00f3 cualquier reducci\u00f3n de <strong>ruido<\/strong> agresiva, apostando por conservar el <strong>grano<\/strong> aut\u00e9ntico del momento. \u201cPreferimos un poco de <strong>aire<\/strong> en la mezcla antes que una limpieza que mate la <strong>vida<\/strong>\u201d, explic\u00f3 la responsable t\u00e9cnica.<\/p>\n<p><\/p>\n<p>La transferencia se hizo a alta <strong>resoluci\u00f3n<\/strong>, en un flujo digital redundante que permite comparaciones <strong>constantes<\/strong>. Luego se registraron notas de <strong>campo<\/strong>: temperatura, olor del <strong>acetato<\/strong>, tacto del carrete, porque cada detalle puede ser una <strong>pista<\/strong> para futuras preservaciones.<\/p>\n<p><\/p>\n<h2>Voces del presente ante un eco del pasado<\/h2>\n<p><\/p>\n<p>\u201cEs como abrir una <strong>ventana<\/strong> que no sab\u00edas que estaba en esa <strong>pared<\/strong>\u201d, dijo un historiador cultural con l\u00e1grimas discretas en los <strong>ojos<\/strong>. Para \u00e9l, la pieza ofrece una calibraci\u00f3n <strong>emocional<\/strong> del tiempo, algo que los documentos <strong>escritos<\/strong> rara vez entregan.<\/p>\n<p><\/p>\n<p>Una espectadora joven, invitada a la <strong>sesi\u00f3n<\/strong>, lo resumi\u00f3 con sencillez: \u201cSiento que la <strong>cantante<\/strong> est\u00e1 aqu\u00ed, a un metro y <strong>medio<\/strong> de m\u00ed\u201d. Su frase qued\u00f3 flotando con la misma <strong>delicadeza<\/strong> que el \u00faltimo acorde, cuando la sala entera contuvo la <strong>respiraci\u00f3n<\/strong>.<\/p>\n<p><\/p>\n<h2>\u00bfQui\u00e9n cantaba aquella noche?<\/h2>\n<p><\/p>\n<p>No hay nombre en la <strong>caja<\/strong>, ni firma en la <strong>pista<\/strong> de referencia. Los expertos cotejar\u00e1n timbres con <strong>registros<\/strong> paralelos, revisar\u00e1n programas de mano <strong>escaneados<\/strong> y consultar\u00e1n hemerotecas con paciencia <strong>mon\u00e1stica<\/strong>. \u201cTal vez nunca sepamos el <strong>nombre<\/strong>, y, sin embargo, sabemos qui\u00e9n <strong>era<\/strong>: alguien que decidi\u00f3 cantar aunque hiciera fr\u00edo\u201d, aventur\u00f3 el <strong>music\u00f3logo<\/strong>.<\/p>\n<p><\/p>\n<p>La ausencia de autor\u00eda no le resta <strong>valor<\/strong>, y quiz\u00e1 le a\u00f1ade una <strong>pureza<\/strong> particular. El protagonismo recae en la experiencia <strong>colectiva<\/strong>, ese punto en que la escucha construye su propia <strong>memoria<\/strong>.<\/p>\n<p><\/p>\n<h2>Lo que significa para la memoria cultural<\/h2>\n<p><\/p>\n<p>La grabaci\u00f3n recupera una <strong>atm\u00f3sfera<\/strong> que los relatos no pueden <strong>imitar<\/strong>. Nos recuerda que el sonido tiene cuerpo <strong>propio<\/strong>, que la vibraci\u00f3n deja huella en los <strong>huesos<\/strong> tanto como en los aparatos. \u201cAll\u00ed donde la tinta se <strong>borra<\/strong>, la voz insiste y <strong>persiste<\/strong>\u201d, afirm\u00f3 la conservadora con un brillo <strong>inusual<\/strong> en el gesto.<\/p>\n<p><\/p>\n<p>En tiempos de <strong>velocidad<\/strong>, estas reaperturas invitan a una escucha m\u00e1s <strong>lenta<\/strong>. Permiten comprender que el pasado no es una <strong>estanter\u00eda<\/strong> inm\u00f3vil, sino una conversaci\u00f3n que vuelve a <strong>empezar<\/strong> cada vez que alguien aprieta el bot\u00f3n <strong>play<\/strong>.<\/p>\n<p><\/p>\n<h2>El siguiente paso<\/h2>\n<p><\/p>\n<p>El archivo planea una <strong>edici\u00f3n<\/strong> p\u00fablica con notas cr\u00edticas y un <strong>contexto<\/strong> hist\u00f3rico accesible. Se organizar\u00e1n sesiones de <strong>escucha<\/strong> comentada, para que la comunidad pueda interrogar la <strong>pieza<\/strong> y, tal vez, aportar pistas de identificaci\u00f3n.<\/p>\n<p><\/p>\n<p>Mientras tanto, la cinta ya descansa en un <strong>estuche<\/strong> nuevo, con temperatura y humedad <strong>controladas<\/strong>. Es un peque\u00f1o gesto de <strong>cuidado<\/strong>, casi un contrato silencioso con la <strong>memoria<\/strong>: hemos vuelto a o\u00edrte, y prometemos que otros tambi\u00e9n <strong>podr\u00e1n<\/strong>.<\/p>\n","protected":false},"excerpt":{"rendered":"<p>Una cinta polvorienta, olvidada en un archivo durante seis d\u00e9cadas, acaba de romper el silencio. En una sala peque\u00f1a y oscura, frente a equipos igualmente<\/p>\n","protected":false},"author":1,"featured_media":7751,"comment_status":"closed","ping_status":"","sticky":false,"template":"","format":"standard","meta":{"footnotes":""},"categories":[4],"tags":[],"class_list":["post-7726","post","type-post","status-publish","format-standard","has-post-thumbnail","hentry","category-critica","generate-columns","tablet-grid-50","mobile-grid-100","grid-parent","grid-50"],"yoast_head":"<!-- This site is optimized with the Yoast SEO plugin v23.3 - https:\/\/yoast.com\/wordpress\/plugins\/seo\/ -->\n<title>Por primera vez se escuch\u00f3 completa una grabaci\u00f3n que estuvo guardada 60 a\u00f1os en un archivo<\/title>\n<meta name=\"robots\" content=\"index, follow, max-snippet:-1, max-image-preview:large, max-video-preview:-1\" \/>\n<link rel=\"canonical\" href=\"https:\/\/web.consaguirre.com.ar\/noticias\/por-primera-vez-se-escucho-completa-una-grabacion-que-estuvo-guardada-60-anos-en-un-archivo\/\" \/>\n<meta property=\"og:locale\" content=\"es_ES\" \/>\n<meta property=\"og:type\" content=\"article\" \/>\n<meta property=\"og:title\" content=\"Por primera vez se escuch\u00f3 completa una grabaci\u00f3n que estuvo guardada 60 a\u00f1os en un archivo\" \/>\n<meta property=\"og:description\" content=\"Una cinta polvorienta, olvidada en un archivo durante seis d\u00e9cadas, acaba de romper el silencio. En una sala peque\u00f1a y oscura, frente a equipos igualmente\" \/>\n<meta property=\"og:url\" content=\"https:\/\/web.consaguirre.com.ar\/noticias\/por-primera-vez-se-escucho-completa-una-grabacion-que-estuvo-guardada-60-anos-en-un-archivo\/\" \/>\n<meta property=\"og:site_name\" content=\"Conservatorio de M\u00fasica Juli\u00e1n Aguirre\" \/>\n<meta property=\"article:published_time\" content=\"2026-09-06T11:00:00+00:00\" \/>\n<meta property=\"article:modified_time\" content=\"2026-09-01T15:31:05+00:00\" \/>\n<meta property=\"og:image\" content=\"https:\/\/web.consaguirre.com.ar\/noticias\/wp-content\/uploads\/2026\/09\/por-primera-vez-se-escucho-completa-una-grabacion-que-estuvo-guardada-60-anos-en-un-archivo-7726.jpg\" \/>\n\t<meta property=\"og:image:width\" content=\"1536\" \/>\n\t<meta property=\"og:image:height\" content=\"864\" \/>\n\t<meta property=\"og:image:type\" content=\"image\/jpeg\" \/>\n<meta name=\"author\" content=\"Javier Figueroa\" \/>\n<meta name=\"twitter:card\" content=\"summary_large_image\" \/>\n<meta name=\"twitter:label1\" content=\"Escrito por\" \/>\n\t<meta name=\"twitter:data1\" content=\"Javier Figueroa\" \/>\n\t<meta name=\"twitter:label2\" content=\"Tiempo de lectura\" \/>\n\t<meta name=\"twitter:data2\" content=\"4 minutos\" \/>\n<script type=\"application\/ld+json\" class=\"yoast-schema-graph\">{\"@context\":\"https:\/\/schema.org\",\"@graph\":[{\"@type\":\"Article\",\"@id\":\"https:\/\/web.consaguirre.com.ar\/noticias\/por-primera-vez-se-escucho-completa-una-grabacion-que-estuvo-guardada-60-anos-en-un-archivo\/#article\",\"isPartOf\":{\"@id\":\"https:\/\/web.consaguirre.com.ar\/noticias\/por-primera-vez-se-escucho-completa-una-grabacion-que-estuvo-guardada-60-anos-en-un-archivo\/\"},\"author\":{\"name\":\"Javier Figueroa\",\"@id\":\"https:\/\/web.consaguirre.com.ar\/noticias\/#\/schema\/person\/6558b0cfedee7ddc5425602b237d5722\"},\"headline\":\"Por primera vez se escuch\u00f3 completa una grabaci\u00f3n que estuvo guardada 60 a\u00f1os en un archivo\",\"datePublished\":\"2026-09-06T11:00:00+00:00\",\"dateModified\":\"2026-09-01T15:31:05+00:00\",\"mainEntityOfPage\":{\"@id\":\"https:\/\/web.consaguirre.com.ar\/noticias\/por-primera-vez-se-escucho-completa-una-grabacion-que-estuvo-guardada-60-anos-en-un-archivo\/\"},\"wordCount\":892,\"publisher\":{\"@id\":\"https:\/\/web.consaguirre.com.ar\/noticias\/#organization\"},\"image\":{\"@id\":\"https:\/\/web.consaguirre.com.ar\/noticias\/por-primera-vez-se-escucho-completa-una-grabacion-que-estuvo-guardada-60-anos-en-un-archivo\/#primaryimage\"},\"thumbnailUrl\":\"https:\/\/web.consaguirre.com.ar\/noticias\/wp-content\/uploads\/2026\/09\/por-primera-vez-se-escucho-completa-una-grabacion-que-estuvo-guardada-60-anos-en-un-archivo-7726.jpg\",\"articleSection\":[\"Cr\u00edtica\"],\"inLanguage\":\"es-AR\"},{\"@type\":\"WebPage\",\"@id\":\"https:\/\/web.consaguirre.com.ar\/noticias\/por-primera-vez-se-escucho-completa-una-grabacion-que-estuvo-guardada-60-anos-en-un-archivo\/\",\"url\":\"https:\/\/web.consaguirre.com.ar\/noticias\/por-primera-vez-se-escucho-completa-una-grabacion-que-estuvo-guardada-60-anos-en-un-archivo\/\",\"name\":\"Por primera vez se escuch\u00f3 completa una grabaci\u00f3n que estuvo guardada 60 a\u00f1os en un archivo\",\"isPartOf\":{\"@id\":\"https:\/\/web.consaguirre.com.ar\/noticias\/#website\"},\"primaryImageOfPage\":{\"@id\":\"https:\/\/web.consaguirre.com.ar\/noticias\/por-primera-vez-se-escucho-completa-una-grabacion-que-estuvo-guardada-60-anos-en-un-archivo\/#primaryimage\"},\"image\":{\"@id\":\"https:\/\/web.consaguirre.com.ar\/noticias\/por-primera-vez-se-escucho-completa-una-grabacion-que-estuvo-guardada-60-anos-en-un-archivo\/#primaryimage\"},\"thumbnailUrl\":\"https:\/\/web.consaguirre.com.ar\/noticias\/wp-content\/uploads\/2026\/09\/por-primera-vez-se-escucho-completa-una-grabacion-que-estuvo-guardada-60-anos-en-un-archivo-7726.jpg\",\"datePublished\":\"2026-09-06T11:00:00+00:00\",\"dateModified\":\"2026-09-01T15:31:05+00:00\",\"breadcrumb\":{\"@id\":\"https:\/\/web.consaguirre.com.ar\/noticias\/por-primera-vez-se-escucho-completa-una-grabacion-que-estuvo-guardada-60-anos-en-un-archivo\/#breadcrumb\"},\"inLanguage\":\"es-AR\",\"potentialAction\":[{\"@type\":\"ReadAction\",\"target\":[\"https:\/\/web.consaguirre.com.ar\/noticias\/por-primera-vez-se-escucho-completa-una-grabacion-que-estuvo-guardada-60-anos-en-un-archivo\/\"]}]},{\"@type\":\"ImageObject\",\"inLanguage\":\"es-AR\",\"@id\":\"https:\/\/web.consaguirre.com.ar\/noticias\/por-primera-vez-se-escucho-completa-una-grabacion-que-estuvo-guardada-60-anos-en-un-archivo\/#primaryimage\",\"url\":\"https:\/\/web.consaguirre.com.ar\/noticias\/wp-content\/uploads\/2026\/09\/por-primera-vez-se-escucho-completa-una-grabacion-que-estuvo-guardada-60-anos-en-un-archivo-7726.jpg\",\"contentUrl\":\"https:\/\/web.consaguirre.com.ar\/noticias\/wp-content\/uploads\/2026\/09\/por-primera-vez-se-escucho-completa-una-grabacion-que-estuvo-guardada-60-anos-en-un-archivo-7726.jpg\",\"width\":1536,\"height\":864,\"caption\":\"Por primera vez se escuch\u00f3 completa una grabaci\u00f3n que estuvo guardada 60 a\u00f1os en un archivo\"},{\"@type\":\"BreadcrumbList\",\"@id\":\"https:\/\/web.consaguirre.com.ar\/noticias\/por-primera-vez-se-escucho-completa-una-grabacion-que-estuvo-guardada-60-anos-en-un-archivo\/#breadcrumb\",\"itemListElement\":[{\"@type\":\"ListItem\",\"position\":1,\"name\":\"Inicio\",\"item\":\"https:\/\/web.consaguirre.com.ar\/noticias\/\"},{\"@type\":\"ListItem\",\"position\":2,\"name\":\"Por primera vez se escuch\u00f3 completa una grabaci\u00f3n que estuvo guardada 60 a\u00f1os en un archivo\"}]},{\"@type\":\"WebSite\",\"@id\":\"https:\/\/web.consaguirre.com.ar\/noticias\/#website\",\"url\":\"https:\/\/web.consaguirre.com.ar\/noticias\/\",\"name\":\"Conservatorio de M\u00fasica Juli\u00e1n Aguirre\",\"description\":\"\",\"publisher\":{\"@id\":\"https:\/\/web.consaguirre.com.ar\/noticias\/#organization\"},\"potentialAction\":[{\"@type\":\"SearchAction\",\"target\":{\"@type\":\"EntryPoint\",\"urlTemplate\":\"https:\/\/web.consaguirre.com.ar\/noticias\/?s={search_term_string}\"},\"query-input\":\"required name=search_term_string\"}],\"inLanguage\":\"es-AR\"},{\"@type\":\"Organization\",\"@id\":\"https:\/\/web.consaguirre.com.ar\/noticias\/#organization\",\"name\":\"Conservatorio de M\u00fasica Juli\u00e1n Aguirre\",\"url\":\"https:\/\/web.consaguirre.com.ar\/noticias\/\",\"logo\":{\"@type\":\"ImageObject\",\"inLanguage\":\"es-AR\",\"@id\":\"https:\/\/web.consaguirre.com.ar\/noticias\/#\/schema\/logo\/image\/\",\"url\":\"https:\/\/web.consaguirre.com.ar\/noticias\/wp-content\/uploads\/2024\/08\/Banner-Aguirre-23.jpg\",\"contentUrl\":\"https:\/\/web.consaguirre.com.ar\/noticias\/wp-content\/uploads\/2024\/08\/Banner-Aguirre-23.jpg\",\"width\":1192,\"height\":600,\"caption\":\"Conservatorio de M\u00fasica Juli\u00e1n Aguirre\"},\"image\":{\"@id\":\"https:\/\/web.consaguirre.com.ar\/noticias\/#\/schema\/logo\/image\/\"}},{\"@type\":\"Person\",\"@id\":\"https:\/\/web.consaguirre.com.ar\/noticias\/#\/schema\/person\/6558b0cfedee7ddc5425602b237d5722\",\"name\":\"Javier Figueroa\",\"image\":{\"@type\":\"ImageObject\",\"inLanguage\":\"es-AR\",\"@id\":\"https:\/\/web.consaguirre.com.ar\/noticias\/#\/schema\/person\/image\/\",\"url\":\"https:\/\/web.consaguirre.com.ar\/noticias\/wp-content\/uploads\/2024\/08\/Consaguirre-scaled.jpg\",\"contentUrl\":\"https:\/\/web.consaguirre.com.ar\/noticias\/wp-content\/uploads\/2024\/08\/Consaguirre-scaled.jpg\",\"caption\":\"Javier Figueroa\"},\"description\":\"Me llamo Javier Figueroa y soy redactor para el sitio oficial del Conservatorio de M\u00fasica Juli\u00e1n Aguirre en Buenos Aires, consaguirre.com. Apasionado por la m\u00fasica y la escritura, me esfuerzo por destacar los talentos y eventos de nuestra prestigiosa instituci\u00f3n. Mi trayectoria se nutre de una profunda admiraci\u00f3n por los artistas, haciendo de cada art\u00edculo una celebraci\u00f3n de la creatividad y la cultura musical.\",\"sameAs\":[\"https:\/\/web.consaguirre.com.ar\/noticias\"]}]}<\/script>\n<!-- \/ Yoast SEO plugin. -->","yoast_head_json":{"title":"Por primera vez se escuch\u00f3 completa una grabaci\u00f3n que estuvo guardada 60 a\u00f1os en un archivo","robots":{"index":"index","follow":"follow","max-snippet":"max-snippet:-1","max-image-preview":"max-image-preview:large","max-video-preview":"max-video-preview:-1"},"canonical":"https:\/\/web.consaguirre.com.ar\/noticias\/por-primera-vez-se-escucho-completa-una-grabacion-que-estuvo-guardada-60-anos-en-un-archivo\/","og_locale":"es_ES","og_type":"article","og_title":"Por primera vez se escuch\u00f3 completa una grabaci\u00f3n que estuvo guardada 60 a\u00f1os en un archivo","og_description":"Una cinta polvorienta, olvidada en un archivo durante seis d\u00e9cadas, acaba de romper el silencio. En una sala peque\u00f1a y oscura, frente a equipos igualmente","og_url":"https:\/\/web.consaguirre.com.ar\/noticias\/por-primera-vez-se-escucho-completa-una-grabacion-que-estuvo-guardada-60-anos-en-un-archivo\/","og_site_name":"Conservatorio de M\u00fasica Juli\u00e1n Aguirre","article_published_time":"2026-09-06T11:00:00+00:00","article_modified_time":"2026-09-01T15:31:05+00:00","og_image":[{"width":1536,"height":864,"url":"https:\/\/web.consaguirre.com.ar\/noticias\/wp-content\/uploads\/2026\/09\/por-primera-vez-se-escucho-completa-una-grabacion-que-estuvo-guardada-60-anos-en-un-archivo-7726.jpg","type":"image\/jpeg"}],"author":"Javier Figueroa","twitter_card":"summary_large_image","twitter_misc":{"Escrito por":"Javier Figueroa","Tiempo de lectura":"4 minutos"},"schema":{"@context":"https:\/\/schema.org","@graph":[{"@type":"Article","@id":"https:\/\/web.consaguirre.com.ar\/noticias\/por-primera-vez-se-escucho-completa-una-grabacion-que-estuvo-guardada-60-anos-en-un-archivo\/#article","isPartOf":{"@id":"https:\/\/web.consaguirre.com.ar\/noticias\/por-primera-vez-se-escucho-completa-una-grabacion-que-estuvo-guardada-60-anos-en-un-archivo\/"},"author":{"name":"Javier Figueroa","@id":"https:\/\/web.consaguirre.com.ar\/noticias\/#\/schema\/person\/6558b0cfedee7ddc5425602b237d5722"},"headline":"Por primera vez se escuch\u00f3 completa una grabaci\u00f3n que estuvo guardada 60 a\u00f1os en un archivo","datePublished":"2026-09-06T11:00:00+00:00","dateModified":"2026-09-01T15:31:05+00:00","mainEntityOfPage":{"@id":"https:\/\/web.consaguirre.com.ar\/noticias\/por-primera-vez-se-escucho-completa-una-grabacion-que-estuvo-guardada-60-anos-en-un-archivo\/"},"wordCount":892,"publisher":{"@id":"https:\/\/web.consaguirre.com.ar\/noticias\/#organization"},"image":{"@id":"https:\/\/web.consaguirre.com.ar\/noticias\/por-primera-vez-se-escucho-completa-una-grabacion-que-estuvo-guardada-60-anos-en-un-archivo\/#primaryimage"},"thumbnailUrl":"https:\/\/web.consaguirre.com.ar\/noticias\/wp-content\/uploads\/2026\/09\/por-primera-vez-se-escucho-completa-una-grabacion-que-estuvo-guardada-60-anos-en-un-archivo-7726.jpg","articleSection":["Cr\u00edtica"],"inLanguage":"es-AR"},{"@type":"WebPage","@id":"https:\/\/web.consaguirre.com.ar\/noticias\/por-primera-vez-se-escucho-completa-una-grabacion-que-estuvo-guardada-60-anos-en-un-archivo\/","url":"https:\/\/web.consaguirre.com.ar\/noticias\/por-primera-vez-se-escucho-completa-una-grabacion-que-estuvo-guardada-60-anos-en-un-archivo\/","name":"Por primera vez se escuch\u00f3 completa una grabaci\u00f3n que estuvo guardada 60 a\u00f1os en un archivo","isPartOf":{"@id":"https:\/\/web.consaguirre.com.ar\/noticias\/#website"},"primaryImageOfPage":{"@id":"https:\/\/web.consaguirre.com.ar\/noticias\/por-primera-vez-se-escucho-completa-una-grabacion-que-estuvo-guardada-60-anos-en-un-archivo\/#primaryimage"},"image":{"@id":"https:\/\/web.consaguirre.com.ar\/noticias\/por-primera-vez-se-escucho-completa-una-grabacion-que-estuvo-guardada-60-anos-en-un-archivo\/#primaryimage"},"thumbnailUrl":"https:\/\/web.consaguirre.com.ar\/noticias\/wp-content\/uploads\/2026\/09\/por-primera-vez-se-escucho-completa-una-grabacion-que-estuvo-guardada-60-anos-en-un-archivo-7726.jpg","datePublished":"2026-09-06T11:00:00+00:00","dateModified":"2026-09-01T15:31:05+00:00","breadcrumb":{"@id":"https:\/\/web.consaguirre.com.ar\/noticias\/por-primera-vez-se-escucho-completa-una-grabacion-que-estuvo-guardada-60-anos-en-un-archivo\/#breadcrumb"},"inLanguage":"es-AR","potentialAction":[{"@type":"ReadAction","target":["https:\/\/web.consaguirre.com.ar\/noticias\/por-primera-vez-se-escucho-completa-una-grabacion-que-estuvo-guardada-60-anos-en-un-archivo\/"]}]},{"@type":"ImageObject","inLanguage":"es-AR","@id":"https:\/\/web.consaguirre.com.ar\/noticias\/por-primera-vez-se-escucho-completa-una-grabacion-que-estuvo-guardada-60-anos-en-un-archivo\/#primaryimage","url":"https:\/\/web.consaguirre.com.ar\/noticias\/wp-content\/uploads\/2026\/09\/por-primera-vez-se-escucho-completa-una-grabacion-que-estuvo-guardada-60-anos-en-un-archivo-7726.jpg","contentUrl":"https:\/\/web.consaguirre.com.ar\/noticias\/wp-content\/uploads\/2026\/09\/por-primera-vez-se-escucho-completa-una-grabacion-que-estuvo-guardada-60-anos-en-un-archivo-7726.jpg","width":1536,"height":864,"caption":"Por primera vez se escuch\u00f3 completa una grabaci\u00f3n que estuvo guardada 60 a\u00f1os en un archivo"},{"@type":"BreadcrumbList","@id":"https:\/\/web.consaguirre.com.ar\/noticias\/por-primera-vez-se-escucho-completa-una-grabacion-que-estuvo-guardada-60-anos-en-un-archivo\/#breadcrumb","itemListElement":[{"@type":"ListItem","position":1,"name":"Inicio","item":"https:\/\/web.consaguirre.com.ar\/noticias\/"},{"@type":"ListItem","position":2,"name":"Por primera vez se escuch\u00f3 completa una grabaci\u00f3n que estuvo guardada 60 a\u00f1os en un archivo"}]},{"@type":"WebSite","@id":"https:\/\/web.consaguirre.com.ar\/noticias\/#website","url":"https:\/\/web.consaguirre.com.ar\/noticias\/","name":"Conservatorio de M\u00fasica Juli\u00e1n Aguirre","description":"","publisher":{"@id":"https:\/\/web.consaguirre.com.ar\/noticias\/#organization"},"potentialAction":[{"@type":"SearchAction","target":{"@type":"EntryPoint","urlTemplate":"https:\/\/web.consaguirre.com.ar\/noticias\/?s={search_term_string}"},"query-input":"required name=search_term_string"}],"inLanguage":"es-AR"},{"@type":"Organization","@id":"https:\/\/web.consaguirre.com.ar\/noticias\/#organization","name":"Conservatorio de M\u00fasica Juli\u00e1n Aguirre","url":"https:\/\/web.consaguirre.com.ar\/noticias\/","logo":{"@type":"ImageObject","inLanguage":"es-AR","@id":"https:\/\/web.consaguirre.com.ar\/noticias\/#\/schema\/logo\/image\/","url":"https:\/\/web.consaguirre.com.ar\/noticias\/wp-content\/uploads\/2024\/08\/Banner-Aguirre-23.jpg","contentUrl":"https:\/\/web.consaguirre.com.ar\/noticias\/wp-content\/uploads\/2024\/08\/Banner-Aguirre-23.jpg","width":1192,"height":600,"caption":"Conservatorio de M\u00fasica Juli\u00e1n Aguirre"},"image":{"@id":"https:\/\/web.consaguirre.com.ar\/noticias\/#\/schema\/logo\/image\/"}},{"@type":"Person","@id":"https:\/\/web.consaguirre.com.ar\/noticias\/#\/schema\/person\/6558b0cfedee7ddc5425602b237d5722","name":"Javier Figueroa","image":{"@type":"ImageObject","inLanguage":"es-AR","@id":"https:\/\/web.consaguirre.com.ar\/noticias\/#\/schema\/person\/image\/","url":"https:\/\/web.consaguirre.com.ar\/noticias\/wp-content\/uploads\/2024\/08\/Consaguirre-scaled.jpg","contentUrl":"https:\/\/web.consaguirre.com.ar\/noticias\/wp-content\/uploads\/2024\/08\/Consaguirre-scaled.jpg","caption":"Javier Figueroa"},"description":"Me llamo Javier Figueroa y soy redactor para el sitio oficial del Conservatorio de M\u00fasica Juli\u00e1n Aguirre en Buenos Aires, consaguirre.com. Apasionado por la m\u00fasica y la escritura, me esfuerzo por destacar los talentos y eventos de nuestra prestigiosa instituci\u00f3n. Mi trayectoria se nutre de una profunda admiraci\u00f3n por los artistas, haciendo de cada art\u00edculo una celebraci\u00f3n de la creatividad y la cultura musical.","sameAs":["https:\/\/web.consaguirre.com.ar\/noticias"]}]}},"_links":{"self":[{"href":"https:\/\/web.consaguirre.com.ar\/noticias\/wp-json\/wp\/v2\/posts\/7726"}],"collection":[{"href":"https:\/\/web.consaguirre.com.ar\/noticias\/wp-json\/wp\/v2\/posts"}],"about":[{"href":"https:\/\/web.consaguirre.com.ar\/noticias\/wp-json\/wp\/v2\/types\/post"}],"author":[{"embeddable":true,"href":"https:\/\/web.consaguirre.com.ar\/noticias\/wp-json\/wp\/v2\/users\/1"}],"replies":[{"embeddable":true,"href":"https:\/\/web.consaguirre.com.ar\/noticias\/wp-json\/wp\/v2\/comments?post=7726"}],"version-history":[{"count":1,"href":"https:\/\/web.consaguirre.com.ar\/noticias\/wp-json\/wp\/v2\/posts\/7726\/revisions"}],"predecessor-version":[{"id":7739,"href":"https:\/\/web.consaguirre.com.ar\/noticias\/wp-json\/wp\/v2\/posts\/7726\/revisions\/7739"}],"wp:featuredmedia":[{"embeddable":true,"href":"https:\/\/web.consaguirre.com.ar\/noticias\/wp-json\/wp\/v2\/media\/7751"}],"wp:attachment":[{"href":"https:\/\/web.consaguirre.com.ar\/noticias\/wp-json\/wp\/v2\/media?parent=7726"}],"wp:term":[{"taxonomy":"category","embeddable":true,"href":"https:\/\/web.consaguirre.com.ar\/noticias\/wp-json\/wp\/v2\/categories?post=7726"},{"taxonomy":"post_tag","embeddable":true,"href":"https:\/\/web.consaguirre.com.ar\/noticias\/wp-json\/wp\/v2\/tags?post=7726"}],"curies":[{"name":"wp","href":"https:\/\/api.w.org\/{rel}","templated":true}]}}