{"id":7725,"date":"2026-09-05T08:00:00","date_gmt":"2026-09-05T11:00:00","guid":{"rendered":"https:\/\/web.consaguirre.com.ar\/noticias\/?p=7725"},"modified":"2026-09-01T12:31:05","modified_gmt":"2026-09-01T15:31:05","slug":"grababa-en-el-cuarto-de-su-casa-con-un-microfono-prestado-y-hoy-lo-escuchan-en-medio-continente","status":"publish","type":"post","link":"https:\/\/web.consaguirre.com.ar\/noticias\/grababa-en-el-cuarto-de-su-casa-con-un-microfono-prestado-y-hoy-lo-escuchan-en-medio-continente\/","title":{"rendered":"Grababa en el cuarto de su casa con un micr\u00f3fono prestado y hoy lo escuchan en medio continente"},"content":{"rendered":"<p>Todo empez\u00f3 sin <strong>ruido<\/strong> de industria: una laptop <strong>vieja<\/strong>, una interfaz prestada y el deseo de no esperar.<br \/>En un <strong>cuarto<\/strong> con paredes delgadas, el plan era <strong>simple<\/strong>: grabar canciones antes de que la duda hiciera nido.<br \/>La ciudad afuera era <strong>tr\u00e1fico<\/strong> y bocinas; adentro, un metr\u00f3nomo obstinado y un <strong>sue\u00f1o<\/strong> que no supo sentarse.<\/p>\n<p><\/p>\n<p>\u201cSi no lo hac\u00eda <strong>ah\u00ed<\/strong>, no lo har\u00eda <strong>nunca<\/strong>\u201d, recuerda \u00e9l, con la naturalidad de quien ya cruz\u00f3 un r\u00edo.<br \/>El eco casero fue su primer <strong>productor<\/strong>; el ruido de la nevera, su <strong>percusi\u00f3n<\/strong> bautismal.<br \/>Y ese pulso imperfecto se volvi\u00f3 <strong>marca<\/strong> propia, una grieta por donde entr\u00f3 la <strong>luz<\/strong>.<\/p>\n<p><\/p>\n<h2>Una voz que naci\u00f3 sin permiso<\/h2>\n<p><\/p>\n<p>En la mesa de la <strong>cocina<\/strong>, acomod\u00f3 el micr\u00f3fono como si fuera un <strong>amuleto<\/strong>.<br \/>Afinaba entre ollas y vasos, buscando una afinaci\u00f3n m\u00e1s <strong>humana<\/strong> que mil <strong>plugins<\/strong>.<br \/>\u201cQuer\u00eda algo <strong>cercano<\/strong>, algo que respirara como una <strong>persona<\/strong>\u201d, dice, casi en un susurro.<\/p>\n<p><\/p>\n<p>Las primeras maquetas sonaban <strong>crudas<\/strong>, pero ten\u00edan un hambre <strong>clara<\/strong>.<br \/>No hab\u00eda coros de <strong>estudio<\/strong>, ni sesiones eternas de <strong>edici\u00f3n<\/strong>; hab\u00eda latido.<br \/>Una amiga comparti\u00f3 el link con diez <strong>personas<\/strong>, y esas diez se lo mandaron a <strong>cincuenta<\/strong>.<\/p>\n<p><\/p>\n<h2>Del barrio a los playlists<\/h2>\n<p><\/p>\n<p>Los algoritmos, a veces <strong>fr\u00edos<\/strong>, escucharon una emoci\u00f3n <strong>caliente<\/strong> y la empujaron sin preguntar.<br \/>De una lista a otra, fue saltando como una <strong>chispa<\/strong> que encuentra <strong>le\u00f1a<\/strong>.<br \/>\u201cDespert\u00e9 y hab\u00edan cien mil <strong>reproducciones<\/strong>; pens\u00e9 que era un <strong>error<\/strong>\u201d, admite entre risas.<\/p>\n<p><\/p>\n<p>La primera fecha fuera de su <strong>ciudad<\/strong> fue en un bar sin <strong>luces<\/strong> caras.<br \/>Cant\u00f3 con el micr\u00f3fono <strong>propio<\/strong>, comprado a plazos y con los ahorros m\u00e1s <strong>tercos<\/strong>.<br \/>Sali\u00f3 del escenario con mensajes en el <strong>tel\u00e9fono<\/strong> y un cansancio <strong>feliz<\/strong>.<\/p>\n<p><\/p>\n<h2>El m\u00e9todo casero que no solt\u00f3<\/h2>\n<p><\/p>\n<p>Mientras el eco crec\u00eda, \u00e9l cuid\u00f3 su <strong>n\u00facleo<\/strong> como se cuida una <strong>semilla<\/strong>.<br \/>El set sigue <strong>m\u00ednimo<\/strong>: una interfaz modesta, una guitarra <strong>honesta<\/strong> y dos auriculares.<br \/>Repite el mantra \u201cmenos es <strong>m\u00e1s<\/strong>\u201d y deja espacio para el <strong>aire<\/strong>.<\/p>\n<p><\/p>\n<p>Tres h\u00e1bitos sostienen su <strong>sonido<\/strong> cuando todo alrededor pide m\u00e1s <strong>brillo<\/strong>:<\/p>\n<p><\/p>\n<ul><\/p>\n<li>Grabar tomas largas y mantener la <strong>primera<\/strong> respiraci\u00f3n que suena <strong>viva<\/strong>.<\/li>\n<p><\/p>\n<li>Dejar \u201cerrores\u201d que se sienten <strong>humanos<\/strong>, antes que corregir hasta la <strong>esterilidad<\/strong>.<\/li>\n<p><\/p>\n<li>Priorizar la <strong>letra<\/strong> y el ritmo de la <strong>historia<\/strong> por encima del adorno.<\/li>\n<p>\n<\/ul>\n<p><\/p>\n<p>\u201cLo casero no es ser <strong>pobre<\/strong>, es ser <strong>libre<\/strong>\u201d, contesta cuando le preguntan por la est\u00e9tica lo\u2011fi.<br \/>Su productora, Mar, lo resume con una frase <strong>sencilla<\/strong>: \u201cHay verdad en esa <strong>ausencia<\/strong> de pulido\u201d.<\/p>\n<p><\/p>\n<h2>Cartograf\u00eda de una gira improbable<\/h2>\n<p><\/p>\n<p>Las canciones cruzaron <strong>fronteras<\/strong> con m\u00e1s facilidad que su primer <strong>pasaporte<\/strong>.<br \/>Viaj\u00f3 en buses nocturnos, midiendo el tiempo en <strong>peajes<\/strong> y en termos de <strong>caf\u00e9<\/strong>.<br \/>Donde hab\u00eda veinte oyentes, ahora hay filas <strong>largas<\/strong> y camisetas con su <strong>nombre<\/strong>.<\/p>\n<p><\/p>\n<p>En Ciudad de M\u00e9xico lo recibieron con un <strong>coro<\/strong> que tap\u00f3 sus monitores <strong>humildes<\/strong>.<br \/>En Medell\u00edn descubri\u00f3 que su balada m\u00e1s <strong>triste<\/strong> serv\u00eda para bailar <strong>lento<\/strong>.<br \/>En Santiago firm\u00f3 discos bajo una <strong>lluvia<\/strong> que parec\u00eda no tener <strong>fin<\/strong>.<\/p>\n<p><\/p>\n<p>Una fan en Buenos Aires, Valentina, le dijo al o\u00eddo: \u201cTus canciones me devuelven el <strong>pulso<\/strong> cuando me siento <strong>invisible<\/strong>\u201d.<br \/>\u00c9l guard\u00f3 esa frase como quien guarda una <strong>piedra<\/strong> de r\u00edo en el <strong>bolsillo<\/strong>.<br \/>No hay premio que le compita a esa <strong>certeza<\/strong> que se lleva <strong>puesta<\/strong>.<\/p>\n<p><\/p>\n<h2>Negocios sin perder la piel<\/h2>\n<p><\/p>\n<p>El crecimiento trajo <strong>correos<\/strong> con propuestas, m\u00e1nagers con planes y hojas de <strong>c\u00e1lculo<\/strong>.<br \/>Firm\u00f3 poco, ley\u00f3 <strong>mucho<\/strong>, y aprendi\u00f3 a decir <strong>no<\/strong> con elegancia.<br \/>\u201cQuiero equipo, no <strong>jaula<\/strong>\u201d, les dijo, dejando la puerta <strong>entreabierta<\/strong>.<\/p>\n<p><\/p>\n<p>Diversific\u00f3 sin perder el <strong>norte<\/strong>: vinilos de tirada <strong>corta<\/strong>, sesiones en vivo y una newsletter.<br \/>Las marcas llegaron con promesas de <strong>exposici\u00f3n<\/strong>, pero \u00e9l pidi\u00f3 <strong>tiempo<\/strong> para pensar.<br \/>Si el logo no respira la misma <strong>\u00e9tica<\/strong>, mejor que respire <strong>lejos<\/strong>.<\/p>\n<p><\/p>\n<h2>Lo que viene cuando nadie te lo dicta<\/h2>\n<p><\/p>\n<p>El pr\u00f3ximo disco crece como una <strong>ciudad<\/strong> nocturna, llena de ventanas <strong>encendidas<\/strong>.<br \/>Hay colaboraciones con voces que lo hicieron <strong>fan<\/strong> antes que <strong>colega<\/strong>.<br \/>Ensayan en un cuarto que sigue siendo <strong>peque\u00f1o<\/strong>, pero tiene m\u00e1s <strong>silencios<\/strong> disponibles.<\/p>\n<p><\/p>\n<p>Quiere girar m\u00e1s <strong>lento<\/strong>, mirando por la <strong>ventana<\/strong> en lugar de solo mirar el reloj.<br \/>Quiere aprender a producir a <strong>otros<\/strong>, abrir ese domo que lo protegi\u00f3 del <strong>ruido<\/strong>.<br \/>\u201cSi una canci\u00f3n te salva la <strong>tarde<\/strong>, ya hizo el <strong>trabajo<\/strong>\u201d, murmura, con fe serena.<\/p>\n<p><\/p>\n<p>En su mesa a\u00fan quedan cables <strong>enredados<\/strong> y un cuaderno con tinta <strong>azul<\/strong>.<br \/>La ruta no fue recta ni quiso ser <strong>perfecta<\/strong>, solo fue <strong>propia<\/strong>.<br \/>Y a veces, con eso <strong>basta<\/strong>, porque la honestidad tambi\u00e9n tiene un <strong>amplificador<\/strong>.<\/p>\n","protected":false},"excerpt":{"rendered":"<p>Todo empez\u00f3 sin ruido de industria: una laptop vieja, una interfaz prestada y el deseo de no esperar.En un cuarto con paredes delgadas, el plan<\/p>\n","protected":false},"author":1,"featured_media":7752,"comment_status":"closed","ping_status":"","sticky":false,"template":"","format":"standard","meta":{"footnotes":""},"categories":[4],"tags":[],"class_list":["post-7725","post","type-post","status-publish","format-standard","has-post-thumbnail","hentry","category-critica","generate-columns","tablet-grid-50","mobile-grid-100","grid-parent","grid-50"],"yoast_head":"<!-- This site is optimized with the Yoast SEO plugin v23.3 - https:\/\/yoast.com\/wordpress\/plugins\/seo\/ -->\n<title>Grababa en el cuarto de su casa con un micr\u00f3fono prestado y hoy lo escuchan en medio continente<\/title>\n<meta name=\"robots\" content=\"index, follow, max-snippet:-1, max-image-preview:large, max-video-preview:-1\" \/>\n<link rel=\"canonical\" href=\"https:\/\/web.consaguirre.com.ar\/noticias\/grababa-en-el-cuarto-de-su-casa-con-un-microfono-prestado-y-hoy-lo-escuchan-en-medio-continente\/\" \/>\n<meta property=\"og:locale\" content=\"es_ES\" \/>\n<meta property=\"og:type\" content=\"article\" \/>\n<meta property=\"og:title\" content=\"Grababa en el cuarto de su casa con un micr\u00f3fono prestado y hoy lo escuchan en medio continente\" \/>\n<meta property=\"og:description\" content=\"Todo empez\u00f3 sin ruido de industria: una laptop vieja, una interfaz prestada y el deseo de no esperar.En un cuarto con paredes delgadas, el plan\" \/>\n<meta property=\"og:url\" content=\"https:\/\/web.consaguirre.com.ar\/noticias\/grababa-en-el-cuarto-de-su-casa-con-un-microfono-prestado-y-hoy-lo-escuchan-en-medio-continente\/\" \/>\n<meta property=\"og:site_name\" content=\"Conservatorio de M\u00fasica Juli\u00e1n Aguirre\" \/>\n<meta property=\"article:published_time\" content=\"2026-09-05T11:00:00+00:00\" \/>\n<meta property=\"article:modified_time\" content=\"2026-09-01T15:31:05+00:00\" \/>\n<meta property=\"og:image\" content=\"https:\/\/web.consaguirre.com.ar\/noticias\/wp-content\/uploads\/2026\/09\/grababa-en-el-cuarto-de-su-casa-con-un-microfono-prestado-y-hoy-lo-escuchan-en-medio-continente-7725.jpg\" \/>\n\t<meta property=\"og:image:width\" content=\"1536\" \/>\n\t<meta property=\"og:image:height\" content=\"864\" \/>\n\t<meta property=\"og:image:type\" content=\"image\/jpeg\" \/>\n<meta name=\"author\" content=\"Javier Figueroa\" \/>\n<meta name=\"twitter:card\" content=\"summary_large_image\" \/>\n<meta name=\"twitter:label1\" content=\"Escrito por\" \/>\n\t<meta name=\"twitter:data1\" content=\"Javier Figueroa\" \/>\n\t<meta name=\"twitter:label2\" content=\"Tiempo de lectura\" \/>\n\t<meta name=\"twitter:data2\" content=\"4 minutos\" \/>\n<script type=\"application\/ld+json\" class=\"yoast-schema-graph\">{\"@context\":\"https:\/\/schema.org\",\"@graph\":[{\"@type\":\"Article\",\"@id\":\"https:\/\/web.consaguirre.com.ar\/noticias\/grababa-en-el-cuarto-de-su-casa-con-un-microfono-prestado-y-hoy-lo-escuchan-en-medio-continente\/#article\",\"isPartOf\":{\"@id\":\"https:\/\/web.consaguirre.com.ar\/noticias\/grababa-en-el-cuarto-de-su-casa-con-un-microfono-prestado-y-hoy-lo-escuchan-en-medio-continente\/\"},\"author\":{\"name\":\"Javier Figueroa\",\"@id\":\"https:\/\/web.consaguirre.com.ar\/noticias\/#\/schema\/person\/6558b0cfedee7ddc5425602b237d5722\"},\"headline\":\"Grababa en el cuarto de su casa con un micr\u00f3fono prestado y hoy lo escuchan en medio continente\",\"datePublished\":\"2026-09-05T11:00:00+00:00\",\"dateModified\":\"2026-09-01T15:31:05+00:00\",\"mainEntityOfPage\":{\"@id\":\"https:\/\/web.consaguirre.com.ar\/noticias\/grababa-en-el-cuarto-de-su-casa-con-un-microfono-prestado-y-hoy-lo-escuchan-en-medio-continente\/\"},\"wordCount\":804,\"publisher\":{\"@id\":\"https:\/\/web.consaguirre.com.ar\/noticias\/#organization\"},\"image\":{\"@id\":\"https:\/\/web.consaguirre.com.ar\/noticias\/grababa-en-el-cuarto-de-su-casa-con-un-microfono-prestado-y-hoy-lo-escuchan-en-medio-continente\/#primaryimage\"},\"thumbnailUrl\":\"https:\/\/web.consaguirre.com.ar\/noticias\/wp-content\/uploads\/2026\/09\/grababa-en-el-cuarto-de-su-casa-con-un-microfono-prestado-y-hoy-lo-escuchan-en-medio-continente-7725.jpg\",\"articleSection\":[\"Cr\u00edtica\"],\"inLanguage\":\"es-AR\"},{\"@type\":\"WebPage\",\"@id\":\"https:\/\/web.consaguirre.com.ar\/noticias\/grababa-en-el-cuarto-de-su-casa-con-un-microfono-prestado-y-hoy-lo-escuchan-en-medio-continente\/\",\"url\":\"https:\/\/web.consaguirre.com.ar\/noticias\/grababa-en-el-cuarto-de-su-casa-con-un-microfono-prestado-y-hoy-lo-escuchan-en-medio-continente\/\",\"name\":\"Grababa en el cuarto de su casa con un micr\u00f3fono prestado y hoy lo escuchan en medio continente\",\"isPartOf\":{\"@id\":\"https:\/\/web.consaguirre.com.ar\/noticias\/#website\"},\"primaryImageOfPage\":{\"@id\":\"https:\/\/web.consaguirre.com.ar\/noticias\/grababa-en-el-cuarto-de-su-casa-con-un-microfono-prestado-y-hoy-lo-escuchan-en-medio-continente\/#primaryimage\"},\"image\":{\"@id\":\"https:\/\/web.consaguirre.com.ar\/noticias\/grababa-en-el-cuarto-de-su-casa-con-un-microfono-prestado-y-hoy-lo-escuchan-en-medio-continente\/#primaryimage\"},\"thumbnailUrl\":\"https:\/\/web.consaguirre.com.ar\/noticias\/wp-content\/uploads\/2026\/09\/grababa-en-el-cuarto-de-su-casa-con-un-microfono-prestado-y-hoy-lo-escuchan-en-medio-continente-7725.jpg\",\"datePublished\":\"2026-09-05T11:00:00+00:00\",\"dateModified\":\"2026-09-01T15:31:05+00:00\",\"breadcrumb\":{\"@id\":\"https:\/\/web.consaguirre.com.ar\/noticias\/grababa-en-el-cuarto-de-su-casa-con-un-microfono-prestado-y-hoy-lo-escuchan-en-medio-continente\/#breadcrumb\"},\"inLanguage\":\"es-AR\",\"potentialAction\":[{\"@type\":\"ReadAction\",\"target\":[\"https:\/\/web.consaguirre.com.ar\/noticias\/grababa-en-el-cuarto-de-su-casa-con-un-microfono-prestado-y-hoy-lo-escuchan-en-medio-continente\/\"]}]},{\"@type\":\"ImageObject\",\"inLanguage\":\"es-AR\",\"@id\":\"https:\/\/web.consaguirre.com.ar\/noticias\/grababa-en-el-cuarto-de-su-casa-con-un-microfono-prestado-y-hoy-lo-escuchan-en-medio-continente\/#primaryimage\",\"url\":\"https:\/\/web.consaguirre.com.ar\/noticias\/wp-content\/uploads\/2026\/09\/grababa-en-el-cuarto-de-su-casa-con-un-microfono-prestado-y-hoy-lo-escuchan-en-medio-continente-7725.jpg\",\"contentUrl\":\"https:\/\/web.consaguirre.com.ar\/noticias\/wp-content\/uploads\/2026\/09\/grababa-en-el-cuarto-de-su-casa-con-un-microfono-prestado-y-hoy-lo-escuchan-en-medio-continente-7725.jpg\",\"width\":1536,\"height\":864,\"caption\":\"Grababa en el cuarto de su casa con un micr\u00f3fono prestado y hoy lo escuchan en medio continente\"},{\"@type\":\"BreadcrumbList\",\"@id\":\"https:\/\/web.consaguirre.com.ar\/noticias\/grababa-en-el-cuarto-de-su-casa-con-un-microfono-prestado-y-hoy-lo-escuchan-en-medio-continente\/#breadcrumb\",\"itemListElement\":[{\"@type\":\"ListItem\",\"position\":1,\"name\":\"Inicio\",\"item\":\"https:\/\/web.consaguirre.com.ar\/noticias\/\"},{\"@type\":\"ListItem\",\"position\":2,\"name\":\"Grababa en el cuarto de su casa con un micr\u00f3fono prestado y hoy lo escuchan en medio continente\"}]},{\"@type\":\"WebSite\",\"@id\":\"https:\/\/web.consaguirre.com.ar\/noticias\/#website\",\"url\":\"https:\/\/web.consaguirre.com.ar\/noticias\/\",\"name\":\"Conservatorio de M\u00fasica Juli\u00e1n Aguirre\",\"description\":\"\",\"publisher\":{\"@id\":\"https:\/\/web.consaguirre.com.ar\/noticias\/#organization\"},\"potentialAction\":[{\"@type\":\"SearchAction\",\"target\":{\"@type\":\"EntryPoint\",\"urlTemplate\":\"https:\/\/web.consaguirre.com.ar\/noticias\/?s={search_term_string}\"},\"query-input\":\"required name=search_term_string\"}],\"inLanguage\":\"es-AR\"},{\"@type\":\"Organization\",\"@id\":\"https:\/\/web.consaguirre.com.ar\/noticias\/#organization\",\"name\":\"Conservatorio de M\u00fasica Juli\u00e1n Aguirre\",\"url\":\"https:\/\/web.consaguirre.com.ar\/noticias\/\",\"logo\":{\"@type\":\"ImageObject\",\"inLanguage\":\"es-AR\",\"@id\":\"https:\/\/web.consaguirre.com.ar\/noticias\/#\/schema\/logo\/image\/\",\"url\":\"https:\/\/web.consaguirre.com.ar\/noticias\/wp-content\/uploads\/2024\/08\/Banner-Aguirre-23.jpg\",\"contentUrl\":\"https:\/\/web.consaguirre.com.ar\/noticias\/wp-content\/uploads\/2024\/08\/Banner-Aguirre-23.jpg\",\"width\":1192,\"height\":600,\"caption\":\"Conservatorio de M\u00fasica Juli\u00e1n Aguirre\"},\"image\":{\"@id\":\"https:\/\/web.consaguirre.com.ar\/noticias\/#\/schema\/logo\/image\/\"}},{\"@type\":\"Person\",\"@id\":\"https:\/\/web.consaguirre.com.ar\/noticias\/#\/schema\/person\/6558b0cfedee7ddc5425602b237d5722\",\"name\":\"Javier Figueroa\",\"image\":{\"@type\":\"ImageObject\",\"inLanguage\":\"es-AR\",\"@id\":\"https:\/\/web.consaguirre.com.ar\/noticias\/#\/schema\/person\/image\/\",\"url\":\"https:\/\/web.consaguirre.com.ar\/noticias\/wp-content\/uploads\/2024\/08\/Consaguirre-scaled.jpg\",\"contentUrl\":\"https:\/\/web.consaguirre.com.ar\/noticias\/wp-content\/uploads\/2024\/08\/Consaguirre-scaled.jpg\",\"caption\":\"Javier Figueroa\"},\"description\":\"Me llamo Javier Figueroa y soy redactor para el sitio oficial del Conservatorio de M\u00fasica Juli\u00e1n Aguirre en Buenos Aires, consaguirre.com. Apasionado por la m\u00fasica y la escritura, me esfuerzo por destacar los talentos y eventos de nuestra prestigiosa instituci\u00f3n. Mi trayectoria se nutre de una profunda admiraci\u00f3n por los artistas, haciendo de cada art\u00edculo una celebraci\u00f3n de la creatividad y la cultura musical.\",\"sameAs\":[\"https:\/\/web.consaguirre.com.ar\/noticias\"]}]}<\/script>\n<!-- \/ Yoast SEO plugin. -->","yoast_head_json":{"title":"Grababa en el cuarto de su casa con un micr\u00f3fono prestado y hoy lo escuchan en medio continente","robots":{"index":"index","follow":"follow","max-snippet":"max-snippet:-1","max-image-preview":"max-image-preview:large","max-video-preview":"max-video-preview:-1"},"canonical":"https:\/\/web.consaguirre.com.ar\/noticias\/grababa-en-el-cuarto-de-su-casa-con-un-microfono-prestado-y-hoy-lo-escuchan-en-medio-continente\/","og_locale":"es_ES","og_type":"article","og_title":"Grababa en el cuarto de su casa con un micr\u00f3fono prestado y hoy lo escuchan en medio continente","og_description":"Todo empez\u00f3 sin ruido de industria: una laptop vieja, una interfaz prestada y el deseo de no esperar.En un cuarto con paredes delgadas, el plan","og_url":"https:\/\/web.consaguirre.com.ar\/noticias\/grababa-en-el-cuarto-de-su-casa-con-un-microfono-prestado-y-hoy-lo-escuchan-en-medio-continente\/","og_site_name":"Conservatorio de M\u00fasica Juli\u00e1n Aguirre","article_published_time":"2026-09-05T11:00:00+00:00","article_modified_time":"2026-09-01T15:31:05+00:00","og_image":[{"width":1536,"height":864,"url":"https:\/\/web.consaguirre.com.ar\/noticias\/wp-content\/uploads\/2026\/09\/grababa-en-el-cuarto-de-su-casa-con-un-microfono-prestado-y-hoy-lo-escuchan-en-medio-continente-7725.jpg","type":"image\/jpeg"}],"author":"Javier Figueroa","twitter_card":"summary_large_image","twitter_misc":{"Escrito por":"Javier Figueroa","Tiempo de lectura":"4 minutos"},"schema":{"@context":"https:\/\/schema.org","@graph":[{"@type":"Article","@id":"https:\/\/web.consaguirre.com.ar\/noticias\/grababa-en-el-cuarto-de-su-casa-con-un-microfono-prestado-y-hoy-lo-escuchan-en-medio-continente\/#article","isPartOf":{"@id":"https:\/\/web.consaguirre.com.ar\/noticias\/grababa-en-el-cuarto-de-su-casa-con-un-microfono-prestado-y-hoy-lo-escuchan-en-medio-continente\/"},"author":{"name":"Javier Figueroa","@id":"https:\/\/web.consaguirre.com.ar\/noticias\/#\/schema\/person\/6558b0cfedee7ddc5425602b237d5722"},"headline":"Grababa en el cuarto de su casa con un micr\u00f3fono prestado y hoy lo escuchan en medio continente","datePublished":"2026-09-05T11:00:00+00:00","dateModified":"2026-09-01T15:31:05+00:00","mainEntityOfPage":{"@id":"https:\/\/web.consaguirre.com.ar\/noticias\/grababa-en-el-cuarto-de-su-casa-con-un-microfono-prestado-y-hoy-lo-escuchan-en-medio-continente\/"},"wordCount":804,"publisher":{"@id":"https:\/\/web.consaguirre.com.ar\/noticias\/#organization"},"image":{"@id":"https:\/\/web.consaguirre.com.ar\/noticias\/grababa-en-el-cuarto-de-su-casa-con-un-microfono-prestado-y-hoy-lo-escuchan-en-medio-continente\/#primaryimage"},"thumbnailUrl":"https:\/\/web.consaguirre.com.ar\/noticias\/wp-content\/uploads\/2026\/09\/grababa-en-el-cuarto-de-su-casa-con-un-microfono-prestado-y-hoy-lo-escuchan-en-medio-continente-7725.jpg","articleSection":["Cr\u00edtica"],"inLanguage":"es-AR"},{"@type":"WebPage","@id":"https:\/\/web.consaguirre.com.ar\/noticias\/grababa-en-el-cuarto-de-su-casa-con-un-microfono-prestado-y-hoy-lo-escuchan-en-medio-continente\/","url":"https:\/\/web.consaguirre.com.ar\/noticias\/grababa-en-el-cuarto-de-su-casa-con-un-microfono-prestado-y-hoy-lo-escuchan-en-medio-continente\/","name":"Grababa en el cuarto de su casa con un micr\u00f3fono prestado y hoy lo escuchan en medio continente","isPartOf":{"@id":"https:\/\/web.consaguirre.com.ar\/noticias\/#website"},"primaryImageOfPage":{"@id":"https:\/\/web.consaguirre.com.ar\/noticias\/grababa-en-el-cuarto-de-su-casa-con-un-microfono-prestado-y-hoy-lo-escuchan-en-medio-continente\/#primaryimage"},"image":{"@id":"https:\/\/web.consaguirre.com.ar\/noticias\/grababa-en-el-cuarto-de-su-casa-con-un-microfono-prestado-y-hoy-lo-escuchan-en-medio-continente\/#primaryimage"},"thumbnailUrl":"https:\/\/web.consaguirre.com.ar\/noticias\/wp-content\/uploads\/2026\/09\/grababa-en-el-cuarto-de-su-casa-con-un-microfono-prestado-y-hoy-lo-escuchan-en-medio-continente-7725.jpg","datePublished":"2026-09-05T11:00:00+00:00","dateModified":"2026-09-01T15:31:05+00:00","breadcrumb":{"@id":"https:\/\/web.consaguirre.com.ar\/noticias\/grababa-en-el-cuarto-de-su-casa-con-un-microfono-prestado-y-hoy-lo-escuchan-en-medio-continente\/#breadcrumb"},"inLanguage":"es-AR","potentialAction":[{"@type":"ReadAction","target":["https:\/\/web.consaguirre.com.ar\/noticias\/grababa-en-el-cuarto-de-su-casa-con-un-microfono-prestado-y-hoy-lo-escuchan-en-medio-continente\/"]}]},{"@type":"ImageObject","inLanguage":"es-AR","@id":"https:\/\/web.consaguirre.com.ar\/noticias\/grababa-en-el-cuarto-de-su-casa-con-un-microfono-prestado-y-hoy-lo-escuchan-en-medio-continente\/#primaryimage","url":"https:\/\/web.consaguirre.com.ar\/noticias\/wp-content\/uploads\/2026\/09\/grababa-en-el-cuarto-de-su-casa-con-un-microfono-prestado-y-hoy-lo-escuchan-en-medio-continente-7725.jpg","contentUrl":"https:\/\/web.consaguirre.com.ar\/noticias\/wp-content\/uploads\/2026\/09\/grababa-en-el-cuarto-de-su-casa-con-un-microfono-prestado-y-hoy-lo-escuchan-en-medio-continente-7725.jpg","width":1536,"height":864,"caption":"Grababa en el cuarto de su casa con un micr\u00f3fono prestado y hoy lo escuchan en medio continente"},{"@type":"BreadcrumbList","@id":"https:\/\/web.consaguirre.com.ar\/noticias\/grababa-en-el-cuarto-de-su-casa-con-un-microfono-prestado-y-hoy-lo-escuchan-en-medio-continente\/#breadcrumb","itemListElement":[{"@type":"ListItem","position":1,"name":"Inicio","item":"https:\/\/web.consaguirre.com.ar\/noticias\/"},{"@type":"ListItem","position":2,"name":"Grababa en el cuarto de su casa con un micr\u00f3fono prestado y hoy lo escuchan en medio continente"}]},{"@type":"WebSite","@id":"https:\/\/web.consaguirre.com.ar\/noticias\/#website","url":"https:\/\/web.consaguirre.com.ar\/noticias\/","name":"Conservatorio de M\u00fasica Juli\u00e1n Aguirre","description":"","publisher":{"@id":"https:\/\/web.consaguirre.com.ar\/noticias\/#organization"},"potentialAction":[{"@type":"SearchAction","target":{"@type":"EntryPoint","urlTemplate":"https:\/\/web.consaguirre.com.ar\/noticias\/?s={search_term_string}"},"query-input":"required name=search_term_string"}],"inLanguage":"es-AR"},{"@type":"Organization","@id":"https:\/\/web.consaguirre.com.ar\/noticias\/#organization","name":"Conservatorio de M\u00fasica Juli\u00e1n Aguirre","url":"https:\/\/web.consaguirre.com.ar\/noticias\/","logo":{"@type":"ImageObject","inLanguage":"es-AR","@id":"https:\/\/web.consaguirre.com.ar\/noticias\/#\/schema\/logo\/image\/","url":"https:\/\/web.consaguirre.com.ar\/noticias\/wp-content\/uploads\/2024\/08\/Banner-Aguirre-23.jpg","contentUrl":"https:\/\/web.consaguirre.com.ar\/noticias\/wp-content\/uploads\/2024\/08\/Banner-Aguirre-23.jpg","width":1192,"height":600,"caption":"Conservatorio de M\u00fasica Juli\u00e1n Aguirre"},"image":{"@id":"https:\/\/web.consaguirre.com.ar\/noticias\/#\/schema\/logo\/image\/"}},{"@type":"Person","@id":"https:\/\/web.consaguirre.com.ar\/noticias\/#\/schema\/person\/6558b0cfedee7ddc5425602b237d5722","name":"Javier Figueroa","image":{"@type":"ImageObject","inLanguage":"es-AR","@id":"https:\/\/web.consaguirre.com.ar\/noticias\/#\/schema\/person\/image\/","url":"https:\/\/web.consaguirre.com.ar\/noticias\/wp-content\/uploads\/2024\/08\/Consaguirre-scaled.jpg","contentUrl":"https:\/\/web.consaguirre.com.ar\/noticias\/wp-content\/uploads\/2024\/08\/Consaguirre-scaled.jpg","caption":"Javier Figueroa"},"description":"Me llamo Javier Figueroa y soy redactor para el sitio oficial del Conservatorio de M\u00fasica Juli\u00e1n Aguirre en Buenos Aires, consaguirre.com. Apasionado por la m\u00fasica y la escritura, me esfuerzo por destacar los talentos y eventos de nuestra prestigiosa instituci\u00f3n. Mi trayectoria se nutre de una profunda admiraci\u00f3n por los artistas, haciendo de cada art\u00edculo una celebraci\u00f3n de la creatividad y la cultura musical.","sameAs":["https:\/\/web.consaguirre.com.ar\/noticias"]}]}},"_links":{"self":[{"href":"https:\/\/web.consaguirre.com.ar\/noticias\/wp-json\/wp\/v2\/posts\/7725"}],"collection":[{"href":"https:\/\/web.consaguirre.com.ar\/noticias\/wp-json\/wp\/v2\/posts"}],"about":[{"href":"https:\/\/web.consaguirre.com.ar\/noticias\/wp-json\/wp\/v2\/types\/post"}],"author":[{"embeddable":true,"href":"https:\/\/web.consaguirre.com.ar\/noticias\/wp-json\/wp\/v2\/users\/1"}],"replies":[{"embeddable":true,"href":"https:\/\/web.consaguirre.com.ar\/noticias\/wp-json\/wp\/v2\/comments?post=7725"}],"version-history":[{"count":1,"href":"https:\/\/web.consaguirre.com.ar\/noticias\/wp-json\/wp\/v2\/posts\/7725\/revisions"}],"predecessor-version":[{"id":7738,"href":"https:\/\/web.consaguirre.com.ar\/noticias\/wp-json\/wp\/v2\/posts\/7725\/revisions\/7738"}],"wp:featuredmedia":[{"embeddable":true,"href":"https:\/\/web.consaguirre.com.ar\/noticias\/wp-json\/wp\/v2\/media\/7752"}],"wp:attachment":[{"href":"https:\/\/web.consaguirre.com.ar\/noticias\/wp-json\/wp\/v2\/media?parent=7725"}],"wp:term":[{"taxonomy":"category","embeddable":true,"href":"https:\/\/web.consaguirre.com.ar\/noticias\/wp-json\/wp\/v2\/categories?post=7725"},{"taxonomy":"post_tag","embeddable":true,"href":"https:\/\/web.consaguirre.com.ar\/noticias\/wp-json\/wp\/v2\/tags?post=7725"}],"curies":[{"name":"wp","href":"https:\/\/api.w.org\/{rel}","templated":true}]}}