{"id":7723,"date":"2026-09-04T08:00:00","date_gmt":"2026-09-04T11:00:00","guid":{"rendered":"https:\/\/web.consaguirre.com.ar\/noticias\/?p=7723"},"modified":"2026-09-01T12:31:05","modified_gmt":"2026-09-01T15:31:05","slug":"durante-decadas-nadie-supo-quien-habia-grabado-esta-cancion-que-sonaba-en-todas-las-radios","status":"publish","type":"post","link":"https:\/\/web.consaguirre.com.ar\/noticias\/durante-decadas-nadie-supo-quien-habia-grabado-esta-cancion-que-sonaba-en-todas-las-radios\/","title":{"rendered":"Durante d\u00e9cadas nadie supo qui\u00e9n hab\u00eda grabado esta canci\u00f3n que sonaba en todas las radios"},"content":{"rendered":"<p>Hab\u00eda una <strong>canci\u00f3n<\/strong> que se col\u00f3 en la <strong>memoria<\/strong> colectiva como una brisa pegajosa de verano. Sonaba en <strong>autobuses<\/strong>, en tiendas de <strong>discos<\/strong>, en bodas, en radios de <strong>pueblo<\/strong> y de ciudad. Nadie sab\u00eda bien de <strong>qui\u00e9n<\/strong> era, pero todos tarareaban su <strong>estribillo<\/strong>.<\/p>\n<p><\/p>\n<p>Con el paso de los <strong>a\u00f1os<\/strong>, esa melod\u00eda se volvi\u00f3 un <strong>fantasma<\/strong> el\u00e9ctrico: presente en todos lados, pero sin <strong>rostro<\/strong>. Los locutores evitaban decir el <strong>artista<\/strong>, o improvisaban <strong>alias<\/strong> que cambiaban de estaci\u00f3n en <strong>estaci\u00f3n<\/strong>. Era como una broma privada del <strong>aire<\/strong>, repetida hasta el <strong>cansancio<\/strong>.<\/p>\n<p><\/p>\n<p>Y, sin embargo, debajo del rumor hab\u00eda una <strong>persona<\/strong> de carne y <strong>voz<\/strong>, un estudio con <strong>luces<\/strong> encendidas, un micr\u00f3fono con <strong>huellas<\/strong>. Nadie pod\u00eda <strong>nombrarla<\/strong>, pero la historia insist\u00eda en <strong>existir<\/strong>.<\/p>\n<p><\/p>\n<h2>La melod\u00eda ubicua y sin firma<\/h2>\n<p><\/p>\n<p>La pieza ten\u00eda una <strong>bater\u00eda<\/strong> seca, un bajo que <strong>respiraba<\/strong> cerca del pecho, y un acorde <strong>menor<\/strong> que parec\u00eda abrir una <strong>ventana<\/strong>. Su letra mezclaba <strong>nostalgia<\/strong> y esperanza con una <strong>ingenuidad<\/strong> luminosa. Era pop, s\u00ed, pero con un <strong>nudo<\/strong> en la garganta que la hac\u00eda <strong>distinta<\/strong>.<\/p>\n<p><\/p>\n<p>En los noventa, la <strong>rotaci\u00f3n<\/strong> radial era un oc\u00e9ano sin <strong>mapas<\/strong>. Cintas <strong>promocionales<\/strong> pasaban de mano en <strong>mano<\/strong>, y los sellos peque\u00f1os <strong>probaban<\/strong> suerte con vinilos sin <strong>cr\u00e9ditos<\/strong>. Cuando la canci\u00f3n empez\u00f3 a <strong>sonar<\/strong>, nadie imagin\u00f3 que su <strong>firma<\/strong> se perder\u00eda entre pruebas de <strong>prensa<\/strong> y listas mal <strong>copiadas<\/strong>.<\/p>\n<p><\/p>\n<p>\u201cRecuerdo ponerla tres veces <strong>seguidas<\/strong> una madrugada porque la <strong>gente<\/strong> no dejaba de llamar\u201d, dec\u00eda un <strong>locutor<\/strong>, ya jubilado, con una risa <strong>culpable<\/strong>. \u201cLa ten\u00edamos marcada como \u2018Tema <strong>3<\/strong>\u2019 en una cinta sin <strong>etiqueta<\/strong>\u201d.<\/p>\n<p><\/p>\n<h2>Pistas sueltas, nombres falsos<\/h2>\n<p><\/p>\n<p>Hubo quien dijo que era de una <strong>banda<\/strong> sueca de nombre <strong>inventado<\/strong>. Otros juraban que era una <strong>maqueta<\/strong> de un cantante <strong>brit\u00e1nico<\/strong> que jam\u00e1s debut\u00f3. En un foro, alguien aseguraba que el <strong>productor<\/strong> era un vecino de su <strong>prima<\/strong>. Todo sonaba <strong>veros\u00edmil<\/strong>, nada era <strong>cierto<\/strong>.<\/p>\n<p><\/p>\n<p>Las car\u00e1tulas piratas mostraban <strong>rostros<\/strong> gen\u00e9ricos y tipograf\u00edas <strong>baratas<\/strong>. En ellas, la canci\u00f3n aparec\u00eda con <strong>t\u00edtulos<\/strong> cambiantes: a veces un <strong>ingl\u00e9s<\/strong> torpe, a veces un espa\u00f1ol de <strong>traducci\u00f3n<\/strong> autom\u00e1tica. El anonimato crec\u00eda como una <strong>niebla<\/strong> y, con \u00e9l, cierta <strong>m\u00edstica<\/strong>.<\/p>\n<p><\/p>\n<p>\u201cPara nosotros era \u2018la <strong>peque\u00f1a<\/strong> que nunca falla\u2019\u201d, cont\u00f3 una <strong>programadora<\/strong> musical. \u201cSub\u00eda los picos de <strong>audiencia<\/strong> y salvaba las <strong>tardes<\/strong> lentas. Nadie en la <strong>cabina<\/strong> preguntaba m\u00e1s\u201d.<\/p>\n<p><\/p>\n<h2>La cacer\u00eda digital<\/h2>\n<p><\/p>\n<p>Con la era de <strong>internet<\/strong>, aparecieron los <strong>rastros<\/strong>. Usuarios subieron <strong>fragmentos<\/strong>, compararon <strong>ondas<\/strong> de sonido, rastrearon sellos <strong>fantasma<\/strong>. Se <strong>analizaron<\/strong> bater\u00edas, reverbs, y compresores como si fueran <strong>huellas<\/strong> dactilares. La b\u00fasqueda se volvi\u00f3 una <strong>obsesi\u00f3n<\/strong> compartida.<\/p>\n<p><\/p>\n<p>Un d\u00eda, alguien public\u00f3 una <strong>grabaci\u00f3n<\/strong> en cinta donde un DJ, al <strong>final<\/strong>, murmuraba un nombre apenas <strong>audible<\/strong>. Ese hilo desat\u00f3 una serie de <strong>hip\u00f3tesis<\/strong> que, por primera vez, apuntaban a un <strong>lugar<\/strong> concreto: un estudio en una ciudad <strong>portuaria<\/strong>, olvidado en un <strong>pol\u00edgono<\/strong>.<\/p>\n<p><\/p>\n<ul><\/p>\n<li>Se cruzaron <strong>cat\u00e1logos<\/strong> de sociedades de <strong>autores<\/strong>, facturas de <strong>prensa<\/strong>, anuncios de <strong>clasificados<\/strong>, y notas en <strong>m\u00e1rgenes<\/strong> de cuadernos hallados en mercados de <strong>pulgas<\/strong>.<\/li>\n<p>\n<\/ul>\n<p><\/p>\n<p>\u201cInternet hizo lo que las <strong>radios<\/strong> no pudieron: dar <strong>memoria<\/strong> a lo que qued\u00f3 en el <strong>aire<\/strong>\u201d, escribi\u00f3 un usuario an\u00f3nimo, con una mezcla de <strong>orgullo<\/strong> y alivio <strong>tard\u00edo<\/strong>.<\/p>\n<p><\/p>\n<h2>La verdad sale del armario del estudio<\/h2>\n<p><\/p>\n<p>El hallazgo lleg\u00f3 por un <strong>detalle<\/strong>: una libreta con <strong>taras<\/strong> de caf\u00e9, rescatada de una mudanza en un <strong>estudio<\/strong> clausurado. Entre apuntes de <strong>sesiones<\/strong>, apareci\u00f3 un nombre subrayado dos <strong>veces<\/strong> y un n\u00famero de <strong>tel\u00e9fono<\/strong> antiguo. Se llamaba <strong>Mariela<\/strong>, y hab\u00eda sido <strong>corista<\/strong> en grabaciones de jingles y anuncios <strong>locales<\/strong>.<\/p>\n<p><\/p>\n<p>La llamaron con <strong>cautela<\/strong>, sin prometer <strong>nada<\/strong>. Ella, al principio, dud\u00f3: \u201cPens\u00e9 que era una <strong>broma<\/strong>\u201d, dijo. Luego, al o\u00edr la <strong>canci\u00f3n<\/strong>, su <strong>silencio<\/strong> fue la confirmaci\u00f3n m\u00e1s <strong>clara<\/strong>. \u201cS\u00ed, soy yo. La grabamos en una <strong>tarde<\/strong>, con un productor que me pidi\u00f3 \u2018una <strong>sonrisa<\/strong> en la voz\u2019\u201d.<\/p>\n<p><\/p>\n<p>La sesi\u00f3n, cont\u00f3 <strong>Mariela<\/strong>, hab\u00eda sido pagada en <strong>efectivo<\/strong>, sin contrato ni <strong>cr\u00e9ditos<\/strong>. El productor, obsesionado con un <strong>sonido<\/strong> \u201csin due\u00f1o\u201d, prens\u00f3 unos pocos <strong>singles<\/strong> de prueba que reparti\u00f3 a <strong>emisoras<\/strong>. La canci\u00f3n <strong>despeg\u00f3<\/strong>, pero el sello se <strong>hundi\u00f3<\/strong> entre deudas y el <strong>rastro<\/strong> legal se evapor\u00f3 con los cambios de <strong>propietario<\/strong>.<\/p>\n<p><\/p>\n<h2>Eco y reparaci\u00f3n<\/h2>\n<p><\/p>\n<p>Con el <strong>nombre<\/strong> por fin atado a la <strong>voz<\/strong>, llegaron preguntas m\u00e1s <strong>dif\u00edciles<\/strong>: derechos, <strong>regal\u00edas<\/strong>, y el lugar que la <strong>historia<\/strong> reserva a quienes cantan sin <strong>firma<\/strong>. Un peque\u00f1o equipo de <strong>abogados<\/strong> y activistas culturales ayud\u00f3 a <strong>reconstruir<\/strong> la cadena de <strong>titularidad<\/strong>. No fue r\u00e1pido ni <strong>limpio<\/strong>, pero abri\u00f3 una ventana de <strong>justicia<\/strong>.<\/p>\n<p><\/p>\n<p>Mariela no busc\u00f3 la <strong>epopeya<\/strong>. Sigui\u00f3 cantando en <strong>iglesias<\/strong>, en bares con <strong>luz<\/strong> amarilla, en fiestas de <strong>barrio<\/strong>. \u201cLo \u00fanico que quer\u00eda era que mi <strong>madre<\/strong> supiera que esa <strong>voz<\/strong> era la m\u00eda\u201d, confes\u00f3, con un hilo de <strong>orgullo<\/strong> que no ped\u00eda <strong>perd\u00f3n<\/strong>.<\/p>\n<p><\/p>\n<p>La canci\u00f3n volvi\u00f3 a las <strong>plataformas<\/strong>, esta vez con su <strong>nombre<\/strong>. Nuevas generaciones la <strong>descubrieron<\/strong> sin la sombra del <strong>misterio<\/strong>, y los viejos oyentes se reencontraron con un pedazo de su <strong>juventud<\/strong>. En los cr\u00e9ditos, tres palabras brillan como una <strong>restituci\u00f3n<\/strong> m\u00ednima: Voz \u2014 <strong>Mariela<\/strong> R.<\/p>\n<p><\/p>\n<p>Quiz\u00e1 esa sea la verdadera <strong>moraleja<\/strong>: la m\u00fasica viaja m\u00e1s <strong>lejos<\/strong> que los papeles, pero tarde o <strong>temprano<\/strong> pide su <strong>firma<\/strong>. Y cuando al fin la <strong>obtiene<\/strong>, no borra el mito; lo <strong>asienta<\/strong>, le pone <strong>rostro<\/strong>, y nos recuerda que detr\u00e1s de cada \u00e9xito sin <strong>apellido<\/strong> hay una <strong>garganta<\/strong> que un d\u00eda se atrevi\u00f3 a <strong>cantar<\/strong>.<\/p>\n","protected":false},"excerpt":{"rendered":"<p>Hab\u00eda una canci\u00f3n que se col\u00f3 en la memoria colectiva como una brisa pegajosa de verano. Sonaba en autobuses, en tiendas de discos, en bodas,<\/p>\n","protected":false},"author":1,"featured_media":7753,"comment_status":"closed","ping_status":"","sticky":false,"template":"","format":"standard","meta":{"footnotes":""},"categories":[4],"tags":[],"class_list":["post-7723","post","type-post","status-publish","format-standard","has-post-thumbnail","hentry","category-critica","generate-columns","tablet-grid-50","mobile-grid-100","grid-parent","grid-50"],"yoast_head":"<!-- This site is optimized with the Yoast SEO plugin v23.3 - https:\/\/yoast.com\/wordpress\/plugins\/seo\/ -->\n<title>Durante d\u00e9cadas nadie supo qui\u00e9n hab\u00eda grabado esta canci\u00f3n que sonaba en todas las radios<\/title>\n<meta name=\"robots\" content=\"index, follow, max-snippet:-1, max-image-preview:large, max-video-preview:-1\" \/>\n<link rel=\"canonical\" href=\"https:\/\/web.consaguirre.com.ar\/noticias\/durante-decadas-nadie-supo-quien-habia-grabado-esta-cancion-que-sonaba-en-todas-las-radios\/\" \/>\n<meta property=\"og:locale\" content=\"es_ES\" \/>\n<meta property=\"og:type\" content=\"article\" \/>\n<meta property=\"og:title\" content=\"Durante d\u00e9cadas nadie supo qui\u00e9n hab\u00eda grabado esta canci\u00f3n que sonaba en todas las radios\" \/>\n<meta property=\"og:description\" content=\"Hab\u00eda una canci\u00f3n que se col\u00f3 en la memoria colectiva como una brisa pegajosa de verano. Sonaba en autobuses, en tiendas de discos, en bodas,\" \/>\n<meta property=\"og:url\" content=\"https:\/\/web.consaguirre.com.ar\/noticias\/durante-decadas-nadie-supo-quien-habia-grabado-esta-cancion-que-sonaba-en-todas-las-radios\/\" \/>\n<meta property=\"og:site_name\" content=\"Conservatorio de M\u00fasica Juli\u00e1n Aguirre\" \/>\n<meta property=\"article:published_time\" content=\"2026-09-04T11:00:00+00:00\" \/>\n<meta property=\"article:modified_time\" content=\"2026-09-01T15:31:05+00:00\" \/>\n<meta property=\"og:image\" content=\"https:\/\/web.consaguirre.com.ar\/noticias\/wp-content\/uploads\/2026\/09\/durante-decadas-nadie-supo-quien-habia-grabado-esta-cancion-que-sonaba-en-todas-las-radios-7723.jpg\" \/>\n\t<meta property=\"og:image:width\" content=\"1536\" \/>\n\t<meta property=\"og:image:height\" content=\"864\" \/>\n\t<meta property=\"og:image:type\" content=\"image\/jpeg\" \/>\n<meta name=\"author\" content=\"Javier Figueroa\" \/>\n<meta name=\"twitter:card\" content=\"summary_large_image\" \/>\n<meta name=\"twitter:label1\" content=\"Escrito por\" \/>\n\t<meta name=\"twitter:data1\" content=\"Javier Figueroa\" \/>\n\t<meta name=\"twitter:label2\" content=\"Tiempo de lectura\" \/>\n\t<meta name=\"twitter:data2\" content=\"5 minutos\" \/>\n<script type=\"application\/ld+json\" class=\"yoast-schema-graph\">{\"@context\":\"https:\/\/schema.org\",\"@graph\":[{\"@type\":\"Article\",\"@id\":\"https:\/\/web.consaguirre.com.ar\/noticias\/durante-decadas-nadie-supo-quien-habia-grabado-esta-cancion-que-sonaba-en-todas-las-radios\/#article\",\"isPartOf\":{\"@id\":\"https:\/\/web.consaguirre.com.ar\/noticias\/durante-decadas-nadie-supo-quien-habia-grabado-esta-cancion-que-sonaba-en-todas-las-radios\/\"},\"author\":{\"name\":\"Javier Figueroa\",\"@id\":\"https:\/\/web.consaguirre.com.ar\/noticias\/#\/schema\/person\/6558b0cfedee7ddc5425602b237d5722\"},\"headline\":\"Durante d\u00e9cadas nadie supo qui\u00e9n hab\u00eda grabado esta canci\u00f3n que sonaba en todas las radios\",\"datePublished\":\"2026-09-04T11:00:00+00:00\",\"dateModified\":\"2026-09-01T15:31:05+00:00\",\"mainEntityOfPage\":{\"@id\":\"https:\/\/web.consaguirre.com.ar\/noticias\/durante-decadas-nadie-supo-quien-habia-grabado-esta-cancion-que-sonaba-en-todas-las-radios\/\"},\"wordCount\":969,\"publisher\":{\"@id\":\"https:\/\/web.consaguirre.com.ar\/noticias\/#organization\"},\"image\":{\"@id\":\"https:\/\/web.consaguirre.com.ar\/noticias\/durante-decadas-nadie-supo-quien-habia-grabado-esta-cancion-que-sonaba-en-todas-las-radios\/#primaryimage\"},\"thumbnailUrl\":\"https:\/\/web.consaguirre.com.ar\/noticias\/wp-content\/uploads\/2026\/09\/durante-decadas-nadie-supo-quien-habia-grabado-esta-cancion-que-sonaba-en-todas-las-radios-7723.jpg\",\"articleSection\":[\"Cr\u00edtica\"],\"inLanguage\":\"es-AR\"},{\"@type\":\"WebPage\",\"@id\":\"https:\/\/web.consaguirre.com.ar\/noticias\/durante-decadas-nadie-supo-quien-habia-grabado-esta-cancion-que-sonaba-en-todas-las-radios\/\",\"url\":\"https:\/\/web.consaguirre.com.ar\/noticias\/durante-decadas-nadie-supo-quien-habia-grabado-esta-cancion-que-sonaba-en-todas-las-radios\/\",\"name\":\"Durante d\u00e9cadas nadie supo qui\u00e9n hab\u00eda grabado esta canci\u00f3n que sonaba en todas las radios\",\"isPartOf\":{\"@id\":\"https:\/\/web.consaguirre.com.ar\/noticias\/#website\"},\"primaryImageOfPage\":{\"@id\":\"https:\/\/web.consaguirre.com.ar\/noticias\/durante-decadas-nadie-supo-quien-habia-grabado-esta-cancion-que-sonaba-en-todas-las-radios\/#primaryimage\"},\"image\":{\"@id\":\"https:\/\/web.consaguirre.com.ar\/noticias\/durante-decadas-nadie-supo-quien-habia-grabado-esta-cancion-que-sonaba-en-todas-las-radios\/#primaryimage\"},\"thumbnailUrl\":\"https:\/\/web.consaguirre.com.ar\/noticias\/wp-content\/uploads\/2026\/09\/durante-decadas-nadie-supo-quien-habia-grabado-esta-cancion-que-sonaba-en-todas-las-radios-7723.jpg\",\"datePublished\":\"2026-09-04T11:00:00+00:00\",\"dateModified\":\"2026-09-01T15:31:05+00:00\",\"breadcrumb\":{\"@id\":\"https:\/\/web.consaguirre.com.ar\/noticias\/durante-decadas-nadie-supo-quien-habia-grabado-esta-cancion-que-sonaba-en-todas-las-radios\/#breadcrumb\"},\"inLanguage\":\"es-AR\",\"potentialAction\":[{\"@type\":\"ReadAction\",\"target\":[\"https:\/\/web.consaguirre.com.ar\/noticias\/durante-decadas-nadie-supo-quien-habia-grabado-esta-cancion-que-sonaba-en-todas-las-radios\/\"]}]},{\"@type\":\"ImageObject\",\"inLanguage\":\"es-AR\",\"@id\":\"https:\/\/web.consaguirre.com.ar\/noticias\/durante-decadas-nadie-supo-quien-habia-grabado-esta-cancion-que-sonaba-en-todas-las-radios\/#primaryimage\",\"url\":\"https:\/\/web.consaguirre.com.ar\/noticias\/wp-content\/uploads\/2026\/09\/durante-decadas-nadie-supo-quien-habia-grabado-esta-cancion-que-sonaba-en-todas-las-radios-7723.jpg\",\"contentUrl\":\"https:\/\/web.consaguirre.com.ar\/noticias\/wp-content\/uploads\/2026\/09\/durante-decadas-nadie-supo-quien-habia-grabado-esta-cancion-que-sonaba-en-todas-las-radios-7723.jpg\",\"width\":1536,\"height\":864,\"caption\":\"Durante d\u00e9cadas nadie supo qui\u00e9n hab\u00eda grabado esta canci\u00f3n que sonaba en todas las radios\"},{\"@type\":\"BreadcrumbList\",\"@id\":\"https:\/\/web.consaguirre.com.ar\/noticias\/durante-decadas-nadie-supo-quien-habia-grabado-esta-cancion-que-sonaba-en-todas-las-radios\/#breadcrumb\",\"itemListElement\":[{\"@type\":\"ListItem\",\"position\":1,\"name\":\"Inicio\",\"item\":\"https:\/\/web.consaguirre.com.ar\/noticias\/\"},{\"@type\":\"ListItem\",\"position\":2,\"name\":\"Durante d\u00e9cadas nadie supo qui\u00e9n hab\u00eda grabado esta canci\u00f3n que sonaba en todas las radios\"}]},{\"@type\":\"WebSite\",\"@id\":\"https:\/\/web.consaguirre.com.ar\/noticias\/#website\",\"url\":\"https:\/\/web.consaguirre.com.ar\/noticias\/\",\"name\":\"Conservatorio de M\u00fasica Juli\u00e1n Aguirre\",\"description\":\"\",\"publisher\":{\"@id\":\"https:\/\/web.consaguirre.com.ar\/noticias\/#organization\"},\"potentialAction\":[{\"@type\":\"SearchAction\",\"target\":{\"@type\":\"EntryPoint\",\"urlTemplate\":\"https:\/\/web.consaguirre.com.ar\/noticias\/?s={search_term_string}\"},\"query-input\":\"required name=search_term_string\"}],\"inLanguage\":\"es-AR\"},{\"@type\":\"Organization\",\"@id\":\"https:\/\/web.consaguirre.com.ar\/noticias\/#organization\",\"name\":\"Conservatorio de M\u00fasica Juli\u00e1n Aguirre\",\"url\":\"https:\/\/web.consaguirre.com.ar\/noticias\/\",\"logo\":{\"@type\":\"ImageObject\",\"inLanguage\":\"es-AR\",\"@id\":\"https:\/\/web.consaguirre.com.ar\/noticias\/#\/schema\/logo\/image\/\",\"url\":\"https:\/\/web.consaguirre.com.ar\/noticias\/wp-content\/uploads\/2024\/08\/Banner-Aguirre-23.jpg\",\"contentUrl\":\"https:\/\/web.consaguirre.com.ar\/noticias\/wp-content\/uploads\/2024\/08\/Banner-Aguirre-23.jpg\",\"width\":1192,\"height\":600,\"caption\":\"Conservatorio de M\u00fasica Juli\u00e1n Aguirre\"},\"image\":{\"@id\":\"https:\/\/web.consaguirre.com.ar\/noticias\/#\/schema\/logo\/image\/\"}},{\"@type\":\"Person\",\"@id\":\"https:\/\/web.consaguirre.com.ar\/noticias\/#\/schema\/person\/6558b0cfedee7ddc5425602b237d5722\",\"name\":\"Javier Figueroa\",\"image\":{\"@type\":\"ImageObject\",\"inLanguage\":\"es-AR\",\"@id\":\"https:\/\/web.consaguirre.com.ar\/noticias\/#\/schema\/person\/image\/\",\"url\":\"https:\/\/web.consaguirre.com.ar\/noticias\/wp-content\/uploads\/2024\/08\/Consaguirre-scaled.jpg\",\"contentUrl\":\"https:\/\/web.consaguirre.com.ar\/noticias\/wp-content\/uploads\/2024\/08\/Consaguirre-scaled.jpg\",\"caption\":\"Javier Figueroa\"},\"description\":\"Me llamo Javier Figueroa y soy redactor para el sitio oficial del Conservatorio de M\u00fasica Juli\u00e1n Aguirre en Buenos Aires, consaguirre.com. Apasionado por la m\u00fasica y la escritura, me esfuerzo por destacar los talentos y eventos de nuestra prestigiosa instituci\u00f3n. Mi trayectoria se nutre de una profunda admiraci\u00f3n por los artistas, haciendo de cada art\u00edculo una celebraci\u00f3n de la creatividad y la cultura musical.\",\"sameAs\":[\"https:\/\/web.consaguirre.com.ar\/noticias\"]}]}<\/script>\n<!-- \/ Yoast SEO plugin. -->","yoast_head_json":{"title":"Durante d\u00e9cadas nadie supo qui\u00e9n hab\u00eda grabado esta canci\u00f3n que sonaba en todas las radios","robots":{"index":"index","follow":"follow","max-snippet":"max-snippet:-1","max-image-preview":"max-image-preview:large","max-video-preview":"max-video-preview:-1"},"canonical":"https:\/\/web.consaguirre.com.ar\/noticias\/durante-decadas-nadie-supo-quien-habia-grabado-esta-cancion-que-sonaba-en-todas-las-radios\/","og_locale":"es_ES","og_type":"article","og_title":"Durante d\u00e9cadas nadie supo qui\u00e9n hab\u00eda grabado esta canci\u00f3n que sonaba en todas las radios","og_description":"Hab\u00eda una canci\u00f3n que se col\u00f3 en la memoria colectiva como una brisa pegajosa de verano. Sonaba en autobuses, en tiendas de discos, en bodas,","og_url":"https:\/\/web.consaguirre.com.ar\/noticias\/durante-decadas-nadie-supo-quien-habia-grabado-esta-cancion-que-sonaba-en-todas-las-radios\/","og_site_name":"Conservatorio de M\u00fasica Juli\u00e1n Aguirre","article_published_time":"2026-09-04T11:00:00+00:00","article_modified_time":"2026-09-01T15:31:05+00:00","og_image":[{"width":1536,"height":864,"url":"https:\/\/web.consaguirre.com.ar\/noticias\/wp-content\/uploads\/2026\/09\/durante-decadas-nadie-supo-quien-habia-grabado-esta-cancion-que-sonaba-en-todas-las-radios-7723.jpg","type":"image\/jpeg"}],"author":"Javier Figueroa","twitter_card":"summary_large_image","twitter_misc":{"Escrito por":"Javier Figueroa","Tiempo de lectura":"5 minutos"},"schema":{"@context":"https:\/\/schema.org","@graph":[{"@type":"Article","@id":"https:\/\/web.consaguirre.com.ar\/noticias\/durante-decadas-nadie-supo-quien-habia-grabado-esta-cancion-que-sonaba-en-todas-las-radios\/#article","isPartOf":{"@id":"https:\/\/web.consaguirre.com.ar\/noticias\/durante-decadas-nadie-supo-quien-habia-grabado-esta-cancion-que-sonaba-en-todas-las-radios\/"},"author":{"name":"Javier Figueroa","@id":"https:\/\/web.consaguirre.com.ar\/noticias\/#\/schema\/person\/6558b0cfedee7ddc5425602b237d5722"},"headline":"Durante d\u00e9cadas nadie supo qui\u00e9n hab\u00eda grabado esta canci\u00f3n que sonaba en todas las radios","datePublished":"2026-09-04T11:00:00+00:00","dateModified":"2026-09-01T15:31:05+00:00","mainEntityOfPage":{"@id":"https:\/\/web.consaguirre.com.ar\/noticias\/durante-decadas-nadie-supo-quien-habia-grabado-esta-cancion-que-sonaba-en-todas-las-radios\/"},"wordCount":969,"publisher":{"@id":"https:\/\/web.consaguirre.com.ar\/noticias\/#organization"},"image":{"@id":"https:\/\/web.consaguirre.com.ar\/noticias\/durante-decadas-nadie-supo-quien-habia-grabado-esta-cancion-que-sonaba-en-todas-las-radios\/#primaryimage"},"thumbnailUrl":"https:\/\/web.consaguirre.com.ar\/noticias\/wp-content\/uploads\/2026\/09\/durante-decadas-nadie-supo-quien-habia-grabado-esta-cancion-que-sonaba-en-todas-las-radios-7723.jpg","articleSection":["Cr\u00edtica"],"inLanguage":"es-AR"},{"@type":"WebPage","@id":"https:\/\/web.consaguirre.com.ar\/noticias\/durante-decadas-nadie-supo-quien-habia-grabado-esta-cancion-que-sonaba-en-todas-las-radios\/","url":"https:\/\/web.consaguirre.com.ar\/noticias\/durante-decadas-nadie-supo-quien-habia-grabado-esta-cancion-que-sonaba-en-todas-las-radios\/","name":"Durante d\u00e9cadas nadie supo qui\u00e9n hab\u00eda grabado esta canci\u00f3n que sonaba en todas las radios","isPartOf":{"@id":"https:\/\/web.consaguirre.com.ar\/noticias\/#website"},"primaryImageOfPage":{"@id":"https:\/\/web.consaguirre.com.ar\/noticias\/durante-decadas-nadie-supo-quien-habia-grabado-esta-cancion-que-sonaba-en-todas-las-radios\/#primaryimage"},"image":{"@id":"https:\/\/web.consaguirre.com.ar\/noticias\/durante-decadas-nadie-supo-quien-habia-grabado-esta-cancion-que-sonaba-en-todas-las-radios\/#primaryimage"},"thumbnailUrl":"https:\/\/web.consaguirre.com.ar\/noticias\/wp-content\/uploads\/2026\/09\/durante-decadas-nadie-supo-quien-habia-grabado-esta-cancion-que-sonaba-en-todas-las-radios-7723.jpg","datePublished":"2026-09-04T11:00:00+00:00","dateModified":"2026-09-01T15:31:05+00:00","breadcrumb":{"@id":"https:\/\/web.consaguirre.com.ar\/noticias\/durante-decadas-nadie-supo-quien-habia-grabado-esta-cancion-que-sonaba-en-todas-las-radios\/#breadcrumb"},"inLanguage":"es-AR","potentialAction":[{"@type":"ReadAction","target":["https:\/\/web.consaguirre.com.ar\/noticias\/durante-decadas-nadie-supo-quien-habia-grabado-esta-cancion-que-sonaba-en-todas-las-radios\/"]}]},{"@type":"ImageObject","inLanguage":"es-AR","@id":"https:\/\/web.consaguirre.com.ar\/noticias\/durante-decadas-nadie-supo-quien-habia-grabado-esta-cancion-que-sonaba-en-todas-las-radios\/#primaryimage","url":"https:\/\/web.consaguirre.com.ar\/noticias\/wp-content\/uploads\/2026\/09\/durante-decadas-nadie-supo-quien-habia-grabado-esta-cancion-que-sonaba-en-todas-las-radios-7723.jpg","contentUrl":"https:\/\/web.consaguirre.com.ar\/noticias\/wp-content\/uploads\/2026\/09\/durante-decadas-nadie-supo-quien-habia-grabado-esta-cancion-que-sonaba-en-todas-las-radios-7723.jpg","width":1536,"height":864,"caption":"Durante d\u00e9cadas nadie supo qui\u00e9n hab\u00eda grabado esta canci\u00f3n que sonaba en todas las radios"},{"@type":"BreadcrumbList","@id":"https:\/\/web.consaguirre.com.ar\/noticias\/durante-decadas-nadie-supo-quien-habia-grabado-esta-cancion-que-sonaba-en-todas-las-radios\/#breadcrumb","itemListElement":[{"@type":"ListItem","position":1,"name":"Inicio","item":"https:\/\/web.consaguirre.com.ar\/noticias\/"},{"@type":"ListItem","position":2,"name":"Durante d\u00e9cadas nadie supo qui\u00e9n hab\u00eda grabado esta canci\u00f3n que sonaba en todas las radios"}]},{"@type":"WebSite","@id":"https:\/\/web.consaguirre.com.ar\/noticias\/#website","url":"https:\/\/web.consaguirre.com.ar\/noticias\/","name":"Conservatorio de M\u00fasica Juli\u00e1n Aguirre","description":"","publisher":{"@id":"https:\/\/web.consaguirre.com.ar\/noticias\/#organization"},"potentialAction":[{"@type":"SearchAction","target":{"@type":"EntryPoint","urlTemplate":"https:\/\/web.consaguirre.com.ar\/noticias\/?s={search_term_string}"},"query-input":"required name=search_term_string"}],"inLanguage":"es-AR"},{"@type":"Organization","@id":"https:\/\/web.consaguirre.com.ar\/noticias\/#organization","name":"Conservatorio de M\u00fasica Juli\u00e1n Aguirre","url":"https:\/\/web.consaguirre.com.ar\/noticias\/","logo":{"@type":"ImageObject","inLanguage":"es-AR","@id":"https:\/\/web.consaguirre.com.ar\/noticias\/#\/schema\/logo\/image\/","url":"https:\/\/web.consaguirre.com.ar\/noticias\/wp-content\/uploads\/2024\/08\/Banner-Aguirre-23.jpg","contentUrl":"https:\/\/web.consaguirre.com.ar\/noticias\/wp-content\/uploads\/2024\/08\/Banner-Aguirre-23.jpg","width":1192,"height":600,"caption":"Conservatorio de M\u00fasica Juli\u00e1n Aguirre"},"image":{"@id":"https:\/\/web.consaguirre.com.ar\/noticias\/#\/schema\/logo\/image\/"}},{"@type":"Person","@id":"https:\/\/web.consaguirre.com.ar\/noticias\/#\/schema\/person\/6558b0cfedee7ddc5425602b237d5722","name":"Javier Figueroa","image":{"@type":"ImageObject","inLanguage":"es-AR","@id":"https:\/\/web.consaguirre.com.ar\/noticias\/#\/schema\/person\/image\/","url":"https:\/\/web.consaguirre.com.ar\/noticias\/wp-content\/uploads\/2024\/08\/Consaguirre-scaled.jpg","contentUrl":"https:\/\/web.consaguirre.com.ar\/noticias\/wp-content\/uploads\/2024\/08\/Consaguirre-scaled.jpg","caption":"Javier Figueroa"},"description":"Me llamo Javier Figueroa y soy redactor para el sitio oficial del Conservatorio de M\u00fasica Juli\u00e1n Aguirre en Buenos Aires, consaguirre.com. Apasionado por la m\u00fasica y la escritura, me esfuerzo por destacar los talentos y eventos de nuestra prestigiosa instituci\u00f3n. Mi trayectoria se nutre de una profunda admiraci\u00f3n por los artistas, haciendo de cada art\u00edculo una celebraci\u00f3n de la creatividad y la cultura musical.","sameAs":["https:\/\/web.consaguirre.com.ar\/noticias"]}]}},"_links":{"self":[{"href":"https:\/\/web.consaguirre.com.ar\/noticias\/wp-json\/wp\/v2\/posts\/7723"}],"collection":[{"href":"https:\/\/web.consaguirre.com.ar\/noticias\/wp-json\/wp\/v2\/posts"}],"about":[{"href":"https:\/\/web.consaguirre.com.ar\/noticias\/wp-json\/wp\/v2\/types\/post"}],"author":[{"embeddable":true,"href":"https:\/\/web.consaguirre.com.ar\/noticias\/wp-json\/wp\/v2\/users\/1"}],"replies":[{"embeddable":true,"href":"https:\/\/web.consaguirre.com.ar\/noticias\/wp-json\/wp\/v2\/comments?post=7723"}],"version-history":[{"count":1,"href":"https:\/\/web.consaguirre.com.ar\/noticias\/wp-json\/wp\/v2\/posts\/7723\/revisions"}],"predecessor-version":[{"id":7737,"href":"https:\/\/web.consaguirre.com.ar\/noticias\/wp-json\/wp\/v2\/posts\/7723\/revisions\/7737"}],"wp:featuredmedia":[{"embeddable":true,"href":"https:\/\/web.consaguirre.com.ar\/noticias\/wp-json\/wp\/v2\/media\/7753"}],"wp:attachment":[{"href":"https:\/\/web.consaguirre.com.ar\/noticias\/wp-json\/wp\/v2\/media?parent=7723"}],"wp:term":[{"taxonomy":"category","embeddable":true,"href":"https:\/\/web.consaguirre.com.ar\/noticias\/wp-json\/wp\/v2\/categories?post=7723"},{"taxonomy":"post_tag","embeddable":true,"href":"https:\/\/web.consaguirre.com.ar\/noticias\/wp-json\/wp\/v2\/tags?post=7723"}],"curies":[{"name":"wp","href":"https:\/\/api.w.org\/{rel}","templated":true}]}}