{"id":7722,"date":"2026-09-03T08:00:00","date_gmt":"2026-09-03T11:00:00","guid":{"rendered":"https:\/\/web.consaguirre.com.ar\/noticias\/?p=7722"},"modified":"2026-09-01T12:31:05","modified_gmt":"2026-09-01T15:31:05","slug":"compro-una-guitarra-vieja-en-una-feria-y-resulto-haber-pertenecido-a-un-musico-legendario","status":"publish","type":"post","link":"https:\/\/web.consaguirre.com.ar\/noticias\/compro-una-guitarra-vieja-en-una-feria-y-resulto-haber-pertenecido-a-un-musico-legendario\/","title":{"rendered":"Compr\u00f3 una guitarra vieja en una feria y result\u00f3 haber pertenecido a un m\u00fasico legendario"},"content":{"rendered":"<p>Una <strong>ma\u00f1ana<\/strong> tibia, entre puestos de <strong>baratijas<\/strong>, un joven hojeaba vinilos y l\u00e1mparas sin pantalla. No buscaba nada en <strong>particular<\/strong>, solo un respiro de <strong>rutina<\/strong>. Entonces, vio una guitarra con el <strong>barniz<\/strong> cuarteado y un estuche de <strong>piel<\/strong> cansada. Costaba menos que una cena para <strong>dos<\/strong>, y sonaba, a primera <strong>vista<\/strong>, a promesa y polvo.<\/p>\n<p><\/p>\n<p>El vendedor, un hombre de manos <strong>gruesas<\/strong> y ojos pacientes, apenas dijo: \u201cSi te <strong>llama<\/strong>, es tuya\u201d. No hab\u00eda <strong>historia<\/strong>, no hab\u00eda grandes <strong>palabras<\/strong>. Solo cuerdas viejas, una roseta <strong>gastada<\/strong> y un olor a <strong>cedro<\/strong> que emerg\u00eda como un recuerdo teimoso.<\/p>\n<p><\/p>\n<h2>Un hallazgo entre mesas plegables<\/h2>\n<p><\/p>\n<p>El comprador\u2014llam\u00e9mosle <strong>Daniel<\/strong>\u2014no era coleccionista ni <strong>experto<\/strong>. Llevaba semanas con una melod\u00eda <strong>atascada<\/strong>, convencido de que una guitarra distinta le abrir\u00eda la <strong>puerta<\/strong>. \u201cNo iba <strong>busc\u00e1ndola<\/strong>, pero cuando la toqu\u00e9 sent\u00ed una <strong>densidad<\/strong> rara, como si las notas cargaran <strong>a\u00f1os<\/strong>\u201d, dijo despu\u00e9s, todav\u00eda con asombro <strong>t\u00edmido<\/strong>.<\/p>\n<p><\/p>\n<p>En el bolsillo del estuche hab\u00eda un recibo <strong>viejo<\/strong>, fechado d\u00e9cadas atr\u00e1s, y una p\u00faa met\u00e1lica con un <strong>grabado<\/strong> apenas visible. Nada <strong>definitivo<\/strong>, pero suficiente para encender la <strong>curiosidad<\/strong>. Daniel decidi\u00f3 llevarla a un <strong>luthier<\/strong>, de esos que escuchan m\u00e1s de lo que <strong>hablan<\/strong>.<\/p>\n<p><\/p>\n<h2>La pista en el estuche<\/h2>\n<p><\/p>\n<p>El taller ol\u00eda a <strong>goma laca<\/strong> y caf\u00e9 <strong>oscuro<\/strong>. El luthier, con la lupa en el <strong>ojo<\/strong>, recorri\u00f3 cada grieta como si leyera un <strong>mapa<\/strong>. Encontr\u00f3 un sello <strong>parcial<\/strong> en la tapa arm\u00f3nica, unas iniciales <strong>m\u00ednimas<\/strong> junto al bloque inferior y un quemado de <strong>cigarrillo<\/strong> en la zona donde nunca deber\u00eda haber fuego.<\/p>\n<p><\/p>\n<p>\u201cEl <strong>desgaste<\/strong> cuenta historias que las personas <strong>olvidan<\/strong>\u201d, murmur\u00f3. \u201cAqu\u00ed hay <strong>escenario<\/strong>, hay calor de <strong>foco<\/strong>, hay manos que sab\u00edan <strong>mandar<\/strong>\u201d. Daniel sinti\u00f3 que el suelo se aflojaba, como si la guitarra estuviera cont\u00e1ndole un <strong>secreto<\/strong> que no sab\u00eda si quer\u00eda <strong>o\u00edr<\/strong>.<\/p>\n<p><\/p>\n<h2>Voces que confirman<\/h2>\n<p><\/p>\n<p>La noticia corri\u00f3 m\u00e1s <strong>r\u00e1pido<\/strong> que la duda. Un historiador de <strong>m\u00fasica<\/strong> local\u2014prudente y met\u00f3dico\u2014pidi\u00f3 ver la <strong>pieza<\/strong>. Trajo carpetas, recortes de <strong>prensa<\/strong>, fotograf\u00edas con bordes <strong>mordidos<\/strong>. Compar\u00f3 el patr\u00f3n de la <strong>roseta<\/strong>, la huella de un golpe <strong>leve<\/strong> junto al puente y la marca de un <strong>luthier<\/strong> sevillano, casi imposible de <strong>copiar<\/strong>.<\/p>\n<p><\/p>\n<p>\u201cLas coincidencias son <strong>abrumadoras<\/strong>\u201d, dijo. \u201cNo dir\u00e9 el <strong>nombre<\/strong>, porque los nombres son cuchillos en las <strong>manos<\/strong> equivocadas, pero todo se\u00f1ala a un <strong>maestro<\/strong> que cambi\u00f3 la forma de o\u00edr la <strong>madera<\/strong>\u201d. Daniel trag\u00f3 <strong>saliva<\/strong>, entre el v\u00e9rtigo del hallazgo y el peso de una <strong>responsabilidad<\/strong> improvisada.<\/p>\n<p><\/p>\n<h2>Las pruebas que pesaron<\/h2>\n<p><\/p>\n<p>Para ordenar el <strong>torbellino<\/strong>, el grupo arm\u00f3 una lista de <strong>indicios<\/strong>. No hab\u00eda triunfalismo, solo paciente <strong>atenci\u00f3n<\/strong>:<\/p>\n<p><\/p>\n<ul><\/p>\n<li>Sello interno parcialmente <strong>visible<\/strong>, coincidente con un taller de luther\u00eda asociado a giras del maestro en los a\u00f1os <strong>setenta<\/strong>.<\/li>\n<p><\/p>\n<li>P\u00faa met\u00e1lica con grabado <strong>raro<\/strong>, igual a la que aparece en una foto de backstage en un festival <strong>hist\u00f3rico<\/strong>.<\/li>\n<p><\/p>\n<li>Marcas de uso en posiciones poco <strong>comunes<\/strong>, compatibles con la t\u00e9cnica de un guitarrista de <strong>escuela<\/strong> singular.<\/li>\n<p>\n<\/ul>\n<p><\/p>\n<p>\u201cSi todo esto es <strong>azar<\/strong>, es un azar casi <strong>terco<\/strong>\u201d, resumi\u00f3 el <strong>historiador<\/strong>, sin levantar m\u00e1s la <strong>voz<\/strong> de lo necesario.<\/p>\n<p><\/p>\n<h2>La prueba del sonido<\/h2>\n<p><\/p>\n<p>La confirmaci\u00f3n no vino de un <strong>papel<\/strong>, sino del <strong>timbre<\/strong>. Pusieron micr\u00f3fonos discretos, cerraron las <strong>ventanas<\/strong>, y Daniel rasgue\u00f3 un comp\u00e1s que jam\u00e1s hab\u00eda sonado tan <strong>vivo<\/strong>. La madera vibr\u00f3 con un cuerpo <strong>grave<\/strong> y una campana <strong>dulce<\/strong> en los agudos, un equilibrio que no suele encontrarse en guitarras de <strong>mercadillo<\/strong>.<\/p>\n<p><\/p>\n<p>\u201cEl instrumento tiene una <strong>respiraci\u00f3n<\/strong> propia\u201d, dijo el luthier. \u201cSostiene la <strong>nota<\/strong>, luego la suelta con una especie de <strong>melancol\u00eda<\/strong>. Es el rastro de d\u00e9cadas de <strong>escenario<\/strong>\u201d. Daniel, casi en un <strong>susurro<\/strong>, a\u00f1adi\u00f3: \u201cTocar esto impone una <strong>\u00e9tica<\/strong>. Te obliga a estar <strong>presente<\/strong>\u201d.<\/p>\n<p><\/p>\n<h2>El peso de heredar<\/h2>\n<p><\/p>\n<p>\u00bfQu\u00e9 hace alguien com\u00fan con una <strong>reliquia<\/strong>? \u00bfSe sube a un <strong>escenario<\/strong>, la cuelga en una pared, la encierra en una <strong>caja<\/strong>? Daniel pens\u00f3 en venderla, en <strong>asegurarla<\/strong>, en donarla a un <strong>museo<\/strong>. Pero cada idea parec\u00eda perder la <strong>m\u00fasica<\/strong> y ganar procedimiento, como si burocratizar el sonido lo volviera un <strong>mueble<\/strong>.<\/p>\n<p><\/p>\n<p>\u201cLo que m\u00e1s me <strong>asusta<\/strong> es que deje de sonar\u201d, confes\u00f3. \u201cUn instrumento <strong>enmudecido<\/strong> se convierte en un <strong>fantasma<\/strong>\u201d. El historiador propuso un <strong>pacto<\/strong>: cederla temporalmente a una <strong>fundaci\u00f3n<\/strong>, con conciertos \u00edntimos y registro p\u00fablico, para que el pasado siga <strong>respirando<\/strong> en el <strong>presente<\/strong>.<\/p>\n<p><\/p>\n<h2>Memoria en seis cuerdas<\/h2>\n<p><\/p>\n<p>La noticia trajo tambi\u00e9n voces <strong>desconfiadas<\/strong>. \u00bfY si todo era una lectura <strong>excesiva<\/strong> de se\u00f1ales <strong>ambiguas<\/strong>? Las dudas no ofendieron: se integraron al <strong>m\u00e9todo<\/strong>. M\u00e1s ojos, m\u00e1s <strong>documentos<\/strong>, m\u00e1s o\u00eddos. La guitarra soport\u00f3 cada <strong>prueba<\/strong> sin perder su secreto, como esos relatos que no se dejan reducir a una sola <strong>oraci\u00f3n<\/strong>.<\/p>\n<p><\/p>\n<p>\u201cTal vez el verdadero <strong>milagro<\/strong> no sea el <strong>nombre<\/strong> detr\u00e1s, sino la manera en que nos re\u00fane alrededor de un <strong>sonido<\/strong>\u201d, dijo el luthier, cerrando el estuche con un gesto casi <strong>ritual<\/strong>. Daniel asinti\u00f3, con una mezcla de orgullo <strong>callado<\/strong> y una extra\u00f1a forma de <strong>gratitud<\/strong>.<\/p>\n<p><\/p>\n<p>Esa noche, en su <strong>sala<\/strong>, Daniel toc\u00f3 hasta que el <strong>silencio<\/strong> fue m\u00e1s elocuente que cualquier <strong>nota<\/strong>. La guitarra no promet\u00eda <strong>gloria<\/strong>, pero ofrec\u00eda un puente hacia algo <strong>antiguo<\/strong> y a la vez completamente <strong>nuevo<\/strong>. Y entre los trastes <strong>desgastados<\/strong>, entendi\u00f3 que, a veces, la historia nos elige con la misma calma con la que un <strong>madero<\/strong> elige vibrar.<\/p>\n","protected":false},"excerpt":{"rendered":"<p>Una ma\u00f1ana tibia, entre puestos de baratijas, un joven hojeaba vinilos y l\u00e1mparas sin pantalla. No buscaba nada en particular, solo un respiro de rutina.<\/p>\n","protected":false},"author":1,"featured_media":7754,"comment_status":"closed","ping_status":"","sticky":false,"template":"","format":"standard","meta":{"footnotes":""},"categories":[4],"tags":[],"class_list":["post-7722","post","type-post","status-publish","format-standard","has-post-thumbnail","hentry","category-critica","generate-columns","tablet-grid-50","mobile-grid-100","grid-parent","grid-50"],"yoast_head":"<!-- This site is optimized with the Yoast SEO plugin v23.3 - https:\/\/yoast.com\/wordpress\/plugins\/seo\/ -->\n<title>Compr\u00f3 una guitarra vieja en una feria y result\u00f3 haber pertenecido a un m\u00fasico legendario<\/title>\n<meta name=\"robots\" content=\"index, follow, max-snippet:-1, max-image-preview:large, max-video-preview:-1\" \/>\n<link rel=\"canonical\" href=\"https:\/\/web.consaguirre.com.ar\/noticias\/compro-una-guitarra-vieja-en-una-feria-y-resulto-haber-pertenecido-a-un-musico-legendario\/\" \/>\n<meta property=\"og:locale\" content=\"es_ES\" \/>\n<meta property=\"og:type\" content=\"article\" \/>\n<meta property=\"og:title\" content=\"Compr\u00f3 una guitarra vieja en una feria y result\u00f3 haber pertenecido a un m\u00fasico legendario\" \/>\n<meta property=\"og:description\" content=\"Una ma\u00f1ana tibia, entre puestos de baratijas, un joven hojeaba vinilos y l\u00e1mparas sin pantalla. No buscaba nada en particular, solo un respiro de rutina.\" \/>\n<meta property=\"og:url\" content=\"https:\/\/web.consaguirre.com.ar\/noticias\/compro-una-guitarra-vieja-en-una-feria-y-resulto-haber-pertenecido-a-un-musico-legendario\/\" \/>\n<meta property=\"og:site_name\" content=\"Conservatorio de M\u00fasica Juli\u00e1n Aguirre\" \/>\n<meta property=\"article:published_time\" content=\"2026-09-03T11:00:00+00:00\" \/>\n<meta property=\"article:modified_time\" content=\"2026-09-01T15:31:05+00:00\" \/>\n<meta property=\"og:image\" content=\"https:\/\/web.consaguirre.com.ar\/noticias\/wp-content\/uploads\/2026\/09\/compro-una-guitarra-vieja-en-una-feria-y-resulto-haber-pertenecido-a-un-musico-legendario-7722.jpg\" \/>\n\t<meta property=\"og:image:width\" content=\"1536\" \/>\n\t<meta property=\"og:image:height\" content=\"864\" \/>\n\t<meta property=\"og:image:type\" content=\"image\/jpeg\" \/>\n<meta name=\"author\" content=\"Javier Figueroa\" \/>\n<meta name=\"twitter:card\" content=\"summary_large_image\" \/>\n<meta name=\"twitter:label1\" content=\"Escrito por\" \/>\n\t<meta name=\"twitter:data1\" content=\"Javier Figueroa\" \/>\n\t<meta name=\"twitter:label2\" content=\"Tiempo de lectura\" \/>\n\t<meta name=\"twitter:data2\" content=\"5 minutos\" \/>\n<script type=\"application\/ld+json\" class=\"yoast-schema-graph\">{\"@context\":\"https:\/\/schema.org\",\"@graph\":[{\"@type\":\"Article\",\"@id\":\"https:\/\/web.consaguirre.com.ar\/noticias\/compro-una-guitarra-vieja-en-una-feria-y-resulto-haber-pertenecido-a-un-musico-legendario\/#article\",\"isPartOf\":{\"@id\":\"https:\/\/web.consaguirre.com.ar\/noticias\/compro-una-guitarra-vieja-en-una-feria-y-resulto-haber-pertenecido-a-un-musico-legendario\/\"},\"author\":{\"name\":\"Javier Figueroa\",\"@id\":\"https:\/\/web.consaguirre.com.ar\/noticias\/#\/schema\/person\/6558b0cfedee7ddc5425602b237d5722\"},\"headline\":\"Compr\u00f3 una guitarra vieja en una feria y result\u00f3 haber pertenecido a un m\u00fasico legendario\",\"datePublished\":\"2026-09-03T11:00:00+00:00\",\"dateModified\":\"2026-09-01T15:31:05+00:00\",\"mainEntityOfPage\":{\"@id\":\"https:\/\/web.consaguirre.com.ar\/noticias\/compro-una-guitarra-vieja-en-una-feria-y-resulto-haber-pertenecido-a-un-musico-legendario\/\"},\"wordCount\":944,\"publisher\":{\"@id\":\"https:\/\/web.consaguirre.com.ar\/noticias\/#organization\"},\"image\":{\"@id\":\"https:\/\/web.consaguirre.com.ar\/noticias\/compro-una-guitarra-vieja-en-una-feria-y-resulto-haber-pertenecido-a-un-musico-legendario\/#primaryimage\"},\"thumbnailUrl\":\"https:\/\/web.consaguirre.com.ar\/noticias\/wp-content\/uploads\/2026\/09\/compro-una-guitarra-vieja-en-una-feria-y-resulto-haber-pertenecido-a-un-musico-legendario-7722.jpg\",\"articleSection\":[\"Cr\u00edtica\"],\"inLanguage\":\"es-AR\"},{\"@type\":\"WebPage\",\"@id\":\"https:\/\/web.consaguirre.com.ar\/noticias\/compro-una-guitarra-vieja-en-una-feria-y-resulto-haber-pertenecido-a-un-musico-legendario\/\",\"url\":\"https:\/\/web.consaguirre.com.ar\/noticias\/compro-una-guitarra-vieja-en-una-feria-y-resulto-haber-pertenecido-a-un-musico-legendario\/\",\"name\":\"Compr\u00f3 una guitarra vieja en una feria y result\u00f3 haber pertenecido a un m\u00fasico legendario\",\"isPartOf\":{\"@id\":\"https:\/\/web.consaguirre.com.ar\/noticias\/#website\"},\"primaryImageOfPage\":{\"@id\":\"https:\/\/web.consaguirre.com.ar\/noticias\/compro-una-guitarra-vieja-en-una-feria-y-resulto-haber-pertenecido-a-un-musico-legendario\/#primaryimage\"},\"image\":{\"@id\":\"https:\/\/web.consaguirre.com.ar\/noticias\/compro-una-guitarra-vieja-en-una-feria-y-resulto-haber-pertenecido-a-un-musico-legendario\/#primaryimage\"},\"thumbnailUrl\":\"https:\/\/web.consaguirre.com.ar\/noticias\/wp-content\/uploads\/2026\/09\/compro-una-guitarra-vieja-en-una-feria-y-resulto-haber-pertenecido-a-un-musico-legendario-7722.jpg\",\"datePublished\":\"2026-09-03T11:00:00+00:00\",\"dateModified\":\"2026-09-01T15:31:05+00:00\",\"breadcrumb\":{\"@id\":\"https:\/\/web.consaguirre.com.ar\/noticias\/compro-una-guitarra-vieja-en-una-feria-y-resulto-haber-pertenecido-a-un-musico-legendario\/#breadcrumb\"},\"inLanguage\":\"es-AR\",\"potentialAction\":[{\"@type\":\"ReadAction\",\"target\":[\"https:\/\/web.consaguirre.com.ar\/noticias\/compro-una-guitarra-vieja-en-una-feria-y-resulto-haber-pertenecido-a-un-musico-legendario\/\"]}]},{\"@type\":\"ImageObject\",\"inLanguage\":\"es-AR\",\"@id\":\"https:\/\/web.consaguirre.com.ar\/noticias\/compro-una-guitarra-vieja-en-una-feria-y-resulto-haber-pertenecido-a-un-musico-legendario\/#primaryimage\",\"url\":\"https:\/\/web.consaguirre.com.ar\/noticias\/wp-content\/uploads\/2026\/09\/compro-una-guitarra-vieja-en-una-feria-y-resulto-haber-pertenecido-a-un-musico-legendario-7722.jpg\",\"contentUrl\":\"https:\/\/web.consaguirre.com.ar\/noticias\/wp-content\/uploads\/2026\/09\/compro-una-guitarra-vieja-en-una-feria-y-resulto-haber-pertenecido-a-un-musico-legendario-7722.jpg\",\"width\":1536,\"height\":864,\"caption\":\"Compr\u00f3 una guitarra vieja en una feria y result\u00f3 haber pertenecido a un m\u00fasico legendario\"},{\"@type\":\"BreadcrumbList\",\"@id\":\"https:\/\/web.consaguirre.com.ar\/noticias\/compro-una-guitarra-vieja-en-una-feria-y-resulto-haber-pertenecido-a-un-musico-legendario\/#breadcrumb\",\"itemListElement\":[{\"@type\":\"ListItem\",\"position\":1,\"name\":\"Inicio\",\"item\":\"https:\/\/web.consaguirre.com.ar\/noticias\/\"},{\"@type\":\"ListItem\",\"position\":2,\"name\":\"Compr\u00f3 una guitarra vieja en una feria y result\u00f3 haber pertenecido a un m\u00fasico legendario\"}]},{\"@type\":\"WebSite\",\"@id\":\"https:\/\/web.consaguirre.com.ar\/noticias\/#website\",\"url\":\"https:\/\/web.consaguirre.com.ar\/noticias\/\",\"name\":\"Conservatorio de M\u00fasica Juli\u00e1n Aguirre\",\"description\":\"\",\"publisher\":{\"@id\":\"https:\/\/web.consaguirre.com.ar\/noticias\/#organization\"},\"potentialAction\":[{\"@type\":\"SearchAction\",\"target\":{\"@type\":\"EntryPoint\",\"urlTemplate\":\"https:\/\/web.consaguirre.com.ar\/noticias\/?s={search_term_string}\"},\"query-input\":\"required name=search_term_string\"}],\"inLanguage\":\"es-AR\"},{\"@type\":\"Organization\",\"@id\":\"https:\/\/web.consaguirre.com.ar\/noticias\/#organization\",\"name\":\"Conservatorio de M\u00fasica Juli\u00e1n Aguirre\",\"url\":\"https:\/\/web.consaguirre.com.ar\/noticias\/\",\"logo\":{\"@type\":\"ImageObject\",\"inLanguage\":\"es-AR\",\"@id\":\"https:\/\/web.consaguirre.com.ar\/noticias\/#\/schema\/logo\/image\/\",\"url\":\"https:\/\/web.consaguirre.com.ar\/noticias\/wp-content\/uploads\/2024\/08\/Banner-Aguirre-23.jpg\",\"contentUrl\":\"https:\/\/web.consaguirre.com.ar\/noticias\/wp-content\/uploads\/2024\/08\/Banner-Aguirre-23.jpg\",\"width\":1192,\"height\":600,\"caption\":\"Conservatorio de M\u00fasica Juli\u00e1n Aguirre\"},\"image\":{\"@id\":\"https:\/\/web.consaguirre.com.ar\/noticias\/#\/schema\/logo\/image\/\"}},{\"@type\":\"Person\",\"@id\":\"https:\/\/web.consaguirre.com.ar\/noticias\/#\/schema\/person\/6558b0cfedee7ddc5425602b237d5722\",\"name\":\"Javier Figueroa\",\"image\":{\"@type\":\"ImageObject\",\"inLanguage\":\"es-AR\",\"@id\":\"https:\/\/web.consaguirre.com.ar\/noticias\/#\/schema\/person\/image\/\",\"url\":\"https:\/\/web.consaguirre.com.ar\/noticias\/wp-content\/uploads\/2024\/08\/Consaguirre-scaled.jpg\",\"contentUrl\":\"https:\/\/web.consaguirre.com.ar\/noticias\/wp-content\/uploads\/2024\/08\/Consaguirre-scaled.jpg\",\"caption\":\"Javier Figueroa\"},\"description\":\"Me llamo Javier Figueroa y soy redactor para el sitio oficial del Conservatorio de M\u00fasica Juli\u00e1n Aguirre en Buenos Aires, consaguirre.com. Apasionado por la m\u00fasica y la escritura, me esfuerzo por destacar los talentos y eventos de nuestra prestigiosa instituci\u00f3n. Mi trayectoria se nutre de una profunda admiraci\u00f3n por los artistas, haciendo de cada art\u00edculo una celebraci\u00f3n de la creatividad y la cultura musical.\",\"sameAs\":[\"https:\/\/web.consaguirre.com.ar\/noticias\"]}]}<\/script>\n<!-- \/ Yoast SEO plugin. -->","yoast_head_json":{"title":"Compr\u00f3 una guitarra vieja en una feria y result\u00f3 haber pertenecido a un m\u00fasico legendario","robots":{"index":"index","follow":"follow","max-snippet":"max-snippet:-1","max-image-preview":"max-image-preview:large","max-video-preview":"max-video-preview:-1"},"canonical":"https:\/\/web.consaguirre.com.ar\/noticias\/compro-una-guitarra-vieja-en-una-feria-y-resulto-haber-pertenecido-a-un-musico-legendario\/","og_locale":"es_ES","og_type":"article","og_title":"Compr\u00f3 una guitarra vieja en una feria y result\u00f3 haber pertenecido a un m\u00fasico legendario","og_description":"Una ma\u00f1ana tibia, entre puestos de baratijas, un joven hojeaba vinilos y l\u00e1mparas sin pantalla. No buscaba nada en particular, solo un respiro de rutina.","og_url":"https:\/\/web.consaguirre.com.ar\/noticias\/compro-una-guitarra-vieja-en-una-feria-y-resulto-haber-pertenecido-a-un-musico-legendario\/","og_site_name":"Conservatorio de M\u00fasica Juli\u00e1n Aguirre","article_published_time":"2026-09-03T11:00:00+00:00","article_modified_time":"2026-09-01T15:31:05+00:00","og_image":[{"width":1536,"height":864,"url":"https:\/\/web.consaguirre.com.ar\/noticias\/wp-content\/uploads\/2026\/09\/compro-una-guitarra-vieja-en-una-feria-y-resulto-haber-pertenecido-a-un-musico-legendario-7722.jpg","type":"image\/jpeg"}],"author":"Javier Figueroa","twitter_card":"summary_large_image","twitter_misc":{"Escrito por":"Javier Figueroa","Tiempo de lectura":"5 minutos"},"schema":{"@context":"https:\/\/schema.org","@graph":[{"@type":"Article","@id":"https:\/\/web.consaguirre.com.ar\/noticias\/compro-una-guitarra-vieja-en-una-feria-y-resulto-haber-pertenecido-a-un-musico-legendario\/#article","isPartOf":{"@id":"https:\/\/web.consaguirre.com.ar\/noticias\/compro-una-guitarra-vieja-en-una-feria-y-resulto-haber-pertenecido-a-un-musico-legendario\/"},"author":{"name":"Javier Figueroa","@id":"https:\/\/web.consaguirre.com.ar\/noticias\/#\/schema\/person\/6558b0cfedee7ddc5425602b237d5722"},"headline":"Compr\u00f3 una guitarra vieja en una feria y result\u00f3 haber pertenecido a un m\u00fasico legendario","datePublished":"2026-09-03T11:00:00+00:00","dateModified":"2026-09-01T15:31:05+00:00","mainEntityOfPage":{"@id":"https:\/\/web.consaguirre.com.ar\/noticias\/compro-una-guitarra-vieja-en-una-feria-y-resulto-haber-pertenecido-a-un-musico-legendario\/"},"wordCount":944,"publisher":{"@id":"https:\/\/web.consaguirre.com.ar\/noticias\/#organization"},"image":{"@id":"https:\/\/web.consaguirre.com.ar\/noticias\/compro-una-guitarra-vieja-en-una-feria-y-resulto-haber-pertenecido-a-un-musico-legendario\/#primaryimage"},"thumbnailUrl":"https:\/\/web.consaguirre.com.ar\/noticias\/wp-content\/uploads\/2026\/09\/compro-una-guitarra-vieja-en-una-feria-y-resulto-haber-pertenecido-a-un-musico-legendario-7722.jpg","articleSection":["Cr\u00edtica"],"inLanguage":"es-AR"},{"@type":"WebPage","@id":"https:\/\/web.consaguirre.com.ar\/noticias\/compro-una-guitarra-vieja-en-una-feria-y-resulto-haber-pertenecido-a-un-musico-legendario\/","url":"https:\/\/web.consaguirre.com.ar\/noticias\/compro-una-guitarra-vieja-en-una-feria-y-resulto-haber-pertenecido-a-un-musico-legendario\/","name":"Compr\u00f3 una guitarra vieja en una feria y result\u00f3 haber pertenecido a un m\u00fasico legendario","isPartOf":{"@id":"https:\/\/web.consaguirre.com.ar\/noticias\/#website"},"primaryImageOfPage":{"@id":"https:\/\/web.consaguirre.com.ar\/noticias\/compro-una-guitarra-vieja-en-una-feria-y-resulto-haber-pertenecido-a-un-musico-legendario\/#primaryimage"},"image":{"@id":"https:\/\/web.consaguirre.com.ar\/noticias\/compro-una-guitarra-vieja-en-una-feria-y-resulto-haber-pertenecido-a-un-musico-legendario\/#primaryimage"},"thumbnailUrl":"https:\/\/web.consaguirre.com.ar\/noticias\/wp-content\/uploads\/2026\/09\/compro-una-guitarra-vieja-en-una-feria-y-resulto-haber-pertenecido-a-un-musico-legendario-7722.jpg","datePublished":"2026-09-03T11:00:00+00:00","dateModified":"2026-09-01T15:31:05+00:00","breadcrumb":{"@id":"https:\/\/web.consaguirre.com.ar\/noticias\/compro-una-guitarra-vieja-en-una-feria-y-resulto-haber-pertenecido-a-un-musico-legendario\/#breadcrumb"},"inLanguage":"es-AR","potentialAction":[{"@type":"ReadAction","target":["https:\/\/web.consaguirre.com.ar\/noticias\/compro-una-guitarra-vieja-en-una-feria-y-resulto-haber-pertenecido-a-un-musico-legendario\/"]}]},{"@type":"ImageObject","inLanguage":"es-AR","@id":"https:\/\/web.consaguirre.com.ar\/noticias\/compro-una-guitarra-vieja-en-una-feria-y-resulto-haber-pertenecido-a-un-musico-legendario\/#primaryimage","url":"https:\/\/web.consaguirre.com.ar\/noticias\/wp-content\/uploads\/2026\/09\/compro-una-guitarra-vieja-en-una-feria-y-resulto-haber-pertenecido-a-un-musico-legendario-7722.jpg","contentUrl":"https:\/\/web.consaguirre.com.ar\/noticias\/wp-content\/uploads\/2026\/09\/compro-una-guitarra-vieja-en-una-feria-y-resulto-haber-pertenecido-a-un-musico-legendario-7722.jpg","width":1536,"height":864,"caption":"Compr\u00f3 una guitarra vieja en una feria y result\u00f3 haber pertenecido a un m\u00fasico legendario"},{"@type":"BreadcrumbList","@id":"https:\/\/web.consaguirre.com.ar\/noticias\/compro-una-guitarra-vieja-en-una-feria-y-resulto-haber-pertenecido-a-un-musico-legendario\/#breadcrumb","itemListElement":[{"@type":"ListItem","position":1,"name":"Inicio","item":"https:\/\/web.consaguirre.com.ar\/noticias\/"},{"@type":"ListItem","position":2,"name":"Compr\u00f3 una guitarra vieja en una feria y result\u00f3 haber pertenecido a un m\u00fasico legendario"}]},{"@type":"WebSite","@id":"https:\/\/web.consaguirre.com.ar\/noticias\/#website","url":"https:\/\/web.consaguirre.com.ar\/noticias\/","name":"Conservatorio de M\u00fasica Juli\u00e1n Aguirre","description":"","publisher":{"@id":"https:\/\/web.consaguirre.com.ar\/noticias\/#organization"},"potentialAction":[{"@type":"SearchAction","target":{"@type":"EntryPoint","urlTemplate":"https:\/\/web.consaguirre.com.ar\/noticias\/?s={search_term_string}"},"query-input":"required name=search_term_string"}],"inLanguage":"es-AR"},{"@type":"Organization","@id":"https:\/\/web.consaguirre.com.ar\/noticias\/#organization","name":"Conservatorio de M\u00fasica Juli\u00e1n Aguirre","url":"https:\/\/web.consaguirre.com.ar\/noticias\/","logo":{"@type":"ImageObject","inLanguage":"es-AR","@id":"https:\/\/web.consaguirre.com.ar\/noticias\/#\/schema\/logo\/image\/","url":"https:\/\/web.consaguirre.com.ar\/noticias\/wp-content\/uploads\/2024\/08\/Banner-Aguirre-23.jpg","contentUrl":"https:\/\/web.consaguirre.com.ar\/noticias\/wp-content\/uploads\/2024\/08\/Banner-Aguirre-23.jpg","width":1192,"height":600,"caption":"Conservatorio de M\u00fasica Juli\u00e1n Aguirre"},"image":{"@id":"https:\/\/web.consaguirre.com.ar\/noticias\/#\/schema\/logo\/image\/"}},{"@type":"Person","@id":"https:\/\/web.consaguirre.com.ar\/noticias\/#\/schema\/person\/6558b0cfedee7ddc5425602b237d5722","name":"Javier Figueroa","image":{"@type":"ImageObject","inLanguage":"es-AR","@id":"https:\/\/web.consaguirre.com.ar\/noticias\/#\/schema\/person\/image\/","url":"https:\/\/web.consaguirre.com.ar\/noticias\/wp-content\/uploads\/2024\/08\/Consaguirre-scaled.jpg","contentUrl":"https:\/\/web.consaguirre.com.ar\/noticias\/wp-content\/uploads\/2024\/08\/Consaguirre-scaled.jpg","caption":"Javier Figueroa"},"description":"Me llamo Javier Figueroa y soy redactor para el sitio oficial del Conservatorio de M\u00fasica Juli\u00e1n Aguirre en Buenos Aires, consaguirre.com. Apasionado por la m\u00fasica y la escritura, me esfuerzo por destacar los talentos y eventos de nuestra prestigiosa instituci\u00f3n. Mi trayectoria se nutre de una profunda admiraci\u00f3n por los artistas, haciendo de cada art\u00edculo una celebraci\u00f3n de la creatividad y la cultura musical.","sameAs":["https:\/\/web.consaguirre.com.ar\/noticias"]}]}},"_links":{"self":[{"href":"https:\/\/web.consaguirre.com.ar\/noticias\/wp-json\/wp\/v2\/posts\/7722"}],"collection":[{"href":"https:\/\/web.consaguirre.com.ar\/noticias\/wp-json\/wp\/v2\/posts"}],"about":[{"href":"https:\/\/web.consaguirre.com.ar\/noticias\/wp-json\/wp\/v2\/types\/post"}],"author":[{"embeddable":true,"href":"https:\/\/web.consaguirre.com.ar\/noticias\/wp-json\/wp\/v2\/users\/1"}],"replies":[{"embeddable":true,"href":"https:\/\/web.consaguirre.com.ar\/noticias\/wp-json\/wp\/v2\/comments?post=7722"}],"version-history":[{"count":1,"href":"https:\/\/web.consaguirre.com.ar\/noticias\/wp-json\/wp\/v2\/posts\/7722\/revisions"}],"predecessor-version":[{"id":7736,"href":"https:\/\/web.consaguirre.com.ar\/noticias\/wp-json\/wp\/v2\/posts\/7722\/revisions\/7736"}],"wp:featuredmedia":[{"embeddable":true,"href":"https:\/\/web.consaguirre.com.ar\/noticias\/wp-json\/wp\/v2\/media\/7754"}],"wp:attachment":[{"href":"https:\/\/web.consaguirre.com.ar\/noticias\/wp-json\/wp\/v2\/media?parent=7722"}],"wp:term":[{"taxonomy":"category","embeddable":true,"href":"https:\/\/web.consaguirre.com.ar\/noticias\/wp-json\/wp\/v2\/categories?post=7722"},{"taxonomy":"post_tag","embeddable":true,"href":"https:\/\/web.consaguirre.com.ar\/noticias\/wp-json\/wp\/v2\/tags?post=7722"}],"curies":[{"name":"wp","href":"https:\/\/api.w.org\/{rel}","templated":true}]}}