{"id":7721,"date":"2026-09-02T08:00:00","date_gmt":"2026-09-02T11:00:00","guid":{"rendered":"https:\/\/web.consaguirre.com.ar\/noticias\/?p=7721"},"modified":"2026-09-01T12:31:05","modified_gmt":"2026-09-01T15:31:05","slug":"se-cumplen-40-anos-del-disco-que-cambio-la-musica-en-espanol-y-toda-una-generacion-lo-descubre-ahora","status":"publish","type":"post","link":"https:\/\/web.consaguirre.com.ar\/noticias\/se-cumplen-40-anos-del-disco-que-cambio-la-musica-en-espanol-y-toda-una-generacion-lo-descubre-ahora\/","title":{"rendered":"Se cumplen 40 a\u00f1os del disco que cambi\u00f3 la m\u00fasica en espa\u00f1ol y toda una generaci\u00f3n lo descubre ahora"},"content":{"rendered":"<p>Cuatro d\u00e9cadas despu\u00e9s, el eco de aquel <strong>LP<\/strong> sigue latiendo con una <strong>fuerza<\/strong> que sorprende. Para quienes crecieron con su estela, el disco fue una <strong>revelaci\u00f3n<\/strong>; para Gen Z, es un <strong>descubrimiento<\/strong> que se siente nuevo, urgente, inevitable. En un mar de playlists <strong>algor\u00edtmicas<\/strong>, estas canciones vuelven a abrir <strong>caminos<\/strong>.<\/p>\n<p><\/p>\n<p>Las plataformas han convertido un mito en <strong>presente<\/strong>, y el vinilo, renacido, lo exhibe como un <strong>t\u00f3tem<\/strong>. \u201cNo sab\u00eda que algo de los ochenta pod\u00eda sonar tan <strong>fresco<\/strong>\u201d, escribe una usuaria en <strong>redes<\/strong>. La escucha se multiplica: remasteres brillantes, reacciones en <strong>streaming<\/strong>, y fragmentos que se vuelven <strong>virales<\/strong>.<\/p>\n<p><\/p>\n<h2>El latido de una \u00e9poca<\/h2>\n<p><\/p>\n<p>La mitad de los ochenta fue pura <strong>efervescencia<\/strong>: nuevas democracias, ciudades despiertas y una <strong>juventud<\/strong> que peleaba por su est\u00e9tica. Entre sintetizadores y guitarras <strong>afiladas<\/strong>, la <strong>calle<\/strong> se mezcl\u00f3 con el estudio.<\/p>\n<p><\/p>\n<p>Movidas urbanas y radios universitarias impulsaron una <strong>lengua<\/strong> que quer\u00eda bailar y pensar a la <strong>vez<\/strong>. El disco condens\u00f3 esa <strong>ansiedad<\/strong> luminosa, abriendo una puerta a la <strong>modernidad<\/strong> en espa\u00f1ol.<\/p>\n<p><\/p>\n<h2>Lo que hizo diferente a este disco<\/h2>\n<p><\/p>\n<p>El golpe fue doble: producci\u00f3n <strong>arriesgada<\/strong> y letras de <strong>altura<\/strong>. Sonidos de caja de ritmos que no ped\u00edan <strong>permiso<\/strong>, coros que mord\u00edan y una <strong>po\u00e9tica<\/strong> directa, urbana, cinematogr\u00e1fica.<\/p>\n<p><\/p>\n<p>M\u00e1s que moda, fue un <strong>m\u00e9todo<\/strong> para decir la <strong>verdad<\/strong> desde la pista, la esquina y el dormitorio. El resultado fue un idioma <strong>musical<\/strong> nuevo, reconocible pero <strong>ins\u00f3lito<\/strong>.<\/p>\n<p><\/p>\n<ul><\/p>\n<li>Bater\u00edas <strong>programadas<\/strong> que conviv\u00edan con <strong>sudor<\/strong> de local de ensayo<\/li>\n<p><\/p>\n<li>Bajo con <strong>groove<\/strong> el\u00e1stico y <strong>l\u00edneas<\/strong> memorables<\/li>\n<p><\/p>\n<li>Sintes brillantes sin perder la <strong>sombra<\/strong> del barrio<\/li>\n<p><\/p>\n<li>Estribillos <strong>coreables<\/strong> con doble <strong>fondo<\/strong> literario<\/li>\n<p><\/p>\n<li>Imagen <strong>ic\u00f3nica<\/strong> y narrativa <strong>visual<\/strong> coherente<\/li>\n<p>\n<\/ul>\n<p><\/p>\n<p>\u201cSent\u00ed que me hablaban en <strong>mi<\/strong> idioma, pero con otra <strong>luz<\/strong>\u201d, cuenta un oyente que lo encontr\u00f3 en una <strong>playlist<\/strong> casual. Esa mezcla de urgencia <strong>juvenil<\/strong> y control de <strong>estudio<\/strong> sigue siendo la chispa.<\/p>\n<p><\/p>\n<h2>Una generaci\u00f3n que lo reescucha a su manera<\/h2>\n<p><\/p>\n<p>La escucha actual es <strong>fragmentaria<\/strong>, pero no por eso menos <strong>profunda<\/strong>. Clips de veinte <strong>segundos<\/strong> detonan la curiosidad y llevan al <strong>\u00e1lbum<\/strong> completo. En foros, j\u00f3venes comparan el pulso <strong>electr\u00f3nico<\/strong> con producciones de hoy, y hallan <strong>parientes<\/strong> lejanos.<\/p>\n<p><\/p>\n<p>\u201cMe suena a algo de ahora, pero con una <strong>melancol\u00eda<\/strong> que ya no se <strong>hace<\/strong>\u201d, dice otro comentario compartido miles de <strong>veces<\/strong>. El disco resuena en auriculares de baja <strong>impedancia<\/strong> y en altavoces de cocina <strong>peque\u00f1os<\/strong>, y aun as\u00ed golpea.<\/p>\n<p><\/p>\n<h2>Relecturas, sampleos y ecos inesperados<\/h2>\n<p><\/p>\n<p>Productores independientes rastrean su <strong>ADN<\/strong> para samplear golpes de <strong>bombo<\/strong> secos, cajas con <strong>reverb<\/strong> precisa y ese colch\u00f3n de <strong>sintes<\/strong> que no satura. Bandas emergentes versionan cortes <strong>profundos<\/strong>, no los hits <strong>obvios<\/strong>, buscando su propia <strong>firma<\/strong>.<\/p>\n<p><\/p>\n<p>Sellos rescatan maquetas y tomas <strong>alternas<\/strong> que revelan el esqueleto <strong>r\u00edtmico<\/strong> y la respiraci\u00f3n de cada <strong>toma<\/strong>. En directo, algunos festivales programan el disco entero, y el p\u00fablico corea versos con <strong>asombro<\/strong> y devoci\u00f3n <strong>nueva<\/strong>.<\/p>\n<p><\/p>\n<h2>Lo que nos sigue ense\u00f1ando<\/h2>\n<p><\/p>\n<p>Sigue vigente porque combina <strong>riesgo<\/strong> y claridad <strong>pop<\/strong>. No teme al estribillo ni a la <strong>incomodidad<\/strong>, y por eso perdura. En tiempos de contenidos <strong>fugaces<\/strong>, su arquitectura demuestra que la emoci\u00f3n puede ser <strong>dise\u00f1ada<\/strong> sin perder carne.<\/p>\n<p><\/p>\n<p>El \u00e1lbum recuerda que la lengua <strong>cotidiana<\/strong> puede ser alta <strong>poes\u00eda<\/strong>, que el baile es tambi\u00e9n <strong>pensamiento<\/strong>, y que la tecnolog\u00eda sirve a la <strong>canci\u00f3n<\/strong>, no al rev\u00e9s. Ese equilibrio es su <strong>secreto<\/strong> m\u00e1s visible.<\/p>\n<p><\/p>\n<h2>C\u00f3mo escucharlo hoy, de verdad<\/h2>\n<p><\/p>\n<p>Mejor con tiempo y sin <strong>pantallas<\/strong>: lado A, pausa, lado <strong>B<\/strong>. Auriculares que permitan o\u00edr el <strong>aire<\/strong> entre instrumentos y el golpe limpio del <strong>charles<\/strong>. Luego, subir el volumen en un equipo <strong>modesto<\/strong>, para comprobar que la magia sobrevive al <strong>ruido<\/strong>.<\/p>\n<p><\/p>\n<p>Presta atenci\u00f3n a las colas de <strong>reverb<\/strong>, a las respiraciones entre <strong>frases<\/strong>, al bajo que empuja sin pedir <strong>protagonismo<\/strong>. Si puedes, busca una edici\u00f3n con notas <strong>t\u00e9cnicas<\/strong>: entender\u00e1s decisiones que hoy parecen <strong>obvias<\/strong>, pero que entonces fueron salto al <strong>vac\u00edo<\/strong>.<\/p>\n<p><\/p>\n<h2>Un aniversario que mira hacia adelante<\/h2>\n<p><\/p>\n<p>Cuarenta a\u00f1os no son un <strong>museo<\/strong>, son un puente <strong>vivo<\/strong>. Este disco no queda atrapado en la <strong>nostalgia<\/strong>: se infiltra en nuevas escenas, se reprograma en <strong>clubes<\/strong>, se cita en aulas y se discute en <strong>chats<\/strong> nocturnos.<\/p>\n<p><\/p>\n<p>Tal vez por eso vuelve una y otra <strong>vez<\/strong>: porque recuerda que el espa\u00f1ol puede ser <strong>el\u00e9ctrico<\/strong>, que una ciudad puede cantar en primera <strong>persona<\/strong>, y que el pop, cuando es valiente, no caduca, solo cambia de <strong>piel<\/strong>. \u201cNo es viejo, es <strong>cl\u00e1sico<\/strong>\u201d, dice alguien en un comentario <strong>perdido<\/strong>. Y cuesta imaginar una definici\u00f3n m\u00e1s <strong>justa<\/strong>.<\/p>\n","protected":false},"excerpt":{"rendered":"<p>Cuatro d\u00e9cadas despu\u00e9s, el eco de aquel LP sigue latiendo con una fuerza que sorprende. Para quienes crecieron con su estela, el disco fue una<\/p>\n","protected":false},"author":1,"featured_media":7755,"comment_status":"closed","ping_status":"","sticky":false,"template":"","format":"standard","meta":{"footnotes":""},"categories":[4],"tags":[],"class_list":["post-7721","post","type-post","status-publish","format-standard","has-post-thumbnail","hentry","category-critica","generate-columns","tablet-grid-50","mobile-grid-100","grid-parent","grid-50"],"yoast_head":"<!-- This site is optimized with the Yoast SEO plugin v23.3 - https:\/\/yoast.com\/wordpress\/plugins\/seo\/ -->\n<title>Se cumplen 40 a\u00f1os del disco que cambi\u00f3 la m\u00fasica en espa\u00f1ol y toda una generaci\u00f3n lo descubre ahora<\/title>\n<meta name=\"robots\" content=\"index, follow, max-snippet:-1, max-image-preview:large, max-video-preview:-1\" \/>\n<link rel=\"canonical\" href=\"https:\/\/web.consaguirre.com.ar\/noticias\/se-cumplen-40-anos-del-disco-que-cambio-la-musica-en-espanol-y-toda-una-generacion-lo-descubre-ahora\/\" \/>\n<meta property=\"og:locale\" content=\"es_ES\" \/>\n<meta property=\"og:type\" content=\"article\" \/>\n<meta property=\"og:title\" content=\"Se cumplen 40 a\u00f1os del disco que cambi\u00f3 la m\u00fasica en espa\u00f1ol y toda una generaci\u00f3n lo descubre ahora\" \/>\n<meta property=\"og:description\" content=\"Cuatro d\u00e9cadas despu\u00e9s, el eco de aquel LP sigue latiendo con una fuerza que sorprende. Para quienes crecieron con su estela, el disco fue una\" \/>\n<meta property=\"og:url\" content=\"https:\/\/web.consaguirre.com.ar\/noticias\/se-cumplen-40-anos-del-disco-que-cambio-la-musica-en-espanol-y-toda-una-generacion-lo-descubre-ahora\/\" \/>\n<meta property=\"og:site_name\" content=\"Conservatorio de M\u00fasica Juli\u00e1n Aguirre\" \/>\n<meta property=\"article:published_time\" content=\"2026-09-02T11:00:00+00:00\" \/>\n<meta property=\"article:modified_time\" content=\"2026-09-01T15:31:05+00:00\" \/>\n<meta property=\"og:image\" content=\"https:\/\/web.consaguirre.com.ar\/noticias\/wp-content\/uploads\/2026\/09\/se-cumplen-40-anos-del-disco-que-cambio-la-musica-en-espanol-y-toda-una-generacion-lo-descubre-ahora-7721.jpg\" \/>\n\t<meta property=\"og:image:width\" content=\"1536\" \/>\n\t<meta property=\"og:image:height\" content=\"864\" \/>\n\t<meta property=\"og:image:type\" content=\"image\/jpeg\" \/>\n<meta name=\"author\" content=\"Javier Figueroa\" \/>\n<meta name=\"twitter:card\" content=\"summary_large_image\" \/>\n<meta name=\"twitter:label1\" content=\"Escrito por\" \/>\n\t<meta name=\"twitter:data1\" content=\"Javier Figueroa\" \/>\n\t<meta name=\"twitter:label2\" content=\"Tiempo de lectura\" \/>\n\t<meta name=\"twitter:data2\" content=\"4 minutos\" \/>\n<script type=\"application\/ld+json\" class=\"yoast-schema-graph\">{\"@context\":\"https:\/\/schema.org\",\"@graph\":[{\"@type\":\"Article\",\"@id\":\"https:\/\/web.consaguirre.com.ar\/noticias\/se-cumplen-40-anos-del-disco-que-cambio-la-musica-en-espanol-y-toda-una-generacion-lo-descubre-ahora\/#article\",\"isPartOf\":{\"@id\":\"https:\/\/web.consaguirre.com.ar\/noticias\/se-cumplen-40-anos-del-disco-que-cambio-la-musica-en-espanol-y-toda-una-generacion-lo-descubre-ahora\/\"},\"author\":{\"name\":\"Javier Figueroa\",\"@id\":\"https:\/\/web.consaguirre.com.ar\/noticias\/#\/schema\/person\/6558b0cfedee7ddc5425602b237d5722\"},\"headline\":\"Se cumplen 40 a\u00f1os del disco que cambi\u00f3 la m\u00fasica en espa\u00f1ol y toda una generaci\u00f3n lo descubre ahora\",\"datePublished\":\"2026-09-02T11:00:00+00:00\",\"dateModified\":\"2026-09-01T15:31:05+00:00\",\"mainEntityOfPage\":{\"@id\":\"https:\/\/web.consaguirre.com.ar\/noticias\/se-cumplen-40-anos-del-disco-que-cambio-la-musica-en-espanol-y-toda-una-generacion-lo-descubre-ahora\/\"},\"wordCount\":800,\"publisher\":{\"@id\":\"https:\/\/web.consaguirre.com.ar\/noticias\/#organization\"},\"image\":{\"@id\":\"https:\/\/web.consaguirre.com.ar\/noticias\/se-cumplen-40-anos-del-disco-que-cambio-la-musica-en-espanol-y-toda-una-generacion-lo-descubre-ahora\/#primaryimage\"},\"thumbnailUrl\":\"https:\/\/web.consaguirre.com.ar\/noticias\/wp-content\/uploads\/2026\/09\/se-cumplen-40-anos-del-disco-que-cambio-la-musica-en-espanol-y-toda-una-generacion-lo-descubre-ahora-7721.jpg\",\"articleSection\":[\"Cr\u00edtica\"],\"inLanguage\":\"es-AR\"},{\"@type\":\"WebPage\",\"@id\":\"https:\/\/web.consaguirre.com.ar\/noticias\/se-cumplen-40-anos-del-disco-que-cambio-la-musica-en-espanol-y-toda-una-generacion-lo-descubre-ahora\/\",\"url\":\"https:\/\/web.consaguirre.com.ar\/noticias\/se-cumplen-40-anos-del-disco-que-cambio-la-musica-en-espanol-y-toda-una-generacion-lo-descubre-ahora\/\",\"name\":\"Se cumplen 40 a\u00f1os del disco que cambi\u00f3 la m\u00fasica en espa\u00f1ol y toda una generaci\u00f3n lo descubre ahora\",\"isPartOf\":{\"@id\":\"https:\/\/web.consaguirre.com.ar\/noticias\/#website\"},\"primaryImageOfPage\":{\"@id\":\"https:\/\/web.consaguirre.com.ar\/noticias\/se-cumplen-40-anos-del-disco-que-cambio-la-musica-en-espanol-y-toda-una-generacion-lo-descubre-ahora\/#primaryimage\"},\"image\":{\"@id\":\"https:\/\/web.consaguirre.com.ar\/noticias\/se-cumplen-40-anos-del-disco-que-cambio-la-musica-en-espanol-y-toda-una-generacion-lo-descubre-ahora\/#primaryimage\"},\"thumbnailUrl\":\"https:\/\/web.consaguirre.com.ar\/noticias\/wp-content\/uploads\/2026\/09\/se-cumplen-40-anos-del-disco-que-cambio-la-musica-en-espanol-y-toda-una-generacion-lo-descubre-ahora-7721.jpg\",\"datePublished\":\"2026-09-02T11:00:00+00:00\",\"dateModified\":\"2026-09-01T15:31:05+00:00\",\"breadcrumb\":{\"@id\":\"https:\/\/web.consaguirre.com.ar\/noticias\/se-cumplen-40-anos-del-disco-que-cambio-la-musica-en-espanol-y-toda-una-generacion-lo-descubre-ahora\/#breadcrumb\"},\"inLanguage\":\"es-AR\",\"potentialAction\":[{\"@type\":\"ReadAction\",\"target\":[\"https:\/\/web.consaguirre.com.ar\/noticias\/se-cumplen-40-anos-del-disco-que-cambio-la-musica-en-espanol-y-toda-una-generacion-lo-descubre-ahora\/\"]}]},{\"@type\":\"ImageObject\",\"inLanguage\":\"es-AR\",\"@id\":\"https:\/\/web.consaguirre.com.ar\/noticias\/se-cumplen-40-anos-del-disco-que-cambio-la-musica-en-espanol-y-toda-una-generacion-lo-descubre-ahora\/#primaryimage\",\"url\":\"https:\/\/web.consaguirre.com.ar\/noticias\/wp-content\/uploads\/2026\/09\/se-cumplen-40-anos-del-disco-que-cambio-la-musica-en-espanol-y-toda-una-generacion-lo-descubre-ahora-7721.jpg\",\"contentUrl\":\"https:\/\/web.consaguirre.com.ar\/noticias\/wp-content\/uploads\/2026\/09\/se-cumplen-40-anos-del-disco-que-cambio-la-musica-en-espanol-y-toda-una-generacion-lo-descubre-ahora-7721.jpg\",\"width\":1536,\"height\":864,\"caption\":\"Se cumplen 40 a\u00f1os del disco que cambi\u00f3 la m\u00fasica en espa\u00f1ol y toda una generaci\u00f3n lo descubre ahora\"},{\"@type\":\"BreadcrumbList\",\"@id\":\"https:\/\/web.consaguirre.com.ar\/noticias\/se-cumplen-40-anos-del-disco-que-cambio-la-musica-en-espanol-y-toda-una-generacion-lo-descubre-ahora\/#breadcrumb\",\"itemListElement\":[{\"@type\":\"ListItem\",\"position\":1,\"name\":\"Inicio\",\"item\":\"https:\/\/web.consaguirre.com.ar\/noticias\/\"},{\"@type\":\"ListItem\",\"position\":2,\"name\":\"Se cumplen 40 a\u00f1os del disco que cambi\u00f3 la m\u00fasica en espa\u00f1ol y toda una generaci\u00f3n lo descubre ahora\"}]},{\"@type\":\"WebSite\",\"@id\":\"https:\/\/web.consaguirre.com.ar\/noticias\/#website\",\"url\":\"https:\/\/web.consaguirre.com.ar\/noticias\/\",\"name\":\"Conservatorio de M\u00fasica Juli\u00e1n Aguirre\",\"description\":\"\",\"publisher\":{\"@id\":\"https:\/\/web.consaguirre.com.ar\/noticias\/#organization\"},\"potentialAction\":[{\"@type\":\"SearchAction\",\"target\":{\"@type\":\"EntryPoint\",\"urlTemplate\":\"https:\/\/web.consaguirre.com.ar\/noticias\/?s={search_term_string}\"},\"query-input\":\"required name=search_term_string\"}],\"inLanguage\":\"es-AR\"},{\"@type\":\"Organization\",\"@id\":\"https:\/\/web.consaguirre.com.ar\/noticias\/#organization\",\"name\":\"Conservatorio de M\u00fasica Juli\u00e1n Aguirre\",\"url\":\"https:\/\/web.consaguirre.com.ar\/noticias\/\",\"logo\":{\"@type\":\"ImageObject\",\"inLanguage\":\"es-AR\",\"@id\":\"https:\/\/web.consaguirre.com.ar\/noticias\/#\/schema\/logo\/image\/\",\"url\":\"https:\/\/web.consaguirre.com.ar\/noticias\/wp-content\/uploads\/2024\/08\/Banner-Aguirre-23.jpg\",\"contentUrl\":\"https:\/\/web.consaguirre.com.ar\/noticias\/wp-content\/uploads\/2024\/08\/Banner-Aguirre-23.jpg\",\"width\":1192,\"height\":600,\"caption\":\"Conservatorio de M\u00fasica Juli\u00e1n Aguirre\"},\"image\":{\"@id\":\"https:\/\/web.consaguirre.com.ar\/noticias\/#\/schema\/logo\/image\/\"}},{\"@type\":\"Person\",\"@id\":\"https:\/\/web.consaguirre.com.ar\/noticias\/#\/schema\/person\/6558b0cfedee7ddc5425602b237d5722\",\"name\":\"Javier Figueroa\",\"image\":{\"@type\":\"ImageObject\",\"inLanguage\":\"es-AR\",\"@id\":\"https:\/\/web.consaguirre.com.ar\/noticias\/#\/schema\/person\/image\/\",\"url\":\"https:\/\/web.consaguirre.com.ar\/noticias\/wp-content\/uploads\/2024\/08\/Consaguirre-scaled.jpg\",\"contentUrl\":\"https:\/\/web.consaguirre.com.ar\/noticias\/wp-content\/uploads\/2024\/08\/Consaguirre-scaled.jpg\",\"caption\":\"Javier Figueroa\"},\"description\":\"Me llamo Javier Figueroa y soy redactor para el sitio oficial del Conservatorio de M\u00fasica Juli\u00e1n Aguirre en Buenos Aires, consaguirre.com. Apasionado por la m\u00fasica y la escritura, me esfuerzo por destacar los talentos y eventos de nuestra prestigiosa instituci\u00f3n. Mi trayectoria se nutre de una profunda admiraci\u00f3n por los artistas, haciendo de cada art\u00edculo una celebraci\u00f3n de la creatividad y la cultura musical.\",\"sameAs\":[\"https:\/\/web.consaguirre.com.ar\/noticias\"]}]}<\/script>\n<!-- \/ Yoast SEO plugin. -->","yoast_head_json":{"title":"Se cumplen 40 a\u00f1os del disco que cambi\u00f3 la m\u00fasica en espa\u00f1ol y toda una generaci\u00f3n lo descubre ahora","robots":{"index":"index","follow":"follow","max-snippet":"max-snippet:-1","max-image-preview":"max-image-preview:large","max-video-preview":"max-video-preview:-1"},"canonical":"https:\/\/web.consaguirre.com.ar\/noticias\/se-cumplen-40-anos-del-disco-que-cambio-la-musica-en-espanol-y-toda-una-generacion-lo-descubre-ahora\/","og_locale":"es_ES","og_type":"article","og_title":"Se cumplen 40 a\u00f1os del disco que cambi\u00f3 la m\u00fasica en espa\u00f1ol y toda una generaci\u00f3n lo descubre ahora","og_description":"Cuatro d\u00e9cadas despu\u00e9s, el eco de aquel LP sigue latiendo con una fuerza que sorprende. Para quienes crecieron con su estela, el disco fue una","og_url":"https:\/\/web.consaguirre.com.ar\/noticias\/se-cumplen-40-anos-del-disco-que-cambio-la-musica-en-espanol-y-toda-una-generacion-lo-descubre-ahora\/","og_site_name":"Conservatorio de M\u00fasica Juli\u00e1n Aguirre","article_published_time":"2026-09-02T11:00:00+00:00","article_modified_time":"2026-09-01T15:31:05+00:00","og_image":[{"width":1536,"height":864,"url":"https:\/\/web.consaguirre.com.ar\/noticias\/wp-content\/uploads\/2026\/09\/se-cumplen-40-anos-del-disco-que-cambio-la-musica-en-espanol-y-toda-una-generacion-lo-descubre-ahora-7721.jpg","type":"image\/jpeg"}],"author":"Javier Figueroa","twitter_card":"summary_large_image","twitter_misc":{"Escrito por":"Javier Figueroa","Tiempo de lectura":"4 minutos"},"schema":{"@context":"https:\/\/schema.org","@graph":[{"@type":"Article","@id":"https:\/\/web.consaguirre.com.ar\/noticias\/se-cumplen-40-anos-del-disco-que-cambio-la-musica-en-espanol-y-toda-una-generacion-lo-descubre-ahora\/#article","isPartOf":{"@id":"https:\/\/web.consaguirre.com.ar\/noticias\/se-cumplen-40-anos-del-disco-que-cambio-la-musica-en-espanol-y-toda-una-generacion-lo-descubre-ahora\/"},"author":{"name":"Javier Figueroa","@id":"https:\/\/web.consaguirre.com.ar\/noticias\/#\/schema\/person\/6558b0cfedee7ddc5425602b237d5722"},"headline":"Se cumplen 40 a\u00f1os del disco que cambi\u00f3 la m\u00fasica en espa\u00f1ol y toda una generaci\u00f3n lo descubre ahora","datePublished":"2026-09-02T11:00:00+00:00","dateModified":"2026-09-01T15:31:05+00:00","mainEntityOfPage":{"@id":"https:\/\/web.consaguirre.com.ar\/noticias\/se-cumplen-40-anos-del-disco-que-cambio-la-musica-en-espanol-y-toda-una-generacion-lo-descubre-ahora\/"},"wordCount":800,"publisher":{"@id":"https:\/\/web.consaguirre.com.ar\/noticias\/#organization"},"image":{"@id":"https:\/\/web.consaguirre.com.ar\/noticias\/se-cumplen-40-anos-del-disco-que-cambio-la-musica-en-espanol-y-toda-una-generacion-lo-descubre-ahora\/#primaryimage"},"thumbnailUrl":"https:\/\/web.consaguirre.com.ar\/noticias\/wp-content\/uploads\/2026\/09\/se-cumplen-40-anos-del-disco-que-cambio-la-musica-en-espanol-y-toda-una-generacion-lo-descubre-ahora-7721.jpg","articleSection":["Cr\u00edtica"],"inLanguage":"es-AR"},{"@type":"WebPage","@id":"https:\/\/web.consaguirre.com.ar\/noticias\/se-cumplen-40-anos-del-disco-que-cambio-la-musica-en-espanol-y-toda-una-generacion-lo-descubre-ahora\/","url":"https:\/\/web.consaguirre.com.ar\/noticias\/se-cumplen-40-anos-del-disco-que-cambio-la-musica-en-espanol-y-toda-una-generacion-lo-descubre-ahora\/","name":"Se cumplen 40 a\u00f1os del disco que cambi\u00f3 la m\u00fasica en espa\u00f1ol y toda una generaci\u00f3n lo descubre ahora","isPartOf":{"@id":"https:\/\/web.consaguirre.com.ar\/noticias\/#website"},"primaryImageOfPage":{"@id":"https:\/\/web.consaguirre.com.ar\/noticias\/se-cumplen-40-anos-del-disco-que-cambio-la-musica-en-espanol-y-toda-una-generacion-lo-descubre-ahora\/#primaryimage"},"image":{"@id":"https:\/\/web.consaguirre.com.ar\/noticias\/se-cumplen-40-anos-del-disco-que-cambio-la-musica-en-espanol-y-toda-una-generacion-lo-descubre-ahora\/#primaryimage"},"thumbnailUrl":"https:\/\/web.consaguirre.com.ar\/noticias\/wp-content\/uploads\/2026\/09\/se-cumplen-40-anos-del-disco-que-cambio-la-musica-en-espanol-y-toda-una-generacion-lo-descubre-ahora-7721.jpg","datePublished":"2026-09-02T11:00:00+00:00","dateModified":"2026-09-01T15:31:05+00:00","breadcrumb":{"@id":"https:\/\/web.consaguirre.com.ar\/noticias\/se-cumplen-40-anos-del-disco-que-cambio-la-musica-en-espanol-y-toda-una-generacion-lo-descubre-ahora\/#breadcrumb"},"inLanguage":"es-AR","potentialAction":[{"@type":"ReadAction","target":["https:\/\/web.consaguirre.com.ar\/noticias\/se-cumplen-40-anos-del-disco-que-cambio-la-musica-en-espanol-y-toda-una-generacion-lo-descubre-ahora\/"]}]},{"@type":"ImageObject","inLanguage":"es-AR","@id":"https:\/\/web.consaguirre.com.ar\/noticias\/se-cumplen-40-anos-del-disco-que-cambio-la-musica-en-espanol-y-toda-una-generacion-lo-descubre-ahora\/#primaryimage","url":"https:\/\/web.consaguirre.com.ar\/noticias\/wp-content\/uploads\/2026\/09\/se-cumplen-40-anos-del-disco-que-cambio-la-musica-en-espanol-y-toda-una-generacion-lo-descubre-ahora-7721.jpg","contentUrl":"https:\/\/web.consaguirre.com.ar\/noticias\/wp-content\/uploads\/2026\/09\/se-cumplen-40-anos-del-disco-que-cambio-la-musica-en-espanol-y-toda-una-generacion-lo-descubre-ahora-7721.jpg","width":1536,"height":864,"caption":"Se cumplen 40 a\u00f1os del disco que cambi\u00f3 la m\u00fasica en espa\u00f1ol y toda una generaci\u00f3n lo descubre ahora"},{"@type":"BreadcrumbList","@id":"https:\/\/web.consaguirre.com.ar\/noticias\/se-cumplen-40-anos-del-disco-que-cambio-la-musica-en-espanol-y-toda-una-generacion-lo-descubre-ahora\/#breadcrumb","itemListElement":[{"@type":"ListItem","position":1,"name":"Inicio","item":"https:\/\/web.consaguirre.com.ar\/noticias\/"},{"@type":"ListItem","position":2,"name":"Se cumplen 40 a\u00f1os del disco que cambi\u00f3 la m\u00fasica en espa\u00f1ol y toda una generaci\u00f3n lo descubre ahora"}]},{"@type":"WebSite","@id":"https:\/\/web.consaguirre.com.ar\/noticias\/#website","url":"https:\/\/web.consaguirre.com.ar\/noticias\/","name":"Conservatorio de M\u00fasica Juli\u00e1n Aguirre","description":"","publisher":{"@id":"https:\/\/web.consaguirre.com.ar\/noticias\/#organization"},"potentialAction":[{"@type":"SearchAction","target":{"@type":"EntryPoint","urlTemplate":"https:\/\/web.consaguirre.com.ar\/noticias\/?s={search_term_string}"},"query-input":"required name=search_term_string"}],"inLanguage":"es-AR"},{"@type":"Organization","@id":"https:\/\/web.consaguirre.com.ar\/noticias\/#organization","name":"Conservatorio de M\u00fasica Juli\u00e1n Aguirre","url":"https:\/\/web.consaguirre.com.ar\/noticias\/","logo":{"@type":"ImageObject","inLanguage":"es-AR","@id":"https:\/\/web.consaguirre.com.ar\/noticias\/#\/schema\/logo\/image\/","url":"https:\/\/web.consaguirre.com.ar\/noticias\/wp-content\/uploads\/2024\/08\/Banner-Aguirre-23.jpg","contentUrl":"https:\/\/web.consaguirre.com.ar\/noticias\/wp-content\/uploads\/2024\/08\/Banner-Aguirre-23.jpg","width":1192,"height":600,"caption":"Conservatorio de M\u00fasica Juli\u00e1n Aguirre"},"image":{"@id":"https:\/\/web.consaguirre.com.ar\/noticias\/#\/schema\/logo\/image\/"}},{"@type":"Person","@id":"https:\/\/web.consaguirre.com.ar\/noticias\/#\/schema\/person\/6558b0cfedee7ddc5425602b237d5722","name":"Javier Figueroa","image":{"@type":"ImageObject","inLanguage":"es-AR","@id":"https:\/\/web.consaguirre.com.ar\/noticias\/#\/schema\/person\/image\/","url":"https:\/\/web.consaguirre.com.ar\/noticias\/wp-content\/uploads\/2024\/08\/Consaguirre-scaled.jpg","contentUrl":"https:\/\/web.consaguirre.com.ar\/noticias\/wp-content\/uploads\/2024\/08\/Consaguirre-scaled.jpg","caption":"Javier Figueroa"},"description":"Me llamo Javier Figueroa y soy redactor para el sitio oficial del Conservatorio de M\u00fasica Juli\u00e1n Aguirre en Buenos Aires, consaguirre.com. Apasionado por la m\u00fasica y la escritura, me esfuerzo por destacar los talentos y eventos de nuestra prestigiosa instituci\u00f3n. Mi trayectoria se nutre de una profunda admiraci\u00f3n por los artistas, haciendo de cada art\u00edculo una celebraci\u00f3n de la creatividad y la cultura musical.","sameAs":["https:\/\/web.consaguirre.com.ar\/noticias"]}]}},"_links":{"self":[{"href":"https:\/\/web.consaguirre.com.ar\/noticias\/wp-json\/wp\/v2\/posts\/7721"}],"collection":[{"href":"https:\/\/web.consaguirre.com.ar\/noticias\/wp-json\/wp\/v2\/posts"}],"about":[{"href":"https:\/\/web.consaguirre.com.ar\/noticias\/wp-json\/wp\/v2\/types\/post"}],"author":[{"embeddable":true,"href":"https:\/\/web.consaguirre.com.ar\/noticias\/wp-json\/wp\/v2\/users\/1"}],"replies":[{"embeddable":true,"href":"https:\/\/web.consaguirre.com.ar\/noticias\/wp-json\/wp\/v2\/comments?post=7721"}],"version-history":[{"count":1,"href":"https:\/\/web.consaguirre.com.ar\/noticias\/wp-json\/wp\/v2\/posts\/7721\/revisions"}],"predecessor-version":[{"id":7735,"href":"https:\/\/web.consaguirre.com.ar\/noticias\/wp-json\/wp\/v2\/posts\/7721\/revisions\/7735"}],"wp:featuredmedia":[{"embeddable":true,"href":"https:\/\/web.consaguirre.com.ar\/noticias\/wp-json\/wp\/v2\/media\/7755"}],"wp:attachment":[{"href":"https:\/\/web.consaguirre.com.ar\/noticias\/wp-json\/wp\/v2\/media?parent=7721"}],"wp:term":[{"taxonomy":"category","embeddable":true,"href":"https:\/\/web.consaguirre.com.ar\/noticias\/wp-json\/wp\/v2\/categories?post=7721"},{"taxonomy":"post_tag","embeddable":true,"href":"https:\/\/web.consaguirre.com.ar\/noticias\/wp-json\/wp\/v2\/tags?post=7721"}],"curies":[{"name":"wp","href":"https:\/\/api.w.org\/{rel}","templated":true}]}}