{"id":7716,"date":"2026-09-01T09:38:20","date_gmt":"2026-09-01T12:38:20","guid":{"rendered":"https:\/\/web.consaguirre.com.ar\/noticias\/u2-comparte-la-portada-de-yeah-yeah-yeah-yeah-yeah-de-the-pogues\/"},"modified":"2026-09-01T09:38:21","modified_gmt":"2026-09-01T12:38:21","slug":"u2-comparte-la-portada-de-yeah-yeah-yeah-yeah-yeah-de-the-pogues","status":"publish","type":"post","link":"https:\/\/web.consaguirre.com.ar\/noticias\/u2-comparte-la-portada-de-yeah-yeah-yeah-yeah-yeah-de-the-pogues\/","title":{"rendered":"U2 comparte la portada de &#8216;Yeah Yeah Yeah Yeah Yeah&#8217; de The Pogues"},"content":{"rendered":"<p>U2 ha compartido su contribuci\u00f3n a la alineaci\u00f3n repleta de estrellas del pr\u00f3ximo \u00e1lbum tributo. <em>Paddy del siglo XX &#8211; Las canciones de Shane MacGowan<\/em>. La banda ha versionado el cl\u00e1sico de 1988 de los Pogues, \u201cYeah Yeah Yeah Yeah Yeah\u201d, para la colecci\u00f3n, que se lanzar\u00e1 el 13 de noviembre a trav\u00e9s de Rubyworks.<\/p>\n<p>El LP tambi\u00e9n incluir\u00e1 versiones de MacGowan de Bruce Springsteen, Tom Waits, Primal Scream, Steve Earle, Kate Moss y Dropkick Murphys. Al menos el 50% de las regal\u00edas del artista del \u00e1lbum se donar\u00e1n a Dublin Simon Community en honor a la conexi\u00f3n a largo plazo de MacGowan con la organizaci\u00f3n y su compromiso de apoyar a quienes se encuentran sin hogar. El m\u00fasico irland\u00e9s falleci\u00f3 en 2023.<\/p>\n<p>&#8220;Shane MacGowan estaba lleno de contradicciones, y ah\u00ed es donde viv\u00eda su verdad&#8221;, escribe The Edge en un comunicado al presentar la portada. A\u00f1ade que MacGowan pod\u00eda ser &#8220;preciso sobre lo que importaba y gloriosamente descuidado sobre todo lo dem\u00e1s. Si eso suena como una especie de actuaci\u00f3n, tal vez lo sea. Pero como dijo Oscar Wilde, &#8216;una m\u00e1scara nos dice m\u00e1s que un rostro&#8217;. La sonrisa torcida, el desenfreno, las inflexiones de la vieja Irlanda&#8230; no eran tanto disfraces como se\u00f1ales. Una forma de situarse en un linaje que iba desde el narrador de pub hasta el escenario punk\u201d.<\/p>\n<p>Al anunciar la lista completa de canciones, la viuda de MacGowan, Victoria Mary Clarke, dijo: &#8220;No es posible decir cu\u00e1nto significa para m\u00ed y para la familia de Shane que esta extraordinaria colecci\u00f3n de sus canciones se cante en homenaje a \u00e9l, a su trabajo y a la m\u00fasica irlandesa. Cuando conoc\u00ed a Shane a principios de los 80, estaba inflamado por una misi\u00f3n poderosa y apasionada de llevar la m\u00fasica, la historia y la cultura irlandesas a la atenci\u00f3n del mundo a trav\u00e9s de su composici\u00f3n. Lo hizo sentir como el m\u00e1s feliz. hombre vivo para saber que hab\u00eda logrado su misi\u00f3n, y que hubo muchos m\u00e1s m\u00fasicos que vinieron despu\u00e9s de \u00e9l y que tomaron esa antorcha y encendieron fuegos con ella en lugares que ni siquiera hab\u00eda so\u00f1ado\u201d.<\/p>\n<p>En julio, U2 lanz\u00f3 una nueva canci\u00f3n llamada \u201cStreet of Dreams\u201d. La canci\u00f3n es el primer adelanto del nuevo \u00e1lbum de estudio de la banda a\u00fan por anunciar, el primero en nueve a\u00f1os, que saldr\u00e1 a finales de este a\u00f1o. El lanzamiento sigue al \u00e1lbum de estudio de larga duraci\u00f3n m\u00e1s reciente de la banda, <em>Canciones de experiencia<\/em>que lleg\u00f3 en 2017.<\/p>\n<p><b>Escuche la versi\u00f3n de U2 de \u201cYeah Yeah Yeah Yeah Yeah\u201d aqu\u00ed.<\/b><\/p>\n","protected":false},"excerpt":{"rendered":"<p>U2 ha compartido su contribuci\u00f3n a la alineaci\u00f3n repleta de estrellas del pr\u00f3ximo \u00e1lbum tributo. Paddy del siglo XX &#8211; Las canciones de Shane MacGowan.<\/p>\n","protected":false},"author":1,"featured_media":7717,"comment_status":"closed","ping_status":"","sticky":false,"template":"","format":"standard","meta":{"footnotes":""},"categories":[50],"tags":[201,5211,1519,5210],"class_list":["post-7716","post","type-post","status-publish","format-standard","has-post-thumbnail","hentry","category-el-ultimo","tag-comparte","tag-pogues","tag-portada","tag-yeah","generate-columns","tablet-grid-50","mobile-grid-100","grid-parent","grid-50"],"yoast_head":"<!-- This site is optimized with the Yoast SEO plugin v23.3 - https:\/\/yoast.com\/wordpress\/plugins\/seo\/ -->\n<title>U2 comparte la portada de &#039;Yeah Yeah Yeah Yeah Yeah&#039; de The Pogues<\/title>\n<meta name=\"robots\" content=\"index, follow, max-snippet:-1, max-image-preview:large, max-video-preview:-1\" \/>\n<link rel=\"canonical\" href=\"https:\/\/web.consaguirre.com.ar\/noticias\/u2-comparte-la-portada-de-yeah-yeah-yeah-yeah-yeah-de-the-pogues\/\" \/>\n<meta property=\"og:locale\" content=\"es_ES\" \/>\n<meta property=\"og:type\" content=\"article\" \/>\n<meta property=\"og:title\" content=\"U2 comparte la portada de &#039;Yeah Yeah Yeah Yeah Yeah&#039; de The Pogues\" \/>\n<meta property=\"og:description\" content=\"U2 ha compartido su contribuci\u00f3n a la alineaci\u00f3n repleta de estrellas del pr\u00f3ximo \u00e1lbum tributo. Paddy del siglo XX &#8211; Las canciones de Shane MacGowan.\" \/>\n<meta property=\"og:url\" content=\"https:\/\/web.consaguirre.com.ar\/noticias\/u2-comparte-la-portada-de-yeah-yeah-yeah-yeah-yeah-de-the-pogues\/\" \/>\n<meta property=\"og:site_name\" content=\"Conservatorio de M\u00fasica Juli\u00e1n Aguirre\" \/>\n<meta property=\"article:published_time\" content=\"2026-09-01T12:38:20+00:00\" \/>\n<meta property=\"article:modified_time\" content=\"2026-09-01T12:38:21+00:00\" \/>\n<meta property=\"og:image\" content=\"https:\/\/web.consaguirre.com.ar\/noticias\/wp-content\/uploads\/2026\/09\/U2-comparte-la-portada-de-Yeah-Yeah-Yeah-Yeah-Yeah.jpg\" \/>\n\t<meta property=\"og:image:width\" content=\"820\" \/>\n\t<meta property=\"og:image:height\" content=\"820\" \/>\n\t<meta property=\"og:image:type\" content=\"image\/jpeg\" \/>\n<meta name=\"author\" content=\"Javier Figueroa\" \/>\n<meta name=\"twitter:card\" content=\"summary_large_image\" \/>\n<meta name=\"twitter:label1\" content=\"Escrito por\" \/>\n\t<meta name=\"twitter:data1\" content=\"Javier Figueroa\" \/>\n\t<meta name=\"twitter:label2\" content=\"Tiempo de lectura\" \/>\n\t<meta name=\"twitter:data2\" content=\"2 minutos\" \/>\n<script type=\"application\/ld+json\" class=\"yoast-schema-graph\">{\"@context\":\"https:\/\/schema.org\",\"@graph\":[{\"@type\":\"Article\",\"@id\":\"https:\/\/web.consaguirre.com.ar\/noticias\/u2-comparte-la-portada-de-yeah-yeah-yeah-yeah-yeah-de-the-pogues\/#article\",\"isPartOf\":{\"@id\":\"https:\/\/web.consaguirre.com.ar\/noticias\/u2-comparte-la-portada-de-yeah-yeah-yeah-yeah-yeah-de-the-pogues\/\"},\"author\":{\"name\":\"Javier Figueroa\",\"@id\":\"https:\/\/web.consaguirre.com.ar\/noticias\/#\/schema\/person\/6558b0cfedee7ddc5425602b237d5722\"},\"headline\":\"U2 comparte la portada de &#8216;Yeah Yeah Yeah Yeah Yeah&#8217; de The Pogues\",\"datePublished\":\"2026-09-01T12:38:20+00:00\",\"dateModified\":\"2026-09-01T12:38:21+00:00\",\"mainEntityOfPage\":{\"@id\":\"https:\/\/web.consaguirre.com.ar\/noticias\/u2-comparte-la-portada-de-yeah-yeah-yeah-yeah-yeah-de-the-pogues\/\"},\"wordCount\":479,\"publisher\":{\"@id\":\"https:\/\/web.consaguirre.com.ar\/noticias\/#organization\"},\"image\":{\"@id\":\"https:\/\/web.consaguirre.com.ar\/noticias\/u2-comparte-la-portada-de-yeah-yeah-yeah-yeah-yeah-de-the-pogues\/#primaryimage\"},\"thumbnailUrl\":\"https:\/\/web.consaguirre.com.ar\/noticias\/wp-content\/uploads\/2026\/09\/U2-comparte-la-portada-de-Yeah-Yeah-Yeah-Yeah-Yeah.jpg\",\"keywords\":[\"comparte\",\"Pogues\",\"portada\",\"Yeah\"],\"articleSection\":[\"El \u00faltimo\"],\"inLanguage\":\"es-AR\"},{\"@type\":\"WebPage\",\"@id\":\"https:\/\/web.consaguirre.com.ar\/noticias\/u2-comparte-la-portada-de-yeah-yeah-yeah-yeah-yeah-de-the-pogues\/\",\"url\":\"https:\/\/web.consaguirre.com.ar\/noticias\/u2-comparte-la-portada-de-yeah-yeah-yeah-yeah-yeah-de-the-pogues\/\",\"name\":\"U2 comparte la portada de 'Yeah Yeah Yeah Yeah Yeah' de The Pogues\",\"isPartOf\":{\"@id\":\"https:\/\/web.consaguirre.com.ar\/noticias\/#website\"},\"primaryImageOfPage\":{\"@id\":\"https:\/\/web.consaguirre.com.ar\/noticias\/u2-comparte-la-portada-de-yeah-yeah-yeah-yeah-yeah-de-the-pogues\/#primaryimage\"},\"image\":{\"@id\":\"https:\/\/web.consaguirre.com.ar\/noticias\/u2-comparte-la-portada-de-yeah-yeah-yeah-yeah-yeah-de-the-pogues\/#primaryimage\"},\"thumbnailUrl\":\"https:\/\/web.consaguirre.com.ar\/noticias\/wp-content\/uploads\/2026\/09\/U2-comparte-la-portada-de-Yeah-Yeah-Yeah-Yeah-Yeah.jpg\",\"datePublished\":\"2026-09-01T12:38:20+00:00\",\"dateModified\":\"2026-09-01T12:38:21+00:00\",\"breadcrumb\":{\"@id\":\"https:\/\/web.consaguirre.com.ar\/noticias\/u2-comparte-la-portada-de-yeah-yeah-yeah-yeah-yeah-de-the-pogues\/#breadcrumb\"},\"inLanguage\":\"es-AR\",\"potentialAction\":[{\"@type\":\"ReadAction\",\"target\":[\"https:\/\/web.consaguirre.com.ar\/noticias\/u2-comparte-la-portada-de-yeah-yeah-yeah-yeah-yeah-de-the-pogues\/\"]}]},{\"@type\":\"ImageObject\",\"inLanguage\":\"es-AR\",\"@id\":\"https:\/\/web.consaguirre.com.ar\/noticias\/u2-comparte-la-portada-de-yeah-yeah-yeah-yeah-yeah-de-the-pogues\/#primaryimage\",\"url\":\"https:\/\/web.consaguirre.com.ar\/noticias\/wp-content\/uploads\/2026\/09\/U2-comparte-la-portada-de-Yeah-Yeah-Yeah-Yeah-Yeah.jpg\",\"contentUrl\":\"https:\/\/web.consaguirre.com.ar\/noticias\/wp-content\/uploads\/2026\/09\/U2-comparte-la-portada-de-Yeah-Yeah-Yeah-Yeah-Yeah.jpg\",\"width\":820,\"height\":820,\"caption\":\"U2 Yeah Yeah Yeah Yeah Yeah\"},{\"@type\":\"BreadcrumbList\",\"@id\":\"https:\/\/web.consaguirre.com.ar\/noticias\/u2-comparte-la-portada-de-yeah-yeah-yeah-yeah-yeah-de-the-pogues\/#breadcrumb\",\"itemListElement\":[{\"@type\":\"ListItem\",\"position\":1,\"name\":\"Inicio\",\"item\":\"https:\/\/web.consaguirre.com.ar\/noticias\/\"},{\"@type\":\"ListItem\",\"position\":2,\"name\":\"U2 comparte la portada de &#8216;Yeah Yeah Yeah Yeah Yeah&#8217; de The Pogues\"}]},{\"@type\":\"WebSite\",\"@id\":\"https:\/\/web.consaguirre.com.ar\/noticias\/#website\",\"url\":\"https:\/\/web.consaguirre.com.ar\/noticias\/\",\"name\":\"Conservatorio de M\u00fasica Juli\u00e1n Aguirre\",\"description\":\"\",\"publisher\":{\"@id\":\"https:\/\/web.consaguirre.com.ar\/noticias\/#organization\"},\"potentialAction\":[{\"@type\":\"SearchAction\",\"target\":{\"@type\":\"EntryPoint\",\"urlTemplate\":\"https:\/\/web.consaguirre.com.ar\/noticias\/?s={search_term_string}\"},\"query-input\":\"required name=search_term_string\"}],\"inLanguage\":\"es-AR\"},{\"@type\":\"Organization\",\"@id\":\"https:\/\/web.consaguirre.com.ar\/noticias\/#organization\",\"name\":\"Conservatorio de M\u00fasica Juli\u00e1n Aguirre\",\"url\":\"https:\/\/web.consaguirre.com.ar\/noticias\/\",\"logo\":{\"@type\":\"ImageObject\",\"inLanguage\":\"es-AR\",\"@id\":\"https:\/\/web.consaguirre.com.ar\/noticias\/#\/schema\/logo\/image\/\",\"url\":\"https:\/\/web.consaguirre.com.ar\/noticias\/wp-content\/uploads\/2024\/08\/Banner-Aguirre-23.jpg\",\"contentUrl\":\"https:\/\/web.consaguirre.com.ar\/noticias\/wp-content\/uploads\/2024\/08\/Banner-Aguirre-23.jpg\",\"width\":1192,\"height\":600,\"caption\":\"Conservatorio de M\u00fasica Juli\u00e1n Aguirre\"},\"image\":{\"@id\":\"https:\/\/web.consaguirre.com.ar\/noticias\/#\/schema\/logo\/image\/\"}},{\"@type\":\"Person\",\"@id\":\"https:\/\/web.consaguirre.com.ar\/noticias\/#\/schema\/person\/6558b0cfedee7ddc5425602b237d5722\",\"name\":\"Javier Figueroa\",\"image\":{\"@type\":\"ImageObject\",\"inLanguage\":\"es-AR\",\"@id\":\"https:\/\/web.consaguirre.com.ar\/noticias\/#\/schema\/person\/image\/\",\"url\":\"https:\/\/web.consaguirre.com.ar\/noticias\/wp-content\/uploads\/2024\/08\/Consaguirre-scaled.jpg\",\"contentUrl\":\"https:\/\/web.consaguirre.com.ar\/noticias\/wp-content\/uploads\/2024\/08\/Consaguirre-scaled.jpg\",\"caption\":\"Javier Figueroa\"},\"description\":\"Me llamo Javier Figueroa y soy redactor para el sitio oficial del Conservatorio de M\u00fasica Juli\u00e1n Aguirre en Buenos Aires, consaguirre.com. Apasionado por la m\u00fasica y la escritura, me esfuerzo por destacar los talentos y eventos de nuestra prestigiosa instituci\u00f3n. Mi trayectoria se nutre de una profunda admiraci\u00f3n por los artistas, haciendo de cada art\u00edculo una celebraci\u00f3n de la creatividad y la cultura musical.\",\"sameAs\":[\"https:\/\/web.consaguirre.com.ar\/noticias\"]}]}<\/script>\n<!-- \/ Yoast SEO plugin. -->","yoast_head_json":{"title":"U2 comparte la portada de 'Yeah Yeah Yeah Yeah Yeah' de The Pogues","robots":{"index":"index","follow":"follow","max-snippet":"max-snippet:-1","max-image-preview":"max-image-preview:large","max-video-preview":"max-video-preview:-1"},"canonical":"https:\/\/web.consaguirre.com.ar\/noticias\/u2-comparte-la-portada-de-yeah-yeah-yeah-yeah-yeah-de-the-pogues\/","og_locale":"es_ES","og_type":"article","og_title":"U2 comparte la portada de 'Yeah Yeah Yeah Yeah Yeah' de The Pogues","og_description":"U2 ha compartido su contribuci\u00f3n a la alineaci\u00f3n repleta de estrellas del pr\u00f3ximo \u00e1lbum tributo. Paddy del siglo XX &#8211; Las canciones de Shane MacGowan.","og_url":"https:\/\/web.consaguirre.com.ar\/noticias\/u2-comparte-la-portada-de-yeah-yeah-yeah-yeah-yeah-de-the-pogues\/","og_site_name":"Conservatorio de M\u00fasica Juli\u00e1n Aguirre","article_published_time":"2026-09-01T12:38:20+00:00","article_modified_time":"2026-09-01T12:38:21+00:00","og_image":[{"width":820,"height":820,"url":"https:\/\/web.consaguirre.com.ar\/noticias\/wp-content\/uploads\/2026\/09\/U2-comparte-la-portada-de-Yeah-Yeah-Yeah-Yeah-Yeah.jpg","type":"image\/jpeg"}],"author":"Javier Figueroa","twitter_card":"summary_large_image","twitter_misc":{"Escrito por":"Javier Figueroa","Tiempo de lectura":"2 minutos"},"schema":{"@context":"https:\/\/schema.org","@graph":[{"@type":"Article","@id":"https:\/\/web.consaguirre.com.ar\/noticias\/u2-comparte-la-portada-de-yeah-yeah-yeah-yeah-yeah-de-the-pogues\/#article","isPartOf":{"@id":"https:\/\/web.consaguirre.com.ar\/noticias\/u2-comparte-la-portada-de-yeah-yeah-yeah-yeah-yeah-de-the-pogues\/"},"author":{"name":"Javier Figueroa","@id":"https:\/\/web.consaguirre.com.ar\/noticias\/#\/schema\/person\/6558b0cfedee7ddc5425602b237d5722"},"headline":"U2 comparte la portada de &#8216;Yeah Yeah Yeah Yeah Yeah&#8217; de The Pogues","datePublished":"2026-09-01T12:38:20+00:00","dateModified":"2026-09-01T12:38:21+00:00","mainEntityOfPage":{"@id":"https:\/\/web.consaguirre.com.ar\/noticias\/u2-comparte-la-portada-de-yeah-yeah-yeah-yeah-yeah-de-the-pogues\/"},"wordCount":479,"publisher":{"@id":"https:\/\/web.consaguirre.com.ar\/noticias\/#organization"},"image":{"@id":"https:\/\/web.consaguirre.com.ar\/noticias\/u2-comparte-la-portada-de-yeah-yeah-yeah-yeah-yeah-de-the-pogues\/#primaryimage"},"thumbnailUrl":"https:\/\/web.consaguirre.com.ar\/noticias\/wp-content\/uploads\/2026\/09\/U2-comparte-la-portada-de-Yeah-Yeah-Yeah-Yeah-Yeah.jpg","keywords":["comparte","Pogues","portada","Yeah"],"articleSection":["El \u00faltimo"],"inLanguage":"es-AR"},{"@type":"WebPage","@id":"https:\/\/web.consaguirre.com.ar\/noticias\/u2-comparte-la-portada-de-yeah-yeah-yeah-yeah-yeah-de-the-pogues\/","url":"https:\/\/web.consaguirre.com.ar\/noticias\/u2-comparte-la-portada-de-yeah-yeah-yeah-yeah-yeah-de-the-pogues\/","name":"U2 comparte la portada de 'Yeah Yeah Yeah Yeah Yeah' de The Pogues","isPartOf":{"@id":"https:\/\/web.consaguirre.com.ar\/noticias\/#website"},"primaryImageOfPage":{"@id":"https:\/\/web.consaguirre.com.ar\/noticias\/u2-comparte-la-portada-de-yeah-yeah-yeah-yeah-yeah-de-the-pogues\/#primaryimage"},"image":{"@id":"https:\/\/web.consaguirre.com.ar\/noticias\/u2-comparte-la-portada-de-yeah-yeah-yeah-yeah-yeah-de-the-pogues\/#primaryimage"},"thumbnailUrl":"https:\/\/web.consaguirre.com.ar\/noticias\/wp-content\/uploads\/2026\/09\/U2-comparte-la-portada-de-Yeah-Yeah-Yeah-Yeah-Yeah.jpg","datePublished":"2026-09-01T12:38:20+00:00","dateModified":"2026-09-01T12:38:21+00:00","breadcrumb":{"@id":"https:\/\/web.consaguirre.com.ar\/noticias\/u2-comparte-la-portada-de-yeah-yeah-yeah-yeah-yeah-de-the-pogues\/#breadcrumb"},"inLanguage":"es-AR","potentialAction":[{"@type":"ReadAction","target":["https:\/\/web.consaguirre.com.ar\/noticias\/u2-comparte-la-portada-de-yeah-yeah-yeah-yeah-yeah-de-the-pogues\/"]}]},{"@type":"ImageObject","inLanguage":"es-AR","@id":"https:\/\/web.consaguirre.com.ar\/noticias\/u2-comparte-la-portada-de-yeah-yeah-yeah-yeah-yeah-de-the-pogues\/#primaryimage","url":"https:\/\/web.consaguirre.com.ar\/noticias\/wp-content\/uploads\/2026\/09\/U2-comparte-la-portada-de-Yeah-Yeah-Yeah-Yeah-Yeah.jpg","contentUrl":"https:\/\/web.consaguirre.com.ar\/noticias\/wp-content\/uploads\/2026\/09\/U2-comparte-la-portada-de-Yeah-Yeah-Yeah-Yeah-Yeah.jpg","width":820,"height":820,"caption":"U2 Yeah Yeah Yeah Yeah Yeah"},{"@type":"BreadcrumbList","@id":"https:\/\/web.consaguirre.com.ar\/noticias\/u2-comparte-la-portada-de-yeah-yeah-yeah-yeah-yeah-de-the-pogues\/#breadcrumb","itemListElement":[{"@type":"ListItem","position":1,"name":"Inicio","item":"https:\/\/web.consaguirre.com.ar\/noticias\/"},{"@type":"ListItem","position":2,"name":"U2 comparte la portada de &#8216;Yeah Yeah Yeah Yeah Yeah&#8217; de The Pogues"}]},{"@type":"WebSite","@id":"https:\/\/web.consaguirre.com.ar\/noticias\/#website","url":"https:\/\/web.consaguirre.com.ar\/noticias\/","name":"Conservatorio de M\u00fasica Juli\u00e1n Aguirre","description":"","publisher":{"@id":"https:\/\/web.consaguirre.com.ar\/noticias\/#organization"},"potentialAction":[{"@type":"SearchAction","target":{"@type":"EntryPoint","urlTemplate":"https:\/\/web.consaguirre.com.ar\/noticias\/?s={search_term_string}"},"query-input":"required name=search_term_string"}],"inLanguage":"es-AR"},{"@type":"Organization","@id":"https:\/\/web.consaguirre.com.ar\/noticias\/#organization","name":"Conservatorio de M\u00fasica Juli\u00e1n Aguirre","url":"https:\/\/web.consaguirre.com.ar\/noticias\/","logo":{"@type":"ImageObject","inLanguage":"es-AR","@id":"https:\/\/web.consaguirre.com.ar\/noticias\/#\/schema\/logo\/image\/","url":"https:\/\/web.consaguirre.com.ar\/noticias\/wp-content\/uploads\/2024\/08\/Banner-Aguirre-23.jpg","contentUrl":"https:\/\/web.consaguirre.com.ar\/noticias\/wp-content\/uploads\/2024\/08\/Banner-Aguirre-23.jpg","width":1192,"height":600,"caption":"Conservatorio de M\u00fasica Juli\u00e1n Aguirre"},"image":{"@id":"https:\/\/web.consaguirre.com.ar\/noticias\/#\/schema\/logo\/image\/"}},{"@type":"Person","@id":"https:\/\/web.consaguirre.com.ar\/noticias\/#\/schema\/person\/6558b0cfedee7ddc5425602b237d5722","name":"Javier Figueroa","image":{"@type":"ImageObject","inLanguage":"es-AR","@id":"https:\/\/web.consaguirre.com.ar\/noticias\/#\/schema\/person\/image\/","url":"https:\/\/web.consaguirre.com.ar\/noticias\/wp-content\/uploads\/2024\/08\/Consaguirre-scaled.jpg","contentUrl":"https:\/\/web.consaguirre.com.ar\/noticias\/wp-content\/uploads\/2024\/08\/Consaguirre-scaled.jpg","caption":"Javier Figueroa"},"description":"Me llamo Javier Figueroa y soy redactor para el sitio oficial del Conservatorio de M\u00fasica Juli\u00e1n Aguirre en Buenos Aires, consaguirre.com. Apasionado por la m\u00fasica y la escritura, me esfuerzo por destacar los talentos y eventos de nuestra prestigiosa instituci\u00f3n. Mi trayectoria se nutre de una profunda admiraci\u00f3n por los artistas, haciendo de cada art\u00edculo una celebraci\u00f3n de la creatividad y la cultura musical.","sameAs":["https:\/\/web.consaguirre.com.ar\/noticias"]}]}},"_links":{"self":[{"href":"https:\/\/web.consaguirre.com.ar\/noticias\/wp-json\/wp\/v2\/posts\/7716"}],"collection":[{"href":"https:\/\/web.consaguirre.com.ar\/noticias\/wp-json\/wp\/v2\/posts"}],"about":[{"href":"https:\/\/web.consaguirre.com.ar\/noticias\/wp-json\/wp\/v2\/types\/post"}],"author":[{"embeddable":true,"href":"https:\/\/web.consaguirre.com.ar\/noticias\/wp-json\/wp\/v2\/users\/1"}],"replies":[{"embeddable":true,"href":"https:\/\/web.consaguirre.com.ar\/noticias\/wp-json\/wp\/v2\/comments?post=7716"}],"version-history":[{"count":1,"href":"https:\/\/web.consaguirre.com.ar\/noticias\/wp-json\/wp\/v2\/posts\/7716\/revisions"}],"predecessor-version":[{"id":7718,"href":"https:\/\/web.consaguirre.com.ar\/noticias\/wp-json\/wp\/v2\/posts\/7716\/revisions\/7718"}],"wp:featuredmedia":[{"embeddable":true,"href":"https:\/\/web.consaguirre.com.ar\/noticias\/wp-json\/wp\/v2\/media\/7717"}],"wp:attachment":[{"href":"https:\/\/web.consaguirre.com.ar\/noticias\/wp-json\/wp\/v2\/media?parent=7716"}],"wp:term":[{"taxonomy":"category","embeddable":true,"href":"https:\/\/web.consaguirre.com.ar\/noticias\/wp-json\/wp\/v2\/categories?post=7716"},{"taxonomy":"post_tag","embeddable":true,"href":"https:\/\/web.consaguirre.com.ar\/noticias\/wp-json\/wp\/v2\/tags?post=7716"}],"curies":[{"name":"wp","href":"https:\/\/api.w.org\/{rel}","templated":true}]}}