{"id":7713,"date":"2026-09-01T06:38:14","date_gmt":"2026-09-01T09:38:14","guid":{"rendered":"https:\/\/web.consaguirre.com.ar\/noticias\/wrapped-tight-de-coleman-hawkins-se-une-a-la-serie-verve-acoustic-sounds\/"},"modified":"2026-09-01T06:38:16","modified_gmt":"2026-09-01T09:38:16","slug":"wrapped-tight-de-coleman-hawkins-se-une-a-la-serie-verve-acoustic-sounds","status":"publish","type":"post","link":"https:\/\/web.consaguirre.com.ar\/noticias\/wrapped-tight-de-coleman-hawkins-se-une-a-la-serie-verve-acoustic-sounds\/","title":{"rendered":"&#8216;Wrapped Tight&#8217; de Coleman Hawkins se une a la serie Verve Acoustic Sounds"},"content":{"rendered":"<p>Publicado originalmente en Impulso! en 1965, <em>Envuelto apretado<\/em> Lleg\u00f3 tarde a la influyente carrera de Coleman Hawkins y fue el \u00faltimo \u00e1lbum lanzado bajo su nombre como l\u00edder de banda durante su vida. Producido por Bob Thiele, el LP encontr\u00f3 al saxofonista tenor continuando evolucionando d\u00e9cadas despu\u00e9s de emerger por primera vez como uno de los innovadores m\u00e1s importantes del instrumento.<\/p>\n<div align='center'>\n<div class=\"udiscover-store-container\">\n<div id='udiscover-store-one-product'><\/div>\n<\/div>\n<p>\/*<!(CDATA(*\/(function (){var scriptURL='https:\/\/sdks.shopifycdn.com\/buy-button\/latest\/buy-button-storefront.min.js';if(window.ShopifyBuy){if(window.ShopifyBuy.UI){ShopifyBuyInit();}else{loadScript();}}else{loadScript();}funci\u00f3n loadScript(){var script=document.createElement('script');script.async=true;script.src=scriptURL;(document.getElementsByTagName('head')(0)|| document.getElementsByTagName('body')(0)).appendChild(script);script.onload=ShopifyBuyInit;} function ShopifyBuyInit(){var cliente=ShopifyBuy.buildClient({dominio:'udiscover.myshopify.com',storefrontAccessToken: 'bdc89f347d2ce61c1feeb9f8c60b2b98',}); ShopifyBuy.UI.onReady(cliente).luego(funci\u00f3n(ui){ ui.createComponent('producto',{ id:(7950275117133), nodo:document.getElementById('udiscover-store-one-product'), moneyFormat:'%24%7B%7Bamount%7D%7D', opciones:{&quot;producto&quot;:{&quot;marco flotante&quot;:FALSO,&quot;eventos&quot;:{antes deInit:funci\u00f3n(producto){Objeto.defineProperty(producto,&quot;es bot\u00f3n&quot;,{get:function(){return true;}});Object.defineProperty(producto,&quot;opciones&quot;{get:function(){return this.config(this.typeKey);}});var actualOnButtonClick=product.onButtonClick;product.onButtonClick=function(event,target) {event.stopImmediatePropagation();this.options.buttonDestination=&quot;modal&quot;;actualOnButtonClick.call(este,evento,objetivo);};}},\n&quot;bot\u00f3nDestino&quot;:&quot;modal&quot;,&quot;contenido&quot;:{&quot;opciones&quot;:verdadero},&quot;texto&quot;:{&quot;bot\u00f3n&quot;:&quot;Ordene ahora&quot;,&quot;Agotado&quot;:&quot;Lo sentimos, esto est\u00e1 agotado.&quot;}},&quot;conjunto de productos&quot;:{&quot;marco flotante&quot;:FALSO},&quot;modalProducto&quot;:{&quot;marco flotante&quot;:FALSO,&quot;contenido&quot;:{&quot;imagen&quot;:FALSO,&quot;imgConCarrusel&quot;:verdadero,&quot;bot\u00f3n&quot;:FALSO,&quot;bot\u00f3nConCantidad&quot;:verdadero}},&quot;modal&quot;:{&quot;marco flotante&quot;:FALSO},&quot;opci\u00f3n&quot;:{&quot;marco flotante&quot;:FALSO},&quot;carro&quot;:{&quot;marco flotante&quot;:FALSO},&quot;palanca&quot;:{&quot;marco flotante&quot;:FALSO,&quot;contenido&quot;:{&quot;icono&quot;:FALSO}},&quot;art\u00edculo de l\u00ednea&quot;:{&quot;marco flotante&quot;:FALSO}},}); }); } })(); \/*))>*\/ <\/div>\n<\/p>\n<p>A Hawkins se unen en el \u00e1lbum los trompetistas Bill Berry y Snooky Young, el trombonista Urbie Green, el pianista Barry Harris, el bajista Buddy Catlett y el baterista Eddie Locke.<\/p>\n<p>Las selecciones del disco abarcan est\u00e1ndares, m\u00fasica de pel\u00edculas antiguas y composiciones del propio Hawkins. Entre ellos se encuentra \u201cIntermezzo\u201d, escrita por Heinz Provost y utilizada en la pel\u00edcula sueca del mismo nombre de 1936, as\u00ed como en su nueva versi\u00f3n estadounidense de 1939. Hawkins tambi\u00e9n adopta est\u00e1ndares que incluyen \u201cRed Roses for a Blue Lady\u201d (lanzado en 1948 por Sid Tepper y Roy C. Bennet) y \u201cI Won&#8217;t Dance\u201d (compuesto por Jerome Kern en 1935), al tiempo que contribuye con su composici\u00f3n original \u201cShe&#8217;s Fit\u201d.<\/p>\n<p><em>Envuelto apretado<\/em> Lleg\u00f3 m\u00e1s de cuatro d\u00e9cadas despu\u00e9s de la carrera discogr\u00e1fica de Hawkins. Apodado &#8220;Hawk&#8221;, el m\u00fasico ayud\u00f3 a establecer el saxof\u00f3n tenor como una voz importante en el jazz, comenzando durante la era del swing y continuando con el surgimiento del bebop y el jazz moderno. Su influencia se extendi\u00f3 a las generaciones de saxofonistas que lo siguieron. Miles Davis dijo una vez sobre Hawkins: &#8220;Cuando escuch\u00e9 a Hawk, aprend\u00ed a tocar baladas&#8221;.<\/p>\n<p>el nuevo <em>Envuelto apretado<\/em> La edici\u00f3n est\u00e1 masterizada a partir de las cintas anal\u00f3gicas originales por Matthew Lutthans y prensada en vinilo de 180 gramos en Quality Record Pressings (QRP). Viene alojado en una funda plegable de alta calidad.<\/p>\n<p>El lanzamiento tambi\u00e9n marca la \u00faltima aparici\u00f3n de Hawkins en la serie Verve Acoustic Sounds. El a\u00f1o pasado, su \u00e1lbum de 1958. <em>Coleman Hawkins y hermanos<\/em> recibi\u00f3 una reedici\u00f3n para audi\u00f3filos. Ese disco cont\u00f3 con Hawkins junto al Oscar Peterson Trio e invitados como Hank Jones, Herb Ellis, Roy Eldridge y Buck Clayton. Hawkins tambi\u00e9n ha aparecido en otros lugares de la serie, incluso en <em>Duke Ellington conoce a Coleman Hawkins<\/em> y Shelly Manne <em>2-3-4<\/em>.<\/p>\n<p><b>Compre la serie Verve Acoustic Sounds ahora.<\/b><\/p>\n","protected":false},"excerpt":{"rendered":"<p>Publicado originalmente en Impulso! en 1965, Envuelto apretado Lleg\u00f3 tarde a la influyente carrera de Coleman Hawkins y fue el \u00faltimo \u00e1lbum lanzado bajo su<\/p>\n","protected":false},"author":1,"featured_media":7714,"comment_status":"closed","ping_status":"","sticky":false,"template":"","format":"standard","meta":{"footnotes":""},"categories":[50],"tags":[1144,3121,3122,220,1503,5209,455,1182,5208],"class_list":["post-7713","post","type-post","status-publish","format-standard","has-post-thumbnail","hentry","category-el-ultimo","tag-acoustic","tag-coleman","tag-hawkins","tag-serie","tag-sounds","tag-tight","tag-une","tag-verve","tag-wrapped","generate-columns","tablet-grid-50","mobile-grid-100","grid-parent","grid-50"],"yoast_head":"<!-- This site is optimized with the Yoast SEO plugin v23.3 - https:\/\/yoast.com\/wordpress\/plugins\/seo\/ -->\n<title>&#039;Wrapped Tight&#039; de Coleman Hawkins se une a la serie Verve Acoustic Sounds<\/title>\n<meta name=\"robots\" content=\"index, follow, max-snippet:-1, max-image-preview:large, max-video-preview:-1\" \/>\n<link rel=\"canonical\" href=\"https:\/\/web.consaguirre.com.ar\/noticias\/wrapped-tight-de-coleman-hawkins-se-une-a-la-serie-verve-acoustic-sounds\/\" \/>\n<meta property=\"og:locale\" content=\"es_ES\" \/>\n<meta property=\"og:type\" content=\"article\" \/>\n<meta property=\"og:title\" content=\"&#039;Wrapped Tight&#039; de Coleman Hawkins se une a la serie Verve Acoustic Sounds\" \/>\n<meta property=\"og:description\" content=\"Publicado originalmente en Impulso! en 1965, Envuelto apretado Lleg\u00f3 tarde a la influyente carrera de Coleman Hawkins y fue el \u00faltimo \u00e1lbum lanzado bajo su\" \/>\n<meta property=\"og:url\" content=\"https:\/\/web.consaguirre.com.ar\/noticias\/wrapped-tight-de-coleman-hawkins-se-une-a-la-serie-verve-acoustic-sounds\/\" \/>\n<meta property=\"og:site_name\" content=\"Conservatorio de M\u00fasica Juli\u00e1n Aguirre\" \/>\n<meta property=\"article:published_time\" content=\"2026-09-01T09:38:14+00:00\" \/>\n<meta property=\"article:modified_time\" content=\"2026-09-01T09:38:16+00:00\" \/>\n<meta property=\"og:image\" content=\"https:\/\/web.consaguirre.com.ar\/noticias\/wp-content\/uploads\/2026\/09\/Wrapped-Tight-de-Coleman-Hawkins-se-une-a-la-serie.jpg\" \/>\n\t<meta property=\"og:image:width\" content=\"820\" \/>\n\t<meta property=\"og:image:height\" content=\"820\" \/>\n\t<meta property=\"og:image:type\" content=\"image\/jpeg\" \/>\n<meta name=\"author\" content=\"Javier Figueroa\" \/>\n<meta name=\"twitter:card\" content=\"summary_large_image\" \/>\n<meta name=\"twitter:label1\" content=\"Escrito por\" \/>\n\t<meta name=\"twitter:data1\" content=\"Javier Figueroa\" \/>\n\t<meta name=\"twitter:label2\" content=\"Tiempo de lectura\" \/>\n\t<meta name=\"twitter:data2\" content=\"2 minutos\" \/>\n<script type=\"application\/ld+json\" class=\"yoast-schema-graph\">{\"@context\":\"https:\/\/schema.org\",\"@graph\":[{\"@type\":\"Article\",\"@id\":\"https:\/\/web.consaguirre.com.ar\/noticias\/wrapped-tight-de-coleman-hawkins-se-une-a-la-serie-verve-acoustic-sounds\/#article\",\"isPartOf\":{\"@id\":\"https:\/\/web.consaguirre.com.ar\/noticias\/wrapped-tight-de-coleman-hawkins-se-une-a-la-serie-verve-acoustic-sounds\/\"},\"author\":{\"name\":\"Javier Figueroa\",\"@id\":\"https:\/\/web.consaguirre.com.ar\/noticias\/#\/schema\/person\/6558b0cfedee7ddc5425602b237d5722\"},\"headline\":\"&#8216;Wrapped Tight&#8217; de Coleman Hawkins se une a la serie Verve Acoustic Sounds\",\"datePublished\":\"2026-09-01T09:38:14+00:00\",\"dateModified\":\"2026-09-01T09:38:16+00:00\",\"mainEntityOfPage\":{\"@id\":\"https:\/\/web.consaguirre.com.ar\/noticias\/wrapped-tight-de-coleman-hawkins-se-une-a-la-serie-verve-acoustic-sounds\/\"},\"wordCount\":409,\"publisher\":{\"@id\":\"https:\/\/web.consaguirre.com.ar\/noticias\/#organization\"},\"image\":{\"@id\":\"https:\/\/web.consaguirre.com.ar\/noticias\/wrapped-tight-de-coleman-hawkins-se-une-a-la-serie-verve-acoustic-sounds\/#primaryimage\"},\"thumbnailUrl\":\"https:\/\/web.consaguirre.com.ar\/noticias\/wp-content\/uploads\/2026\/09\/Wrapped-Tight-de-Coleman-Hawkins-se-une-a-la-serie.jpg\",\"keywords\":[\"Acoustic\",\"Coleman\",\"Hawkins\",\"serie\",\"Sounds\",\"Tight\",\"une\",\"Verve\",\"Wrapped\"],\"articleSection\":[\"El \u00faltimo\"],\"inLanguage\":\"es-AR\"},{\"@type\":\"WebPage\",\"@id\":\"https:\/\/web.consaguirre.com.ar\/noticias\/wrapped-tight-de-coleman-hawkins-se-une-a-la-serie-verve-acoustic-sounds\/\",\"url\":\"https:\/\/web.consaguirre.com.ar\/noticias\/wrapped-tight-de-coleman-hawkins-se-une-a-la-serie-verve-acoustic-sounds\/\",\"name\":\"'Wrapped Tight' de Coleman Hawkins se une a la serie Verve Acoustic Sounds\",\"isPartOf\":{\"@id\":\"https:\/\/web.consaguirre.com.ar\/noticias\/#website\"},\"primaryImageOfPage\":{\"@id\":\"https:\/\/web.consaguirre.com.ar\/noticias\/wrapped-tight-de-coleman-hawkins-se-une-a-la-serie-verve-acoustic-sounds\/#primaryimage\"},\"image\":{\"@id\":\"https:\/\/web.consaguirre.com.ar\/noticias\/wrapped-tight-de-coleman-hawkins-se-une-a-la-serie-verve-acoustic-sounds\/#primaryimage\"},\"thumbnailUrl\":\"https:\/\/web.consaguirre.com.ar\/noticias\/wp-content\/uploads\/2026\/09\/Wrapped-Tight-de-Coleman-Hawkins-se-une-a-la-serie.jpg\",\"datePublished\":\"2026-09-01T09:38:14+00:00\",\"dateModified\":\"2026-09-01T09:38:16+00:00\",\"breadcrumb\":{\"@id\":\"https:\/\/web.consaguirre.com.ar\/noticias\/wrapped-tight-de-coleman-hawkins-se-une-a-la-serie-verve-acoustic-sounds\/#breadcrumb\"},\"inLanguage\":\"es-AR\",\"potentialAction\":[{\"@type\":\"ReadAction\",\"target\":[\"https:\/\/web.consaguirre.com.ar\/noticias\/wrapped-tight-de-coleman-hawkins-se-une-a-la-serie-verve-acoustic-sounds\/\"]}]},{\"@type\":\"ImageObject\",\"inLanguage\":\"es-AR\",\"@id\":\"https:\/\/web.consaguirre.com.ar\/noticias\/wrapped-tight-de-coleman-hawkins-se-une-a-la-serie-verve-acoustic-sounds\/#primaryimage\",\"url\":\"https:\/\/web.consaguirre.com.ar\/noticias\/wp-content\/uploads\/2026\/09\/Wrapped-Tight-de-Coleman-Hawkins-se-une-a-la-serie.jpg\",\"contentUrl\":\"https:\/\/web.consaguirre.com.ar\/noticias\/wp-content\/uploads\/2026\/09\/Wrapped-Tight-de-Coleman-Hawkins-se-une-a-la-serie.jpg\",\"width\":820,\"height\":820,\"caption\":\"Coleman Hughes Wrapped Tight\"},{\"@type\":\"BreadcrumbList\",\"@id\":\"https:\/\/web.consaguirre.com.ar\/noticias\/wrapped-tight-de-coleman-hawkins-se-une-a-la-serie-verve-acoustic-sounds\/#breadcrumb\",\"itemListElement\":[{\"@type\":\"ListItem\",\"position\":1,\"name\":\"Inicio\",\"item\":\"https:\/\/web.consaguirre.com.ar\/noticias\/\"},{\"@type\":\"ListItem\",\"position\":2,\"name\":\"&#8216;Wrapped Tight&#8217; de Coleman Hawkins se une a la serie Verve Acoustic Sounds\"}]},{\"@type\":\"WebSite\",\"@id\":\"https:\/\/web.consaguirre.com.ar\/noticias\/#website\",\"url\":\"https:\/\/web.consaguirre.com.ar\/noticias\/\",\"name\":\"Conservatorio de M\u00fasica Juli\u00e1n Aguirre\",\"description\":\"\",\"publisher\":{\"@id\":\"https:\/\/web.consaguirre.com.ar\/noticias\/#organization\"},\"potentialAction\":[{\"@type\":\"SearchAction\",\"target\":{\"@type\":\"EntryPoint\",\"urlTemplate\":\"https:\/\/web.consaguirre.com.ar\/noticias\/?s={search_term_string}\"},\"query-input\":\"required name=search_term_string\"}],\"inLanguage\":\"es-AR\"},{\"@type\":\"Organization\",\"@id\":\"https:\/\/web.consaguirre.com.ar\/noticias\/#organization\",\"name\":\"Conservatorio de M\u00fasica Juli\u00e1n Aguirre\",\"url\":\"https:\/\/web.consaguirre.com.ar\/noticias\/\",\"logo\":{\"@type\":\"ImageObject\",\"inLanguage\":\"es-AR\",\"@id\":\"https:\/\/web.consaguirre.com.ar\/noticias\/#\/schema\/logo\/image\/\",\"url\":\"https:\/\/web.consaguirre.com.ar\/noticias\/wp-content\/uploads\/2024\/08\/Banner-Aguirre-23.jpg\",\"contentUrl\":\"https:\/\/web.consaguirre.com.ar\/noticias\/wp-content\/uploads\/2024\/08\/Banner-Aguirre-23.jpg\",\"width\":1192,\"height\":600,\"caption\":\"Conservatorio de M\u00fasica Juli\u00e1n Aguirre\"},\"image\":{\"@id\":\"https:\/\/web.consaguirre.com.ar\/noticias\/#\/schema\/logo\/image\/\"}},{\"@type\":\"Person\",\"@id\":\"https:\/\/web.consaguirre.com.ar\/noticias\/#\/schema\/person\/6558b0cfedee7ddc5425602b237d5722\",\"name\":\"Javier Figueroa\",\"image\":{\"@type\":\"ImageObject\",\"inLanguage\":\"es-AR\",\"@id\":\"https:\/\/web.consaguirre.com.ar\/noticias\/#\/schema\/person\/image\/\",\"url\":\"https:\/\/web.consaguirre.com.ar\/noticias\/wp-content\/uploads\/2024\/08\/Consaguirre-scaled.jpg\",\"contentUrl\":\"https:\/\/web.consaguirre.com.ar\/noticias\/wp-content\/uploads\/2024\/08\/Consaguirre-scaled.jpg\",\"caption\":\"Javier Figueroa\"},\"description\":\"Me llamo Javier Figueroa y soy redactor para el sitio oficial del Conservatorio de M\u00fasica Juli\u00e1n Aguirre en Buenos Aires, consaguirre.com. Apasionado por la m\u00fasica y la escritura, me esfuerzo por destacar los talentos y eventos de nuestra prestigiosa instituci\u00f3n. Mi trayectoria se nutre de una profunda admiraci\u00f3n por los artistas, haciendo de cada art\u00edculo una celebraci\u00f3n de la creatividad y la cultura musical.\",\"sameAs\":[\"https:\/\/web.consaguirre.com.ar\/noticias\"]}]}<\/script>\n<!-- \/ Yoast SEO plugin. -->","yoast_head_json":{"title":"'Wrapped Tight' de Coleman Hawkins se une a la serie Verve Acoustic Sounds","robots":{"index":"index","follow":"follow","max-snippet":"max-snippet:-1","max-image-preview":"max-image-preview:large","max-video-preview":"max-video-preview:-1"},"canonical":"https:\/\/web.consaguirre.com.ar\/noticias\/wrapped-tight-de-coleman-hawkins-se-une-a-la-serie-verve-acoustic-sounds\/","og_locale":"es_ES","og_type":"article","og_title":"'Wrapped Tight' de Coleman Hawkins se une a la serie Verve Acoustic Sounds","og_description":"Publicado originalmente en Impulso! en 1965, Envuelto apretado Lleg\u00f3 tarde a la influyente carrera de Coleman Hawkins y fue el \u00faltimo \u00e1lbum lanzado bajo su","og_url":"https:\/\/web.consaguirre.com.ar\/noticias\/wrapped-tight-de-coleman-hawkins-se-une-a-la-serie-verve-acoustic-sounds\/","og_site_name":"Conservatorio de M\u00fasica Juli\u00e1n Aguirre","article_published_time":"2026-09-01T09:38:14+00:00","article_modified_time":"2026-09-01T09:38:16+00:00","og_image":[{"width":820,"height":820,"url":"https:\/\/web.consaguirre.com.ar\/noticias\/wp-content\/uploads\/2026\/09\/Wrapped-Tight-de-Coleman-Hawkins-se-une-a-la-serie.jpg","type":"image\/jpeg"}],"author":"Javier Figueroa","twitter_card":"summary_large_image","twitter_misc":{"Escrito por":"Javier Figueroa","Tiempo de lectura":"2 minutos"},"schema":{"@context":"https:\/\/schema.org","@graph":[{"@type":"Article","@id":"https:\/\/web.consaguirre.com.ar\/noticias\/wrapped-tight-de-coleman-hawkins-se-une-a-la-serie-verve-acoustic-sounds\/#article","isPartOf":{"@id":"https:\/\/web.consaguirre.com.ar\/noticias\/wrapped-tight-de-coleman-hawkins-se-une-a-la-serie-verve-acoustic-sounds\/"},"author":{"name":"Javier Figueroa","@id":"https:\/\/web.consaguirre.com.ar\/noticias\/#\/schema\/person\/6558b0cfedee7ddc5425602b237d5722"},"headline":"&#8216;Wrapped Tight&#8217; de Coleman Hawkins se une a la serie Verve Acoustic Sounds","datePublished":"2026-09-01T09:38:14+00:00","dateModified":"2026-09-01T09:38:16+00:00","mainEntityOfPage":{"@id":"https:\/\/web.consaguirre.com.ar\/noticias\/wrapped-tight-de-coleman-hawkins-se-une-a-la-serie-verve-acoustic-sounds\/"},"wordCount":409,"publisher":{"@id":"https:\/\/web.consaguirre.com.ar\/noticias\/#organization"},"image":{"@id":"https:\/\/web.consaguirre.com.ar\/noticias\/wrapped-tight-de-coleman-hawkins-se-une-a-la-serie-verve-acoustic-sounds\/#primaryimage"},"thumbnailUrl":"https:\/\/web.consaguirre.com.ar\/noticias\/wp-content\/uploads\/2026\/09\/Wrapped-Tight-de-Coleman-Hawkins-se-une-a-la-serie.jpg","keywords":["Acoustic","Coleman","Hawkins","serie","Sounds","Tight","une","Verve","Wrapped"],"articleSection":["El \u00faltimo"],"inLanguage":"es-AR"},{"@type":"WebPage","@id":"https:\/\/web.consaguirre.com.ar\/noticias\/wrapped-tight-de-coleman-hawkins-se-une-a-la-serie-verve-acoustic-sounds\/","url":"https:\/\/web.consaguirre.com.ar\/noticias\/wrapped-tight-de-coleman-hawkins-se-une-a-la-serie-verve-acoustic-sounds\/","name":"'Wrapped Tight' de Coleman Hawkins se une a la serie Verve Acoustic Sounds","isPartOf":{"@id":"https:\/\/web.consaguirre.com.ar\/noticias\/#website"},"primaryImageOfPage":{"@id":"https:\/\/web.consaguirre.com.ar\/noticias\/wrapped-tight-de-coleman-hawkins-se-une-a-la-serie-verve-acoustic-sounds\/#primaryimage"},"image":{"@id":"https:\/\/web.consaguirre.com.ar\/noticias\/wrapped-tight-de-coleman-hawkins-se-une-a-la-serie-verve-acoustic-sounds\/#primaryimage"},"thumbnailUrl":"https:\/\/web.consaguirre.com.ar\/noticias\/wp-content\/uploads\/2026\/09\/Wrapped-Tight-de-Coleman-Hawkins-se-une-a-la-serie.jpg","datePublished":"2026-09-01T09:38:14+00:00","dateModified":"2026-09-01T09:38:16+00:00","breadcrumb":{"@id":"https:\/\/web.consaguirre.com.ar\/noticias\/wrapped-tight-de-coleman-hawkins-se-une-a-la-serie-verve-acoustic-sounds\/#breadcrumb"},"inLanguage":"es-AR","potentialAction":[{"@type":"ReadAction","target":["https:\/\/web.consaguirre.com.ar\/noticias\/wrapped-tight-de-coleman-hawkins-se-une-a-la-serie-verve-acoustic-sounds\/"]}]},{"@type":"ImageObject","inLanguage":"es-AR","@id":"https:\/\/web.consaguirre.com.ar\/noticias\/wrapped-tight-de-coleman-hawkins-se-une-a-la-serie-verve-acoustic-sounds\/#primaryimage","url":"https:\/\/web.consaguirre.com.ar\/noticias\/wp-content\/uploads\/2026\/09\/Wrapped-Tight-de-Coleman-Hawkins-se-une-a-la-serie.jpg","contentUrl":"https:\/\/web.consaguirre.com.ar\/noticias\/wp-content\/uploads\/2026\/09\/Wrapped-Tight-de-Coleman-Hawkins-se-une-a-la-serie.jpg","width":820,"height":820,"caption":"Coleman Hughes Wrapped Tight"},{"@type":"BreadcrumbList","@id":"https:\/\/web.consaguirre.com.ar\/noticias\/wrapped-tight-de-coleman-hawkins-se-une-a-la-serie-verve-acoustic-sounds\/#breadcrumb","itemListElement":[{"@type":"ListItem","position":1,"name":"Inicio","item":"https:\/\/web.consaguirre.com.ar\/noticias\/"},{"@type":"ListItem","position":2,"name":"&#8216;Wrapped Tight&#8217; de Coleman Hawkins se une a la serie Verve Acoustic Sounds"}]},{"@type":"WebSite","@id":"https:\/\/web.consaguirre.com.ar\/noticias\/#website","url":"https:\/\/web.consaguirre.com.ar\/noticias\/","name":"Conservatorio de M\u00fasica Juli\u00e1n Aguirre","description":"","publisher":{"@id":"https:\/\/web.consaguirre.com.ar\/noticias\/#organization"},"potentialAction":[{"@type":"SearchAction","target":{"@type":"EntryPoint","urlTemplate":"https:\/\/web.consaguirre.com.ar\/noticias\/?s={search_term_string}"},"query-input":"required name=search_term_string"}],"inLanguage":"es-AR"},{"@type":"Organization","@id":"https:\/\/web.consaguirre.com.ar\/noticias\/#organization","name":"Conservatorio de M\u00fasica Juli\u00e1n Aguirre","url":"https:\/\/web.consaguirre.com.ar\/noticias\/","logo":{"@type":"ImageObject","inLanguage":"es-AR","@id":"https:\/\/web.consaguirre.com.ar\/noticias\/#\/schema\/logo\/image\/","url":"https:\/\/web.consaguirre.com.ar\/noticias\/wp-content\/uploads\/2024\/08\/Banner-Aguirre-23.jpg","contentUrl":"https:\/\/web.consaguirre.com.ar\/noticias\/wp-content\/uploads\/2024\/08\/Banner-Aguirre-23.jpg","width":1192,"height":600,"caption":"Conservatorio de M\u00fasica Juli\u00e1n Aguirre"},"image":{"@id":"https:\/\/web.consaguirre.com.ar\/noticias\/#\/schema\/logo\/image\/"}},{"@type":"Person","@id":"https:\/\/web.consaguirre.com.ar\/noticias\/#\/schema\/person\/6558b0cfedee7ddc5425602b237d5722","name":"Javier Figueroa","image":{"@type":"ImageObject","inLanguage":"es-AR","@id":"https:\/\/web.consaguirre.com.ar\/noticias\/#\/schema\/person\/image\/","url":"https:\/\/web.consaguirre.com.ar\/noticias\/wp-content\/uploads\/2024\/08\/Consaguirre-scaled.jpg","contentUrl":"https:\/\/web.consaguirre.com.ar\/noticias\/wp-content\/uploads\/2024\/08\/Consaguirre-scaled.jpg","caption":"Javier Figueroa"},"description":"Me llamo Javier Figueroa y soy redactor para el sitio oficial del Conservatorio de M\u00fasica Juli\u00e1n Aguirre en Buenos Aires, consaguirre.com. Apasionado por la m\u00fasica y la escritura, me esfuerzo por destacar los talentos y eventos de nuestra prestigiosa instituci\u00f3n. Mi trayectoria se nutre de una profunda admiraci\u00f3n por los artistas, haciendo de cada art\u00edculo una celebraci\u00f3n de la creatividad y la cultura musical.","sameAs":["https:\/\/web.consaguirre.com.ar\/noticias"]}]}},"_links":{"self":[{"href":"https:\/\/web.consaguirre.com.ar\/noticias\/wp-json\/wp\/v2\/posts\/7713"}],"collection":[{"href":"https:\/\/web.consaguirre.com.ar\/noticias\/wp-json\/wp\/v2\/posts"}],"about":[{"href":"https:\/\/web.consaguirre.com.ar\/noticias\/wp-json\/wp\/v2\/types\/post"}],"author":[{"embeddable":true,"href":"https:\/\/web.consaguirre.com.ar\/noticias\/wp-json\/wp\/v2\/users\/1"}],"replies":[{"embeddable":true,"href":"https:\/\/web.consaguirre.com.ar\/noticias\/wp-json\/wp\/v2\/comments?post=7713"}],"version-history":[{"count":1,"href":"https:\/\/web.consaguirre.com.ar\/noticias\/wp-json\/wp\/v2\/posts\/7713\/revisions"}],"predecessor-version":[{"id":7715,"href":"https:\/\/web.consaguirre.com.ar\/noticias\/wp-json\/wp\/v2\/posts\/7713\/revisions\/7715"}],"wp:featuredmedia":[{"embeddable":true,"href":"https:\/\/web.consaguirre.com.ar\/noticias\/wp-json\/wp\/v2\/media\/7714"}],"wp:attachment":[{"href":"https:\/\/web.consaguirre.com.ar\/noticias\/wp-json\/wp\/v2\/media?parent=7713"}],"wp:term":[{"taxonomy":"category","embeddable":true,"href":"https:\/\/web.consaguirre.com.ar\/noticias\/wp-json\/wp\/v2\/categories?post=7713"},{"taxonomy":"post_tag","embeddable":true,"href":"https:\/\/web.consaguirre.com.ar\/noticias\/wp-json\/wp\/v2\/tags?post=7713"}],"curies":[{"name":"wp","href":"https:\/\/api.w.org\/{rel}","templated":true}]}}