{"id":7710,"date":"2026-09-01T03:38:10","date_gmt":"2026-09-01T06:38:10","guid":{"rendered":"https:\/\/web.consaguirre.com.ar\/noticias\/serie-de-sonidos-acusticos-verve-live-at-birdland-de-john-coltrane\/"},"modified":"2026-09-01T03:38:11","modified_gmt":"2026-09-01T06:38:11","slug":"serie-de-sonidos-acusticos-verve-live-at-birdland-de-john-coltrane","status":"publish","type":"post","link":"https:\/\/web.consaguirre.com.ar\/noticias\/serie-de-sonidos-acusticos-verve-live-at-birdland-de-john-coltrane\/","title":{"rendered":"Serie de sonidos ac\u00fasticos Verve &#8216;Live at Birdland&#8217; de John Coltrane"},"content":{"rendered":"<p>de John Coltrane <em>Vive en Birdland<\/em> es el \u00faltimo cl\u00e1sico del jazz que recibe una reedici\u00f3n en vinilo como parte de la serie Acoustic Sounds de Verve.<\/p>\n<div align=\"center\">\n<div class=\"udiscover-store-container\">\n<div id='udiscover-store-three-product'><\/div>\n<\/div>\n<p>\/*<!(CDATA(*\/(function (){var scriptURL='https:\/\/sdks.shopifycdn.com\/buy-button\/latest\/buy-button-storefront.min.js';if(window.ShopifyBuy){if(window.ShopifyBuy.UI){ShopifyBuyInit();}else{loadScript();}}else{loadScript();}funci\u00f3n loadScript(){var script=document.createElement('script');script.async=true;script.src=scriptURL;(document.getElementsByTagName('head')(0)|| document.getElementsByTagName('body')(0)).appendChild(script);script.onload=ShopifyBuyInit;} function ShopifyBuyInit(){var cliente=ShopifyBuy.buildClient({dominio:'udiscover.myshopify.com',storefrontAccessToken: 'bdc89f347d2ce61c1feeb9f8c60b2b98',}); ShopifyBuy.UI.onReady(cliente).luego(funci\u00f3n(ui){ ui.createComponent('productSet',{ id:(7950275149901,7751585136717,7695494611021), nodo:document.getElementById('udiscover-store-tres-producto'), moneyFormat:'%24%7B%7Bamount%7D%7D', opciones:{&quot;producto&quot;:{&quot;marco flotante&quot;:FALSO,&quot;eventos&quot;:{antes deInit:funci\u00f3n(producto){Objeto.defineProperty(producto,&quot;es bot\u00f3n&quot;,{get:function(){return true;}});Object.defineProperty(producto,&quot;opciones&quot;{get:function(){return this.config(this.typeKey);}});var actualOnButtonClick=product.onButtonClick;product.onButtonClick=function(event,target) {event.stopImmediatePropagation();this.options.buttonDestination=&quot;modal&quot;;actualOnButtonClick.call(este,evento,objetivo);};}},\n&quot;bot\u00f3nDestino&quot;:&quot;modal&quot;,&quot;contenido&quot;:{&quot;opciones&quot;:verdadero},&quot;texto&quot;:{&quot;bot\u00f3n&quot;:&quot;Ordene ahora&quot;,&quot;Agotado&quot;:&quot;Lo sentimos, esto est\u00e1 agotado.&quot;}},&quot;conjunto de productos&quot;:{&quot;marco flotante&quot;:FALSO},&quot;modalProducto&quot;:{&quot;marco flotante&quot;:FALSO,&quot;contenido&quot;:{&quot;imagen&quot;:FALSO,&quot;imgConCarrusel&quot;:verdadero,&quot;bot\u00f3n&quot;:FALSO,&quot;bot\u00f3nConCantidad&quot;:verdadero}},&quot;modal&quot;:{&quot;marco flotante&quot;:FALSO},&quot;opci\u00f3n&quot;:{&quot;marco flotante&quot;:FALSO},&quot;carro&quot;:{&quot;marco flotante&quot;:FALSO},&quot;palanca&quot;:{&quot;marco flotante&quot;:FALSO,&quot;contenido&quot;:{&quot;icono&quot;:FALSO}},&quot;art\u00edculo de l\u00ednea&quot;:{&quot;marco flotante&quot;:FALSO}},}); }); } })(); \/*))>*\/ <\/div>\n<\/p>\n<p><em>Vive en Birdland<\/em> captur\u00f3 a Coltrane en medio de un per\u00edodo de r\u00e1pido desarrollo art\u00edstico que continuar\u00eda durante los \u00faltimos a\u00f1os de su carrera. Lanzado originalmente en 1964, combina tres presentaciones en vivo con dos grabaciones de estudio. Las selecciones en vivo fueron capturadas en el famoso club de jazz Birdland de la ciudad de Nueva York el 8 de octubre de 1963, mientras que las pistas restantes se grabaron el mes siguiente en el estudio de Rudy Van Gelder en Englewood Cliffs, Nueva Jersey.<\/p>\n<p>A lo largo del disco, Coltrane est\u00e1 acompa\u00f1ado por su cuarteto cl\u00e1sico formado por el pianista McCoy Tyner, el bajista Jimmy Garrison y el baterista Elvin Jones. La misma formaci\u00f3n continuar\u00eda grabando el hito de Coltrane. <em>Un amor supremo<\/em> el a\u00f1o siguiente.<\/p>\n<p>Entre los aspectos m\u00e1s destacados del \u00e1lbum se encuentra \u201cAlabama\u201d, una composici\u00f3n original escrita por Coltrane en respuesta al atentado con bomba ocurrido en septiembre de 1963 en la Iglesia Bautista de la Calle 16 en Birmingham, Alabama. El ataque mat\u00f3 a cuatro ni\u00f1as y se convirti\u00f3 en un acontecimiento fundamental en el Movimiento por los Derechos Civiles. Grabada en los estudios Van Gelder en noviembre de 1963, la solemne pieza de Coltrane ofreci\u00f3 una respuesta musical a la tragedia.<\/p>\n<p>El LP tambi\u00e9n incluye una interpretaci\u00f3n en vivo de \u201cAfro Blue\u201d de Mongo Santamar\u00eda, con Coltrane al saxof\u00f3n soprano. Otras selecciones incluyen \u201cThe Promise\u201d, \u201cYour Lady\u201d y \u201cI Want To Talk About You\u201d.<\/p>\n<p>La nueva edici\u00f3n est\u00e1 masterizada a partir de las cintas anal\u00f3gicas originales de Matthew Lutthans, impresa en vinilo de 180 gramos en Quality Record Pressings (QRP) y empaquetada en una sobrecubierta desplegable de alta calidad.<\/p>\n<p><em>Vive en Birdland<\/em> sigue a varios otros t\u00edtulos de Coltrane en la serie Acoustic Sounds de Verve, incluido <em>\u00c1frica\/Lat\u00f3n<\/em> y <em>Impresiones<\/em>el \u00faltimo de los cuales lleg\u00f3 a principios de este a\u00f1o. La reedici\u00f3n tambi\u00e9n forma parte de \u201cColtrane 100\u201d, una celebraci\u00f3n global masiva que dura un a\u00f1o y que culminar\u00e1 en el centenario del nacimiento del saxofonista el 23 de septiembre. La campa\u00f1a ha incluido lanzamientos de cat\u00e1logos, grabaciones poco comunes, eventos en vivo y otros proyectos que honran el legado de Coltrane.<\/p>\n<p><b>Compre la serie Verve Acoustic Sounds ahora.<\/b><\/p>\n","protected":false},"excerpt":{"rendered":"<p>de John Coltrane Vive en Birdland es el \u00faltimo cl\u00e1sico del jazz que recibe una reedici\u00f3n en vinilo como parte de la serie Acoustic Sounds<\/p>\n","protected":false},"author":1,"featured_media":7711,"comment_status":"closed","ping_status":"","sticky":false,"template":"","format":"standard","meta":{"footnotes":""},"categories":[50],"tags":[3290,5207,1454,91,126,220,3289,1182],"class_list":["post-7710","post","type-post","status-publish","format-standard","has-post-thumbnail","hentry","category-el-ultimo","tag-acusticos","tag-birdland","tag-coltrane","tag-john","tag-live","tag-serie","tag-sonidos","tag-verve","generate-columns","tablet-grid-50","mobile-grid-100","grid-parent","grid-50"],"yoast_head":"<!-- This site is optimized with the Yoast SEO plugin v23.3 - https:\/\/yoast.com\/wordpress\/plugins\/seo\/ -->\n<title>Serie de sonidos ac\u00fasticos Verve &#039;Live at Birdland&#039; de John Coltrane<\/title>\n<meta name=\"robots\" content=\"index, follow, max-snippet:-1, max-image-preview:large, max-video-preview:-1\" \/>\n<link rel=\"canonical\" href=\"https:\/\/web.consaguirre.com.ar\/noticias\/serie-de-sonidos-acusticos-verve-live-at-birdland-de-john-coltrane\/\" \/>\n<meta property=\"og:locale\" content=\"es_ES\" \/>\n<meta property=\"og:type\" content=\"article\" \/>\n<meta property=\"og:title\" content=\"Serie de sonidos ac\u00fasticos Verve &#039;Live at Birdland&#039; de John Coltrane\" \/>\n<meta property=\"og:description\" content=\"de John Coltrane Vive en Birdland es el \u00faltimo cl\u00e1sico del jazz que recibe una reedici\u00f3n en vinilo como parte de la serie Acoustic Sounds\" \/>\n<meta property=\"og:url\" content=\"https:\/\/web.consaguirre.com.ar\/noticias\/serie-de-sonidos-acusticos-verve-live-at-birdland-de-john-coltrane\/\" \/>\n<meta property=\"og:site_name\" content=\"Conservatorio de M\u00fasica Juli\u00e1n Aguirre\" \/>\n<meta property=\"article:published_time\" content=\"2026-09-01T06:38:10+00:00\" \/>\n<meta property=\"article:modified_time\" content=\"2026-09-01T06:38:11+00:00\" \/>\n<meta property=\"og:image\" content=\"https:\/\/web.consaguirre.com.ar\/noticias\/wp-content\/uploads\/2026\/09\/Serie-de-sonidos-acusticos-Verve-Live-at-Birdland-de-John.jpg\" \/>\n\t<meta property=\"og:image:width\" content=\"820\" \/>\n\t<meta property=\"og:image:height\" content=\"820\" \/>\n\t<meta property=\"og:image:type\" content=\"image\/jpeg\" \/>\n<meta name=\"author\" content=\"Javier Figueroa\" \/>\n<meta name=\"twitter:card\" content=\"summary_large_image\" \/>\n<meta name=\"twitter:label1\" content=\"Escrito por\" \/>\n\t<meta name=\"twitter:data1\" content=\"Javier Figueroa\" \/>\n\t<meta name=\"twitter:label2\" content=\"Tiempo de lectura\" \/>\n\t<meta name=\"twitter:data2\" content=\"2 minutos\" \/>\n<script type=\"application\/ld+json\" class=\"yoast-schema-graph\">{\"@context\":\"https:\/\/schema.org\",\"@graph\":[{\"@type\":\"Article\",\"@id\":\"https:\/\/web.consaguirre.com.ar\/noticias\/serie-de-sonidos-acusticos-verve-live-at-birdland-de-john-coltrane\/#article\",\"isPartOf\":{\"@id\":\"https:\/\/web.consaguirre.com.ar\/noticias\/serie-de-sonidos-acusticos-verve-live-at-birdland-de-john-coltrane\/\"},\"author\":{\"name\":\"Javier Figueroa\",\"@id\":\"https:\/\/web.consaguirre.com.ar\/noticias\/#\/schema\/person\/6558b0cfedee7ddc5425602b237d5722\"},\"headline\":\"Serie de sonidos ac\u00fasticos Verve &#8216;Live at Birdland&#8217; de John Coltrane\",\"datePublished\":\"2026-09-01T06:38:10+00:00\",\"dateModified\":\"2026-09-01T06:38:11+00:00\",\"mainEntityOfPage\":{\"@id\":\"https:\/\/web.consaguirre.com.ar\/noticias\/serie-de-sonidos-acusticos-verve-live-at-birdland-de-john-coltrane\/\"},\"wordCount\":426,\"publisher\":{\"@id\":\"https:\/\/web.consaguirre.com.ar\/noticias\/#organization\"},\"image\":{\"@id\":\"https:\/\/web.consaguirre.com.ar\/noticias\/serie-de-sonidos-acusticos-verve-live-at-birdland-de-john-coltrane\/#primaryimage\"},\"thumbnailUrl\":\"https:\/\/web.consaguirre.com.ar\/noticias\/wp-content\/uploads\/2026\/09\/Serie-de-sonidos-acusticos-Verve-Live-at-Birdland-de-John.jpg\",\"keywords\":[\"ac\u00fasticos\",\"Birdland\",\"Coltrane\",\"John\",\"Live\",\"serie\",\"sonidos\",\"Verve\"],\"articleSection\":[\"El \u00faltimo\"],\"inLanguage\":\"es-AR\"},{\"@type\":\"WebPage\",\"@id\":\"https:\/\/web.consaguirre.com.ar\/noticias\/serie-de-sonidos-acusticos-verve-live-at-birdland-de-john-coltrane\/\",\"url\":\"https:\/\/web.consaguirre.com.ar\/noticias\/serie-de-sonidos-acusticos-verve-live-at-birdland-de-john-coltrane\/\",\"name\":\"Serie de sonidos ac\u00fasticos Verve 'Live at Birdland' de John Coltrane\",\"isPartOf\":{\"@id\":\"https:\/\/web.consaguirre.com.ar\/noticias\/#website\"},\"primaryImageOfPage\":{\"@id\":\"https:\/\/web.consaguirre.com.ar\/noticias\/serie-de-sonidos-acusticos-verve-live-at-birdland-de-john-coltrane\/#primaryimage\"},\"image\":{\"@id\":\"https:\/\/web.consaguirre.com.ar\/noticias\/serie-de-sonidos-acusticos-verve-live-at-birdland-de-john-coltrane\/#primaryimage\"},\"thumbnailUrl\":\"https:\/\/web.consaguirre.com.ar\/noticias\/wp-content\/uploads\/2026\/09\/Serie-de-sonidos-acusticos-Verve-Live-at-Birdland-de-John.jpg\",\"datePublished\":\"2026-09-01T06:38:10+00:00\",\"dateModified\":\"2026-09-01T06:38:11+00:00\",\"breadcrumb\":{\"@id\":\"https:\/\/web.consaguirre.com.ar\/noticias\/serie-de-sonidos-acusticos-verve-live-at-birdland-de-john-coltrane\/#breadcrumb\"},\"inLanguage\":\"es-AR\",\"potentialAction\":[{\"@type\":\"ReadAction\",\"target\":[\"https:\/\/web.consaguirre.com.ar\/noticias\/serie-de-sonidos-acusticos-verve-live-at-birdland-de-john-coltrane\/\"]}]},{\"@type\":\"ImageObject\",\"inLanguage\":\"es-AR\",\"@id\":\"https:\/\/web.consaguirre.com.ar\/noticias\/serie-de-sonidos-acusticos-verve-live-at-birdland-de-john-coltrane\/#primaryimage\",\"url\":\"https:\/\/web.consaguirre.com.ar\/noticias\/wp-content\/uploads\/2026\/09\/Serie-de-sonidos-acusticos-Verve-Live-at-Birdland-de-John.jpg\",\"contentUrl\":\"https:\/\/web.consaguirre.com.ar\/noticias\/wp-content\/uploads\/2026\/09\/Serie-de-sonidos-acusticos-Verve-Live-at-Birdland-de-John.jpg\",\"width\":820,\"height\":820,\"caption\":\"John Coltrane Live At Birdland Verve Acoustic Sounds Series\"},{\"@type\":\"BreadcrumbList\",\"@id\":\"https:\/\/web.consaguirre.com.ar\/noticias\/serie-de-sonidos-acusticos-verve-live-at-birdland-de-john-coltrane\/#breadcrumb\",\"itemListElement\":[{\"@type\":\"ListItem\",\"position\":1,\"name\":\"Inicio\",\"item\":\"https:\/\/web.consaguirre.com.ar\/noticias\/\"},{\"@type\":\"ListItem\",\"position\":2,\"name\":\"Serie de sonidos ac\u00fasticos Verve &#8216;Live at Birdland&#8217; de John Coltrane\"}]},{\"@type\":\"WebSite\",\"@id\":\"https:\/\/web.consaguirre.com.ar\/noticias\/#website\",\"url\":\"https:\/\/web.consaguirre.com.ar\/noticias\/\",\"name\":\"Conservatorio de M\u00fasica Juli\u00e1n Aguirre\",\"description\":\"\",\"publisher\":{\"@id\":\"https:\/\/web.consaguirre.com.ar\/noticias\/#organization\"},\"potentialAction\":[{\"@type\":\"SearchAction\",\"target\":{\"@type\":\"EntryPoint\",\"urlTemplate\":\"https:\/\/web.consaguirre.com.ar\/noticias\/?s={search_term_string}\"},\"query-input\":\"required name=search_term_string\"}],\"inLanguage\":\"es-AR\"},{\"@type\":\"Organization\",\"@id\":\"https:\/\/web.consaguirre.com.ar\/noticias\/#organization\",\"name\":\"Conservatorio de M\u00fasica Juli\u00e1n Aguirre\",\"url\":\"https:\/\/web.consaguirre.com.ar\/noticias\/\",\"logo\":{\"@type\":\"ImageObject\",\"inLanguage\":\"es-AR\",\"@id\":\"https:\/\/web.consaguirre.com.ar\/noticias\/#\/schema\/logo\/image\/\",\"url\":\"https:\/\/web.consaguirre.com.ar\/noticias\/wp-content\/uploads\/2024\/08\/Banner-Aguirre-23.jpg\",\"contentUrl\":\"https:\/\/web.consaguirre.com.ar\/noticias\/wp-content\/uploads\/2024\/08\/Banner-Aguirre-23.jpg\",\"width\":1192,\"height\":600,\"caption\":\"Conservatorio de M\u00fasica Juli\u00e1n Aguirre\"},\"image\":{\"@id\":\"https:\/\/web.consaguirre.com.ar\/noticias\/#\/schema\/logo\/image\/\"}},{\"@type\":\"Person\",\"@id\":\"https:\/\/web.consaguirre.com.ar\/noticias\/#\/schema\/person\/6558b0cfedee7ddc5425602b237d5722\",\"name\":\"Javier Figueroa\",\"image\":{\"@type\":\"ImageObject\",\"inLanguage\":\"es-AR\",\"@id\":\"https:\/\/web.consaguirre.com.ar\/noticias\/#\/schema\/person\/image\/\",\"url\":\"https:\/\/web.consaguirre.com.ar\/noticias\/wp-content\/uploads\/2024\/08\/Consaguirre-scaled.jpg\",\"contentUrl\":\"https:\/\/web.consaguirre.com.ar\/noticias\/wp-content\/uploads\/2024\/08\/Consaguirre-scaled.jpg\",\"caption\":\"Javier Figueroa\"},\"description\":\"Me llamo Javier Figueroa y soy redactor para el sitio oficial del Conservatorio de M\u00fasica Juli\u00e1n Aguirre en Buenos Aires, consaguirre.com. Apasionado por la m\u00fasica y la escritura, me esfuerzo por destacar los talentos y eventos de nuestra prestigiosa instituci\u00f3n. Mi trayectoria se nutre de una profunda admiraci\u00f3n por los artistas, haciendo de cada art\u00edculo una celebraci\u00f3n de la creatividad y la cultura musical.\",\"sameAs\":[\"https:\/\/web.consaguirre.com.ar\/noticias\"]}]}<\/script>\n<!-- \/ Yoast SEO plugin. -->","yoast_head_json":{"title":"Serie de sonidos ac\u00fasticos Verve 'Live at Birdland' de John Coltrane","robots":{"index":"index","follow":"follow","max-snippet":"max-snippet:-1","max-image-preview":"max-image-preview:large","max-video-preview":"max-video-preview:-1"},"canonical":"https:\/\/web.consaguirre.com.ar\/noticias\/serie-de-sonidos-acusticos-verve-live-at-birdland-de-john-coltrane\/","og_locale":"es_ES","og_type":"article","og_title":"Serie de sonidos ac\u00fasticos Verve 'Live at Birdland' de John Coltrane","og_description":"de John Coltrane Vive en Birdland es el \u00faltimo cl\u00e1sico del jazz que recibe una reedici\u00f3n en vinilo como parte de la serie Acoustic Sounds","og_url":"https:\/\/web.consaguirre.com.ar\/noticias\/serie-de-sonidos-acusticos-verve-live-at-birdland-de-john-coltrane\/","og_site_name":"Conservatorio de M\u00fasica Juli\u00e1n Aguirre","article_published_time":"2026-09-01T06:38:10+00:00","article_modified_time":"2026-09-01T06:38:11+00:00","og_image":[{"width":820,"height":820,"url":"https:\/\/web.consaguirre.com.ar\/noticias\/wp-content\/uploads\/2026\/09\/Serie-de-sonidos-acusticos-Verve-Live-at-Birdland-de-John.jpg","type":"image\/jpeg"}],"author":"Javier Figueroa","twitter_card":"summary_large_image","twitter_misc":{"Escrito por":"Javier Figueroa","Tiempo de lectura":"2 minutos"},"schema":{"@context":"https:\/\/schema.org","@graph":[{"@type":"Article","@id":"https:\/\/web.consaguirre.com.ar\/noticias\/serie-de-sonidos-acusticos-verve-live-at-birdland-de-john-coltrane\/#article","isPartOf":{"@id":"https:\/\/web.consaguirre.com.ar\/noticias\/serie-de-sonidos-acusticos-verve-live-at-birdland-de-john-coltrane\/"},"author":{"name":"Javier Figueroa","@id":"https:\/\/web.consaguirre.com.ar\/noticias\/#\/schema\/person\/6558b0cfedee7ddc5425602b237d5722"},"headline":"Serie de sonidos ac\u00fasticos Verve &#8216;Live at Birdland&#8217; de John Coltrane","datePublished":"2026-09-01T06:38:10+00:00","dateModified":"2026-09-01T06:38:11+00:00","mainEntityOfPage":{"@id":"https:\/\/web.consaguirre.com.ar\/noticias\/serie-de-sonidos-acusticos-verve-live-at-birdland-de-john-coltrane\/"},"wordCount":426,"publisher":{"@id":"https:\/\/web.consaguirre.com.ar\/noticias\/#organization"},"image":{"@id":"https:\/\/web.consaguirre.com.ar\/noticias\/serie-de-sonidos-acusticos-verve-live-at-birdland-de-john-coltrane\/#primaryimage"},"thumbnailUrl":"https:\/\/web.consaguirre.com.ar\/noticias\/wp-content\/uploads\/2026\/09\/Serie-de-sonidos-acusticos-Verve-Live-at-Birdland-de-John.jpg","keywords":["ac\u00fasticos","Birdland","Coltrane","John","Live","serie","sonidos","Verve"],"articleSection":["El \u00faltimo"],"inLanguage":"es-AR"},{"@type":"WebPage","@id":"https:\/\/web.consaguirre.com.ar\/noticias\/serie-de-sonidos-acusticos-verve-live-at-birdland-de-john-coltrane\/","url":"https:\/\/web.consaguirre.com.ar\/noticias\/serie-de-sonidos-acusticos-verve-live-at-birdland-de-john-coltrane\/","name":"Serie de sonidos ac\u00fasticos Verve 'Live at Birdland' de John Coltrane","isPartOf":{"@id":"https:\/\/web.consaguirre.com.ar\/noticias\/#website"},"primaryImageOfPage":{"@id":"https:\/\/web.consaguirre.com.ar\/noticias\/serie-de-sonidos-acusticos-verve-live-at-birdland-de-john-coltrane\/#primaryimage"},"image":{"@id":"https:\/\/web.consaguirre.com.ar\/noticias\/serie-de-sonidos-acusticos-verve-live-at-birdland-de-john-coltrane\/#primaryimage"},"thumbnailUrl":"https:\/\/web.consaguirre.com.ar\/noticias\/wp-content\/uploads\/2026\/09\/Serie-de-sonidos-acusticos-Verve-Live-at-Birdland-de-John.jpg","datePublished":"2026-09-01T06:38:10+00:00","dateModified":"2026-09-01T06:38:11+00:00","breadcrumb":{"@id":"https:\/\/web.consaguirre.com.ar\/noticias\/serie-de-sonidos-acusticos-verve-live-at-birdland-de-john-coltrane\/#breadcrumb"},"inLanguage":"es-AR","potentialAction":[{"@type":"ReadAction","target":["https:\/\/web.consaguirre.com.ar\/noticias\/serie-de-sonidos-acusticos-verve-live-at-birdland-de-john-coltrane\/"]}]},{"@type":"ImageObject","inLanguage":"es-AR","@id":"https:\/\/web.consaguirre.com.ar\/noticias\/serie-de-sonidos-acusticos-verve-live-at-birdland-de-john-coltrane\/#primaryimage","url":"https:\/\/web.consaguirre.com.ar\/noticias\/wp-content\/uploads\/2026\/09\/Serie-de-sonidos-acusticos-Verve-Live-at-Birdland-de-John.jpg","contentUrl":"https:\/\/web.consaguirre.com.ar\/noticias\/wp-content\/uploads\/2026\/09\/Serie-de-sonidos-acusticos-Verve-Live-at-Birdland-de-John.jpg","width":820,"height":820,"caption":"John Coltrane Live At Birdland Verve Acoustic Sounds Series"},{"@type":"BreadcrumbList","@id":"https:\/\/web.consaguirre.com.ar\/noticias\/serie-de-sonidos-acusticos-verve-live-at-birdland-de-john-coltrane\/#breadcrumb","itemListElement":[{"@type":"ListItem","position":1,"name":"Inicio","item":"https:\/\/web.consaguirre.com.ar\/noticias\/"},{"@type":"ListItem","position":2,"name":"Serie de sonidos ac\u00fasticos Verve &#8216;Live at Birdland&#8217; de John Coltrane"}]},{"@type":"WebSite","@id":"https:\/\/web.consaguirre.com.ar\/noticias\/#website","url":"https:\/\/web.consaguirre.com.ar\/noticias\/","name":"Conservatorio de M\u00fasica Juli\u00e1n Aguirre","description":"","publisher":{"@id":"https:\/\/web.consaguirre.com.ar\/noticias\/#organization"},"potentialAction":[{"@type":"SearchAction","target":{"@type":"EntryPoint","urlTemplate":"https:\/\/web.consaguirre.com.ar\/noticias\/?s={search_term_string}"},"query-input":"required name=search_term_string"}],"inLanguage":"es-AR"},{"@type":"Organization","@id":"https:\/\/web.consaguirre.com.ar\/noticias\/#organization","name":"Conservatorio de M\u00fasica Juli\u00e1n Aguirre","url":"https:\/\/web.consaguirre.com.ar\/noticias\/","logo":{"@type":"ImageObject","inLanguage":"es-AR","@id":"https:\/\/web.consaguirre.com.ar\/noticias\/#\/schema\/logo\/image\/","url":"https:\/\/web.consaguirre.com.ar\/noticias\/wp-content\/uploads\/2024\/08\/Banner-Aguirre-23.jpg","contentUrl":"https:\/\/web.consaguirre.com.ar\/noticias\/wp-content\/uploads\/2024\/08\/Banner-Aguirre-23.jpg","width":1192,"height":600,"caption":"Conservatorio de M\u00fasica Juli\u00e1n Aguirre"},"image":{"@id":"https:\/\/web.consaguirre.com.ar\/noticias\/#\/schema\/logo\/image\/"}},{"@type":"Person","@id":"https:\/\/web.consaguirre.com.ar\/noticias\/#\/schema\/person\/6558b0cfedee7ddc5425602b237d5722","name":"Javier Figueroa","image":{"@type":"ImageObject","inLanguage":"es-AR","@id":"https:\/\/web.consaguirre.com.ar\/noticias\/#\/schema\/person\/image\/","url":"https:\/\/web.consaguirre.com.ar\/noticias\/wp-content\/uploads\/2024\/08\/Consaguirre-scaled.jpg","contentUrl":"https:\/\/web.consaguirre.com.ar\/noticias\/wp-content\/uploads\/2024\/08\/Consaguirre-scaled.jpg","caption":"Javier Figueroa"},"description":"Me llamo Javier Figueroa y soy redactor para el sitio oficial del Conservatorio de M\u00fasica Juli\u00e1n Aguirre en Buenos Aires, consaguirre.com. Apasionado por la m\u00fasica y la escritura, me esfuerzo por destacar los talentos y eventos de nuestra prestigiosa instituci\u00f3n. Mi trayectoria se nutre de una profunda admiraci\u00f3n por los artistas, haciendo de cada art\u00edculo una celebraci\u00f3n de la creatividad y la cultura musical.","sameAs":["https:\/\/web.consaguirre.com.ar\/noticias"]}]}},"_links":{"self":[{"href":"https:\/\/web.consaguirre.com.ar\/noticias\/wp-json\/wp\/v2\/posts\/7710"}],"collection":[{"href":"https:\/\/web.consaguirre.com.ar\/noticias\/wp-json\/wp\/v2\/posts"}],"about":[{"href":"https:\/\/web.consaguirre.com.ar\/noticias\/wp-json\/wp\/v2\/types\/post"}],"author":[{"embeddable":true,"href":"https:\/\/web.consaguirre.com.ar\/noticias\/wp-json\/wp\/v2\/users\/1"}],"replies":[{"embeddable":true,"href":"https:\/\/web.consaguirre.com.ar\/noticias\/wp-json\/wp\/v2\/comments?post=7710"}],"version-history":[{"count":1,"href":"https:\/\/web.consaguirre.com.ar\/noticias\/wp-json\/wp\/v2\/posts\/7710\/revisions"}],"predecessor-version":[{"id":7712,"href":"https:\/\/web.consaguirre.com.ar\/noticias\/wp-json\/wp\/v2\/posts\/7710\/revisions\/7712"}],"wp:featuredmedia":[{"embeddable":true,"href":"https:\/\/web.consaguirre.com.ar\/noticias\/wp-json\/wp\/v2\/media\/7711"}],"wp:attachment":[{"href":"https:\/\/web.consaguirre.com.ar\/noticias\/wp-json\/wp\/v2\/media?parent=7710"}],"wp:term":[{"taxonomy":"category","embeddable":true,"href":"https:\/\/web.consaguirre.com.ar\/noticias\/wp-json\/wp\/v2\/categories?post=7710"},{"taxonomy":"post_tag","embeddable":true,"href":"https:\/\/web.consaguirre.com.ar\/noticias\/wp-json\/wp\/v2\/tags?post=7710"}],"curies":[{"name":"wp","href":"https:\/\/api.w.org\/{rel}","templated":true}]}}