{"id":7698,"date":"2026-08-31T15:38:54","date_gmt":"2026-08-31T18:38:54","guid":{"rendered":"https:\/\/web.consaguirre.com.ar\/noticias\/nick-ward-anuncia-su-segundo-album-year-of-the-snake\/"},"modified":"2026-08-31T15:38:56","modified_gmt":"2026-08-31T18:38:56","slug":"nick-ward-anuncia-su-segundo-album-year-of-the-snake","status":"publish","type":"post","link":"https:\/\/web.consaguirre.com.ar\/noticias\/nick-ward-anuncia-su-segundo-album-year-of-the-snake\/","title":{"rendered":"Nick Ward anuncia su segundo \u00e1lbum &#8216;Year Of The Snake&#8217;"},"content":{"rendered":"<p>El cantautor australiano Nick Ward ha anunciado su pr\u00f3ximo \u00e1lbum de segundo a\u00f1o, <em>A\u00f1o de la serpiente<\/em>. El anuncio llega junto con un nuevo sencillo, \u201cPiano\u201d con Glenn Gould, ya disponible. <em>A\u00f1o de la serpiente<\/em> se lanzar\u00e1 a trav\u00e9s de Republic Records el 13 de noviembre.<\/p>\n<div class=\"uD-YT-container\"><img decoding=\"async\" src=\"https:\/\/web.consaguirre.com.ar\/noticias\/wp-content\/uploads\/2026\/08\/1788201534_795_Nick-Ward-anuncia-su-segundo-album-Year-Of-The-Snake.jpg\" alt=\"V\u00eddeo de YouTube\"><br \/>Haga clic para cargar v\u00eddeo<\/div>\n<p>\u201cPiano\u201d es la primera pieza musical nueva que Ward ha compartido desde el lanzamiento de su \u00e1lbum debut de 2024. <em>Casa con la puerta azul<\/em>. Escrita y coproducida junto a Kody Nielson (Unknown Mortal Orchestra, The Mint Chicks) y Timon Martin (BENEE, Babe Rainbow, ratbag), la canci\u00f3n se basa en una muestra de la ic\u00f3nica grabaci\u00f3n de Glenn Gould de las Variaciones Goldberg de Bach.<\/p>\n<p>El sencillo va acompa\u00f1ado de una imagen psicod\u00e9lica codirigida por Nick y su colaborador de toda la vida Charles Buxton Leslie, bas\u00e1ndose en su inter\u00e9s por el surrealismo de finales de los a\u00f1os 60.<\/p>\n<p><em>A\u00f1o de la serpiente<\/em> toma su t\u00edtulo del a\u00f1o de nacimiento de Ward. 2001 fue el A\u00f1o de la Serpiente de Metal seg\u00fan el calendario chino del zod\u00edaco. 2025 fue una vez m\u00e1s el A\u00f1o de la Serpiente, y Ward conect\u00f3 con la creencia de que un a\u00f1o zodiacal puede traer cambios profundos. Despu\u00e9s de un per\u00edodo de gira <em>puerta azul<\/em>se encontr\u00f3 enfrentando cambios importantes en su vida personal.<\/p>\n<p>&#8220;No quer\u00eda hacer un \u00e1lbum deprimente regode\u00e1ndome en lo que es estar vivo en este momento&#8221;, comparte Ward. &#8220;Quer\u00eda hacer un disco que se sintiera como una c\u00e1lida mano en el hombro o una charla de \u00e1nimo, sin ser ingenuo ante los matices m\u00e1s oscuros de la vida. Estos son a\u00f1os dif\u00edciles que estamos viviendo y quer\u00eda hacer algo que se sintiera como un ung\u00fcento para eso&#8221;.<\/p>\n<p>Continu\u00f3: \u201c<em>A\u00f1o de la serpiente<\/em> Se siente como el primer disco completamente realizado de Nick Ward. Mi primer \u00e1lbum lo hice casi en su totalidad en mi habitaci\u00f3n, as\u00ed que fue la primera vez que constru\u00ed algo desde cero a mayor escala, probando todas las cosas con las que so\u00f1aba cuando era adolescente, como trabajar con m\u00fasicos de sesi\u00f3n, hacer improvisaciones en vivo y grabar en formato anal\u00f3gico en cinta. Se siente como un paso adelante hacia el artista que quiero ser\u201d.<\/p>\n<p><b>Escuche \u201cPiano\u201d de Nick Ward aqu\u00ed.<\/b><\/p>\n","protected":false},"excerpt":{"rendered":"<p>El cantautor australiano Nick Ward ha anunciado su pr\u00f3ximo \u00e1lbum de segundo a\u00f1o, A\u00f1o de la serpiente. El anuncio llega junto con un nuevo sencillo,<\/p>\n","protected":false},"author":1,"featured_media":7699,"comment_status":"closed","ping_status":"","sticky":false,"template":"","format":"standard","meta":{"footnotes":""},"categories":[50],"tags":[147,56,2260,981,2809,5200,4802],"class_list":["post-7698","post","type-post","status-publish","format-standard","has-post-thumbnail","hentry","category-el-ultimo","tag-album","tag-anuncia","tag-nick","tag-segundo","tag-snake","tag-ward","tag-year","generate-columns","tablet-grid-50","mobile-grid-100","grid-parent","grid-50"],"yoast_head":"<!-- This site is optimized with the Yoast SEO plugin v23.3 - https:\/\/yoast.com\/wordpress\/plugins\/seo\/ -->\n<title>Nick Ward anuncia su segundo \u00e1lbum &#039;Year Of The Snake&#039;<\/title>\n<meta name=\"robots\" content=\"index, follow, max-snippet:-1, max-image-preview:large, max-video-preview:-1\" \/>\n<link rel=\"canonical\" href=\"https:\/\/web.consaguirre.com.ar\/noticias\/nick-ward-anuncia-su-segundo-album-year-of-the-snake\/\" \/>\n<meta property=\"og:locale\" content=\"es_ES\" \/>\n<meta property=\"og:type\" content=\"article\" \/>\n<meta property=\"og:title\" content=\"Nick Ward anuncia su segundo \u00e1lbum &#039;Year Of The Snake&#039;\" \/>\n<meta property=\"og:description\" content=\"El cantautor australiano Nick Ward ha anunciado su pr\u00f3ximo \u00e1lbum de segundo a\u00f1o, A\u00f1o de la serpiente. El anuncio llega junto con un nuevo sencillo,\" \/>\n<meta property=\"og:url\" content=\"https:\/\/web.consaguirre.com.ar\/noticias\/nick-ward-anuncia-su-segundo-album-year-of-the-snake\/\" \/>\n<meta property=\"og:site_name\" content=\"Conservatorio de M\u00fasica Juli\u00e1n Aguirre\" \/>\n<meta property=\"article:published_time\" content=\"2026-08-31T18:38:54+00:00\" \/>\n<meta property=\"article:modified_time\" content=\"2026-08-31T18:38:56+00:00\" \/>\n<meta property=\"og:image\" content=\"https:\/\/web.consaguirre.com.ar\/noticias\/wp-content\/uploads\/2026\/08\/Nick-Ward-anuncia-su-segundo-album-Year-Of-The-Snake.jpg\" \/>\n\t<meta property=\"og:image:width\" content=\"820\" \/>\n\t<meta property=\"og:image:height\" content=\"820\" \/>\n\t<meta property=\"og:image:type\" content=\"image\/jpeg\" \/>\n<meta name=\"author\" content=\"Javier Figueroa\" \/>\n<meta name=\"twitter:card\" content=\"summary_large_image\" \/>\n<meta name=\"twitter:label1\" content=\"Escrito por\" \/>\n\t<meta name=\"twitter:data1\" content=\"Javier Figueroa\" \/>\n\t<meta name=\"twitter:label2\" content=\"Tiempo de lectura\" \/>\n\t<meta name=\"twitter:data2\" content=\"2 minutos\" \/>\n<script type=\"application\/ld+json\" class=\"yoast-schema-graph\">{\"@context\":\"https:\/\/schema.org\",\"@graph\":[{\"@type\":\"Article\",\"@id\":\"https:\/\/web.consaguirre.com.ar\/noticias\/nick-ward-anuncia-su-segundo-album-year-of-the-snake\/#article\",\"isPartOf\":{\"@id\":\"https:\/\/web.consaguirre.com.ar\/noticias\/nick-ward-anuncia-su-segundo-album-year-of-the-snake\/\"},\"author\":{\"name\":\"Javier Figueroa\",\"@id\":\"https:\/\/web.consaguirre.com.ar\/noticias\/#\/schema\/person\/6558b0cfedee7ddc5425602b237d5722\"},\"headline\":\"Nick Ward anuncia su segundo \u00e1lbum &#8216;Year Of The Snake&#8217;\",\"datePublished\":\"2026-08-31T18:38:54+00:00\",\"dateModified\":\"2026-08-31T18:38:56+00:00\",\"mainEntityOfPage\":{\"@id\":\"https:\/\/web.consaguirre.com.ar\/noticias\/nick-ward-anuncia-su-segundo-album-year-of-the-snake\/\"},\"wordCount\":419,\"publisher\":{\"@id\":\"https:\/\/web.consaguirre.com.ar\/noticias\/#organization\"},\"image\":{\"@id\":\"https:\/\/web.consaguirre.com.ar\/noticias\/nick-ward-anuncia-su-segundo-album-year-of-the-snake\/#primaryimage\"},\"thumbnailUrl\":\"https:\/\/web.consaguirre.com.ar\/noticias\/wp-content\/uploads\/2026\/08\/Nick-Ward-anuncia-su-segundo-album-Year-Of-The-Snake.jpg\",\"keywords\":[\"\u00e1lbum\",\"anuncia\",\"Nick\",\"segundo\",\"Snake\",\"Ward\",\"Year\"],\"articleSection\":[\"El \u00faltimo\"],\"inLanguage\":\"es-AR\"},{\"@type\":\"WebPage\",\"@id\":\"https:\/\/web.consaguirre.com.ar\/noticias\/nick-ward-anuncia-su-segundo-album-year-of-the-snake\/\",\"url\":\"https:\/\/web.consaguirre.com.ar\/noticias\/nick-ward-anuncia-su-segundo-album-year-of-the-snake\/\",\"name\":\"Nick Ward anuncia su segundo \u00e1lbum 'Year Of The Snake'\",\"isPartOf\":{\"@id\":\"https:\/\/web.consaguirre.com.ar\/noticias\/#website\"},\"primaryImageOfPage\":{\"@id\":\"https:\/\/web.consaguirre.com.ar\/noticias\/nick-ward-anuncia-su-segundo-album-year-of-the-snake\/#primaryimage\"},\"image\":{\"@id\":\"https:\/\/web.consaguirre.com.ar\/noticias\/nick-ward-anuncia-su-segundo-album-year-of-the-snake\/#primaryimage\"},\"thumbnailUrl\":\"https:\/\/web.consaguirre.com.ar\/noticias\/wp-content\/uploads\/2026\/08\/Nick-Ward-anuncia-su-segundo-album-Year-Of-The-Snake.jpg\",\"datePublished\":\"2026-08-31T18:38:54+00:00\",\"dateModified\":\"2026-08-31T18:38:56+00:00\",\"breadcrumb\":{\"@id\":\"https:\/\/web.consaguirre.com.ar\/noticias\/nick-ward-anuncia-su-segundo-album-year-of-the-snake\/#breadcrumb\"},\"inLanguage\":\"es-AR\",\"potentialAction\":[{\"@type\":\"ReadAction\",\"target\":[\"https:\/\/web.consaguirre.com.ar\/noticias\/nick-ward-anuncia-su-segundo-album-year-of-the-snake\/\"]}]},{\"@type\":\"ImageObject\",\"inLanguage\":\"es-AR\",\"@id\":\"https:\/\/web.consaguirre.com.ar\/noticias\/nick-ward-anuncia-su-segundo-album-year-of-the-snake\/#primaryimage\",\"url\":\"https:\/\/web.consaguirre.com.ar\/noticias\/wp-content\/uploads\/2026\/08\/Nick-Ward-anuncia-su-segundo-album-Year-Of-The-Snake.jpg\",\"contentUrl\":\"https:\/\/web.consaguirre.com.ar\/noticias\/wp-content\/uploads\/2026\/08\/Nick-Ward-anuncia-su-segundo-album-Year-Of-The-Snake.jpg\",\"width\":820,\"height\":820,\"caption\":\"Nick Ward Year Of The Snake\"},{\"@type\":\"BreadcrumbList\",\"@id\":\"https:\/\/web.consaguirre.com.ar\/noticias\/nick-ward-anuncia-su-segundo-album-year-of-the-snake\/#breadcrumb\",\"itemListElement\":[{\"@type\":\"ListItem\",\"position\":1,\"name\":\"Inicio\",\"item\":\"https:\/\/web.consaguirre.com.ar\/noticias\/\"},{\"@type\":\"ListItem\",\"position\":2,\"name\":\"Nick Ward anuncia su segundo \u00e1lbum &#8216;Year Of The Snake&#8217;\"}]},{\"@type\":\"WebSite\",\"@id\":\"https:\/\/web.consaguirre.com.ar\/noticias\/#website\",\"url\":\"https:\/\/web.consaguirre.com.ar\/noticias\/\",\"name\":\"Conservatorio de M\u00fasica Juli\u00e1n Aguirre\",\"description\":\"\",\"publisher\":{\"@id\":\"https:\/\/web.consaguirre.com.ar\/noticias\/#organization\"},\"potentialAction\":[{\"@type\":\"SearchAction\",\"target\":{\"@type\":\"EntryPoint\",\"urlTemplate\":\"https:\/\/web.consaguirre.com.ar\/noticias\/?s={search_term_string}\"},\"query-input\":\"required name=search_term_string\"}],\"inLanguage\":\"es-AR\"},{\"@type\":\"Organization\",\"@id\":\"https:\/\/web.consaguirre.com.ar\/noticias\/#organization\",\"name\":\"Conservatorio de M\u00fasica Juli\u00e1n Aguirre\",\"url\":\"https:\/\/web.consaguirre.com.ar\/noticias\/\",\"logo\":{\"@type\":\"ImageObject\",\"inLanguage\":\"es-AR\",\"@id\":\"https:\/\/web.consaguirre.com.ar\/noticias\/#\/schema\/logo\/image\/\",\"url\":\"https:\/\/web.consaguirre.com.ar\/noticias\/wp-content\/uploads\/2024\/08\/Banner-Aguirre-23.jpg\",\"contentUrl\":\"https:\/\/web.consaguirre.com.ar\/noticias\/wp-content\/uploads\/2024\/08\/Banner-Aguirre-23.jpg\",\"width\":1192,\"height\":600,\"caption\":\"Conservatorio de M\u00fasica Juli\u00e1n Aguirre\"},\"image\":{\"@id\":\"https:\/\/web.consaguirre.com.ar\/noticias\/#\/schema\/logo\/image\/\"}},{\"@type\":\"Person\",\"@id\":\"https:\/\/web.consaguirre.com.ar\/noticias\/#\/schema\/person\/6558b0cfedee7ddc5425602b237d5722\",\"name\":\"Javier Figueroa\",\"image\":{\"@type\":\"ImageObject\",\"inLanguage\":\"es-AR\",\"@id\":\"https:\/\/web.consaguirre.com.ar\/noticias\/#\/schema\/person\/image\/\",\"url\":\"https:\/\/web.consaguirre.com.ar\/noticias\/wp-content\/uploads\/2024\/08\/Consaguirre-scaled.jpg\",\"contentUrl\":\"https:\/\/web.consaguirre.com.ar\/noticias\/wp-content\/uploads\/2024\/08\/Consaguirre-scaled.jpg\",\"caption\":\"Javier Figueroa\"},\"description\":\"Me llamo Javier Figueroa y soy redactor para el sitio oficial del Conservatorio de M\u00fasica Juli\u00e1n Aguirre en Buenos Aires, consaguirre.com. Apasionado por la m\u00fasica y la escritura, me esfuerzo por destacar los talentos y eventos de nuestra prestigiosa instituci\u00f3n. Mi trayectoria se nutre de una profunda admiraci\u00f3n por los artistas, haciendo de cada art\u00edculo una celebraci\u00f3n de la creatividad y la cultura musical.\",\"sameAs\":[\"https:\/\/web.consaguirre.com.ar\/noticias\"]}]}<\/script>\n<!-- \/ Yoast SEO plugin. -->","yoast_head_json":{"title":"Nick Ward anuncia su segundo \u00e1lbum 'Year Of The Snake'","robots":{"index":"index","follow":"follow","max-snippet":"max-snippet:-1","max-image-preview":"max-image-preview:large","max-video-preview":"max-video-preview:-1"},"canonical":"https:\/\/web.consaguirre.com.ar\/noticias\/nick-ward-anuncia-su-segundo-album-year-of-the-snake\/","og_locale":"es_ES","og_type":"article","og_title":"Nick Ward anuncia su segundo \u00e1lbum 'Year Of The Snake'","og_description":"El cantautor australiano Nick Ward ha anunciado su pr\u00f3ximo \u00e1lbum de segundo a\u00f1o, A\u00f1o de la serpiente. El anuncio llega junto con un nuevo sencillo,","og_url":"https:\/\/web.consaguirre.com.ar\/noticias\/nick-ward-anuncia-su-segundo-album-year-of-the-snake\/","og_site_name":"Conservatorio de M\u00fasica Juli\u00e1n Aguirre","article_published_time":"2026-08-31T18:38:54+00:00","article_modified_time":"2026-08-31T18:38:56+00:00","og_image":[{"width":820,"height":820,"url":"https:\/\/web.consaguirre.com.ar\/noticias\/wp-content\/uploads\/2026\/08\/Nick-Ward-anuncia-su-segundo-album-Year-Of-The-Snake.jpg","type":"image\/jpeg"}],"author":"Javier Figueroa","twitter_card":"summary_large_image","twitter_misc":{"Escrito por":"Javier Figueroa","Tiempo de lectura":"2 minutos"},"schema":{"@context":"https:\/\/schema.org","@graph":[{"@type":"Article","@id":"https:\/\/web.consaguirre.com.ar\/noticias\/nick-ward-anuncia-su-segundo-album-year-of-the-snake\/#article","isPartOf":{"@id":"https:\/\/web.consaguirre.com.ar\/noticias\/nick-ward-anuncia-su-segundo-album-year-of-the-snake\/"},"author":{"name":"Javier Figueroa","@id":"https:\/\/web.consaguirre.com.ar\/noticias\/#\/schema\/person\/6558b0cfedee7ddc5425602b237d5722"},"headline":"Nick Ward anuncia su segundo \u00e1lbum &#8216;Year Of The Snake&#8217;","datePublished":"2026-08-31T18:38:54+00:00","dateModified":"2026-08-31T18:38:56+00:00","mainEntityOfPage":{"@id":"https:\/\/web.consaguirre.com.ar\/noticias\/nick-ward-anuncia-su-segundo-album-year-of-the-snake\/"},"wordCount":419,"publisher":{"@id":"https:\/\/web.consaguirre.com.ar\/noticias\/#organization"},"image":{"@id":"https:\/\/web.consaguirre.com.ar\/noticias\/nick-ward-anuncia-su-segundo-album-year-of-the-snake\/#primaryimage"},"thumbnailUrl":"https:\/\/web.consaguirre.com.ar\/noticias\/wp-content\/uploads\/2026\/08\/Nick-Ward-anuncia-su-segundo-album-Year-Of-The-Snake.jpg","keywords":["\u00e1lbum","anuncia","Nick","segundo","Snake","Ward","Year"],"articleSection":["El \u00faltimo"],"inLanguage":"es-AR"},{"@type":"WebPage","@id":"https:\/\/web.consaguirre.com.ar\/noticias\/nick-ward-anuncia-su-segundo-album-year-of-the-snake\/","url":"https:\/\/web.consaguirre.com.ar\/noticias\/nick-ward-anuncia-su-segundo-album-year-of-the-snake\/","name":"Nick Ward anuncia su segundo \u00e1lbum 'Year Of The Snake'","isPartOf":{"@id":"https:\/\/web.consaguirre.com.ar\/noticias\/#website"},"primaryImageOfPage":{"@id":"https:\/\/web.consaguirre.com.ar\/noticias\/nick-ward-anuncia-su-segundo-album-year-of-the-snake\/#primaryimage"},"image":{"@id":"https:\/\/web.consaguirre.com.ar\/noticias\/nick-ward-anuncia-su-segundo-album-year-of-the-snake\/#primaryimage"},"thumbnailUrl":"https:\/\/web.consaguirre.com.ar\/noticias\/wp-content\/uploads\/2026\/08\/Nick-Ward-anuncia-su-segundo-album-Year-Of-The-Snake.jpg","datePublished":"2026-08-31T18:38:54+00:00","dateModified":"2026-08-31T18:38:56+00:00","breadcrumb":{"@id":"https:\/\/web.consaguirre.com.ar\/noticias\/nick-ward-anuncia-su-segundo-album-year-of-the-snake\/#breadcrumb"},"inLanguage":"es-AR","potentialAction":[{"@type":"ReadAction","target":["https:\/\/web.consaguirre.com.ar\/noticias\/nick-ward-anuncia-su-segundo-album-year-of-the-snake\/"]}]},{"@type":"ImageObject","inLanguage":"es-AR","@id":"https:\/\/web.consaguirre.com.ar\/noticias\/nick-ward-anuncia-su-segundo-album-year-of-the-snake\/#primaryimage","url":"https:\/\/web.consaguirre.com.ar\/noticias\/wp-content\/uploads\/2026\/08\/Nick-Ward-anuncia-su-segundo-album-Year-Of-The-Snake.jpg","contentUrl":"https:\/\/web.consaguirre.com.ar\/noticias\/wp-content\/uploads\/2026\/08\/Nick-Ward-anuncia-su-segundo-album-Year-Of-The-Snake.jpg","width":820,"height":820,"caption":"Nick Ward Year Of The Snake"},{"@type":"BreadcrumbList","@id":"https:\/\/web.consaguirre.com.ar\/noticias\/nick-ward-anuncia-su-segundo-album-year-of-the-snake\/#breadcrumb","itemListElement":[{"@type":"ListItem","position":1,"name":"Inicio","item":"https:\/\/web.consaguirre.com.ar\/noticias\/"},{"@type":"ListItem","position":2,"name":"Nick Ward anuncia su segundo \u00e1lbum &#8216;Year Of The Snake&#8217;"}]},{"@type":"WebSite","@id":"https:\/\/web.consaguirre.com.ar\/noticias\/#website","url":"https:\/\/web.consaguirre.com.ar\/noticias\/","name":"Conservatorio de M\u00fasica Juli\u00e1n Aguirre","description":"","publisher":{"@id":"https:\/\/web.consaguirre.com.ar\/noticias\/#organization"},"potentialAction":[{"@type":"SearchAction","target":{"@type":"EntryPoint","urlTemplate":"https:\/\/web.consaguirre.com.ar\/noticias\/?s={search_term_string}"},"query-input":"required name=search_term_string"}],"inLanguage":"es-AR"},{"@type":"Organization","@id":"https:\/\/web.consaguirre.com.ar\/noticias\/#organization","name":"Conservatorio de M\u00fasica Juli\u00e1n Aguirre","url":"https:\/\/web.consaguirre.com.ar\/noticias\/","logo":{"@type":"ImageObject","inLanguage":"es-AR","@id":"https:\/\/web.consaguirre.com.ar\/noticias\/#\/schema\/logo\/image\/","url":"https:\/\/web.consaguirre.com.ar\/noticias\/wp-content\/uploads\/2024\/08\/Banner-Aguirre-23.jpg","contentUrl":"https:\/\/web.consaguirre.com.ar\/noticias\/wp-content\/uploads\/2024\/08\/Banner-Aguirre-23.jpg","width":1192,"height":600,"caption":"Conservatorio de M\u00fasica Juli\u00e1n Aguirre"},"image":{"@id":"https:\/\/web.consaguirre.com.ar\/noticias\/#\/schema\/logo\/image\/"}},{"@type":"Person","@id":"https:\/\/web.consaguirre.com.ar\/noticias\/#\/schema\/person\/6558b0cfedee7ddc5425602b237d5722","name":"Javier Figueroa","image":{"@type":"ImageObject","inLanguage":"es-AR","@id":"https:\/\/web.consaguirre.com.ar\/noticias\/#\/schema\/person\/image\/","url":"https:\/\/web.consaguirre.com.ar\/noticias\/wp-content\/uploads\/2024\/08\/Consaguirre-scaled.jpg","contentUrl":"https:\/\/web.consaguirre.com.ar\/noticias\/wp-content\/uploads\/2024\/08\/Consaguirre-scaled.jpg","caption":"Javier Figueroa"},"description":"Me llamo Javier Figueroa y soy redactor para el sitio oficial del Conservatorio de M\u00fasica Juli\u00e1n Aguirre en Buenos Aires, consaguirre.com. Apasionado por la m\u00fasica y la escritura, me esfuerzo por destacar los talentos y eventos de nuestra prestigiosa instituci\u00f3n. Mi trayectoria se nutre de una profunda admiraci\u00f3n por los artistas, haciendo de cada art\u00edculo una celebraci\u00f3n de la creatividad y la cultura musical.","sameAs":["https:\/\/web.consaguirre.com.ar\/noticias"]}]}},"_links":{"self":[{"href":"https:\/\/web.consaguirre.com.ar\/noticias\/wp-json\/wp\/v2\/posts\/7698"}],"collection":[{"href":"https:\/\/web.consaguirre.com.ar\/noticias\/wp-json\/wp\/v2\/posts"}],"about":[{"href":"https:\/\/web.consaguirre.com.ar\/noticias\/wp-json\/wp\/v2\/types\/post"}],"author":[{"embeddable":true,"href":"https:\/\/web.consaguirre.com.ar\/noticias\/wp-json\/wp\/v2\/users\/1"}],"replies":[{"embeddable":true,"href":"https:\/\/web.consaguirre.com.ar\/noticias\/wp-json\/wp\/v2\/comments?post=7698"}],"version-history":[{"count":1,"href":"https:\/\/web.consaguirre.com.ar\/noticias\/wp-json\/wp\/v2\/posts\/7698\/revisions"}],"predecessor-version":[{"id":7700,"href":"https:\/\/web.consaguirre.com.ar\/noticias\/wp-json\/wp\/v2\/posts\/7698\/revisions\/7700"}],"wp:featuredmedia":[{"embeddable":true,"href":"https:\/\/web.consaguirre.com.ar\/noticias\/wp-json\/wp\/v2\/media\/7699"}],"wp:attachment":[{"href":"https:\/\/web.consaguirre.com.ar\/noticias\/wp-json\/wp\/v2\/media?parent=7698"}],"wp:term":[{"taxonomy":"category","embeddable":true,"href":"https:\/\/web.consaguirre.com.ar\/noticias\/wp-json\/wp\/v2\/categories?post=7698"},{"taxonomy":"post_tag","embeddable":true,"href":"https:\/\/web.consaguirre.com.ar\/noticias\/wp-json\/wp\/v2\/tags?post=7698"}],"curies":[{"name":"wp","href":"https:\/\/api.w.org\/{rel}","templated":true}]}}