{"id":7688,"date":"2026-08-31T11:39:23","date_gmt":"2026-08-31T14:39:23","guid":{"rendered":"https:\/\/web.consaguirre.com.ar\/noticias\/festival-de-musica-de-divulgacion-musica-en-constante-rotacion\/"},"modified":"2026-08-31T11:39:24","modified_gmt":"2026-08-31T14:39:24","slug":"festival-de-musica-de-divulgacion-musica-en-constante-rotacion","status":"publish","type":"post","link":"https:\/\/web.consaguirre.com.ar\/noticias\/festival-de-musica-de-divulgacion-musica-en-constante-rotacion\/","title":{"rendered":"Festival de M\u00fasica de Divulgaci\u00f3n: M\u00fasica en constante rotaci\u00f3n"},"content":{"rendered":"<div class=\"entry\" itemprop=\"text\">\n<p class=\"western\" lang=\"de-DE\"><b>Este festival en Schwaz, Tirol, es diferente.<\/b><\/p>\n<p class=\"western\" lang=\"de-DE\">\u00bfLos Rolling Stones disfrazados de jazz? \u00a1S\u00ed, por qu\u00e9 no! Especialmente cuando saben actuar con tanto ingenio, como lo hace el h\u00fangaro K\u00e1lm\u00e1n Ol\u00e1h Trio. Un tr\u00edo de piano de jazz cl\u00e1sico que demuestra su versatilidad en el amplio espectro del jazz moderno con composiciones originales del director de banda y pianista K\u00e1lm\u00e1n Ol\u00e1h o una canci\u00f3n del bajista estadounidense Steve Swallow en el SZentrum en la &#8216;Ciudad de Plata&#8217; de Schwaz. Luego, en el segundo set, el saxofonista estadounidense Tim Ries se une al tr\u00edo, y los cuatro m\u00fasicos siguen deleitando al p\u00fablico. Y sorprenden. Porque el tema de &#8216;Giant Steps&#8217; de John Coltrane sirve como hilo unificador, uniendo sonidos al estilo de Coltrane con Bach y el flamenco. Qu\u00e9 combinaci\u00f3n, y que adem\u00e1s funciona maravillosamente bien. Tercer set: el fundador del festival y trompetista Franz Hackl se une ahora tambi\u00e9n. Y la banda, que ahora se ha expandido a un quinteto, aborda el tema de los Stones &#8216;(I Can&#8217;t Get No) Satisfaction&#8217; y lo convierte en un tema de jazz genial. En realidad, no sorprende que se toque una pieza como \u00e9sta, dado que Tim Ries ha tocado en dos \u00e1lbumes y ha estado de gira con los Rolling Stones en varias ocasiones.<\/p>\n<div id=\"attachment_64777\" style=\"width: 1034px\" class=\"wp-caption aligncenter\"><\/div>\n<p class=\"western\" lang=\"de-DE\">Quien se pregunte por qu\u00e9 cada banda tocar\u00e1 tres sets en el Outreach Music Festival del Tirol, debe comprender el concepto del festival, que, con talleres y, m\u00e1s recientemente, v\u00ednculos con las artes, pretende ser algo m\u00e1s que un simple concierto. Durante la pandemia de Covid-19, en ocasiones s\u00f3lo se permit\u00eda un concierto por noche. As\u00ed, en el SZentrum simplemente colocaron a las tres bandas de la noche en el gran y amplio escenario de la sede principal del festival. Y los hicieron jugar sets de 20 minutos uno tras otro en una rotaci\u00f3n continua. Y as\u00ed ha quedado. Es un formato de concierto interesante y apasionante que tambi\u00e9n obliga a los m\u00fasicos a replantearse su enfoque, ya que est\u00e1n acostumbrados a tocar sets de unos 45 minutos.<\/p>\n<p class=\"western\" lang=\"de-DE\">La peque\u00f1a ciudad de Schwaz, con poco menos de 15.000 habitantes y situada a 30 km al este de Innsbruck, fue en su d\u00eda un centro minero gracias a sus yacimientos de plata; Ahora es una verdadera ciudad de la cultura, como se\u00f1al\u00f3 la encargada de asuntos culturales de la ciudad en su discurso en la inauguraci\u00f3n del festival. Hay muchos festivales aqu\u00ed. Y desde hace 34 a\u00f1os, tambi\u00e9n existe la Divulgaci\u00f3n. El trompetista tirol\u00e9s Franz Hackl es oriundo de Schwaz; Aunque lleva mucho tiempo radicado en Nueva York, nunca ha olvidado su tierra natal. Y con su festival interdisciplinario, en el que el bajista tambi\u00e9n tirol\u00e9s Clemens Rofner act\u00faa como codirector, ha creado algo verdaderamente magn\u00edfico.<\/p>\n<div id=\"attachment_64778\" style=\"width: 1034px\" class=\"wp-caption aligncenter\"><img loading=\"lazy\" decoding=\"async\" class=\"wp-image-64778 size-large\" src=\"https:\/\/web.consaguirre.com.ar\/noticias\/wp-content\/uploads\/2026\/08\/1788187163_667_Festival-de-Musica-de-Divulgacion-Musica-en-constante-rotacion.jpg\" alt=\"\" width=\"1024\" height=\"576\"  ><\/div>\n<p class=\"western\" lang=\"de-DE\">La Outreach Orchestra de Franz Hackl, conjunto residente del festival, existe desde hace tres d\u00e9cadas. Este conjunto dominado por el viento siempre logra actuar de una manera entretenida, logrando un equilibrio entre estilos que es a la vez sofisticado y completamente \u00fanico. La artista invitada Heidi Vogel, una cantante brit\u00e1nica, demostr\u00f3 con su voz oscura y poderosa por qu\u00e9 actualmente se est\u00e1 haciendo un nombre en todo el Reino Unido. En Schwaz tambi\u00e9n actu\u00f3 el Munich Composer Collective (MCC), otro gran conjunto fundado y dirigido por el violinista Gregor H\u00fcbner, compuesto por estudiantes actuales y antiguos del Instituto de Jazz y del Departamento de M\u00fasica Cl\u00e1sica de la Universidad de M\u00fasica de Munich. Secci\u00f3n de vientos, cuerdas y ritmo. Tambi\u00e9n estuvo presente la ex alumna, la cantante, m\u00fasico y directora de big band alemana Monika Roscher. Roscher sola, con las magn\u00edficas texturas sonoras de sus composiciones, era un puro deleite. Pero, sobre todo, el MCC demostr\u00f3 ser un conjunto maravillosamente resonante y totalmente independiente que abarca los mundos del jazz y la m\u00fasica cl\u00e1sica contempor\u00e1nea.<\/p>\n<p class=\"western\" lang=\"de-DE\">Y hubo muchos otros m\u00fasicos maravillosos que se escucharon en el Outreach de este a\u00f1o. Tomemos, por ejemplo, al saxofonista brit\u00e1nico Iain Bellamy, actuando en un cuarteto con el fant\u00e1stico guitarrista Rob Luft a su lado. Estos dos en particular armonizaban m\u00e1gicamente entre s\u00ed. Con su tr\u00edo, el bajista (y clarinetista) alem\u00e1n Nils Kugelmann demostr\u00f3, a trav\u00e9s de su estilo mel\u00f3dico y compositivo y de sus piezas accesibles, r\u00edtmicamente refinadas y vers\u00e1tiles, por qu\u00e9 escucharlo es un verdadero placer, \u00a1en ambos instrumentos! La saxofonista y flautista tirolesa Yvonne Moriel y su cuarteto Sweetlife brillaron por su actitud abierta, alejada de categor\u00edas estil\u00edsticas. Elementos por momentos del dub, por momentos electr\u00f3nicos, se funden en los densos di\u00e1logos entre los cuatro m\u00fasicos, impulsados \u200b\u200bpor la bater\u00eda y, sobre todo, por la fant\u00e1stica Stephanie Weninger al Moog y los teclados. \u00a1Un cuarteto realmente refrescante!<\/p>\n<div id=\"attachment_64779\" style=\"width: 1034px\" class=\"wp-caption aligncenter\"><img loading=\"lazy\" decoding=\"async\" class=\"wp-image-64779 size-large\" src=\"https:\/\/web.consaguirre.com.ar\/noticias\/wp-content\/uploads\/2026\/08\/1788187163_760_Festival-de-Musica-de-Divulgacion-Musica-en-constante-rotacion.jpg\" alt=\"\" width=\"1024\" height=\"576\"  ><\/div>\n<p class=\"western\" lang=\"de-DE\">Escuchar al pianista ucraniano Vadim Neselovskyi interpretar su suite &#8216;Perseverantia&#8217; en Schwaz, acompa\u00f1ado de un tr\u00edo de cuerdas, result\u00f3 ser un emotivo viaje a la guerra que Rusia instig\u00f3 contra Ucrania en 2022 y que no da se\u00f1ales de terminar. Neselovskyi ha traducido todos sus sentimientos sobre este tema, en todas sus facetas \u2013incluida la perseverancia y resistencia de los ucranianos\u2013 en sonidos que van desde el jazz y el neocl\u00e1sico hasta el folclore de Europa del Este, la m\u00fasica de c\u00e1mara y el metal. Era una m\u00fasica que conmov\u00eda al oyente en cada momento e inevitablemente se met\u00eda bajo la piel.<\/p>\n<p class=\"western\" lang=\"de-DE\">Otro aspecto clave de Outreach es el hecho de que el festival apoya a los m\u00fasicos en sus viajes. La joven violinista Leonie Gr\u00f6ssl de Schwaz sol\u00eda venir con su padre al festival cuando era ni\u00f1a para escuchar m\u00fasica. Actualmente estudia viol\u00edn de jazz en Linz y tuvo la oportunidad de dar su primer concierto en el segundo escenario m\u00e1s peque\u00f1o del festival con su tr\u00edo Earth Shelters My Precious Self. Historias como \u00e9sta son importantes para el fundador del festival, Franz Hackl, ya que quiere que su festival sea algo m\u00e1s que un lugar al que los m\u00fasicos acuden brevemente para dar un concierto.<\/p>\n<p lang=\"de-DE\"><em>Imagen de portada: Heidi-Vogel | foto de Reter Meisel<\/em><\/p>\n<div class=\"post-pagination\"><\/div>\n<div class=\"clearfix\"><\/div>\n<\/p><\/div>\n","protected":false},"excerpt":{"rendered":"<p>Este festival en Schwaz, Tirol, es diferente. \u00bfLos Rolling Stones disfrazados de jazz? \u00a1S\u00ed, por qu\u00e9 no! Especialmente cuando saben actuar con tanto ingenio, como<\/p>\n","protected":false},"author":1,"featured_media":7689,"comment_status":"closed","ping_status":"","sticky":false,"template":"","format":"standard","meta":{"footnotes":""},"categories":[4],"tags":[5186,2647,102,632,5187],"class_list":["post-7688","post","type-post","status-publish","format-standard","has-post-thumbnail","hentry","category-critica","tag-constante","tag-divulgacion","tag-festival","tag-musica","tag-rotacion","generate-columns","tablet-grid-50","mobile-grid-100","grid-parent","grid-50"],"yoast_head":"<!-- This site is optimized with the Yoast SEO plugin v23.3 - https:\/\/yoast.com\/wordpress\/plugins\/seo\/ -->\n<title>Festival de M\u00fasica de Divulgaci\u00f3n: M\u00fasica en constante rotaci\u00f3n<\/title>\n<meta name=\"robots\" content=\"index, follow, max-snippet:-1, max-image-preview:large, max-video-preview:-1\" \/>\n<link rel=\"canonical\" href=\"https:\/\/web.consaguirre.com.ar\/noticias\/festival-de-musica-de-divulgacion-musica-en-constante-rotacion\/\" \/>\n<meta property=\"og:locale\" content=\"es_ES\" \/>\n<meta property=\"og:type\" content=\"article\" \/>\n<meta property=\"og:title\" content=\"Festival de M\u00fasica de Divulgaci\u00f3n: M\u00fasica en constante rotaci\u00f3n\" \/>\n<meta property=\"og:description\" content=\"Este festival en Schwaz, Tirol, es diferente. \u00bfLos Rolling Stones disfrazados de jazz? \u00a1S\u00ed, por qu\u00e9 no! Especialmente cuando saben actuar con tanto ingenio, como\" \/>\n<meta property=\"og:url\" content=\"https:\/\/web.consaguirre.com.ar\/noticias\/festival-de-musica-de-divulgacion-musica-en-constante-rotacion\/\" \/>\n<meta property=\"og:site_name\" content=\"Conservatorio de M\u00fasica Juli\u00e1n Aguirre\" \/>\n<meta property=\"article:published_time\" content=\"2026-08-31T14:39:23+00:00\" \/>\n<meta property=\"article:modified_time\" content=\"2026-08-31T14:39:24+00:00\" \/>\n<meta property=\"og:image\" content=\"https:\/\/web.consaguirre.com.ar\/noticias\/wp-content\/uploads\/2026\/08\/Festival-de-Musica-de-Divulgacion-Musica-en-constante-rotacion.jpg\" \/>\n\t<meta property=\"og:image:width\" content=\"1024\" \/>\n\t<meta property=\"og:image:height\" content=\"576\" \/>\n\t<meta property=\"og:image:type\" content=\"image\/jpeg\" \/>\n<meta name=\"author\" content=\"Javier Figueroa\" \/>\n<meta name=\"twitter:card\" content=\"summary_large_image\" \/>\n<meta name=\"twitter:label1\" content=\"Escrito por\" \/>\n\t<meta name=\"twitter:data1\" content=\"Javier Figueroa\" \/>\n\t<meta name=\"twitter:label2\" content=\"Tiempo de lectura\" \/>\n\t<meta name=\"twitter:data2\" content=\"5 minutos\" \/>\n<script type=\"application\/ld+json\" class=\"yoast-schema-graph\">{\"@context\":\"https:\/\/schema.org\",\"@graph\":[{\"@type\":\"Article\",\"@id\":\"https:\/\/web.consaguirre.com.ar\/noticias\/festival-de-musica-de-divulgacion-musica-en-constante-rotacion\/#article\",\"isPartOf\":{\"@id\":\"https:\/\/web.consaguirre.com.ar\/noticias\/festival-de-musica-de-divulgacion-musica-en-constante-rotacion\/\"},\"author\":{\"name\":\"Javier Figueroa\",\"@id\":\"https:\/\/web.consaguirre.com.ar\/noticias\/#\/schema\/person\/6558b0cfedee7ddc5425602b237d5722\"},\"headline\":\"Festival de M\u00fasica de Divulgaci\u00f3n: M\u00fasica en constante rotaci\u00f3n\",\"datePublished\":\"2026-08-31T14:39:23+00:00\",\"dateModified\":\"2026-08-31T14:39:24+00:00\",\"mainEntityOfPage\":{\"@id\":\"https:\/\/web.consaguirre.com.ar\/noticias\/festival-de-musica-de-divulgacion-musica-en-constante-rotacion\/\"},\"wordCount\":1085,\"publisher\":{\"@id\":\"https:\/\/web.consaguirre.com.ar\/noticias\/#organization\"},\"image\":{\"@id\":\"https:\/\/web.consaguirre.com.ar\/noticias\/festival-de-musica-de-divulgacion-musica-en-constante-rotacion\/#primaryimage\"},\"thumbnailUrl\":\"https:\/\/web.consaguirre.com.ar\/noticias\/wp-content\/uploads\/2026\/08\/Festival-de-Musica-de-Divulgacion-Musica-en-constante-rotacion.jpg\",\"keywords\":[\"constante\",\"Divulgaci\u00f3n\",\"Festival\",\"m\u00fasica\",\"rotaci\u00f3n\"],\"articleSection\":[\"Cr\u00edtica\"],\"inLanguage\":\"es-AR\"},{\"@type\":\"WebPage\",\"@id\":\"https:\/\/web.consaguirre.com.ar\/noticias\/festival-de-musica-de-divulgacion-musica-en-constante-rotacion\/\",\"url\":\"https:\/\/web.consaguirre.com.ar\/noticias\/festival-de-musica-de-divulgacion-musica-en-constante-rotacion\/\",\"name\":\"Festival de M\u00fasica de Divulgaci\u00f3n: M\u00fasica en constante rotaci\u00f3n\",\"isPartOf\":{\"@id\":\"https:\/\/web.consaguirre.com.ar\/noticias\/#website\"},\"primaryImageOfPage\":{\"@id\":\"https:\/\/web.consaguirre.com.ar\/noticias\/festival-de-musica-de-divulgacion-musica-en-constante-rotacion\/#primaryimage\"},\"image\":{\"@id\":\"https:\/\/web.consaguirre.com.ar\/noticias\/festival-de-musica-de-divulgacion-musica-en-constante-rotacion\/#primaryimage\"},\"thumbnailUrl\":\"https:\/\/web.consaguirre.com.ar\/noticias\/wp-content\/uploads\/2026\/08\/Festival-de-Musica-de-Divulgacion-Musica-en-constante-rotacion.jpg\",\"datePublished\":\"2026-08-31T14:39:23+00:00\",\"dateModified\":\"2026-08-31T14:39:24+00:00\",\"breadcrumb\":{\"@id\":\"https:\/\/web.consaguirre.com.ar\/noticias\/festival-de-musica-de-divulgacion-musica-en-constante-rotacion\/#breadcrumb\"},\"inLanguage\":\"es-AR\",\"potentialAction\":[{\"@type\":\"ReadAction\",\"target\":[\"https:\/\/web.consaguirre.com.ar\/noticias\/festival-de-musica-de-divulgacion-musica-en-constante-rotacion\/\"]}]},{\"@type\":\"ImageObject\",\"inLanguage\":\"es-AR\",\"@id\":\"https:\/\/web.consaguirre.com.ar\/noticias\/festival-de-musica-de-divulgacion-musica-en-constante-rotacion\/#primaryimage\",\"url\":\"https:\/\/web.consaguirre.com.ar\/noticias\/wp-content\/uploads\/2026\/08\/Festival-de-Musica-de-Divulgacion-Musica-en-constante-rotacion.jpg\",\"contentUrl\":\"https:\/\/web.consaguirre.com.ar\/noticias\/wp-content\/uploads\/2026\/08\/Festival-de-Musica-de-Divulgacion-Musica-en-constante-rotacion.jpg\",\"width\":1024,\"height\":576,\"caption\":\"Festival de M\u00fasica de Divulgaci\u00f3n: M\u00fasica en constante rotaci\u00f3n\"},{\"@type\":\"BreadcrumbList\",\"@id\":\"https:\/\/web.consaguirre.com.ar\/noticias\/festival-de-musica-de-divulgacion-musica-en-constante-rotacion\/#breadcrumb\",\"itemListElement\":[{\"@type\":\"ListItem\",\"position\":1,\"name\":\"Inicio\",\"item\":\"https:\/\/web.consaguirre.com.ar\/noticias\/\"},{\"@type\":\"ListItem\",\"position\":2,\"name\":\"Festival de M\u00fasica de Divulgaci\u00f3n: M\u00fasica en constante rotaci\u00f3n\"}]},{\"@type\":\"WebSite\",\"@id\":\"https:\/\/web.consaguirre.com.ar\/noticias\/#website\",\"url\":\"https:\/\/web.consaguirre.com.ar\/noticias\/\",\"name\":\"Conservatorio de M\u00fasica Juli\u00e1n Aguirre\",\"description\":\"\",\"publisher\":{\"@id\":\"https:\/\/web.consaguirre.com.ar\/noticias\/#organization\"},\"potentialAction\":[{\"@type\":\"SearchAction\",\"target\":{\"@type\":\"EntryPoint\",\"urlTemplate\":\"https:\/\/web.consaguirre.com.ar\/noticias\/?s={search_term_string}\"},\"query-input\":\"required name=search_term_string\"}],\"inLanguage\":\"es-AR\"},{\"@type\":\"Organization\",\"@id\":\"https:\/\/web.consaguirre.com.ar\/noticias\/#organization\",\"name\":\"Conservatorio de M\u00fasica Juli\u00e1n Aguirre\",\"url\":\"https:\/\/web.consaguirre.com.ar\/noticias\/\",\"logo\":{\"@type\":\"ImageObject\",\"inLanguage\":\"es-AR\",\"@id\":\"https:\/\/web.consaguirre.com.ar\/noticias\/#\/schema\/logo\/image\/\",\"url\":\"https:\/\/web.consaguirre.com.ar\/noticias\/wp-content\/uploads\/2024\/08\/Banner-Aguirre-23.jpg\",\"contentUrl\":\"https:\/\/web.consaguirre.com.ar\/noticias\/wp-content\/uploads\/2024\/08\/Banner-Aguirre-23.jpg\",\"width\":1192,\"height\":600,\"caption\":\"Conservatorio de M\u00fasica Juli\u00e1n Aguirre\"},\"image\":{\"@id\":\"https:\/\/web.consaguirre.com.ar\/noticias\/#\/schema\/logo\/image\/\"}},{\"@type\":\"Person\",\"@id\":\"https:\/\/web.consaguirre.com.ar\/noticias\/#\/schema\/person\/6558b0cfedee7ddc5425602b237d5722\",\"name\":\"Javier Figueroa\",\"image\":{\"@type\":\"ImageObject\",\"inLanguage\":\"es-AR\",\"@id\":\"https:\/\/web.consaguirre.com.ar\/noticias\/#\/schema\/person\/image\/\",\"url\":\"https:\/\/web.consaguirre.com.ar\/noticias\/wp-content\/uploads\/2024\/08\/Consaguirre-scaled.jpg\",\"contentUrl\":\"https:\/\/web.consaguirre.com.ar\/noticias\/wp-content\/uploads\/2024\/08\/Consaguirre-scaled.jpg\",\"caption\":\"Javier Figueroa\"},\"description\":\"Me llamo Javier Figueroa y soy redactor para el sitio oficial del Conservatorio de M\u00fasica Juli\u00e1n Aguirre en Buenos Aires, consaguirre.com. Apasionado por la m\u00fasica y la escritura, me esfuerzo por destacar los talentos y eventos de nuestra prestigiosa instituci\u00f3n. Mi trayectoria se nutre de una profunda admiraci\u00f3n por los artistas, haciendo de cada art\u00edculo una celebraci\u00f3n de la creatividad y la cultura musical.\",\"sameAs\":[\"https:\/\/web.consaguirre.com.ar\/noticias\"]}]}<\/script>\n<!-- \/ Yoast SEO plugin. -->","yoast_head_json":{"title":"Festival de M\u00fasica de Divulgaci\u00f3n: M\u00fasica en constante rotaci\u00f3n","robots":{"index":"index","follow":"follow","max-snippet":"max-snippet:-1","max-image-preview":"max-image-preview:large","max-video-preview":"max-video-preview:-1"},"canonical":"https:\/\/web.consaguirre.com.ar\/noticias\/festival-de-musica-de-divulgacion-musica-en-constante-rotacion\/","og_locale":"es_ES","og_type":"article","og_title":"Festival de M\u00fasica de Divulgaci\u00f3n: M\u00fasica en constante rotaci\u00f3n","og_description":"Este festival en Schwaz, Tirol, es diferente. \u00bfLos Rolling Stones disfrazados de jazz? \u00a1S\u00ed, por qu\u00e9 no! Especialmente cuando saben actuar con tanto ingenio, como","og_url":"https:\/\/web.consaguirre.com.ar\/noticias\/festival-de-musica-de-divulgacion-musica-en-constante-rotacion\/","og_site_name":"Conservatorio de M\u00fasica Juli\u00e1n Aguirre","article_published_time":"2026-08-31T14:39:23+00:00","article_modified_time":"2026-08-31T14:39:24+00:00","og_image":[{"width":1024,"height":576,"url":"https:\/\/web.consaguirre.com.ar\/noticias\/wp-content\/uploads\/2026\/08\/Festival-de-Musica-de-Divulgacion-Musica-en-constante-rotacion.jpg","type":"image\/jpeg"}],"author":"Javier Figueroa","twitter_card":"summary_large_image","twitter_misc":{"Escrito por":"Javier Figueroa","Tiempo de lectura":"5 minutos"},"schema":{"@context":"https:\/\/schema.org","@graph":[{"@type":"Article","@id":"https:\/\/web.consaguirre.com.ar\/noticias\/festival-de-musica-de-divulgacion-musica-en-constante-rotacion\/#article","isPartOf":{"@id":"https:\/\/web.consaguirre.com.ar\/noticias\/festival-de-musica-de-divulgacion-musica-en-constante-rotacion\/"},"author":{"name":"Javier Figueroa","@id":"https:\/\/web.consaguirre.com.ar\/noticias\/#\/schema\/person\/6558b0cfedee7ddc5425602b237d5722"},"headline":"Festival de M\u00fasica de Divulgaci\u00f3n: M\u00fasica en constante rotaci\u00f3n","datePublished":"2026-08-31T14:39:23+00:00","dateModified":"2026-08-31T14:39:24+00:00","mainEntityOfPage":{"@id":"https:\/\/web.consaguirre.com.ar\/noticias\/festival-de-musica-de-divulgacion-musica-en-constante-rotacion\/"},"wordCount":1085,"publisher":{"@id":"https:\/\/web.consaguirre.com.ar\/noticias\/#organization"},"image":{"@id":"https:\/\/web.consaguirre.com.ar\/noticias\/festival-de-musica-de-divulgacion-musica-en-constante-rotacion\/#primaryimage"},"thumbnailUrl":"https:\/\/web.consaguirre.com.ar\/noticias\/wp-content\/uploads\/2026\/08\/Festival-de-Musica-de-Divulgacion-Musica-en-constante-rotacion.jpg","keywords":["constante","Divulgaci\u00f3n","Festival","m\u00fasica","rotaci\u00f3n"],"articleSection":["Cr\u00edtica"],"inLanguage":"es-AR"},{"@type":"WebPage","@id":"https:\/\/web.consaguirre.com.ar\/noticias\/festival-de-musica-de-divulgacion-musica-en-constante-rotacion\/","url":"https:\/\/web.consaguirre.com.ar\/noticias\/festival-de-musica-de-divulgacion-musica-en-constante-rotacion\/","name":"Festival de M\u00fasica de Divulgaci\u00f3n: M\u00fasica en constante rotaci\u00f3n","isPartOf":{"@id":"https:\/\/web.consaguirre.com.ar\/noticias\/#website"},"primaryImageOfPage":{"@id":"https:\/\/web.consaguirre.com.ar\/noticias\/festival-de-musica-de-divulgacion-musica-en-constante-rotacion\/#primaryimage"},"image":{"@id":"https:\/\/web.consaguirre.com.ar\/noticias\/festival-de-musica-de-divulgacion-musica-en-constante-rotacion\/#primaryimage"},"thumbnailUrl":"https:\/\/web.consaguirre.com.ar\/noticias\/wp-content\/uploads\/2026\/08\/Festival-de-Musica-de-Divulgacion-Musica-en-constante-rotacion.jpg","datePublished":"2026-08-31T14:39:23+00:00","dateModified":"2026-08-31T14:39:24+00:00","breadcrumb":{"@id":"https:\/\/web.consaguirre.com.ar\/noticias\/festival-de-musica-de-divulgacion-musica-en-constante-rotacion\/#breadcrumb"},"inLanguage":"es-AR","potentialAction":[{"@type":"ReadAction","target":["https:\/\/web.consaguirre.com.ar\/noticias\/festival-de-musica-de-divulgacion-musica-en-constante-rotacion\/"]}]},{"@type":"ImageObject","inLanguage":"es-AR","@id":"https:\/\/web.consaguirre.com.ar\/noticias\/festival-de-musica-de-divulgacion-musica-en-constante-rotacion\/#primaryimage","url":"https:\/\/web.consaguirre.com.ar\/noticias\/wp-content\/uploads\/2026\/08\/Festival-de-Musica-de-Divulgacion-Musica-en-constante-rotacion.jpg","contentUrl":"https:\/\/web.consaguirre.com.ar\/noticias\/wp-content\/uploads\/2026\/08\/Festival-de-Musica-de-Divulgacion-Musica-en-constante-rotacion.jpg","width":1024,"height":576,"caption":"Festival de M\u00fasica de Divulgaci\u00f3n: M\u00fasica en constante rotaci\u00f3n"},{"@type":"BreadcrumbList","@id":"https:\/\/web.consaguirre.com.ar\/noticias\/festival-de-musica-de-divulgacion-musica-en-constante-rotacion\/#breadcrumb","itemListElement":[{"@type":"ListItem","position":1,"name":"Inicio","item":"https:\/\/web.consaguirre.com.ar\/noticias\/"},{"@type":"ListItem","position":2,"name":"Festival de M\u00fasica de Divulgaci\u00f3n: M\u00fasica en constante rotaci\u00f3n"}]},{"@type":"WebSite","@id":"https:\/\/web.consaguirre.com.ar\/noticias\/#website","url":"https:\/\/web.consaguirre.com.ar\/noticias\/","name":"Conservatorio de M\u00fasica Juli\u00e1n Aguirre","description":"","publisher":{"@id":"https:\/\/web.consaguirre.com.ar\/noticias\/#organization"},"potentialAction":[{"@type":"SearchAction","target":{"@type":"EntryPoint","urlTemplate":"https:\/\/web.consaguirre.com.ar\/noticias\/?s={search_term_string}"},"query-input":"required name=search_term_string"}],"inLanguage":"es-AR"},{"@type":"Organization","@id":"https:\/\/web.consaguirre.com.ar\/noticias\/#organization","name":"Conservatorio de M\u00fasica Juli\u00e1n Aguirre","url":"https:\/\/web.consaguirre.com.ar\/noticias\/","logo":{"@type":"ImageObject","inLanguage":"es-AR","@id":"https:\/\/web.consaguirre.com.ar\/noticias\/#\/schema\/logo\/image\/","url":"https:\/\/web.consaguirre.com.ar\/noticias\/wp-content\/uploads\/2024\/08\/Banner-Aguirre-23.jpg","contentUrl":"https:\/\/web.consaguirre.com.ar\/noticias\/wp-content\/uploads\/2024\/08\/Banner-Aguirre-23.jpg","width":1192,"height":600,"caption":"Conservatorio de M\u00fasica Juli\u00e1n Aguirre"},"image":{"@id":"https:\/\/web.consaguirre.com.ar\/noticias\/#\/schema\/logo\/image\/"}},{"@type":"Person","@id":"https:\/\/web.consaguirre.com.ar\/noticias\/#\/schema\/person\/6558b0cfedee7ddc5425602b237d5722","name":"Javier Figueroa","image":{"@type":"ImageObject","inLanguage":"es-AR","@id":"https:\/\/web.consaguirre.com.ar\/noticias\/#\/schema\/person\/image\/","url":"https:\/\/web.consaguirre.com.ar\/noticias\/wp-content\/uploads\/2024\/08\/Consaguirre-scaled.jpg","contentUrl":"https:\/\/web.consaguirre.com.ar\/noticias\/wp-content\/uploads\/2024\/08\/Consaguirre-scaled.jpg","caption":"Javier Figueroa"},"description":"Me llamo Javier Figueroa y soy redactor para el sitio oficial del Conservatorio de M\u00fasica Juli\u00e1n Aguirre en Buenos Aires, consaguirre.com. Apasionado por la m\u00fasica y la escritura, me esfuerzo por destacar los talentos y eventos de nuestra prestigiosa instituci\u00f3n. Mi trayectoria se nutre de una profunda admiraci\u00f3n por los artistas, haciendo de cada art\u00edculo una celebraci\u00f3n de la creatividad y la cultura musical.","sameAs":["https:\/\/web.consaguirre.com.ar\/noticias"]}]}},"_links":{"self":[{"href":"https:\/\/web.consaguirre.com.ar\/noticias\/wp-json\/wp\/v2\/posts\/7688"}],"collection":[{"href":"https:\/\/web.consaguirre.com.ar\/noticias\/wp-json\/wp\/v2\/posts"}],"about":[{"href":"https:\/\/web.consaguirre.com.ar\/noticias\/wp-json\/wp\/v2\/types\/post"}],"author":[{"embeddable":true,"href":"https:\/\/web.consaguirre.com.ar\/noticias\/wp-json\/wp\/v2\/users\/1"}],"replies":[{"embeddable":true,"href":"https:\/\/web.consaguirre.com.ar\/noticias\/wp-json\/wp\/v2\/comments?post=7688"}],"version-history":[{"count":1,"href":"https:\/\/web.consaguirre.com.ar\/noticias\/wp-json\/wp\/v2\/posts\/7688\/revisions"}],"predecessor-version":[{"id":7690,"href":"https:\/\/web.consaguirre.com.ar\/noticias\/wp-json\/wp\/v2\/posts\/7688\/revisions\/7690"}],"wp:featuredmedia":[{"embeddable":true,"href":"https:\/\/web.consaguirre.com.ar\/noticias\/wp-json\/wp\/v2\/media\/7689"}],"wp:attachment":[{"href":"https:\/\/web.consaguirre.com.ar\/noticias\/wp-json\/wp\/v2\/media?parent=7688"}],"wp:term":[{"taxonomy":"category","embeddable":true,"href":"https:\/\/web.consaguirre.com.ar\/noticias\/wp-json\/wp\/v2\/categories?post=7688"},{"taxonomy":"post_tag","embeddable":true,"href":"https:\/\/web.consaguirre.com.ar\/noticias\/wp-json\/wp\/v2\/tags?post=7688"}],"curies":[{"name":"wp","href":"https:\/\/api.w.org\/{rel}","templated":true}]}}