{"id":7685,"date":"2026-08-31T05:38:07","date_gmt":"2026-08-31T08:38:07","guid":{"rendered":"https:\/\/web.consaguirre.com.ar\/noticias\/agenda-del-festival-summartonar-en-las-islas-feroe\/"},"modified":"2026-08-31T05:38:09","modified_gmt":"2026-08-31T08:38:09","slug":"agenda-del-festival-summartonar-en-las-islas-feroe","status":"publish","type":"post","link":"https:\/\/web.consaguirre.com.ar\/noticias\/agenda-del-festival-summartonar-en-las-islas-feroe\/","title":{"rendered":"Agenda del Festival: Summart\u00f3nar en las Islas Feroe"},"content":{"rendered":"<div class=\"entry\" itemprop=\"text\">\n<p class=\"my-2 (&amp;+p):mt-4 (&amp;_strong:has(+br)):inline-block (&amp;_strong:has(+br)):align-top\"><em><strong>&#8220;\u00bfA d\u00f3nde vas? \u00bfD\u00f3nde est\u00e1n exactamente esas islas? \u00bfRealmente hay un festival all\u00ed que tambi\u00e9n presente jazz?&#8221; Esas fueron las preguntas que me hicieron antes de mi viaje a las Islas Feroe. Las Islas Ovejas, como su nombre lo traduce, se encuentran en el Atl\u00e1ntico Norte, entre Dinamarca, las Islas Shetland e Islandia. Las 18 islas parecen aventureras, como enormes rocas arrojadas al mar como un experimento para ver qu\u00e9 les har\u00edan el viento, el clima y las mareas.<\/strong><\/em><\/p>\n<p class=\"my-2 (&amp;+p):mt-4 (&amp;_strong:has(+br)):inline-block (&amp;_strong:has(+br)):align-top\">Normalmente, la gente visita las islas por su impresionante paisaje: rocas, mucha agua y cincuenta tonos de verde, desde un verde p\u00e1lido discreto hasta un verde vivo, casi venenoso, atraen a los amantes del paisaje con ropa funcional para el aire libre y botas de monta\u00f1a.<\/p>\n<p class=\"my-2 (&amp;+p):mt-4 (&amp;_strong:has(+br)):inline-block (&amp;_strong:has(+br)):align-top\">Las islas son famosas por sus escarpados acantilados, cascadas y aves marinas como los frailecillos. El n\u00famero de ovejas en las islas supera con creces a los 55.000 habitantes. Se los puede encontrar en todas partes, incluso en las carreteras, y hay que instarlos con bastante firmeza a que dejen paso.<\/p>\n<p class=\"my-2 (&amp;+p):mt-4 (&amp;_strong:has(+br)):inline-block (&amp;_strong:has(+br)):align-top\">Las islas son menos visitadas por motivos culturales. Sin embargo, la Casa N\u00f3rdica de la capital, T\u00f3rshavn, tiene una sala de conciertos para conciertos filarm\u00f3nicos, mientras que el Aula Finsen tiene una sala con un magn\u00edfico piano de cola. Bl\u00e1bar, en el centro de la ciudad, acoge sesiones de cantautores y jazz, mientras que la cervecer\u00eda OY se adapta m\u00e1s a una programaci\u00f3n orientada al rock.<\/p>\n<\/p>\n<p class=\"my-2 (&amp;+p):mt-4 (&amp;_strong:has(+br)):inline-block (&amp;_strong:has(+br)):align-top\">Por peque\u00f1o que parezca este grupo de islas aut\u00f3nomas pertenecientes a la Corona danesa, su diversidad musical es considerable. El festival de m\u00fasica de verano Summart\u00f3nar ofrece una impresi\u00f3n de esta diversidad y no establece fronteras musicales. Aqu\u00ed el jazz se sit\u00faa en igualdad de condiciones con el rock, el pop, los cantautores y la m\u00fasica cl\u00e1sica contempor\u00e1nea. Este concepto inusual e interesante fue lanzado en 1984 por la Asociaci\u00f3n de Compositores de las Islas Feroe.<\/p>\n<p class=\"my-2 (&amp;+p):mt-4 (&amp;_strong:has(+br)):inline-block (&amp;_strong:has(+br)):align-top\">Summart\u00f3nar acerca la m\u00fasica al pueblo. Durante un per\u00edodo de cuatro meses, m\u00fasicos locales e invitados internacionales viajan por las islas, convirtiendo iglesias, museos y centros culturales, incluidos los de pueblos remotos, en escenarios de conciertos. M\u00e1s de 100 conciertos se llevan a cabo en 33 lugares. Summart\u00f3nar ofrece una manera particular de descubrir el entorno de vida de las islas a trav\u00e9s de la cultura.<\/p>\n<p class=\"my-2 (&amp;+p):mt-4 (&amp;_strong:has(+br)):inline-block (&amp;_strong:has(+br)):align-top\">El bajista sueco Anders Jormin, por ejemplo, es un visitante habitual:<\/p>\n<blockquote>\n<p class=\"my-2 (&amp;+p):mt-4 (&amp;_strong:has(+br)):inline-block (&amp;_strong:has(+br)):align-top\">&#8220;Esta es mi decimosexta vez aqu\u00ed. Toqu\u00e9 por primera vez con Kristian en 1979, cuando todav\u00eda era estudiante. Kristian deber\u00eda recibir una medalla de oro por todo lo que ha puesto en marcha musicalmente en las Islas Feroe. \u00a1Y los conciertos que pudimos dar en la cueva marina con John Tchicai, por ejemplo! Fue una aventura instalarnos all\u00ed y traer los instrumentos y el equipo de grabaci\u00f3n al lugar. Pero fueron conciertos muy especiales&#8221;.<\/p>\n<div class=\"relative flex items-center justify-center\">\n<div class=\"inline-flex\"><\/div>\n<div class=\"absolute inset-0 flex items-center justify-center\"><\/div>\n<\/div>\n<\/blockquote>\n<p class=\"my-2 (&amp;+p):mt-4 (&amp;_strong:has(+br)):inline-block (&amp;_strong:has(+br)):align-top\">A mediados de agosto, el bajista apareci\u00f3 con el pianista Kristian Blak en el Nordic House, interpretando composiciones sobre monstruos y figuras legendarias. Nacido en 1947, Blak es pianista, compositor, director art\u00edstico del Festival Summart\u00f3nar y mucho m\u00e1s.<\/p>\n<div id=\"attachment_64772\" style=\"width: 1034px\" class=\"wp-caption aligncenter\"><img loading=\"lazy\" decoding=\"async\" class=\"size-large wp-image-64772\" src=\"https:\/\/web.consaguirre.com.ar\/noticias\/wp-content\/uploads\/2026\/08\/1788165487_939_Agenda-del-Festival-Summartonar-en-las-Islas-Feroe.jpg\" alt=\"\" width=\"1024\" height=\"576\"  ><\/div>\n<p class=\"my-2 (&amp;+p):mt-4 (&amp;_strong:has(+br)):inline-block (&amp;_strong:has(+br)):align-top\">En las noches de comida feroesa (cordero asado con patatas y chiriv\u00edas), \u00e9l y su conjunto presentan al p\u00fablico la m\u00fasica tradicional. Es una tradici\u00f3n musical que durante siglos fue interpretada \u00fanicamente por un cantante principal y un coro que se un\u00eda a los estribillos. No son inusuales las formas largas con m\u00e1s de 250 versos. El tradicional baile en cadena es muy adecuado para mantener el ritmo y el tempo, y lo bailan personas de todas las edades.<\/p>\n<p class=\"my-2 (&amp;+p):mt-4 (&amp;_strong:has(+br)):inline-block (&amp;_strong:has(+br)):align-top\">Las versiones instrumentales, con piano, flauta, viol\u00edn y guitarra o mandolina, mostraron las similitudes entre la m\u00fasica tradicional de las Islas Feroe y la de las Islas Shetland. El violinista Barry Nisbet pudo resaltar estas conexiones. Esta tradicional velada tuvo lugar en Eysturoy, al noreste del archipi\u00e9lago. En el peque\u00f1o pueblo de Gj\u00f3gv, solo viven 12 personas, aparte de los meses de verano, cuando los turistas se alojan en la casa de hu\u00e9spedes, pero hay muchos m\u00e1s frailecillos que anidan en las rocas.<\/p>\n<p class=\"my-2 (&amp;+p):mt-4 (&amp;_strong:has(+br)):inline-block (&amp;_strong:has(+br)):align-top\">El viaje desde la capital, T\u00f3rshavn, dura una hora y ofrece nuevas y espectaculares vistas en cada curva y curva cerrada. En 2020 se a\u00f1adi\u00f3 la \u00fanica y \u00fanica rotonda del mundo a 72 metros bajo el nivel del mar. Iluminado como una medusa y decorado con siluetas de la danza en cadena, dise\u00f1ada por el artista Tr\u00f3ndur Patursson, el t\u00fanel conecta las islas de Streymoy y Eysturoy.<\/p>\n<p class=\"my-2 (&amp;+p):mt-4 (&amp;_strong:has(+br)):inline-block (&amp;_strong:has(+br)):align-top\">La Casa N\u00f3rdica, donde Kristian Blak y el bajista Anders Jormin ofrecieron su comunicativo concierto a d\u00fao, fue igualmente inspiradora. Durante los pasajes libres interactivos y los estrechos y atrevidos pasajes al un\u00edsono, uno pod\u00eda dejar vagar sus pensamientos a trav\u00e9s de las diferentes historias de monstruos o simplemente disfrutar de la vista de T\u00f3rshavn y el puerto a trav\u00e9s de los grandes ventanales.<\/p>\n<p class=\"my-2 (&amp;+p):mt-4 (&amp;_strong:has(+br)):inline-block (&amp;_strong:has(+br)):align-top\">El quinteto de viento Carion trajo la m\u00fasica cl\u00e1sica contempor\u00e1nea a las islas. M\u00fasicos locales e invitados visitantes, como este conjunto dan\u00e9s-let\u00f3n, viajan por las islas y ofrecen varios conciertos para hacer accesible la cultura m\u00e1s all\u00e1 de la capital y hacer que sus compromisos sean m\u00e1s sostenibles.<\/p>\n<div id=\"attachment_64774\" style=\"width: 1034px\" class=\"wp-caption aligncenter\"><img loading=\"lazy\" decoding=\"async\" class=\"size-large wp-image-64774\" src=\"https:\/\/web.consaguirre.com.ar\/noticias\/wp-content\/uploads\/2026\/08\/1788165487_388_Agenda-del-Festival-Summartonar-en-las-Islas-Feroe.jpg\" alt=\"\" width=\"1024\" height=\"488\"  ><\/div>\n<p class=\"my-2 (&amp;+p):mt-4 (&amp;_strong:has(+br)):inline-block (&amp;_strong:has(+br)):align-top\">Una de las condiciones para un contrato es que tambi\u00e9n se debe interpretar m\u00fasica de compositores feroeses. Carion eligi\u00f3 una obra de Eli Tausen \u00e1 Lava, compositor nacido en 1997. <em>Misterio de las catedrales<\/em> fue compuesto en 2026. La apertura del concierto fue particularmente impresionante: utilizando s\u00f3lo las boquillas de sus instrumentos, los cinco m\u00fasicos comenzaron la canci\u00f3n de Stephen Montague. <em>Thule \u00faltima<\/em> y fluy\u00f3 hacia el escenario desde todos los rincones de la sala. La pieza sonaba como un hermoso concierto de canto de p\u00e1jaros.<\/p>\n<p class=\"my-2 (&amp;+p):mt-4 (&amp;_strong:has(+br)):inline-block (&amp;_strong:has(+br)):align-top\">Para m\u00ed, lo m\u00e1s destacado del concierto fue el arreglo del trompetista David MAP Palmquist de la canci\u00f3n popular danesa. <em>Dr\u00f8mte mig en Dr\u00f8m i Nat<\/em>.<\/p>\n<p class=\"my-2 (&amp;+p):mt-4 (&amp;_strong:has(+br)):inline-block (&amp;_strong:has(+br)):align-top\">La joven soprano Hanne Marit Mordal Iversen interpret\u00f3 la segunda parte del concierto, con obras de Maurice Ravel y Ragnar S\u00f6derlind. Uno de los poemas musicalizados llevaba el memorable t\u00edtulo <em>Hjorvum angar r\u00famdin av?<\/em>\u2014\u201c\u00bfA qu\u00e9 huele el espacio exterior?\u201d<\/p>\n<p class=\"my-2 (&amp;+p):mt-4 (&amp;_strong:has(+br)):inline-block (&amp;_strong:has(+br)):align-top\">Bl\u00e1bar, en el centro de T\u00f3rshavn, es el lugar ideal para conciertos de cantautores y sesiones improvisadas. La cantante Sissal present\u00f3 su nuevo programa con un interesante cartel de guitarra, bajo y teclados. Con suerte, un sucesor de su \u00e1lbum de 2018. <em>Una silla solitaria con vistas<\/em> se grabar\u00e1 pronto. Un arreglo escaso del \u00e9xito \u201cBang Bang (My Baby Shot Me Down)\u201d como bis fue impresionante.<\/p>\n<p class=\"my-2 (&amp;+p):mt-4 (&amp;_strong:has(+br)):inline-block (&amp;_strong:has(+br)):align-top\">El concierto de cierre de mi viaje, que fue muy importante para m\u00ed, lo dio Yggdrasil. La banda de jazz-rock de Kristian Blak, activa desde los a\u00f1os 80, ha publicado suites e interesantes grabaciones en directo en varios \u00e1lbumes. Particularmente espectaculares son las grabaciones de Kl\u00e6mintsgj\u00f3gv, la cueva marina m\u00e1s grande del mundo, que enriquece las grabaciones con el sonido del mar y doce segundos de reverberaci\u00f3n.<\/p>\n<p><img loading=\"lazy\" decoding=\"async\" class=\"aligncenter size-large wp-image-64773\" src=\"https:\/\/web.consaguirre.com.ar\/noticias\/wp-content\/uploads\/2026\/08\/1788165487_675_Agenda-del-Festival-Summartonar-en-las-Islas-Feroe.jpg\" alt=\"\" width=\"1024\" height=\"576\"  ><\/p>\n<p class=\"my-2 (&amp;+p):mt-4 (&amp;_strong:has(+br)):inline-block (&amp;_strong:has(+br)):align-top\">El concierto de 2026 tuvo lugar en la Cervecer\u00eda OY, donde se pueden disfrutar hamburguesas y buena m\u00fasica junto a los tanques de fermentaci\u00f3n. Yggdrasil ofreci\u00f3 el concierto m\u00e1s rockero de mi estancia, con Mikael, el hijo de Kristian Blak, que acababa de regresar de una gira con el cantante Eiv\u00f8r, probablemente el artista m\u00e1s conocido de las Islas Feroe, a la guitarra y la bater\u00eda. En esta alineaci\u00f3n, Kristian Blak pudo darle a su suite m\u00edstica sobre monstruos una din\u00e1mica muy diferente.<\/p>\n<p class=\"my-2 (&amp;+p):mt-4 (&amp;_strong:has(+br)):inline-block (&amp;_strong:has(+br)):align-top\">La mezcla de paisaje, agua, silencio y, despu\u00e9s de este verano caluroso, que no hay que pasar por alto, temperaturas que rara vez superan los 15 grados, junto con una m\u00fasica que probablemente de otro modo no habr\u00eda descubierto por m\u00ed mismo, hicieron de los cinco d\u00edas en las Islas Feroe una experiencia.<\/p>\n<p class=\"my-2 (&amp;+p):mt-4 (&amp;_strong:has(+br)):inline-block (&amp;_strong:has(+br)):align-top\">Adem\u00e1s de los interesantes conciertos y las largas conversaciones con Kristian Blak sobre la m\u00fasica tradicional de las Islas Feroe y la situaci\u00f3n actual del jazz y la m\u00fasica contempor\u00e1nea, disfrut\u00e9 de una velada feroesa de comida tradicional (pescado seco, cordero asado y patatas) y m\u00fasica tradicional con mandolina, piano, flauta dulce y viol\u00edn, y bail\u00e9 el t\u00edpico baile en cadena. De camino a Gj\u00f3gv, con sus 12 habitantes, observ\u00e9 los frailecillos y admir\u00e9 la rotonda de Eysturoy, excepcionalmente iluminada, la Rotonda de las Medusas, bajo el mar.<\/p>\n<p class=\"my-2 (&amp;+p):mt-4 (&amp;_strong:has(+br)):inline-block (&amp;_strong:has(+br)):align-top\">Tambi\u00e9n visit\u00e9 la antigua sede episcopal de Kirkjub\u00f8ur y el lago S\u00f8rv\u00e1gsvatn en V\u00e1gar, que parece flotar sobre el oc\u00e9ano antes de desembocar en el mar en una cascada de 30 metros de altura. Cerca se encuentra el acantilado de los esclavos, Tr\u00e6lan\u00edpa, de 142 metros de altura, desde donde se dice que durante la \u00e9poca vikinga eran arrojados los esclavos considerados no aptos para trabajar.<\/p>\n<p class=\"my-2 (&amp;+p):mt-4 (&amp;_strong:has(+br)):inline-block (&amp;_strong:has(+br)):align-top\"><em>T\u00fasund takk, vit s\u00edggjast n\u00e6stu fer\u00f0<\/em><br \/>\n<em>Mil gracias, hasta la pr\u00f3xima.<\/em><\/p>\n<p class=\"my-2 (&amp;+p):mt-4 (&amp;_strong:has(+br)):inline-block (&amp;_strong:has(+br)):align-top\">Pasar cinco d\u00edas en las Islas Feroe, disfrutando de la m\u00fasica y la comida, sintiendo el viento y admirando el paisaje, antes de partir a mediados de agosto junto con los frailecillos (yo viajando a casa, las encantadoras aves continuando hacia el norte, hacia el Oc\u00e9ano \u00c1rtico, donde pasan el invierno), fue un placer.<\/p>\n<p class=\"my-2 (&amp;+p):mt-4 (&amp;_strong:has(+br)):inline-block (&amp;_strong:has(+br)):align-top\">Un agradecimiento muy especial a Kristian Blak por la invitaci\u00f3n y su inagotable riqueza de informaci\u00f3n, y a Visit Faroe Islands por su apoyo.<\/p>\n<div class=\"post-pagination\"><\/div>\n<div class=\"clearfix\"><\/div>\n<\/p><\/div>\n","protected":false},"excerpt":{"rendered":"<p>&#8220;\u00bfA d\u00f3nde vas? \u00bfD\u00f3nde est\u00e1n exactamente esas islas? \u00bfRealmente hay un festival all\u00ed que tambi\u00e9n presente jazz?&#8221; Esas fueron las preguntas que me hicieron antes<\/p>\n","protected":false},"author":1,"featured_media":7686,"comment_status":"closed","ping_status":"","sticky":false,"template":"","format":"standard","meta":{"footnotes":""},"categories":[4],"tags":[5182,10,5185,102,5184,18,5183],"class_list":["post-7685","post","type-post","status-publish","format-standard","has-post-thumbnail","hentry","category-critica","tag-agenda","tag-del","tag-feroe","tag-festival","tag-islas","tag-las","tag-summartonar","generate-columns","tablet-grid-50","mobile-grid-100","grid-parent","grid-50"],"yoast_head":"<!-- This site is optimized with the Yoast SEO plugin v23.3 - https:\/\/yoast.com\/wordpress\/plugins\/seo\/ -->\n<title>Agenda del Festival: Summart\u00f3nar en las Islas Feroe<\/title>\n<meta name=\"robots\" content=\"index, follow, max-snippet:-1, max-image-preview:large, max-video-preview:-1\" \/>\n<link rel=\"canonical\" href=\"https:\/\/web.consaguirre.com.ar\/noticias\/agenda-del-festival-summartonar-en-las-islas-feroe\/\" \/>\n<meta property=\"og:locale\" content=\"es_ES\" \/>\n<meta property=\"og:type\" content=\"article\" \/>\n<meta property=\"og:title\" content=\"Agenda del Festival: Summart\u00f3nar en las Islas Feroe\" \/>\n<meta property=\"og:description\" content=\"&#8220;\u00bfA d\u00f3nde vas? \u00bfD\u00f3nde est\u00e1n exactamente esas islas? \u00bfRealmente hay un festival all\u00ed que tambi\u00e9n presente jazz?&#8221; Esas fueron las preguntas que me hicieron antes\" \/>\n<meta property=\"og:url\" content=\"https:\/\/web.consaguirre.com.ar\/noticias\/agenda-del-festival-summartonar-en-las-islas-feroe\/\" \/>\n<meta property=\"og:site_name\" content=\"Conservatorio de M\u00fasica Juli\u00e1n Aguirre\" \/>\n<meta property=\"article:published_time\" content=\"2026-08-31T08:38:07+00:00\" \/>\n<meta property=\"article:modified_time\" content=\"2026-08-31T08:38:09+00:00\" \/>\n<meta property=\"og:image\" content=\"https:\/\/web.consaguirre.com.ar\/noticias\/wp-content\/uploads\/2026\/08\/Agenda-del-Festival-Summartonar-en-las-Islas-Feroe.jpg\" \/>\n\t<meta property=\"og:image:width\" content=\"1024\" \/>\n\t<meta property=\"og:image:height\" content=\"576\" \/>\n\t<meta property=\"og:image:type\" content=\"image\/jpeg\" \/>\n<meta name=\"author\" content=\"Javier Figueroa\" \/>\n<meta name=\"twitter:card\" content=\"summary_large_image\" \/>\n<meta name=\"twitter:label1\" content=\"Escrito por\" \/>\n\t<meta name=\"twitter:data1\" content=\"Javier Figueroa\" \/>\n\t<meta name=\"twitter:label2\" content=\"Tiempo de lectura\" \/>\n\t<meta name=\"twitter:data2\" content=\"8 minutos\" \/>\n<script type=\"application\/ld+json\" class=\"yoast-schema-graph\">{\"@context\":\"https:\/\/schema.org\",\"@graph\":[{\"@type\":\"Article\",\"@id\":\"https:\/\/web.consaguirre.com.ar\/noticias\/agenda-del-festival-summartonar-en-las-islas-feroe\/#article\",\"isPartOf\":{\"@id\":\"https:\/\/web.consaguirre.com.ar\/noticias\/agenda-del-festival-summartonar-en-las-islas-feroe\/\"},\"author\":{\"name\":\"Javier Figueroa\",\"@id\":\"https:\/\/web.consaguirre.com.ar\/noticias\/#\/schema\/person\/6558b0cfedee7ddc5425602b237d5722\"},\"headline\":\"Agenda del Festival: Summart\u00f3nar en las Islas Feroe\",\"datePublished\":\"2026-08-31T08:38:07+00:00\",\"dateModified\":\"2026-08-31T08:38:09+00:00\",\"mainEntityOfPage\":{\"@id\":\"https:\/\/web.consaguirre.com.ar\/noticias\/agenda-del-festival-summartonar-en-las-islas-feroe\/\"},\"wordCount\":1634,\"publisher\":{\"@id\":\"https:\/\/web.consaguirre.com.ar\/noticias\/#organization\"},\"image\":{\"@id\":\"https:\/\/web.consaguirre.com.ar\/noticias\/agenda-del-festival-summartonar-en-las-islas-feroe\/#primaryimage\"},\"thumbnailUrl\":\"https:\/\/web.consaguirre.com.ar\/noticias\/wp-content\/uploads\/2026\/08\/Agenda-del-Festival-Summartonar-en-las-Islas-Feroe.jpg\",\"keywords\":[\"Agenda\",\"del\",\"Feroe\",\"Festival\",\"Islas\",\"las\",\"Summart\u00f3nar\"],\"articleSection\":[\"Cr\u00edtica\"],\"inLanguage\":\"es-AR\"},{\"@type\":\"WebPage\",\"@id\":\"https:\/\/web.consaguirre.com.ar\/noticias\/agenda-del-festival-summartonar-en-las-islas-feroe\/\",\"url\":\"https:\/\/web.consaguirre.com.ar\/noticias\/agenda-del-festival-summartonar-en-las-islas-feroe\/\",\"name\":\"Agenda del Festival: Summart\u00f3nar en las Islas Feroe\",\"isPartOf\":{\"@id\":\"https:\/\/web.consaguirre.com.ar\/noticias\/#website\"},\"primaryImageOfPage\":{\"@id\":\"https:\/\/web.consaguirre.com.ar\/noticias\/agenda-del-festival-summartonar-en-las-islas-feroe\/#primaryimage\"},\"image\":{\"@id\":\"https:\/\/web.consaguirre.com.ar\/noticias\/agenda-del-festival-summartonar-en-las-islas-feroe\/#primaryimage\"},\"thumbnailUrl\":\"https:\/\/web.consaguirre.com.ar\/noticias\/wp-content\/uploads\/2026\/08\/Agenda-del-Festival-Summartonar-en-las-Islas-Feroe.jpg\",\"datePublished\":\"2026-08-31T08:38:07+00:00\",\"dateModified\":\"2026-08-31T08:38:09+00:00\",\"breadcrumb\":{\"@id\":\"https:\/\/web.consaguirre.com.ar\/noticias\/agenda-del-festival-summartonar-en-las-islas-feroe\/#breadcrumb\"},\"inLanguage\":\"es-AR\",\"potentialAction\":[{\"@type\":\"ReadAction\",\"target\":[\"https:\/\/web.consaguirre.com.ar\/noticias\/agenda-del-festival-summartonar-en-las-islas-feroe\/\"]}]},{\"@type\":\"ImageObject\",\"inLanguage\":\"es-AR\",\"@id\":\"https:\/\/web.consaguirre.com.ar\/noticias\/agenda-del-festival-summartonar-en-las-islas-feroe\/#primaryimage\",\"url\":\"https:\/\/web.consaguirre.com.ar\/noticias\/wp-content\/uploads\/2026\/08\/Agenda-del-Festival-Summartonar-en-las-Islas-Feroe.jpg\",\"contentUrl\":\"https:\/\/web.consaguirre.com.ar\/noticias\/wp-content\/uploads\/2026\/08\/Agenda-del-Festival-Summartonar-en-las-Islas-Feroe.jpg\",\"width\":1024,\"height\":576,\"caption\":\"Agenda del Festival: Summart\u00f3nar en las Islas Feroe\"},{\"@type\":\"BreadcrumbList\",\"@id\":\"https:\/\/web.consaguirre.com.ar\/noticias\/agenda-del-festival-summartonar-en-las-islas-feroe\/#breadcrumb\",\"itemListElement\":[{\"@type\":\"ListItem\",\"position\":1,\"name\":\"Inicio\",\"item\":\"https:\/\/web.consaguirre.com.ar\/noticias\/\"},{\"@type\":\"ListItem\",\"position\":2,\"name\":\"Agenda del Festival: Summart\u00f3nar en las Islas Feroe\"}]},{\"@type\":\"WebSite\",\"@id\":\"https:\/\/web.consaguirre.com.ar\/noticias\/#website\",\"url\":\"https:\/\/web.consaguirre.com.ar\/noticias\/\",\"name\":\"Conservatorio de M\u00fasica Juli\u00e1n Aguirre\",\"description\":\"\",\"publisher\":{\"@id\":\"https:\/\/web.consaguirre.com.ar\/noticias\/#organization\"},\"potentialAction\":[{\"@type\":\"SearchAction\",\"target\":{\"@type\":\"EntryPoint\",\"urlTemplate\":\"https:\/\/web.consaguirre.com.ar\/noticias\/?s={search_term_string}\"},\"query-input\":\"required name=search_term_string\"}],\"inLanguage\":\"es-AR\"},{\"@type\":\"Organization\",\"@id\":\"https:\/\/web.consaguirre.com.ar\/noticias\/#organization\",\"name\":\"Conservatorio de M\u00fasica Juli\u00e1n Aguirre\",\"url\":\"https:\/\/web.consaguirre.com.ar\/noticias\/\",\"logo\":{\"@type\":\"ImageObject\",\"inLanguage\":\"es-AR\",\"@id\":\"https:\/\/web.consaguirre.com.ar\/noticias\/#\/schema\/logo\/image\/\",\"url\":\"https:\/\/web.consaguirre.com.ar\/noticias\/wp-content\/uploads\/2024\/08\/Banner-Aguirre-23.jpg\",\"contentUrl\":\"https:\/\/web.consaguirre.com.ar\/noticias\/wp-content\/uploads\/2024\/08\/Banner-Aguirre-23.jpg\",\"width\":1192,\"height\":600,\"caption\":\"Conservatorio de M\u00fasica Juli\u00e1n Aguirre\"},\"image\":{\"@id\":\"https:\/\/web.consaguirre.com.ar\/noticias\/#\/schema\/logo\/image\/\"}},{\"@type\":\"Person\",\"@id\":\"https:\/\/web.consaguirre.com.ar\/noticias\/#\/schema\/person\/6558b0cfedee7ddc5425602b237d5722\",\"name\":\"Javier Figueroa\",\"image\":{\"@type\":\"ImageObject\",\"inLanguage\":\"es-AR\",\"@id\":\"https:\/\/web.consaguirre.com.ar\/noticias\/#\/schema\/person\/image\/\",\"url\":\"https:\/\/web.consaguirre.com.ar\/noticias\/wp-content\/uploads\/2024\/08\/Consaguirre-scaled.jpg\",\"contentUrl\":\"https:\/\/web.consaguirre.com.ar\/noticias\/wp-content\/uploads\/2024\/08\/Consaguirre-scaled.jpg\",\"caption\":\"Javier Figueroa\"},\"description\":\"Me llamo Javier Figueroa y soy redactor para el sitio oficial del Conservatorio de M\u00fasica Juli\u00e1n Aguirre en Buenos Aires, consaguirre.com. Apasionado por la m\u00fasica y la escritura, me esfuerzo por destacar los talentos y eventos de nuestra prestigiosa instituci\u00f3n. Mi trayectoria se nutre de una profunda admiraci\u00f3n por los artistas, haciendo de cada art\u00edculo una celebraci\u00f3n de la creatividad y la cultura musical.\",\"sameAs\":[\"https:\/\/web.consaguirre.com.ar\/noticias\"]}]}<\/script>\n<!-- \/ Yoast SEO plugin. -->","yoast_head_json":{"title":"Agenda del Festival: Summart\u00f3nar en las Islas Feroe","robots":{"index":"index","follow":"follow","max-snippet":"max-snippet:-1","max-image-preview":"max-image-preview:large","max-video-preview":"max-video-preview:-1"},"canonical":"https:\/\/web.consaguirre.com.ar\/noticias\/agenda-del-festival-summartonar-en-las-islas-feroe\/","og_locale":"es_ES","og_type":"article","og_title":"Agenda del Festival: Summart\u00f3nar en las Islas Feroe","og_description":"&#8220;\u00bfA d\u00f3nde vas? \u00bfD\u00f3nde est\u00e1n exactamente esas islas? \u00bfRealmente hay un festival all\u00ed que tambi\u00e9n presente jazz?&#8221; Esas fueron las preguntas que me hicieron antes","og_url":"https:\/\/web.consaguirre.com.ar\/noticias\/agenda-del-festival-summartonar-en-las-islas-feroe\/","og_site_name":"Conservatorio de M\u00fasica Juli\u00e1n Aguirre","article_published_time":"2026-08-31T08:38:07+00:00","article_modified_time":"2026-08-31T08:38:09+00:00","og_image":[{"width":1024,"height":576,"url":"https:\/\/web.consaguirre.com.ar\/noticias\/wp-content\/uploads\/2026\/08\/Agenda-del-Festival-Summartonar-en-las-Islas-Feroe.jpg","type":"image\/jpeg"}],"author":"Javier Figueroa","twitter_card":"summary_large_image","twitter_misc":{"Escrito por":"Javier Figueroa","Tiempo de lectura":"8 minutos"},"schema":{"@context":"https:\/\/schema.org","@graph":[{"@type":"Article","@id":"https:\/\/web.consaguirre.com.ar\/noticias\/agenda-del-festival-summartonar-en-las-islas-feroe\/#article","isPartOf":{"@id":"https:\/\/web.consaguirre.com.ar\/noticias\/agenda-del-festival-summartonar-en-las-islas-feroe\/"},"author":{"name":"Javier Figueroa","@id":"https:\/\/web.consaguirre.com.ar\/noticias\/#\/schema\/person\/6558b0cfedee7ddc5425602b237d5722"},"headline":"Agenda del Festival: Summart\u00f3nar en las Islas Feroe","datePublished":"2026-08-31T08:38:07+00:00","dateModified":"2026-08-31T08:38:09+00:00","mainEntityOfPage":{"@id":"https:\/\/web.consaguirre.com.ar\/noticias\/agenda-del-festival-summartonar-en-las-islas-feroe\/"},"wordCount":1634,"publisher":{"@id":"https:\/\/web.consaguirre.com.ar\/noticias\/#organization"},"image":{"@id":"https:\/\/web.consaguirre.com.ar\/noticias\/agenda-del-festival-summartonar-en-las-islas-feroe\/#primaryimage"},"thumbnailUrl":"https:\/\/web.consaguirre.com.ar\/noticias\/wp-content\/uploads\/2026\/08\/Agenda-del-Festival-Summartonar-en-las-Islas-Feroe.jpg","keywords":["Agenda","del","Feroe","Festival","Islas","las","Summart\u00f3nar"],"articleSection":["Cr\u00edtica"],"inLanguage":"es-AR"},{"@type":"WebPage","@id":"https:\/\/web.consaguirre.com.ar\/noticias\/agenda-del-festival-summartonar-en-las-islas-feroe\/","url":"https:\/\/web.consaguirre.com.ar\/noticias\/agenda-del-festival-summartonar-en-las-islas-feroe\/","name":"Agenda del Festival: Summart\u00f3nar en las Islas Feroe","isPartOf":{"@id":"https:\/\/web.consaguirre.com.ar\/noticias\/#website"},"primaryImageOfPage":{"@id":"https:\/\/web.consaguirre.com.ar\/noticias\/agenda-del-festival-summartonar-en-las-islas-feroe\/#primaryimage"},"image":{"@id":"https:\/\/web.consaguirre.com.ar\/noticias\/agenda-del-festival-summartonar-en-las-islas-feroe\/#primaryimage"},"thumbnailUrl":"https:\/\/web.consaguirre.com.ar\/noticias\/wp-content\/uploads\/2026\/08\/Agenda-del-Festival-Summartonar-en-las-Islas-Feroe.jpg","datePublished":"2026-08-31T08:38:07+00:00","dateModified":"2026-08-31T08:38:09+00:00","breadcrumb":{"@id":"https:\/\/web.consaguirre.com.ar\/noticias\/agenda-del-festival-summartonar-en-las-islas-feroe\/#breadcrumb"},"inLanguage":"es-AR","potentialAction":[{"@type":"ReadAction","target":["https:\/\/web.consaguirre.com.ar\/noticias\/agenda-del-festival-summartonar-en-las-islas-feroe\/"]}]},{"@type":"ImageObject","inLanguage":"es-AR","@id":"https:\/\/web.consaguirre.com.ar\/noticias\/agenda-del-festival-summartonar-en-las-islas-feroe\/#primaryimage","url":"https:\/\/web.consaguirre.com.ar\/noticias\/wp-content\/uploads\/2026\/08\/Agenda-del-Festival-Summartonar-en-las-Islas-Feroe.jpg","contentUrl":"https:\/\/web.consaguirre.com.ar\/noticias\/wp-content\/uploads\/2026\/08\/Agenda-del-Festival-Summartonar-en-las-Islas-Feroe.jpg","width":1024,"height":576,"caption":"Agenda del Festival: Summart\u00f3nar en las Islas Feroe"},{"@type":"BreadcrumbList","@id":"https:\/\/web.consaguirre.com.ar\/noticias\/agenda-del-festival-summartonar-en-las-islas-feroe\/#breadcrumb","itemListElement":[{"@type":"ListItem","position":1,"name":"Inicio","item":"https:\/\/web.consaguirre.com.ar\/noticias\/"},{"@type":"ListItem","position":2,"name":"Agenda del Festival: Summart\u00f3nar en las Islas Feroe"}]},{"@type":"WebSite","@id":"https:\/\/web.consaguirre.com.ar\/noticias\/#website","url":"https:\/\/web.consaguirre.com.ar\/noticias\/","name":"Conservatorio de M\u00fasica Juli\u00e1n Aguirre","description":"","publisher":{"@id":"https:\/\/web.consaguirre.com.ar\/noticias\/#organization"},"potentialAction":[{"@type":"SearchAction","target":{"@type":"EntryPoint","urlTemplate":"https:\/\/web.consaguirre.com.ar\/noticias\/?s={search_term_string}"},"query-input":"required name=search_term_string"}],"inLanguage":"es-AR"},{"@type":"Organization","@id":"https:\/\/web.consaguirre.com.ar\/noticias\/#organization","name":"Conservatorio de M\u00fasica Juli\u00e1n Aguirre","url":"https:\/\/web.consaguirre.com.ar\/noticias\/","logo":{"@type":"ImageObject","inLanguage":"es-AR","@id":"https:\/\/web.consaguirre.com.ar\/noticias\/#\/schema\/logo\/image\/","url":"https:\/\/web.consaguirre.com.ar\/noticias\/wp-content\/uploads\/2024\/08\/Banner-Aguirre-23.jpg","contentUrl":"https:\/\/web.consaguirre.com.ar\/noticias\/wp-content\/uploads\/2024\/08\/Banner-Aguirre-23.jpg","width":1192,"height":600,"caption":"Conservatorio de M\u00fasica Juli\u00e1n Aguirre"},"image":{"@id":"https:\/\/web.consaguirre.com.ar\/noticias\/#\/schema\/logo\/image\/"}},{"@type":"Person","@id":"https:\/\/web.consaguirre.com.ar\/noticias\/#\/schema\/person\/6558b0cfedee7ddc5425602b237d5722","name":"Javier Figueroa","image":{"@type":"ImageObject","inLanguage":"es-AR","@id":"https:\/\/web.consaguirre.com.ar\/noticias\/#\/schema\/person\/image\/","url":"https:\/\/web.consaguirre.com.ar\/noticias\/wp-content\/uploads\/2024\/08\/Consaguirre-scaled.jpg","contentUrl":"https:\/\/web.consaguirre.com.ar\/noticias\/wp-content\/uploads\/2024\/08\/Consaguirre-scaled.jpg","caption":"Javier Figueroa"},"description":"Me llamo Javier Figueroa y soy redactor para el sitio oficial del Conservatorio de M\u00fasica Juli\u00e1n Aguirre en Buenos Aires, consaguirre.com. Apasionado por la m\u00fasica y la escritura, me esfuerzo por destacar los talentos y eventos de nuestra prestigiosa instituci\u00f3n. Mi trayectoria se nutre de una profunda admiraci\u00f3n por los artistas, haciendo de cada art\u00edculo una celebraci\u00f3n de la creatividad y la cultura musical.","sameAs":["https:\/\/web.consaguirre.com.ar\/noticias"]}]}},"_links":{"self":[{"href":"https:\/\/web.consaguirre.com.ar\/noticias\/wp-json\/wp\/v2\/posts\/7685"}],"collection":[{"href":"https:\/\/web.consaguirre.com.ar\/noticias\/wp-json\/wp\/v2\/posts"}],"about":[{"href":"https:\/\/web.consaguirre.com.ar\/noticias\/wp-json\/wp\/v2\/types\/post"}],"author":[{"embeddable":true,"href":"https:\/\/web.consaguirre.com.ar\/noticias\/wp-json\/wp\/v2\/users\/1"}],"replies":[{"embeddable":true,"href":"https:\/\/web.consaguirre.com.ar\/noticias\/wp-json\/wp\/v2\/comments?post=7685"}],"version-history":[{"count":1,"href":"https:\/\/web.consaguirre.com.ar\/noticias\/wp-json\/wp\/v2\/posts\/7685\/revisions"}],"predecessor-version":[{"id":7687,"href":"https:\/\/web.consaguirre.com.ar\/noticias\/wp-json\/wp\/v2\/posts\/7685\/revisions\/7687"}],"wp:featuredmedia":[{"embeddable":true,"href":"https:\/\/web.consaguirre.com.ar\/noticias\/wp-json\/wp\/v2\/media\/7686"}],"wp:attachment":[{"href":"https:\/\/web.consaguirre.com.ar\/noticias\/wp-json\/wp\/v2\/media?parent=7685"}],"wp:term":[{"taxonomy":"category","embeddable":true,"href":"https:\/\/web.consaguirre.com.ar\/noticias\/wp-json\/wp\/v2\/categories?post=7685"},{"taxonomy":"post_tag","embeddable":true,"href":"https:\/\/web.consaguirre.com.ar\/noticias\/wp-json\/wp\/v2\/tags?post=7685"}],"curies":[{"name":"wp","href":"https:\/\/api.w.org\/{rel}","templated":true}]}}