{"id":705,"date":"2024-09-30T14:39:07","date_gmt":"2024-09-30T17:39:07","guid":{"rendered":"https:\/\/web.consaguirre.com.ar\/noticias\/billie-eilish-lanza-el-video-birds-of-a-feather\/"},"modified":"2024-09-30T14:39:09","modified_gmt":"2024-09-30T17:39:09","slug":"billie-eilish-lanza-el-video-birds-of-a-feather","status":"publish","type":"post","link":"https:\/\/web.consaguirre.com.ar\/noticias\/billie-eilish-lanza-el-video-birds-of-a-feather\/","title":{"rendered":"Billie Eilish lanza el v\u00eddeo &#8216;Birds of a Feather&#8217;"},"content":{"rendered":"<p>En anticipaci\u00f3n de su gira Hit Me Hard and Soft, <strong>Billie Eilish<\/strong> ha compartido un v\u00eddeo musical de \u201cBirds of a Feather\u201d. Dirigida por Aidan Zamiri, la imagen muestra al m\u00fasico siendo arrastrado por una cuerda invisible.<\/p>\n<p>\u201cBirds of a Feather\u201d es un sencillo con certificaci\u00f3n x2 platino de la RIAA. Ha pasado tres semanas consecutivas en la cima de las listas globales de Billboard y encabez\u00f3 las listas Billboard Pop Airplay y Billboard Hot Rock &#038; Alternative Songs, coronando a Eilish con la mayor cantidad de n\u00fameros uno en la historia en la lista Hot Rock &#038; Alternative Songs como solista. .<\/p>\n<div class=\"uD-YT-container\"><img decoding=\"async\" src=\"https:\/\/web.consaguirre.com.ar\/noticias\/wp-content\/uploads\/2024\/09\/1727717947_822_Billie-Eilish-lanza-el-video-Birds-of-a-Feather.jpg\" alt=\"V\u00eddeo de YouTube\"><br \/>Haga clic para cargar v\u00eddeo<\/div>\n<p>El tercer \u00e1lbum de estudio de Eilish, <strong><em>P\u00e9game fuerte y suave<\/em><\/strong>fue lanzado el 17 de mayo a trav\u00e9s de Darkroom\/Interscope Records. El \u00e1lbum certificado platino por la RIAA ha reunido m\u00e1s de 4.700 millones de reproducciones globales y ha alcanzado el puesto n\u00famero 1 en 25 pa\u00edses. En su primera semana, <em>P\u00e9game fuerte y suave<\/em> super\u00f3 oficialmente las ventas de \u00e1lbumes anteriores de Eilish, vendiendo 339 mil unidades y 90 mil en vinilo en los EE. UU., haciendo de este el mayor debut de su carrera. Es una de los dos artistas y la m\u00e1s joven que ha vendido m\u00e1s de 300.000 unidades en la primera semana en los \u00faltimos ocho a\u00f1os. Eilish es actualmente la artista femenina m\u00e1s reproducida del mundo en Spotify.<\/p>\n<p>Eilish es tambi\u00e9n la primera solista femenina en tener un \u00e1lbum con tres canciones que obtuvo m\u00e1s de 8 millones de reproducciones diarias en el Top 10 de la lista global de Spotify en su primera semana. Esos sencillos son &#8220;Lunch&#8221;, &#8220;Chihiro&#8221; y &#8220;Birds of a Feather&#8221;.<\/p>\n<p>La etapa norteamericana de Hit Me Hard and Soft: The Tour de Eilish acaba de comenzar el 29 de septiembre. La gira a nivel nacional incluye tres espect\u00e1culos con entradas agotadas en el legendario Madison Square Garden de la ciudad de Nueva York y cuenta con un plan de sostenibilidad en un esfuerzo continuo para ayudar a reducir la huella de carbono. Eilish actuar\u00e1 en NBC <em>S\u00e1bado noche en vivo<\/em> el 19 de octubre con el presentador Michael Keaton.<\/p>\n<p><strong>Escucha Billie Eilish <em>P\u00c9GAME DURO Y SUAVE <\/em>ahora<em>.<\/em><\/strong><\/p>\n","protected":false},"excerpt":{"rendered":"<p>En anticipaci\u00f3n de su gira Hit Me Hard and Soft, Billie Eilish ha compartido un v\u00eddeo musical de \u201cBirds of a Feather\u201d. Dirigida por Aidan<\/p>\n","protected":false},"author":1,"featured_media":706,"comment_status":"closed","ping_status":"","sticky":false,"template":"","format":"standard","meta":{"footnotes":""},"categories":[50],"tags":[137,809,150,810,218,202],"class_list":["post-705","post","type-post","status-publish","format-standard","has-post-thumbnail","hentry","category-el-ultimo","tag-billie","tag-birds","tag-eilish","tag-feather","tag-lanza","tag-video","generate-columns","tablet-grid-50","mobile-grid-100","grid-parent","grid-50"],"yoast_head":"<!-- This site is optimized with the Yoast SEO plugin v23.3 - https:\/\/yoast.com\/wordpress\/plugins\/seo\/ -->\n<title>Billie Eilish lanza el v\u00eddeo &#039;Birds of a Feather&#039;<\/title>\n<meta name=\"robots\" content=\"index, follow, max-snippet:-1, max-image-preview:large, max-video-preview:-1\" \/>\n<link rel=\"canonical\" href=\"https:\/\/web.consaguirre.com.ar\/noticias\/billie-eilish-lanza-el-video-birds-of-a-feather\/\" \/>\n<meta property=\"og:locale\" content=\"es_ES\" \/>\n<meta property=\"og:type\" content=\"article\" \/>\n<meta property=\"og:title\" content=\"Billie Eilish lanza el v\u00eddeo &#039;Birds of a Feather&#039;\" \/>\n<meta property=\"og:description\" content=\"En anticipaci\u00f3n de su gira Hit Me Hard and Soft, Billie Eilish ha compartido un v\u00eddeo musical de \u201cBirds of a Feather\u201d. Dirigida por Aidan\" \/>\n<meta property=\"og:url\" content=\"https:\/\/web.consaguirre.com.ar\/noticias\/billie-eilish-lanza-el-video-birds-of-a-feather\/\" \/>\n<meta property=\"og:site_name\" content=\"Conservatorio de M\u00fasica Juli\u00e1n Aguirre\" \/>\n<meta property=\"article:published_time\" content=\"2024-09-30T17:39:07+00:00\" \/>\n<meta property=\"article:modified_time\" content=\"2024-09-30T17:39:09+00:00\" \/>\n<meta property=\"og:image\" content=\"https:\/\/web.consaguirre.com.ar\/noticias\/wp-content\/uploads\/2024\/09\/Billie-Eilish-lanza-el-video-Birds-of-a-Feather.jpg\" \/>\n\t<meta property=\"og:image:width\" content=\"1280\" \/>\n\t<meta property=\"og:image:height\" content=\"1280\" \/>\n\t<meta property=\"og:image:type\" content=\"image\/jpeg\" \/>\n<meta name=\"author\" content=\"Javier Figueroa\" \/>\n<meta name=\"twitter:card\" content=\"summary_large_image\" \/>\n<meta name=\"twitter:label1\" content=\"Escrito por\" \/>\n\t<meta name=\"twitter:data1\" content=\"Javier Figueroa\" \/>\n\t<meta name=\"twitter:label2\" content=\"Tiempo de lectura\" \/>\n\t<meta name=\"twitter:data2\" content=\"2 minutos\" \/>\n<script type=\"application\/ld+json\" class=\"yoast-schema-graph\">{\"@context\":\"https:\/\/schema.org\",\"@graph\":[{\"@type\":\"Article\",\"@id\":\"https:\/\/web.consaguirre.com.ar\/noticias\/billie-eilish-lanza-el-video-birds-of-a-feather\/#article\",\"isPartOf\":{\"@id\":\"https:\/\/web.consaguirre.com.ar\/noticias\/billie-eilish-lanza-el-video-birds-of-a-feather\/\"},\"author\":{\"name\":\"Javier Figueroa\",\"@id\":\"https:\/\/web.consaguirre.com.ar\/noticias\/#\/schema\/person\/6558b0cfedee7ddc5425602b237d5722\"},\"headline\":\"Billie Eilish lanza el v\u00eddeo &#8216;Birds of a Feather&#8217;\",\"datePublished\":\"2024-09-30T17:39:07+00:00\",\"dateModified\":\"2024-09-30T17:39:09+00:00\",\"mainEntityOfPage\":{\"@id\":\"https:\/\/web.consaguirre.com.ar\/noticias\/billie-eilish-lanza-el-video-birds-of-a-feather\/\"},\"wordCount\":385,\"publisher\":{\"@id\":\"https:\/\/web.consaguirre.com.ar\/noticias\/#organization\"},\"image\":{\"@id\":\"https:\/\/web.consaguirre.com.ar\/noticias\/billie-eilish-lanza-el-video-birds-of-a-feather\/#primaryimage\"},\"thumbnailUrl\":\"https:\/\/web.consaguirre.com.ar\/noticias\/wp-content\/uploads\/2024\/09\/Billie-Eilish-lanza-el-video-Birds-of-a-Feather.jpg\",\"keywords\":[\"Billie\",\"Birds\",\"Eilish\",\"Feather\",\"lanza\",\"v\u00eddeo\"],\"articleSection\":[\"El \u00faltimo\"],\"inLanguage\":\"es-AR\"},{\"@type\":\"WebPage\",\"@id\":\"https:\/\/web.consaguirre.com.ar\/noticias\/billie-eilish-lanza-el-video-birds-of-a-feather\/\",\"url\":\"https:\/\/web.consaguirre.com.ar\/noticias\/billie-eilish-lanza-el-video-birds-of-a-feather\/\",\"name\":\"Billie Eilish lanza el v\u00eddeo 'Birds of a Feather'\",\"isPartOf\":{\"@id\":\"https:\/\/web.consaguirre.com.ar\/noticias\/#website\"},\"primaryImageOfPage\":{\"@id\":\"https:\/\/web.consaguirre.com.ar\/noticias\/billie-eilish-lanza-el-video-birds-of-a-feather\/#primaryimage\"},\"image\":{\"@id\":\"https:\/\/web.consaguirre.com.ar\/noticias\/billie-eilish-lanza-el-video-birds-of-a-feather\/#primaryimage\"},\"thumbnailUrl\":\"https:\/\/web.consaguirre.com.ar\/noticias\/wp-content\/uploads\/2024\/09\/Billie-Eilish-lanza-el-video-Birds-of-a-Feather.jpg\",\"datePublished\":\"2024-09-30T17:39:07+00:00\",\"dateModified\":\"2024-09-30T17:39:09+00:00\",\"breadcrumb\":{\"@id\":\"https:\/\/web.consaguirre.com.ar\/noticias\/billie-eilish-lanza-el-video-birds-of-a-feather\/#breadcrumb\"},\"inLanguage\":\"es-AR\",\"potentialAction\":[{\"@type\":\"ReadAction\",\"target\":[\"https:\/\/web.consaguirre.com.ar\/noticias\/billie-eilish-lanza-el-video-birds-of-a-feather\/\"]}]},{\"@type\":\"ImageObject\",\"inLanguage\":\"es-AR\",\"@id\":\"https:\/\/web.consaguirre.com.ar\/noticias\/billie-eilish-lanza-el-video-birds-of-a-feather\/#primaryimage\",\"url\":\"https:\/\/web.consaguirre.com.ar\/noticias\/wp-content\/uploads\/2024\/09\/Billie-Eilish-lanza-el-video-Birds-of-a-Feather.jpg\",\"contentUrl\":\"https:\/\/web.consaguirre.com.ar\/noticias\/wp-content\/uploads\/2024\/09\/Billie-Eilish-lanza-el-video-Birds-of-a-Feather.jpg\",\"width\":1280,\"height\":1280,\"caption\":\"Billie Eilish lanza el v\u00eddeo 'Birds of a Feather'\"},{\"@type\":\"BreadcrumbList\",\"@id\":\"https:\/\/web.consaguirre.com.ar\/noticias\/billie-eilish-lanza-el-video-birds-of-a-feather\/#breadcrumb\",\"itemListElement\":[{\"@type\":\"ListItem\",\"position\":1,\"name\":\"Inicio\",\"item\":\"https:\/\/web.consaguirre.com.ar\/noticias\/\"},{\"@type\":\"ListItem\",\"position\":2,\"name\":\"Billie Eilish lanza el v\u00eddeo &#8216;Birds of a Feather&#8217;\"}]},{\"@type\":\"WebSite\",\"@id\":\"https:\/\/web.consaguirre.com.ar\/noticias\/#website\",\"url\":\"https:\/\/web.consaguirre.com.ar\/noticias\/\",\"name\":\"Conservatorio de M\u00fasica Juli\u00e1n Aguirre\",\"description\":\"\",\"publisher\":{\"@id\":\"https:\/\/web.consaguirre.com.ar\/noticias\/#organization\"},\"potentialAction\":[{\"@type\":\"SearchAction\",\"target\":{\"@type\":\"EntryPoint\",\"urlTemplate\":\"https:\/\/web.consaguirre.com.ar\/noticias\/?s={search_term_string}\"},\"query-input\":\"required name=search_term_string\"}],\"inLanguage\":\"es-AR\"},{\"@type\":\"Organization\",\"@id\":\"https:\/\/web.consaguirre.com.ar\/noticias\/#organization\",\"name\":\"Conservatorio de M\u00fasica Juli\u00e1n Aguirre\",\"url\":\"https:\/\/web.consaguirre.com.ar\/noticias\/\",\"logo\":{\"@type\":\"ImageObject\",\"inLanguage\":\"es-AR\",\"@id\":\"https:\/\/web.consaguirre.com.ar\/noticias\/#\/schema\/logo\/image\/\",\"url\":\"https:\/\/web.consaguirre.com.ar\/noticias\/wp-content\/uploads\/2024\/08\/Banner-Aguirre-23.jpg\",\"contentUrl\":\"https:\/\/web.consaguirre.com.ar\/noticias\/wp-content\/uploads\/2024\/08\/Banner-Aguirre-23.jpg\",\"width\":1192,\"height\":600,\"caption\":\"Conservatorio de M\u00fasica Juli\u00e1n Aguirre\"},\"image\":{\"@id\":\"https:\/\/web.consaguirre.com.ar\/noticias\/#\/schema\/logo\/image\/\"}},{\"@type\":\"Person\",\"@id\":\"https:\/\/web.consaguirre.com.ar\/noticias\/#\/schema\/person\/6558b0cfedee7ddc5425602b237d5722\",\"name\":\"Javier Figueroa\",\"image\":{\"@type\":\"ImageObject\",\"inLanguage\":\"es-AR\",\"@id\":\"https:\/\/web.consaguirre.com.ar\/noticias\/#\/schema\/person\/image\/\",\"url\":\"https:\/\/web.consaguirre.com.ar\/noticias\/wp-content\/uploads\/2024\/08\/Consaguirre-scaled.jpg\",\"contentUrl\":\"https:\/\/web.consaguirre.com.ar\/noticias\/wp-content\/uploads\/2024\/08\/Consaguirre-scaled.jpg\",\"caption\":\"Javier Figueroa\"},\"description\":\"Me llamo Javier Figueroa y soy redactor para el sitio oficial del Conservatorio de M\u00fasica Juli\u00e1n Aguirre en Buenos Aires, consaguirre.com. Apasionado por la m\u00fasica y la escritura, me esfuerzo por destacar los talentos y eventos de nuestra prestigiosa instituci\u00f3n. Mi trayectoria se nutre de una profunda admiraci\u00f3n por los artistas, haciendo de cada art\u00edculo una celebraci\u00f3n de la creatividad y la cultura musical.\",\"sameAs\":[\"https:\/\/web.consaguirre.com.ar\/noticias\"]}]}<\/script>\n<!-- \/ Yoast SEO plugin. -->","yoast_head_json":{"title":"Billie Eilish lanza el v\u00eddeo 'Birds of a Feather'","robots":{"index":"index","follow":"follow","max-snippet":"max-snippet:-1","max-image-preview":"max-image-preview:large","max-video-preview":"max-video-preview:-1"},"canonical":"https:\/\/web.consaguirre.com.ar\/noticias\/billie-eilish-lanza-el-video-birds-of-a-feather\/","og_locale":"es_ES","og_type":"article","og_title":"Billie Eilish lanza el v\u00eddeo 'Birds of a Feather'","og_description":"En anticipaci\u00f3n de su gira Hit Me Hard and Soft, Billie Eilish ha compartido un v\u00eddeo musical de \u201cBirds of a Feather\u201d. Dirigida por Aidan","og_url":"https:\/\/web.consaguirre.com.ar\/noticias\/billie-eilish-lanza-el-video-birds-of-a-feather\/","og_site_name":"Conservatorio de M\u00fasica Juli\u00e1n Aguirre","article_published_time":"2024-09-30T17:39:07+00:00","article_modified_time":"2024-09-30T17:39:09+00:00","og_image":[{"width":1280,"height":1280,"url":"https:\/\/web.consaguirre.com.ar\/noticias\/wp-content\/uploads\/2024\/09\/Billie-Eilish-lanza-el-video-Birds-of-a-Feather.jpg","type":"image\/jpeg"}],"author":"Javier Figueroa","twitter_card":"summary_large_image","twitter_misc":{"Escrito por":"Javier Figueroa","Tiempo de lectura":"2 minutos"},"schema":{"@context":"https:\/\/schema.org","@graph":[{"@type":"Article","@id":"https:\/\/web.consaguirre.com.ar\/noticias\/billie-eilish-lanza-el-video-birds-of-a-feather\/#article","isPartOf":{"@id":"https:\/\/web.consaguirre.com.ar\/noticias\/billie-eilish-lanza-el-video-birds-of-a-feather\/"},"author":{"name":"Javier Figueroa","@id":"https:\/\/web.consaguirre.com.ar\/noticias\/#\/schema\/person\/6558b0cfedee7ddc5425602b237d5722"},"headline":"Billie Eilish lanza el v\u00eddeo &#8216;Birds of a Feather&#8217;","datePublished":"2024-09-30T17:39:07+00:00","dateModified":"2024-09-30T17:39:09+00:00","mainEntityOfPage":{"@id":"https:\/\/web.consaguirre.com.ar\/noticias\/billie-eilish-lanza-el-video-birds-of-a-feather\/"},"wordCount":385,"publisher":{"@id":"https:\/\/web.consaguirre.com.ar\/noticias\/#organization"},"image":{"@id":"https:\/\/web.consaguirre.com.ar\/noticias\/billie-eilish-lanza-el-video-birds-of-a-feather\/#primaryimage"},"thumbnailUrl":"https:\/\/web.consaguirre.com.ar\/noticias\/wp-content\/uploads\/2024\/09\/Billie-Eilish-lanza-el-video-Birds-of-a-Feather.jpg","keywords":["Billie","Birds","Eilish","Feather","lanza","v\u00eddeo"],"articleSection":["El \u00faltimo"],"inLanguage":"es-AR"},{"@type":"WebPage","@id":"https:\/\/web.consaguirre.com.ar\/noticias\/billie-eilish-lanza-el-video-birds-of-a-feather\/","url":"https:\/\/web.consaguirre.com.ar\/noticias\/billie-eilish-lanza-el-video-birds-of-a-feather\/","name":"Billie Eilish lanza el v\u00eddeo 'Birds of a Feather'","isPartOf":{"@id":"https:\/\/web.consaguirre.com.ar\/noticias\/#website"},"primaryImageOfPage":{"@id":"https:\/\/web.consaguirre.com.ar\/noticias\/billie-eilish-lanza-el-video-birds-of-a-feather\/#primaryimage"},"image":{"@id":"https:\/\/web.consaguirre.com.ar\/noticias\/billie-eilish-lanza-el-video-birds-of-a-feather\/#primaryimage"},"thumbnailUrl":"https:\/\/web.consaguirre.com.ar\/noticias\/wp-content\/uploads\/2024\/09\/Billie-Eilish-lanza-el-video-Birds-of-a-Feather.jpg","datePublished":"2024-09-30T17:39:07+00:00","dateModified":"2024-09-30T17:39:09+00:00","breadcrumb":{"@id":"https:\/\/web.consaguirre.com.ar\/noticias\/billie-eilish-lanza-el-video-birds-of-a-feather\/#breadcrumb"},"inLanguage":"es-AR","potentialAction":[{"@type":"ReadAction","target":["https:\/\/web.consaguirre.com.ar\/noticias\/billie-eilish-lanza-el-video-birds-of-a-feather\/"]}]},{"@type":"ImageObject","inLanguage":"es-AR","@id":"https:\/\/web.consaguirre.com.ar\/noticias\/billie-eilish-lanza-el-video-birds-of-a-feather\/#primaryimage","url":"https:\/\/web.consaguirre.com.ar\/noticias\/wp-content\/uploads\/2024\/09\/Billie-Eilish-lanza-el-video-Birds-of-a-Feather.jpg","contentUrl":"https:\/\/web.consaguirre.com.ar\/noticias\/wp-content\/uploads\/2024\/09\/Billie-Eilish-lanza-el-video-Birds-of-a-Feather.jpg","width":1280,"height":1280,"caption":"Billie Eilish lanza el v\u00eddeo 'Birds of a Feather'"},{"@type":"BreadcrumbList","@id":"https:\/\/web.consaguirre.com.ar\/noticias\/billie-eilish-lanza-el-video-birds-of-a-feather\/#breadcrumb","itemListElement":[{"@type":"ListItem","position":1,"name":"Inicio","item":"https:\/\/web.consaguirre.com.ar\/noticias\/"},{"@type":"ListItem","position":2,"name":"Billie Eilish lanza el v\u00eddeo &#8216;Birds of a Feather&#8217;"}]},{"@type":"WebSite","@id":"https:\/\/web.consaguirre.com.ar\/noticias\/#website","url":"https:\/\/web.consaguirre.com.ar\/noticias\/","name":"Conservatorio de M\u00fasica Juli\u00e1n Aguirre","description":"","publisher":{"@id":"https:\/\/web.consaguirre.com.ar\/noticias\/#organization"},"potentialAction":[{"@type":"SearchAction","target":{"@type":"EntryPoint","urlTemplate":"https:\/\/web.consaguirre.com.ar\/noticias\/?s={search_term_string}"},"query-input":"required name=search_term_string"}],"inLanguage":"es-AR"},{"@type":"Organization","@id":"https:\/\/web.consaguirre.com.ar\/noticias\/#organization","name":"Conservatorio de M\u00fasica Juli\u00e1n Aguirre","url":"https:\/\/web.consaguirre.com.ar\/noticias\/","logo":{"@type":"ImageObject","inLanguage":"es-AR","@id":"https:\/\/web.consaguirre.com.ar\/noticias\/#\/schema\/logo\/image\/","url":"https:\/\/web.consaguirre.com.ar\/noticias\/wp-content\/uploads\/2024\/08\/Banner-Aguirre-23.jpg","contentUrl":"https:\/\/web.consaguirre.com.ar\/noticias\/wp-content\/uploads\/2024\/08\/Banner-Aguirre-23.jpg","width":1192,"height":600,"caption":"Conservatorio de M\u00fasica Juli\u00e1n Aguirre"},"image":{"@id":"https:\/\/web.consaguirre.com.ar\/noticias\/#\/schema\/logo\/image\/"}},{"@type":"Person","@id":"https:\/\/web.consaguirre.com.ar\/noticias\/#\/schema\/person\/6558b0cfedee7ddc5425602b237d5722","name":"Javier Figueroa","image":{"@type":"ImageObject","inLanguage":"es-AR","@id":"https:\/\/web.consaguirre.com.ar\/noticias\/#\/schema\/person\/image\/","url":"https:\/\/web.consaguirre.com.ar\/noticias\/wp-content\/uploads\/2024\/08\/Consaguirre-scaled.jpg","contentUrl":"https:\/\/web.consaguirre.com.ar\/noticias\/wp-content\/uploads\/2024\/08\/Consaguirre-scaled.jpg","caption":"Javier Figueroa"},"description":"Me llamo Javier Figueroa y soy redactor para el sitio oficial del Conservatorio de M\u00fasica Juli\u00e1n Aguirre en Buenos Aires, consaguirre.com. Apasionado por la m\u00fasica y la escritura, me esfuerzo por destacar los talentos y eventos de nuestra prestigiosa instituci\u00f3n. Mi trayectoria se nutre de una profunda admiraci\u00f3n por los artistas, haciendo de cada art\u00edculo una celebraci\u00f3n de la creatividad y la cultura musical.","sameAs":["https:\/\/web.consaguirre.com.ar\/noticias"]}]}},"_links":{"self":[{"href":"https:\/\/web.consaguirre.com.ar\/noticias\/wp-json\/wp\/v2\/posts\/705"}],"collection":[{"href":"https:\/\/web.consaguirre.com.ar\/noticias\/wp-json\/wp\/v2\/posts"}],"about":[{"href":"https:\/\/web.consaguirre.com.ar\/noticias\/wp-json\/wp\/v2\/types\/post"}],"author":[{"embeddable":true,"href":"https:\/\/web.consaguirre.com.ar\/noticias\/wp-json\/wp\/v2\/users\/1"}],"replies":[{"embeddable":true,"href":"https:\/\/web.consaguirre.com.ar\/noticias\/wp-json\/wp\/v2\/comments?post=705"}],"version-history":[{"count":1,"href":"https:\/\/web.consaguirre.com.ar\/noticias\/wp-json\/wp\/v2\/posts\/705\/revisions"}],"predecessor-version":[{"id":707,"href":"https:\/\/web.consaguirre.com.ar\/noticias\/wp-json\/wp\/v2\/posts\/705\/revisions\/707"}],"wp:featuredmedia":[{"embeddable":true,"href":"https:\/\/web.consaguirre.com.ar\/noticias\/wp-json\/wp\/v2\/media\/706"}],"wp:attachment":[{"href":"https:\/\/web.consaguirre.com.ar\/noticias\/wp-json\/wp\/v2\/media?parent=705"}],"wp:term":[{"taxonomy":"category","embeddable":true,"href":"https:\/\/web.consaguirre.com.ar\/noticias\/wp-json\/wp\/v2\/categories?post=705"},{"taxonomy":"post_tag","embeddable":true,"href":"https:\/\/web.consaguirre.com.ar\/noticias\/wp-json\/wp\/v2\/tags?post=705"}],"curies":[{"name":"wp","href":"https:\/\/api.w.org\/{rel}","templated":true}]}}