{"id":693,"date":"2024-09-27T14:44:33","date_gmt":"2024-09-27T17:44:33","guid":{"rendered":"https:\/\/web.consaguirre.com.ar\/noticias\/iv-de-godsmack-obtiene-su-primer-lanzamiento-en-vinilo\/"},"modified":"2024-09-27T14:44:35","modified_gmt":"2024-09-27T17:44:35","slug":"iv-de-godsmack-obtiene-su-primer-lanzamiento-en-vinilo","status":"publish","type":"post","link":"https:\/\/web.consaguirre.com.ar\/noticias\/iv-de-godsmack-obtiene-su-primer-lanzamiento-en-vinilo\/","title":{"rendered":"&#8216;IV&#8217; de Godsmack obtiene su primer lanzamiento en vinilo"},"content":{"rendered":"<p><em>IV<\/em>el \u00e1lbum de 2006 de <strong>Golpe de dios<\/strong>se publica en vinilo por primera vez. Con audio remasterizado y prensado en vinilo cl\u00e1sico negro o de m\u00e1rmol rojo en cantidad limitada, el \u00e1lbum llegar\u00e1 a las tiendas el 15 de noviembre.<\/p>\n<p><strong>Ordene Godsmack&#8217;s <em>IV<\/em> ahora.<\/strong><\/p>\n<p>El cuarto \u00e1lbum de la banda, <em>IV<\/em> marc\u00f3 una progresi\u00f3n significativa en el papel del vocalista principal y guitarrista r\u00edtmico Sully Erna como productor. El \u00e1lbum debut\u00f3 en el n\u00famero uno del Billboard 200 con m\u00e1s de 200 mil copias vendidas en su primera semana, convirti\u00e9ndose en el segundo proyecto de la banda en alcanzar esa posici\u00f3n. Tambi\u00e9n incluye los sencillos \u201cSpeak\u201d, que alcanz\u00f3 el n\u00famero uno en la lista de rock de Billboard y entr\u00f3 en el Billboard Hot 100, y \u201cShine Down\u201d y \u201cThe Enemy\u201d, los cuales alcanzaron el n\u00famero cuatro en la lista de rock.<\/p>\n<div class=\"uD-YT-container\"><img decoding=\"async\" src=\"https:\/\/web.consaguirre.com.ar\/noticias\/wp-content\/uploads\/2024\/09\/1727459073_227_IV-de-Godsmack-obtiene-su-primer-lanzamiento-en-vinilo.jpg\" alt=\"V\u00eddeo de YouTube\"><br \/>Haga clic para cargar v\u00eddeo<\/div>\n<p>Tras el lanzamiento del \u00e1lbum, tanto los cr\u00edticos como los fans notaron que <em>IV<\/em> Parec\u00eda ser un alejamiento de algunos de los sonidos m\u00e1s duros que llegaron a asociarse con la banda a trav\u00e9s de sus primeros \u00e1lbumes a finales de los 90 y principios de los 2000. Erna, sin embargo, se\u00f1al\u00f3 en entrevistas que siempre hab\u00eda considerado a Godsmack m\u00e1s una banda de hard rock que de metal. &#8220;Estamos experimentando con sonidos m\u00e1s grandes, como estos riffs con toques de blues&#8221;. <strong>el cantante le explic\u00f3 <em>Roca confidencial<\/em><\/strong>. \u201cSiguen siendo duros y es hard rock y es Godsmack y est\u00e1 en tu cara. Es poderoso, pero ya no es tanto metal\u201d.<\/p>\n<p>Su \u00e9xito con <em>IV<\/em> Ciertamente ayud\u00f3 a Godsmack a seguir siendo una fuerza dentro de la m\u00fasica rock en los a\u00f1os venideros. La banda ahora cuenta con 13 sencillos n\u00famero uno en la lista de rock, y su siguiente \u00e1lbum de 2010, Oracle, tambi\u00e9n encabez\u00f3 el Billboard 200. M\u00e1s recientemente, Godsmack comparti\u00f3 su octavo \u00e1lbum de estudio. <em>Iluminando el cielo<\/em> en 2023 despu\u00e9s de una pausa de cinco a\u00f1os con respecto a su \u00e1lbum anterior. Si bien Erna confirm\u00f3 que el \u00e1lbum ser\u00eda el \u00faltimo de la banda, tuvo cuidado de decir que la banda no se estaba separando y que continuar\u00eda de gira con sus \u00e9xitos en los a\u00f1os venideros. \u201cNo estamos anunciando una ruptura. No anunciaremos la gira de despedida\u201d. <strong>\u00e9l dijo <em>Consecuencia<\/em> en 2023<\/strong>. &#8220;En este punto, s\u00f3lo queremos salir y divertirnos con nuestra carrera y divertirnos con los fan\u00e1ticos&#8221;. Claramente, Godsmack contin\u00faa honrando la m\u00fasica que han hecho.<\/p>\n<p><strong>Ordene Godsmack&#8217;s <em>IV<\/em> ahora.<\/strong><\/p>\n","protected":false},"excerpt":{"rendered":"<p>IVel \u00e1lbum de 2006 de Golpe de diosse publica en vinilo por primera vez. Con audio remasterizado y prensado en vinilo cl\u00e1sico negro o de<\/p>\n","protected":false},"author":1,"featured_media":694,"comment_status":"closed","ping_status":"","sticky":false,"template":"","format":"standard","meta":{"footnotes":""},"categories":[50],"tags":[799,237,800,730,87],"class_list":["post-693","post","type-post","status-publish","format-standard","has-post-thumbnail","hentry","category-el-ultimo","tag-godsmack","tag-lanzamiento","tag-obtiene","tag-primer","tag-vinilo","generate-columns","tablet-grid-50","mobile-grid-100","grid-parent","grid-50"],"yoast_head":"<!-- This site is optimized with the Yoast SEO plugin v23.3 - https:\/\/yoast.com\/wordpress\/plugins\/seo\/ -->\n<title>&#039;IV&#039; de Godsmack obtiene su primer lanzamiento en vinilo<\/title>\n<meta name=\"robots\" content=\"index, follow, max-snippet:-1, max-image-preview:large, max-video-preview:-1\" \/>\n<link rel=\"canonical\" href=\"https:\/\/web.consaguirre.com.ar\/noticias\/iv-de-godsmack-obtiene-su-primer-lanzamiento-en-vinilo\/\" \/>\n<meta property=\"og:locale\" content=\"es_ES\" \/>\n<meta property=\"og:type\" content=\"article\" \/>\n<meta property=\"og:title\" content=\"&#039;IV&#039; de Godsmack obtiene su primer lanzamiento en vinilo\" \/>\n<meta property=\"og:description\" content=\"IVel \u00e1lbum de 2006 de Golpe de diosse publica en vinilo por primera vez. Con audio remasterizado y prensado en vinilo cl\u00e1sico negro o de\" \/>\n<meta property=\"og:url\" content=\"https:\/\/web.consaguirre.com.ar\/noticias\/iv-de-godsmack-obtiene-su-primer-lanzamiento-en-vinilo\/\" \/>\n<meta property=\"og:site_name\" content=\"Conservatorio de M\u00fasica Juli\u00e1n Aguirre\" \/>\n<meta property=\"article:published_time\" content=\"2024-09-27T17:44:33+00:00\" \/>\n<meta property=\"article:modified_time\" content=\"2024-09-27T17:44:35+00:00\" \/>\n<meta property=\"og:image\" content=\"https:\/\/web.consaguirre.com.ar\/noticias\/wp-content\/uploads\/2024\/09\/IV-de-Godsmack-obtiene-su-primer-lanzamiento-en-vinilo.jpg\" \/>\n\t<meta property=\"og:image:width\" content=\"1440\" \/>\n\t<meta property=\"og:image:height\" content=\"864\" \/>\n\t<meta property=\"og:image:type\" content=\"image\/jpeg\" \/>\n<meta name=\"author\" content=\"Javier Figueroa\" \/>\n<meta name=\"twitter:card\" content=\"summary_large_image\" \/>\n<meta name=\"twitter:label1\" content=\"Escrito por\" \/>\n\t<meta name=\"twitter:data1\" content=\"Javier Figueroa\" \/>\n\t<meta name=\"twitter:label2\" content=\"Tiempo de lectura\" \/>\n\t<meta name=\"twitter:data2\" content=\"2 minutos\" \/>\n<script type=\"application\/ld+json\" class=\"yoast-schema-graph\">{\"@context\":\"https:\/\/schema.org\",\"@graph\":[{\"@type\":\"Article\",\"@id\":\"https:\/\/web.consaguirre.com.ar\/noticias\/iv-de-godsmack-obtiene-su-primer-lanzamiento-en-vinilo\/#article\",\"isPartOf\":{\"@id\":\"https:\/\/web.consaguirre.com.ar\/noticias\/iv-de-godsmack-obtiene-su-primer-lanzamiento-en-vinilo\/\"},\"author\":{\"name\":\"Javier Figueroa\",\"@id\":\"https:\/\/web.consaguirre.com.ar\/noticias\/#\/schema\/person\/6558b0cfedee7ddc5425602b237d5722\"},\"headline\":\"&#8216;IV&#8217; de Godsmack obtiene su primer lanzamiento en vinilo\",\"datePublished\":\"2024-09-27T17:44:33+00:00\",\"dateModified\":\"2024-09-27T17:44:35+00:00\",\"mainEntityOfPage\":{\"@id\":\"https:\/\/web.consaguirre.com.ar\/noticias\/iv-de-godsmack-obtiene-su-primer-lanzamiento-en-vinilo\/\"},\"wordCount\":447,\"publisher\":{\"@id\":\"https:\/\/web.consaguirre.com.ar\/noticias\/#organization\"},\"image\":{\"@id\":\"https:\/\/web.consaguirre.com.ar\/noticias\/iv-de-godsmack-obtiene-su-primer-lanzamiento-en-vinilo\/#primaryimage\"},\"thumbnailUrl\":\"https:\/\/web.consaguirre.com.ar\/noticias\/wp-content\/uploads\/2024\/09\/IV-de-Godsmack-obtiene-su-primer-lanzamiento-en-vinilo.jpg\",\"keywords\":[\"Godsmack\",\"lanzamiento\",\"obtiene\",\"primer\",\"vinilo\"],\"articleSection\":[\"El \u00faltimo\"],\"inLanguage\":\"es-AR\"},{\"@type\":\"WebPage\",\"@id\":\"https:\/\/web.consaguirre.com.ar\/noticias\/iv-de-godsmack-obtiene-su-primer-lanzamiento-en-vinilo\/\",\"url\":\"https:\/\/web.consaguirre.com.ar\/noticias\/iv-de-godsmack-obtiene-su-primer-lanzamiento-en-vinilo\/\",\"name\":\"'IV' de Godsmack obtiene su primer lanzamiento en vinilo\",\"isPartOf\":{\"@id\":\"https:\/\/web.consaguirre.com.ar\/noticias\/#website\"},\"primaryImageOfPage\":{\"@id\":\"https:\/\/web.consaguirre.com.ar\/noticias\/iv-de-godsmack-obtiene-su-primer-lanzamiento-en-vinilo\/#primaryimage\"},\"image\":{\"@id\":\"https:\/\/web.consaguirre.com.ar\/noticias\/iv-de-godsmack-obtiene-su-primer-lanzamiento-en-vinilo\/#primaryimage\"},\"thumbnailUrl\":\"https:\/\/web.consaguirre.com.ar\/noticias\/wp-content\/uploads\/2024\/09\/IV-de-Godsmack-obtiene-su-primer-lanzamiento-en-vinilo.jpg\",\"datePublished\":\"2024-09-27T17:44:33+00:00\",\"dateModified\":\"2024-09-27T17:44:35+00:00\",\"breadcrumb\":{\"@id\":\"https:\/\/web.consaguirre.com.ar\/noticias\/iv-de-godsmack-obtiene-su-primer-lanzamiento-en-vinilo\/#breadcrumb\"},\"inLanguage\":\"es-AR\",\"potentialAction\":[{\"@type\":\"ReadAction\",\"target\":[\"https:\/\/web.consaguirre.com.ar\/noticias\/iv-de-godsmack-obtiene-su-primer-lanzamiento-en-vinilo\/\"]}]},{\"@type\":\"ImageObject\",\"inLanguage\":\"es-AR\",\"@id\":\"https:\/\/web.consaguirre.com.ar\/noticias\/iv-de-godsmack-obtiene-su-primer-lanzamiento-en-vinilo\/#primaryimage\",\"url\":\"https:\/\/web.consaguirre.com.ar\/noticias\/wp-content\/uploads\/2024\/09\/IV-de-Godsmack-obtiene-su-primer-lanzamiento-en-vinilo.jpg\",\"contentUrl\":\"https:\/\/web.consaguirre.com.ar\/noticias\/wp-content\/uploads\/2024\/09\/IV-de-Godsmack-obtiene-su-primer-lanzamiento-en-vinilo.jpg\",\"width\":1440,\"height\":864,\"caption\":\"'IV' de Godsmack obtiene su primer lanzamiento en vinilo\"},{\"@type\":\"BreadcrumbList\",\"@id\":\"https:\/\/web.consaguirre.com.ar\/noticias\/iv-de-godsmack-obtiene-su-primer-lanzamiento-en-vinilo\/#breadcrumb\",\"itemListElement\":[{\"@type\":\"ListItem\",\"position\":1,\"name\":\"Inicio\",\"item\":\"https:\/\/web.consaguirre.com.ar\/noticias\/\"},{\"@type\":\"ListItem\",\"position\":2,\"name\":\"&#8216;IV&#8217; de Godsmack obtiene su primer lanzamiento en vinilo\"}]},{\"@type\":\"WebSite\",\"@id\":\"https:\/\/web.consaguirre.com.ar\/noticias\/#website\",\"url\":\"https:\/\/web.consaguirre.com.ar\/noticias\/\",\"name\":\"Conservatorio de M\u00fasica Juli\u00e1n Aguirre\",\"description\":\"\",\"publisher\":{\"@id\":\"https:\/\/web.consaguirre.com.ar\/noticias\/#organization\"},\"potentialAction\":[{\"@type\":\"SearchAction\",\"target\":{\"@type\":\"EntryPoint\",\"urlTemplate\":\"https:\/\/web.consaguirre.com.ar\/noticias\/?s={search_term_string}\"},\"query-input\":\"required name=search_term_string\"}],\"inLanguage\":\"es-AR\"},{\"@type\":\"Organization\",\"@id\":\"https:\/\/web.consaguirre.com.ar\/noticias\/#organization\",\"name\":\"Conservatorio de M\u00fasica Juli\u00e1n Aguirre\",\"url\":\"https:\/\/web.consaguirre.com.ar\/noticias\/\",\"logo\":{\"@type\":\"ImageObject\",\"inLanguage\":\"es-AR\",\"@id\":\"https:\/\/web.consaguirre.com.ar\/noticias\/#\/schema\/logo\/image\/\",\"url\":\"https:\/\/web.consaguirre.com.ar\/noticias\/wp-content\/uploads\/2024\/08\/Banner-Aguirre-23.jpg\",\"contentUrl\":\"https:\/\/web.consaguirre.com.ar\/noticias\/wp-content\/uploads\/2024\/08\/Banner-Aguirre-23.jpg\",\"width\":1192,\"height\":600,\"caption\":\"Conservatorio de M\u00fasica Juli\u00e1n Aguirre\"},\"image\":{\"@id\":\"https:\/\/web.consaguirre.com.ar\/noticias\/#\/schema\/logo\/image\/\"}},{\"@type\":\"Person\",\"@id\":\"https:\/\/web.consaguirre.com.ar\/noticias\/#\/schema\/person\/6558b0cfedee7ddc5425602b237d5722\",\"name\":\"Javier Figueroa\",\"image\":{\"@type\":\"ImageObject\",\"inLanguage\":\"es-AR\",\"@id\":\"https:\/\/web.consaguirre.com.ar\/noticias\/#\/schema\/person\/image\/\",\"url\":\"https:\/\/web.consaguirre.com.ar\/noticias\/wp-content\/uploads\/2024\/08\/Consaguirre-scaled.jpg\",\"contentUrl\":\"https:\/\/web.consaguirre.com.ar\/noticias\/wp-content\/uploads\/2024\/08\/Consaguirre-scaled.jpg\",\"caption\":\"Javier Figueroa\"},\"description\":\"Me llamo Javier Figueroa y soy redactor para el sitio oficial del Conservatorio de M\u00fasica Juli\u00e1n Aguirre en Buenos Aires, consaguirre.com. Apasionado por la m\u00fasica y la escritura, me esfuerzo por destacar los talentos y eventos de nuestra prestigiosa instituci\u00f3n. Mi trayectoria se nutre de una profunda admiraci\u00f3n por los artistas, haciendo de cada art\u00edculo una celebraci\u00f3n de la creatividad y la cultura musical.\",\"sameAs\":[\"https:\/\/web.consaguirre.com.ar\/noticias\"]}]}<\/script>\n<!-- \/ Yoast SEO plugin. -->","yoast_head_json":{"title":"'IV' de Godsmack obtiene su primer lanzamiento en vinilo","robots":{"index":"index","follow":"follow","max-snippet":"max-snippet:-1","max-image-preview":"max-image-preview:large","max-video-preview":"max-video-preview:-1"},"canonical":"https:\/\/web.consaguirre.com.ar\/noticias\/iv-de-godsmack-obtiene-su-primer-lanzamiento-en-vinilo\/","og_locale":"es_ES","og_type":"article","og_title":"'IV' de Godsmack obtiene su primer lanzamiento en vinilo","og_description":"IVel \u00e1lbum de 2006 de Golpe de diosse publica en vinilo por primera vez. Con audio remasterizado y prensado en vinilo cl\u00e1sico negro o de","og_url":"https:\/\/web.consaguirre.com.ar\/noticias\/iv-de-godsmack-obtiene-su-primer-lanzamiento-en-vinilo\/","og_site_name":"Conservatorio de M\u00fasica Juli\u00e1n Aguirre","article_published_time":"2024-09-27T17:44:33+00:00","article_modified_time":"2024-09-27T17:44:35+00:00","og_image":[{"width":1440,"height":864,"url":"https:\/\/web.consaguirre.com.ar\/noticias\/wp-content\/uploads\/2024\/09\/IV-de-Godsmack-obtiene-su-primer-lanzamiento-en-vinilo.jpg","type":"image\/jpeg"}],"author":"Javier Figueroa","twitter_card":"summary_large_image","twitter_misc":{"Escrito por":"Javier Figueroa","Tiempo de lectura":"2 minutos"},"schema":{"@context":"https:\/\/schema.org","@graph":[{"@type":"Article","@id":"https:\/\/web.consaguirre.com.ar\/noticias\/iv-de-godsmack-obtiene-su-primer-lanzamiento-en-vinilo\/#article","isPartOf":{"@id":"https:\/\/web.consaguirre.com.ar\/noticias\/iv-de-godsmack-obtiene-su-primer-lanzamiento-en-vinilo\/"},"author":{"name":"Javier Figueroa","@id":"https:\/\/web.consaguirre.com.ar\/noticias\/#\/schema\/person\/6558b0cfedee7ddc5425602b237d5722"},"headline":"&#8216;IV&#8217; de Godsmack obtiene su primer lanzamiento en vinilo","datePublished":"2024-09-27T17:44:33+00:00","dateModified":"2024-09-27T17:44:35+00:00","mainEntityOfPage":{"@id":"https:\/\/web.consaguirre.com.ar\/noticias\/iv-de-godsmack-obtiene-su-primer-lanzamiento-en-vinilo\/"},"wordCount":447,"publisher":{"@id":"https:\/\/web.consaguirre.com.ar\/noticias\/#organization"},"image":{"@id":"https:\/\/web.consaguirre.com.ar\/noticias\/iv-de-godsmack-obtiene-su-primer-lanzamiento-en-vinilo\/#primaryimage"},"thumbnailUrl":"https:\/\/web.consaguirre.com.ar\/noticias\/wp-content\/uploads\/2024\/09\/IV-de-Godsmack-obtiene-su-primer-lanzamiento-en-vinilo.jpg","keywords":["Godsmack","lanzamiento","obtiene","primer","vinilo"],"articleSection":["El \u00faltimo"],"inLanguage":"es-AR"},{"@type":"WebPage","@id":"https:\/\/web.consaguirre.com.ar\/noticias\/iv-de-godsmack-obtiene-su-primer-lanzamiento-en-vinilo\/","url":"https:\/\/web.consaguirre.com.ar\/noticias\/iv-de-godsmack-obtiene-su-primer-lanzamiento-en-vinilo\/","name":"'IV' de Godsmack obtiene su primer lanzamiento en vinilo","isPartOf":{"@id":"https:\/\/web.consaguirre.com.ar\/noticias\/#website"},"primaryImageOfPage":{"@id":"https:\/\/web.consaguirre.com.ar\/noticias\/iv-de-godsmack-obtiene-su-primer-lanzamiento-en-vinilo\/#primaryimage"},"image":{"@id":"https:\/\/web.consaguirre.com.ar\/noticias\/iv-de-godsmack-obtiene-su-primer-lanzamiento-en-vinilo\/#primaryimage"},"thumbnailUrl":"https:\/\/web.consaguirre.com.ar\/noticias\/wp-content\/uploads\/2024\/09\/IV-de-Godsmack-obtiene-su-primer-lanzamiento-en-vinilo.jpg","datePublished":"2024-09-27T17:44:33+00:00","dateModified":"2024-09-27T17:44:35+00:00","breadcrumb":{"@id":"https:\/\/web.consaguirre.com.ar\/noticias\/iv-de-godsmack-obtiene-su-primer-lanzamiento-en-vinilo\/#breadcrumb"},"inLanguage":"es-AR","potentialAction":[{"@type":"ReadAction","target":["https:\/\/web.consaguirre.com.ar\/noticias\/iv-de-godsmack-obtiene-su-primer-lanzamiento-en-vinilo\/"]}]},{"@type":"ImageObject","inLanguage":"es-AR","@id":"https:\/\/web.consaguirre.com.ar\/noticias\/iv-de-godsmack-obtiene-su-primer-lanzamiento-en-vinilo\/#primaryimage","url":"https:\/\/web.consaguirre.com.ar\/noticias\/wp-content\/uploads\/2024\/09\/IV-de-Godsmack-obtiene-su-primer-lanzamiento-en-vinilo.jpg","contentUrl":"https:\/\/web.consaguirre.com.ar\/noticias\/wp-content\/uploads\/2024\/09\/IV-de-Godsmack-obtiene-su-primer-lanzamiento-en-vinilo.jpg","width":1440,"height":864,"caption":"'IV' de Godsmack obtiene su primer lanzamiento en vinilo"},{"@type":"BreadcrumbList","@id":"https:\/\/web.consaguirre.com.ar\/noticias\/iv-de-godsmack-obtiene-su-primer-lanzamiento-en-vinilo\/#breadcrumb","itemListElement":[{"@type":"ListItem","position":1,"name":"Inicio","item":"https:\/\/web.consaguirre.com.ar\/noticias\/"},{"@type":"ListItem","position":2,"name":"&#8216;IV&#8217; de Godsmack obtiene su primer lanzamiento en vinilo"}]},{"@type":"WebSite","@id":"https:\/\/web.consaguirre.com.ar\/noticias\/#website","url":"https:\/\/web.consaguirre.com.ar\/noticias\/","name":"Conservatorio de M\u00fasica Juli\u00e1n Aguirre","description":"","publisher":{"@id":"https:\/\/web.consaguirre.com.ar\/noticias\/#organization"},"potentialAction":[{"@type":"SearchAction","target":{"@type":"EntryPoint","urlTemplate":"https:\/\/web.consaguirre.com.ar\/noticias\/?s={search_term_string}"},"query-input":"required name=search_term_string"}],"inLanguage":"es-AR"},{"@type":"Organization","@id":"https:\/\/web.consaguirre.com.ar\/noticias\/#organization","name":"Conservatorio de M\u00fasica Juli\u00e1n Aguirre","url":"https:\/\/web.consaguirre.com.ar\/noticias\/","logo":{"@type":"ImageObject","inLanguage":"es-AR","@id":"https:\/\/web.consaguirre.com.ar\/noticias\/#\/schema\/logo\/image\/","url":"https:\/\/web.consaguirre.com.ar\/noticias\/wp-content\/uploads\/2024\/08\/Banner-Aguirre-23.jpg","contentUrl":"https:\/\/web.consaguirre.com.ar\/noticias\/wp-content\/uploads\/2024\/08\/Banner-Aguirre-23.jpg","width":1192,"height":600,"caption":"Conservatorio de M\u00fasica Juli\u00e1n Aguirre"},"image":{"@id":"https:\/\/web.consaguirre.com.ar\/noticias\/#\/schema\/logo\/image\/"}},{"@type":"Person","@id":"https:\/\/web.consaguirre.com.ar\/noticias\/#\/schema\/person\/6558b0cfedee7ddc5425602b237d5722","name":"Javier Figueroa","image":{"@type":"ImageObject","inLanguage":"es-AR","@id":"https:\/\/web.consaguirre.com.ar\/noticias\/#\/schema\/person\/image\/","url":"https:\/\/web.consaguirre.com.ar\/noticias\/wp-content\/uploads\/2024\/08\/Consaguirre-scaled.jpg","contentUrl":"https:\/\/web.consaguirre.com.ar\/noticias\/wp-content\/uploads\/2024\/08\/Consaguirre-scaled.jpg","caption":"Javier Figueroa"},"description":"Me llamo Javier Figueroa y soy redactor para el sitio oficial del Conservatorio de M\u00fasica Juli\u00e1n Aguirre en Buenos Aires, consaguirre.com. Apasionado por la m\u00fasica y la escritura, me esfuerzo por destacar los talentos y eventos de nuestra prestigiosa instituci\u00f3n. Mi trayectoria se nutre de una profunda admiraci\u00f3n por los artistas, haciendo de cada art\u00edculo una celebraci\u00f3n de la creatividad y la cultura musical.","sameAs":["https:\/\/web.consaguirre.com.ar\/noticias"]}]}},"_links":{"self":[{"href":"https:\/\/web.consaguirre.com.ar\/noticias\/wp-json\/wp\/v2\/posts\/693"}],"collection":[{"href":"https:\/\/web.consaguirre.com.ar\/noticias\/wp-json\/wp\/v2\/posts"}],"about":[{"href":"https:\/\/web.consaguirre.com.ar\/noticias\/wp-json\/wp\/v2\/types\/post"}],"author":[{"embeddable":true,"href":"https:\/\/web.consaguirre.com.ar\/noticias\/wp-json\/wp\/v2\/users\/1"}],"replies":[{"embeddable":true,"href":"https:\/\/web.consaguirre.com.ar\/noticias\/wp-json\/wp\/v2\/comments?post=693"}],"version-history":[{"count":1,"href":"https:\/\/web.consaguirre.com.ar\/noticias\/wp-json\/wp\/v2\/posts\/693\/revisions"}],"predecessor-version":[{"id":695,"href":"https:\/\/web.consaguirre.com.ar\/noticias\/wp-json\/wp\/v2\/posts\/693\/revisions\/695"}],"wp:featuredmedia":[{"embeddable":true,"href":"https:\/\/web.consaguirre.com.ar\/noticias\/wp-json\/wp\/v2\/media\/694"}],"wp:attachment":[{"href":"https:\/\/web.consaguirre.com.ar\/noticias\/wp-json\/wp\/v2\/media?parent=693"}],"wp:term":[{"taxonomy":"category","embeddable":true,"href":"https:\/\/web.consaguirre.com.ar\/noticias\/wp-json\/wp\/v2\/categories?post=693"},{"taxonomy":"post_tag","embeddable":true,"href":"https:\/\/web.consaguirre.com.ar\/noticias\/wp-json\/wp\/v2\/tags?post=693"}],"curies":[{"name":"wp","href":"https:\/\/api.w.org\/{rel}","templated":true}]}}