{"id":621,"date":"2024-09-18T16:46:32","date_gmt":"2024-09-18T19:46:32","guid":{"rendered":"https:\/\/web.consaguirre.com.ar\/noticias\/mark-hoppus-de-blink-182-anuncia-las-memorias-de-fahrenheit-182\/"},"modified":"2024-09-18T16:46:34","modified_gmt":"2024-09-18T19:46:34","slug":"mark-hoppus-de-blink-182-anuncia-las-memorias-de-fahrenheit-182","status":"publish","type":"post","link":"https:\/\/web.consaguirre.com.ar\/noticias\/mark-hoppus-de-blink-182-anuncia-las-memorias-de-fahrenheit-182\/","title":{"rendered":"Mark Hoppus de Blink-182 anuncia las memorias de &#8216;Fahrenheit-182&#8217;"},"content":{"rendered":"<p><strong>Marco Hoppus<\/strong>bajista de <strong>Parpadeo-182<\/strong> ha anunciado que publicar\u00e1 una autobiograf\u00eda, <em>Fahrenheit-182<\/em>que llegar\u00e1 el 8 de abril a trav\u00e9s de Harper Collins Publishing.<\/p>\n<p><strong>Compra lo mejor de la discograf\u00eda de Blink-182 en vinilo y m\u00e1s.<\/strong><\/p>\n<p>La sinopsis dice: \u201cEsta es la historia de lo que sucede cuando un ni\u00f1o angustiado que creci\u00f3 en el desierto experimenta el amargo divorcio de sus padres, se muda por todo el pa\u00eds, cambia de identidad de tonto a g\u00f3tico y a punk skater, y finalmente conoce a su mejor amigo, que resulta ser su alma gemela musical.<\/p>\n<p>\u201cEl bajista, compositor y vocalista de los reconocidos pioneros del pop-punk Blink-182, Mark Hoppus, cuenta su historia en <em>Fahrenheit-182<\/em>. Una autobiograf\u00eda que pinta un retrato v\u00edvido de c\u00f3mo fue crecer en la d\u00e9cada de 1980 como un ni\u00f1o que viv\u00eda solo y enganchado al punk rock, las patinetas y la MTV; Mark Hoppus comparte c\u00f3mo alcanz\u00f3 la mayor\u00eda de edad y form\u00f3 una de las bandas m\u00e1s grandes de su generaci\u00f3n. Entrelazada con la historia muy humana de una batalla constante con la ansiedad y la batalla p\u00fablica de Mark y su triunfo sobre el c\u00e1ncer, <em>Fahrenheit-182<\/em> \u201cEs un deleite para los fan\u00e1ticos y tambi\u00e9n una memoria divertida, inteligente y relatable para cualquiera que haya querido dejarlo pero haya seguido adelante\u201d.<\/p>\n<p>El libro fue coescrito por el autor Dan Ozzi, quien es el autor de <em>Sellout: el frenes\u00ed que arras\u00f3 con el punk, el emo y el hardcore<\/em>.<\/p>\n<p>A principios de este verano,  <strong>Blink-182 finaliz\u00f3 una gira de estadios y arenas de verano<\/strong> Por Norteam\u00e9rica. Tras el \u00e9xito masivo de su colosal gira mundial y sus actuaciones como cabezas de cartel en el festival When We Were Young, Mark Hoppus, Tom DeLonge y Travis Barker han recorrido algunos de los recintos m\u00e1s importantes del pa\u00eds en los \u00faltimos meses.<\/p>\n<p>El recorrido de 30 ciudades incluy\u00f3 actuaciones en estadios como Petco Park en la ciudad natal de la banda, San Diego, SoFi Stadium en Los \u00c1ngeles, Citi Field en Nueva York, Fenway Park en Boston y Rogers Centre en Toronto, adem\u00e1s de 25 actuaciones en estadios.<\/p>\n<p><strong>Ordene Mark Hoppus <em>Grados Fahrenheit-182.<\/em><\/strong><\/p>\n","protected":false},"excerpt":{"rendered":"<p>Marco Hoppusbajista de Parpadeo-182 ha anunciado que publicar\u00e1 una autobiograf\u00eda, Fahrenheit-182que llegar\u00e1 el 8 de abril a trav\u00e9s de Harper Collins Publishing. Compra lo mejor<\/p>\n","protected":false},"author":1,"featured_media":622,"comment_status":"closed","ping_status":"","sticky":false,"template":"","format":"standard","meta":{"footnotes":""},"categories":[50],"tags":[56,711,713,710,18,709,712],"class_list":["post-621","post","type-post","status-publish","format-standard","has-post-thumbnail","hentry","category-el-ultimo","tag-anuncia","tag-blink182","tag-fahrenheit182","tag-hoppus","tag-las","tag-mark","tag-memorias","generate-columns","tablet-grid-50","mobile-grid-100","grid-parent","grid-50"],"yoast_head":"<!-- This site is optimized with the Yoast SEO plugin v23.3 - https:\/\/yoast.com\/wordpress\/plugins\/seo\/ -->\n<title>Mark Hoppus de Blink-182 anuncia las memorias de &#039;Fahrenheit-182&#039;<\/title>\n<meta name=\"robots\" content=\"index, follow, max-snippet:-1, max-image-preview:large, max-video-preview:-1\" \/>\n<link rel=\"canonical\" href=\"https:\/\/web.consaguirre.com.ar\/noticias\/mark-hoppus-de-blink-182-anuncia-las-memorias-de-fahrenheit-182\/\" \/>\n<meta property=\"og:locale\" content=\"es_ES\" \/>\n<meta property=\"og:type\" content=\"article\" \/>\n<meta property=\"og:title\" content=\"Mark Hoppus de Blink-182 anuncia las memorias de &#039;Fahrenheit-182&#039;\" \/>\n<meta property=\"og:description\" content=\"Marco Hoppusbajista de Parpadeo-182 ha anunciado que publicar\u00e1 una autobiograf\u00eda, Fahrenheit-182que llegar\u00e1 el 8 de abril a trav\u00e9s de Harper Collins Publishing. Compra lo mejor\" \/>\n<meta property=\"og:url\" content=\"https:\/\/web.consaguirre.com.ar\/noticias\/mark-hoppus-de-blink-182-anuncia-las-memorias-de-fahrenheit-182\/\" \/>\n<meta property=\"og:site_name\" content=\"Conservatorio de M\u00fasica Juli\u00e1n Aguirre\" \/>\n<meta property=\"article:published_time\" content=\"2024-09-18T19:46:32+00:00\" \/>\n<meta property=\"article:modified_time\" content=\"2024-09-18T19:46:34+00:00\" \/>\n<meta property=\"og:image\" content=\"https:\/\/web.consaguirre.com.ar\/noticias\/wp-content\/uploads\/2024\/09\/Mark-Hoppus-de-Blink-182-anuncia-las-memorias-de-Fahrenheit-182.jpg\" \/>\n\t<meta property=\"og:image:width\" content=\"1440\" \/>\n\t<meta property=\"og:image:height\" content=\"864\" \/>\n\t<meta property=\"og:image:type\" content=\"image\/jpeg\" \/>\n<meta name=\"author\" content=\"Javier Figueroa\" \/>\n<meta name=\"twitter:card\" content=\"summary_large_image\" \/>\n<meta name=\"twitter:label1\" content=\"Escrito por\" \/>\n\t<meta name=\"twitter:data1\" content=\"Javier Figueroa\" \/>\n\t<meta name=\"twitter:label2\" content=\"Tiempo de lectura\" \/>\n\t<meta name=\"twitter:data2\" content=\"2 minutos\" \/>\n<script type=\"application\/ld+json\" class=\"yoast-schema-graph\">{\"@context\":\"https:\/\/schema.org\",\"@graph\":[{\"@type\":\"Article\",\"@id\":\"https:\/\/web.consaguirre.com.ar\/noticias\/mark-hoppus-de-blink-182-anuncia-las-memorias-de-fahrenheit-182\/#article\",\"isPartOf\":{\"@id\":\"https:\/\/web.consaguirre.com.ar\/noticias\/mark-hoppus-de-blink-182-anuncia-las-memorias-de-fahrenheit-182\/\"},\"author\":{\"name\":\"Javier Figueroa\",\"@id\":\"https:\/\/web.consaguirre.com.ar\/noticias\/#\/schema\/person\/6558b0cfedee7ddc5425602b237d5722\"},\"headline\":\"Mark Hoppus de Blink-182 anuncia las memorias de &#8216;Fahrenheit-182&#8217;\",\"datePublished\":\"2024-09-18T19:46:32+00:00\",\"dateModified\":\"2024-09-18T19:46:34+00:00\",\"mainEntityOfPage\":{\"@id\":\"https:\/\/web.consaguirre.com.ar\/noticias\/mark-hoppus-de-blink-182-anuncia-las-memorias-de-fahrenheit-182\/\"},\"wordCount\":383,\"publisher\":{\"@id\":\"https:\/\/web.consaguirre.com.ar\/noticias\/#organization\"},\"image\":{\"@id\":\"https:\/\/web.consaguirre.com.ar\/noticias\/mark-hoppus-de-blink-182-anuncia-las-memorias-de-fahrenheit-182\/#primaryimage\"},\"thumbnailUrl\":\"https:\/\/web.consaguirre.com.ar\/noticias\/wp-content\/uploads\/2024\/09\/Mark-Hoppus-de-Blink-182-anuncia-las-memorias-de-Fahrenheit-182.jpg\",\"keywords\":[\"anuncia\",\"Blink182\",\"Fahrenheit182\",\"Hoppus\",\"las\",\"Mark\",\"memorias\"],\"articleSection\":[\"El \u00faltimo\"],\"inLanguage\":\"es-AR\"},{\"@type\":\"WebPage\",\"@id\":\"https:\/\/web.consaguirre.com.ar\/noticias\/mark-hoppus-de-blink-182-anuncia-las-memorias-de-fahrenheit-182\/\",\"url\":\"https:\/\/web.consaguirre.com.ar\/noticias\/mark-hoppus-de-blink-182-anuncia-las-memorias-de-fahrenheit-182\/\",\"name\":\"Mark Hoppus de Blink-182 anuncia las memorias de 'Fahrenheit-182'\",\"isPartOf\":{\"@id\":\"https:\/\/web.consaguirre.com.ar\/noticias\/#website\"},\"primaryImageOfPage\":{\"@id\":\"https:\/\/web.consaguirre.com.ar\/noticias\/mark-hoppus-de-blink-182-anuncia-las-memorias-de-fahrenheit-182\/#primaryimage\"},\"image\":{\"@id\":\"https:\/\/web.consaguirre.com.ar\/noticias\/mark-hoppus-de-blink-182-anuncia-las-memorias-de-fahrenheit-182\/#primaryimage\"},\"thumbnailUrl\":\"https:\/\/web.consaguirre.com.ar\/noticias\/wp-content\/uploads\/2024\/09\/Mark-Hoppus-de-Blink-182-anuncia-las-memorias-de-Fahrenheit-182.jpg\",\"datePublished\":\"2024-09-18T19:46:32+00:00\",\"dateModified\":\"2024-09-18T19:46:34+00:00\",\"breadcrumb\":{\"@id\":\"https:\/\/web.consaguirre.com.ar\/noticias\/mark-hoppus-de-blink-182-anuncia-las-memorias-de-fahrenheit-182\/#breadcrumb\"},\"inLanguage\":\"es-AR\",\"potentialAction\":[{\"@type\":\"ReadAction\",\"target\":[\"https:\/\/web.consaguirre.com.ar\/noticias\/mark-hoppus-de-blink-182-anuncia-las-memorias-de-fahrenheit-182\/\"]}]},{\"@type\":\"ImageObject\",\"inLanguage\":\"es-AR\",\"@id\":\"https:\/\/web.consaguirre.com.ar\/noticias\/mark-hoppus-de-blink-182-anuncia-las-memorias-de-fahrenheit-182\/#primaryimage\",\"url\":\"https:\/\/web.consaguirre.com.ar\/noticias\/wp-content\/uploads\/2024\/09\/Mark-Hoppus-de-Blink-182-anuncia-las-memorias-de-Fahrenheit-182.jpg\",\"contentUrl\":\"https:\/\/web.consaguirre.com.ar\/noticias\/wp-content\/uploads\/2024\/09\/Mark-Hoppus-de-Blink-182-anuncia-las-memorias-de-Fahrenheit-182.jpg\",\"width\":1440,\"height\":864,\"caption\":\"Mark Hoppus - Photo: Buda Mendes\/Getty Images\"},{\"@type\":\"BreadcrumbList\",\"@id\":\"https:\/\/web.consaguirre.com.ar\/noticias\/mark-hoppus-de-blink-182-anuncia-las-memorias-de-fahrenheit-182\/#breadcrumb\",\"itemListElement\":[{\"@type\":\"ListItem\",\"position\":1,\"name\":\"Inicio\",\"item\":\"https:\/\/web.consaguirre.com.ar\/noticias\/\"},{\"@type\":\"ListItem\",\"position\":2,\"name\":\"Mark Hoppus de Blink-182 anuncia las memorias de &#8216;Fahrenheit-182&#8217;\"}]},{\"@type\":\"WebSite\",\"@id\":\"https:\/\/web.consaguirre.com.ar\/noticias\/#website\",\"url\":\"https:\/\/web.consaguirre.com.ar\/noticias\/\",\"name\":\"Conservatorio de M\u00fasica Juli\u00e1n Aguirre\",\"description\":\"\",\"publisher\":{\"@id\":\"https:\/\/web.consaguirre.com.ar\/noticias\/#organization\"},\"potentialAction\":[{\"@type\":\"SearchAction\",\"target\":{\"@type\":\"EntryPoint\",\"urlTemplate\":\"https:\/\/web.consaguirre.com.ar\/noticias\/?s={search_term_string}\"},\"query-input\":\"required name=search_term_string\"}],\"inLanguage\":\"es-AR\"},{\"@type\":\"Organization\",\"@id\":\"https:\/\/web.consaguirre.com.ar\/noticias\/#organization\",\"name\":\"Conservatorio de M\u00fasica Juli\u00e1n Aguirre\",\"url\":\"https:\/\/web.consaguirre.com.ar\/noticias\/\",\"logo\":{\"@type\":\"ImageObject\",\"inLanguage\":\"es-AR\",\"@id\":\"https:\/\/web.consaguirre.com.ar\/noticias\/#\/schema\/logo\/image\/\",\"url\":\"https:\/\/web.consaguirre.com.ar\/noticias\/wp-content\/uploads\/2024\/08\/Banner-Aguirre-23.jpg\",\"contentUrl\":\"https:\/\/web.consaguirre.com.ar\/noticias\/wp-content\/uploads\/2024\/08\/Banner-Aguirre-23.jpg\",\"width\":1192,\"height\":600,\"caption\":\"Conservatorio de M\u00fasica Juli\u00e1n Aguirre\"},\"image\":{\"@id\":\"https:\/\/web.consaguirre.com.ar\/noticias\/#\/schema\/logo\/image\/\"}},{\"@type\":\"Person\",\"@id\":\"https:\/\/web.consaguirre.com.ar\/noticias\/#\/schema\/person\/6558b0cfedee7ddc5425602b237d5722\",\"name\":\"Javier Figueroa\",\"image\":{\"@type\":\"ImageObject\",\"inLanguage\":\"es-AR\",\"@id\":\"https:\/\/web.consaguirre.com.ar\/noticias\/#\/schema\/person\/image\/\",\"url\":\"https:\/\/web.consaguirre.com.ar\/noticias\/wp-content\/uploads\/2024\/08\/Consaguirre-scaled.jpg\",\"contentUrl\":\"https:\/\/web.consaguirre.com.ar\/noticias\/wp-content\/uploads\/2024\/08\/Consaguirre-scaled.jpg\",\"caption\":\"Javier Figueroa\"},\"description\":\"Me llamo Javier Figueroa y soy redactor para el sitio oficial del Conservatorio de M\u00fasica Juli\u00e1n Aguirre en Buenos Aires, consaguirre.com. Apasionado por la m\u00fasica y la escritura, me esfuerzo por destacar los talentos y eventos de nuestra prestigiosa instituci\u00f3n. Mi trayectoria se nutre de una profunda admiraci\u00f3n por los artistas, haciendo de cada art\u00edculo una celebraci\u00f3n de la creatividad y la cultura musical.\",\"sameAs\":[\"https:\/\/web.consaguirre.com.ar\/noticias\"]}]}<\/script>\n<!-- \/ Yoast SEO plugin. -->","yoast_head_json":{"title":"Mark Hoppus de Blink-182 anuncia las memorias de 'Fahrenheit-182'","robots":{"index":"index","follow":"follow","max-snippet":"max-snippet:-1","max-image-preview":"max-image-preview:large","max-video-preview":"max-video-preview:-1"},"canonical":"https:\/\/web.consaguirre.com.ar\/noticias\/mark-hoppus-de-blink-182-anuncia-las-memorias-de-fahrenheit-182\/","og_locale":"es_ES","og_type":"article","og_title":"Mark Hoppus de Blink-182 anuncia las memorias de 'Fahrenheit-182'","og_description":"Marco Hoppusbajista de Parpadeo-182 ha anunciado que publicar\u00e1 una autobiograf\u00eda, Fahrenheit-182que llegar\u00e1 el 8 de abril a trav\u00e9s de Harper Collins Publishing. Compra lo mejor","og_url":"https:\/\/web.consaguirre.com.ar\/noticias\/mark-hoppus-de-blink-182-anuncia-las-memorias-de-fahrenheit-182\/","og_site_name":"Conservatorio de M\u00fasica Juli\u00e1n Aguirre","article_published_time":"2024-09-18T19:46:32+00:00","article_modified_time":"2024-09-18T19:46:34+00:00","og_image":[{"width":1440,"height":864,"url":"https:\/\/web.consaguirre.com.ar\/noticias\/wp-content\/uploads\/2024\/09\/Mark-Hoppus-de-Blink-182-anuncia-las-memorias-de-Fahrenheit-182.jpg","type":"image\/jpeg"}],"author":"Javier Figueroa","twitter_card":"summary_large_image","twitter_misc":{"Escrito por":"Javier Figueroa","Tiempo de lectura":"2 minutos"},"schema":{"@context":"https:\/\/schema.org","@graph":[{"@type":"Article","@id":"https:\/\/web.consaguirre.com.ar\/noticias\/mark-hoppus-de-blink-182-anuncia-las-memorias-de-fahrenheit-182\/#article","isPartOf":{"@id":"https:\/\/web.consaguirre.com.ar\/noticias\/mark-hoppus-de-blink-182-anuncia-las-memorias-de-fahrenheit-182\/"},"author":{"name":"Javier Figueroa","@id":"https:\/\/web.consaguirre.com.ar\/noticias\/#\/schema\/person\/6558b0cfedee7ddc5425602b237d5722"},"headline":"Mark Hoppus de Blink-182 anuncia las memorias de &#8216;Fahrenheit-182&#8217;","datePublished":"2024-09-18T19:46:32+00:00","dateModified":"2024-09-18T19:46:34+00:00","mainEntityOfPage":{"@id":"https:\/\/web.consaguirre.com.ar\/noticias\/mark-hoppus-de-blink-182-anuncia-las-memorias-de-fahrenheit-182\/"},"wordCount":383,"publisher":{"@id":"https:\/\/web.consaguirre.com.ar\/noticias\/#organization"},"image":{"@id":"https:\/\/web.consaguirre.com.ar\/noticias\/mark-hoppus-de-blink-182-anuncia-las-memorias-de-fahrenheit-182\/#primaryimage"},"thumbnailUrl":"https:\/\/web.consaguirre.com.ar\/noticias\/wp-content\/uploads\/2024\/09\/Mark-Hoppus-de-Blink-182-anuncia-las-memorias-de-Fahrenheit-182.jpg","keywords":["anuncia","Blink182","Fahrenheit182","Hoppus","las","Mark","memorias"],"articleSection":["El \u00faltimo"],"inLanguage":"es-AR"},{"@type":"WebPage","@id":"https:\/\/web.consaguirre.com.ar\/noticias\/mark-hoppus-de-blink-182-anuncia-las-memorias-de-fahrenheit-182\/","url":"https:\/\/web.consaguirre.com.ar\/noticias\/mark-hoppus-de-blink-182-anuncia-las-memorias-de-fahrenheit-182\/","name":"Mark Hoppus de Blink-182 anuncia las memorias de 'Fahrenheit-182'","isPartOf":{"@id":"https:\/\/web.consaguirre.com.ar\/noticias\/#website"},"primaryImageOfPage":{"@id":"https:\/\/web.consaguirre.com.ar\/noticias\/mark-hoppus-de-blink-182-anuncia-las-memorias-de-fahrenheit-182\/#primaryimage"},"image":{"@id":"https:\/\/web.consaguirre.com.ar\/noticias\/mark-hoppus-de-blink-182-anuncia-las-memorias-de-fahrenheit-182\/#primaryimage"},"thumbnailUrl":"https:\/\/web.consaguirre.com.ar\/noticias\/wp-content\/uploads\/2024\/09\/Mark-Hoppus-de-Blink-182-anuncia-las-memorias-de-Fahrenheit-182.jpg","datePublished":"2024-09-18T19:46:32+00:00","dateModified":"2024-09-18T19:46:34+00:00","breadcrumb":{"@id":"https:\/\/web.consaguirre.com.ar\/noticias\/mark-hoppus-de-blink-182-anuncia-las-memorias-de-fahrenheit-182\/#breadcrumb"},"inLanguage":"es-AR","potentialAction":[{"@type":"ReadAction","target":["https:\/\/web.consaguirre.com.ar\/noticias\/mark-hoppus-de-blink-182-anuncia-las-memorias-de-fahrenheit-182\/"]}]},{"@type":"ImageObject","inLanguage":"es-AR","@id":"https:\/\/web.consaguirre.com.ar\/noticias\/mark-hoppus-de-blink-182-anuncia-las-memorias-de-fahrenheit-182\/#primaryimage","url":"https:\/\/web.consaguirre.com.ar\/noticias\/wp-content\/uploads\/2024\/09\/Mark-Hoppus-de-Blink-182-anuncia-las-memorias-de-Fahrenheit-182.jpg","contentUrl":"https:\/\/web.consaguirre.com.ar\/noticias\/wp-content\/uploads\/2024\/09\/Mark-Hoppus-de-Blink-182-anuncia-las-memorias-de-Fahrenheit-182.jpg","width":1440,"height":864,"caption":"Mark Hoppus - Photo: Buda Mendes\/Getty Images"},{"@type":"BreadcrumbList","@id":"https:\/\/web.consaguirre.com.ar\/noticias\/mark-hoppus-de-blink-182-anuncia-las-memorias-de-fahrenheit-182\/#breadcrumb","itemListElement":[{"@type":"ListItem","position":1,"name":"Inicio","item":"https:\/\/web.consaguirre.com.ar\/noticias\/"},{"@type":"ListItem","position":2,"name":"Mark Hoppus de Blink-182 anuncia las memorias de &#8216;Fahrenheit-182&#8217;"}]},{"@type":"WebSite","@id":"https:\/\/web.consaguirre.com.ar\/noticias\/#website","url":"https:\/\/web.consaguirre.com.ar\/noticias\/","name":"Conservatorio de M\u00fasica Juli\u00e1n Aguirre","description":"","publisher":{"@id":"https:\/\/web.consaguirre.com.ar\/noticias\/#organization"},"potentialAction":[{"@type":"SearchAction","target":{"@type":"EntryPoint","urlTemplate":"https:\/\/web.consaguirre.com.ar\/noticias\/?s={search_term_string}"},"query-input":"required name=search_term_string"}],"inLanguage":"es-AR"},{"@type":"Organization","@id":"https:\/\/web.consaguirre.com.ar\/noticias\/#organization","name":"Conservatorio de M\u00fasica Juli\u00e1n Aguirre","url":"https:\/\/web.consaguirre.com.ar\/noticias\/","logo":{"@type":"ImageObject","inLanguage":"es-AR","@id":"https:\/\/web.consaguirre.com.ar\/noticias\/#\/schema\/logo\/image\/","url":"https:\/\/web.consaguirre.com.ar\/noticias\/wp-content\/uploads\/2024\/08\/Banner-Aguirre-23.jpg","contentUrl":"https:\/\/web.consaguirre.com.ar\/noticias\/wp-content\/uploads\/2024\/08\/Banner-Aguirre-23.jpg","width":1192,"height":600,"caption":"Conservatorio de M\u00fasica Juli\u00e1n Aguirre"},"image":{"@id":"https:\/\/web.consaguirre.com.ar\/noticias\/#\/schema\/logo\/image\/"}},{"@type":"Person","@id":"https:\/\/web.consaguirre.com.ar\/noticias\/#\/schema\/person\/6558b0cfedee7ddc5425602b237d5722","name":"Javier Figueroa","image":{"@type":"ImageObject","inLanguage":"es-AR","@id":"https:\/\/web.consaguirre.com.ar\/noticias\/#\/schema\/person\/image\/","url":"https:\/\/web.consaguirre.com.ar\/noticias\/wp-content\/uploads\/2024\/08\/Consaguirre-scaled.jpg","contentUrl":"https:\/\/web.consaguirre.com.ar\/noticias\/wp-content\/uploads\/2024\/08\/Consaguirre-scaled.jpg","caption":"Javier Figueroa"},"description":"Me llamo Javier Figueroa y soy redactor para el sitio oficial del Conservatorio de M\u00fasica Juli\u00e1n Aguirre en Buenos Aires, consaguirre.com. Apasionado por la m\u00fasica y la escritura, me esfuerzo por destacar los talentos y eventos de nuestra prestigiosa instituci\u00f3n. Mi trayectoria se nutre de una profunda admiraci\u00f3n por los artistas, haciendo de cada art\u00edculo una celebraci\u00f3n de la creatividad y la cultura musical.","sameAs":["https:\/\/web.consaguirre.com.ar\/noticias"]}]}},"_links":{"self":[{"href":"https:\/\/web.consaguirre.com.ar\/noticias\/wp-json\/wp\/v2\/posts\/621"}],"collection":[{"href":"https:\/\/web.consaguirre.com.ar\/noticias\/wp-json\/wp\/v2\/posts"}],"about":[{"href":"https:\/\/web.consaguirre.com.ar\/noticias\/wp-json\/wp\/v2\/types\/post"}],"author":[{"embeddable":true,"href":"https:\/\/web.consaguirre.com.ar\/noticias\/wp-json\/wp\/v2\/users\/1"}],"replies":[{"embeddable":true,"href":"https:\/\/web.consaguirre.com.ar\/noticias\/wp-json\/wp\/v2\/comments?post=621"}],"version-history":[{"count":1,"href":"https:\/\/web.consaguirre.com.ar\/noticias\/wp-json\/wp\/v2\/posts\/621\/revisions"}],"predecessor-version":[{"id":623,"href":"https:\/\/web.consaguirre.com.ar\/noticias\/wp-json\/wp\/v2\/posts\/621\/revisions\/623"}],"wp:featuredmedia":[{"embeddable":true,"href":"https:\/\/web.consaguirre.com.ar\/noticias\/wp-json\/wp\/v2\/media\/622"}],"wp:attachment":[{"href":"https:\/\/web.consaguirre.com.ar\/noticias\/wp-json\/wp\/v2\/media?parent=621"}],"wp:term":[{"taxonomy":"category","embeddable":true,"href":"https:\/\/web.consaguirre.com.ar\/noticias\/wp-json\/wp\/v2\/categories?post=621"},{"taxonomy":"post_tag","embeddable":true,"href":"https:\/\/web.consaguirre.com.ar\/noticias\/wp-json\/wp\/v2\/tags?post=621"}],"curies":[{"name":"wp","href":"https:\/\/api.w.org\/{rel}","templated":true}]}}