{"id":603,"date":"2024-09-17T01:38:47","date_gmt":"2024-09-17T04:38:47","guid":{"rendered":"https:\/\/web.consaguirre.com.ar\/noticias\/tito-jackson-cantante-de-los-jackson-5-muere-a-los-70-anos\/"},"modified":"2024-09-17T01:38:49","modified_gmt":"2024-09-17T04:38:49","slug":"tito-jackson-cantante-de-los-jackson-5-muere-a-los-70-anos","status":"publish","type":"post","link":"https:\/\/web.consaguirre.com.ar\/noticias\/tito-jackson-cantante-de-los-jackson-5-muere-a-los-70-anos\/","title":{"rendered":"Tito Jackson, cantante de los Jackson 5, muere a los 70 a\u00f1os"},"content":{"rendered":"<p>Tito Jackson, miembro original de la <strong>Jackson 5<\/strong> grupo pop y hermano del fallecido <strong>Michael Jackson<\/strong>falleci\u00f3 a los 70 a\u00f1os. A\u00fan no se ha determinado la causa oficial de su muerte.<\/p>\n<p>Tito actu\u00f3 en el famoso conjunto junto a sus hermanos Jackie, Jermaine, Marlon y Michael, fallecidos en 2009. Recientemente estuvo en M\u00fanich antes de una actuaci\u00f3n que ten\u00eda previsto dar el grupo.<\/p>\n<p>Steve Manning, un viejo amigo de la familia Jackson y ex manager de la familia Jackson, dijo a Entertainment Tonight que Jackson muri\u00f3 el lunes. La noticia fue confirmada en una publicaci\u00f3n de Instagram por los tres hijos de Jackson, Taj, Taryll y TJ Jackson, quienes formaron un tr\u00edo de R&#8217;n&#8217;B\/pop, 3T, en la d\u00e9cada de 1990.<\/p>\n<p>\u201cEstamos conmocionados, entristecidos y desconsolados\u201d, escribieron. \u201cNuestro padre era un hombre incre\u00edble que se preocupaba por todos y por su bienestar\u201d.<\/p>\n<p>Continuaron: \u201cLo extra\u00f1aremos much\u00edsimo. Siempre ser\u00e1 el momento de Tito para nosotros. Por favor, recuerden hacer lo que nuestro padre siempre predic\u00f3: \u201cAmaos los unos a los otros\u201d. Te amamos, pap\u00e1\u201d.<\/p>\n<p>Nacido el 15 de octubre de 1953, Toriano Adaryll \u201cTito\u201d Jackson fue el miembro menos escuchado del grupo como corista que tocaba la guitarra. Sus hermanos iniciaron carreras en solitario, incluido Michael, quien se convirti\u00f3 en uno de los artistas m\u00e1s importantes del mundo conocido como El Rey del Pop.<\/p>\n<p>Los Jackson 5 se formaron en 1964. Tito tocaba la guitarra y hac\u00eda coros. <strong>El grupo ha vendido m\u00e1s de 150 millones de discos en todo el mundo.<\/strong>En 1980, los hermanos recibieron una estrella en el Paseo de la Fama de Hollywood y fueron incluidos en el Sal\u00f3n de la Fama del Rock and Roll en 1997. Los \u00e9xitos de los Jackson 5 incluyen &#8220;ABC&#8221;, &#8220;The Love You Save&#8221; y &#8220;I Want You Back&#8221;. Han producido un total de 27 \u00e9xitos n\u00famero uno en Estados Unidos.<\/p>\n<p>Tito era el tercer hijo mayor de Jackson y uno de nueve hermanos. Entre sus otros hermanos se encuentran estrellas mundiales. <strong>Janet Jackson<\/strong> y La Toya Jackson. Todos sus hermanos, excepto Michael, siguen vivos.<\/p>\n<p>Adem\u00e1s de trabajar en la banda, Tito tambi\u00e9n tuvo una carrera en solitario como m\u00fasico de blues que comenz\u00f3 en 2003. Fue el \u00faltimo hermano en colocar un sencillo en solitario en las listas de Billboard con su \u00e9xito de 2016, Get It Baby.<\/p>\n<p>El exbaterista de los Jackson 5, Jonathan Moffett, encabez\u00f3 los homenajes en las redes sociales y escribi\u00f3 en X, external: \u201cSiento una gran tristeza en mi coraz\u00f3n esta noche. Acabo de enterarme de que mi hermano de coraz\u00f3n y esp\u00edritu, Tito Jackson, ha fallecido. Estoy aturdido, devastado y sin palabras. Te amo, Tito. Mi m\u00e1s sincero amor y oraciones para toda la familia Jackson. Los amo a todos MUCHO\u201d.<\/p>\n","protected":false},"excerpt":{"rendered":"<p>Tito Jackson, miembro original de la Jackson 5 grupo pop y hermano del fallecido Michael Jacksonfalleci\u00f3 a los 70 a\u00f1os. A\u00fan no se ha determinado<\/p>\n","protected":false},"author":1,"featured_media":604,"comment_status":"closed","ping_status":"","sticky":false,"template":"","format":"standard","meta":{"footnotes":""},"categories":[50],"tags":[115,623,176,180,564,687],"class_list":["post-603","post","type-post","status-publish","format-standard","has-post-thumbnail","hentry","category-el-ultimo","tag-anos","tag-cantante","tag-jackson","tag-los","tag-muere","tag-tito","generate-columns","tablet-grid-50","mobile-grid-100","grid-parent","grid-50"],"yoast_head":"<!-- This site is optimized with the Yoast SEO plugin v23.3 - https:\/\/yoast.com\/wordpress\/plugins\/seo\/ -->\n<title>Tito Jackson, cantante de los Jackson 5, muere a los 70 a\u00f1os<\/title>\n<meta name=\"robots\" content=\"index, follow, max-snippet:-1, max-image-preview:large, max-video-preview:-1\" \/>\n<link rel=\"canonical\" href=\"https:\/\/web.consaguirre.com.ar\/noticias\/tito-jackson-cantante-de-los-jackson-5-muere-a-los-70-anos\/\" \/>\n<meta property=\"og:locale\" content=\"es_ES\" \/>\n<meta property=\"og:type\" content=\"article\" \/>\n<meta property=\"og:title\" content=\"Tito Jackson, cantante de los Jackson 5, muere a los 70 a\u00f1os\" \/>\n<meta property=\"og:description\" content=\"Tito Jackson, miembro original de la Jackson 5 grupo pop y hermano del fallecido Michael Jacksonfalleci\u00f3 a los 70 a\u00f1os. A\u00fan no se ha determinado\" \/>\n<meta property=\"og:url\" content=\"https:\/\/web.consaguirre.com.ar\/noticias\/tito-jackson-cantante-de-los-jackson-5-muere-a-los-70-anos\/\" \/>\n<meta property=\"og:site_name\" content=\"Conservatorio de M\u00fasica Juli\u00e1n Aguirre\" \/>\n<meta property=\"article:published_time\" content=\"2024-09-17T04:38:47+00:00\" \/>\n<meta property=\"article:modified_time\" content=\"2024-09-17T04:38:49+00:00\" \/>\n<meta property=\"og:image\" content=\"https:\/\/web.consaguirre.com.ar\/noticias\/wp-content\/uploads\/2024\/09\/Tito-Jackson-cantante-de-los-Jackson-5-muere-a-los.jpg\" \/>\n\t<meta property=\"og:image:width\" content=\"1440\" \/>\n\t<meta property=\"og:image:height\" content=\"864\" \/>\n\t<meta property=\"og:image:type\" content=\"image\/jpeg\" \/>\n<meta name=\"author\" content=\"Javier Figueroa\" \/>\n<meta name=\"twitter:card\" content=\"summary_large_image\" \/>\n<meta name=\"twitter:label1\" content=\"Escrito por\" \/>\n\t<meta name=\"twitter:data1\" content=\"Javier Figueroa\" \/>\n\t<meta name=\"twitter:label2\" content=\"Tiempo de lectura\" \/>\n\t<meta name=\"twitter:data2\" content=\"2 minutos\" \/>\n<script type=\"application\/ld+json\" class=\"yoast-schema-graph\">{\"@context\":\"https:\/\/schema.org\",\"@graph\":[{\"@type\":\"Article\",\"@id\":\"https:\/\/web.consaguirre.com.ar\/noticias\/tito-jackson-cantante-de-los-jackson-5-muere-a-los-70-anos\/#article\",\"isPartOf\":{\"@id\":\"https:\/\/web.consaguirre.com.ar\/noticias\/tito-jackson-cantante-de-los-jackson-5-muere-a-los-70-anos\/\"},\"author\":{\"name\":\"Javier Figueroa\",\"@id\":\"https:\/\/web.consaguirre.com.ar\/noticias\/#\/schema\/person\/6558b0cfedee7ddc5425602b237d5722\"},\"headline\":\"Tito Jackson, cantante de los Jackson 5, muere a los 70 a\u00f1os\",\"datePublished\":\"2024-09-17T04:38:47+00:00\",\"dateModified\":\"2024-09-17T04:38:49+00:00\",\"mainEntityOfPage\":{\"@id\":\"https:\/\/web.consaguirre.com.ar\/noticias\/tito-jackson-cantante-de-los-jackson-5-muere-a-los-70-anos\/\"},\"wordCount\":477,\"publisher\":{\"@id\":\"https:\/\/web.consaguirre.com.ar\/noticias\/#organization\"},\"image\":{\"@id\":\"https:\/\/web.consaguirre.com.ar\/noticias\/tito-jackson-cantante-de-los-jackson-5-muere-a-los-70-anos\/#primaryimage\"},\"thumbnailUrl\":\"https:\/\/web.consaguirre.com.ar\/noticias\/wp-content\/uploads\/2024\/09\/Tito-Jackson-cantante-de-los-Jackson-5-muere-a-los.jpg\",\"keywords\":[\"a\u00f1os\",\"cantante\",\"Jackson\",\"los\",\"muere\",\"Tito\"],\"articleSection\":[\"El \u00faltimo\"],\"inLanguage\":\"es-AR\"},{\"@type\":\"WebPage\",\"@id\":\"https:\/\/web.consaguirre.com.ar\/noticias\/tito-jackson-cantante-de-los-jackson-5-muere-a-los-70-anos\/\",\"url\":\"https:\/\/web.consaguirre.com.ar\/noticias\/tito-jackson-cantante-de-los-jackson-5-muere-a-los-70-anos\/\",\"name\":\"Tito Jackson, cantante de los Jackson 5, muere a los 70 a\u00f1os\",\"isPartOf\":{\"@id\":\"https:\/\/web.consaguirre.com.ar\/noticias\/#website\"},\"primaryImageOfPage\":{\"@id\":\"https:\/\/web.consaguirre.com.ar\/noticias\/tito-jackson-cantante-de-los-jackson-5-muere-a-los-70-anos\/#primaryimage\"},\"image\":{\"@id\":\"https:\/\/web.consaguirre.com.ar\/noticias\/tito-jackson-cantante-de-los-jackson-5-muere-a-los-70-anos\/#primaryimage\"},\"thumbnailUrl\":\"https:\/\/web.consaguirre.com.ar\/noticias\/wp-content\/uploads\/2024\/09\/Tito-Jackson-cantante-de-los-Jackson-5-muere-a-los.jpg\",\"datePublished\":\"2024-09-17T04:38:47+00:00\",\"dateModified\":\"2024-09-17T04:38:49+00:00\",\"breadcrumb\":{\"@id\":\"https:\/\/web.consaguirre.com.ar\/noticias\/tito-jackson-cantante-de-los-jackson-5-muere-a-los-70-anos\/#breadcrumb\"},\"inLanguage\":\"es-AR\",\"potentialAction\":[{\"@type\":\"ReadAction\",\"target\":[\"https:\/\/web.consaguirre.com.ar\/noticias\/tito-jackson-cantante-de-los-jackson-5-muere-a-los-70-anos\/\"]}]},{\"@type\":\"ImageObject\",\"inLanguage\":\"es-AR\",\"@id\":\"https:\/\/web.consaguirre.com.ar\/noticias\/tito-jackson-cantante-de-los-jackson-5-muere-a-los-70-anos\/#primaryimage\",\"url\":\"https:\/\/web.consaguirre.com.ar\/noticias\/wp-content\/uploads\/2024\/09\/Tito-Jackson-cantante-de-los-Jackson-5-muere-a-los.jpg\",\"contentUrl\":\"https:\/\/web.consaguirre.com.ar\/noticias\/wp-content\/uploads\/2024\/09\/Tito-Jackson-cantante-de-los-Jackson-5-muere-a-los.jpg\",\"width\":1440,\"height\":864,\"caption\":\"Tito-Jackson-Dies-Aged-70\"},{\"@type\":\"BreadcrumbList\",\"@id\":\"https:\/\/web.consaguirre.com.ar\/noticias\/tito-jackson-cantante-de-los-jackson-5-muere-a-los-70-anos\/#breadcrumb\",\"itemListElement\":[{\"@type\":\"ListItem\",\"position\":1,\"name\":\"Inicio\",\"item\":\"https:\/\/web.consaguirre.com.ar\/noticias\/\"},{\"@type\":\"ListItem\",\"position\":2,\"name\":\"Tito Jackson, cantante de los Jackson 5, muere a los 70 a\u00f1os\"}]},{\"@type\":\"WebSite\",\"@id\":\"https:\/\/web.consaguirre.com.ar\/noticias\/#website\",\"url\":\"https:\/\/web.consaguirre.com.ar\/noticias\/\",\"name\":\"Conservatorio de M\u00fasica Juli\u00e1n Aguirre\",\"description\":\"\",\"publisher\":{\"@id\":\"https:\/\/web.consaguirre.com.ar\/noticias\/#organization\"},\"potentialAction\":[{\"@type\":\"SearchAction\",\"target\":{\"@type\":\"EntryPoint\",\"urlTemplate\":\"https:\/\/web.consaguirre.com.ar\/noticias\/?s={search_term_string}\"},\"query-input\":\"required name=search_term_string\"}],\"inLanguage\":\"es-AR\"},{\"@type\":\"Organization\",\"@id\":\"https:\/\/web.consaguirre.com.ar\/noticias\/#organization\",\"name\":\"Conservatorio de M\u00fasica Juli\u00e1n Aguirre\",\"url\":\"https:\/\/web.consaguirre.com.ar\/noticias\/\",\"logo\":{\"@type\":\"ImageObject\",\"inLanguage\":\"es-AR\",\"@id\":\"https:\/\/web.consaguirre.com.ar\/noticias\/#\/schema\/logo\/image\/\",\"url\":\"https:\/\/web.consaguirre.com.ar\/noticias\/wp-content\/uploads\/2024\/08\/Banner-Aguirre-23.jpg\",\"contentUrl\":\"https:\/\/web.consaguirre.com.ar\/noticias\/wp-content\/uploads\/2024\/08\/Banner-Aguirre-23.jpg\",\"width\":1192,\"height\":600,\"caption\":\"Conservatorio de M\u00fasica Juli\u00e1n Aguirre\"},\"image\":{\"@id\":\"https:\/\/web.consaguirre.com.ar\/noticias\/#\/schema\/logo\/image\/\"}},{\"@type\":\"Person\",\"@id\":\"https:\/\/web.consaguirre.com.ar\/noticias\/#\/schema\/person\/6558b0cfedee7ddc5425602b237d5722\",\"name\":\"Javier Figueroa\",\"image\":{\"@type\":\"ImageObject\",\"inLanguage\":\"es-AR\",\"@id\":\"https:\/\/web.consaguirre.com.ar\/noticias\/#\/schema\/person\/image\/\",\"url\":\"https:\/\/web.consaguirre.com.ar\/noticias\/wp-content\/uploads\/2024\/08\/Consaguirre-scaled.jpg\",\"contentUrl\":\"https:\/\/web.consaguirre.com.ar\/noticias\/wp-content\/uploads\/2024\/08\/Consaguirre-scaled.jpg\",\"caption\":\"Javier Figueroa\"},\"description\":\"Me llamo Javier Figueroa y soy redactor para el sitio oficial del Conservatorio de M\u00fasica Juli\u00e1n Aguirre en Buenos Aires, consaguirre.com. Apasionado por la m\u00fasica y la escritura, me esfuerzo por destacar los talentos y eventos de nuestra prestigiosa instituci\u00f3n. Mi trayectoria se nutre de una profunda admiraci\u00f3n por los artistas, haciendo de cada art\u00edculo una celebraci\u00f3n de la creatividad y la cultura musical.\",\"sameAs\":[\"https:\/\/web.consaguirre.com.ar\/noticias\"]}]}<\/script>\n<!-- \/ Yoast SEO plugin. -->","yoast_head_json":{"title":"Tito Jackson, cantante de los Jackson 5, muere a los 70 a\u00f1os","robots":{"index":"index","follow":"follow","max-snippet":"max-snippet:-1","max-image-preview":"max-image-preview:large","max-video-preview":"max-video-preview:-1"},"canonical":"https:\/\/web.consaguirre.com.ar\/noticias\/tito-jackson-cantante-de-los-jackson-5-muere-a-los-70-anos\/","og_locale":"es_ES","og_type":"article","og_title":"Tito Jackson, cantante de los Jackson 5, muere a los 70 a\u00f1os","og_description":"Tito Jackson, miembro original de la Jackson 5 grupo pop y hermano del fallecido Michael Jacksonfalleci\u00f3 a los 70 a\u00f1os. A\u00fan no se ha determinado","og_url":"https:\/\/web.consaguirre.com.ar\/noticias\/tito-jackson-cantante-de-los-jackson-5-muere-a-los-70-anos\/","og_site_name":"Conservatorio de M\u00fasica Juli\u00e1n Aguirre","article_published_time":"2024-09-17T04:38:47+00:00","article_modified_time":"2024-09-17T04:38:49+00:00","og_image":[{"width":1440,"height":864,"url":"https:\/\/web.consaguirre.com.ar\/noticias\/wp-content\/uploads\/2024\/09\/Tito-Jackson-cantante-de-los-Jackson-5-muere-a-los.jpg","type":"image\/jpeg"}],"author":"Javier Figueroa","twitter_card":"summary_large_image","twitter_misc":{"Escrito por":"Javier Figueroa","Tiempo de lectura":"2 minutos"},"schema":{"@context":"https:\/\/schema.org","@graph":[{"@type":"Article","@id":"https:\/\/web.consaguirre.com.ar\/noticias\/tito-jackson-cantante-de-los-jackson-5-muere-a-los-70-anos\/#article","isPartOf":{"@id":"https:\/\/web.consaguirre.com.ar\/noticias\/tito-jackson-cantante-de-los-jackson-5-muere-a-los-70-anos\/"},"author":{"name":"Javier Figueroa","@id":"https:\/\/web.consaguirre.com.ar\/noticias\/#\/schema\/person\/6558b0cfedee7ddc5425602b237d5722"},"headline":"Tito Jackson, cantante de los Jackson 5, muere a los 70 a\u00f1os","datePublished":"2024-09-17T04:38:47+00:00","dateModified":"2024-09-17T04:38:49+00:00","mainEntityOfPage":{"@id":"https:\/\/web.consaguirre.com.ar\/noticias\/tito-jackson-cantante-de-los-jackson-5-muere-a-los-70-anos\/"},"wordCount":477,"publisher":{"@id":"https:\/\/web.consaguirre.com.ar\/noticias\/#organization"},"image":{"@id":"https:\/\/web.consaguirre.com.ar\/noticias\/tito-jackson-cantante-de-los-jackson-5-muere-a-los-70-anos\/#primaryimage"},"thumbnailUrl":"https:\/\/web.consaguirre.com.ar\/noticias\/wp-content\/uploads\/2024\/09\/Tito-Jackson-cantante-de-los-Jackson-5-muere-a-los.jpg","keywords":["a\u00f1os","cantante","Jackson","los","muere","Tito"],"articleSection":["El \u00faltimo"],"inLanguage":"es-AR"},{"@type":"WebPage","@id":"https:\/\/web.consaguirre.com.ar\/noticias\/tito-jackson-cantante-de-los-jackson-5-muere-a-los-70-anos\/","url":"https:\/\/web.consaguirre.com.ar\/noticias\/tito-jackson-cantante-de-los-jackson-5-muere-a-los-70-anos\/","name":"Tito Jackson, cantante de los Jackson 5, muere a los 70 a\u00f1os","isPartOf":{"@id":"https:\/\/web.consaguirre.com.ar\/noticias\/#website"},"primaryImageOfPage":{"@id":"https:\/\/web.consaguirre.com.ar\/noticias\/tito-jackson-cantante-de-los-jackson-5-muere-a-los-70-anos\/#primaryimage"},"image":{"@id":"https:\/\/web.consaguirre.com.ar\/noticias\/tito-jackson-cantante-de-los-jackson-5-muere-a-los-70-anos\/#primaryimage"},"thumbnailUrl":"https:\/\/web.consaguirre.com.ar\/noticias\/wp-content\/uploads\/2024\/09\/Tito-Jackson-cantante-de-los-Jackson-5-muere-a-los.jpg","datePublished":"2024-09-17T04:38:47+00:00","dateModified":"2024-09-17T04:38:49+00:00","breadcrumb":{"@id":"https:\/\/web.consaguirre.com.ar\/noticias\/tito-jackson-cantante-de-los-jackson-5-muere-a-los-70-anos\/#breadcrumb"},"inLanguage":"es-AR","potentialAction":[{"@type":"ReadAction","target":["https:\/\/web.consaguirre.com.ar\/noticias\/tito-jackson-cantante-de-los-jackson-5-muere-a-los-70-anos\/"]}]},{"@type":"ImageObject","inLanguage":"es-AR","@id":"https:\/\/web.consaguirre.com.ar\/noticias\/tito-jackson-cantante-de-los-jackson-5-muere-a-los-70-anos\/#primaryimage","url":"https:\/\/web.consaguirre.com.ar\/noticias\/wp-content\/uploads\/2024\/09\/Tito-Jackson-cantante-de-los-Jackson-5-muere-a-los.jpg","contentUrl":"https:\/\/web.consaguirre.com.ar\/noticias\/wp-content\/uploads\/2024\/09\/Tito-Jackson-cantante-de-los-Jackson-5-muere-a-los.jpg","width":1440,"height":864,"caption":"Tito-Jackson-Dies-Aged-70"},{"@type":"BreadcrumbList","@id":"https:\/\/web.consaguirre.com.ar\/noticias\/tito-jackson-cantante-de-los-jackson-5-muere-a-los-70-anos\/#breadcrumb","itemListElement":[{"@type":"ListItem","position":1,"name":"Inicio","item":"https:\/\/web.consaguirre.com.ar\/noticias\/"},{"@type":"ListItem","position":2,"name":"Tito Jackson, cantante de los Jackson 5, muere a los 70 a\u00f1os"}]},{"@type":"WebSite","@id":"https:\/\/web.consaguirre.com.ar\/noticias\/#website","url":"https:\/\/web.consaguirre.com.ar\/noticias\/","name":"Conservatorio de M\u00fasica Juli\u00e1n Aguirre","description":"","publisher":{"@id":"https:\/\/web.consaguirre.com.ar\/noticias\/#organization"},"potentialAction":[{"@type":"SearchAction","target":{"@type":"EntryPoint","urlTemplate":"https:\/\/web.consaguirre.com.ar\/noticias\/?s={search_term_string}"},"query-input":"required name=search_term_string"}],"inLanguage":"es-AR"},{"@type":"Organization","@id":"https:\/\/web.consaguirre.com.ar\/noticias\/#organization","name":"Conservatorio de M\u00fasica Juli\u00e1n Aguirre","url":"https:\/\/web.consaguirre.com.ar\/noticias\/","logo":{"@type":"ImageObject","inLanguage":"es-AR","@id":"https:\/\/web.consaguirre.com.ar\/noticias\/#\/schema\/logo\/image\/","url":"https:\/\/web.consaguirre.com.ar\/noticias\/wp-content\/uploads\/2024\/08\/Banner-Aguirre-23.jpg","contentUrl":"https:\/\/web.consaguirre.com.ar\/noticias\/wp-content\/uploads\/2024\/08\/Banner-Aguirre-23.jpg","width":1192,"height":600,"caption":"Conservatorio de M\u00fasica Juli\u00e1n Aguirre"},"image":{"@id":"https:\/\/web.consaguirre.com.ar\/noticias\/#\/schema\/logo\/image\/"}},{"@type":"Person","@id":"https:\/\/web.consaguirre.com.ar\/noticias\/#\/schema\/person\/6558b0cfedee7ddc5425602b237d5722","name":"Javier Figueroa","image":{"@type":"ImageObject","inLanguage":"es-AR","@id":"https:\/\/web.consaguirre.com.ar\/noticias\/#\/schema\/person\/image\/","url":"https:\/\/web.consaguirre.com.ar\/noticias\/wp-content\/uploads\/2024\/08\/Consaguirre-scaled.jpg","contentUrl":"https:\/\/web.consaguirre.com.ar\/noticias\/wp-content\/uploads\/2024\/08\/Consaguirre-scaled.jpg","caption":"Javier Figueroa"},"description":"Me llamo Javier Figueroa y soy redactor para el sitio oficial del Conservatorio de M\u00fasica Juli\u00e1n Aguirre en Buenos Aires, consaguirre.com. Apasionado por la m\u00fasica y la escritura, me esfuerzo por destacar los talentos y eventos de nuestra prestigiosa instituci\u00f3n. Mi trayectoria se nutre de una profunda admiraci\u00f3n por los artistas, haciendo de cada art\u00edculo una celebraci\u00f3n de la creatividad y la cultura musical.","sameAs":["https:\/\/web.consaguirre.com.ar\/noticias"]}]}},"_links":{"self":[{"href":"https:\/\/web.consaguirre.com.ar\/noticias\/wp-json\/wp\/v2\/posts\/603"}],"collection":[{"href":"https:\/\/web.consaguirre.com.ar\/noticias\/wp-json\/wp\/v2\/posts"}],"about":[{"href":"https:\/\/web.consaguirre.com.ar\/noticias\/wp-json\/wp\/v2\/types\/post"}],"author":[{"embeddable":true,"href":"https:\/\/web.consaguirre.com.ar\/noticias\/wp-json\/wp\/v2\/users\/1"}],"replies":[{"embeddable":true,"href":"https:\/\/web.consaguirre.com.ar\/noticias\/wp-json\/wp\/v2\/comments?post=603"}],"version-history":[{"count":1,"href":"https:\/\/web.consaguirre.com.ar\/noticias\/wp-json\/wp\/v2\/posts\/603\/revisions"}],"predecessor-version":[{"id":605,"href":"https:\/\/web.consaguirre.com.ar\/noticias\/wp-json\/wp\/v2\/posts\/603\/revisions\/605"}],"wp:featuredmedia":[{"embeddable":true,"href":"https:\/\/web.consaguirre.com.ar\/noticias\/wp-json\/wp\/v2\/media\/604"}],"wp:attachment":[{"href":"https:\/\/web.consaguirre.com.ar\/noticias\/wp-json\/wp\/v2\/media?parent=603"}],"wp:term":[{"taxonomy":"category","embeddable":true,"href":"https:\/\/web.consaguirre.com.ar\/noticias\/wp-json\/wp\/v2\/categories?post=603"},{"taxonomy":"post_tag","embeddable":true,"href":"https:\/\/web.consaguirre.com.ar\/noticias\/wp-json\/wp\/v2\/tags?post=603"}],"curies":[{"name":"wp","href":"https:\/\/api.w.org\/{rel}","templated":true}]}}