{"id":5889,"date":"2026-05-02T05:39:35","date_gmt":"2026-05-02T08:39:35","guid":{"rendered":"https:\/\/web.consaguirre.com.ar\/noticias\/la-serie-decca-pure-analogue-vinyl-anuncia-mas-reediciones-clasicas\/"},"modified":"2026-05-02T05:39:36","modified_gmt":"2026-05-02T08:39:36","slug":"la-serie-decca-pure-analogue-vinyl-anuncia-mas-reediciones-clasicas","status":"publish","type":"post","link":"https:\/\/web.consaguirre.com.ar\/noticias\/la-serie-decca-pure-analogue-vinyl-anuncia-mas-reediciones-clasicas\/","title":{"rendered":"La serie Decca Pure Analogue Vinyl anuncia m\u00e1s reediciones cl\u00e1sicas"},"content":{"rendered":"<p>Decca ha anunciado m\u00e1s reediciones de m\u00fasica cl\u00e1sica como parte de su serie de vinilos Pure Analogue, que ya est\u00e1n disponibles para su compra. La \u00faltima selecci\u00f3n de t\u00edtulos Decca Pure Analogue incluye:<\/p>\n<p>Filarm\u00f3nica de Los \u00c1ngeles \/ Zubin Mehta \u2013 VAR\u00c8SE: Arcanos; integrales; LP de ionizaci\u00f3n<br \/>\nEste lanzamiento coincide con el 90 cumplea\u00f1os de Zubin Mehta, un director indio de m\u00fasica cl\u00e1sica occidental. Su \u00e1lbum de 1971 de obras orquestales del compositor franco-estadounidense Edgar Var\u00e8se, junto con la Filarm\u00f3nica de Los \u00c1ngeles, fue originalmente elogiado por Gramophone por su \u201cinterpretaci\u00f3n virtuosa\u201d y su \u201cgrabaci\u00f3n ejemplar\u201d.<\/p>\n<div align=\"center\">\n<div class=\"udiscover-store-container\">\n<div id='udiscover-store-three-product'><\/div>\n<\/div>\n<p>\/*<!(CDATA(*\/(function (){var scriptURL='https:\/\/sdks.shopifycdn.com\/buy-button\/latest\/buy-button-storefront.min.js';if(window.ShopifyBuy){if(window.ShopifyBuy.UI){ShopifyBuyInit();}else{loadScript();}}else{loadScript();}funci\u00f3n loadScript(){var script=document.createElement('script');script.async=true;script.src=scriptURL;(document.getElementsByTagName('head')(0)|| document.getElementsByTagName('body')(0)).appendChild(script);script.onload=ShopifyBuyInit;} function ShopifyBuyInit(){var cliente=ShopifyBuy.buildClient({dominio:'udiscover.myshopify.com',storefrontAccessToken: 'bdc89f347d2ce61c1feeb9f8c60b2b98',}); ShopifyBuy.UI.onReady(cliente).luego(funci\u00f3n(ui){ ui.createComponent('productSet',{ id:(7790361837645,7790361804877,7790361870413), nodo:document.getElementById('udiscover-store-tres-productos'), moneyFormat:'%24%7B%7Bamount%7D%7D', opciones:{&quot;producto&quot;:{&quot;marco flotante&quot;:FALSO,&quot;eventos&quot;:{antes deInit:funci\u00f3n(producto){Objeto.defineProperty(producto,&quot;es bot\u00f3n&quot;,{get:function(){return true;}});Object.defineProperty(producto,&quot;opciones&quot;{get:function(){return this.config(this.typeKey);}});var actualOnButtonClick=product.onButtonClick;product.onButtonClick=function(event,target) {event.stopImmediatePropagation();this.options.buttonDestination=&quot;modal&quot;;actualOnButtonClick.call(este,evento,destino);};}},\n&quot;bot\u00f3nDestino&quot;:&quot;modal&quot;,&quot;contenido&quot;:{&quot;opciones&quot;:verdadero},&quot;texto&quot;:{&quot;bot\u00f3n&quot;:&quot;Ordene ahora&quot;,&quot;Agotado&quot;:&quot;Lo sentimos, esto est\u00e1 agotado.&quot;}},&quot;conjunto de productos&quot;:{&quot;marco flotante&quot;:FALSO},&quot;modalProducto&quot;:{&quot;marco flotante&quot;:FALSO,&quot;contenido&quot;:{&quot;imagen&quot;:FALSO,&quot;imgConCarrusel&quot;:verdadero,&quot;bot\u00f3n&quot;:FALSO,&quot;bot\u00f3nConCantidad&quot;:verdadero}},&quot;modal&quot;:{&quot;marco flotante&quot;:FALSO},&quot;opci\u00f3n&quot;:{&quot;marco flotante&quot;:FALSO},&quot;carro&quot;:{&quot;marco flotante&quot;:FALSO},&quot;palanca&quot;:{&quot;marco flotante&quot;:FALSO,&quot;contenido&quot;:{&quot;icono&quot;:FALSO}},&quot;art\u00edculo de l\u00ednea&quot;:{&quot;marco flotante&quot;:FALSO}},}); }); } })(); \/*))>*\/ <\/div>\n<\/p>\n<p>Orquesta Sinf\u00f3nica de la Radio de Baviera \/ Sir Georg Solti \u2013 Richard Strauss: Una sinfon\u00eda alpina (Eine Alpensinfonie) LP<br \/>\nSir Georg Solti, el fallecido director de orquesta y \u00f3pera h\u00fangaro-brit\u00e1nico, grab\u00f3 este disco en 1979 con la Orquesta Sinf\u00f3nica de la Radio de Baviera. Marc\u00f3 una de las \u00faltimas producciones anal\u00f3gicas de Decca antes del cambio a digital. Solti conoc\u00eda personalmente a Richard Strauss y estudi\u00f3 la propia grabaci\u00f3n del compositor alem\u00e1n antes de grabar esta interpretaci\u00f3n en Munich.<\/p>\n<p>Sinf\u00f3nica de San Francisco \/ Seiji Ozawa \u2013 DVO\u0158\u00c1K: Sinfon\u00eda 9 &#8216;Nuevo Mundo&#8217; LP<br \/>\nEl director japon\u00e9s Seiji Ozawa fue venerado internacionalmente por su trabajo como director musical de la Orquesta Sinf\u00f3nica de Toronto, la Sinf\u00f3nica de San Francisco y, en particular, la Orquesta Sinf\u00f3nica de Boston, donde toc\u00f3 durante 29 a\u00f1os. Lleg\u00f3 como director musical de la Sinf\u00f3nica de San Francisco en 1970, y Barack Obama lo describi\u00f3 m\u00e1s tarde: \u201ccon su corte de pelo de trapeador, sus su\u00e9teres de cuello alto y sus cuentas de amor, casi parec\u00eda un Beatle\u201d. Esta grabaci\u00f3n de mayo de 1975 de la Sinfon\u00eda del Nuevo Mundo de Dvo\u0159\u00e1k fue una de las \u00faltimas realizadas cuadraf\u00f3nicamente por Philips y remezclada especialmente para esta reedici\u00f3n.<\/p>\n<p>Concertgebouworkest \/ Bernard Haitink \u2013 MAHLER: Sinfon\u00eda 5; Adagio de 10 2LP<br \/>\nEste conjunto de la Quinta Sinfon\u00eda y el Adagio de la D\u00e9cima proviene del ciclo anal\u00f3gico de Gustav Mahler de Bernard Haitink realizado a finales de los a\u00f1os 1960 y principios de los 1970, que ha sido durante mucho tiempo un elemento b\u00e1sico del cat\u00e1logo de Philips. Esta grabaci\u00f3n de 1970 se realiz\u00f3 de forma cuadraf\u00f3nica en el Concertgebouw de \u00c1msterdam y fue elogiada por Gramophone por tener &#8220;esa claridad especial que proviene de un equilibrio cercano&#8221;.<\/p>\n<p>La serie Decca Pure Analogue presenta las grabaciones m\u00e1s emblem\u00e1ticas de los archivos de Decca y Philips. Todos los lanzamientos de edici\u00f3n limitada de lujo est\u00e1n masterizados por Rainer Maillard y editados por Sidney C. Meyer en los renombrados Emil Berliner Studios de Berl\u00edn, y est\u00e1n impresos en vinilo de 180 g. Cada lanzamiento incluye notas personalizadas de Dominic Fyfe, director de A&#038;R de Decca Classics, que detallan la historia de la grabaci\u00f3n, los antecedentes t\u00e9cnicos y el proceso de masterizaci\u00f3n.<\/p>\n<p><b>Explore la serie Decca Pure Analogue aqu\u00ed.<\/b><\/p>\n","protected":false},"excerpt":{"rendered":"<p>Decca ha anunciado m\u00e1s reediciones de m\u00fasica cl\u00e1sica como parte de su serie de vinilos Pure Analogue, que ya est\u00e1n disponibles para su compra. La<\/p>\n","protected":false},"author":1,"featured_media":5890,"comment_status":"closed","ping_status":"","sticky":false,"template":"","format":"standard","meta":{"footnotes":""},"categories":[50],"tags":[4234,56,1348,1462,707,4233,1347,220,1997],"class_list":["post-5889","post","type-post","status-publish","format-standard","has-post-thumbnail","hentry","category-el-ultimo","tag-analogue","tag-anuncia","tag-clasicas","tag-decca","tag-mas","tag-pure","tag-reediciones","tag-serie","tag-vinyl","generate-columns","tablet-grid-50","mobile-grid-100","grid-parent","grid-50"],"yoast_head":"<!-- This site is optimized with the Yoast SEO plugin v23.3 - https:\/\/yoast.com\/wordpress\/plugins\/seo\/ -->\n<title>La serie Decca Pure Analogue Vinyl anuncia m\u00e1s reediciones cl\u00e1sicas<\/title>\n<meta name=\"robots\" content=\"index, follow, max-snippet:-1, max-image-preview:large, max-video-preview:-1\" \/>\n<link rel=\"canonical\" href=\"https:\/\/web.consaguirre.com.ar\/noticias\/la-serie-decca-pure-analogue-vinyl-anuncia-mas-reediciones-clasicas\/\" \/>\n<meta property=\"og:locale\" content=\"es_ES\" \/>\n<meta property=\"og:type\" content=\"article\" \/>\n<meta property=\"og:title\" content=\"La serie Decca Pure Analogue Vinyl anuncia m\u00e1s reediciones cl\u00e1sicas\" \/>\n<meta property=\"og:description\" content=\"Decca ha anunciado m\u00e1s reediciones de m\u00fasica cl\u00e1sica como parte de su serie de vinilos Pure Analogue, que ya est\u00e1n disponibles para su compra. La\" \/>\n<meta property=\"og:url\" content=\"https:\/\/web.consaguirre.com.ar\/noticias\/la-serie-decca-pure-analogue-vinyl-anuncia-mas-reediciones-clasicas\/\" \/>\n<meta property=\"og:site_name\" content=\"Conservatorio de M\u00fasica Juli\u00e1n Aguirre\" \/>\n<meta property=\"article:published_time\" content=\"2026-05-02T08:39:35+00:00\" \/>\n<meta property=\"article:modified_time\" content=\"2026-05-02T08:39:36+00:00\" \/>\n<meta property=\"og:image\" content=\"https:\/\/web.consaguirre.com.ar\/noticias\/wp-content\/uploads\/2026\/05\/La-serie-Decca-Pure-Analogue-Vinyl-anuncia-mas-reediciones-clasicas.jpg\" \/>\n\t<meta property=\"og:image:width\" content=\"820\" \/>\n\t<meta property=\"og:image:height\" content=\"820\" \/>\n\t<meta property=\"og:image:type\" content=\"image\/jpeg\" \/>\n<meta name=\"author\" content=\"Javier Figueroa\" \/>\n<meta name=\"twitter:card\" content=\"summary_large_image\" \/>\n<meta name=\"twitter:label1\" content=\"Escrito por\" \/>\n\t<meta name=\"twitter:data1\" content=\"Javier Figueroa\" \/>\n\t<meta name=\"twitter:label2\" content=\"Tiempo de lectura\" \/>\n\t<meta name=\"twitter:data2\" content=\"3 minutos\" \/>\n<script type=\"application\/ld+json\" class=\"yoast-schema-graph\">{\"@context\":\"https:\/\/schema.org\",\"@graph\":[{\"@type\":\"Article\",\"@id\":\"https:\/\/web.consaguirre.com.ar\/noticias\/la-serie-decca-pure-analogue-vinyl-anuncia-mas-reediciones-clasicas\/#article\",\"isPartOf\":{\"@id\":\"https:\/\/web.consaguirre.com.ar\/noticias\/la-serie-decca-pure-analogue-vinyl-anuncia-mas-reediciones-clasicas\/\"},\"author\":{\"name\":\"Javier Figueroa\",\"@id\":\"https:\/\/web.consaguirre.com.ar\/noticias\/#\/schema\/person\/6558b0cfedee7ddc5425602b237d5722\"},\"headline\":\"La serie Decca Pure Analogue Vinyl anuncia m\u00e1s reediciones cl\u00e1sicas\",\"datePublished\":\"2026-05-02T08:39:35+00:00\",\"dateModified\":\"2026-05-02T08:39:36+00:00\",\"mainEntityOfPage\":{\"@id\":\"https:\/\/web.consaguirre.com.ar\/noticias\/la-serie-decca-pure-analogue-vinyl-anuncia-mas-reediciones-clasicas\/\"},\"wordCount\":527,\"publisher\":{\"@id\":\"https:\/\/web.consaguirre.com.ar\/noticias\/#organization\"},\"image\":{\"@id\":\"https:\/\/web.consaguirre.com.ar\/noticias\/la-serie-decca-pure-analogue-vinyl-anuncia-mas-reediciones-clasicas\/#primaryimage\"},\"thumbnailUrl\":\"https:\/\/web.consaguirre.com.ar\/noticias\/wp-content\/uploads\/2026\/05\/La-serie-Decca-Pure-Analogue-Vinyl-anuncia-mas-reediciones-clasicas.jpg\",\"keywords\":[\"Analogue\",\"anuncia\",\"cl\u00e1sicas\",\"Decca\",\"m\u00e1s\",\"Pure\",\"reediciones\",\"serie\",\"Vinyl\"],\"articleSection\":[\"El \u00faltimo\"],\"inLanguage\":\"es-AR\"},{\"@type\":\"WebPage\",\"@id\":\"https:\/\/web.consaguirre.com.ar\/noticias\/la-serie-decca-pure-analogue-vinyl-anuncia-mas-reediciones-clasicas\/\",\"url\":\"https:\/\/web.consaguirre.com.ar\/noticias\/la-serie-decca-pure-analogue-vinyl-anuncia-mas-reediciones-clasicas\/\",\"name\":\"La serie Decca Pure Analogue Vinyl anuncia m\u00e1s reediciones cl\u00e1sicas\",\"isPartOf\":{\"@id\":\"https:\/\/web.consaguirre.com.ar\/noticias\/#website\"},\"primaryImageOfPage\":{\"@id\":\"https:\/\/web.consaguirre.com.ar\/noticias\/la-serie-decca-pure-analogue-vinyl-anuncia-mas-reediciones-clasicas\/#primaryimage\"},\"image\":{\"@id\":\"https:\/\/web.consaguirre.com.ar\/noticias\/la-serie-decca-pure-analogue-vinyl-anuncia-mas-reediciones-clasicas\/#primaryimage\"},\"thumbnailUrl\":\"https:\/\/web.consaguirre.com.ar\/noticias\/wp-content\/uploads\/2026\/05\/La-serie-Decca-Pure-Analogue-Vinyl-anuncia-mas-reediciones-clasicas.jpg\",\"datePublished\":\"2026-05-02T08:39:35+00:00\",\"dateModified\":\"2026-05-02T08:39:36+00:00\",\"breadcrumb\":{\"@id\":\"https:\/\/web.consaguirre.com.ar\/noticias\/la-serie-decca-pure-analogue-vinyl-anuncia-mas-reediciones-clasicas\/#breadcrumb\"},\"inLanguage\":\"es-AR\",\"potentialAction\":[{\"@type\":\"ReadAction\",\"target\":[\"https:\/\/web.consaguirre.com.ar\/noticias\/la-serie-decca-pure-analogue-vinyl-anuncia-mas-reediciones-clasicas\/\"]}]},{\"@type\":\"ImageObject\",\"inLanguage\":\"es-AR\",\"@id\":\"https:\/\/web.consaguirre.com.ar\/noticias\/la-serie-decca-pure-analogue-vinyl-anuncia-mas-reediciones-clasicas\/#primaryimage\",\"url\":\"https:\/\/web.consaguirre.com.ar\/noticias\/wp-content\/uploads\/2026\/05\/La-serie-Decca-Pure-Analogue-Vinyl-anuncia-mas-reediciones-clasicas.jpg\",\"contentUrl\":\"https:\/\/web.consaguirre.com.ar\/noticias\/wp-content\/uploads\/2026\/05\/La-serie-Decca-Pure-Analogue-Vinyl-anuncia-mas-reediciones-clasicas.jpg\",\"width\":820,\"height\":820,\"caption\":\"Bavarian Radio Symphony Orchestra album cover\"},{\"@type\":\"BreadcrumbList\",\"@id\":\"https:\/\/web.consaguirre.com.ar\/noticias\/la-serie-decca-pure-analogue-vinyl-anuncia-mas-reediciones-clasicas\/#breadcrumb\",\"itemListElement\":[{\"@type\":\"ListItem\",\"position\":1,\"name\":\"Inicio\",\"item\":\"https:\/\/web.consaguirre.com.ar\/noticias\/\"},{\"@type\":\"ListItem\",\"position\":2,\"name\":\"La serie Decca Pure Analogue Vinyl anuncia m\u00e1s reediciones cl\u00e1sicas\"}]},{\"@type\":\"WebSite\",\"@id\":\"https:\/\/web.consaguirre.com.ar\/noticias\/#website\",\"url\":\"https:\/\/web.consaguirre.com.ar\/noticias\/\",\"name\":\"Conservatorio de M\u00fasica Juli\u00e1n Aguirre\",\"description\":\"\",\"publisher\":{\"@id\":\"https:\/\/web.consaguirre.com.ar\/noticias\/#organization\"},\"potentialAction\":[{\"@type\":\"SearchAction\",\"target\":{\"@type\":\"EntryPoint\",\"urlTemplate\":\"https:\/\/web.consaguirre.com.ar\/noticias\/?s={search_term_string}\"},\"query-input\":\"required name=search_term_string\"}],\"inLanguage\":\"es-AR\"},{\"@type\":\"Organization\",\"@id\":\"https:\/\/web.consaguirre.com.ar\/noticias\/#organization\",\"name\":\"Conservatorio de M\u00fasica Juli\u00e1n Aguirre\",\"url\":\"https:\/\/web.consaguirre.com.ar\/noticias\/\",\"logo\":{\"@type\":\"ImageObject\",\"inLanguage\":\"es-AR\",\"@id\":\"https:\/\/web.consaguirre.com.ar\/noticias\/#\/schema\/logo\/image\/\",\"url\":\"https:\/\/web.consaguirre.com.ar\/noticias\/wp-content\/uploads\/2024\/08\/Banner-Aguirre-23.jpg\",\"contentUrl\":\"https:\/\/web.consaguirre.com.ar\/noticias\/wp-content\/uploads\/2024\/08\/Banner-Aguirre-23.jpg\",\"width\":1192,\"height\":600,\"caption\":\"Conservatorio de M\u00fasica Juli\u00e1n Aguirre\"},\"image\":{\"@id\":\"https:\/\/web.consaguirre.com.ar\/noticias\/#\/schema\/logo\/image\/\"}},{\"@type\":\"Person\",\"@id\":\"https:\/\/web.consaguirre.com.ar\/noticias\/#\/schema\/person\/6558b0cfedee7ddc5425602b237d5722\",\"name\":\"Javier Figueroa\",\"image\":{\"@type\":\"ImageObject\",\"inLanguage\":\"es-AR\",\"@id\":\"https:\/\/web.consaguirre.com.ar\/noticias\/#\/schema\/person\/image\/\",\"url\":\"https:\/\/web.consaguirre.com.ar\/noticias\/wp-content\/uploads\/2024\/08\/Consaguirre-scaled.jpg\",\"contentUrl\":\"https:\/\/web.consaguirre.com.ar\/noticias\/wp-content\/uploads\/2024\/08\/Consaguirre-scaled.jpg\",\"caption\":\"Javier Figueroa\"},\"description\":\"Me llamo Javier Figueroa y soy redactor para el sitio oficial del Conservatorio de M\u00fasica Juli\u00e1n Aguirre en Buenos Aires, consaguirre.com. Apasionado por la m\u00fasica y la escritura, me esfuerzo por destacar los talentos y eventos de nuestra prestigiosa instituci\u00f3n. Mi trayectoria se nutre de una profunda admiraci\u00f3n por los artistas, haciendo de cada art\u00edculo una celebraci\u00f3n de la creatividad y la cultura musical.\",\"sameAs\":[\"https:\/\/web.consaguirre.com.ar\/noticias\"]}]}<\/script>\n<!-- \/ Yoast SEO plugin. -->","yoast_head_json":{"title":"La serie Decca Pure Analogue Vinyl anuncia m\u00e1s reediciones cl\u00e1sicas","robots":{"index":"index","follow":"follow","max-snippet":"max-snippet:-1","max-image-preview":"max-image-preview:large","max-video-preview":"max-video-preview:-1"},"canonical":"https:\/\/web.consaguirre.com.ar\/noticias\/la-serie-decca-pure-analogue-vinyl-anuncia-mas-reediciones-clasicas\/","og_locale":"es_ES","og_type":"article","og_title":"La serie Decca Pure Analogue Vinyl anuncia m\u00e1s reediciones cl\u00e1sicas","og_description":"Decca ha anunciado m\u00e1s reediciones de m\u00fasica cl\u00e1sica como parte de su serie de vinilos Pure Analogue, que ya est\u00e1n disponibles para su compra. La","og_url":"https:\/\/web.consaguirre.com.ar\/noticias\/la-serie-decca-pure-analogue-vinyl-anuncia-mas-reediciones-clasicas\/","og_site_name":"Conservatorio de M\u00fasica Juli\u00e1n Aguirre","article_published_time":"2026-05-02T08:39:35+00:00","article_modified_time":"2026-05-02T08:39:36+00:00","og_image":[{"width":820,"height":820,"url":"https:\/\/web.consaguirre.com.ar\/noticias\/wp-content\/uploads\/2026\/05\/La-serie-Decca-Pure-Analogue-Vinyl-anuncia-mas-reediciones-clasicas.jpg","type":"image\/jpeg"}],"author":"Javier Figueroa","twitter_card":"summary_large_image","twitter_misc":{"Escrito por":"Javier Figueroa","Tiempo de lectura":"3 minutos"},"schema":{"@context":"https:\/\/schema.org","@graph":[{"@type":"Article","@id":"https:\/\/web.consaguirre.com.ar\/noticias\/la-serie-decca-pure-analogue-vinyl-anuncia-mas-reediciones-clasicas\/#article","isPartOf":{"@id":"https:\/\/web.consaguirre.com.ar\/noticias\/la-serie-decca-pure-analogue-vinyl-anuncia-mas-reediciones-clasicas\/"},"author":{"name":"Javier Figueroa","@id":"https:\/\/web.consaguirre.com.ar\/noticias\/#\/schema\/person\/6558b0cfedee7ddc5425602b237d5722"},"headline":"La serie Decca Pure Analogue Vinyl anuncia m\u00e1s reediciones cl\u00e1sicas","datePublished":"2026-05-02T08:39:35+00:00","dateModified":"2026-05-02T08:39:36+00:00","mainEntityOfPage":{"@id":"https:\/\/web.consaguirre.com.ar\/noticias\/la-serie-decca-pure-analogue-vinyl-anuncia-mas-reediciones-clasicas\/"},"wordCount":527,"publisher":{"@id":"https:\/\/web.consaguirre.com.ar\/noticias\/#organization"},"image":{"@id":"https:\/\/web.consaguirre.com.ar\/noticias\/la-serie-decca-pure-analogue-vinyl-anuncia-mas-reediciones-clasicas\/#primaryimage"},"thumbnailUrl":"https:\/\/web.consaguirre.com.ar\/noticias\/wp-content\/uploads\/2026\/05\/La-serie-Decca-Pure-Analogue-Vinyl-anuncia-mas-reediciones-clasicas.jpg","keywords":["Analogue","anuncia","cl\u00e1sicas","Decca","m\u00e1s","Pure","reediciones","serie","Vinyl"],"articleSection":["El \u00faltimo"],"inLanguage":"es-AR"},{"@type":"WebPage","@id":"https:\/\/web.consaguirre.com.ar\/noticias\/la-serie-decca-pure-analogue-vinyl-anuncia-mas-reediciones-clasicas\/","url":"https:\/\/web.consaguirre.com.ar\/noticias\/la-serie-decca-pure-analogue-vinyl-anuncia-mas-reediciones-clasicas\/","name":"La serie Decca Pure Analogue Vinyl anuncia m\u00e1s reediciones cl\u00e1sicas","isPartOf":{"@id":"https:\/\/web.consaguirre.com.ar\/noticias\/#website"},"primaryImageOfPage":{"@id":"https:\/\/web.consaguirre.com.ar\/noticias\/la-serie-decca-pure-analogue-vinyl-anuncia-mas-reediciones-clasicas\/#primaryimage"},"image":{"@id":"https:\/\/web.consaguirre.com.ar\/noticias\/la-serie-decca-pure-analogue-vinyl-anuncia-mas-reediciones-clasicas\/#primaryimage"},"thumbnailUrl":"https:\/\/web.consaguirre.com.ar\/noticias\/wp-content\/uploads\/2026\/05\/La-serie-Decca-Pure-Analogue-Vinyl-anuncia-mas-reediciones-clasicas.jpg","datePublished":"2026-05-02T08:39:35+00:00","dateModified":"2026-05-02T08:39:36+00:00","breadcrumb":{"@id":"https:\/\/web.consaguirre.com.ar\/noticias\/la-serie-decca-pure-analogue-vinyl-anuncia-mas-reediciones-clasicas\/#breadcrumb"},"inLanguage":"es-AR","potentialAction":[{"@type":"ReadAction","target":["https:\/\/web.consaguirre.com.ar\/noticias\/la-serie-decca-pure-analogue-vinyl-anuncia-mas-reediciones-clasicas\/"]}]},{"@type":"ImageObject","inLanguage":"es-AR","@id":"https:\/\/web.consaguirre.com.ar\/noticias\/la-serie-decca-pure-analogue-vinyl-anuncia-mas-reediciones-clasicas\/#primaryimage","url":"https:\/\/web.consaguirre.com.ar\/noticias\/wp-content\/uploads\/2026\/05\/La-serie-Decca-Pure-Analogue-Vinyl-anuncia-mas-reediciones-clasicas.jpg","contentUrl":"https:\/\/web.consaguirre.com.ar\/noticias\/wp-content\/uploads\/2026\/05\/La-serie-Decca-Pure-Analogue-Vinyl-anuncia-mas-reediciones-clasicas.jpg","width":820,"height":820,"caption":"Bavarian Radio Symphony Orchestra album cover"},{"@type":"BreadcrumbList","@id":"https:\/\/web.consaguirre.com.ar\/noticias\/la-serie-decca-pure-analogue-vinyl-anuncia-mas-reediciones-clasicas\/#breadcrumb","itemListElement":[{"@type":"ListItem","position":1,"name":"Inicio","item":"https:\/\/web.consaguirre.com.ar\/noticias\/"},{"@type":"ListItem","position":2,"name":"La serie Decca Pure Analogue Vinyl anuncia m\u00e1s reediciones cl\u00e1sicas"}]},{"@type":"WebSite","@id":"https:\/\/web.consaguirre.com.ar\/noticias\/#website","url":"https:\/\/web.consaguirre.com.ar\/noticias\/","name":"Conservatorio de M\u00fasica Juli\u00e1n Aguirre","description":"","publisher":{"@id":"https:\/\/web.consaguirre.com.ar\/noticias\/#organization"},"potentialAction":[{"@type":"SearchAction","target":{"@type":"EntryPoint","urlTemplate":"https:\/\/web.consaguirre.com.ar\/noticias\/?s={search_term_string}"},"query-input":"required name=search_term_string"}],"inLanguage":"es-AR"},{"@type":"Organization","@id":"https:\/\/web.consaguirre.com.ar\/noticias\/#organization","name":"Conservatorio de M\u00fasica Juli\u00e1n Aguirre","url":"https:\/\/web.consaguirre.com.ar\/noticias\/","logo":{"@type":"ImageObject","inLanguage":"es-AR","@id":"https:\/\/web.consaguirre.com.ar\/noticias\/#\/schema\/logo\/image\/","url":"https:\/\/web.consaguirre.com.ar\/noticias\/wp-content\/uploads\/2024\/08\/Banner-Aguirre-23.jpg","contentUrl":"https:\/\/web.consaguirre.com.ar\/noticias\/wp-content\/uploads\/2024\/08\/Banner-Aguirre-23.jpg","width":1192,"height":600,"caption":"Conservatorio de M\u00fasica Juli\u00e1n Aguirre"},"image":{"@id":"https:\/\/web.consaguirre.com.ar\/noticias\/#\/schema\/logo\/image\/"}},{"@type":"Person","@id":"https:\/\/web.consaguirre.com.ar\/noticias\/#\/schema\/person\/6558b0cfedee7ddc5425602b237d5722","name":"Javier Figueroa","image":{"@type":"ImageObject","inLanguage":"es-AR","@id":"https:\/\/web.consaguirre.com.ar\/noticias\/#\/schema\/person\/image\/","url":"https:\/\/web.consaguirre.com.ar\/noticias\/wp-content\/uploads\/2024\/08\/Consaguirre-scaled.jpg","contentUrl":"https:\/\/web.consaguirre.com.ar\/noticias\/wp-content\/uploads\/2024\/08\/Consaguirre-scaled.jpg","caption":"Javier Figueroa"},"description":"Me llamo Javier Figueroa y soy redactor para el sitio oficial del Conservatorio de M\u00fasica Juli\u00e1n Aguirre en Buenos Aires, consaguirre.com. Apasionado por la m\u00fasica y la escritura, me esfuerzo por destacar los talentos y eventos de nuestra prestigiosa instituci\u00f3n. Mi trayectoria se nutre de una profunda admiraci\u00f3n por los artistas, haciendo de cada art\u00edculo una celebraci\u00f3n de la creatividad y la cultura musical.","sameAs":["https:\/\/web.consaguirre.com.ar\/noticias"]}]}},"_links":{"self":[{"href":"https:\/\/web.consaguirre.com.ar\/noticias\/wp-json\/wp\/v2\/posts\/5889"}],"collection":[{"href":"https:\/\/web.consaguirre.com.ar\/noticias\/wp-json\/wp\/v2\/posts"}],"about":[{"href":"https:\/\/web.consaguirre.com.ar\/noticias\/wp-json\/wp\/v2\/types\/post"}],"author":[{"embeddable":true,"href":"https:\/\/web.consaguirre.com.ar\/noticias\/wp-json\/wp\/v2\/users\/1"}],"replies":[{"embeddable":true,"href":"https:\/\/web.consaguirre.com.ar\/noticias\/wp-json\/wp\/v2\/comments?post=5889"}],"version-history":[{"count":1,"href":"https:\/\/web.consaguirre.com.ar\/noticias\/wp-json\/wp\/v2\/posts\/5889\/revisions"}],"predecessor-version":[{"id":5891,"href":"https:\/\/web.consaguirre.com.ar\/noticias\/wp-json\/wp\/v2\/posts\/5889\/revisions\/5891"}],"wp:featuredmedia":[{"embeddable":true,"href":"https:\/\/web.consaguirre.com.ar\/noticias\/wp-json\/wp\/v2\/media\/5890"}],"wp:attachment":[{"href":"https:\/\/web.consaguirre.com.ar\/noticias\/wp-json\/wp\/v2\/media?parent=5889"}],"wp:term":[{"taxonomy":"category","embeddable":true,"href":"https:\/\/web.consaguirre.com.ar\/noticias\/wp-json\/wp\/v2\/categories?post=5889"},{"taxonomy":"post_tag","embeddable":true,"href":"https:\/\/web.consaguirre.com.ar\/noticias\/wp-json\/wp\/v2\/tags?post=5889"}],"curies":[{"name":"wp","href":"https:\/\/api.w.org\/{rel}","templated":true}]}}