{"id":5878,"date":"2026-05-01T17:38:25","date_gmt":"2026-05-01T20:38:25","guid":{"rendered":"https:\/\/web.consaguirre.com.ar\/noticias\/olivia-rodrigo-anuncia-la-gira-unraveled\/"},"modified":"2026-05-01T17:38:26","modified_gmt":"2026-05-01T20:38:26","slug":"olivia-rodrigo-anuncia-la-gira-unraveled","status":"publish","type":"post","link":"https:\/\/web.consaguirre.com.ar\/noticias\/olivia-rodrigo-anuncia-la-gira-unraveled\/","title":{"rendered":"Olivia Rodrigo anuncia la gira Unraveled"},"content":{"rendered":"<p>Olivia Rodrigo ha anunciado su gira internacional The Unraveled Tour, una serie masiva de 65 fechas que llegar\u00e1 a escenarios de Am\u00e9rica del Norte, el Reino Unido y Europa entre el 25 de septiembre y el 2 de mayo de 2027.<\/p>\n<p>Presentando su pr\u00f3ximo tercer \u00e1lbum de estudio, <em>Pareces bastante triste para una chica tan enamorada.<\/em>que se estrenar\u00e1 el 12 de junio, Rodrigo tambi\u00e9n anunci\u00f3 los teloneros para fechas seleccionadas: la lista incluye a Devon Again, Die Spitz, Grace Ives, The Last Dinner Party y Wolf Alice. Esta ser\u00e1 la tercera gira mundial de Rodrigo y contar\u00e1 con residencias prolongadas de varias noches en el Intuit Dome de Los \u00c1ngeles, el Barclays Center de Brooklyn y el O2 de Londres.<\/p>\n<div align=\"center\">\n<div class=\"udiscover-store-container\">\n<div id='udiscover-store-two-product'><\/div>\n<\/div>\n<p>\/*<!(CDATA(*\/(function (){var scriptURL='https:\/\/sdks.shopifycdn.com\/buy-button\/latest\/buy-button-storefront.min.js';if(window.ShopifyBuy){if(window.ShopifyBuy.UI){ShopifyBuyInit();}else{loadScript();}}else{loadScript();}funci\u00f3n loadScript(){var script=document.createElement('script');script.async=true;script.src=scriptURL;(document.getElementsByTagName('head')(0)|| document.getElementsByTagName('body')(0)).appendChild(script);script.onload=ShopifyBuyInit;} function ShopifyBuyInit(){var cliente=ShopifyBuy.buildClient({dominio:'udiscover.myshopify.com',storefrontAccessToken: 'bdc89f347d2ce61c1feeb9f8c60b2b98',}); ShopifyBuy.UI.onReady(cliente).luego(funci\u00f3n(ui){ ui.createComponent('productSet',{ id:(7764258521165,7764258685005), nodo:document.getElementById('udiscover-store-two-product'), moneyFormat:'%24%7B%7Bamount%7D%7D', opciones:{&quot;producto&quot;:{&quot;marco flotante&quot;:FALSO,&quot;eventos&quot;:{antes deInit:funci\u00f3n(producto){Objeto.defineProperty(producto,&quot;es bot\u00f3n&quot;,{get:function(){return true;}});Object.defineProperty(producto,&quot;opciones&quot;{get:function(){return this.config(this.typeKey);}});var actualOnButtonClick=product.onButtonClick;product.onButtonClick=function(event,target) {event.stopImmediatePropagation();this.options.buttonDestination=&quot;modal&quot;;actualOnButtonClick.call(este,evento,destino);};}},\n&quot;bot\u00f3nDestino&quot;:&quot;modal&quot;,&quot;contenido&quot;:{&quot;opciones&quot;:verdadero},&quot;texto&quot;:{&quot;bot\u00f3n&quot;:&quot;Ordene ahora&quot;,&quot;Agotado&quot;:&quot;Lo sentimos, esto est\u00e1 agotado.&quot;}},&quot;conjunto de productos&quot;:{&quot;marco flotante&quot;:FALSO},&quot;modalProducto&quot;:{&quot;marco flotante&quot;:FALSO,&quot;contenido&quot;:{&quot;imagen&quot;:FALSO,&quot;imgConCarrusel&quot;:verdadero,&quot;bot\u00f3n&quot;:FALSO,&quot;bot\u00f3nConCantidad&quot;:verdadero}},&quot;modal&quot;:{&quot;marco flotante&quot;:FALSO},&quot;opci\u00f3n&quot;:{&quot;marco flotante&quot;:FALSO},&quot;carro&quot;:{&quot;marco flotante&quot;:FALSO},&quot;palanca&quot;:{&quot;marco flotante&quot;:FALSO,&quot;contenido&quot;:{&quot;icono&quot;:FALSO}},&quot;art\u00edculo de l\u00ednea&quot;:{&quot;marco flotante&quot;:FALSO}},}); }); } })(); \/*))>*\/ <\/div>\n<\/p>\n<p>Cuando se le pregunt\u00f3 sobre la idea detr\u00e1s del \u00e1lbum, Rodrigo dijo <em>Vogue brit\u00e1nica<\/em> que todas sus \u201ccanciones de amor rom\u00e1nticas favoritas eran hermosas porque ten\u00edan un matiz de miedo o anhelo\u201d. \u201cdrop dead\u201d, el primer sencillo del \u00e1lbum, deja entrever esa feliz melancol\u00eda. Lanzada originalmente el 17 de abril, la canci\u00f3n debut\u00f3 junto con un v\u00eddeo musical dirigido por su colaboradora frecuente Petra Collins y filmado en Versalles.<\/p>\n<div class=\"uD-YT-container\"><img decoding=\"async\" src=\"https:\/\/web.consaguirre.com.ar\/noticias\/wp-content\/uploads\/2026\/05\/Olivia-Rodrigo-anuncia-la-gira-Unraveled.jpg\" alt=\"V\u00eddeo de YouTube\"><br \/>Haga clic para cargar v\u00eddeo<\/div>\n<p>Rodrigo lanz\u00f3 su m\u00e1s reciente \u00e1lbum, <em>V\u00cdSCERAS<\/em>en 2023. Apoy\u00f3 el disco con una extensa gira mundial que se desarroll\u00f3 desde febrero de 2024 hasta julio de 2025. Cuando concluy\u00f3, era la gira principal m\u00e1s exitosa de cualquier artista nacido en el siglo XXI. Vendi\u00f3 100 espect\u00e1culos y registr\u00f3 un total de 1,6 millones de asistentes en todas las fechas.<\/p>\n<p>Anoche Rodrigo apareci\u00f3 en <em>El show de esta noche con Jimmy Fallon<\/em>y har\u00e1 su debut como anfitriona con una doble funci\u00f3n en <em>S\u00e1bado noche en vivo<\/em> este fin de semana del 2 de mayo.<\/p>\n<p><b>Explore la m\u00fasica de Olivia Rodrigo en vinilos y CD de edici\u00f3n limitada aqu\u00ed.<\/b><\/p>\n","protected":false},"excerpt":{"rendered":"<p>Olivia Rodrigo ha anunciado su gira internacional The Unraveled Tour, una serie masiva de 65 fechas que llegar\u00e1 a escenarios de Am\u00e9rica del Norte, el<\/p>\n","protected":false},"author":1,"featured_media":5547,"comment_status":"closed","ping_status":"","sticky":false,"template":"","format":"standard","meta":{"footnotes":""},"categories":[50],"tags":[56,492,877,878,4228],"class_list":["post-5878","post","type-post","status-publish","format-standard","has-post-thumbnail","hentry","category-el-ultimo","tag-anuncia","tag-gira","tag-olivia","tag-rodrigo","tag-unraveled","generate-columns","tablet-grid-50","mobile-grid-100","grid-parent","grid-50"],"yoast_head":"<!-- This site is optimized with the Yoast SEO plugin v23.3 - https:\/\/yoast.com\/wordpress\/plugins\/seo\/ -->\n<title>Olivia Rodrigo anuncia la gira Unraveled<\/title>\n<meta name=\"robots\" content=\"index, follow, max-snippet:-1, max-image-preview:large, max-video-preview:-1\" \/>\n<link rel=\"canonical\" href=\"https:\/\/web.consaguirre.com.ar\/noticias\/olivia-rodrigo-anuncia-la-gira-unraveled\/\" \/>\n<meta property=\"og:locale\" content=\"es_ES\" \/>\n<meta property=\"og:type\" content=\"article\" \/>\n<meta property=\"og:title\" content=\"Olivia Rodrigo anuncia la gira Unraveled\" \/>\n<meta property=\"og:description\" content=\"Olivia Rodrigo ha anunciado su gira internacional The Unraveled Tour, una serie masiva de 65 fechas que llegar\u00e1 a escenarios de Am\u00e9rica del Norte, el\" \/>\n<meta property=\"og:url\" content=\"https:\/\/web.consaguirre.com.ar\/noticias\/olivia-rodrigo-anuncia-la-gira-unraveled\/\" \/>\n<meta property=\"og:site_name\" content=\"Conservatorio de M\u00fasica Juli\u00e1n Aguirre\" \/>\n<meta property=\"article:published_time\" content=\"2026-05-01T20:38:25+00:00\" \/>\n<meta property=\"article:modified_time\" content=\"2026-05-01T20:38:26+00:00\" \/>\n<meta property=\"og:image\" content=\"https:\/\/web.consaguirre.com.ar\/noticias\/wp-content\/uploads\/2026\/04\/Olivia-Rodrigo-anuncia-nuevo-album-Pareces-bastante-triste-para-una.jpg\" \/>\n\t<meta property=\"og:image:width\" content=\"820\" \/>\n\t<meta property=\"og:image:height\" content=\"820\" \/>\n\t<meta property=\"og:image:type\" content=\"image\/jpeg\" \/>\n<meta name=\"author\" content=\"Javier Figueroa\" \/>\n<meta name=\"twitter:card\" content=\"summary_large_image\" \/>\n<meta name=\"twitter:label1\" content=\"Escrito por\" \/>\n\t<meta name=\"twitter:data1\" content=\"Javier Figueroa\" \/>\n\t<meta name=\"twitter:label2\" content=\"Tiempo de lectura\" \/>\n\t<meta name=\"twitter:data2\" content=\"2 minutos\" \/>\n<script type=\"application\/ld+json\" class=\"yoast-schema-graph\">{\"@context\":\"https:\/\/schema.org\",\"@graph\":[{\"@type\":\"Article\",\"@id\":\"https:\/\/web.consaguirre.com.ar\/noticias\/olivia-rodrigo-anuncia-la-gira-unraveled\/#article\",\"isPartOf\":{\"@id\":\"https:\/\/web.consaguirre.com.ar\/noticias\/olivia-rodrigo-anuncia-la-gira-unraveled\/\"},\"author\":{\"name\":\"Javier Figueroa\",\"@id\":\"https:\/\/web.consaguirre.com.ar\/noticias\/#\/schema\/person\/6558b0cfedee7ddc5425602b237d5722\"},\"headline\":\"Olivia Rodrigo anuncia la gira Unraveled\",\"datePublished\":\"2026-05-01T20:38:25+00:00\",\"dateModified\":\"2026-05-01T20:38:26+00:00\",\"mainEntityOfPage\":{\"@id\":\"https:\/\/web.consaguirre.com.ar\/noticias\/olivia-rodrigo-anuncia-la-gira-unraveled\/\"},\"wordCount\":315,\"publisher\":{\"@id\":\"https:\/\/web.consaguirre.com.ar\/noticias\/#organization\"},\"image\":{\"@id\":\"https:\/\/web.consaguirre.com.ar\/noticias\/olivia-rodrigo-anuncia-la-gira-unraveled\/#primaryimage\"},\"thumbnailUrl\":\"https:\/\/web.consaguirre.com.ar\/noticias\/wp-content\/uploads\/2026\/04\/Olivia-Rodrigo-anuncia-nuevo-album-Pareces-bastante-triste-para-una.jpg\",\"keywords\":[\"anuncia\",\"gira\",\"Olivia\",\"Rodrigo\",\"Unraveled\"],\"articleSection\":[\"El \u00faltimo\"],\"inLanguage\":\"es-AR\"},{\"@type\":\"WebPage\",\"@id\":\"https:\/\/web.consaguirre.com.ar\/noticias\/olivia-rodrigo-anuncia-la-gira-unraveled\/\",\"url\":\"https:\/\/web.consaguirre.com.ar\/noticias\/olivia-rodrigo-anuncia-la-gira-unraveled\/\",\"name\":\"Olivia Rodrigo anuncia la gira Unraveled\",\"isPartOf\":{\"@id\":\"https:\/\/web.consaguirre.com.ar\/noticias\/#website\"},\"primaryImageOfPage\":{\"@id\":\"https:\/\/web.consaguirre.com.ar\/noticias\/olivia-rodrigo-anuncia-la-gira-unraveled\/#primaryimage\"},\"image\":{\"@id\":\"https:\/\/web.consaguirre.com.ar\/noticias\/olivia-rodrigo-anuncia-la-gira-unraveled\/#primaryimage\"},\"thumbnailUrl\":\"https:\/\/web.consaguirre.com.ar\/noticias\/wp-content\/uploads\/2026\/04\/Olivia-Rodrigo-anuncia-nuevo-album-Pareces-bastante-triste-para-una.jpg\",\"datePublished\":\"2026-05-01T20:38:25+00:00\",\"dateModified\":\"2026-05-01T20:38:26+00:00\",\"breadcrumb\":{\"@id\":\"https:\/\/web.consaguirre.com.ar\/noticias\/olivia-rodrigo-anuncia-la-gira-unraveled\/#breadcrumb\"},\"inLanguage\":\"es-AR\",\"potentialAction\":[{\"@type\":\"ReadAction\",\"target\":[\"https:\/\/web.consaguirre.com.ar\/noticias\/olivia-rodrigo-anuncia-la-gira-unraveled\/\"]}]},{\"@type\":\"ImageObject\",\"inLanguage\":\"es-AR\",\"@id\":\"https:\/\/web.consaguirre.com.ar\/noticias\/olivia-rodrigo-anuncia-la-gira-unraveled\/#primaryimage\",\"url\":\"https:\/\/web.consaguirre.com.ar\/noticias\/wp-content\/uploads\/2026\/04\/Olivia-Rodrigo-anuncia-nuevo-album-Pareces-bastante-triste-para-una.jpg\",\"contentUrl\":\"https:\/\/web.consaguirre.com.ar\/noticias\/wp-content\/uploads\/2026\/04\/Olivia-Rodrigo-anuncia-nuevo-album-Pareces-bastante-triste-para-una.jpg\",\"width\":820,\"height\":820,\"caption\":\"Olivia Rodrigo You Seem Pretty Sad\"},{\"@type\":\"BreadcrumbList\",\"@id\":\"https:\/\/web.consaguirre.com.ar\/noticias\/olivia-rodrigo-anuncia-la-gira-unraveled\/#breadcrumb\",\"itemListElement\":[{\"@type\":\"ListItem\",\"position\":1,\"name\":\"Inicio\",\"item\":\"https:\/\/web.consaguirre.com.ar\/noticias\/\"},{\"@type\":\"ListItem\",\"position\":2,\"name\":\"Olivia Rodrigo anuncia la gira Unraveled\"}]},{\"@type\":\"WebSite\",\"@id\":\"https:\/\/web.consaguirre.com.ar\/noticias\/#website\",\"url\":\"https:\/\/web.consaguirre.com.ar\/noticias\/\",\"name\":\"Conservatorio de M\u00fasica Juli\u00e1n Aguirre\",\"description\":\"\",\"publisher\":{\"@id\":\"https:\/\/web.consaguirre.com.ar\/noticias\/#organization\"},\"potentialAction\":[{\"@type\":\"SearchAction\",\"target\":{\"@type\":\"EntryPoint\",\"urlTemplate\":\"https:\/\/web.consaguirre.com.ar\/noticias\/?s={search_term_string}\"},\"query-input\":\"required name=search_term_string\"}],\"inLanguage\":\"es-AR\"},{\"@type\":\"Organization\",\"@id\":\"https:\/\/web.consaguirre.com.ar\/noticias\/#organization\",\"name\":\"Conservatorio de M\u00fasica Juli\u00e1n Aguirre\",\"url\":\"https:\/\/web.consaguirre.com.ar\/noticias\/\",\"logo\":{\"@type\":\"ImageObject\",\"inLanguage\":\"es-AR\",\"@id\":\"https:\/\/web.consaguirre.com.ar\/noticias\/#\/schema\/logo\/image\/\",\"url\":\"https:\/\/web.consaguirre.com.ar\/noticias\/wp-content\/uploads\/2024\/08\/Banner-Aguirre-23.jpg\",\"contentUrl\":\"https:\/\/web.consaguirre.com.ar\/noticias\/wp-content\/uploads\/2024\/08\/Banner-Aguirre-23.jpg\",\"width\":1192,\"height\":600,\"caption\":\"Conservatorio de M\u00fasica Juli\u00e1n Aguirre\"},\"image\":{\"@id\":\"https:\/\/web.consaguirre.com.ar\/noticias\/#\/schema\/logo\/image\/\"}},{\"@type\":\"Person\",\"@id\":\"https:\/\/web.consaguirre.com.ar\/noticias\/#\/schema\/person\/6558b0cfedee7ddc5425602b237d5722\",\"name\":\"Javier Figueroa\",\"image\":{\"@type\":\"ImageObject\",\"inLanguage\":\"es-AR\",\"@id\":\"https:\/\/web.consaguirre.com.ar\/noticias\/#\/schema\/person\/image\/\",\"url\":\"https:\/\/web.consaguirre.com.ar\/noticias\/wp-content\/uploads\/2024\/08\/Consaguirre-scaled.jpg\",\"contentUrl\":\"https:\/\/web.consaguirre.com.ar\/noticias\/wp-content\/uploads\/2024\/08\/Consaguirre-scaled.jpg\",\"caption\":\"Javier Figueroa\"},\"description\":\"Me llamo Javier Figueroa y soy redactor para el sitio oficial del Conservatorio de M\u00fasica Juli\u00e1n Aguirre en Buenos Aires, consaguirre.com. Apasionado por la m\u00fasica y la escritura, me esfuerzo por destacar los talentos y eventos de nuestra prestigiosa instituci\u00f3n. Mi trayectoria se nutre de una profunda admiraci\u00f3n por los artistas, haciendo de cada art\u00edculo una celebraci\u00f3n de la creatividad y la cultura musical.\",\"sameAs\":[\"https:\/\/web.consaguirre.com.ar\/noticias\"]}]}<\/script>\n<!-- \/ Yoast SEO plugin. -->","yoast_head_json":{"title":"Olivia Rodrigo anuncia la gira Unraveled","robots":{"index":"index","follow":"follow","max-snippet":"max-snippet:-1","max-image-preview":"max-image-preview:large","max-video-preview":"max-video-preview:-1"},"canonical":"https:\/\/web.consaguirre.com.ar\/noticias\/olivia-rodrigo-anuncia-la-gira-unraveled\/","og_locale":"es_ES","og_type":"article","og_title":"Olivia Rodrigo anuncia la gira Unraveled","og_description":"Olivia Rodrigo ha anunciado su gira internacional The Unraveled Tour, una serie masiva de 65 fechas que llegar\u00e1 a escenarios de Am\u00e9rica del Norte, el","og_url":"https:\/\/web.consaguirre.com.ar\/noticias\/olivia-rodrigo-anuncia-la-gira-unraveled\/","og_site_name":"Conservatorio de M\u00fasica Juli\u00e1n Aguirre","article_published_time":"2026-05-01T20:38:25+00:00","article_modified_time":"2026-05-01T20:38:26+00:00","og_image":[{"width":820,"height":820,"url":"https:\/\/web.consaguirre.com.ar\/noticias\/wp-content\/uploads\/2026\/04\/Olivia-Rodrigo-anuncia-nuevo-album-Pareces-bastante-triste-para-una.jpg","type":"image\/jpeg"}],"author":"Javier Figueroa","twitter_card":"summary_large_image","twitter_misc":{"Escrito por":"Javier Figueroa","Tiempo de lectura":"2 minutos"},"schema":{"@context":"https:\/\/schema.org","@graph":[{"@type":"Article","@id":"https:\/\/web.consaguirre.com.ar\/noticias\/olivia-rodrigo-anuncia-la-gira-unraveled\/#article","isPartOf":{"@id":"https:\/\/web.consaguirre.com.ar\/noticias\/olivia-rodrigo-anuncia-la-gira-unraveled\/"},"author":{"name":"Javier Figueroa","@id":"https:\/\/web.consaguirre.com.ar\/noticias\/#\/schema\/person\/6558b0cfedee7ddc5425602b237d5722"},"headline":"Olivia Rodrigo anuncia la gira Unraveled","datePublished":"2026-05-01T20:38:25+00:00","dateModified":"2026-05-01T20:38:26+00:00","mainEntityOfPage":{"@id":"https:\/\/web.consaguirre.com.ar\/noticias\/olivia-rodrigo-anuncia-la-gira-unraveled\/"},"wordCount":315,"publisher":{"@id":"https:\/\/web.consaguirre.com.ar\/noticias\/#organization"},"image":{"@id":"https:\/\/web.consaguirre.com.ar\/noticias\/olivia-rodrigo-anuncia-la-gira-unraveled\/#primaryimage"},"thumbnailUrl":"https:\/\/web.consaguirre.com.ar\/noticias\/wp-content\/uploads\/2026\/04\/Olivia-Rodrigo-anuncia-nuevo-album-Pareces-bastante-triste-para-una.jpg","keywords":["anuncia","gira","Olivia","Rodrigo","Unraveled"],"articleSection":["El \u00faltimo"],"inLanguage":"es-AR"},{"@type":"WebPage","@id":"https:\/\/web.consaguirre.com.ar\/noticias\/olivia-rodrigo-anuncia-la-gira-unraveled\/","url":"https:\/\/web.consaguirre.com.ar\/noticias\/olivia-rodrigo-anuncia-la-gira-unraveled\/","name":"Olivia Rodrigo anuncia la gira Unraveled","isPartOf":{"@id":"https:\/\/web.consaguirre.com.ar\/noticias\/#website"},"primaryImageOfPage":{"@id":"https:\/\/web.consaguirre.com.ar\/noticias\/olivia-rodrigo-anuncia-la-gira-unraveled\/#primaryimage"},"image":{"@id":"https:\/\/web.consaguirre.com.ar\/noticias\/olivia-rodrigo-anuncia-la-gira-unraveled\/#primaryimage"},"thumbnailUrl":"https:\/\/web.consaguirre.com.ar\/noticias\/wp-content\/uploads\/2026\/04\/Olivia-Rodrigo-anuncia-nuevo-album-Pareces-bastante-triste-para-una.jpg","datePublished":"2026-05-01T20:38:25+00:00","dateModified":"2026-05-01T20:38:26+00:00","breadcrumb":{"@id":"https:\/\/web.consaguirre.com.ar\/noticias\/olivia-rodrigo-anuncia-la-gira-unraveled\/#breadcrumb"},"inLanguage":"es-AR","potentialAction":[{"@type":"ReadAction","target":["https:\/\/web.consaguirre.com.ar\/noticias\/olivia-rodrigo-anuncia-la-gira-unraveled\/"]}]},{"@type":"ImageObject","inLanguage":"es-AR","@id":"https:\/\/web.consaguirre.com.ar\/noticias\/olivia-rodrigo-anuncia-la-gira-unraveled\/#primaryimage","url":"https:\/\/web.consaguirre.com.ar\/noticias\/wp-content\/uploads\/2026\/04\/Olivia-Rodrigo-anuncia-nuevo-album-Pareces-bastante-triste-para-una.jpg","contentUrl":"https:\/\/web.consaguirre.com.ar\/noticias\/wp-content\/uploads\/2026\/04\/Olivia-Rodrigo-anuncia-nuevo-album-Pareces-bastante-triste-para-una.jpg","width":820,"height":820,"caption":"Olivia Rodrigo You Seem Pretty Sad"},{"@type":"BreadcrumbList","@id":"https:\/\/web.consaguirre.com.ar\/noticias\/olivia-rodrigo-anuncia-la-gira-unraveled\/#breadcrumb","itemListElement":[{"@type":"ListItem","position":1,"name":"Inicio","item":"https:\/\/web.consaguirre.com.ar\/noticias\/"},{"@type":"ListItem","position":2,"name":"Olivia Rodrigo anuncia la gira Unraveled"}]},{"@type":"WebSite","@id":"https:\/\/web.consaguirre.com.ar\/noticias\/#website","url":"https:\/\/web.consaguirre.com.ar\/noticias\/","name":"Conservatorio de M\u00fasica Juli\u00e1n Aguirre","description":"","publisher":{"@id":"https:\/\/web.consaguirre.com.ar\/noticias\/#organization"},"potentialAction":[{"@type":"SearchAction","target":{"@type":"EntryPoint","urlTemplate":"https:\/\/web.consaguirre.com.ar\/noticias\/?s={search_term_string}"},"query-input":"required name=search_term_string"}],"inLanguage":"es-AR"},{"@type":"Organization","@id":"https:\/\/web.consaguirre.com.ar\/noticias\/#organization","name":"Conservatorio de M\u00fasica Juli\u00e1n Aguirre","url":"https:\/\/web.consaguirre.com.ar\/noticias\/","logo":{"@type":"ImageObject","inLanguage":"es-AR","@id":"https:\/\/web.consaguirre.com.ar\/noticias\/#\/schema\/logo\/image\/","url":"https:\/\/web.consaguirre.com.ar\/noticias\/wp-content\/uploads\/2024\/08\/Banner-Aguirre-23.jpg","contentUrl":"https:\/\/web.consaguirre.com.ar\/noticias\/wp-content\/uploads\/2024\/08\/Banner-Aguirre-23.jpg","width":1192,"height":600,"caption":"Conservatorio de M\u00fasica Juli\u00e1n Aguirre"},"image":{"@id":"https:\/\/web.consaguirre.com.ar\/noticias\/#\/schema\/logo\/image\/"}},{"@type":"Person","@id":"https:\/\/web.consaguirre.com.ar\/noticias\/#\/schema\/person\/6558b0cfedee7ddc5425602b237d5722","name":"Javier Figueroa","image":{"@type":"ImageObject","inLanguage":"es-AR","@id":"https:\/\/web.consaguirre.com.ar\/noticias\/#\/schema\/person\/image\/","url":"https:\/\/web.consaguirre.com.ar\/noticias\/wp-content\/uploads\/2024\/08\/Consaguirre-scaled.jpg","contentUrl":"https:\/\/web.consaguirre.com.ar\/noticias\/wp-content\/uploads\/2024\/08\/Consaguirre-scaled.jpg","caption":"Javier Figueroa"},"description":"Me llamo Javier Figueroa y soy redactor para el sitio oficial del Conservatorio de M\u00fasica Juli\u00e1n Aguirre en Buenos Aires, consaguirre.com. Apasionado por la m\u00fasica y la escritura, me esfuerzo por destacar los talentos y eventos de nuestra prestigiosa instituci\u00f3n. Mi trayectoria se nutre de una profunda admiraci\u00f3n por los artistas, haciendo de cada art\u00edculo una celebraci\u00f3n de la creatividad y la cultura musical.","sameAs":["https:\/\/web.consaguirre.com.ar\/noticias"]}]}},"_links":{"self":[{"href":"https:\/\/web.consaguirre.com.ar\/noticias\/wp-json\/wp\/v2\/posts\/5878"}],"collection":[{"href":"https:\/\/web.consaguirre.com.ar\/noticias\/wp-json\/wp\/v2\/posts"}],"about":[{"href":"https:\/\/web.consaguirre.com.ar\/noticias\/wp-json\/wp\/v2\/types\/post"}],"author":[{"embeddable":true,"href":"https:\/\/web.consaguirre.com.ar\/noticias\/wp-json\/wp\/v2\/users\/1"}],"replies":[{"embeddable":true,"href":"https:\/\/web.consaguirre.com.ar\/noticias\/wp-json\/wp\/v2\/comments?post=5878"}],"version-history":[{"count":1,"href":"https:\/\/web.consaguirre.com.ar\/noticias\/wp-json\/wp\/v2\/posts\/5878\/revisions"}],"predecessor-version":[{"id":5879,"href":"https:\/\/web.consaguirre.com.ar\/noticias\/wp-json\/wp\/v2\/posts\/5878\/revisions\/5879"}],"wp:featuredmedia":[{"embeddable":true,"href":"https:\/\/web.consaguirre.com.ar\/noticias\/wp-json\/wp\/v2\/media\/5547"}],"wp:attachment":[{"href":"https:\/\/web.consaguirre.com.ar\/noticias\/wp-json\/wp\/v2\/media?parent=5878"}],"wp:term":[{"taxonomy":"category","embeddable":true,"href":"https:\/\/web.consaguirre.com.ar\/noticias\/wp-json\/wp\/v2\/categories?post=5878"},{"taxonomy":"post_tag","embeddable":true,"href":"https:\/\/web.consaguirre.com.ar\/noticias\/wp-json\/wp\/v2\/tags?post=5878"}],"curies":[{"name":"wp","href":"https:\/\/api.w.org\/{rel}","templated":true}]}}