{"id":5875,"date":"2026-05-01T14:38:14","date_gmt":"2026-05-01T17:38:14","guid":{"rendered":"https:\/\/web.consaguirre.com.ar\/noticias\/elmiene-se-une-a-baby-rose-para-la-nueva-version-de-honour\/"},"modified":"2026-05-01T14:38:15","modified_gmt":"2026-05-01T17:38:15","slug":"elmiene-se-une-a-baby-rose-para-la-nueva-version-de-honour","status":"publish","type":"post","link":"https:\/\/web.consaguirre.com.ar\/noticias\/elmiene-se-une-a-baby-rose-para-la-nueva-version-de-honour\/","title":{"rendered":"Elmiene se une a Baby Rose para la nueva versi\u00f3n de &#8216;Honour&#8217;"},"content":{"rendered":"<p>El vocalista y compositor brit\u00e1nico-sudan\u00e9s Elmiene ha presentado una nueva versi\u00f3n de su sencillo \u201cHonour\u201d, esta vez con la estrella en ascenso del soul de Atlanta, Baby Rose. La colaboraci\u00f3n llega junto con el comienzo de la gira norteamericana de Elmiene, que comenz\u00f3 el 30 de abril en Detroit y se extender\u00e1 hasta el 31 de mayo en Los \u00c1ngeles. A finales de este a\u00f1o, Elmiene traer\u00e1 su gira de regreso a Europa y cerrar\u00e1 en el Eventim Apollo de Londres el 8 de diciembre.<\/p>\n<div align='center'>\n<div class=\"udiscover-store-container\">\n<div id='udiscover-store-one-product'><\/div>\n<\/div>\n<p>\/*<!(CDATA(*\/(function (){var scriptURL='https:\/\/sdks.shopifycdn.com\/buy-button\/latest\/buy-button-storefront.min.js';if(window.ShopifyBuy){if(window.ShopifyBuy.UI){ShopifyBuyInit();}else{loadScript();}}else{loadScript();}funci\u00f3n loadScript(){var script=document.createElement('script');script.async=true;script.src=scriptURL;(document.getElementsByTagName('head')(0)|| document.getElementsByTagName('body')(0)).appendChild(script);script.onload=ShopifyBuyInit;} function ShopifyBuyInit(){var cliente=ShopifyBuy.buildClient({dominio:'udiscover.myshopify.com',storefrontAccessToken: 'bdc89f347d2ce61c1feeb9f8c60b2b98',}); ShopifyBuy.UI.onReady(cliente).luego(funci\u00f3n(ui){ ui.createComponent('producto',{ id:(7684846420045), nodo:document.getElementById('udiscover-store-one-product'), moneyFormat:'%24%7B%7Bamount%7D%7D', opciones:{&quot;producto&quot;:{&quot;marco flotante&quot;:FALSO,&quot;eventos&quot;:{antes deInit:funci\u00f3n(producto){Objeto.defineProperty(producto,&quot;es bot\u00f3n&quot;,{get:function(){return true;}});Object.defineProperty(producto,&quot;opciones&quot;{get:function(){return this.config(this.typeKey);}});var actualOnButtonClick=product.onButtonClick;product.onButtonClick=function(event,target) {event.stopImmediatePropagation();this.options.buttonDestination=&quot;modal&quot;;actualOnButtonClick.call(este,evento,destino);};}},\n&quot;bot\u00f3nDestino&quot;:&quot;modal&quot;,&quot;contenido&quot;:{&quot;opciones&quot;:verdadero},&quot;texto&quot;:{&quot;bot\u00f3n&quot;:&quot;Ordene ahora&quot;,&quot;Agotado&quot;:&quot;Lo sentimos, esto est\u00e1 agotado.&quot;}},&quot;conjunto de productos&quot;:{&quot;marco flotante&quot;:FALSO},&quot;modalProducto&quot;:{&quot;marco flotante&quot;:FALSO,&quot;contenido&quot;:{&quot;imagen&quot;:FALSO,&quot;imgConCarrusel&quot;:verdadero,&quot;bot\u00f3n&quot;:FALSO,&quot;bot\u00f3nConCantidad&quot;:verdadero}},&quot;modal&quot;:{&quot;marco flotante&quot;:FALSO},&quot;opci\u00f3n&quot;:{&quot;marco flotante&quot;:FALSO},&quot;carro&quot;:{&quot;marco flotante&quot;:FALSO},&quot;palanca&quot;:{&quot;marco flotante&quot;:FALSO,&quot;contenido&quot;:{&quot;icono&quot;:FALSO}},&quot;art\u00edculo de l\u00ednea&quot;:{&quot;marco flotante&quot;:FALSO}},}); }); } })(); \/*))>*\/ <\/div>\n<\/p>\n<p>Tomado del \u00e1lbum debut de 12 pistas de Elmiene. <em>suena para alguien<\/em>que lanz\u00f3 en marzo, la reelaboraci\u00f3n de \u201cHonour\u201d marca la primera canci\u00f3n de los dos artistas juntos. Sin embargo, no es la primera vez que Elmiene reelabora uno de sus propios lanzamientos; anteriormente modific\u00f3 su mixtape de 2025. <em>Calienta las calles<\/em> en un EP de remezcla, <em>Calienta las calles un poco m\u00e1s<\/em>. Comparti\u00f3 sus EP destacados, <em>El-Mean<\/em> y <em>Marcando mi tiempo<\/em>en 2023, y les seguir\u00e1 un flujo constante de lanzamientos a lo largo de 2024, incluidos dos \u00e1lbumes en vivo y otro EP de remezclas con reelaboraciones de Timbaland, Blxst y m\u00e1s. Tambi\u00e9n ha colaborado con gente como Syd, Stormzy, ASAP Ferg y Lil Silva a lo largo de los a\u00f1os.<\/p>\n<p>Baby Rose, que no es ajena a los duetos, se consolid\u00f3 como una fuerza emergente del soul contempor\u00e1neo al trabajar con artistas como Georgia Ann Muldrow, BADBADNOTGOOD y, m\u00e1s recientemente, Leon Thomas. Tambi\u00e9n ha estado asociada durante mucho tiempo con el sello Dreamville de J Cole, apareciendo en la compilaci\u00f3n de 2019. <em>La venganza de los so\u00f1adores III<\/em> y telonero de Ari Lennox en su gira Shea Butter Baby el mismo a\u00f1o. Ella comparti\u00f3 su LP de larga duraci\u00f3n m\u00e1s reciente, <em>Por los cuatro costados<\/em>en 2023.<\/p>\n<div class=\"uD-YT-container\"><img decoding=\"async\" src=\"https:\/\/web.consaguirre.com.ar\/noticias\/wp-content\/uploads\/2026\/05\/1777657094_955_Elmiene-se-une-a-Baby-Rose-para-la-nueva-version.jpg\" alt=\"V\u00eddeo de YouTube\"><br \/>Haga clic para cargar v\u00eddeo<\/div>\n<p>Seg\u00fan un comunicado de prensa, el debut de Elmiene <em>suena para alguien<\/em> recorre &#8220;dos d\u00e9cadas de pruebas y triunfos familiares que han moldeado profundamente la visi\u00f3n personal del mundo y el sentido de s\u00ed misma de Elmiene&#8221;. Cuenta con la producci\u00f3n de Sampha y los ganadores del premio GRAMMY No ID y Raphael Saadiq, este \u00faltimo tambi\u00e9n aparece como invitado. Desde su lanzamiento, el disco ha obtenido elogios de la cr\u00edtica, lo que le vali\u00f3 a Elmiene nominaciones a Mejor Actuaci\u00f3n de R&#038;B\/Soul y Mejor Actuaci\u00f3n Masculina en los Premios MOBO 2026, y Mejor Artista Nuevo en los Premios NAACP Image Awards 2026. Otro sencillo clave, \u201cReclusive\u201d, ha recibido m\u00e1s de 13 millones de reproducciones en todas las plataformas.<\/p>\n<p><b>Escuche \u201cHonor\u201d aqu\u00ed.<\/b><\/p>\n","protected":false},"excerpt":{"rendered":"<p>El vocalista y compositor brit\u00e1nico-sudan\u00e9s Elmiene ha presentado una nueva versi\u00f3n de su sencillo \u201cHonour\u201d, esta vez con la estrella en ascenso del soul de<\/p>\n","protected":false},"author":1,"featured_media":5876,"comment_status":"closed","ping_status":"","sticky":false,"template":"","format":"standard","meta":{"footnotes":""},"categories":[50],"tags":[63,1364,4227,116,154,2209,455,977],"class_list":["post-5875","post","type-post","status-publish","format-standard","has-post-thumbnail","hentry","category-el-ultimo","tag-baby","tag-elmiene","tag-honour","tag-nueva","tag-para","tag-rose","tag-une","tag-version","generate-columns","tablet-grid-50","mobile-grid-100","grid-parent","grid-50"],"yoast_head":"<!-- This site is optimized with the Yoast SEO plugin v23.3 - https:\/\/yoast.com\/wordpress\/plugins\/seo\/ -->\n<title>Elmiene se une a Baby Rose para la nueva versi\u00f3n de &#039;Honour&#039;<\/title>\n<meta name=\"robots\" content=\"index, follow, max-snippet:-1, max-image-preview:large, max-video-preview:-1\" \/>\n<link rel=\"canonical\" href=\"https:\/\/web.consaguirre.com.ar\/noticias\/elmiene-se-une-a-baby-rose-para-la-nueva-version-de-honour\/\" \/>\n<meta property=\"og:locale\" content=\"es_ES\" \/>\n<meta property=\"og:type\" content=\"article\" \/>\n<meta property=\"og:title\" content=\"Elmiene se une a Baby Rose para la nueva versi\u00f3n de &#039;Honour&#039;\" \/>\n<meta property=\"og:description\" content=\"El vocalista y compositor brit\u00e1nico-sudan\u00e9s Elmiene ha presentado una nueva versi\u00f3n de su sencillo \u201cHonour\u201d, esta vez con la estrella en ascenso del soul de\" \/>\n<meta property=\"og:url\" content=\"https:\/\/web.consaguirre.com.ar\/noticias\/elmiene-se-une-a-baby-rose-para-la-nueva-version-de-honour\/\" \/>\n<meta property=\"og:site_name\" content=\"Conservatorio de M\u00fasica Juli\u00e1n Aguirre\" \/>\n<meta property=\"article:published_time\" content=\"2026-05-01T17:38:14+00:00\" \/>\n<meta property=\"article:modified_time\" content=\"2026-05-01T17:38:15+00:00\" \/>\n<meta property=\"og:image\" content=\"https:\/\/web.consaguirre.com.ar\/noticias\/wp-content\/uploads\/2026\/05\/1777657095_Elmiene-se-une-a-Baby-Rose-para-la-nueva-version.jpg\" \/>\n\t<meta property=\"og:image:width\" content=\"820\" \/>\n\t<meta property=\"og:image:height\" content=\"820\" \/>\n\t<meta property=\"og:image:type\" content=\"image\/jpeg\" \/>\n<meta name=\"author\" content=\"Javier Figueroa\" \/>\n<meta name=\"twitter:card\" content=\"summary_large_image\" \/>\n<meta name=\"twitter:label1\" content=\"Escrito por\" \/>\n\t<meta name=\"twitter:data1\" content=\"Javier Figueroa\" \/>\n\t<meta name=\"twitter:label2\" content=\"Tiempo de lectura\" \/>\n\t<meta name=\"twitter:data2\" content=\"2 minutos\" \/>\n<script type=\"application\/ld+json\" class=\"yoast-schema-graph\">{\"@context\":\"https:\/\/schema.org\",\"@graph\":[{\"@type\":\"Article\",\"@id\":\"https:\/\/web.consaguirre.com.ar\/noticias\/elmiene-se-une-a-baby-rose-para-la-nueva-version-de-honour\/#article\",\"isPartOf\":{\"@id\":\"https:\/\/web.consaguirre.com.ar\/noticias\/elmiene-se-une-a-baby-rose-para-la-nueva-version-de-honour\/\"},\"author\":{\"name\":\"Javier Figueroa\",\"@id\":\"https:\/\/web.consaguirre.com.ar\/noticias\/#\/schema\/person\/6558b0cfedee7ddc5425602b237d5722\"},\"headline\":\"Elmiene se une a Baby Rose para la nueva versi\u00f3n de &#8216;Honour&#8217;\",\"datePublished\":\"2026-05-01T17:38:14+00:00\",\"dateModified\":\"2026-05-01T17:38:15+00:00\",\"mainEntityOfPage\":{\"@id\":\"https:\/\/web.consaguirre.com.ar\/noticias\/elmiene-se-une-a-baby-rose-para-la-nueva-version-de-honour\/\"},\"wordCount\":452,\"publisher\":{\"@id\":\"https:\/\/web.consaguirre.com.ar\/noticias\/#organization\"},\"image\":{\"@id\":\"https:\/\/web.consaguirre.com.ar\/noticias\/elmiene-se-une-a-baby-rose-para-la-nueva-version-de-honour\/#primaryimage\"},\"thumbnailUrl\":\"https:\/\/web.consaguirre.com.ar\/noticias\/wp-content\/uploads\/2026\/05\/1777657095_Elmiene-se-une-a-Baby-Rose-para-la-nueva-version.jpg\",\"keywords\":[\"Baby\",\"Elmiene\",\"Honour\",\"nueva\",\"para\",\"Rose\",\"une\",\"versi\u00f3n\"],\"articleSection\":[\"El \u00faltimo\"],\"inLanguage\":\"es-AR\"},{\"@type\":\"WebPage\",\"@id\":\"https:\/\/web.consaguirre.com.ar\/noticias\/elmiene-se-une-a-baby-rose-para-la-nueva-version-de-honour\/\",\"url\":\"https:\/\/web.consaguirre.com.ar\/noticias\/elmiene-se-une-a-baby-rose-para-la-nueva-version-de-honour\/\",\"name\":\"Elmiene se une a Baby Rose para la nueva versi\u00f3n de 'Honour'\",\"isPartOf\":{\"@id\":\"https:\/\/web.consaguirre.com.ar\/noticias\/#website\"},\"primaryImageOfPage\":{\"@id\":\"https:\/\/web.consaguirre.com.ar\/noticias\/elmiene-se-une-a-baby-rose-para-la-nueva-version-de-honour\/#primaryimage\"},\"image\":{\"@id\":\"https:\/\/web.consaguirre.com.ar\/noticias\/elmiene-se-une-a-baby-rose-para-la-nueva-version-de-honour\/#primaryimage\"},\"thumbnailUrl\":\"https:\/\/web.consaguirre.com.ar\/noticias\/wp-content\/uploads\/2026\/05\/1777657095_Elmiene-se-une-a-Baby-Rose-para-la-nueva-version.jpg\",\"datePublished\":\"2026-05-01T17:38:14+00:00\",\"dateModified\":\"2026-05-01T17:38:15+00:00\",\"breadcrumb\":{\"@id\":\"https:\/\/web.consaguirre.com.ar\/noticias\/elmiene-se-une-a-baby-rose-para-la-nueva-version-de-honour\/#breadcrumb\"},\"inLanguage\":\"es-AR\",\"potentialAction\":[{\"@type\":\"ReadAction\",\"target\":[\"https:\/\/web.consaguirre.com.ar\/noticias\/elmiene-se-une-a-baby-rose-para-la-nueva-version-de-honour\/\"]}]},{\"@type\":\"ImageObject\",\"inLanguage\":\"es-AR\",\"@id\":\"https:\/\/web.consaguirre.com.ar\/noticias\/elmiene-se-une-a-baby-rose-para-la-nueva-version-de-honour\/#primaryimage\",\"url\":\"https:\/\/web.consaguirre.com.ar\/noticias\/wp-content\/uploads\/2026\/05\/1777657095_Elmiene-se-une-a-Baby-Rose-para-la-nueva-version.jpg\",\"contentUrl\":\"https:\/\/web.consaguirre.com.ar\/noticias\/wp-content\/uploads\/2026\/05\/1777657095_Elmiene-se-une-a-Baby-Rose-para-la-nueva-version.jpg\",\"width\":820,\"height\":820,\"caption\":\"Elmiene Baby Rose Honour\"},{\"@type\":\"BreadcrumbList\",\"@id\":\"https:\/\/web.consaguirre.com.ar\/noticias\/elmiene-se-une-a-baby-rose-para-la-nueva-version-de-honour\/#breadcrumb\",\"itemListElement\":[{\"@type\":\"ListItem\",\"position\":1,\"name\":\"Inicio\",\"item\":\"https:\/\/web.consaguirre.com.ar\/noticias\/\"},{\"@type\":\"ListItem\",\"position\":2,\"name\":\"Elmiene se une a Baby Rose para la nueva versi\u00f3n de &#8216;Honour&#8217;\"}]},{\"@type\":\"WebSite\",\"@id\":\"https:\/\/web.consaguirre.com.ar\/noticias\/#website\",\"url\":\"https:\/\/web.consaguirre.com.ar\/noticias\/\",\"name\":\"Conservatorio de M\u00fasica Juli\u00e1n Aguirre\",\"description\":\"\",\"publisher\":{\"@id\":\"https:\/\/web.consaguirre.com.ar\/noticias\/#organization\"},\"potentialAction\":[{\"@type\":\"SearchAction\",\"target\":{\"@type\":\"EntryPoint\",\"urlTemplate\":\"https:\/\/web.consaguirre.com.ar\/noticias\/?s={search_term_string}\"},\"query-input\":\"required name=search_term_string\"}],\"inLanguage\":\"es-AR\"},{\"@type\":\"Organization\",\"@id\":\"https:\/\/web.consaguirre.com.ar\/noticias\/#organization\",\"name\":\"Conservatorio de M\u00fasica Juli\u00e1n Aguirre\",\"url\":\"https:\/\/web.consaguirre.com.ar\/noticias\/\",\"logo\":{\"@type\":\"ImageObject\",\"inLanguage\":\"es-AR\",\"@id\":\"https:\/\/web.consaguirre.com.ar\/noticias\/#\/schema\/logo\/image\/\",\"url\":\"https:\/\/web.consaguirre.com.ar\/noticias\/wp-content\/uploads\/2024\/08\/Banner-Aguirre-23.jpg\",\"contentUrl\":\"https:\/\/web.consaguirre.com.ar\/noticias\/wp-content\/uploads\/2024\/08\/Banner-Aguirre-23.jpg\",\"width\":1192,\"height\":600,\"caption\":\"Conservatorio de M\u00fasica Juli\u00e1n Aguirre\"},\"image\":{\"@id\":\"https:\/\/web.consaguirre.com.ar\/noticias\/#\/schema\/logo\/image\/\"}},{\"@type\":\"Person\",\"@id\":\"https:\/\/web.consaguirre.com.ar\/noticias\/#\/schema\/person\/6558b0cfedee7ddc5425602b237d5722\",\"name\":\"Javier Figueroa\",\"image\":{\"@type\":\"ImageObject\",\"inLanguage\":\"es-AR\",\"@id\":\"https:\/\/web.consaguirre.com.ar\/noticias\/#\/schema\/person\/image\/\",\"url\":\"https:\/\/web.consaguirre.com.ar\/noticias\/wp-content\/uploads\/2024\/08\/Consaguirre-scaled.jpg\",\"contentUrl\":\"https:\/\/web.consaguirre.com.ar\/noticias\/wp-content\/uploads\/2024\/08\/Consaguirre-scaled.jpg\",\"caption\":\"Javier Figueroa\"},\"description\":\"Me llamo Javier Figueroa y soy redactor para el sitio oficial del Conservatorio de M\u00fasica Juli\u00e1n Aguirre en Buenos Aires, consaguirre.com. Apasionado por la m\u00fasica y la escritura, me esfuerzo por destacar los talentos y eventos de nuestra prestigiosa instituci\u00f3n. Mi trayectoria se nutre de una profunda admiraci\u00f3n por los artistas, haciendo de cada art\u00edculo una celebraci\u00f3n de la creatividad y la cultura musical.\",\"sameAs\":[\"https:\/\/web.consaguirre.com.ar\/noticias\"]}]}<\/script>\n<!-- \/ Yoast SEO plugin. -->","yoast_head_json":{"title":"Elmiene se une a Baby Rose para la nueva versi\u00f3n de 'Honour'","robots":{"index":"index","follow":"follow","max-snippet":"max-snippet:-1","max-image-preview":"max-image-preview:large","max-video-preview":"max-video-preview:-1"},"canonical":"https:\/\/web.consaguirre.com.ar\/noticias\/elmiene-se-une-a-baby-rose-para-la-nueva-version-de-honour\/","og_locale":"es_ES","og_type":"article","og_title":"Elmiene se une a Baby Rose para la nueva versi\u00f3n de 'Honour'","og_description":"El vocalista y compositor brit\u00e1nico-sudan\u00e9s Elmiene ha presentado una nueva versi\u00f3n de su sencillo \u201cHonour\u201d, esta vez con la estrella en ascenso del soul de","og_url":"https:\/\/web.consaguirre.com.ar\/noticias\/elmiene-se-une-a-baby-rose-para-la-nueva-version-de-honour\/","og_site_name":"Conservatorio de M\u00fasica Juli\u00e1n Aguirre","article_published_time":"2026-05-01T17:38:14+00:00","article_modified_time":"2026-05-01T17:38:15+00:00","og_image":[{"width":820,"height":820,"url":"https:\/\/web.consaguirre.com.ar\/noticias\/wp-content\/uploads\/2026\/05\/1777657095_Elmiene-se-une-a-Baby-Rose-para-la-nueva-version.jpg","type":"image\/jpeg"}],"author":"Javier Figueroa","twitter_card":"summary_large_image","twitter_misc":{"Escrito por":"Javier Figueroa","Tiempo de lectura":"2 minutos"},"schema":{"@context":"https:\/\/schema.org","@graph":[{"@type":"Article","@id":"https:\/\/web.consaguirre.com.ar\/noticias\/elmiene-se-une-a-baby-rose-para-la-nueva-version-de-honour\/#article","isPartOf":{"@id":"https:\/\/web.consaguirre.com.ar\/noticias\/elmiene-se-une-a-baby-rose-para-la-nueva-version-de-honour\/"},"author":{"name":"Javier Figueroa","@id":"https:\/\/web.consaguirre.com.ar\/noticias\/#\/schema\/person\/6558b0cfedee7ddc5425602b237d5722"},"headline":"Elmiene se une a Baby Rose para la nueva versi\u00f3n de &#8216;Honour&#8217;","datePublished":"2026-05-01T17:38:14+00:00","dateModified":"2026-05-01T17:38:15+00:00","mainEntityOfPage":{"@id":"https:\/\/web.consaguirre.com.ar\/noticias\/elmiene-se-une-a-baby-rose-para-la-nueva-version-de-honour\/"},"wordCount":452,"publisher":{"@id":"https:\/\/web.consaguirre.com.ar\/noticias\/#organization"},"image":{"@id":"https:\/\/web.consaguirre.com.ar\/noticias\/elmiene-se-une-a-baby-rose-para-la-nueva-version-de-honour\/#primaryimage"},"thumbnailUrl":"https:\/\/web.consaguirre.com.ar\/noticias\/wp-content\/uploads\/2026\/05\/1777657095_Elmiene-se-une-a-Baby-Rose-para-la-nueva-version.jpg","keywords":["Baby","Elmiene","Honour","nueva","para","Rose","une","versi\u00f3n"],"articleSection":["El \u00faltimo"],"inLanguage":"es-AR"},{"@type":"WebPage","@id":"https:\/\/web.consaguirre.com.ar\/noticias\/elmiene-se-une-a-baby-rose-para-la-nueva-version-de-honour\/","url":"https:\/\/web.consaguirre.com.ar\/noticias\/elmiene-se-une-a-baby-rose-para-la-nueva-version-de-honour\/","name":"Elmiene se une a Baby Rose para la nueva versi\u00f3n de 'Honour'","isPartOf":{"@id":"https:\/\/web.consaguirre.com.ar\/noticias\/#website"},"primaryImageOfPage":{"@id":"https:\/\/web.consaguirre.com.ar\/noticias\/elmiene-se-une-a-baby-rose-para-la-nueva-version-de-honour\/#primaryimage"},"image":{"@id":"https:\/\/web.consaguirre.com.ar\/noticias\/elmiene-se-une-a-baby-rose-para-la-nueva-version-de-honour\/#primaryimage"},"thumbnailUrl":"https:\/\/web.consaguirre.com.ar\/noticias\/wp-content\/uploads\/2026\/05\/1777657095_Elmiene-se-une-a-Baby-Rose-para-la-nueva-version.jpg","datePublished":"2026-05-01T17:38:14+00:00","dateModified":"2026-05-01T17:38:15+00:00","breadcrumb":{"@id":"https:\/\/web.consaguirre.com.ar\/noticias\/elmiene-se-une-a-baby-rose-para-la-nueva-version-de-honour\/#breadcrumb"},"inLanguage":"es-AR","potentialAction":[{"@type":"ReadAction","target":["https:\/\/web.consaguirre.com.ar\/noticias\/elmiene-se-une-a-baby-rose-para-la-nueva-version-de-honour\/"]}]},{"@type":"ImageObject","inLanguage":"es-AR","@id":"https:\/\/web.consaguirre.com.ar\/noticias\/elmiene-se-une-a-baby-rose-para-la-nueva-version-de-honour\/#primaryimage","url":"https:\/\/web.consaguirre.com.ar\/noticias\/wp-content\/uploads\/2026\/05\/1777657095_Elmiene-se-une-a-Baby-Rose-para-la-nueva-version.jpg","contentUrl":"https:\/\/web.consaguirre.com.ar\/noticias\/wp-content\/uploads\/2026\/05\/1777657095_Elmiene-se-une-a-Baby-Rose-para-la-nueva-version.jpg","width":820,"height":820,"caption":"Elmiene Baby Rose Honour"},{"@type":"BreadcrumbList","@id":"https:\/\/web.consaguirre.com.ar\/noticias\/elmiene-se-une-a-baby-rose-para-la-nueva-version-de-honour\/#breadcrumb","itemListElement":[{"@type":"ListItem","position":1,"name":"Inicio","item":"https:\/\/web.consaguirre.com.ar\/noticias\/"},{"@type":"ListItem","position":2,"name":"Elmiene se une a Baby Rose para la nueva versi\u00f3n de &#8216;Honour&#8217;"}]},{"@type":"WebSite","@id":"https:\/\/web.consaguirre.com.ar\/noticias\/#website","url":"https:\/\/web.consaguirre.com.ar\/noticias\/","name":"Conservatorio de M\u00fasica Juli\u00e1n Aguirre","description":"","publisher":{"@id":"https:\/\/web.consaguirre.com.ar\/noticias\/#organization"},"potentialAction":[{"@type":"SearchAction","target":{"@type":"EntryPoint","urlTemplate":"https:\/\/web.consaguirre.com.ar\/noticias\/?s={search_term_string}"},"query-input":"required name=search_term_string"}],"inLanguage":"es-AR"},{"@type":"Organization","@id":"https:\/\/web.consaguirre.com.ar\/noticias\/#organization","name":"Conservatorio de M\u00fasica Juli\u00e1n Aguirre","url":"https:\/\/web.consaguirre.com.ar\/noticias\/","logo":{"@type":"ImageObject","inLanguage":"es-AR","@id":"https:\/\/web.consaguirre.com.ar\/noticias\/#\/schema\/logo\/image\/","url":"https:\/\/web.consaguirre.com.ar\/noticias\/wp-content\/uploads\/2024\/08\/Banner-Aguirre-23.jpg","contentUrl":"https:\/\/web.consaguirre.com.ar\/noticias\/wp-content\/uploads\/2024\/08\/Banner-Aguirre-23.jpg","width":1192,"height":600,"caption":"Conservatorio de M\u00fasica Juli\u00e1n Aguirre"},"image":{"@id":"https:\/\/web.consaguirre.com.ar\/noticias\/#\/schema\/logo\/image\/"}},{"@type":"Person","@id":"https:\/\/web.consaguirre.com.ar\/noticias\/#\/schema\/person\/6558b0cfedee7ddc5425602b237d5722","name":"Javier Figueroa","image":{"@type":"ImageObject","inLanguage":"es-AR","@id":"https:\/\/web.consaguirre.com.ar\/noticias\/#\/schema\/person\/image\/","url":"https:\/\/web.consaguirre.com.ar\/noticias\/wp-content\/uploads\/2024\/08\/Consaguirre-scaled.jpg","contentUrl":"https:\/\/web.consaguirre.com.ar\/noticias\/wp-content\/uploads\/2024\/08\/Consaguirre-scaled.jpg","caption":"Javier Figueroa"},"description":"Me llamo Javier Figueroa y soy redactor para el sitio oficial del Conservatorio de M\u00fasica Juli\u00e1n Aguirre en Buenos Aires, consaguirre.com. Apasionado por la m\u00fasica y la escritura, me esfuerzo por destacar los talentos y eventos de nuestra prestigiosa instituci\u00f3n. Mi trayectoria se nutre de una profunda admiraci\u00f3n por los artistas, haciendo de cada art\u00edculo una celebraci\u00f3n de la creatividad y la cultura musical.","sameAs":["https:\/\/web.consaguirre.com.ar\/noticias"]}]}},"_links":{"self":[{"href":"https:\/\/web.consaguirre.com.ar\/noticias\/wp-json\/wp\/v2\/posts\/5875"}],"collection":[{"href":"https:\/\/web.consaguirre.com.ar\/noticias\/wp-json\/wp\/v2\/posts"}],"about":[{"href":"https:\/\/web.consaguirre.com.ar\/noticias\/wp-json\/wp\/v2\/types\/post"}],"author":[{"embeddable":true,"href":"https:\/\/web.consaguirre.com.ar\/noticias\/wp-json\/wp\/v2\/users\/1"}],"replies":[{"embeddable":true,"href":"https:\/\/web.consaguirre.com.ar\/noticias\/wp-json\/wp\/v2\/comments?post=5875"}],"version-history":[{"count":1,"href":"https:\/\/web.consaguirre.com.ar\/noticias\/wp-json\/wp\/v2\/posts\/5875\/revisions"}],"predecessor-version":[{"id":5877,"href":"https:\/\/web.consaguirre.com.ar\/noticias\/wp-json\/wp\/v2\/posts\/5875\/revisions\/5877"}],"wp:featuredmedia":[{"embeddable":true,"href":"https:\/\/web.consaguirre.com.ar\/noticias\/wp-json\/wp\/v2\/media\/5876"}],"wp:attachment":[{"href":"https:\/\/web.consaguirre.com.ar\/noticias\/wp-json\/wp\/v2\/media?parent=5875"}],"wp:term":[{"taxonomy":"category","embeddable":true,"href":"https:\/\/web.consaguirre.com.ar\/noticias\/wp-json\/wp\/v2\/categories?post=5875"},{"taxonomy":"post_tag","embeddable":true,"href":"https:\/\/web.consaguirre.com.ar\/noticias\/wp-json\/wp\/v2\/tags?post=5875"}],"curies":[{"name":"wp","href":"https:\/\/api.w.org\/{rel}","templated":true}]}}