{"id":5864,"date":"2026-04-30T20:39:08","date_gmt":"2026-04-30T23:39:08","guid":{"rendered":"https:\/\/web.consaguirre.com.ar\/noticias\/janet-jackson-aparecera-en-la-gala-del-salon-de-la-fama-de-los-grammy\/"},"modified":"2026-04-30T20:39:09","modified_gmt":"2026-04-30T23:39:09","slug":"janet-jackson-aparecera-en-la-gala-del-salon-de-la-fama-de-los-grammy","status":"publish","type":"post","link":"https:\/\/web.consaguirre.com.ar\/noticias\/janet-jackson-aparecera-en-la-gala-del-salon-de-la-fama-de-los-grammy\/","title":{"rendered":"Janet Jackson aparecer\u00e1 en la gala del Sal\u00f3n de la Fama de los Grammy"},"content":{"rendered":"<p>Janet Jackson aparecer\u00e1 en la Gala del Sal\u00f3n de la Fama de los Grammy del Museo Grammy y la Academia de la Grabaci\u00f3n para celebrar la presentaci\u00f3n de su prol\u00edfico \u00e1lbum de 1989. <em>Naci\u00f3n del ritmo de Janet Jackson 1814<\/em>.<\/p>\n<p>El LP, con escritura y producci\u00f3n de Jimmy Jam y Terry Lewis, es el segundo \u00e1lbum consecutivo de Jackson que encabeza la lista de \u00e1lbumes Billboard 200 y tambi\u00e9n se convirti\u00f3 en el \u00e1lbum m\u00e1s vendido de 1990 en los Estados Unidos. Est\u00e1 repleto de siete \u00e9xitos del Top 5: \u201cMiss You Much\u201d, \u201cRhythm Nation\u201d, \u201cEscapade\u201d, \u201cAlright\u201d, \u201cCome Back to Me\u201d, \u201cBlack Cat\u201d y \u201cLove Will Never Do (Without You)\u201d.<\/p>\n<p>La Academia de la Grabaci\u00f3n tambi\u00e9n anunci\u00f3 la incorporaci\u00f3n de Erykah Badu al programa de actuaciones de la Gala. La leyenda del neo-soul se unir\u00e1 a George Clinton y al guitarrista de Funkadelic, Blackbyrd McKnight, en un tributo a \u201cMaggot Brain\u201d de Funkadelic, que se encuentra entre los miembros de este a\u00f1o.<\/p>\n<div align=\"center\">\n<div class=\"udiscover-store-container\">\n<div id='udiscover-store-three-product'><\/div>\n<\/div>\n<p>\/*<!(CDATA(*\/(function (){var scriptURL='https:\/\/sdks.shopifycdn.com\/buy-button\/latest\/buy-button-storefront.min.js';if(window.ShopifyBuy){if(window.ShopifyBuy.UI){ShopifyBuyInit();}else{loadScript();}}else{loadScript();}funci\u00f3n loadScript(){var script=document.createElement('script');script.async=true;script.src=scriptURL;(document.getElementsByTagName('head')(0)|| document.getElementsByTagName('body')(0)).appendChild(script);script.onload=ShopifyBuyInit;} function ShopifyBuyInit(){var cliente=ShopifyBuy.buildClient({dominio:'udiscover.myshopify.com',storefrontAccessToken: 'bdc89f347d2ce61c1feeb9f8c60b2b98',}); ShopifyBuy.UI.onReady(cliente).luego(funci\u00f3n(ui){ ui.createComponent('productSet',{ id:(6685675585613,7624239120461,6848659914829), nodo:document.getElementById('udiscover-store-tres-producto'), moneyFormat:'%24%7B%7Bamount%7D%7D', opciones:{&quot;producto&quot;:{&quot;marco flotante&quot;:FALSO,&quot;eventos&quot;:{antes deInit:funci\u00f3n(producto){Objeto.defineProperty(producto,&quot;es bot\u00f3n&quot;,{get:function(){return true;}});Object.defineProperty(producto,&quot;opciones&quot;{get:function(){return this.config(this.typeKey);}});var actualOnButtonClick=product.onButtonClick;product.onButtonClick=function(event,target) {event.stopImmediatePropagation();this.options.buttonDestination=&quot;modal&quot;;actualOnButtonClick.call(este,evento,destino);};}},\n&quot;bot\u00f3nDestino&quot;:&quot;modal&quot;,&quot;contenido&quot;:{&quot;opciones&quot;:verdadero},&quot;texto&quot;:{&quot;bot\u00f3n&quot;:&quot;Ordene ahora&quot;,&quot;Agotado&quot;:&quot;Lo sentimos, esto est\u00e1 agotado.&quot;}},&quot;conjunto de productos&quot;:{&quot;marco flotante&quot;:FALSO},&quot;modalProducto&quot;:{&quot;marco flotante&quot;:FALSO,&quot;contenido&quot;:{&quot;imagen&quot;:FALSO,&quot;imgConCarrusel&quot;:verdadero,&quot;bot\u00f3n&quot;:FALSO,&quot;bot\u00f3nConCantidad&quot;:verdadero}},&quot;modal&quot;:{&quot;marco flotante&quot;:FALSO},&quot;opci\u00f3n&quot;:{&quot;marco flotante&quot;:FALSO},&quot;carro&quot;:{&quot;marco flotante&quot;:FALSO},&quot;palanca&quot;:{&quot;marco flotante&quot;:FALSO,&quot;contenido&quot;:{&quot;icono&quot;:FALSO}},&quot;art\u00edculo de l\u00ednea&quot;:{&quot;marco flotante&quot;:FALSO}},}); }); } })(); \/*))>*\/ <\/div>\n<\/p>\n<p>Otros artistas incluyen a Fy\u00fctch y Aura V versionando \u201cYou&#8217;ll Sing a Song and I\u2019ll Sing a Song\u201d de Ella Jenkins, Heart&#8217;s Ann y Nancy Wilson interpretando melod\u00edas de <em>Annie, la so\u00f1adora<\/em>Lucinda Williams revisando canciones de <em>Ruedas de coche en un camino de grava<\/em>; Toma 6 versionando \u201cJesus Gave Me Water\u201d de Soul Stirrers y Taylor Hanson tributando a Nick Drake <em>luna rosa<\/em>.<\/p>\n<p>Junto con <em>Naci\u00f3n del ritmo<\/em>Otros homenajeados del Sal\u00f3n de la Fama de los Grammy 2026 incluyen a Lucinda Williams. <em>Ruedas de coches en un camino de grava<\/em>del coraz\u00f3n <em>Annie, la so\u00f1adora<\/em>Alice Coltrane <em>Viaje en Satchidananda<\/em>,, Nick Drake <em>luna rosa<\/em>2Pac <em>Todos los ojos puestos en m\u00ed<\/em>Radiohead <em>OK computadora<\/em>Selena <em>Amor Prohibido<\/em>Funkadelic <em>Cerebro de gusano<\/em>\u201cPaid In Full\u201d de Eric B &#038; Rakim, \u201cTrouble In Mind\u201d de Bertha \u201cChippie\u201d Hill, \u201cYou&#8217;ll Sing A Song And I\u2019ll Sing A Song\u201d de Ella Jenkins, \u201cOrange Blossom Special\u201d de The Rouse Brothers y \u201cJesus Gave Me Water\u201d de The Soul Stirrers.<\/p>\n<p>\u201cEs un privilegio reconocer estas grabaciones ecl\u00e9cticas como miembros del Sal\u00f3n de la Fama de los Grammy 2026\u201d, dijo Harvey Mason Jr., director ejecutivo de la Academia de la Grabaci\u00f3n. &#8220;Cada selecci\u00f3n refleja la creatividad, el arte y el impacto cultural que la m\u00fasica grabada puede tener a lo largo de d\u00e9cadas. Nos sentimos honrados de ayudar a preservar estas obras y celebrar a los artistas y comunidades detr\u00e1s de ellas, para que sus legados contin\u00faen inspirando a las generaciones venideras&#8221;.<\/p>\n<p>La gala, organizada por Anthony Mason, tendr\u00e1 lugar el 8 de mayo de 2026 en el Beverly Hilton de Beverly Hills, CA.<\/p>\n<p><b>Compra aqu\u00ed cl\u00e1sicos de R&#038;B, soul y funk en vinilo.<\/b><\/p>\n","protected":false},"excerpt":{"rendered":"<p>Janet Jackson aparecer\u00e1 en la Gala del Sal\u00f3n de la Fama de los Grammy del Museo Grammy y la Academia de la Grabaci\u00f3n para celebrar<\/p>\n","protected":false},"author":1,"featured_media":5865,"comment_status":"closed","ping_status":"","sticky":false,"template":"","format":"standard","meta":{"footnotes":""},"categories":[50],"tags":[4223,10,870,2103,1202,176,1253,180,1019],"class_list":["post-5864","post","type-post","status-publish","format-standard","has-post-thumbnail","hentry","category-el-ultimo","tag-aparecera","tag-del","tag-fama","tag-gala","tag-grammy","tag-jackson","tag-janet","tag-los","tag-salon","generate-columns","tablet-grid-50","mobile-grid-100","grid-parent","grid-50"],"yoast_head":"<!-- This site is optimized with the Yoast SEO plugin v23.3 - https:\/\/yoast.com\/wordpress\/plugins\/seo\/ -->\n<title>Janet Jackson aparecer\u00e1 en la gala del Sal\u00f3n de la Fama de los Grammy<\/title>\n<meta name=\"robots\" content=\"index, follow, max-snippet:-1, max-image-preview:large, max-video-preview:-1\" \/>\n<link rel=\"canonical\" href=\"https:\/\/web.consaguirre.com.ar\/noticias\/janet-jackson-aparecera-en-la-gala-del-salon-de-la-fama-de-los-grammy\/\" \/>\n<meta property=\"og:locale\" content=\"es_ES\" \/>\n<meta property=\"og:type\" content=\"article\" \/>\n<meta property=\"og:title\" content=\"Janet Jackson aparecer\u00e1 en la gala del Sal\u00f3n de la Fama de los Grammy\" \/>\n<meta property=\"og:description\" content=\"Janet Jackson aparecer\u00e1 en la Gala del Sal\u00f3n de la Fama de los Grammy del Museo Grammy y la Academia de la Grabaci\u00f3n para celebrar\" \/>\n<meta property=\"og:url\" content=\"https:\/\/web.consaguirre.com.ar\/noticias\/janet-jackson-aparecera-en-la-gala-del-salon-de-la-fama-de-los-grammy\/\" \/>\n<meta property=\"og:site_name\" content=\"Conservatorio de M\u00fasica Juli\u00e1n Aguirre\" \/>\n<meta property=\"article:published_time\" content=\"2026-04-30T23:39:08+00:00\" \/>\n<meta property=\"article:modified_time\" content=\"2026-04-30T23:39:09+00:00\" \/>\n<meta property=\"og:image\" content=\"https:\/\/web.consaguirre.com.ar\/noticias\/wp-content\/uploads\/2026\/04\/Janet-Jackson-aparecera-en-la-gala-del-Salon-de-la.jpg\" \/>\n\t<meta property=\"og:image:width\" content=\"820\" \/>\n\t<meta property=\"og:image:height\" content=\"820\" \/>\n\t<meta property=\"og:image:type\" content=\"image\/jpeg\" \/>\n<meta name=\"author\" content=\"Javier Figueroa\" \/>\n<meta name=\"twitter:card\" content=\"summary_large_image\" \/>\n<meta name=\"twitter:label1\" content=\"Escrito por\" \/>\n\t<meta name=\"twitter:data1\" content=\"Javier Figueroa\" \/>\n\t<meta name=\"twitter:label2\" content=\"Tiempo de lectura\" \/>\n\t<meta name=\"twitter:data2\" content=\"2 minutos\" \/>\n<script type=\"application\/ld+json\" class=\"yoast-schema-graph\">{\"@context\":\"https:\/\/schema.org\",\"@graph\":[{\"@type\":\"Article\",\"@id\":\"https:\/\/web.consaguirre.com.ar\/noticias\/janet-jackson-aparecera-en-la-gala-del-salon-de-la-fama-de-los-grammy\/#article\",\"isPartOf\":{\"@id\":\"https:\/\/web.consaguirre.com.ar\/noticias\/janet-jackson-aparecera-en-la-gala-del-salon-de-la-fama-de-los-grammy\/\"},\"author\":{\"name\":\"Javier Figueroa\",\"@id\":\"https:\/\/web.consaguirre.com.ar\/noticias\/#\/schema\/person\/6558b0cfedee7ddc5425602b237d5722\"},\"headline\":\"Janet Jackson aparecer\u00e1 en la gala del Sal\u00f3n de la Fama de los Grammy\",\"datePublished\":\"2026-04-30T23:39:08+00:00\",\"dateModified\":\"2026-04-30T23:39:09+00:00\",\"mainEntityOfPage\":{\"@id\":\"https:\/\/web.consaguirre.com.ar\/noticias\/janet-jackson-aparecera-en-la-gala-del-salon-de-la-fama-de-los-grammy\/\"},\"wordCount\":473,\"publisher\":{\"@id\":\"https:\/\/web.consaguirre.com.ar\/noticias\/#organization\"},\"image\":{\"@id\":\"https:\/\/web.consaguirre.com.ar\/noticias\/janet-jackson-aparecera-en-la-gala-del-salon-de-la-fama-de-los-grammy\/#primaryimage\"},\"thumbnailUrl\":\"https:\/\/web.consaguirre.com.ar\/noticias\/wp-content\/uploads\/2026\/04\/Janet-Jackson-aparecera-en-la-gala-del-Salon-de-la.jpg\",\"keywords\":[\"aparecer\u00e1\",\"del\",\"Fama\",\"Gala\",\"Grammy\",\"Jackson\",\"Janet\",\"los\",\"Sal\u00f3n\"],\"articleSection\":[\"El \u00faltimo\"],\"inLanguage\":\"es-AR\"},{\"@type\":\"WebPage\",\"@id\":\"https:\/\/web.consaguirre.com.ar\/noticias\/janet-jackson-aparecera-en-la-gala-del-salon-de-la-fama-de-los-grammy\/\",\"url\":\"https:\/\/web.consaguirre.com.ar\/noticias\/janet-jackson-aparecera-en-la-gala-del-salon-de-la-fama-de-los-grammy\/\",\"name\":\"Janet Jackson aparecer\u00e1 en la gala del Sal\u00f3n de la Fama de los Grammy\",\"isPartOf\":{\"@id\":\"https:\/\/web.consaguirre.com.ar\/noticias\/#website\"},\"primaryImageOfPage\":{\"@id\":\"https:\/\/web.consaguirre.com.ar\/noticias\/janet-jackson-aparecera-en-la-gala-del-salon-de-la-fama-de-los-grammy\/#primaryimage\"},\"image\":{\"@id\":\"https:\/\/web.consaguirre.com.ar\/noticias\/janet-jackson-aparecera-en-la-gala-del-salon-de-la-fama-de-los-grammy\/#primaryimage\"},\"thumbnailUrl\":\"https:\/\/web.consaguirre.com.ar\/noticias\/wp-content\/uploads\/2026\/04\/Janet-Jackson-aparecera-en-la-gala-del-Salon-de-la.jpg\",\"datePublished\":\"2026-04-30T23:39:08+00:00\",\"dateModified\":\"2026-04-30T23:39:09+00:00\",\"breadcrumb\":{\"@id\":\"https:\/\/web.consaguirre.com.ar\/noticias\/janet-jackson-aparecera-en-la-gala-del-salon-de-la-fama-de-los-grammy\/#breadcrumb\"},\"inLanguage\":\"es-AR\",\"potentialAction\":[{\"@type\":\"ReadAction\",\"target\":[\"https:\/\/web.consaguirre.com.ar\/noticias\/janet-jackson-aparecera-en-la-gala-del-salon-de-la-fama-de-los-grammy\/\"]}]},{\"@type\":\"ImageObject\",\"inLanguage\":\"es-AR\",\"@id\":\"https:\/\/web.consaguirre.com.ar\/noticias\/janet-jackson-aparecera-en-la-gala-del-salon-de-la-fama-de-los-grammy\/#primaryimage\",\"url\":\"https:\/\/web.consaguirre.com.ar\/noticias\/wp-content\/uploads\/2026\/04\/Janet-Jackson-aparecera-en-la-gala-del-Salon-de-la.jpg\",\"contentUrl\":\"https:\/\/web.consaguirre.com.ar\/noticias\/wp-content\/uploads\/2026\/04\/Janet-Jackson-aparecera-en-la-gala-del-Salon-de-la.jpg\",\"width\":820,\"height\":820,\"caption\":\"Rhythm Nation Janet Jackson\"},{\"@type\":\"BreadcrumbList\",\"@id\":\"https:\/\/web.consaguirre.com.ar\/noticias\/janet-jackson-aparecera-en-la-gala-del-salon-de-la-fama-de-los-grammy\/#breadcrumb\",\"itemListElement\":[{\"@type\":\"ListItem\",\"position\":1,\"name\":\"Inicio\",\"item\":\"https:\/\/web.consaguirre.com.ar\/noticias\/\"},{\"@type\":\"ListItem\",\"position\":2,\"name\":\"Janet Jackson aparecer\u00e1 en la gala del Sal\u00f3n de la Fama de los Grammy\"}]},{\"@type\":\"WebSite\",\"@id\":\"https:\/\/web.consaguirre.com.ar\/noticias\/#website\",\"url\":\"https:\/\/web.consaguirre.com.ar\/noticias\/\",\"name\":\"Conservatorio de M\u00fasica Juli\u00e1n Aguirre\",\"description\":\"\",\"publisher\":{\"@id\":\"https:\/\/web.consaguirre.com.ar\/noticias\/#organization\"},\"potentialAction\":[{\"@type\":\"SearchAction\",\"target\":{\"@type\":\"EntryPoint\",\"urlTemplate\":\"https:\/\/web.consaguirre.com.ar\/noticias\/?s={search_term_string}\"},\"query-input\":\"required name=search_term_string\"}],\"inLanguage\":\"es-AR\"},{\"@type\":\"Organization\",\"@id\":\"https:\/\/web.consaguirre.com.ar\/noticias\/#organization\",\"name\":\"Conservatorio de M\u00fasica Juli\u00e1n Aguirre\",\"url\":\"https:\/\/web.consaguirre.com.ar\/noticias\/\",\"logo\":{\"@type\":\"ImageObject\",\"inLanguage\":\"es-AR\",\"@id\":\"https:\/\/web.consaguirre.com.ar\/noticias\/#\/schema\/logo\/image\/\",\"url\":\"https:\/\/web.consaguirre.com.ar\/noticias\/wp-content\/uploads\/2024\/08\/Banner-Aguirre-23.jpg\",\"contentUrl\":\"https:\/\/web.consaguirre.com.ar\/noticias\/wp-content\/uploads\/2024\/08\/Banner-Aguirre-23.jpg\",\"width\":1192,\"height\":600,\"caption\":\"Conservatorio de M\u00fasica Juli\u00e1n Aguirre\"},\"image\":{\"@id\":\"https:\/\/web.consaguirre.com.ar\/noticias\/#\/schema\/logo\/image\/\"}},{\"@type\":\"Person\",\"@id\":\"https:\/\/web.consaguirre.com.ar\/noticias\/#\/schema\/person\/6558b0cfedee7ddc5425602b237d5722\",\"name\":\"Javier Figueroa\",\"image\":{\"@type\":\"ImageObject\",\"inLanguage\":\"es-AR\",\"@id\":\"https:\/\/web.consaguirre.com.ar\/noticias\/#\/schema\/person\/image\/\",\"url\":\"https:\/\/web.consaguirre.com.ar\/noticias\/wp-content\/uploads\/2024\/08\/Consaguirre-scaled.jpg\",\"contentUrl\":\"https:\/\/web.consaguirre.com.ar\/noticias\/wp-content\/uploads\/2024\/08\/Consaguirre-scaled.jpg\",\"caption\":\"Javier Figueroa\"},\"description\":\"Me llamo Javier Figueroa y soy redactor para el sitio oficial del Conservatorio de M\u00fasica Juli\u00e1n Aguirre en Buenos Aires, consaguirre.com. Apasionado por la m\u00fasica y la escritura, me esfuerzo por destacar los talentos y eventos de nuestra prestigiosa instituci\u00f3n. Mi trayectoria se nutre de una profunda admiraci\u00f3n por los artistas, haciendo de cada art\u00edculo una celebraci\u00f3n de la creatividad y la cultura musical.\",\"sameAs\":[\"https:\/\/web.consaguirre.com.ar\/noticias\"]}]}<\/script>\n<!-- \/ Yoast SEO plugin. -->","yoast_head_json":{"title":"Janet Jackson aparecer\u00e1 en la gala del Sal\u00f3n de la Fama de los Grammy","robots":{"index":"index","follow":"follow","max-snippet":"max-snippet:-1","max-image-preview":"max-image-preview:large","max-video-preview":"max-video-preview:-1"},"canonical":"https:\/\/web.consaguirre.com.ar\/noticias\/janet-jackson-aparecera-en-la-gala-del-salon-de-la-fama-de-los-grammy\/","og_locale":"es_ES","og_type":"article","og_title":"Janet Jackson aparecer\u00e1 en la gala del Sal\u00f3n de la Fama de los Grammy","og_description":"Janet Jackson aparecer\u00e1 en la Gala del Sal\u00f3n de la Fama de los Grammy del Museo Grammy y la Academia de la Grabaci\u00f3n para celebrar","og_url":"https:\/\/web.consaguirre.com.ar\/noticias\/janet-jackson-aparecera-en-la-gala-del-salon-de-la-fama-de-los-grammy\/","og_site_name":"Conservatorio de M\u00fasica Juli\u00e1n Aguirre","article_published_time":"2026-04-30T23:39:08+00:00","article_modified_time":"2026-04-30T23:39:09+00:00","og_image":[{"width":820,"height":820,"url":"https:\/\/web.consaguirre.com.ar\/noticias\/wp-content\/uploads\/2026\/04\/Janet-Jackson-aparecera-en-la-gala-del-Salon-de-la.jpg","type":"image\/jpeg"}],"author":"Javier Figueroa","twitter_card":"summary_large_image","twitter_misc":{"Escrito por":"Javier Figueroa","Tiempo de lectura":"2 minutos"},"schema":{"@context":"https:\/\/schema.org","@graph":[{"@type":"Article","@id":"https:\/\/web.consaguirre.com.ar\/noticias\/janet-jackson-aparecera-en-la-gala-del-salon-de-la-fama-de-los-grammy\/#article","isPartOf":{"@id":"https:\/\/web.consaguirre.com.ar\/noticias\/janet-jackson-aparecera-en-la-gala-del-salon-de-la-fama-de-los-grammy\/"},"author":{"name":"Javier Figueroa","@id":"https:\/\/web.consaguirre.com.ar\/noticias\/#\/schema\/person\/6558b0cfedee7ddc5425602b237d5722"},"headline":"Janet Jackson aparecer\u00e1 en la gala del Sal\u00f3n de la Fama de los Grammy","datePublished":"2026-04-30T23:39:08+00:00","dateModified":"2026-04-30T23:39:09+00:00","mainEntityOfPage":{"@id":"https:\/\/web.consaguirre.com.ar\/noticias\/janet-jackson-aparecera-en-la-gala-del-salon-de-la-fama-de-los-grammy\/"},"wordCount":473,"publisher":{"@id":"https:\/\/web.consaguirre.com.ar\/noticias\/#organization"},"image":{"@id":"https:\/\/web.consaguirre.com.ar\/noticias\/janet-jackson-aparecera-en-la-gala-del-salon-de-la-fama-de-los-grammy\/#primaryimage"},"thumbnailUrl":"https:\/\/web.consaguirre.com.ar\/noticias\/wp-content\/uploads\/2026\/04\/Janet-Jackson-aparecera-en-la-gala-del-Salon-de-la.jpg","keywords":["aparecer\u00e1","del","Fama","Gala","Grammy","Jackson","Janet","los","Sal\u00f3n"],"articleSection":["El \u00faltimo"],"inLanguage":"es-AR"},{"@type":"WebPage","@id":"https:\/\/web.consaguirre.com.ar\/noticias\/janet-jackson-aparecera-en-la-gala-del-salon-de-la-fama-de-los-grammy\/","url":"https:\/\/web.consaguirre.com.ar\/noticias\/janet-jackson-aparecera-en-la-gala-del-salon-de-la-fama-de-los-grammy\/","name":"Janet Jackson aparecer\u00e1 en la gala del Sal\u00f3n de la Fama de los Grammy","isPartOf":{"@id":"https:\/\/web.consaguirre.com.ar\/noticias\/#website"},"primaryImageOfPage":{"@id":"https:\/\/web.consaguirre.com.ar\/noticias\/janet-jackson-aparecera-en-la-gala-del-salon-de-la-fama-de-los-grammy\/#primaryimage"},"image":{"@id":"https:\/\/web.consaguirre.com.ar\/noticias\/janet-jackson-aparecera-en-la-gala-del-salon-de-la-fama-de-los-grammy\/#primaryimage"},"thumbnailUrl":"https:\/\/web.consaguirre.com.ar\/noticias\/wp-content\/uploads\/2026\/04\/Janet-Jackson-aparecera-en-la-gala-del-Salon-de-la.jpg","datePublished":"2026-04-30T23:39:08+00:00","dateModified":"2026-04-30T23:39:09+00:00","breadcrumb":{"@id":"https:\/\/web.consaguirre.com.ar\/noticias\/janet-jackson-aparecera-en-la-gala-del-salon-de-la-fama-de-los-grammy\/#breadcrumb"},"inLanguage":"es-AR","potentialAction":[{"@type":"ReadAction","target":["https:\/\/web.consaguirre.com.ar\/noticias\/janet-jackson-aparecera-en-la-gala-del-salon-de-la-fama-de-los-grammy\/"]}]},{"@type":"ImageObject","inLanguage":"es-AR","@id":"https:\/\/web.consaguirre.com.ar\/noticias\/janet-jackson-aparecera-en-la-gala-del-salon-de-la-fama-de-los-grammy\/#primaryimage","url":"https:\/\/web.consaguirre.com.ar\/noticias\/wp-content\/uploads\/2026\/04\/Janet-Jackson-aparecera-en-la-gala-del-Salon-de-la.jpg","contentUrl":"https:\/\/web.consaguirre.com.ar\/noticias\/wp-content\/uploads\/2026\/04\/Janet-Jackson-aparecera-en-la-gala-del-Salon-de-la.jpg","width":820,"height":820,"caption":"Rhythm Nation Janet Jackson"},{"@type":"BreadcrumbList","@id":"https:\/\/web.consaguirre.com.ar\/noticias\/janet-jackson-aparecera-en-la-gala-del-salon-de-la-fama-de-los-grammy\/#breadcrumb","itemListElement":[{"@type":"ListItem","position":1,"name":"Inicio","item":"https:\/\/web.consaguirre.com.ar\/noticias\/"},{"@type":"ListItem","position":2,"name":"Janet Jackson aparecer\u00e1 en la gala del Sal\u00f3n de la Fama de los Grammy"}]},{"@type":"WebSite","@id":"https:\/\/web.consaguirre.com.ar\/noticias\/#website","url":"https:\/\/web.consaguirre.com.ar\/noticias\/","name":"Conservatorio de M\u00fasica Juli\u00e1n Aguirre","description":"","publisher":{"@id":"https:\/\/web.consaguirre.com.ar\/noticias\/#organization"},"potentialAction":[{"@type":"SearchAction","target":{"@type":"EntryPoint","urlTemplate":"https:\/\/web.consaguirre.com.ar\/noticias\/?s={search_term_string}"},"query-input":"required name=search_term_string"}],"inLanguage":"es-AR"},{"@type":"Organization","@id":"https:\/\/web.consaguirre.com.ar\/noticias\/#organization","name":"Conservatorio de M\u00fasica Juli\u00e1n Aguirre","url":"https:\/\/web.consaguirre.com.ar\/noticias\/","logo":{"@type":"ImageObject","inLanguage":"es-AR","@id":"https:\/\/web.consaguirre.com.ar\/noticias\/#\/schema\/logo\/image\/","url":"https:\/\/web.consaguirre.com.ar\/noticias\/wp-content\/uploads\/2024\/08\/Banner-Aguirre-23.jpg","contentUrl":"https:\/\/web.consaguirre.com.ar\/noticias\/wp-content\/uploads\/2024\/08\/Banner-Aguirre-23.jpg","width":1192,"height":600,"caption":"Conservatorio de M\u00fasica Juli\u00e1n Aguirre"},"image":{"@id":"https:\/\/web.consaguirre.com.ar\/noticias\/#\/schema\/logo\/image\/"}},{"@type":"Person","@id":"https:\/\/web.consaguirre.com.ar\/noticias\/#\/schema\/person\/6558b0cfedee7ddc5425602b237d5722","name":"Javier Figueroa","image":{"@type":"ImageObject","inLanguage":"es-AR","@id":"https:\/\/web.consaguirre.com.ar\/noticias\/#\/schema\/person\/image\/","url":"https:\/\/web.consaguirre.com.ar\/noticias\/wp-content\/uploads\/2024\/08\/Consaguirre-scaled.jpg","contentUrl":"https:\/\/web.consaguirre.com.ar\/noticias\/wp-content\/uploads\/2024\/08\/Consaguirre-scaled.jpg","caption":"Javier Figueroa"},"description":"Me llamo Javier Figueroa y soy redactor para el sitio oficial del Conservatorio de M\u00fasica Juli\u00e1n Aguirre en Buenos Aires, consaguirre.com. Apasionado por la m\u00fasica y la escritura, me esfuerzo por destacar los talentos y eventos de nuestra prestigiosa instituci\u00f3n. Mi trayectoria se nutre de una profunda admiraci\u00f3n por los artistas, haciendo de cada art\u00edculo una celebraci\u00f3n de la creatividad y la cultura musical.","sameAs":["https:\/\/web.consaguirre.com.ar\/noticias"]}]}},"_links":{"self":[{"href":"https:\/\/web.consaguirre.com.ar\/noticias\/wp-json\/wp\/v2\/posts\/5864"}],"collection":[{"href":"https:\/\/web.consaguirre.com.ar\/noticias\/wp-json\/wp\/v2\/posts"}],"about":[{"href":"https:\/\/web.consaguirre.com.ar\/noticias\/wp-json\/wp\/v2\/types\/post"}],"author":[{"embeddable":true,"href":"https:\/\/web.consaguirre.com.ar\/noticias\/wp-json\/wp\/v2\/users\/1"}],"replies":[{"embeddable":true,"href":"https:\/\/web.consaguirre.com.ar\/noticias\/wp-json\/wp\/v2\/comments?post=5864"}],"version-history":[{"count":1,"href":"https:\/\/web.consaguirre.com.ar\/noticias\/wp-json\/wp\/v2\/posts\/5864\/revisions"}],"predecessor-version":[{"id":5866,"href":"https:\/\/web.consaguirre.com.ar\/noticias\/wp-json\/wp\/v2\/posts\/5864\/revisions\/5866"}],"wp:featuredmedia":[{"embeddable":true,"href":"https:\/\/web.consaguirre.com.ar\/noticias\/wp-json\/wp\/v2\/media\/5865"}],"wp:attachment":[{"href":"https:\/\/web.consaguirre.com.ar\/noticias\/wp-json\/wp\/v2\/media?parent=5864"}],"wp:term":[{"taxonomy":"category","embeddable":true,"href":"https:\/\/web.consaguirre.com.ar\/noticias\/wp-json\/wp\/v2\/categories?post=5864"},{"taxonomy":"post_tag","embeddable":true,"href":"https:\/\/web.consaguirre.com.ar\/noticias\/wp-json\/wp\/v2\/tags?post=5864"}],"curies":[{"name":"wp","href":"https:\/\/api.w.org\/{rel}","templated":true}]}}