{"id":5861,"date":"2026-04-30T14:38:24","date_gmt":"2026-04-30T17:38:24","guid":{"rendered":"https:\/\/web.consaguirre.com.ar\/noticias\/blue-note-celebra-el-dia-internacional-del-jazz-con-la-nueva-serie-essentials\/"},"modified":"2026-04-30T14:38:25","modified_gmt":"2026-04-30T17:38:25","slug":"blue-note-celebra-el-dia-internacional-del-jazz-con-la-nueva-serie-essentials","status":"publish","type":"post","link":"https:\/\/web.consaguirre.com.ar\/noticias\/blue-note-celebra-el-dia-internacional-del-jazz-con-la-nueva-serie-essentials\/","title":{"rendered":"Blue Note celebra el D\u00eda Internacional del Jazz con la nueva serie Essentials"},"content":{"rendered":"<p>Blue Note Records ha anunciado el lanzamiento de Blue Note Essentials, que se alinea con el D\u00eda Internacional del Jazz 2026. La serie tiene como objetivo presentar \u00e1lbumes cl\u00e1sicos a nuevos fan\u00e1ticos del g\u00e9nero.<\/p>\n<p>Los cinco t\u00edtulos iniciales presentan discos de todos los tiempos de \u00edconos del jazz. Incluyen: Art Blakey y The Jazz Messengers. <em>gimiendo<\/em>; Chet Baker&#8217;s <em>Chet Baker canta<\/em>; Herbie Hancock <em>Viaje inaugural<\/em>; Horacio Silver <em>Canci\u00f3n para mi padre<\/em>y Lee Morgan <em>El Sidewinder<\/em>. Seis t\u00edtulos adicionales que se lanzar\u00e1n a finales de a\u00f1o incluyen LP de Cannonball Adderley, Wayne Shorter, Eric Dolphy, Kenny Burrell, Grant Green y John Coltrane.<\/p>\n<div align=\"center\">\n<div class=\"udiscover-store-container\">\n<div id='udiscover-store-three-product'><\/div>\n<\/div>\n<p>\/*<!(CDATA(*\/(function (){var scriptURL='https:\/\/sdks.shopifycdn.com\/buy-button\/latest\/buy-button-storefront.min.js';if(window.ShopifyBuy){if(window.ShopifyBuy.UI){ShopifyBuyInit();}else{loadScript();}}else{loadScript();}funci\u00f3n loadScript(){var script=document.createElement('script');script.async=true;script.src=scriptURL;(document.getElementsByTagName('head')(0)|| document.getElementsByTagName('body')(0)).appendChild(script);script.onload=ShopifyBuyInit;} function ShopifyBuyInit(){var cliente=ShopifyBuy.buildClient({dominio:'udiscover.myshopify.com',storefrontAccessToken: 'bdc89f347d2ce61c1feeb9f8c60b2b98',}); ShopifyBuy.UI.onReady(cliente).luego(funci\u00f3n(ui){ ui.createComponent('productSet',{ id:(7788877709389,7788881477709,7788877611085), nodo:document.getElementById('udiscover-store-tres-productos'), moneyFormat:'%24%7B%7Bamount%7D%7D', opciones:{&quot;producto&quot;:{&quot;marco flotante&quot;:FALSO,&quot;eventos&quot;:{antes deInit:funci\u00f3n(producto){Objeto.defineProperty(producto,&quot;es bot\u00f3n&quot;,{get:function(){return true;}});Object.defineProperty(producto,&quot;opciones&quot;{get:function(){return this.config(this.typeKey);}});var actualOnButtonClick=product.onButtonClick;product.onButtonClick=function(event,target) {event.stopImmediatePropagation();this.options.buttonDestination=&quot;modal&quot;;actualOnButtonClick.call(este,evento,destino);};}},\n&quot;bot\u00f3nDestino&quot;:&quot;modal&quot;,&quot;contenido&quot;:{&quot;opciones&quot;:verdadero},&quot;texto&quot;:{&quot;bot\u00f3n&quot;:&quot;Ordene ahora&quot;,&quot;Agotado&quot;:&quot;Lo sentimos, esto est\u00e1 agotado.&quot;}},&quot;conjunto de productos&quot;:{&quot;marco flotante&quot;:FALSO},&quot;modalProducto&quot;:{&quot;marco flotante&quot;:FALSO,&quot;contenido&quot;:{&quot;imagen&quot;:FALSO,&quot;imgConCarrusel&quot;:verdadero,&quot;bot\u00f3n&quot;:FALSO,&quot;bot\u00f3nConCantidad&quot;:verdadero}},&quot;modal&quot;:{&quot;marco flotante&quot;:FALSO},&quot;opci\u00f3n&quot;:{&quot;marco flotante&quot;:FALSO},&quot;carro&quot;:{&quot;marco flotante&quot;:FALSO},&quot;palanca&quot;:{&quot;marco flotante&quot;:FALSO,&quot;contenido&quot;:{&quot;icono&quot;:FALSO}},&quot;art\u00edculo de l\u00ednea&quot;:{&quot;marco flotante&quot;:FALSO}},}); }); } })(); \/*))>*\/ <\/div>\n<\/p>\n<p><em>gimiendo<\/em>y el resto de lanzamientos, llegar\u00e1n el 26 de junio. Originalmente hom\u00f3nimo, el \u00e1lbum pas\u00f3 a llamarse posteriormente <em>gimiendo<\/em> gracias a la popularidad del tema de apertura \u00fanico, dirigido por el pianista Bobby Timmons.<\/p>\n<p><em>Chet Baker canta<\/em> incluye \u00e9xitos como \u201cMy Funny Valentine\u201d, \u201cThat Old Feeling\u201d y \u201cI Fall In Love Too Easy\u201d, mientras que <em>Viaje inaugural<\/em> de Hancock presenta al pianista acompa\u00f1ado por sus compa\u00f1eros de banda del Miles Davis Quintet, Ron Carter al bajo y Tony Williams a la bater\u00eda, junto con Freddie Hubbard a la trompeta y George Coleman al saxof\u00f3n tenor.<\/p>\n<p><em>Canci\u00f3n para mi padre<\/em> from Silver se destaca por la canci\u00f3n principal, que es una dedicatoria a su padre que se inspir\u00f3 en parte tanto en su herencia caboverdiana como en la m\u00fasica que Silver hab\u00eda escuchado en un viaje a Brasil. Por \u00faltimo, <em>El Sidewinder<\/em> presenta cinco originales de Morgan grabados con el saxofonista tenor Joe Henderson, el pianista Barry Harris, el bajista Bob Cranshaw y el baterista Billy Higgins.<\/p>\n<p>Cada t\u00edtulo de Essentials tendr\u00e1 un precio asequible y se masterizar\u00e1 a partir de masters digitales de alta resoluci\u00f3n en vinilo de 140 g. La nueva serie se suma a otras colecciones de Blue Note, como la Classic Vinyl Series. A principios de este mes, el \u00e1lbum de 1958 de Kenny Burrell <em>Luces azules Volumen 1<\/em> se convirti\u00f3 en uno de los \u00faltimos discos reeditados como parte de la serie. Esa Blue Note Classic Vinyl Edition es mono, totalmente anal\u00f3gica, masterizada por Kevin Gray a partir de las cintas maestras originales y prensada en vinilo de 180 g en Optimal.<\/p>\n<p><b>Compre la serie de vinilos Blue Note Essentials en vinilo aqu\u00ed.<\/b><\/p>\n","protected":false},"excerpt":{"rendered":"<p>Blue Note Records ha anunciado el lanzamiento de Blue Note Essentials, que se alinea con el D\u00eda Internacional del Jazz 2026. La serie tiene como<\/p>\n","protected":false},"author":1,"featured_media":5862,"comment_status":"closed","ping_status":"","sticky":false,"template":"","format":"standard","meta":{"footnotes":""},"categories":[50],"tags":[498,114,32,10,921,4222,1778,748,1238,116,220],"class_list":["post-5861","post","type-post","status-publish","format-standard","has-post-thumbnail","hentry","category-el-ultimo","tag-blue","tag-celebra","tag-con","tag-del","tag-dia","tag-essentials","tag-internacional","tag-jazz","tag-note","tag-nueva","tag-serie","generate-columns","tablet-grid-50","mobile-grid-100","grid-parent","grid-50"],"yoast_head":"<!-- This site is optimized with the Yoast SEO plugin v23.3 - https:\/\/yoast.com\/wordpress\/plugins\/seo\/ -->\n<title>Blue Note celebra el D\u00eda Internacional del Jazz con la nueva serie Essentials<\/title>\n<meta name=\"robots\" content=\"index, follow, max-snippet:-1, max-image-preview:large, max-video-preview:-1\" \/>\n<link rel=\"canonical\" href=\"https:\/\/web.consaguirre.com.ar\/noticias\/blue-note-celebra-el-dia-internacional-del-jazz-con-la-nueva-serie-essentials\/\" \/>\n<meta property=\"og:locale\" content=\"es_ES\" \/>\n<meta property=\"og:type\" content=\"article\" \/>\n<meta property=\"og:title\" content=\"Blue Note celebra el D\u00eda Internacional del Jazz con la nueva serie Essentials\" \/>\n<meta property=\"og:description\" content=\"Blue Note Records ha anunciado el lanzamiento de Blue Note Essentials, que se alinea con el D\u00eda Internacional del Jazz 2026. La serie tiene como\" \/>\n<meta property=\"og:url\" content=\"https:\/\/web.consaguirre.com.ar\/noticias\/blue-note-celebra-el-dia-internacional-del-jazz-con-la-nueva-serie-essentials\/\" \/>\n<meta property=\"og:site_name\" content=\"Conservatorio de M\u00fasica Juli\u00e1n Aguirre\" \/>\n<meta property=\"article:published_time\" content=\"2026-04-30T17:38:24+00:00\" \/>\n<meta property=\"article:modified_time\" content=\"2026-04-30T17:38:25+00:00\" \/>\n<meta property=\"og:image\" content=\"https:\/\/web.consaguirre.com.ar\/noticias\/wp-content\/uploads\/2026\/04\/Blue-Note-celebra-el-Dia-Internacional-del-Jazz-con-la.jpg\" \/>\n\t<meta property=\"og:image:width\" content=\"820\" \/>\n\t<meta property=\"og:image:height\" content=\"820\" \/>\n\t<meta property=\"og:image:type\" content=\"image\/jpeg\" \/>\n<meta name=\"author\" content=\"Javier Figueroa\" \/>\n<meta name=\"twitter:card\" content=\"summary_large_image\" \/>\n<meta name=\"twitter:label1\" content=\"Escrito por\" \/>\n\t<meta name=\"twitter:data1\" content=\"Javier Figueroa\" \/>\n\t<meta name=\"twitter:label2\" content=\"Tiempo de lectura\" \/>\n\t<meta name=\"twitter:data2\" content=\"2 minutos\" \/>\n<script type=\"application\/ld+json\" class=\"yoast-schema-graph\">{\"@context\":\"https:\/\/schema.org\",\"@graph\":[{\"@type\":\"Article\",\"@id\":\"https:\/\/web.consaguirre.com.ar\/noticias\/blue-note-celebra-el-dia-internacional-del-jazz-con-la-nueva-serie-essentials\/#article\",\"isPartOf\":{\"@id\":\"https:\/\/web.consaguirre.com.ar\/noticias\/blue-note-celebra-el-dia-internacional-del-jazz-con-la-nueva-serie-essentials\/\"},\"author\":{\"name\":\"Javier Figueroa\",\"@id\":\"https:\/\/web.consaguirre.com.ar\/noticias\/#\/schema\/person\/6558b0cfedee7ddc5425602b237d5722\"},\"headline\":\"Blue Note celebra el D\u00eda Internacional del Jazz con la nueva serie Essentials\",\"datePublished\":\"2026-04-30T17:38:24+00:00\",\"dateModified\":\"2026-04-30T17:38:25+00:00\",\"mainEntityOfPage\":{\"@id\":\"https:\/\/web.consaguirre.com.ar\/noticias\/blue-note-celebra-el-dia-internacional-del-jazz-con-la-nueva-serie-essentials\/\"},\"wordCount\":409,\"publisher\":{\"@id\":\"https:\/\/web.consaguirre.com.ar\/noticias\/#organization\"},\"image\":{\"@id\":\"https:\/\/web.consaguirre.com.ar\/noticias\/blue-note-celebra-el-dia-internacional-del-jazz-con-la-nueva-serie-essentials\/#primaryimage\"},\"thumbnailUrl\":\"https:\/\/web.consaguirre.com.ar\/noticias\/wp-content\/uploads\/2026\/04\/Blue-Note-celebra-el-Dia-Internacional-del-Jazz-con-la.jpg\",\"keywords\":[\"Blue\",\"celebra\",\"con\",\"del\",\"d\u00eda\",\"Essentials\",\"internacional\",\"Jazz\",\"Note\",\"nueva\",\"serie\"],\"articleSection\":[\"El \u00faltimo\"],\"inLanguage\":\"es-AR\"},{\"@type\":\"WebPage\",\"@id\":\"https:\/\/web.consaguirre.com.ar\/noticias\/blue-note-celebra-el-dia-internacional-del-jazz-con-la-nueva-serie-essentials\/\",\"url\":\"https:\/\/web.consaguirre.com.ar\/noticias\/blue-note-celebra-el-dia-internacional-del-jazz-con-la-nueva-serie-essentials\/\",\"name\":\"Blue Note celebra el D\u00eda Internacional del Jazz con la nueva serie Essentials\",\"isPartOf\":{\"@id\":\"https:\/\/web.consaguirre.com.ar\/noticias\/#website\"},\"primaryImageOfPage\":{\"@id\":\"https:\/\/web.consaguirre.com.ar\/noticias\/blue-note-celebra-el-dia-internacional-del-jazz-con-la-nueva-serie-essentials\/#primaryimage\"},\"image\":{\"@id\":\"https:\/\/web.consaguirre.com.ar\/noticias\/blue-note-celebra-el-dia-internacional-del-jazz-con-la-nueva-serie-essentials\/#primaryimage\"},\"thumbnailUrl\":\"https:\/\/web.consaguirre.com.ar\/noticias\/wp-content\/uploads\/2026\/04\/Blue-Note-celebra-el-Dia-Internacional-del-Jazz-con-la.jpg\",\"datePublished\":\"2026-04-30T17:38:24+00:00\",\"dateModified\":\"2026-04-30T17:38:25+00:00\",\"breadcrumb\":{\"@id\":\"https:\/\/web.consaguirre.com.ar\/noticias\/blue-note-celebra-el-dia-internacional-del-jazz-con-la-nueva-serie-essentials\/#breadcrumb\"},\"inLanguage\":\"es-AR\",\"potentialAction\":[{\"@type\":\"ReadAction\",\"target\":[\"https:\/\/web.consaguirre.com.ar\/noticias\/blue-note-celebra-el-dia-internacional-del-jazz-con-la-nueva-serie-essentials\/\"]}]},{\"@type\":\"ImageObject\",\"inLanguage\":\"es-AR\",\"@id\":\"https:\/\/web.consaguirre.com.ar\/noticias\/blue-note-celebra-el-dia-internacional-del-jazz-con-la-nueva-serie-essentials\/#primaryimage\",\"url\":\"https:\/\/web.consaguirre.com.ar\/noticias\/wp-content\/uploads\/2026\/04\/Blue-Note-celebra-el-Dia-Internacional-del-Jazz-con-la.jpg\",\"contentUrl\":\"https:\/\/web.consaguirre.com.ar\/noticias\/wp-content\/uploads\/2026\/04\/Blue-Note-celebra-el-Dia-Internacional-del-Jazz-con-la.jpg\",\"width\":820,\"height\":820,\"caption\":\"Horace Silver Song For My Father Blue Note Essentials\"},{\"@type\":\"BreadcrumbList\",\"@id\":\"https:\/\/web.consaguirre.com.ar\/noticias\/blue-note-celebra-el-dia-internacional-del-jazz-con-la-nueva-serie-essentials\/#breadcrumb\",\"itemListElement\":[{\"@type\":\"ListItem\",\"position\":1,\"name\":\"Inicio\",\"item\":\"https:\/\/web.consaguirre.com.ar\/noticias\/\"},{\"@type\":\"ListItem\",\"position\":2,\"name\":\"Blue Note celebra el D\u00eda Internacional del Jazz con la nueva serie Essentials\"}]},{\"@type\":\"WebSite\",\"@id\":\"https:\/\/web.consaguirre.com.ar\/noticias\/#website\",\"url\":\"https:\/\/web.consaguirre.com.ar\/noticias\/\",\"name\":\"Conservatorio de M\u00fasica Juli\u00e1n Aguirre\",\"description\":\"\",\"publisher\":{\"@id\":\"https:\/\/web.consaguirre.com.ar\/noticias\/#organization\"},\"potentialAction\":[{\"@type\":\"SearchAction\",\"target\":{\"@type\":\"EntryPoint\",\"urlTemplate\":\"https:\/\/web.consaguirre.com.ar\/noticias\/?s={search_term_string}\"},\"query-input\":\"required name=search_term_string\"}],\"inLanguage\":\"es-AR\"},{\"@type\":\"Organization\",\"@id\":\"https:\/\/web.consaguirre.com.ar\/noticias\/#organization\",\"name\":\"Conservatorio de M\u00fasica Juli\u00e1n Aguirre\",\"url\":\"https:\/\/web.consaguirre.com.ar\/noticias\/\",\"logo\":{\"@type\":\"ImageObject\",\"inLanguage\":\"es-AR\",\"@id\":\"https:\/\/web.consaguirre.com.ar\/noticias\/#\/schema\/logo\/image\/\",\"url\":\"https:\/\/web.consaguirre.com.ar\/noticias\/wp-content\/uploads\/2024\/08\/Banner-Aguirre-23.jpg\",\"contentUrl\":\"https:\/\/web.consaguirre.com.ar\/noticias\/wp-content\/uploads\/2024\/08\/Banner-Aguirre-23.jpg\",\"width\":1192,\"height\":600,\"caption\":\"Conservatorio de M\u00fasica Juli\u00e1n Aguirre\"},\"image\":{\"@id\":\"https:\/\/web.consaguirre.com.ar\/noticias\/#\/schema\/logo\/image\/\"}},{\"@type\":\"Person\",\"@id\":\"https:\/\/web.consaguirre.com.ar\/noticias\/#\/schema\/person\/6558b0cfedee7ddc5425602b237d5722\",\"name\":\"Javier Figueroa\",\"image\":{\"@type\":\"ImageObject\",\"inLanguage\":\"es-AR\",\"@id\":\"https:\/\/web.consaguirre.com.ar\/noticias\/#\/schema\/person\/image\/\",\"url\":\"https:\/\/web.consaguirre.com.ar\/noticias\/wp-content\/uploads\/2024\/08\/Consaguirre-scaled.jpg\",\"contentUrl\":\"https:\/\/web.consaguirre.com.ar\/noticias\/wp-content\/uploads\/2024\/08\/Consaguirre-scaled.jpg\",\"caption\":\"Javier Figueroa\"},\"description\":\"Me llamo Javier Figueroa y soy redactor para el sitio oficial del Conservatorio de M\u00fasica Juli\u00e1n Aguirre en Buenos Aires, consaguirre.com. Apasionado por la m\u00fasica y la escritura, me esfuerzo por destacar los talentos y eventos de nuestra prestigiosa instituci\u00f3n. Mi trayectoria se nutre de una profunda admiraci\u00f3n por los artistas, haciendo de cada art\u00edculo una celebraci\u00f3n de la creatividad y la cultura musical.\",\"sameAs\":[\"https:\/\/web.consaguirre.com.ar\/noticias\"]}]}<\/script>\n<!-- \/ Yoast SEO plugin. -->","yoast_head_json":{"title":"Blue Note celebra el D\u00eda Internacional del Jazz con la nueva serie Essentials","robots":{"index":"index","follow":"follow","max-snippet":"max-snippet:-1","max-image-preview":"max-image-preview:large","max-video-preview":"max-video-preview:-1"},"canonical":"https:\/\/web.consaguirre.com.ar\/noticias\/blue-note-celebra-el-dia-internacional-del-jazz-con-la-nueva-serie-essentials\/","og_locale":"es_ES","og_type":"article","og_title":"Blue Note celebra el D\u00eda Internacional del Jazz con la nueva serie Essentials","og_description":"Blue Note Records ha anunciado el lanzamiento de Blue Note Essentials, que se alinea con el D\u00eda Internacional del Jazz 2026. La serie tiene como","og_url":"https:\/\/web.consaguirre.com.ar\/noticias\/blue-note-celebra-el-dia-internacional-del-jazz-con-la-nueva-serie-essentials\/","og_site_name":"Conservatorio de M\u00fasica Juli\u00e1n Aguirre","article_published_time":"2026-04-30T17:38:24+00:00","article_modified_time":"2026-04-30T17:38:25+00:00","og_image":[{"width":820,"height":820,"url":"https:\/\/web.consaguirre.com.ar\/noticias\/wp-content\/uploads\/2026\/04\/Blue-Note-celebra-el-Dia-Internacional-del-Jazz-con-la.jpg","type":"image\/jpeg"}],"author":"Javier Figueroa","twitter_card":"summary_large_image","twitter_misc":{"Escrito por":"Javier Figueroa","Tiempo de lectura":"2 minutos"},"schema":{"@context":"https:\/\/schema.org","@graph":[{"@type":"Article","@id":"https:\/\/web.consaguirre.com.ar\/noticias\/blue-note-celebra-el-dia-internacional-del-jazz-con-la-nueva-serie-essentials\/#article","isPartOf":{"@id":"https:\/\/web.consaguirre.com.ar\/noticias\/blue-note-celebra-el-dia-internacional-del-jazz-con-la-nueva-serie-essentials\/"},"author":{"name":"Javier Figueroa","@id":"https:\/\/web.consaguirre.com.ar\/noticias\/#\/schema\/person\/6558b0cfedee7ddc5425602b237d5722"},"headline":"Blue Note celebra el D\u00eda Internacional del Jazz con la nueva serie Essentials","datePublished":"2026-04-30T17:38:24+00:00","dateModified":"2026-04-30T17:38:25+00:00","mainEntityOfPage":{"@id":"https:\/\/web.consaguirre.com.ar\/noticias\/blue-note-celebra-el-dia-internacional-del-jazz-con-la-nueva-serie-essentials\/"},"wordCount":409,"publisher":{"@id":"https:\/\/web.consaguirre.com.ar\/noticias\/#organization"},"image":{"@id":"https:\/\/web.consaguirre.com.ar\/noticias\/blue-note-celebra-el-dia-internacional-del-jazz-con-la-nueva-serie-essentials\/#primaryimage"},"thumbnailUrl":"https:\/\/web.consaguirre.com.ar\/noticias\/wp-content\/uploads\/2026\/04\/Blue-Note-celebra-el-Dia-Internacional-del-Jazz-con-la.jpg","keywords":["Blue","celebra","con","del","d\u00eda","Essentials","internacional","Jazz","Note","nueva","serie"],"articleSection":["El \u00faltimo"],"inLanguage":"es-AR"},{"@type":"WebPage","@id":"https:\/\/web.consaguirre.com.ar\/noticias\/blue-note-celebra-el-dia-internacional-del-jazz-con-la-nueva-serie-essentials\/","url":"https:\/\/web.consaguirre.com.ar\/noticias\/blue-note-celebra-el-dia-internacional-del-jazz-con-la-nueva-serie-essentials\/","name":"Blue Note celebra el D\u00eda Internacional del Jazz con la nueva serie Essentials","isPartOf":{"@id":"https:\/\/web.consaguirre.com.ar\/noticias\/#website"},"primaryImageOfPage":{"@id":"https:\/\/web.consaguirre.com.ar\/noticias\/blue-note-celebra-el-dia-internacional-del-jazz-con-la-nueva-serie-essentials\/#primaryimage"},"image":{"@id":"https:\/\/web.consaguirre.com.ar\/noticias\/blue-note-celebra-el-dia-internacional-del-jazz-con-la-nueva-serie-essentials\/#primaryimage"},"thumbnailUrl":"https:\/\/web.consaguirre.com.ar\/noticias\/wp-content\/uploads\/2026\/04\/Blue-Note-celebra-el-Dia-Internacional-del-Jazz-con-la.jpg","datePublished":"2026-04-30T17:38:24+00:00","dateModified":"2026-04-30T17:38:25+00:00","breadcrumb":{"@id":"https:\/\/web.consaguirre.com.ar\/noticias\/blue-note-celebra-el-dia-internacional-del-jazz-con-la-nueva-serie-essentials\/#breadcrumb"},"inLanguage":"es-AR","potentialAction":[{"@type":"ReadAction","target":["https:\/\/web.consaguirre.com.ar\/noticias\/blue-note-celebra-el-dia-internacional-del-jazz-con-la-nueva-serie-essentials\/"]}]},{"@type":"ImageObject","inLanguage":"es-AR","@id":"https:\/\/web.consaguirre.com.ar\/noticias\/blue-note-celebra-el-dia-internacional-del-jazz-con-la-nueva-serie-essentials\/#primaryimage","url":"https:\/\/web.consaguirre.com.ar\/noticias\/wp-content\/uploads\/2026\/04\/Blue-Note-celebra-el-Dia-Internacional-del-Jazz-con-la.jpg","contentUrl":"https:\/\/web.consaguirre.com.ar\/noticias\/wp-content\/uploads\/2026\/04\/Blue-Note-celebra-el-Dia-Internacional-del-Jazz-con-la.jpg","width":820,"height":820,"caption":"Horace Silver Song For My Father Blue Note Essentials"},{"@type":"BreadcrumbList","@id":"https:\/\/web.consaguirre.com.ar\/noticias\/blue-note-celebra-el-dia-internacional-del-jazz-con-la-nueva-serie-essentials\/#breadcrumb","itemListElement":[{"@type":"ListItem","position":1,"name":"Inicio","item":"https:\/\/web.consaguirre.com.ar\/noticias\/"},{"@type":"ListItem","position":2,"name":"Blue Note celebra el D\u00eda Internacional del Jazz con la nueva serie Essentials"}]},{"@type":"WebSite","@id":"https:\/\/web.consaguirre.com.ar\/noticias\/#website","url":"https:\/\/web.consaguirre.com.ar\/noticias\/","name":"Conservatorio de M\u00fasica Juli\u00e1n Aguirre","description":"","publisher":{"@id":"https:\/\/web.consaguirre.com.ar\/noticias\/#organization"},"potentialAction":[{"@type":"SearchAction","target":{"@type":"EntryPoint","urlTemplate":"https:\/\/web.consaguirre.com.ar\/noticias\/?s={search_term_string}"},"query-input":"required name=search_term_string"}],"inLanguage":"es-AR"},{"@type":"Organization","@id":"https:\/\/web.consaguirre.com.ar\/noticias\/#organization","name":"Conservatorio de M\u00fasica Juli\u00e1n Aguirre","url":"https:\/\/web.consaguirre.com.ar\/noticias\/","logo":{"@type":"ImageObject","inLanguage":"es-AR","@id":"https:\/\/web.consaguirre.com.ar\/noticias\/#\/schema\/logo\/image\/","url":"https:\/\/web.consaguirre.com.ar\/noticias\/wp-content\/uploads\/2024\/08\/Banner-Aguirre-23.jpg","contentUrl":"https:\/\/web.consaguirre.com.ar\/noticias\/wp-content\/uploads\/2024\/08\/Banner-Aguirre-23.jpg","width":1192,"height":600,"caption":"Conservatorio de M\u00fasica Juli\u00e1n Aguirre"},"image":{"@id":"https:\/\/web.consaguirre.com.ar\/noticias\/#\/schema\/logo\/image\/"}},{"@type":"Person","@id":"https:\/\/web.consaguirre.com.ar\/noticias\/#\/schema\/person\/6558b0cfedee7ddc5425602b237d5722","name":"Javier Figueroa","image":{"@type":"ImageObject","inLanguage":"es-AR","@id":"https:\/\/web.consaguirre.com.ar\/noticias\/#\/schema\/person\/image\/","url":"https:\/\/web.consaguirre.com.ar\/noticias\/wp-content\/uploads\/2024\/08\/Consaguirre-scaled.jpg","contentUrl":"https:\/\/web.consaguirre.com.ar\/noticias\/wp-content\/uploads\/2024\/08\/Consaguirre-scaled.jpg","caption":"Javier Figueroa"},"description":"Me llamo Javier Figueroa y soy redactor para el sitio oficial del Conservatorio de M\u00fasica Juli\u00e1n Aguirre en Buenos Aires, consaguirre.com. Apasionado por la m\u00fasica y la escritura, me esfuerzo por destacar los talentos y eventos de nuestra prestigiosa instituci\u00f3n. Mi trayectoria se nutre de una profunda admiraci\u00f3n por los artistas, haciendo de cada art\u00edculo una celebraci\u00f3n de la creatividad y la cultura musical.","sameAs":["https:\/\/web.consaguirre.com.ar\/noticias"]}]}},"_links":{"self":[{"href":"https:\/\/web.consaguirre.com.ar\/noticias\/wp-json\/wp\/v2\/posts\/5861"}],"collection":[{"href":"https:\/\/web.consaguirre.com.ar\/noticias\/wp-json\/wp\/v2\/posts"}],"about":[{"href":"https:\/\/web.consaguirre.com.ar\/noticias\/wp-json\/wp\/v2\/types\/post"}],"author":[{"embeddable":true,"href":"https:\/\/web.consaguirre.com.ar\/noticias\/wp-json\/wp\/v2\/users\/1"}],"replies":[{"embeddable":true,"href":"https:\/\/web.consaguirre.com.ar\/noticias\/wp-json\/wp\/v2\/comments?post=5861"}],"version-history":[{"count":1,"href":"https:\/\/web.consaguirre.com.ar\/noticias\/wp-json\/wp\/v2\/posts\/5861\/revisions"}],"predecessor-version":[{"id":5863,"href":"https:\/\/web.consaguirre.com.ar\/noticias\/wp-json\/wp\/v2\/posts\/5861\/revisions\/5863"}],"wp:featuredmedia":[{"embeddable":true,"href":"https:\/\/web.consaguirre.com.ar\/noticias\/wp-json\/wp\/v2\/media\/5862"}],"wp:attachment":[{"href":"https:\/\/web.consaguirre.com.ar\/noticias\/wp-json\/wp\/v2\/media?parent=5861"}],"wp:term":[{"taxonomy":"category","embeddable":true,"href":"https:\/\/web.consaguirre.com.ar\/noticias\/wp-json\/wp\/v2\/categories?post=5861"},{"taxonomy":"post_tag","embeddable":true,"href":"https:\/\/web.consaguirre.com.ar\/noticias\/wp-json\/wp\/v2\/tags?post=5861"}],"curies":[{"name":"wp","href":"https:\/\/api.w.org\/{rel}","templated":true}]}}