{"id":5847,"date":"2026-04-29T20:39:37","date_gmt":"2026-04-29T23:39:37","guid":{"rendered":"https:\/\/web.consaguirre.com.ar\/noticias\/ariana-grande-anuncia-octavo-album-petal\/"},"modified":"2026-04-29T20:39:38","modified_gmt":"2026-04-29T23:39:38","slug":"ariana-grande-anuncia-octavo-album-petal","status":"publish","type":"post","link":"https:\/\/web.consaguirre.com.ar\/noticias\/ariana-grande-anuncia-octavo-album-petal\/","title":{"rendered":"Ariana Grande anuncia octavo \u00e1lbum &#8216;petal&#8217;"},"content":{"rendered":"<p><b>Ariana Grande<\/b> ha anunciado su octavo \u00e1lbum de estudio, <i>p\u00e9talo<\/i>que se lanzar\u00e1 el 31 de julio a trav\u00e9s de Republic Records. Producido ejecutivo y coescrito por Grande e ILYA, el proyecto ya est\u00e1 disponible para pedidos por adelantado.<\/p>\n<p>Grande descrito <i>p\u00e9talo<\/i> como &#8220;algo que est\u00e1 lleno de vida y que crece a trav\u00e9s de las grietas de algo fr\u00edo, duro y desafiante&#8221;. El lanzamiento agrega un nuevo largometraje a un cat\u00e1logo que ha producido nueve \u00e9xitos No. 1 del Billboard Hot 100 y siete debuts de canciones No. 1. Grande tambi\u00e9n hizo historia en las listas como el primer artista desde The Beatles en ocupar los tres primeros lugares del Hot 100 simult\u00e1neamente, con \u201c7 rings\u201d, \u201crompe con tu novia, estoy aburrido\u201d y \u201cgracias, a continuaci\u00f3n\u201d. En 2020, se convirti\u00f3 en la primera artista en debutar tres canciones en el n\u00famero 1 del Hot 100 en un solo a\u00f1o calendario. Esos hitos llegan junto con una carrera cinematogr\u00e1fica que recientemente le vali\u00f3 nominaciones al Premio de la Academia y al Globo de Oro.<\/p>\n<p>M\u00e1s recientemente, 2024 <i>sol eterno<\/i> debut\u00f3 en el n\u00famero 1 del Billboard 200 y se convirti\u00f3 en el \u00e1lbum n\u00famero uno de mayor duraci\u00f3n en la carrera de Grande. Ese \u00e1lbum tambi\u00e9n gener\u00f3 debuts consecutivos en el No. 1 del Hot 100 con \u201cyes, and?\u201d y \u201cno podemos ser amigos (espera tu amor)\u201d. En la pantalla, Grande interpret\u00f3 a Glinda junto a Cynthia Erivo en la pel\u00edcula de Jon M. Chu. <i>Malvado<\/i> Films, que ha recaudado m\u00e1s de 1.200 millones de d\u00f3lares en todo el mundo y le vali\u00f3 nominaciones a los premios de la Academia, los Globos de Oro, los BAFTA, los Critics Choice y los premios SAG. Adem\u00e1s, Grande tambi\u00e9n ha completado el trabajo en Universal&#8217;s <i>Suegro<\/i>previsto para noviembre, y est\u00e1 previsto que debute en el West End en 2027. <i>Domingo en el parque con George<\/i> frente a Jonathan Bailey.<\/p>\n<p><b>Reservar Ariana Grande <em>p\u00e9talo<\/em> aqu\u00ed.<\/b><\/p>\n","protected":false},"excerpt":{"rendered":"<p>Ariana Grande ha anunciado su octavo \u00e1lbum de estudio, p\u00e9taloque se lanzar\u00e1 el 31 de julio a trav\u00e9s de Republic Records. Producido ejecutivo y coescrito<\/p>\n","protected":false},"author":1,"featured_media":5848,"comment_status":"closed","ping_status":"","sticky":false,"template":"","format":"standard","meta":{"footnotes":""},"categories":[50],"tags":[147,56,158,159,2527,4217],"class_list":["post-5847","post","type-post","status-publish","format-standard","has-post-thumbnail","hentry","category-el-ultimo","tag-album","tag-anuncia","tag-ariana","tag-grande","tag-octavo","tag-petal","generate-columns","tablet-grid-50","mobile-grid-100","grid-parent","grid-50"],"yoast_head":"<!-- This site is optimized with the Yoast SEO plugin v23.3 - https:\/\/yoast.com\/wordpress\/plugins\/seo\/ -->\n<title>Ariana Grande anuncia octavo \u00e1lbum &#039;petal&#039;<\/title>\n<meta name=\"robots\" content=\"index, follow, max-snippet:-1, max-image-preview:large, max-video-preview:-1\" \/>\n<link rel=\"canonical\" href=\"https:\/\/web.consaguirre.com.ar\/noticias\/ariana-grande-anuncia-octavo-album-petal\/\" \/>\n<meta property=\"og:locale\" content=\"es_ES\" \/>\n<meta property=\"og:type\" content=\"article\" \/>\n<meta property=\"og:title\" content=\"Ariana Grande anuncia octavo \u00e1lbum &#039;petal&#039;\" \/>\n<meta property=\"og:description\" content=\"Ariana Grande ha anunciado su octavo \u00e1lbum de estudio, p\u00e9taloque se lanzar\u00e1 el 31 de julio a trav\u00e9s de Republic Records. Producido ejecutivo y coescrito\" \/>\n<meta property=\"og:url\" content=\"https:\/\/web.consaguirre.com.ar\/noticias\/ariana-grande-anuncia-octavo-album-petal\/\" \/>\n<meta property=\"og:site_name\" content=\"Conservatorio de M\u00fasica Juli\u00e1n Aguirre\" \/>\n<meta property=\"article:published_time\" content=\"2026-04-29T23:39:37+00:00\" \/>\n<meta property=\"article:modified_time\" content=\"2026-04-29T23:39:38+00:00\" \/>\n<meta property=\"og:image\" content=\"https:\/\/web.consaguirre.com.ar\/noticias\/wp-content\/uploads\/2026\/04\/Ariana-Grande-anuncia-octavo-album-petal.jpg\" \/>\n\t<meta property=\"og:image:width\" content=\"820\" \/>\n\t<meta property=\"og:image:height\" content=\"820\" \/>\n\t<meta property=\"og:image:type\" content=\"image\/jpeg\" \/>\n<meta name=\"author\" content=\"Javier Figueroa\" \/>\n<meta name=\"twitter:card\" content=\"summary_large_image\" \/>\n<meta name=\"twitter:label1\" content=\"Escrito por\" \/>\n\t<meta name=\"twitter:data1\" content=\"Javier Figueroa\" \/>\n\t<meta name=\"twitter:label2\" content=\"Tiempo de lectura\" \/>\n\t<meta name=\"twitter:data2\" content=\"2 minutos\" \/>\n<script type=\"application\/ld+json\" class=\"yoast-schema-graph\">{\"@context\":\"https:\/\/schema.org\",\"@graph\":[{\"@type\":\"Article\",\"@id\":\"https:\/\/web.consaguirre.com.ar\/noticias\/ariana-grande-anuncia-octavo-album-petal\/#article\",\"isPartOf\":{\"@id\":\"https:\/\/web.consaguirre.com.ar\/noticias\/ariana-grande-anuncia-octavo-album-petal\/\"},\"author\":{\"name\":\"Javier Figueroa\",\"@id\":\"https:\/\/web.consaguirre.com.ar\/noticias\/#\/schema\/person\/6558b0cfedee7ddc5425602b237d5722\"},\"headline\":\"Ariana Grande anuncia octavo \u00e1lbum &#8216;petal&#8217;\",\"datePublished\":\"2026-04-29T23:39:37+00:00\",\"dateModified\":\"2026-04-29T23:39:38+00:00\",\"mainEntityOfPage\":{\"@id\":\"https:\/\/web.consaguirre.com.ar\/noticias\/ariana-grande-anuncia-octavo-album-petal\/\"},\"wordCount\":334,\"publisher\":{\"@id\":\"https:\/\/web.consaguirre.com.ar\/noticias\/#organization\"},\"image\":{\"@id\":\"https:\/\/web.consaguirre.com.ar\/noticias\/ariana-grande-anuncia-octavo-album-petal\/#primaryimage\"},\"thumbnailUrl\":\"https:\/\/web.consaguirre.com.ar\/noticias\/wp-content\/uploads\/2026\/04\/Ariana-Grande-anuncia-octavo-album-petal.jpg\",\"keywords\":[\"\u00e1lbum\",\"anuncia\",\"Ariana\",\"Grande\",\"octavo\",\"petal\"],\"articleSection\":[\"El \u00faltimo\"],\"inLanguage\":\"es-AR\"},{\"@type\":\"WebPage\",\"@id\":\"https:\/\/web.consaguirre.com.ar\/noticias\/ariana-grande-anuncia-octavo-album-petal\/\",\"url\":\"https:\/\/web.consaguirre.com.ar\/noticias\/ariana-grande-anuncia-octavo-album-petal\/\",\"name\":\"Ariana Grande anuncia octavo \u00e1lbum 'petal'\",\"isPartOf\":{\"@id\":\"https:\/\/web.consaguirre.com.ar\/noticias\/#website\"},\"primaryImageOfPage\":{\"@id\":\"https:\/\/web.consaguirre.com.ar\/noticias\/ariana-grande-anuncia-octavo-album-petal\/#primaryimage\"},\"image\":{\"@id\":\"https:\/\/web.consaguirre.com.ar\/noticias\/ariana-grande-anuncia-octavo-album-petal\/#primaryimage\"},\"thumbnailUrl\":\"https:\/\/web.consaguirre.com.ar\/noticias\/wp-content\/uploads\/2026\/04\/Ariana-Grande-anuncia-octavo-album-petal.jpg\",\"datePublished\":\"2026-04-29T23:39:37+00:00\",\"dateModified\":\"2026-04-29T23:39:38+00:00\",\"breadcrumb\":{\"@id\":\"https:\/\/web.consaguirre.com.ar\/noticias\/ariana-grande-anuncia-octavo-album-petal\/#breadcrumb\"},\"inLanguage\":\"es-AR\",\"potentialAction\":[{\"@type\":\"ReadAction\",\"target\":[\"https:\/\/web.consaguirre.com.ar\/noticias\/ariana-grande-anuncia-octavo-album-petal\/\"]}]},{\"@type\":\"ImageObject\",\"inLanguage\":\"es-AR\",\"@id\":\"https:\/\/web.consaguirre.com.ar\/noticias\/ariana-grande-anuncia-octavo-album-petal\/#primaryimage\",\"url\":\"https:\/\/web.consaguirre.com.ar\/noticias\/wp-content\/uploads\/2026\/04\/Ariana-Grande-anuncia-octavo-album-petal.jpg\",\"contentUrl\":\"https:\/\/web.consaguirre.com.ar\/noticias\/wp-content\/uploads\/2026\/04\/Ariana-Grande-anuncia-octavo-album-petal.jpg\",\"width\":820,\"height\":820,\"caption\":\"Ariana Grande petal\"},{\"@type\":\"BreadcrumbList\",\"@id\":\"https:\/\/web.consaguirre.com.ar\/noticias\/ariana-grande-anuncia-octavo-album-petal\/#breadcrumb\",\"itemListElement\":[{\"@type\":\"ListItem\",\"position\":1,\"name\":\"Inicio\",\"item\":\"https:\/\/web.consaguirre.com.ar\/noticias\/\"},{\"@type\":\"ListItem\",\"position\":2,\"name\":\"Ariana Grande anuncia octavo \u00e1lbum &#8216;petal&#8217;\"}]},{\"@type\":\"WebSite\",\"@id\":\"https:\/\/web.consaguirre.com.ar\/noticias\/#website\",\"url\":\"https:\/\/web.consaguirre.com.ar\/noticias\/\",\"name\":\"Conservatorio de M\u00fasica Juli\u00e1n Aguirre\",\"description\":\"\",\"publisher\":{\"@id\":\"https:\/\/web.consaguirre.com.ar\/noticias\/#organization\"},\"potentialAction\":[{\"@type\":\"SearchAction\",\"target\":{\"@type\":\"EntryPoint\",\"urlTemplate\":\"https:\/\/web.consaguirre.com.ar\/noticias\/?s={search_term_string}\"},\"query-input\":\"required name=search_term_string\"}],\"inLanguage\":\"es-AR\"},{\"@type\":\"Organization\",\"@id\":\"https:\/\/web.consaguirre.com.ar\/noticias\/#organization\",\"name\":\"Conservatorio de M\u00fasica Juli\u00e1n Aguirre\",\"url\":\"https:\/\/web.consaguirre.com.ar\/noticias\/\",\"logo\":{\"@type\":\"ImageObject\",\"inLanguage\":\"es-AR\",\"@id\":\"https:\/\/web.consaguirre.com.ar\/noticias\/#\/schema\/logo\/image\/\",\"url\":\"https:\/\/web.consaguirre.com.ar\/noticias\/wp-content\/uploads\/2024\/08\/Banner-Aguirre-23.jpg\",\"contentUrl\":\"https:\/\/web.consaguirre.com.ar\/noticias\/wp-content\/uploads\/2024\/08\/Banner-Aguirre-23.jpg\",\"width\":1192,\"height\":600,\"caption\":\"Conservatorio de M\u00fasica Juli\u00e1n Aguirre\"},\"image\":{\"@id\":\"https:\/\/web.consaguirre.com.ar\/noticias\/#\/schema\/logo\/image\/\"}},{\"@type\":\"Person\",\"@id\":\"https:\/\/web.consaguirre.com.ar\/noticias\/#\/schema\/person\/6558b0cfedee7ddc5425602b237d5722\",\"name\":\"Javier Figueroa\",\"image\":{\"@type\":\"ImageObject\",\"inLanguage\":\"es-AR\",\"@id\":\"https:\/\/web.consaguirre.com.ar\/noticias\/#\/schema\/person\/image\/\",\"url\":\"https:\/\/web.consaguirre.com.ar\/noticias\/wp-content\/uploads\/2024\/08\/Consaguirre-scaled.jpg\",\"contentUrl\":\"https:\/\/web.consaguirre.com.ar\/noticias\/wp-content\/uploads\/2024\/08\/Consaguirre-scaled.jpg\",\"caption\":\"Javier Figueroa\"},\"description\":\"Me llamo Javier Figueroa y soy redactor para el sitio oficial del Conservatorio de M\u00fasica Juli\u00e1n Aguirre en Buenos Aires, consaguirre.com. Apasionado por la m\u00fasica y la escritura, me esfuerzo por destacar los talentos y eventos de nuestra prestigiosa instituci\u00f3n. Mi trayectoria se nutre de una profunda admiraci\u00f3n por los artistas, haciendo de cada art\u00edculo una celebraci\u00f3n de la creatividad y la cultura musical.\",\"sameAs\":[\"https:\/\/web.consaguirre.com.ar\/noticias\"]}]}<\/script>\n<!-- \/ Yoast SEO plugin. -->","yoast_head_json":{"title":"Ariana Grande anuncia octavo \u00e1lbum 'petal'","robots":{"index":"index","follow":"follow","max-snippet":"max-snippet:-1","max-image-preview":"max-image-preview:large","max-video-preview":"max-video-preview:-1"},"canonical":"https:\/\/web.consaguirre.com.ar\/noticias\/ariana-grande-anuncia-octavo-album-petal\/","og_locale":"es_ES","og_type":"article","og_title":"Ariana Grande anuncia octavo \u00e1lbum 'petal'","og_description":"Ariana Grande ha anunciado su octavo \u00e1lbum de estudio, p\u00e9taloque se lanzar\u00e1 el 31 de julio a trav\u00e9s de Republic Records. Producido ejecutivo y coescrito","og_url":"https:\/\/web.consaguirre.com.ar\/noticias\/ariana-grande-anuncia-octavo-album-petal\/","og_site_name":"Conservatorio de M\u00fasica Juli\u00e1n Aguirre","article_published_time":"2026-04-29T23:39:37+00:00","article_modified_time":"2026-04-29T23:39:38+00:00","og_image":[{"width":820,"height":820,"url":"https:\/\/web.consaguirre.com.ar\/noticias\/wp-content\/uploads\/2026\/04\/Ariana-Grande-anuncia-octavo-album-petal.jpg","type":"image\/jpeg"}],"author":"Javier Figueroa","twitter_card":"summary_large_image","twitter_misc":{"Escrito por":"Javier Figueroa","Tiempo de lectura":"2 minutos"},"schema":{"@context":"https:\/\/schema.org","@graph":[{"@type":"Article","@id":"https:\/\/web.consaguirre.com.ar\/noticias\/ariana-grande-anuncia-octavo-album-petal\/#article","isPartOf":{"@id":"https:\/\/web.consaguirre.com.ar\/noticias\/ariana-grande-anuncia-octavo-album-petal\/"},"author":{"name":"Javier Figueroa","@id":"https:\/\/web.consaguirre.com.ar\/noticias\/#\/schema\/person\/6558b0cfedee7ddc5425602b237d5722"},"headline":"Ariana Grande anuncia octavo \u00e1lbum &#8216;petal&#8217;","datePublished":"2026-04-29T23:39:37+00:00","dateModified":"2026-04-29T23:39:38+00:00","mainEntityOfPage":{"@id":"https:\/\/web.consaguirre.com.ar\/noticias\/ariana-grande-anuncia-octavo-album-petal\/"},"wordCount":334,"publisher":{"@id":"https:\/\/web.consaguirre.com.ar\/noticias\/#organization"},"image":{"@id":"https:\/\/web.consaguirre.com.ar\/noticias\/ariana-grande-anuncia-octavo-album-petal\/#primaryimage"},"thumbnailUrl":"https:\/\/web.consaguirre.com.ar\/noticias\/wp-content\/uploads\/2026\/04\/Ariana-Grande-anuncia-octavo-album-petal.jpg","keywords":["\u00e1lbum","anuncia","Ariana","Grande","octavo","petal"],"articleSection":["El \u00faltimo"],"inLanguage":"es-AR"},{"@type":"WebPage","@id":"https:\/\/web.consaguirre.com.ar\/noticias\/ariana-grande-anuncia-octavo-album-petal\/","url":"https:\/\/web.consaguirre.com.ar\/noticias\/ariana-grande-anuncia-octavo-album-petal\/","name":"Ariana Grande anuncia octavo \u00e1lbum 'petal'","isPartOf":{"@id":"https:\/\/web.consaguirre.com.ar\/noticias\/#website"},"primaryImageOfPage":{"@id":"https:\/\/web.consaguirre.com.ar\/noticias\/ariana-grande-anuncia-octavo-album-petal\/#primaryimage"},"image":{"@id":"https:\/\/web.consaguirre.com.ar\/noticias\/ariana-grande-anuncia-octavo-album-petal\/#primaryimage"},"thumbnailUrl":"https:\/\/web.consaguirre.com.ar\/noticias\/wp-content\/uploads\/2026\/04\/Ariana-Grande-anuncia-octavo-album-petal.jpg","datePublished":"2026-04-29T23:39:37+00:00","dateModified":"2026-04-29T23:39:38+00:00","breadcrumb":{"@id":"https:\/\/web.consaguirre.com.ar\/noticias\/ariana-grande-anuncia-octavo-album-petal\/#breadcrumb"},"inLanguage":"es-AR","potentialAction":[{"@type":"ReadAction","target":["https:\/\/web.consaguirre.com.ar\/noticias\/ariana-grande-anuncia-octavo-album-petal\/"]}]},{"@type":"ImageObject","inLanguage":"es-AR","@id":"https:\/\/web.consaguirre.com.ar\/noticias\/ariana-grande-anuncia-octavo-album-petal\/#primaryimage","url":"https:\/\/web.consaguirre.com.ar\/noticias\/wp-content\/uploads\/2026\/04\/Ariana-Grande-anuncia-octavo-album-petal.jpg","contentUrl":"https:\/\/web.consaguirre.com.ar\/noticias\/wp-content\/uploads\/2026\/04\/Ariana-Grande-anuncia-octavo-album-petal.jpg","width":820,"height":820,"caption":"Ariana Grande petal"},{"@type":"BreadcrumbList","@id":"https:\/\/web.consaguirre.com.ar\/noticias\/ariana-grande-anuncia-octavo-album-petal\/#breadcrumb","itemListElement":[{"@type":"ListItem","position":1,"name":"Inicio","item":"https:\/\/web.consaguirre.com.ar\/noticias\/"},{"@type":"ListItem","position":2,"name":"Ariana Grande anuncia octavo \u00e1lbum &#8216;petal&#8217;"}]},{"@type":"WebSite","@id":"https:\/\/web.consaguirre.com.ar\/noticias\/#website","url":"https:\/\/web.consaguirre.com.ar\/noticias\/","name":"Conservatorio de M\u00fasica Juli\u00e1n Aguirre","description":"","publisher":{"@id":"https:\/\/web.consaguirre.com.ar\/noticias\/#organization"},"potentialAction":[{"@type":"SearchAction","target":{"@type":"EntryPoint","urlTemplate":"https:\/\/web.consaguirre.com.ar\/noticias\/?s={search_term_string}"},"query-input":"required name=search_term_string"}],"inLanguage":"es-AR"},{"@type":"Organization","@id":"https:\/\/web.consaguirre.com.ar\/noticias\/#organization","name":"Conservatorio de M\u00fasica Juli\u00e1n Aguirre","url":"https:\/\/web.consaguirre.com.ar\/noticias\/","logo":{"@type":"ImageObject","inLanguage":"es-AR","@id":"https:\/\/web.consaguirre.com.ar\/noticias\/#\/schema\/logo\/image\/","url":"https:\/\/web.consaguirre.com.ar\/noticias\/wp-content\/uploads\/2024\/08\/Banner-Aguirre-23.jpg","contentUrl":"https:\/\/web.consaguirre.com.ar\/noticias\/wp-content\/uploads\/2024\/08\/Banner-Aguirre-23.jpg","width":1192,"height":600,"caption":"Conservatorio de M\u00fasica Juli\u00e1n Aguirre"},"image":{"@id":"https:\/\/web.consaguirre.com.ar\/noticias\/#\/schema\/logo\/image\/"}},{"@type":"Person","@id":"https:\/\/web.consaguirre.com.ar\/noticias\/#\/schema\/person\/6558b0cfedee7ddc5425602b237d5722","name":"Javier Figueroa","image":{"@type":"ImageObject","inLanguage":"es-AR","@id":"https:\/\/web.consaguirre.com.ar\/noticias\/#\/schema\/person\/image\/","url":"https:\/\/web.consaguirre.com.ar\/noticias\/wp-content\/uploads\/2024\/08\/Consaguirre-scaled.jpg","contentUrl":"https:\/\/web.consaguirre.com.ar\/noticias\/wp-content\/uploads\/2024\/08\/Consaguirre-scaled.jpg","caption":"Javier Figueroa"},"description":"Me llamo Javier Figueroa y soy redactor para el sitio oficial del Conservatorio de M\u00fasica Juli\u00e1n Aguirre en Buenos Aires, consaguirre.com. Apasionado por la m\u00fasica y la escritura, me esfuerzo por destacar los talentos y eventos de nuestra prestigiosa instituci\u00f3n. Mi trayectoria se nutre de una profunda admiraci\u00f3n por los artistas, haciendo de cada art\u00edculo una celebraci\u00f3n de la creatividad y la cultura musical.","sameAs":["https:\/\/web.consaguirre.com.ar\/noticias"]}]}},"_links":{"self":[{"href":"https:\/\/web.consaguirre.com.ar\/noticias\/wp-json\/wp\/v2\/posts\/5847"}],"collection":[{"href":"https:\/\/web.consaguirre.com.ar\/noticias\/wp-json\/wp\/v2\/posts"}],"about":[{"href":"https:\/\/web.consaguirre.com.ar\/noticias\/wp-json\/wp\/v2\/types\/post"}],"author":[{"embeddable":true,"href":"https:\/\/web.consaguirre.com.ar\/noticias\/wp-json\/wp\/v2\/users\/1"}],"replies":[{"embeddable":true,"href":"https:\/\/web.consaguirre.com.ar\/noticias\/wp-json\/wp\/v2\/comments?post=5847"}],"version-history":[{"count":1,"href":"https:\/\/web.consaguirre.com.ar\/noticias\/wp-json\/wp\/v2\/posts\/5847\/revisions"}],"predecessor-version":[{"id":5849,"href":"https:\/\/web.consaguirre.com.ar\/noticias\/wp-json\/wp\/v2\/posts\/5847\/revisions\/5849"}],"wp:featuredmedia":[{"embeddable":true,"href":"https:\/\/web.consaguirre.com.ar\/noticias\/wp-json\/wp\/v2\/media\/5848"}],"wp:attachment":[{"href":"https:\/\/web.consaguirre.com.ar\/noticias\/wp-json\/wp\/v2\/media?parent=5847"}],"wp:term":[{"taxonomy":"category","embeddable":true,"href":"https:\/\/web.consaguirre.com.ar\/noticias\/wp-json\/wp\/v2\/categories?post=5847"},{"taxonomy":"post_tag","embeddable":true,"href":"https:\/\/web.consaguirre.com.ar\/noticias\/wp-json\/wp\/v2\/tags?post=5847"}],"curies":[{"name":"wp","href":"https:\/\/api.w.org\/{rel}","templated":true}]}}