{"id":5841,"date":"2026-04-29T14:38:29","date_gmt":"2026-04-29T17:38:29","guid":{"rendered":"https:\/\/web.consaguirre.com.ar\/noticias\/daddy-yankee-y-shenseea-comparten-echo-para-el-album-de-fifa\/"},"modified":"2026-04-29T14:38:30","modified_gmt":"2026-04-29T17:38:30","slug":"daddy-yankee-y-shenseea-comparten-echo-para-el-album-de-fifa","status":"publish","type":"post","link":"https:\/\/web.consaguirre.com.ar\/noticias\/daddy-yankee-y-shenseea-comparten-echo-para-el-album-de-fifa\/","title":{"rendered":"Daddy Yankee y Shenseea comparten &#8216;Echo&#8217; para el \u00e1lbum de FIFA"},"content":{"rendered":"<p><b>pap\u00e1 yankee<\/b> y Shenseea han lanzado \u201cEcho\u201d, una nueva colaboraci\u00f3n para el <i>\u00c1lbum oficial de la Copa Mundial de la FIFA 2026<\/i>. Publicada el 28 de abril a trav\u00e9s de SALXCO UAM y Def Jam Recordings, la canci\u00f3n fue coproducida y producida ejecutivamente por Tainy y construida alrededor de una muestra de \u201cRed &#038; Black Light\u201d de Ibrahim Maalouf. La producci\u00f3n adicional provino de Maalouf, Massari, Adium, Jota Rosa y Albert Hype.<\/p>\n<p>El lanzamiento une a dos artistas de diferentes rincones de la m\u00fasica caribe\u00f1a en una canci\u00f3n que vincula el dancehall y el reggaet\u00f3n. Daddy Yankee dijo que el proyecto ofrec\u00eda \u201cuna oportunidad para unir a la gente m\u00e1s all\u00e1 de cualquier idioma o frontera\u201d. Shenseea agreg\u00f3 que la m\u00fasica y el f\u00fatbol \u201chablan un lenguaje universal\u201d, presentando el sencillo como parte de la configuraci\u00f3n internacional m\u00e1s amplia del torneo.<\/p>\n<div class=\"uD-YT-container\"><img decoding=\"async\" src=\"https:\/\/web.consaguirre.com.ar\/noticias\/wp-content\/uploads\/2026\/04\/1777484309_208_Daddy-Yankee-y-Shenseea-comparten-Echo-para-el-album-de.jpg\" alt=\"V\u00eddeo de YouTube\"><br \/>Haga clic para cargar v\u00eddeo<\/div>\n<p>\u201cEcho\u201d llega como el tercer sencillo conectado al <i>\u00c1lbum oficial de la Copa Mundial de la FIFA 2026<\/i>tras \u201cLighter\u201d de Jelly Roll y Car\u00edn Le\u00f3n y \u201cPor Ella\u201d de Los \u00c1ngeles Azules y Belinda. La FIFA ha estado lanzando el \u00e1lbum por etapas antes del torneo de 2026, utilizando cada lanzamiento para agregar otro \u00e1ngulo regional al proyecto.<\/p>\n<p>El anuncio tambi\u00e9n llega durante un per\u00edodo activo para ambos artistas. El 7 de abril de 2026, la Academia Latina de la Grabaci\u00f3n nombr\u00f3 a Daddy Yankee su Persona del A\u00f1o 2026, con la gala programada para el 11 de noviembre en Las Vegas. En octubre de 2025 regres\u00f3 con <i>Lamento en Baile<\/i>su primer \u00e1lbum de estudio en tres a\u00f1os, junto al sencillo \u201cEl Toque\u201d. Mientras tanto, Shenseea comenz\u00f3 2026 con \u201cTalk To Me Nuh\u201d, un lanzamiento en marzo con Vybz Kartel y Rvssian. Su segundo \u00e1lbum, <i>Aqu\u00ed nunca llega tarde<\/i>lleg\u00f3 en mayo de 2024 tras los sencillos \u201cHit &#038; Run\u201d, \u201cDie For You\u201d y \u201cNeva Neva\u201d, y el proyecto apareci\u00f3 posteriormente entre los nominados a Mejor \u00c1lbum de Reggae en los Premios Grammy 2025.<\/p>\n<p><b>Escuche \u201cEcho\u201d aqu\u00ed.<\/b><\/p>\n","protected":false},"excerpt":{"rendered":"<p>pap\u00e1 yankee y Shenseea han lanzado \u201cEcho\u201d, una nueva colaboraci\u00f3n para el \u00c1lbum oficial de la Copa Mundial de la FIFA 2026. Publicada el 28<\/p>\n","protected":false},"author":1,"featured_media":5842,"comment_status":"closed","ping_status":"","sticky":false,"template":"","format":"standard","meta":{"footnotes":""},"categories":[50],"tags":[147,194,854,4214,4215,154,4213,4212],"class_list":["post-5841","post","type-post","status-publish","format-standard","has-post-thumbnail","hentry","category-el-ultimo","tag-album","tag-comparten","tag-daddy","tag-echo","tag-fifa","tag-para","tag-shenseea","tag-yankee","generate-columns","tablet-grid-50","mobile-grid-100","grid-parent","grid-50"],"yoast_head":"<!-- This site is optimized with the Yoast SEO plugin v23.3 - https:\/\/yoast.com\/wordpress\/plugins\/seo\/ -->\n<title>Daddy Yankee y Shenseea comparten &#039;Echo&#039; para el \u00e1lbum de FIFA<\/title>\n<meta name=\"robots\" content=\"index, follow, max-snippet:-1, max-image-preview:large, max-video-preview:-1\" \/>\n<link rel=\"canonical\" href=\"https:\/\/web.consaguirre.com.ar\/noticias\/daddy-yankee-y-shenseea-comparten-echo-para-el-album-de-fifa\/\" \/>\n<meta property=\"og:locale\" content=\"es_ES\" \/>\n<meta property=\"og:type\" content=\"article\" \/>\n<meta property=\"og:title\" content=\"Daddy Yankee y Shenseea comparten &#039;Echo&#039; para el \u00e1lbum de FIFA\" \/>\n<meta property=\"og:description\" content=\"pap\u00e1 yankee y Shenseea han lanzado \u201cEcho\u201d, una nueva colaboraci\u00f3n para el \u00c1lbum oficial de la Copa Mundial de la FIFA 2026. Publicada el 28\" \/>\n<meta property=\"og:url\" content=\"https:\/\/web.consaguirre.com.ar\/noticias\/daddy-yankee-y-shenseea-comparten-echo-para-el-album-de-fifa\/\" \/>\n<meta property=\"og:site_name\" content=\"Conservatorio de M\u00fasica Juli\u00e1n Aguirre\" \/>\n<meta property=\"article:published_time\" content=\"2026-04-29T17:38:29+00:00\" \/>\n<meta property=\"article:modified_time\" content=\"2026-04-29T17:38:30+00:00\" \/>\n<meta property=\"og:image\" content=\"https:\/\/web.consaguirre.com.ar\/noticias\/wp-content\/uploads\/2026\/04\/Daddy-Yankee-y-Shenseea-comparten-Echo-para-el-album-de.jpg\" \/>\n\t<meta property=\"og:image:width\" content=\"820\" \/>\n\t<meta property=\"og:image:height\" content=\"820\" \/>\n\t<meta property=\"og:image:type\" content=\"image\/jpeg\" \/>\n<meta name=\"author\" content=\"Javier Figueroa\" \/>\n<meta name=\"twitter:card\" content=\"summary_large_image\" \/>\n<meta name=\"twitter:label1\" content=\"Escrito por\" \/>\n\t<meta name=\"twitter:data1\" content=\"Javier Figueroa\" \/>\n\t<meta name=\"twitter:label2\" content=\"Tiempo de lectura\" \/>\n\t<meta name=\"twitter:data2\" content=\"2 minutos\" \/>\n<script type=\"application\/ld+json\" class=\"yoast-schema-graph\">{\"@context\":\"https:\/\/schema.org\",\"@graph\":[{\"@type\":\"Article\",\"@id\":\"https:\/\/web.consaguirre.com.ar\/noticias\/daddy-yankee-y-shenseea-comparten-echo-para-el-album-de-fifa\/#article\",\"isPartOf\":{\"@id\":\"https:\/\/web.consaguirre.com.ar\/noticias\/daddy-yankee-y-shenseea-comparten-echo-para-el-album-de-fifa\/\"},\"author\":{\"name\":\"Javier Figueroa\",\"@id\":\"https:\/\/web.consaguirre.com.ar\/noticias\/#\/schema\/person\/6558b0cfedee7ddc5425602b237d5722\"},\"headline\":\"Daddy Yankee y Shenseea comparten &#8216;Echo&#8217; para el \u00e1lbum de FIFA\",\"datePublished\":\"2026-04-29T17:38:29+00:00\",\"dateModified\":\"2026-04-29T17:38:30+00:00\",\"mainEntityOfPage\":{\"@id\":\"https:\/\/web.consaguirre.com.ar\/noticias\/daddy-yankee-y-shenseea-comparten-echo-para-el-album-de-fifa\/\"},\"wordCount\":352,\"publisher\":{\"@id\":\"https:\/\/web.consaguirre.com.ar\/noticias\/#organization\"},\"image\":{\"@id\":\"https:\/\/web.consaguirre.com.ar\/noticias\/daddy-yankee-y-shenseea-comparten-echo-para-el-album-de-fifa\/#primaryimage\"},\"thumbnailUrl\":\"https:\/\/web.consaguirre.com.ar\/noticias\/wp-content\/uploads\/2026\/04\/Daddy-Yankee-y-Shenseea-comparten-Echo-para-el-album-de.jpg\",\"keywords\":[\"\u00e1lbum\",\"comparten\",\"Daddy\",\"Echo\",\"FIFA\",\"para\",\"Shenseea\",\"Yankee\"],\"articleSection\":[\"El \u00faltimo\"],\"inLanguage\":\"es-AR\"},{\"@type\":\"WebPage\",\"@id\":\"https:\/\/web.consaguirre.com.ar\/noticias\/daddy-yankee-y-shenseea-comparten-echo-para-el-album-de-fifa\/\",\"url\":\"https:\/\/web.consaguirre.com.ar\/noticias\/daddy-yankee-y-shenseea-comparten-echo-para-el-album-de-fifa\/\",\"name\":\"Daddy Yankee y Shenseea comparten 'Echo' para el \u00e1lbum de FIFA\",\"isPartOf\":{\"@id\":\"https:\/\/web.consaguirre.com.ar\/noticias\/#website\"},\"primaryImageOfPage\":{\"@id\":\"https:\/\/web.consaguirre.com.ar\/noticias\/daddy-yankee-y-shenseea-comparten-echo-para-el-album-de-fifa\/#primaryimage\"},\"image\":{\"@id\":\"https:\/\/web.consaguirre.com.ar\/noticias\/daddy-yankee-y-shenseea-comparten-echo-para-el-album-de-fifa\/#primaryimage\"},\"thumbnailUrl\":\"https:\/\/web.consaguirre.com.ar\/noticias\/wp-content\/uploads\/2026\/04\/Daddy-Yankee-y-Shenseea-comparten-Echo-para-el-album-de.jpg\",\"datePublished\":\"2026-04-29T17:38:29+00:00\",\"dateModified\":\"2026-04-29T17:38:30+00:00\",\"breadcrumb\":{\"@id\":\"https:\/\/web.consaguirre.com.ar\/noticias\/daddy-yankee-y-shenseea-comparten-echo-para-el-album-de-fifa\/#breadcrumb\"},\"inLanguage\":\"es-AR\",\"potentialAction\":[{\"@type\":\"ReadAction\",\"target\":[\"https:\/\/web.consaguirre.com.ar\/noticias\/daddy-yankee-y-shenseea-comparten-echo-para-el-album-de-fifa\/\"]}]},{\"@type\":\"ImageObject\",\"inLanguage\":\"es-AR\",\"@id\":\"https:\/\/web.consaguirre.com.ar\/noticias\/daddy-yankee-y-shenseea-comparten-echo-para-el-album-de-fifa\/#primaryimage\",\"url\":\"https:\/\/web.consaguirre.com.ar\/noticias\/wp-content\/uploads\/2026\/04\/Daddy-Yankee-y-Shenseea-comparten-Echo-para-el-album-de.jpg\",\"contentUrl\":\"https:\/\/web.consaguirre.com.ar\/noticias\/wp-content\/uploads\/2026\/04\/Daddy-Yankee-y-Shenseea-comparten-Echo-para-el-album-de.jpg\",\"width\":820,\"height\":820,\"caption\":\"Daddy Yankee Shenseea Echo\"},{\"@type\":\"BreadcrumbList\",\"@id\":\"https:\/\/web.consaguirre.com.ar\/noticias\/daddy-yankee-y-shenseea-comparten-echo-para-el-album-de-fifa\/#breadcrumb\",\"itemListElement\":[{\"@type\":\"ListItem\",\"position\":1,\"name\":\"Inicio\",\"item\":\"https:\/\/web.consaguirre.com.ar\/noticias\/\"},{\"@type\":\"ListItem\",\"position\":2,\"name\":\"Daddy Yankee y Shenseea comparten &#8216;Echo&#8217; para el \u00e1lbum de FIFA\"}]},{\"@type\":\"WebSite\",\"@id\":\"https:\/\/web.consaguirre.com.ar\/noticias\/#website\",\"url\":\"https:\/\/web.consaguirre.com.ar\/noticias\/\",\"name\":\"Conservatorio de M\u00fasica Juli\u00e1n Aguirre\",\"description\":\"\",\"publisher\":{\"@id\":\"https:\/\/web.consaguirre.com.ar\/noticias\/#organization\"},\"potentialAction\":[{\"@type\":\"SearchAction\",\"target\":{\"@type\":\"EntryPoint\",\"urlTemplate\":\"https:\/\/web.consaguirre.com.ar\/noticias\/?s={search_term_string}\"},\"query-input\":\"required name=search_term_string\"}],\"inLanguage\":\"es-AR\"},{\"@type\":\"Organization\",\"@id\":\"https:\/\/web.consaguirre.com.ar\/noticias\/#organization\",\"name\":\"Conservatorio de M\u00fasica Juli\u00e1n Aguirre\",\"url\":\"https:\/\/web.consaguirre.com.ar\/noticias\/\",\"logo\":{\"@type\":\"ImageObject\",\"inLanguage\":\"es-AR\",\"@id\":\"https:\/\/web.consaguirre.com.ar\/noticias\/#\/schema\/logo\/image\/\",\"url\":\"https:\/\/web.consaguirre.com.ar\/noticias\/wp-content\/uploads\/2024\/08\/Banner-Aguirre-23.jpg\",\"contentUrl\":\"https:\/\/web.consaguirre.com.ar\/noticias\/wp-content\/uploads\/2024\/08\/Banner-Aguirre-23.jpg\",\"width\":1192,\"height\":600,\"caption\":\"Conservatorio de M\u00fasica Juli\u00e1n Aguirre\"},\"image\":{\"@id\":\"https:\/\/web.consaguirre.com.ar\/noticias\/#\/schema\/logo\/image\/\"}},{\"@type\":\"Person\",\"@id\":\"https:\/\/web.consaguirre.com.ar\/noticias\/#\/schema\/person\/6558b0cfedee7ddc5425602b237d5722\",\"name\":\"Javier Figueroa\",\"image\":{\"@type\":\"ImageObject\",\"inLanguage\":\"es-AR\",\"@id\":\"https:\/\/web.consaguirre.com.ar\/noticias\/#\/schema\/person\/image\/\",\"url\":\"https:\/\/web.consaguirre.com.ar\/noticias\/wp-content\/uploads\/2024\/08\/Consaguirre-scaled.jpg\",\"contentUrl\":\"https:\/\/web.consaguirre.com.ar\/noticias\/wp-content\/uploads\/2024\/08\/Consaguirre-scaled.jpg\",\"caption\":\"Javier Figueroa\"},\"description\":\"Me llamo Javier Figueroa y soy redactor para el sitio oficial del Conservatorio de M\u00fasica Juli\u00e1n Aguirre en Buenos Aires, consaguirre.com. Apasionado por la m\u00fasica y la escritura, me esfuerzo por destacar los talentos y eventos de nuestra prestigiosa instituci\u00f3n. Mi trayectoria se nutre de una profunda admiraci\u00f3n por los artistas, haciendo de cada art\u00edculo una celebraci\u00f3n de la creatividad y la cultura musical.\",\"sameAs\":[\"https:\/\/web.consaguirre.com.ar\/noticias\"]}]}<\/script>\n<!-- \/ Yoast SEO plugin. -->","yoast_head_json":{"title":"Daddy Yankee y Shenseea comparten 'Echo' para el \u00e1lbum de FIFA","robots":{"index":"index","follow":"follow","max-snippet":"max-snippet:-1","max-image-preview":"max-image-preview:large","max-video-preview":"max-video-preview:-1"},"canonical":"https:\/\/web.consaguirre.com.ar\/noticias\/daddy-yankee-y-shenseea-comparten-echo-para-el-album-de-fifa\/","og_locale":"es_ES","og_type":"article","og_title":"Daddy Yankee y Shenseea comparten 'Echo' para el \u00e1lbum de FIFA","og_description":"pap\u00e1 yankee y Shenseea han lanzado \u201cEcho\u201d, una nueva colaboraci\u00f3n para el \u00c1lbum oficial de la Copa Mundial de la FIFA 2026. Publicada el 28","og_url":"https:\/\/web.consaguirre.com.ar\/noticias\/daddy-yankee-y-shenseea-comparten-echo-para-el-album-de-fifa\/","og_site_name":"Conservatorio de M\u00fasica Juli\u00e1n Aguirre","article_published_time":"2026-04-29T17:38:29+00:00","article_modified_time":"2026-04-29T17:38:30+00:00","og_image":[{"width":820,"height":820,"url":"https:\/\/web.consaguirre.com.ar\/noticias\/wp-content\/uploads\/2026\/04\/Daddy-Yankee-y-Shenseea-comparten-Echo-para-el-album-de.jpg","type":"image\/jpeg"}],"author":"Javier Figueroa","twitter_card":"summary_large_image","twitter_misc":{"Escrito por":"Javier Figueroa","Tiempo de lectura":"2 minutos"},"schema":{"@context":"https:\/\/schema.org","@graph":[{"@type":"Article","@id":"https:\/\/web.consaguirre.com.ar\/noticias\/daddy-yankee-y-shenseea-comparten-echo-para-el-album-de-fifa\/#article","isPartOf":{"@id":"https:\/\/web.consaguirre.com.ar\/noticias\/daddy-yankee-y-shenseea-comparten-echo-para-el-album-de-fifa\/"},"author":{"name":"Javier Figueroa","@id":"https:\/\/web.consaguirre.com.ar\/noticias\/#\/schema\/person\/6558b0cfedee7ddc5425602b237d5722"},"headline":"Daddy Yankee y Shenseea comparten &#8216;Echo&#8217; para el \u00e1lbum de FIFA","datePublished":"2026-04-29T17:38:29+00:00","dateModified":"2026-04-29T17:38:30+00:00","mainEntityOfPage":{"@id":"https:\/\/web.consaguirre.com.ar\/noticias\/daddy-yankee-y-shenseea-comparten-echo-para-el-album-de-fifa\/"},"wordCount":352,"publisher":{"@id":"https:\/\/web.consaguirre.com.ar\/noticias\/#organization"},"image":{"@id":"https:\/\/web.consaguirre.com.ar\/noticias\/daddy-yankee-y-shenseea-comparten-echo-para-el-album-de-fifa\/#primaryimage"},"thumbnailUrl":"https:\/\/web.consaguirre.com.ar\/noticias\/wp-content\/uploads\/2026\/04\/Daddy-Yankee-y-Shenseea-comparten-Echo-para-el-album-de.jpg","keywords":["\u00e1lbum","comparten","Daddy","Echo","FIFA","para","Shenseea","Yankee"],"articleSection":["El \u00faltimo"],"inLanguage":"es-AR"},{"@type":"WebPage","@id":"https:\/\/web.consaguirre.com.ar\/noticias\/daddy-yankee-y-shenseea-comparten-echo-para-el-album-de-fifa\/","url":"https:\/\/web.consaguirre.com.ar\/noticias\/daddy-yankee-y-shenseea-comparten-echo-para-el-album-de-fifa\/","name":"Daddy Yankee y Shenseea comparten 'Echo' para el \u00e1lbum de FIFA","isPartOf":{"@id":"https:\/\/web.consaguirre.com.ar\/noticias\/#website"},"primaryImageOfPage":{"@id":"https:\/\/web.consaguirre.com.ar\/noticias\/daddy-yankee-y-shenseea-comparten-echo-para-el-album-de-fifa\/#primaryimage"},"image":{"@id":"https:\/\/web.consaguirre.com.ar\/noticias\/daddy-yankee-y-shenseea-comparten-echo-para-el-album-de-fifa\/#primaryimage"},"thumbnailUrl":"https:\/\/web.consaguirre.com.ar\/noticias\/wp-content\/uploads\/2026\/04\/Daddy-Yankee-y-Shenseea-comparten-Echo-para-el-album-de.jpg","datePublished":"2026-04-29T17:38:29+00:00","dateModified":"2026-04-29T17:38:30+00:00","breadcrumb":{"@id":"https:\/\/web.consaguirre.com.ar\/noticias\/daddy-yankee-y-shenseea-comparten-echo-para-el-album-de-fifa\/#breadcrumb"},"inLanguage":"es-AR","potentialAction":[{"@type":"ReadAction","target":["https:\/\/web.consaguirre.com.ar\/noticias\/daddy-yankee-y-shenseea-comparten-echo-para-el-album-de-fifa\/"]}]},{"@type":"ImageObject","inLanguage":"es-AR","@id":"https:\/\/web.consaguirre.com.ar\/noticias\/daddy-yankee-y-shenseea-comparten-echo-para-el-album-de-fifa\/#primaryimage","url":"https:\/\/web.consaguirre.com.ar\/noticias\/wp-content\/uploads\/2026\/04\/Daddy-Yankee-y-Shenseea-comparten-Echo-para-el-album-de.jpg","contentUrl":"https:\/\/web.consaguirre.com.ar\/noticias\/wp-content\/uploads\/2026\/04\/Daddy-Yankee-y-Shenseea-comparten-Echo-para-el-album-de.jpg","width":820,"height":820,"caption":"Daddy Yankee Shenseea Echo"},{"@type":"BreadcrumbList","@id":"https:\/\/web.consaguirre.com.ar\/noticias\/daddy-yankee-y-shenseea-comparten-echo-para-el-album-de-fifa\/#breadcrumb","itemListElement":[{"@type":"ListItem","position":1,"name":"Inicio","item":"https:\/\/web.consaguirre.com.ar\/noticias\/"},{"@type":"ListItem","position":2,"name":"Daddy Yankee y Shenseea comparten &#8216;Echo&#8217; para el \u00e1lbum de FIFA"}]},{"@type":"WebSite","@id":"https:\/\/web.consaguirre.com.ar\/noticias\/#website","url":"https:\/\/web.consaguirre.com.ar\/noticias\/","name":"Conservatorio de M\u00fasica Juli\u00e1n Aguirre","description":"","publisher":{"@id":"https:\/\/web.consaguirre.com.ar\/noticias\/#organization"},"potentialAction":[{"@type":"SearchAction","target":{"@type":"EntryPoint","urlTemplate":"https:\/\/web.consaguirre.com.ar\/noticias\/?s={search_term_string}"},"query-input":"required name=search_term_string"}],"inLanguage":"es-AR"},{"@type":"Organization","@id":"https:\/\/web.consaguirre.com.ar\/noticias\/#organization","name":"Conservatorio de M\u00fasica Juli\u00e1n Aguirre","url":"https:\/\/web.consaguirre.com.ar\/noticias\/","logo":{"@type":"ImageObject","inLanguage":"es-AR","@id":"https:\/\/web.consaguirre.com.ar\/noticias\/#\/schema\/logo\/image\/","url":"https:\/\/web.consaguirre.com.ar\/noticias\/wp-content\/uploads\/2024\/08\/Banner-Aguirre-23.jpg","contentUrl":"https:\/\/web.consaguirre.com.ar\/noticias\/wp-content\/uploads\/2024\/08\/Banner-Aguirre-23.jpg","width":1192,"height":600,"caption":"Conservatorio de M\u00fasica Juli\u00e1n Aguirre"},"image":{"@id":"https:\/\/web.consaguirre.com.ar\/noticias\/#\/schema\/logo\/image\/"}},{"@type":"Person","@id":"https:\/\/web.consaguirre.com.ar\/noticias\/#\/schema\/person\/6558b0cfedee7ddc5425602b237d5722","name":"Javier Figueroa","image":{"@type":"ImageObject","inLanguage":"es-AR","@id":"https:\/\/web.consaguirre.com.ar\/noticias\/#\/schema\/person\/image\/","url":"https:\/\/web.consaguirre.com.ar\/noticias\/wp-content\/uploads\/2024\/08\/Consaguirre-scaled.jpg","contentUrl":"https:\/\/web.consaguirre.com.ar\/noticias\/wp-content\/uploads\/2024\/08\/Consaguirre-scaled.jpg","caption":"Javier Figueroa"},"description":"Me llamo Javier Figueroa y soy redactor para el sitio oficial del Conservatorio de M\u00fasica Juli\u00e1n Aguirre en Buenos Aires, consaguirre.com. Apasionado por la m\u00fasica y la escritura, me esfuerzo por destacar los talentos y eventos de nuestra prestigiosa instituci\u00f3n. Mi trayectoria se nutre de una profunda admiraci\u00f3n por los artistas, haciendo de cada art\u00edculo una celebraci\u00f3n de la creatividad y la cultura musical.","sameAs":["https:\/\/web.consaguirre.com.ar\/noticias"]}]}},"_links":{"self":[{"href":"https:\/\/web.consaguirre.com.ar\/noticias\/wp-json\/wp\/v2\/posts\/5841"}],"collection":[{"href":"https:\/\/web.consaguirre.com.ar\/noticias\/wp-json\/wp\/v2\/posts"}],"about":[{"href":"https:\/\/web.consaguirre.com.ar\/noticias\/wp-json\/wp\/v2\/types\/post"}],"author":[{"embeddable":true,"href":"https:\/\/web.consaguirre.com.ar\/noticias\/wp-json\/wp\/v2\/users\/1"}],"replies":[{"embeddable":true,"href":"https:\/\/web.consaguirre.com.ar\/noticias\/wp-json\/wp\/v2\/comments?post=5841"}],"version-history":[{"count":1,"href":"https:\/\/web.consaguirre.com.ar\/noticias\/wp-json\/wp\/v2\/posts\/5841\/revisions"}],"predecessor-version":[{"id":5843,"href":"https:\/\/web.consaguirre.com.ar\/noticias\/wp-json\/wp\/v2\/posts\/5841\/revisions\/5843"}],"wp:featuredmedia":[{"embeddable":true,"href":"https:\/\/web.consaguirre.com.ar\/noticias\/wp-json\/wp\/v2\/media\/5842"}],"wp:attachment":[{"href":"https:\/\/web.consaguirre.com.ar\/noticias\/wp-json\/wp\/v2\/media?parent=5841"}],"wp:term":[{"taxonomy":"category","embeddable":true,"href":"https:\/\/web.consaguirre.com.ar\/noticias\/wp-json\/wp\/v2\/categories?post=5841"},{"taxonomy":"post_tag","embeddable":true,"href":"https:\/\/web.consaguirre.com.ar\/noticias\/wp-json\/wp\/v2\/tags?post=5841"}],"curies":[{"name":"wp","href":"https:\/\/api.w.org\/{rel}","templated":true}]}}