{"id":5836,"date":"2026-04-29T08:39:46","date_gmt":"2026-04-29T11:39:46","guid":{"rendered":"https:\/\/web.consaguirre.com.ar\/noticias\/el-documental-boy-george-culture-club-se-estrenara-en-junio\/"},"modified":"2026-04-29T08:39:48","modified_gmt":"2026-04-29T11:39:48","slug":"el-documental-boy-george-culture-club-se-estrenara-en-junio","status":"publish","type":"post","link":"https:\/\/web.consaguirre.com.ar\/noticias\/el-documental-boy-george-culture-club-se-estrenara-en-junio\/","title":{"rendered":"El documental &#8216;Boy George &#038; Culture Club&#8217; se estrenar\u00e1 en junio"},"content":{"rendered":"<p><em>Boy George y Club Cultural<\/em> viene a un cine cerca de usted. Despu\u00e9s de adquirir los derechos de distribuci\u00f3n en Estados Unidos, Vantage Media ha fijado la fecha de estreno en cines el 9 de junio para el \u00faltimo documental musical de la directora Alison Ellwood, que obtuvo excelentes cr\u00edticas tras su estreno en el Festival de Cine de Tribeca el a\u00f1o pasado.<\/p>\n<p>El documental, que narra el ascenso de Boy George y el impacto global de su banda Culture Club, combina clips de archivo, entrevistas y material detr\u00e1s de escena para brindar lo que se anuncia como una mirada \u201c\u00edntima y sin filtros\u201d a un pionero de la nueva ola e \u00edcono queer. Es el \u00faltimo de una serie de documentales musicales de Ellwood, quien anteriormente dirigi\u00f3 <em>Los Go-Go<\/em>, <em>Ca\u00f1\u00f3n de los laureles<\/em>y <em>Cyndi Lauper: Deja que canario cante<\/em>.<\/p>\n<div align='center'>\n<div class=\"udiscover-store-container\">\n<div id='udiscover-store-one-product'><\/div>\n<\/div>\n<p>\/*<!(CDATA(*\/(function (){var scriptURL='https:\/\/sdks.shopifycdn.com\/buy-button\/latest\/buy-button-storefront.min.js';if(window.ShopifyBuy){if(window.ShopifyBuy.UI){ShopifyBuyInit();}else{loadScript();}}else{loadScript();}funci\u00f3n loadScript(){var script=document.createElement('script');script.async=true;script.src=scriptURL;(document.getElementsByTagName('head')(0)|| document.getElementsByTagName('body')(0)).appendChild(script);script.onload=ShopifyBuyInit;} function ShopifyBuyInit(){var cliente=ShopifyBuy.buildClient({dominio:'udiscover.myshopify.com',storefrontAccessToken: 'bdc89f347d2ce61c1feeb9f8c60b2b98',}); ShopifyBuy.UI.onReady(cliente).luego(funci\u00f3n(ui){ ui.createComponent('producto',{ id:(7327168462925), nodo:document.getElementById('udiscover-store-one-product'), moneyFormat:'%24%7B%7Bamount%7D%7D', opciones:{&quot;producto&quot;:{&quot;marco flotante&quot;:FALSO,&quot;eventos&quot;:{antes deInit:funci\u00f3n(producto){Objeto.defineProperty(producto,&quot;es bot\u00f3n&quot;,{get:function(){return true;}});Object.defineProperty(producto,&quot;opciones&quot;{get:function(){return this.config(this.typeKey);}});var actualOnButtonClick=product.onButtonClick;product.onButtonClick=function(event,target) {event.stopImmediatePropagation();this.options.buttonDestination=&quot;modal&quot;;actualOnButtonClick.call(este,evento,destino);};}},\n&quot;bot\u00f3nDestino&quot;:&quot;modal&quot;,&quot;contenido&quot;:{&quot;opciones&quot;:verdadero},&quot;texto&quot;:{&quot;bot\u00f3n&quot;:&quot;Ordene ahora&quot;,&quot;Agotado&quot;:&quot;Lo sentimos, esto est\u00e1 agotado.&quot;}},&quot;conjunto de productos&quot;:{&quot;marco flotante&quot;:FALSO},&quot;modalProducto&quot;:{&quot;marco flotante&quot;:FALSO,&quot;contenido&quot;:{&quot;imagen&quot;:FALSO,&quot;imgConCarrusel&quot;:verdadero,&quot;bot\u00f3n&quot;:FALSO,&quot;bot\u00f3nConCantidad&quot;:verdadero}},&quot;modal&quot;:{&quot;marco flotante&quot;:FALSO},&quot;opci\u00f3n&quot;:{&quot;marco flotante&quot;:FALSO},&quot;carro&quot;:{&quot;marco flotante&quot;:FALSO},&quot;palanca&quot;:{&quot;marco flotante&quot;:FALSO,&quot;contenido&quot;:{&quot;icono&quot;:FALSO}},&quot;art\u00edculo de l\u00ednea&quot;:{&quot;marco flotante&quot;:FALSO}},}); }); } })(); \/*))>*\/ <\/div>\n<\/p>\n<p>&#8220;Llevar esta pel\u00edcula al p\u00fablico es incre\u00edblemente emocionante para nosotros&#8221;, dijo Kellie Mutch de Vantage Media. &#8220;No es s\u00f3lo una celebraci\u00f3n de un artista y una \u00e9poca ic\u00f3nicos, sino tambi\u00e9n una historia profundamente humana sobre la creatividad, la perseverancia y la influencia cultural. Ellwood ha creado algo verdaderamente especial, a la vez \u00edntimo y expansivo, y estamos orgullosos de ser el hogar de su lanzamiento en Norteam\u00e9rica&#8221;.<\/p>\n<p>Revisando <em>Boy George y Club Cultural<\/em> desde Tribeca el pasado mes de junio, <em>El reportero de Hollywood<\/em>David Rooney, de David Rooney, escribi\u00f3: &#8220;Cualquiera que tenga buenos recuerdos del apogeo de Culture Club probablemente quedar\u00e1 enganchado desde el momento en que la arm\u00f3nica entra en los primeros compases de &#8216;Church of the Poison Mind&#8217;, que sigue siendo uno de los bops m\u00e1s pegadizos de la d\u00e9cada de 1980&#8221;. Continu\u00f3: \u201cEsa canci\u00f3n es un bienvenido recordatorio de que, si bien la banda liderada por Boy George con un estilo iconoclasta podr\u00eda haber surgido de la escena del Nuevo Rom\u00e1ntico, sus influencias musicales iban desde el soul de ojos azules hasta el reggae, Motown, calipso e incluso una pizca de country en &#8216;Karma Chameleon&#8217;\u201d.<\/p>\n<div class=\"uD-YT-container\"><img decoding=\"async\" src=\"https:\/\/web.consaguirre.com.ar\/noticias\/wp-content\/uploads\/2026\/04\/1777462786_404_El-documental-Boy-George-Culture-Club-se-estrenara-en.jpg\" alt=\"V\u00eddeo de YouTube\"><br \/>Haga clic para cargar v\u00eddeo<\/div>\n<p>&#8220;Lo que m\u00e1s me sorprendi\u00f3 fue lo comunicativos que fueron George, Jon (Moss), Mikey (Craig) y Roy (Hay) al contar su historia&#8221;, dijo Ellwood. <em>Piedra rodante<\/em> del proceso creativo de la pel\u00edcula. &#8220;Su poderoso testimonio nos lleva a un viaje muy personal e inmersivo, en el que cada miembro experimenta las pruebas y tribulaciones de la fama y el \u00e9xito. Creo que el p\u00fablico se sorprender\u00e1 por la profundidad y sofisticaci\u00f3n de su cat\u00e1logo, incluso m\u00e1s all\u00e1 de los grandes \u00e9xitos que todos asociamos con la banda&#8221;.<\/p>\n<p><em>Boy George y Club Cultural<\/em> fue producida por Propagate en asociaci\u00f3n con Fine Point Films, Primary Wave Music y Polygram Entertainment, con cr\u00e9ditos de producci\u00f3n para Natalia Nastaskin, Lawrence Mestel, David Blackman, Trevor Birney y Andrew Tully. Los productores ejecutivos de la pel\u00edcula incluyen a Ben Silverman, Howard T. Owens, James Packer, Drew Buckley, Isabel San Vargas, Andrew D Corkin y Eimhear O&#8217;Neill.<\/p>\n<p><b>Explore la m\u00fasica de Culture Club en vinilo aqu\u00ed.<\/b><\/p>\n","protected":false},"excerpt":{"rendered":"<p>Boy George y Club Cultural viene a un cine cerca de usted. Despu\u00e9s de adquirir los derechos de distribuci\u00f3n en Estados Unidos, Vantage Media ha<\/p>\n","protected":false},"author":1,"featured_media":5837,"comment_status":"closed","ping_status":"","sticky":false,"template":"","format":"standard","meta":{"footnotes":""},"categories":[50],"tags":[437,247,361,419,266,1255,4210],"class_list":["post-5836","post","type-post","status-publish","format-standard","has-post-thumbnail","hentry","category-el-ultimo","tag-boy","tag-club","tag-culture","tag-documental","tag-estrenara","tag-george","tag-junio","generate-columns","tablet-grid-50","mobile-grid-100","grid-parent","grid-50"],"yoast_head":"<!-- This site is optimized with the Yoast SEO plugin v23.3 - https:\/\/yoast.com\/wordpress\/plugins\/seo\/ -->\n<title>El documental &#039;Boy George &amp; Culture Club&#039; se estrenar\u00e1 en junio<\/title>\n<meta name=\"robots\" content=\"index, follow, max-snippet:-1, max-image-preview:large, max-video-preview:-1\" \/>\n<link rel=\"canonical\" href=\"https:\/\/web.consaguirre.com.ar\/noticias\/el-documental-boy-george-culture-club-se-estrenara-en-junio\/\" \/>\n<meta property=\"og:locale\" content=\"es_ES\" \/>\n<meta property=\"og:type\" content=\"article\" \/>\n<meta property=\"og:title\" content=\"El documental &#039;Boy George &amp; Culture Club&#039; se estrenar\u00e1 en junio\" \/>\n<meta property=\"og:description\" content=\"Boy George y Club Cultural viene a un cine cerca de usted. Despu\u00e9s de adquirir los derechos de distribuci\u00f3n en Estados Unidos, Vantage Media ha\" \/>\n<meta property=\"og:url\" content=\"https:\/\/web.consaguirre.com.ar\/noticias\/el-documental-boy-george-culture-club-se-estrenara-en-junio\/\" \/>\n<meta property=\"og:site_name\" content=\"Conservatorio de M\u00fasica Juli\u00e1n Aguirre\" \/>\n<meta property=\"article:published_time\" content=\"2026-04-29T11:39:46+00:00\" \/>\n<meta property=\"article:modified_time\" content=\"2026-04-29T11:39:48+00:00\" \/>\n<meta property=\"og:image\" content=\"https:\/\/web.consaguirre.com.ar\/noticias\/wp-content\/uploads\/2026\/04\/El-documental-Boy-George-Culture-Club-se-estrenara-en.jpg\" \/>\n\t<meta property=\"og:image:width\" content=\"1280\" \/>\n\t<meta property=\"og:image:height\" content=\"1280\" \/>\n\t<meta property=\"og:image:type\" content=\"image\/jpeg\" \/>\n<meta name=\"author\" content=\"Javier Figueroa\" \/>\n<meta name=\"twitter:card\" content=\"summary_large_image\" \/>\n<meta name=\"twitter:label1\" content=\"Escrito por\" \/>\n\t<meta name=\"twitter:data1\" content=\"Javier Figueroa\" \/>\n\t<meta name=\"twitter:label2\" content=\"Tiempo de lectura\" \/>\n\t<meta name=\"twitter:data2\" content=\"3 minutos\" \/>\n<script type=\"application\/ld+json\" class=\"yoast-schema-graph\">{\"@context\":\"https:\/\/schema.org\",\"@graph\":[{\"@type\":\"Article\",\"@id\":\"https:\/\/web.consaguirre.com.ar\/noticias\/el-documental-boy-george-culture-club-se-estrenara-en-junio\/#article\",\"isPartOf\":{\"@id\":\"https:\/\/web.consaguirre.com.ar\/noticias\/el-documental-boy-george-culture-club-se-estrenara-en-junio\/\"},\"author\":{\"name\":\"Javier Figueroa\",\"@id\":\"https:\/\/web.consaguirre.com.ar\/noticias\/#\/schema\/person\/6558b0cfedee7ddc5425602b237d5722\"},\"headline\":\"El documental &#8216;Boy George &#038; Culture Club&#8217; se estrenar\u00e1 en junio\",\"datePublished\":\"2026-04-29T11:39:46+00:00\",\"dateModified\":\"2026-04-29T11:39:48+00:00\",\"mainEntityOfPage\":{\"@id\":\"https:\/\/web.consaguirre.com.ar\/noticias\/el-documental-boy-george-culture-club-se-estrenara-en-junio\/\"},\"wordCount\":533,\"publisher\":{\"@id\":\"https:\/\/web.consaguirre.com.ar\/noticias\/#organization\"},\"image\":{\"@id\":\"https:\/\/web.consaguirre.com.ar\/noticias\/el-documental-boy-george-culture-club-se-estrenara-en-junio\/#primaryimage\"},\"thumbnailUrl\":\"https:\/\/web.consaguirre.com.ar\/noticias\/wp-content\/uploads\/2026\/04\/El-documental-Boy-George-Culture-Club-se-estrenara-en.jpg\",\"keywords\":[\"Boy\",\"club\",\"Culture\",\"documental\",\"estrenar\u00e1\",\"George\",\"junio\"],\"articleSection\":[\"El \u00faltimo\"],\"inLanguage\":\"es-AR\"},{\"@type\":\"WebPage\",\"@id\":\"https:\/\/web.consaguirre.com.ar\/noticias\/el-documental-boy-george-culture-club-se-estrenara-en-junio\/\",\"url\":\"https:\/\/web.consaguirre.com.ar\/noticias\/el-documental-boy-george-culture-club-se-estrenara-en-junio\/\",\"name\":\"El documental 'Boy George & Culture Club' se estrenar\u00e1 en junio\",\"isPartOf\":{\"@id\":\"https:\/\/web.consaguirre.com.ar\/noticias\/#website\"},\"primaryImageOfPage\":{\"@id\":\"https:\/\/web.consaguirre.com.ar\/noticias\/el-documental-boy-george-culture-club-se-estrenara-en-junio\/#primaryimage\"},\"image\":{\"@id\":\"https:\/\/web.consaguirre.com.ar\/noticias\/el-documental-boy-george-culture-club-se-estrenara-en-junio\/#primaryimage\"},\"thumbnailUrl\":\"https:\/\/web.consaguirre.com.ar\/noticias\/wp-content\/uploads\/2026\/04\/El-documental-Boy-George-Culture-Club-se-estrenara-en.jpg\",\"datePublished\":\"2026-04-29T11:39:46+00:00\",\"dateModified\":\"2026-04-29T11:39:48+00:00\",\"breadcrumb\":{\"@id\":\"https:\/\/web.consaguirre.com.ar\/noticias\/el-documental-boy-george-culture-club-se-estrenara-en-junio\/#breadcrumb\"},\"inLanguage\":\"es-AR\",\"potentialAction\":[{\"@type\":\"ReadAction\",\"target\":[\"https:\/\/web.consaguirre.com.ar\/noticias\/el-documental-boy-george-culture-club-se-estrenara-en-junio\/\"]}]},{\"@type\":\"ImageObject\",\"inLanguage\":\"es-AR\",\"@id\":\"https:\/\/web.consaguirre.com.ar\/noticias\/el-documental-boy-george-culture-club-se-estrenara-en-junio\/#primaryimage\",\"url\":\"https:\/\/web.consaguirre.com.ar\/noticias\/wp-content\/uploads\/2026\/04\/El-documental-Boy-George-Culture-Club-se-estrenara-en.jpg\",\"contentUrl\":\"https:\/\/web.consaguirre.com.ar\/noticias\/wp-content\/uploads\/2026\/04\/El-documental-Boy-George-Culture-Club-se-estrenara-en.jpg\",\"width\":1280,\"height\":1280,\"caption\":\"Culture Club Kissing to Be Clever\"},{\"@type\":\"BreadcrumbList\",\"@id\":\"https:\/\/web.consaguirre.com.ar\/noticias\/el-documental-boy-george-culture-club-se-estrenara-en-junio\/#breadcrumb\",\"itemListElement\":[{\"@type\":\"ListItem\",\"position\":1,\"name\":\"Inicio\",\"item\":\"https:\/\/web.consaguirre.com.ar\/noticias\/\"},{\"@type\":\"ListItem\",\"position\":2,\"name\":\"El documental &#8216;Boy George &#038; Culture Club&#8217; se estrenar\u00e1 en junio\"}]},{\"@type\":\"WebSite\",\"@id\":\"https:\/\/web.consaguirre.com.ar\/noticias\/#website\",\"url\":\"https:\/\/web.consaguirre.com.ar\/noticias\/\",\"name\":\"Conservatorio de M\u00fasica Juli\u00e1n Aguirre\",\"description\":\"\",\"publisher\":{\"@id\":\"https:\/\/web.consaguirre.com.ar\/noticias\/#organization\"},\"potentialAction\":[{\"@type\":\"SearchAction\",\"target\":{\"@type\":\"EntryPoint\",\"urlTemplate\":\"https:\/\/web.consaguirre.com.ar\/noticias\/?s={search_term_string}\"},\"query-input\":\"required name=search_term_string\"}],\"inLanguage\":\"es-AR\"},{\"@type\":\"Organization\",\"@id\":\"https:\/\/web.consaguirre.com.ar\/noticias\/#organization\",\"name\":\"Conservatorio de M\u00fasica Juli\u00e1n Aguirre\",\"url\":\"https:\/\/web.consaguirre.com.ar\/noticias\/\",\"logo\":{\"@type\":\"ImageObject\",\"inLanguage\":\"es-AR\",\"@id\":\"https:\/\/web.consaguirre.com.ar\/noticias\/#\/schema\/logo\/image\/\",\"url\":\"https:\/\/web.consaguirre.com.ar\/noticias\/wp-content\/uploads\/2024\/08\/Banner-Aguirre-23.jpg\",\"contentUrl\":\"https:\/\/web.consaguirre.com.ar\/noticias\/wp-content\/uploads\/2024\/08\/Banner-Aguirre-23.jpg\",\"width\":1192,\"height\":600,\"caption\":\"Conservatorio de M\u00fasica Juli\u00e1n Aguirre\"},\"image\":{\"@id\":\"https:\/\/web.consaguirre.com.ar\/noticias\/#\/schema\/logo\/image\/\"}},{\"@type\":\"Person\",\"@id\":\"https:\/\/web.consaguirre.com.ar\/noticias\/#\/schema\/person\/6558b0cfedee7ddc5425602b237d5722\",\"name\":\"Javier Figueroa\",\"image\":{\"@type\":\"ImageObject\",\"inLanguage\":\"es-AR\",\"@id\":\"https:\/\/web.consaguirre.com.ar\/noticias\/#\/schema\/person\/image\/\",\"url\":\"https:\/\/web.consaguirre.com.ar\/noticias\/wp-content\/uploads\/2024\/08\/Consaguirre-scaled.jpg\",\"contentUrl\":\"https:\/\/web.consaguirre.com.ar\/noticias\/wp-content\/uploads\/2024\/08\/Consaguirre-scaled.jpg\",\"caption\":\"Javier Figueroa\"},\"description\":\"Me llamo Javier Figueroa y soy redactor para el sitio oficial del Conservatorio de M\u00fasica Juli\u00e1n Aguirre en Buenos Aires, consaguirre.com. Apasionado por la m\u00fasica y la escritura, me esfuerzo por destacar los talentos y eventos de nuestra prestigiosa instituci\u00f3n. Mi trayectoria se nutre de una profunda admiraci\u00f3n por los artistas, haciendo de cada art\u00edculo una celebraci\u00f3n de la creatividad y la cultura musical.\",\"sameAs\":[\"https:\/\/web.consaguirre.com.ar\/noticias\"]}]}<\/script>\n<!-- \/ Yoast SEO plugin. -->","yoast_head_json":{"title":"El documental 'Boy George & Culture Club' se estrenar\u00e1 en junio","robots":{"index":"index","follow":"follow","max-snippet":"max-snippet:-1","max-image-preview":"max-image-preview:large","max-video-preview":"max-video-preview:-1"},"canonical":"https:\/\/web.consaguirre.com.ar\/noticias\/el-documental-boy-george-culture-club-se-estrenara-en-junio\/","og_locale":"es_ES","og_type":"article","og_title":"El documental 'Boy George & Culture Club' se estrenar\u00e1 en junio","og_description":"Boy George y Club Cultural viene a un cine cerca de usted. Despu\u00e9s de adquirir los derechos de distribuci\u00f3n en Estados Unidos, Vantage Media ha","og_url":"https:\/\/web.consaguirre.com.ar\/noticias\/el-documental-boy-george-culture-club-se-estrenara-en-junio\/","og_site_name":"Conservatorio de M\u00fasica Juli\u00e1n Aguirre","article_published_time":"2026-04-29T11:39:46+00:00","article_modified_time":"2026-04-29T11:39:48+00:00","og_image":[{"width":1280,"height":1280,"url":"https:\/\/web.consaguirre.com.ar\/noticias\/wp-content\/uploads\/2026\/04\/El-documental-Boy-George-Culture-Club-se-estrenara-en.jpg","type":"image\/jpeg"}],"author":"Javier Figueroa","twitter_card":"summary_large_image","twitter_misc":{"Escrito por":"Javier Figueroa","Tiempo de lectura":"3 minutos"},"schema":{"@context":"https:\/\/schema.org","@graph":[{"@type":"Article","@id":"https:\/\/web.consaguirre.com.ar\/noticias\/el-documental-boy-george-culture-club-se-estrenara-en-junio\/#article","isPartOf":{"@id":"https:\/\/web.consaguirre.com.ar\/noticias\/el-documental-boy-george-culture-club-se-estrenara-en-junio\/"},"author":{"name":"Javier Figueroa","@id":"https:\/\/web.consaguirre.com.ar\/noticias\/#\/schema\/person\/6558b0cfedee7ddc5425602b237d5722"},"headline":"El documental &#8216;Boy George &#038; Culture Club&#8217; se estrenar\u00e1 en junio","datePublished":"2026-04-29T11:39:46+00:00","dateModified":"2026-04-29T11:39:48+00:00","mainEntityOfPage":{"@id":"https:\/\/web.consaguirre.com.ar\/noticias\/el-documental-boy-george-culture-club-se-estrenara-en-junio\/"},"wordCount":533,"publisher":{"@id":"https:\/\/web.consaguirre.com.ar\/noticias\/#organization"},"image":{"@id":"https:\/\/web.consaguirre.com.ar\/noticias\/el-documental-boy-george-culture-club-se-estrenara-en-junio\/#primaryimage"},"thumbnailUrl":"https:\/\/web.consaguirre.com.ar\/noticias\/wp-content\/uploads\/2026\/04\/El-documental-Boy-George-Culture-Club-se-estrenara-en.jpg","keywords":["Boy","club","Culture","documental","estrenar\u00e1","George","junio"],"articleSection":["El \u00faltimo"],"inLanguage":"es-AR"},{"@type":"WebPage","@id":"https:\/\/web.consaguirre.com.ar\/noticias\/el-documental-boy-george-culture-club-se-estrenara-en-junio\/","url":"https:\/\/web.consaguirre.com.ar\/noticias\/el-documental-boy-george-culture-club-se-estrenara-en-junio\/","name":"El documental 'Boy George & Culture Club' se estrenar\u00e1 en junio","isPartOf":{"@id":"https:\/\/web.consaguirre.com.ar\/noticias\/#website"},"primaryImageOfPage":{"@id":"https:\/\/web.consaguirre.com.ar\/noticias\/el-documental-boy-george-culture-club-se-estrenara-en-junio\/#primaryimage"},"image":{"@id":"https:\/\/web.consaguirre.com.ar\/noticias\/el-documental-boy-george-culture-club-se-estrenara-en-junio\/#primaryimage"},"thumbnailUrl":"https:\/\/web.consaguirre.com.ar\/noticias\/wp-content\/uploads\/2026\/04\/El-documental-Boy-George-Culture-Club-se-estrenara-en.jpg","datePublished":"2026-04-29T11:39:46+00:00","dateModified":"2026-04-29T11:39:48+00:00","breadcrumb":{"@id":"https:\/\/web.consaguirre.com.ar\/noticias\/el-documental-boy-george-culture-club-se-estrenara-en-junio\/#breadcrumb"},"inLanguage":"es-AR","potentialAction":[{"@type":"ReadAction","target":["https:\/\/web.consaguirre.com.ar\/noticias\/el-documental-boy-george-culture-club-se-estrenara-en-junio\/"]}]},{"@type":"ImageObject","inLanguage":"es-AR","@id":"https:\/\/web.consaguirre.com.ar\/noticias\/el-documental-boy-george-culture-club-se-estrenara-en-junio\/#primaryimage","url":"https:\/\/web.consaguirre.com.ar\/noticias\/wp-content\/uploads\/2026\/04\/El-documental-Boy-George-Culture-Club-se-estrenara-en.jpg","contentUrl":"https:\/\/web.consaguirre.com.ar\/noticias\/wp-content\/uploads\/2026\/04\/El-documental-Boy-George-Culture-Club-se-estrenara-en.jpg","width":1280,"height":1280,"caption":"Culture Club Kissing to Be Clever"},{"@type":"BreadcrumbList","@id":"https:\/\/web.consaguirre.com.ar\/noticias\/el-documental-boy-george-culture-club-se-estrenara-en-junio\/#breadcrumb","itemListElement":[{"@type":"ListItem","position":1,"name":"Inicio","item":"https:\/\/web.consaguirre.com.ar\/noticias\/"},{"@type":"ListItem","position":2,"name":"El documental &#8216;Boy George &#038; Culture Club&#8217; se estrenar\u00e1 en junio"}]},{"@type":"WebSite","@id":"https:\/\/web.consaguirre.com.ar\/noticias\/#website","url":"https:\/\/web.consaguirre.com.ar\/noticias\/","name":"Conservatorio de M\u00fasica Juli\u00e1n Aguirre","description":"","publisher":{"@id":"https:\/\/web.consaguirre.com.ar\/noticias\/#organization"},"potentialAction":[{"@type":"SearchAction","target":{"@type":"EntryPoint","urlTemplate":"https:\/\/web.consaguirre.com.ar\/noticias\/?s={search_term_string}"},"query-input":"required name=search_term_string"}],"inLanguage":"es-AR"},{"@type":"Organization","@id":"https:\/\/web.consaguirre.com.ar\/noticias\/#organization","name":"Conservatorio de M\u00fasica Juli\u00e1n Aguirre","url":"https:\/\/web.consaguirre.com.ar\/noticias\/","logo":{"@type":"ImageObject","inLanguage":"es-AR","@id":"https:\/\/web.consaguirre.com.ar\/noticias\/#\/schema\/logo\/image\/","url":"https:\/\/web.consaguirre.com.ar\/noticias\/wp-content\/uploads\/2024\/08\/Banner-Aguirre-23.jpg","contentUrl":"https:\/\/web.consaguirre.com.ar\/noticias\/wp-content\/uploads\/2024\/08\/Banner-Aguirre-23.jpg","width":1192,"height":600,"caption":"Conservatorio de M\u00fasica Juli\u00e1n Aguirre"},"image":{"@id":"https:\/\/web.consaguirre.com.ar\/noticias\/#\/schema\/logo\/image\/"}},{"@type":"Person","@id":"https:\/\/web.consaguirre.com.ar\/noticias\/#\/schema\/person\/6558b0cfedee7ddc5425602b237d5722","name":"Javier Figueroa","image":{"@type":"ImageObject","inLanguage":"es-AR","@id":"https:\/\/web.consaguirre.com.ar\/noticias\/#\/schema\/person\/image\/","url":"https:\/\/web.consaguirre.com.ar\/noticias\/wp-content\/uploads\/2024\/08\/Consaguirre-scaled.jpg","contentUrl":"https:\/\/web.consaguirre.com.ar\/noticias\/wp-content\/uploads\/2024\/08\/Consaguirre-scaled.jpg","caption":"Javier Figueroa"},"description":"Me llamo Javier Figueroa y soy redactor para el sitio oficial del Conservatorio de M\u00fasica Juli\u00e1n Aguirre en Buenos Aires, consaguirre.com. Apasionado por la m\u00fasica y la escritura, me esfuerzo por destacar los talentos y eventos de nuestra prestigiosa instituci\u00f3n. Mi trayectoria se nutre de una profunda admiraci\u00f3n por los artistas, haciendo de cada art\u00edculo una celebraci\u00f3n de la creatividad y la cultura musical.","sameAs":["https:\/\/web.consaguirre.com.ar\/noticias"]}]}},"_links":{"self":[{"href":"https:\/\/web.consaguirre.com.ar\/noticias\/wp-json\/wp\/v2\/posts\/5836"}],"collection":[{"href":"https:\/\/web.consaguirre.com.ar\/noticias\/wp-json\/wp\/v2\/posts"}],"about":[{"href":"https:\/\/web.consaguirre.com.ar\/noticias\/wp-json\/wp\/v2\/types\/post"}],"author":[{"embeddable":true,"href":"https:\/\/web.consaguirre.com.ar\/noticias\/wp-json\/wp\/v2\/users\/1"}],"replies":[{"embeddable":true,"href":"https:\/\/web.consaguirre.com.ar\/noticias\/wp-json\/wp\/v2\/comments?post=5836"}],"version-history":[{"count":1,"href":"https:\/\/web.consaguirre.com.ar\/noticias\/wp-json\/wp\/v2\/posts\/5836\/revisions"}],"predecessor-version":[{"id":5838,"href":"https:\/\/web.consaguirre.com.ar\/noticias\/wp-json\/wp\/v2\/posts\/5836\/revisions\/5838"}],"wp:featuredmedia":[{"embeddable":true,"href":"https:\/\/web.consaguirre.com.ar\/noticias\/wp-json\/wp\/v2\/media\/5837"}],"wp:attachment":[{"href":"https:\/\/web.consaguirre.com.ar\/noticias\/wp-json\/wp\/v2\/media?parent=5836"}],"wp:term":[{"taxonomy":"category","embeddable":true,"href":"https:\/\/web.consaguirre.com.ar\/noticias\/wp-json\/wp\/v2\/categories?post=5836"},{"taxonomy":"post_tag","embeddable":true,"href":"https:\/\/web.consaguirre.com.ar\/noticias\/wp-json\/wp\/v2\/tags?post=5836"}],"curies":[{"name":"wp","href":"https:\/\/api.w.org\/{rel}","templated":true}]}}