{"id":5830,"date":"2026-04-29T02:38:12","date_gmt":"2026-04-29T05:38:12","guid":{"rendered":"https:\/\/web.consaguirre.com.ar\/noticias\/gigi-perez-anuncia-gigi-perez-live-recorrido\/"},"modified":"2026-04-29T02:38:13","modified_gmt":"2026-04-29T05:38:13","slug":"gigi-perez-anuncia-gigi-perez-live-recorrido","status":"publish","type":"post","link":"https:\/\/web.consaguirre.com.ar\/noticias\/gigi-perez-anuncia-gigi-perez-live-recorrido\/","title":{"rendered":"Gigi P\u00e9rez anuncia &#8216;Gigi P\u00e9rez Live!&#8217; Recorrido"},"content":{"rendered":"<p><b>Gigi P\u00e9rez<\/b> ha anunciado su gira principal por Norteam\u00e9rica, Gigi Perez Live!, para este verano. La carrera de nueve fechas comienza el 14 de junio en The Fillmore Miami Beach en el Jackie Gleason Theatre y viene junto con sus fechas previamente anunciadas como apoyo a Noah Kahan, as\u00ed como una presentaci\u00f3n el 4 de julio en el Festival de Estados Unidos de Rolling Stone. La preventa de un artista comienza el 29 de abril a las 10 a. m. hora local, seguida de la preventa local el 30 de abril a las 10 a. m. hora local. La venta general comienza el 1 de mayo a las 10 a. m., hora local.<\/p>\n<div align=\"center\">\n<div class=\"udiscover-store-container\">\n<div id='udiscover-store-three-product'><\/div>\n<\/div>\n<p>\/*<!(CDATA(*\/(function (){var scriptURL='https:\/\/sdks.shopifycdn.com\/buy-button\/latest\/buy-button-storefront.min.js';if(window.ShopifyBuy){if(window.ShopifyBuy.UI){ShopifyBuyInit();}else{loadScript();}}else{loadScript();}funci\u00f3n loadScript(){var script=document.createElement('script');script.async=true;script.src=scriptURL;(document.getElementsByTagName('head')(0)|| document.getElementsByTagName('body')(0)).appendChild(script);script.onload=ShopifyBuyInit;} function ShopifyBuyInit(){var cliente=ShopifyBuy.buildClient({dominio:'udiscover.myshopify.com',storefrontAccessToken: 'bdc89f347d2ce61c1feeb9f8c60b2b98',}); ShopifyBuy.UI.onReady(cliente).luego(funci\u00f3n(ui){ ui.createComponent('productSet',{ id:(7497930670157,7543117709389,7543117742157), nodo:document.getElementById('udiscover-store-tres-producto'), moneyFormat:'%24%7B%7Bamount%7D%7D', opciones:{&quot;producto&quot;:{&quot;marco flotante&quot;:FALSO,&quot;eventos&quot;:{antes deInit:funci\u00f3n(producto){Objeto.defineProperty(producto,&quot;es bot\u00f3n&quot;,{get:function(){return true;}});Object.defineProperty(producto,&quot;opciones&quot;{get:function(){return this.config(this.typeKey);}});var actualOnButtonClick=product.onButtonClick;product.onButtonClick=function(event,target) {event.stopImmediatePropagation();this.options.buttonDestination=&quot;modal&quot;;actualOnButtonClick.call(este,evento,destino);};}},\n&quot;bot\u00f3nDestino&quot;:&quot;modal&quot;,&quot;contenido&quot;:{&quot;opciones&quot;:verdadero},&quot;texto&quot;:{&quot;bot\u00f3n&quot;:&quot;Ordene ahora&quot;,&quot;Agotado&quot;:&quot;Lo sentimos, esto est\u00e1 agotado.&quot;}},&quot;conjunto de productos&quot;:{&quot;marco flotante&quot;:FALSO},&quot;modalProducto&quot;:{&quot;marco flotante&quot;:FALSO,&quot;contenido&quot;:{&quot;imagen&quot;:FALSO,&quot;imgConCarrusel&quot;:verdadero,&quot;bot\u00f3n&quot;:FALSO,&quot;bot\u00f3nConCantidad&quot;:verdadero}},&quot;modal&quot;:{&quot;marco flotante&quot;:FALSO},&quot;opci\u00f3n&quot;:{&quot;marco flotante&quot;:FALSO},&quot;carro&quot;:{&quot;marco flotante&quot;:FALSO},&quot;palanca&quot;:{&quot;marco flotante&quot;:FALSO,&quot;contenido&quot;:{&quot;icono&quot;:FALSO}},&quot;art\u00edculo de l\u00ednea&quot;:{&quot;marco flotante&quot;:FALSO}},}); }); } })(); \/*))>*\/ <\/div>\n<\/p>\n<p>Las fechas principales recientemente anunciadas llevar\u00e1n a P\u00e9rez a trav\u00e9s de Miami Beach, Charleston, Norfolk, Wallingford, Cleveland, Indian\u00e1polis, Las Vegas, Reno y Boise. La gira llega justo despu\u00e9s de su debut en Coachella y contin\u00faa una apretada agenda para 2026 que tambi\u00e9n incluye apariciones en estadios con Kahan en Orlando, Filadelfia, Toronto, Boston, Chicago, Queens, Washington, Atlanta, Arlington, Denver, Pasadena, San Diego, Phoenix, San Francisco, Vancouver y Seattle. La ruta le da a P\u00e9rez una combinaci\u00f3n de espect\u00e1culos principales en teatros y clubes entre fechas de apoyo m\u00e1s importantes, con su parada en Florida posicionada como una actuaci\u00f3n en el estado natal de la cantautora criada en el sur de Florida.<\/p>\n<div class=\"uD-YT-container\"><img decoding=\"async\" src=\"https:\/\/web.consaguirre.com.ar\/noticias\/wp-content\/uploads\/2026\/04\/1777441092_675_Gigi-Perez-anuncia-Gigi-Perez-Live-Recorrido.jpg\" alt=\"V\u00eddeo de YouTube\"><br \/>Haga clic para cargar v\u00eddeo<\/div>\n<p>P\u00e9rez est\u00e1 de gira para promocionar su \u00e1lbum debut, <i>En la playa, en cada vida.<\/i>que lleg\u00f3 en abril del a\u00f1o pasado. El conjunto de 12 pistas sigui\u00f3 al gran \u00e9xito de \u201cSailor Song\u201d, el sencillo que se convirti\u00f3 en su primer n\u00famero uno en la lista oficial de sencillos del Reino Unido. P\u00e9rez tambi\u00e9n ha construido su perfil reciente a trav\u00e9s de apariciones en televisi\u00f3n, incluidas actuaciones en <i>El programa de esta noche protagonizado por Jimmy Fallon<\/i> y <i>\u00a1Jimmy Kimmel en vivo!<\/i>. En 2025, tambi\u00e9n apareci\u00f3 en festivales como ACL, Bonnaroo, Hinterland, Lollapalooza y Summerfest, mientras continuaba con fechas en Hozier. <i>Tour irreal de desenterrar<\/i>. En 2026, P\u00e9rez obtuvo una nominaci\u00f3n al American Music Award en la categor\u00eda de Rock innovador\/Artista alternativo.<\/p>\n<p><b>Escucha Gigi P\u00e9rez <em>En la playa, en cada vida.<\/em> aqu\u00ed.<\/b><\/p>\n","protected":false},"excerpt":{"rendered":"<p>Gigi P\u00e9rez ha anunciado su gira principal por Norteam\u00e9rica, Gigi Perez Live!, para este verano. La carrera de nueve fechas comienza el 14 de junio<\/p>\n","protected":false},"author":1,"featured_media":5831,"comment_status":"closed","ping_status":"","sticky":false,"template":"","format":"standard","meta":{"footnotes":""},"categories":[50],"tags":[56,2530,126,1734,3335],"class_list":["post-5830","post","type-post","status-publish","format-standard","has-post-thumbnail","hentry","category-el-ultimo","tag-anuncia","tag-gigi","tag-live","tag-perez","tag-recorrido","generate-columns","tablet-grid-50","mobile-grid-100","grid-parent","grid-50"],"yoast_head":"<!-- This site is optimized with the Yoast SEO plugin v23.3 - https:\/\/yoast.com\/wordpress\/plugins\/seo\/ -->\n<title>Gigi P\u00e9rez anuncia &#039;Gigi P\u00e9rez Live!&#039; Recorrido<\/title>\n<meta name=\"robots\" content=\"index, follow, max-snippet:-1, max-image-preview:large, max-video-preview:-1\" \/>\n<link rel=\"canonical\" href=\"https:\/\/web.consaguirre.com.ar\/noticias\/gigi-perez-anuncia-gigi-perez-live-recorrido\/\" \/>\n<meta property=\"og:locale\" content=\"es_ES\" \/>\n<meta property=\"og:type\" content=\"article\" \/>\n<meta property=\"og:title\" content=\"Gigi P\u00e9rez anuncia &#039;Gigi P\u00e9rez Live!&#039; Recorrido\" \/>\n<meta property=\"og:description\" content=\"Gigi P\u00e9rez ha anunciado su gira principal por Norteam\u00e9rica, Gigi Perez Live!, para este verano. La carrera de nueve fechas comienza el 14 de junio\" \/>\n<meta property=\"og:url\" content=\"https:\/\/web.consaguirre.com.ar\/noticias\/gigi-perez-anuncia-gigi-perez-live-recorrido\/\" \/>\n<meta property=\"og:site_name\" content=\"Conservatorio de M\u00fasica Juli\u00e1n Aguirre\" \/>\n<meta property=\"article:published_time\" content=\"2026-04-29T05:38:12+00:00\" \/>\n<meta property=\"article:modified_time\" content=\"2026-04-29T05:38:13+00:00\" \/>\n<meta property=\"og:image\" content=\"https:\/\/web.consaguirre.com.ar\/noticias\/wp-content\/uploads\/2026\/04\/Gigi-Perez-anuncia-Gigi-Perez-Live-Recorrido.jpg\" \/>\n\t<meta property=\"og:image:width\" content=\"820\" \/>\n\t<meta property=\"og:image:height\" content=\"820\" \/>\n\t<meta property=\"og:image:type\" content=\"image\/jpeg\" \/>\n<meta name=\"author\" content=\"Javier Figueroa\" \/>\n<meta name=\"twitter:card\" content=\"summary_large_image\" \/>\n<meta name=\"twitter:label1\" content=\"Escrito por\" \/>\n\t<meta name=\"twitter:data1\" content=\"Javier Figueroa\" \/>\n\t<meta name=\"twitter:label2\" content=\"Tiempo de lectura\" \/>\n\t<meta name=\"twitter:data2\" content=\"2 minutos\" \/>\n<script type=\"application\/ld+json\" class=\"yoast-schema-graph\">{\"@context\":\"https:\/\/schema.org\",\"@graph\":[{\"@type\":\"Article\",\"@id\":\"https:\/\/web.consaguirre.com.ar\/noticias\/gigi-perez-anuncia-gigi-perez-live-recorrido\/#article\",\"isPartOf\":{\"@id\":\"https:\/\/web.consaguirre.com.ar\/noticias\/gigi-perez-anuncia-gigi-perez-live-recorrido\/\"},\"author\":{\"name\":\"Javier Figueroa\",\"@id\":\"https:\/\/web.consaguirre.com.ar\/noticias\/#\/schema\/person\/6558b0cfedee7ddc5425602b237d5722\"},\"headline\":\"Gigi P\u00e9rez anuncia &#8216;Gigi P\u00e9rez Live!&#8217; Recorrido\",\"datePublished\":\"2026-04-29T05:38:12+00:00\",\"dateModified\":\"2026-04-29T05:38:13+00:00\",\"mainEntityOfPage\":{\"@id\":\"https:\/\/web.consaguirre.com.ar\/noticias\/gigi-perez-anuncia-gigi-perez-live-recorrido\/\"},\"wordCount\":388,\"publisher\":{\"@id\":\"https:\/\/web.consaguirre.com.ar\/noticias\/#organization\"},\"image\":{\"@id\":\"https:\/\/web.consaguirre.com.ar\/noticias\/gigi-perez-anuncia-gigi-perez-live-recorrido\/#primaryimage\"},\"thumbnailUrl\":\"https:\/\/web.consaguirre.com.ar\/noticias\/wp-content\/uploads\/2026\/04\/Gigi-Perez-anuncia-Gigi-Perez-Live-Recorrido.jpg\",\"keywords\":[\"anuncia\",\"Gigi\",\"Live\",\"P\u00e9rez\",\"RECORRIDO\"],\"articleSection\":[\"El \u00faltimo\"],\"inLanguage\":\"es-AR\"},{\"@type\":\"WebPage\",\"@id\":\"https:\/\/web.consaguirre.com.ar\/noticias\/gigi-perez-anuncia-gigi-perez-live-recorrido\/\",\"url\":\"https:\/\/web.consaguirre.com.ar\/noticias\/gigi-perez-anuncia-gigi-perez-live-recorrido\/\",\"name\":\"Gigi P\u00e9rez anuncia 'Gigi P\u00e9rez Live!' Recorrido\",\"isPartOf\":{\"@id\":\"https:\/\/web.consaguirre.com.ar\/noticias\/#website\"},\"primaryImageOfPage\":{\"@id\":\"https:\/\/web.consaguirre.com.ar\/noticias\/gigi-perez-anuncia-gigi-perez-live-recorrido\/#primaryimage\"},\"image\":{\"@id\":\"https:\/\/web.consaguirre.com.ar\/noticias\/gigi-perez-anuncia-gigi-perez-live-recorrido\/#primaryimage\"},\"thumbnailUrl\":\"https:\/\/web.consaguirre.com.ar\/noticias\/wp-content\/uploads\/2026\/04\/Gigi-Perez-anuncia-Gigi-Perez-Live-Recorrido.jpg\",\"datePublished\":\"2026-04-29T05:38:12+00:00\",\"dateModified\":\"2026-04-29T05:38:13+00:00\",\"breadcrumb\":{\"@id\":\"https:\/\/web.consaguirre.com.ar\/noticias\/gigi-perez-anuncia-gigi-perez-live-recorrido\/#breadcrumb\"},\"inLanguage\":\"es-AR\",\"potentialAction\":[{\"@type\":\"ReadAction\",\"target\":[\"https:\/\/web.consaguirre.com.ar\/noticias\/gigi-perez-anuncia-gigi-perez-live-recorrido\/\"]}]},{\"@type\":\"ImageObject\",\"inLanguage\":\"es-AR\",\"@id\":\"https:\/\/web.consaguirre.com.ar\/noticias\/gigi-perez-anuncia-gigi-perez-live-recorrido\/#primaryimage\",\"url\":\"https:\/\/web.consaguirre.com.ar\/noticias\/wp-content\/uploads\/2026\/04\/Gigi-Perez-anuncia-Gigi-Perez-Live-Recorrido.jpg\",\"contentUrl\":\"https:\/\/web.consaguirre.com.ar\/noticias\/wp-content\/uploads\/2026\/04\/Gigi-Perez-anuncia-Gigi-Perez-Live-Recorrido.jpg\",\"width\":820,\"height\":820,\"caption\":\"At The Beach In Every Life\"},{\"@type\":\"BreadcrumbList\",\"@id\":\"https:\/\/web.consaguirre.com.ar\/noticias\/gigi-perez-anuncia-gigi-perez-live-recorrido\/#breadcrumb\",\"itemListElement\":[{\"@type\":\"ListItem\",\"position\":1,\"name\":\"Inicio\",\"item\":\"https:\/\/web.consaguirre.com.ar\/noticias\/\"},{\"@type\":\"ListItem\",\"position\":2,\"name\":\"Gigi P\u00e9rez anuncia &#8216;Gigi P\u00e9rez Live!&#8217; Recorrido\"}]},{\"@type\":\"WebSite\",\"@id\":\"https:\/\/web.consaguirre.com.ar\/noticias\/#website\",\"url\":\"https:\/\/web.consaguirre.com.ar\/noticias\/\",\"name\":\"Conservatorio de M\u00fasica Juli\u00e1n Aguirre\",\"description\":\"\",\"publisher\":{\"@id\":\"https:\/\/web.consaguirre.com.ar\/noticias\/#organization\"},\"potentialAction\":[{\"@type\":\"SearchAction\",\"target\":{\"@type\":\"EntryPoint\",\"urlTemplate\":\"https:\/\/web.consaguirre.com.ar\/noticias\/?s={search_term_string}\"},\"query-input\":\"required name=search_term_string\"}],\"inLanguage\":\"es-AR\"},{\"@type\":\"Organization\",\"@id\":\"https:\/\/web.consaguirre.com.ar\/noticias\/#organization\",\"name\":\"Conservatorio de M\u00fasica Juli\u00e1n Aguirre\",\"url\":\"https:\/\/web.consaguirre.com.ar\/noticias\/\",\"logo\":{\"@type\":\"ImageObject\",\"inLanguage\":\"es-AR\",\"@id\":\"https:\/\/web.consaguirre.com.ar\/noticias\/#\/schema\/logo\/image\/\",\"url\":\"https:\/\/web.consaguirre.com.ar\/noticias\/wp-content\/uploads\/2024\/08\/Banner-Aguirre-23.jpg\",\"contentUrl\":\"https:\/\/web.consaguirre.com.ar\/noticias\/wp-content\/uploads\/2024\/08\/Banner-Aguirre-23.jpg\",\"width\":1192,\"height\":600,\"caption\":\"Conservatorio de M\u00fasica Juli\u00e1n Aguirre\"},\"image\":{\"@id\":\"https:\/\/web.consaguirre.com.ar\/noticias\/#\/schema\/logo\/image\/\"}},{\"@type\":\"Person\",\"@id\":\"https:\/\/web.consaguirre.com.ar\/noticias\/#\/schema\/person\/6558b0cfedee7ddc5425602b237d5722\",\"name\":\"Javier Figueroa\",\"image\":{\"@type\":\"ImageObject\",\"inLanguage\":\"es-AR\",\"@id\":\"https:\/\/web.consaguirre.com.ar\/noticias\/#\/schema\/person\/image\/\",\"url\":\"https:\/\/web.consaguirre.com.ar\/noticias\/wp-content\/uploads\/2024\/08\/Consaguirre-scaled.jpg\",\"contentUrl\":\"https:\/\/web.consaguirre.com.ar\/noticias\/wp-content\/uploads\/2024\/08\/Consaguirre-scaled.jpg\",\"caption\":\"Javier Figueroa\"},\"description\":\"Me llamo Javier Figueroa y soy redactor para el sitio oficial del Conservatorio de M\u00fasica Juli\u00e1n Aguirre en Buenos Aires, consaguirre.com. Apasionado por la m\u00fasica y la escritura, me esfuerzo por destacar los talentos y eventos de nuestra prestigiosa instituci\u00f3n. Mi trayectoria se nutre de una profunda admiraci\u00f3n por los artistas, haciendo de cada art\u00edculo una celebraci\u00f3n de la creatividad y la cultura musical.\",\"sameAs\":[\"https:\/\/web.consaguirre.com.ar\/noticias\"]}]}<\/script>\n<!-- \/ Yoast SEO plugin. -->","yoast_head_json":{"title":"Gigi P\u00e9rez anuncia 'Gigi P\u00e9rez Live!' Recorrido","robots":{"index":"index","follow":"follow","max-snippet":"max-snippet:-1","max-image-preview":"max-image-preview:large","max-video-preview":"max-video-preview:-1"},"canonical":"https:\/\/web.consaguirre.com.ar\/noticias\/gigi-perez-anuncia-gigi-perez-live-recorrido\/","og_locale":"es_ES","og_type":"article","og_title":"Gigi P\u00e9rez anuncia 'Gigi P\u00e9rez Live!' Recorrido","og_description":"Gigi P\u00e9rez ha anunciado su gira principal por Norteam\u00e9rica, Gigi Perez Live!, para este verano. La carrera de nueve fechas comienza el 14 de junio","og_url":"https:\/\/web.consaguirre.com.ar\/noticias\/gigi-perez-anuncia-gigi-perez-live-recorrido\/","og_site_name":"Conservatorio de M\u00fasica Juli\u00e1n Aguirre","article_published_time":"2026-04-29T05:38:12+00:00","article_modified_time":"2026-04-29T05:38:13+00:00","og_image":[{"width":820,"height":820,"url":"https:\/\/web.consaguirre.com.ar\/noticias\/wp-content\/uploads\/2026\/04\/Gigi-Perez-anuncia-Gigi-Perez-Live-Recorrido.jpg","type":"image\/jpeg"}],"author":"Javier Figueroa","twitter_card":"summary_large_image","twitter_misc":{"Escrito por":"Javier Figueroa","Tiempo de lectura":"2 minutos"},"schema":{"@context":"https:\/\/schema.org","@graph":[{"@type":"Article","@id":"https:\/\/web.consaguirre.com.ar\/noticias\/gigi-perez-anuncia-gigi-perez-live-recorrido\/#article","isPartOf":{"@id":"https:\/\/web.consaguirre.com.ar\/noticias\/gigi-perez-anuncia-gigi-perez-live-recorrido\/"},"author":{"name":"Javier Figueroa","@id":"https:\/\/web.consaguirre.com.ar\/noticias\/#\/schema\/person\/6558b0cfedee7ddc5425602b237d5722"},"headline":"Gigi P\u00e9rez anuncia &#8216;Gigi P\u00e9rez Live!&#8217; Recorrido","datePublished":"2026-04-29T05:38:12+00:00","dateModified":"2026-04-29T05:38:13+00:00","mainEntityOfPage":{"@id":"https:\/\/web.consaguirre.com.ar\/noticias\/gigi-perez-anuncia-gigi-perez-live-recorrido\/"},"wordCount":388,"publisher":{"@id":"https:\/\/web.consaguirre.com.ar\/noticias\/#organization"},"image":{"@id":"https:\/\/web.consaguirre.com.ar\/noticias\/gigi-perez-anuncia-gigi-perez-live-recorrido\/#primaryimage"},"thumbnailUrl":"https:\/\/web.consaguirre.com.ar\/noticias\/wp-content\/uploads\/2026\/04\/Gigi-Perez-anuncia-Gigi-Perez-Live-Recorrido.jpg","keywords":["anuncia","Gigi","Live","P\u00e9rez","RECORRIDO"],"articleSection":["El \u00faltimo"],"inLanguage":"es-AR"},{"@type":"WebPage","@id":"https:\/\/web.consaguirre.com.ar\/noticias\/gigi-perez-anuncia-gigi-perez-live-recorrido\/","url":"https:\/\/web.consaguirre.com.ar\/noticias\/gigi-perez-anuncia-gigi-perez-live-recorrido\/","name":"Gigi P\u00e9rez anuncia 'Gigi P\u00e9rez Live!' Recorrido","isPartOf":{"@id":"https:\/\/web.consaguirre.com.ar\/noticias\/#website"},"primaryImageOfPage":{"@id":"https:\/\/web.consaguirre.com.ar\/noticias\/gigi-perez-anuncia-gigi-perez-live-recorrido\/#primaryimage"},"image":{"@id":"https:\/\/web.consaguirre.com.ar\/noticias\/gigi-perez-anuncia-gigi-perez-live-recorrido\/#primaryimage"},"thumbnailUrl":"https:\/\/web.consaguirre.com.ar\/noticias\/wp-content\/uploads\/2026\/04\/Gigi-Perez-anuncia-Gigi-Perez-Live-Recorrido.jpg","datePublished":"2026-04-29T05:38:12+00:00","dateModified":"2026-04-29T05:38:13+00:00","breadcrumb":{"@id":"https:\/\/web.consaguirre.com.ar\/noticias\/gigi-perez-anuncia-gigi-perez-live-recorrido\/#breadcrumb"},"inLanguage":"es-AR","potentialAction":[{"@type":"ReadAction","target":["https:\/\/web.consaguirre.com.ar\/noticias\/gigi-perez-anuncia-gigi-perez-live-recorrido\/"]}]},{"@type":"ImageObject","inLanguage":"es-AR","@id":"https:\/\/web.consaguirre.com.ar\/noticias\/gigi-perez-anuncia-gigi-perez-live-recorrido\/#primaryimage","url":"https:\/\/web.consaguirre.com.ar\/noticias\/wp-content\/uploads\/2026\/04\/Gigi-Perez-anuncia-Gigi-Perez-Live-Recorrido.jpg","contentUrl":"https:\/\/web.consaguirre.com.ar\/noticias\/wp-content\/uploads\/2026\/04\/Gigi-Perez-anuncia-Gigi-Perez-Live-Recorrido.jpg","width":820,"height":820,"caption":"At The Beach In Every Life"},{"@type":"BreadcrumbList","@id":"https:\/\/web.consaguirre.com.ar\/noticias\/gigi-perez-anuncia-gigi-perez-live-recorrido\/#breadcrumb","itemListElement":[{"@type":"ListItem","position":1,"name":"Inicio","item":"https:\/\/web.consaguirre.com.ar\/noticias\/"},{"@type":"ListItem","position":2,"name":"Gigi P\u00e9rez anuncia &#8216;Gigi P\u00e9rez Live!&#8217; Recorrido"}]},{"@type":"WebSite","@id":"https:\/\/web.consaguirre.com.ar\/noticias\/#website","url":"https:\/\/web.consaguirre.com.ar\/noticias\/","name":"Conservatorio de M\u00fasica Juli\u00e1n Aguirre","description":"","publisher":{"@id":"https:\/\/web.consaguirre.com.ar\/noticias\/#organization"},"potentialAction":[{"@type":"SearchAction","target":{"@type":"EntryPoint","urlTemplate":"https:\/\/web.consaguirre.com.ar\/noticias\/?s={search_term_string}"},"query-input":"required name=search_term_string"}],"inLanguage":"es-AR"},{"@type":"Organization","@id":"https:\/\/web.consaguirre.com.ar\/noticias\/#organization","name":"Conservatorio de M\u00fasica Juli\u00e1n Aguirre","url":"https:\/\/web.consaguirre.com.ar\/noticias\/","logo":{"@type":"ImageObject","inLanguage":"es-AR","@id":"https:\/\/web.consaguirre.com.ar\/noticias\/#\/schema\/logo\/image\/","url":"https:\/\/web.consaguirre.com.ar\/noticias\/wp-content\/uploads\/2024\/08\/Banner-Aguirre-23.jpg","contentUrl":"https:\/\/web.consaguirre.com.ar\/noticias\/wp-content\/uploads\/2024\/08\/Banner-Aguirre-23.jpg","width":1192,"height":600,"caption":"Conservatorio de M\u00fasica Juli\u00e1n Aguirre"},"image":{"@id":"https:\/\/web.consaguirre.com.ar\/noticias\/#\/schema\/logo\/image\/"}},{"@type":"Person","@id":"https:\/\/web.consaguirre.com.ar\/noticias\/#\/schema\/person\/6558b0cfedee7ddc5425602b237d5722","name":"Javier Figueroa","image":{"@type":"ImageObject","inLanguage":"es-AR","@id":"https:\/\/web.consaguirre.com.ar\/noticias\/#\/schema\/person\/image\/","url":"https:\/\/web.consaguirre.com.ar\/noticias\/wp-content\/uploads\/2024\/08\/Consaguirre-scaled.jpg","contentUrl":"https:\/\/web.consaguirre.com.ar\/noticias\/wp-content\/uploads\/2024\/08\/Consaguirre-scaled.jpg","caption":"Javier Figueroa"},"description":"Me llamo Javier Figueroa y soy redactor para el sitio oficial del Conservatorio de M\u00fasica Juli\u00e1n Aguirre en Buenos Aires, consaguirre.com. Apasionado por la m\u00fasica y la escritura, me esfuerzo por destacar los talentos y eventos de nuestra prestigiosa instituci\u00f3n. Mi trayectoria se nutre de una profunda admiraci\u00f3n por los artistas, haciendo de cada art\u00edculo una celebraci\u00f3n de la creatividad y la cultura musical.","sameAs":["https:\/\/web.consaguirre.com.ar\/noticias"]}]}},"_links":{"self":[{"href":"https:\/\/web.consaguirre.com.ar\/noticias\/wp-json\/wp\/v2\/posts\/5830"}],"collection":[{"href":"https:\/\/web.consaguirre.com.ar\/noticias\/wp-json\/wp\/v2\/posts"}],"about":[{"href":"https:\/\/web.consaguirre.com.ar\/noticias\/wp-json\/wp\/v2\/types\/post"}],"author":[{"embeddable":true,"href":"https:\/\/web.consaguirre.com.ar\/noticias\/wp-json\/wp\/v2\/users\/1"}],"replies":[{"embeddable":true,"href":"https:\/\/web.consaguirre.com.ar\/noticias\/wp-json\/wp\/v2\/comments?post=5830"}],"version-history":[{"count":1,"href":"https:\/\/web.consaguirre.com.ar\/noticias\/wp-json\/wp\/v2\/posts\/5830\/revisions"}],"predecessor-version":[{"id":5832,"href":"https:\/\/web.consaguirre.com.ar\/noticias\/wp-json\/wp\/v2\/posts\/5830\/revisions\/5832"}],"wp:featuredmedia":[{"embeddable":true,"href":"https:\/\/web.consaguirre.com.ar\/noticias\/wp-json\/wp\/v2\/media\/5831"}],"wp:attachment":[{"href":"https:\/\/web.consaguirre.com.ar\/noticias\/wp-json\/wp\/v2\/media?parent=5830"}],"wp:term":[{"taxonomy":"category","embeddable":true,"href":"https:\/\/web.consaguirre.com.ar\/noticias\/wp-json\/wp\/v2\/categories?post=5830"},{"taxonomy":"post_tag","embeddable":true,"href":"https:\/\/web.consaguirre.com.ar\/noticias\/wp-json\/wp\/v2\/tags?post=5830"}],"curies":[{"name":"wp","href":"https:\/\/api.w.org\/{rel}","templated":true}]}}